{"id":875,"date":"2023-11-01T13:26:57","date_gmt":"2023-11-01T16:26:57","guid":{"rendered":"https:\/\/www.empresaqui.com.br\/blog\/?p=875"},"modified":"2024-01-11T14:00:09","modified_gmt":"2024-01-11T17:00:09","slug":"ciclo-de-vendas","status":"publish","type":"post","link":"https:\/\/www.empresaqui.com.br\/blog\/ciclo-de-vendas\/","title":{"rendered":"Veja como analisar seu Ciclo de Vendas pode aumentar o faturamento!"},"content":{"rendered":"\n<p>J\u00e1 notou que \u00e0s vezes voc\u00ea investe numa campanha de marketing ou faz alguma a\u00e7\u00e3o pontual mas o resultado n\u00e3o vem de imediato? E ent\u00e3o, curiosamente, aparentemente do nada, tem um dia bom de vendas e depois tudo volta ao normal?<\/p>\n\n\n\n<p>Isso pode ser um sintoma da falta de an\u00e1lise do seu Ciclo de Vendas. Veja nesse artigo porque vale a pena entender sua import\u00e2ncia e como voc\u00ea pode aplicar na sua estrat\u00e9gia.<\/p>\n\n\n\n<div id=\"ez-toc-container\" class=\"ez-toc-v2_0_81 ez-toc-wrap-left counter-hierarchy ez-toc-counter ez-toc-custom ez-toc-container-direction\">\n<div class=\"ez-toc-title-container\">\n<p class=\"ez-toc-title\" style=\"cursor:inherit\">Neste artigo voc\u00ea vai ver:<\/p>\n<span class=\"ez-toc-title-toggle\"><a href=\"#\" class=\"ez-toc-pull-right ez-toc-btn ez-toc-btn-xs ez-toc-btn-default ez-toc-toggle\" aria-label=\"Alternar tabela de conte\u00fado\"><span class=\"ez-toc-js-icon-con\"><span class=\"\"><span class=\"eztoc-hide\" style=\"display:none;\">Toggle<\/span><span class=\"ez-toc-icon-toggle-span\"><svg style=\"fill: #0066bf;color:#0066bf\" xmlns=\"http:\/\/www.w3.org\/2000\/svg\" class=\"list-377408\" width=\"20px\" height=\"20px\" viewBox=\"0 0 24 24\" fill=\"none\"><path d=\"M6 6H4v2h2V6zm14 0H8v2h12V6zM4 11h2v2H4v-2zm16 0H8v2h12v-2zM4 16h2v2H4v-2zm16 0H8v2h12v-2z\" fill=\"currentColor\"><\/path><\/svg><svg style=\"fill: #0066bf;color:#0066bf\" class=\"arrow-unsorted-368013\" xmlns=\"http:\/\/www.w3.org\/2000\/svg\" width=\"10px\" height=\"10px\" viewBox=\"0 0 24 24\" version=\"1.2\" baseProfile=\"tiny\"><path d=\"M18.2 9.3l-6.2-6.3-6.2 6.3c-.2.2-.3.4-.3.7s.1.5.3.7c.2.2.4.3.7.3h11c.3 0 .5-.1.7-.3.2-.2.3-.5.3-.7s-.1-.5-.3-.7zM5.8 14.7l6.2 6.3 6.2-6.3c.2-.2.3-.5.3-.7s-.1-.5-.3-.7c-.2-.2-.4-.3-.7-.3h-11c-.3 0-.5.1-.7.3-.2.2-.3.5-.3.7s.1.5.3.7z\"\/><\/svg><\/span><\/span><\/span><\/a><\/span><\/div>\n<nav><ul class='ez-toc-list ez-toc-list-level-1 ' ><li class='ez-toc-page-1 ez-toc-heading-level-2'><a class=\"ez-toc-link ez-toc-heading-1\" href=\"https:\/\/www.empresaqui.com.br\/blog\/ciclo-de-vendas\/#O_que_e_Ciclo_de_Vendas\" >O que \u00e9 Ciclo de Vendas?<\/a><\/li><li class='ez-toc-page-1 ez-toc-heading-level-2'><a class=\"ez-toc-link ez-toc-heading-2\" href=\"https:\/\/www.empresaqui.com.br\/blog\/ciclo-de-vendas\/#Importancia_do_Ciclo_de_Vendas\" >Import\u00e2ncia do Ciclo de Vendas<\/a><\/li><li class='ez-toc-page-1 ez-toc-heading-level-2'><a class=\"ez-toc-link ez-toc-heading-3\" href=\"https:\/\/www.empresaqui.com.br\/blog\/ciclo-de-vendas\/#Como_calcular_o_Ciclo_de_Vendas\" >Como calcular o Ciclo de Vendas?<\/a><\/li><li class='ez-toc-page-1 ez-toc-heading-level-2'><a class=\"ez-toc-link ez-toc-heading-4\" href=\"https:\/\/www.empresaqui.com.br\/blog\/ciclo-de-vendas\/#Etapas_do_Ciclo_de_Vendas\" >Etapas do Ciclo de Vendas<\/a><\/li><li class='ez-toc-page-1 ez-toc-heading-level-2'><a class=\"ez-toc-link ez-toc-heading-5\" href=\"https:\/\/www.empresaqui.com.br\/blog\/ciclo-de-vendas\/#Elaboracao_do_Ciclo_de_Vendas\" >Elabora\u00e7\u00e3o do Ciclo de Vendas<\/a><\/li><li class='ez-toc-page-1 ez-toc-heading-level-2'><a class=\"ez-toc-link ez-toc-heading-6\" href=\"https:\/\/www.empresaqui.com.br\/blog\/ciclo-de-vendas\/#Gere_listas_de_empresas_personalizadas\" >Gere listas de empresas personalizadas!<\/a><\/li><\/ul><\/nav><\/div>\n<h2 class=\"wp-block-heading\"><span class=\"ez-toc-section\" id=\"O_que_e_Ciclo_de_Vendas\"><\/span><strong>O que \u00e9 Ciclo de Vendas?<\/strong><span class=\"ez-toc-section-end\"><\/span><\/h2>\n\n\n\n<p>O Ciclo de Vendas \u00e9 o processo que uma empresa segue <strong>desde o primeiro contato com o cliente at\u00e9 o fechamento da venda<\/strong>.<\/p>\n\n\n\n<p>Esse ciclo varia de neg\u00f3cio para neg\u00f3cio, mas geralmente envolve a <a href=\"https:\/\/www.empresaqui.com.br\/blog\/prospeccao-de-clientes\/\"><strong>prospec\u00e7\u00e3o de clientes<\/strong><\/a>, o estabelecimento de contatos iniciais, a qualifica\u00e7\u00e3o dos leads, a apresenta\u00e7\u00e3o de ofertas, o acompanhamento (<strong><a href=\"https:\/\/www.empresaqui.com.br\/blog\/modelo-de-follow-up\/\">follow-up<\/a><\/strong>), a negocia\u00e7\u00e3o, o fechamento da venda e o p\u00f3s-venda.\u00a0<\/p>\n\n\n\n<p>Compreender e gerenciar o Ciclo de Vendas \u00e9 fundamental para as empresas, pois ajuda a otimizar os processos de vendas, identificar oportunidades de melhoria e aumentar a efici\u00eancia na convers\u00e3o de leads em clientes.<\/p>\n\n\n\n<h2 class=\"wp-block-heading\"><span class=\"ez-toc-section\" id=\"Importancia_do_Ciclo_de_Vendas\"><\/span><strong>Import\u00e2ncia do Ciclo de Vendas<\/strong><span class=\"ez-toc-section-end\"><\/span><\/h2>\n\n\n\n<p>O Ciclo de Vendas permite identificar gargalos, otimizar recursos e melhorar a previs\u00e3o de vendas, resultando em maior efici\u00eancia e lucratividade. Vamos explorar abaixo as principais vantagens.<\/p>\n\n\n\n<h3 class=\"wp-block-heading\"><strong>Melhor Previsibilidade<\/strong><\/h3>\n\n\n\n<p>O Ciclo de Vendas permite \u00e0s empresas prever com mais precis\u00e3o quando as vendas ser\u00e3o conclu\u00eddas, o que \u00e9 fundamental para a gest\u00e3o financeira, fluxo de caixa e <strong>planejamento estrat\u00e9gico<\/strong>.<\/p>\n\n\n\n<h3 class=\"wp-block-heading\"><strong>Otimiza\u00e7\u00e3o de Recursos<\/strong><\/h3>\n\n\n\n<p>Compreender o Ciclo de Vendas ajuda a alocar recursos de forma mais eficaz. Pode indicar onde \u00e9 necess\u00e1rio investir mais esfor\u00e7o ou recursos que se pode economizar.<\/p>\n\n\n\n<h3 class=\"wp-block-heading\"><strong>Foco no Cliente<\/strong><\/h3>\n\n\n\n<p>Ele coloca o cliente no centro do processo, garantindo que suas necessidades sejam atendidas em cada etapa, o que leva a uma experi\u00eancia mais marcante.<\/p>\n\n\n\n<h3 class=\"wp-block-heading\"><strong>Aumento de Convers\u00e3o<\/strong><\/h3>\n\n\n\n<p>Ao compreender as etapas do Ciclo de Vendas, a empresa pode aprimorar suas estrat\u00e9gias de venda para aumentar as taxas de convers\u00e3o de leads em clientes e tamb\u00e9m fechamentos de fundo de funil.<\/p>\n\n\n\n<h2 class=\"wp-block-heading\"><span class=\"ez-toc-section\" id=\"Como_calcular_o_Ciclo_de_Vendas\"><\/span><strong>Como calcular o Ciclo de Vendas?<\/strong><span class=\"ez-toc-section-end\"><\/span><\/h2>\n\n\n\n<p>Para calcular o Ciclo de Vendas basta saber o tempo m\u00e9dio que um cliente em potencial leva desde o primeiro contato com a empresa at\u00e9 o fechamento da venda. Veja como determinar esse tempo:<\/p>\n\n\n\n<ol class=\"wp-block-list\">\n<li><strong>Registre datas-chave<\/strong><\/li>\n<\/ol>\n\n\n\n<p>Comece registrando as datas de in\u00edcio e conclus\u00e3o de cada venda. Isso cria uma linha do tempo para o ciclo de vendas.<\/p>\n\n\n\n<ol class=\"wp-block-list\" start=\"2\">\n<li><strong>Calcule a m\u00e9dia<\/strong><\/li>\n<\/ol>\n\n\n\n<p>Some o tempo gasto em todos os ciclos de vendas e divida pelo n\u00famero de vendas. Isso fornecer\u00e1 a m\u00e9dia do ciclo de vendas.<\/p>\n\n\n\n<ol class=\"wp-block-list\" start=\"3\">\n<li><strong>An\u00e1lise cont\u00ednua<\/strong><\/li>\n<\/ol>\n\n\n\n<p>Acompanhe e atualize regularmente as datas \u00e0 medida que mais vendas s\u00e3o conclu\u00eddas para manter o c\u00e1lculo preciso. Voc\u00ea pode calcular o tempo total do ciclo e tamb\u00e9m por etapas, para entender os gargalos.<\/p>\n\n\n\n<h2 class=\"wp-block-heading\"><span class=\"ez-toc-section\" id=\"Etapas_do_Ciclo_de_Vendas\"><\/span><strong>Etapas do Ciclo de Vendas<\/strong><span class=\"ez-toc-section-end\"><\/span><\/h2>\n\n\n\n<p>O Ciclo de Vendas \u00e9 composto por oito etapas fundamentais que guiam o cliente ao longo de sua jornada, sendo que cada etapa desempenha um papel essencial no processo de vendas, vamos nos aprofundar.<\/p>\n\n\n\n<h3 class=\"wp-block-heading\"><strong>1. Prospec\u00e7\u00e3o<\/strong><\/h3>\n\n\n\n<p>A <strong><a href=\"https:\/\/www.empresaqui.com.br\/blog\/prospeccao-ativa\/\">prospec\u00e7\u00e3o<\/a><\/strong> \u00e9 o ponto de partida, onde a <a href=\"https:\/\/www.empresaqui.com.br\/blog\/equipe-de-vendas\/\"><strong>equipe de vendas<\/strong><\/a> identifica potenciais clientes e oportunidades de venda. Isso envolve a pesquisa, gera\u00e7\u00e3o de leads e a cria\u00e7\u00e3o de um banco de dados com informa\u00e7\u00f5es valiosas.<\/p>\n\n\n\n<h3 class=\"wp-block-heading\"><strong>2. Contato Inicial<\/strong><\/h3>\n\n\n\n<p>Nesta fase, \u00e9 estabelecido o primeiro contato com o cliente. Esse \u00e9 um momento crucial para criar uma boa primeira impress\u00e3o e uma oportunidade para iniciar o desenvolvimento de um relacionamento duradouro.<\/p>\n\n\n\n<h3 class=\"wp-block-heading\"><strong>3. Qualifica\u00e7\u00e3o<\/strong><\/h3>\n\n\n\n<p>A qualifica\u00e7\u00e3o permite ao time de vendas determinar se o cliente atende aos crit\u00e9rios necess\u00e1rios para continuar no processo de vendas. Isso ajuda a concentrar os esfor\u00e7os em leads que t\u00eam maior probabilidade de convers\u00e3o.<\/p>\n\n\n\n<h3 class=\"wp-block-heading\"><strong>4. Oferta<\/strong><\/h3>\n\n\n\n<p>Na etapa da oferta, a equipe de vendas apresenta solu\u00e7\u00f5es personalizadas que atendem \u00e0s necessidades e desejos espec\u00edficos do cliente. A comunica\u00e7\u00e3o eficaz nessa etapa \u00e9 essencial para destacar o valor do produto ou servi\u00e7o.<\/p>\n\n\n\n<h3 class=\"wp-block-heading\"><strong>5. Follow-up<\/strong><\/h3>\n\n\n\n<p>O acompanhamento constante \u00e9 necess\u00e1rio para nutrir o relacionamento e manter o cliente envolvido. Ele ajuda a construir confian\u00e7a, esclarecer d\u00favidas e superar obje\u00e7\u00f5es, demonstrando o compromisso da empresa em atender suas necessidades.<\/p>\n\n\n\n<h3 class=\"wp-block-heading\"><strong>6. Negocia\u00e7\u00e3o<\/strong><\/h3>\n\n\n\n<p>A negocia\u00e7\u00e3o envolve a discuss\u00e3o de termos, condi\u00e7\u00f5es e pre\u00e7os. Nessa fase, assim como em <strong><a href=\"https:\/\/www.empresaqui.com.br\/blog\/cold-call\/\">cold call<\/a><\/strong>, \u00e9 importante encontrar um equil\u00edbrio que seja satisfat\u00f3rio para ambas as partes, tenha facilidade no pagamento para adaptar a sua realidade financeira.<\/p>\n\n\n\n<h3 class=\"wp-block-heading\"><strong>7. Fechamento<\/strong><\/h3>\n\n\n\n<p>Na etapa de fechamento, o acordo \u00e9 finalizado, e o lead se torna oficialmente um cliente da empresa. \u00c9 o ponto alto do processo de vendas, onde todas as partes envolvidas concordam com os termos e ficam felizes.<\/p>\n\n\n\n<h3 class=\"wp-block-heading\"><strong>8. P\u00f3s-venda<\/strong><\/h3>\n\n\n\n<p>O p\u00f3s-venda \u00e9 muito importante para manter relacionamentos duradouros com os clientes. Garante que o <a href=\"https:\/\/www.empresaqui.com.br\/blog\/qual-o-nivel-de-satisfacao-do-seu-cliente-com-seus-servicos\/\"><strong>cliente esteja satisfeito<\/strong><\/a> com sua compra e forne\u00e7a suporte cont\u00ednuo, o que \u00e9 crucial para a <strong><a href=\"https:\/\/www.empresaqui.com.br\/blog\/4-dicas-para-fidelizar-seus-clientes\/\">fideliza\u00e7\u00e3o do cliente<\/a><\/strong> e a cria\u00e7\u00e3o de defensores da marca.<\/p>\n\n\n\n<h2 class=\"wp-block-heading\"><span class=\"ez-toc-section\" id=\"Elaboracao_do_Ciclo_de_Vendas\"><\/span><strong>Elabora\u00e7\u00e3o do Ciclo de Vendas<\/strong><span class=\"ez-toc-section-end\"><\/span><\/h2>\n\n\n\n<p>Personalizar o Ciclo de Vendas para se adequar \u00e0s necessidades espec\u00edficas de sua empresa \u00e9 a chave para o sucesso. \u00c9 nessa fase que a estrat\u00e9gia se transforma em a\u00e7\u00e3o, ent\u00e3o fa\u00e7a com aten\u00e7\u00e3o.<\/p>\n\n\n\n<h3 class=\"wp-block-heading\"><strong>Defina as Etapas<\/strong><\/h3>\n\n\n\n<p>Comece identificando as etapas espec\u00edficas que fazem sentido para o seu neg\u00f3cio. Cada empresa pode ter varia\u00e7\u00f5es no ciclo com base em seu setor, <a href=\"https:\/\/www.empresaqui.com.br\/blog\/publico-alvo\/\"><strong>p\u00fablico-alvo<\/strong><\/a> e produtos ou servi\u00e7os oferecidos.<\/p>\n\n\n\n<p>Defina crit\u00e9rios para a qualifica\u00e7\u00e3o de leads, o que ajuda a concentrar os esfor\u00e7os nas melhores oportunidades. Isso pode incluir dados demogr\u00e1ficos, comportamentais ou indicadores de inten\u00e7\u00e3o de compra.<\/p>\n\n\n\n<h3 class=\"wp-block-heading\"><strong>Mapeie o Funil de Vendas<\/strong><\/h3>\n\n\n\n<p>Integre o Ciclo de Vendas com o <a href=\"https:\/\/www.empresaqui.com.br\/blog\/funil-de-vendas-b2b\/\"><strong>funil de vendas<\/strong><\/a> para compreender como os leads progridem nas etapas. Isso ajuda a determinar onde os leads podem ser perdidos ou como acelerar o processo de decis\u00e3o.<\/p>\n\n\n\n<h3 class=\"wp-block-heading\"><strong>Treine a Equipe de Vendas<\/strong><\/h3>\n\n\n\n<p>Garanta que a equipe de vendas esteja devidamente treinada e alinhada com o Ciclo de Vendas. Isso inclui fornecer ferramentas, treinamento e orienta\u00e7\u00e3o para cada etapa.<\/p>\n\n\n\n<h3 class=\"wp-block-heading\"><strong>Implemente Tecnologia<\/strong><\/h3>\n\n\n\n<p>Utilize software de <a href=\"https:\/\/www.empresaqui.com.br\/blog\/crm-de-vendas\/\"><strong>CRM (Customer Relationship Management)<\/strong><\/a> para automatizar e rastrear o ciclo, o que facilita o acompanhamento de leads, comunica\u00e7\u00e3o e an\u00e1lise de dados.<\/p>\n\n\n\n<h3 class=\"wp-block-heading\"><strong>Acompanhe e Adapte<\/strong><\/h3>\n\n\n\n<p>O Ciclo de Vendas n\u00e3o \u00e9 uma defini\u00e7\u00e3o fixa. Acompanhe regularmente o desempenho e fa\u00e7a ajustes \u00e0 medida que os mercados e as necessidades dos clientes evoluem.<\/p>\n\n\n\n<div class=\"banner\">\n            <h2><span class=\"ez-toc-section\" id=\"Gere_listas_de_empresas_personalizadas\"><\/span>Gere listas de empresas personalizadas!<span class=\"ez-toc-section-end\"><\/span><\/h2>\n            <p>Cadastre-se gr\u00e1tis agora mesmo<\/p>\n            <div class=\"bottom-banner\">\n                <img decoding=\"async\" src=\"https:\/\/www.empresaqui.com.br\/blog\/wp-content\/uploads\/2021\/11\/AdminLTELogo.png\" alt=\"Seu Logotipo\" class=\"logo\">\n                <a href=\"https:\/\/www.empresaqui.com.br\/plano-gratuito?utm_source=blog&amp;utm_medium=banner&amp;utm_campaign=CTA-GRATUITO-HTML\" class=\"cta-button-banner\">Teste aqui agora<\/a>\n            <\/div>\n        <\/div>\n        <style>\n            .bottom-banner{\n                display: flex;\n                justify-content: center;\n                align-items: center;\n            }\n            .bottom-banner img{\n                width: 3rem !important;\n                height: 3rem !important;\n                margin-right: 1rem;\n            }\n            .banner h2{\n                font-family: Arial, sans-serif;\n                color: #fff !important;\n            }\n            .banner p{\n                font-family: Arial, sans-serif;\n            }\n            .banner {\n                background:#001E40;\n                color: #FFFFFF;\n                text-align: center;\n                padding: 20px;\n            }\n            .cta-button-banner {\n                display: inline-block;\n                background-color: #0CFFFB;\n                color: #000;\n                border: none;\n                padding: 1px 15px;\n                font-size: 14px;\n                font-family: sans-serif;\n                font-weight: 700;\n                border-radius: 21px;\n                cursor: pointer;\n                transition: background-color 0.3s ease;\n                text-decoration: none;\n            }\n            @media (max-width: 767px) {\n                .banner h2{\n                    font-size:20px;\n                }\n                .cta-button-banner {\n                    padding: 1px 15px;\n                    font-size: 12px;\n                }\n            }\n        <\/style>\n","protected":false},"excerpt":{"rendered":"<p>J\u00e1 notou que \u00e0s vezes voc\u00ea investe numa campanha de marketing ou faz alguma a\u00e7\u00e3o pontual mas o resultado n\u00e3o [&hellip;]<\/p>\n","protected":false},"author":4,"featured_media":0,"comment_status":"closed","ping_status":"closed","sticky":false,"template":"","format":"standard","meta":{"_acf_changed":false,"_uag_custom_page_level_css":"","site-sidebar-layout":"default","site-content-layout":"","ast-site-content-layout":"default","site-content-style":"default","site-sidebar-style":"default","ast-global-header-display":"","ast-banner-title-visibility":"","ast-main-header-display":"","ast-hfb-above-header-display":"","ast-hfb-below-header-display":"","ast-hfb-mobile-header-display":"","site-post-title":"","ast-breadcrumbs-content":"","ast-featured-img":"","footer-sml-layout":"","theme-transparent-header-meta":"","adv-header-id-meta":"","stick-header-meta":"","header-above-stick-meta":"","header-main-stick-meta":"","header-below-stick-meta":"","astra-migrate-meta-layouts":"default","ast-page-background-enabled":"default","ast-page-background-meta":{"desktop":{"background-color":"var(--ast-global-color-4)","background-image":"","background-repeat":"repeat","background-position":"center center","background-size":"auto","background-attachment":"scroll","background-type":"","background-media":"","overlay-type":"","overlay-color":"","overlay-opacity":"","overlay-gradient":""},"tablet":{"background-color":"","background-image":"","background-repeat":"repeat","background-position":"center center","background-size":"auto","background-attachment":"scroll","background-type":"","background-media":"","overlay-type":"","overlay-color":"","overlay-opacity":"","overlay-gradient":""},"mobile":{"background-color":"","background-image":"","background-repeat":"repeat","background-position":"center center","background-size":"auto","background-attachment":"scroll","background-type":"","background-media":"","overlay-type":"","overlay-color":"","overlay-opacity":"","overlay-gradient":""}},"ast-content-background-meta":{"desktop":{"background-color":"var(--ast-global-color-5)","background-image":"","background-repeat":"repeat","background-position":"center center","background-size":"auto","background-attachment":"scroll","background-type":"","background-media":"","overlay-type":"","overlay-color":"","overlay-opacity":"","overlay-gradient":""},"tablet":{"background-color":"var(--ast-global-color-5)","background-image":"","background-repeat":"repeat","background-position":"center center","background-size":"auto","background-attachment":"scroll","background-type":"","background-media":"","overlay-type":"","overlay-color":"","overlay-opacity":"","overlay-gradient":""},"mobile":{"background-color":"var(--ast-global-color-5)","background-image":"","background-repeat":"repeat","background-position":"center center","background-size":"auto","background-attachment":"scroll","background-type":"","background-media":"","overlay-type":"","overlay-color":"","overlay-opacity":"","overlay-gradient":""}},"footnotes":""},"categories":[33],"tags":[],"class_list":["post-875","post","type-post","status-publish","format-standard","hentry","category-prospeccao-vendas"],"acf":[],"yoast_head":"<!-- This site is optimized with the Yoast SEO plugin v27.4 - https:\/\/yoast.com\/product\/yoast-seo-wordpress\/ -->\n<title>Ciclo de Vendas: o que \u00e9, import\u00e2ncia e quais s\u00e3o as etapas?<\/title>\n<meta name=\"description\" content=\"Descubra o Ciclo de Vendas, sua import\u00e2ncia e etapas cruciais para o sucesso. Aprenda a criar um ciclo eficaz e como aumentar o faturamento da sua empresa!\" \/>\n<meta name=\"robots\" content=\"index, follow, max-snippet:-1, max-image-preview:large, max-video-preview:-1\" \/>\n<link rel=\"canonical\" href=\"https:\/\/www.empresaqui.com.br\/blog\/ciclo-de-vendas\/\" \/>\n<meta property=\"og:locale\" content=\"pt_BR\" \/>\n<meta property=\"og:type\" content=\"article\" \/>\n<meta property=\"og:title\" content=\"Ciclo de Vendas: o que \u00e9, import\u00e2ncia e quais s\u00e3o as etapas?\" \/>\n<meta property=\"og:description\" content=\"Descubra o Ciclo de Vendas, sua import\u00e2ncia e etapas cruciais para o sucesso. Aprenda a criar um ciclo eficaz e como aumentar o faturamento da sua empresa!\" \/>\n<meta property=\"og:url\" content=\"https:\/\/www.empresaqui.com.br\/blog\/ciclo-de-vendas\/\" \/>\n<meta property=\"og:site_name\" content=\"Blog EmpresAqui\" \/>\n<meta property=\"article:publisher\" content=\"https:\/\/www.facebook.com\/empresaquibr\" \/>\n<meta property=\"article:published_time\" content=\"2023-11-01T16:26:57+00:00\" \/>\n<meta property=\"article:modified_time\" content=\"2024-01-11T17:00:09+00:00\" \/>\n<meta name=\"author\" content=\"Jamille Rocha\" \/>\n<meta name=\"twitter:card\" content=\"summary_large_image\" \/>\n<meta name=\"twitter:label1\" content=\"Escrito por\" \/>\n\t<meta name=\"twitter:data1\" content=\"Jamille Rocha\" \/>\n\t<meta name=\"twitter:label2\" content=\"Est. tempo de leitura\" \/>\n\t<meta name=\"twitter:data2\" content=\"6 minutos\" \/>\n<script type=\"application\/ld+json\" class=\"yoast-schema-graph\">{\"@context\":\"https:\\\/\\\/schema.org\",\"@graph\":[{\"@type\":\"Article\",\"@id\":\"https:\\\/\\\/www.empresaqui.com.br\\\/blog\\\/ciclo-de-vendas\\\/#article\",\"isPartOf\":{\"@id\":\"https:\\\/\\\/www.empresaqui.com.br\\\/blog\\\/ciclo-de-vendas\\\/\"},\"author\":{\"name\":\"Jamille Rocha\",\"@id\":\"https:\\\/\\\/www.empresaqui.com.br\\\/blog\\\/#\\\/schema\\\/person\\\/143604485ecb43926554432880c87570\"},\"headline\":\"Veja como analisar seu Ciclo de Vendas pode aumentar o faturamento!\",\"datePublished\":\"2023-11-01T16:26:57+00:00\",\"dateModified\":\"2024-01-11T17:00:09+00:00\",\"mainEntityOfPage\":{\"@id\":\"https:\\\/\\\/www.empresaqui.com.br\\\/blog\\\/ciclo-de-vendas\\\/\"},\"wordCount\":1118,\"publisher\":{\"@id\":\"https:\\\/\\\/www.empresaqui.com.br\\\/blog\\\/#organization\"},\"articleSection\":[\"Dicas de Vendas\"],\"inLanguage\":\"pt-BR\"},{\"@type\":\"WebPage\",\"@id\":\"https:\\\/\\\/www.empresaqui.com.br\\\/blog\\\/ciclo-de-vendas\\\/\",\"url\":\"https:\\\/\\\/www.empresaqui.com.br\\\/blog\\\/ciclo-de-vendas\\\/\",\"name\":\"Ciclo de Vendas: o que \u00e9, import\u00e2ncia e quais s\u00e3o as etapas?\",\"isPartOf\":{\"@id\":\"https:\\\/\\\/www.empresaqui.com.br\\\/blog\\\/#website\"},\"datePublished\":\"2023-11-01T16:26:57+00:00\",\"dateModified\":\"2024-01-11T17:00:09+00:00\",\"description\":\"Descubra o Ciclo de Vendas, sua import\u00e2ncia e etapas cruciais para o sucesso. Aprenda a criar um ciclo eficaz e como aumentar o faturamento da sua empresa!\",\"breadcrumb\":{\"@id\":\"https:\\\/\\\/www.empresaqui.com.br\\\/blog\\\/ciclo-de-vendas\\\/#breadcrumb\"},\"inLanguage\":\"pt-BR\",\"potentialAction\":[{\"@type\":\"ReadAction\",\"target\":[\"https:\\\/\\\/www.empresaqui.com.br\\\/blog\\\/ciclo-de-vendas\\\/\"]}]},{\"@type\":\"BreadcrumbList\",\"@id\":\"https:\\\/\\\/www.empresaqui.com.br\\\/blog\\\/ciclo-de-vendas\\\/#breadcrumb\",\"itemListElement\":[{\"@type\":\"ListItem\",\"position\":1,\"name\":\"In\u00edcio\",\"item\":\"https:\\\/\\\/www.empresaqui.com.br\\\/blog\\\/\"},{\"@type\":\"ListItem\",\"position\":2,\"name\":\"Dicas de Vendas\",\"item\":\"https:\\\/\\\/www.empresaqui.com.br\\\/blog\\\/category\\\/prospeccao-vendas\\\/\"},{\"@type\":\"ListItem\",\"position\":3,\"name\":\"Veja como analisar seu Ciclo de Vendas pode aumentar o faturamento!\"}]},{\"@type\":\"WebSite\",\"@id\":\"https:\\\/\\\/www.empresaqui.com.br\\\/blog\\\/#website\",\"url\":\"https:\\\/\\\/www.empresaqui.com.br\\\/blog\\\/\",\"name\":\"Blog EmpresAqui\",\"description\":\"\",\"publisher\":{\"@id\":\"https:\\\/\\\/www.empresaqui.com.br\\\/blog\\\/#organization\"},\"potentialAction\":[{\"@type\":\"SearchAction\",\"target\":{\"@type\":\"EntryPoint\",\"urlTemplate\":\"https:\\\/\\\/www.empresaqui.com.br\\\/blog\\\/?s={search_term_string}\"},\"query-input\":{\"@type\":\"PropertyValueSpecification\",\"valueRequired\":true,\"valueName\":\"search_term_string\"}}],\"inLanguage\":\"pt-BR\"},{\"@type\":\"Organization\",\"@id\":\"https:\\\/\\\/www.empresaqui.com.br\\\/blog\\\/#organization\",\"name\":\"EmpresAqui\",\"url\":\"https:\\\/\\\/www.empresaqui.com.br\\\/blog\\\/\",\"logo\":{\"@type\":\"ImageObject\",\"inLanguage\":\"pt-BR\",\"@id\":\"https:\\\/\\\/www.empresaqui.com.br\\\/blog\\\/#\\\/schema\\\/logo\\\/image\\\/\",\"url\":\"https:\\\/\\\/www.empresaqui.com.br\\\/blog\\\/wp-content\\\/uploads\\\/2023\\\/02\\\/cropped-cropped-AdminLTELogo-2-1-1.png\",\"contentUrl\":\"https:\\\/\\\/www.empresaqui.com.br\\\/blog\\\/wp-content\\\/uploads\\\/2023\\\/02\\\/cropped-cropped-AdminLTELogo-2-1-1.png\",\"width\":100,\"height\":100,\"caption\":\"EmpresAqui\"},\"image\":{\"@id\":\"https:\\\/\\\/www.empresaqui.com.br\\\/blog\\\/#\\\/schema\\\/logo\\\/image\\\/\"},\"sameAs\":[\"https:\\\/\\\/www.facebook.com\\\/empresaquibr\",\"https:\\\/\\\/www.instagram.com\\\/empresaqui\"]},{\"@type\":\"Person\",\"@id\":\"https:\\\/\\\/www.empresaqui.com.br\\\/blog\\\/#\\\/schema\\\/person\\\/143604485ecb43926554432880c87570\",\"name\":\"Jamille Rocha\",\"image\":{\"@type\":\"ImageObject\",\"inLanguage\":\"pt-BR\",\"@id\":\"https:\\\/\\\/secure.gravatar.com\\\/avatar\\\/2f6b45baa44f90046c948f8af1f72e56c12a99f8d98da72b2bba204290c00022?s=96&d=mm&r=g\",\"url\":\"https:\\\/\\\/secure.gravatar.com\\\/avatar\\\/2f6b45baa44f90046c948f8af1f72e56c12a99f8d98da72b2bba204290c00022?s=96&d=mm&r=g\",\"contentUrl\":\"https:\\\/\\\/secure.gravatar.com\\\/avatar\\\/2f6b45baa44f90046c948f8af1f72e56c12a99f8d98da72b2bba204290c00022?s=96&d=mm&r=g\",\"caption\":\"Jamille Rocha\"},\"description\":\"Jamille Rocha \u00e9 diretora de Marketing &amp; Growth e s\u00f3cia do EmpresAqui, plataforma de dados e intelig\u00eancia de mercado para prospec\u00e7\u00e3o B2B. Atua, com mais de 7 anos de experi\u00eancia, na interse\u00e7\u00e3o entre estrat\u00e9gia, dados e crescimento, liderando iniciativas de aquisi\u00e7\u00e3o e convers\u00e3o para empresas orientadas por dados.\",\"url\":\"https:\\\/\\\/www.empresaqui.com.br\\\/blog\\\/author\\\/jamille-rocha-2\\\/\"}]}<\/script>\n<!-- \/ Yoast SEO plugin. -->","yoast_head_json":{"title":"Ciclo de Vendas: o que \u00e9, import\u00e2ncia e quais s\u00e3o as etapas?","description":"Descubra o Ciclo de Vendas, sua import\u00e2ncia e etapas cruciais para o sucesso. Aprenda a criar um ciclo eficaz e como aumentar o faturamento da sua empresa!","robots":{"index":"index","follow":"follow","max-snippet":"max-snippet:-1","max-image-preview":"max-image-preview:large","max-video-preview":"max-video-preview:-1"},"canonical":"https:\/\/www.empresaqui.com.br\/blog\/ciclo-de-vendas\/","og_locale":"pt_BR","og_type":"article","og_title":"Ciclo de Vendas: o que \u00e9, import\u00e2ncia e quais s\u00e3o as etapas?","og_description":"Descubra o Ciclo de Vendas, sua import\u00e2ncia e etapas cruciais para o sucesso. Aprenda a criar um ciclo eficaz e como aumentar o faturamento da sua empresa!","og_url":"https:\/\/www.empresaqui.com.br\/blog\/ciclo-de-vendas\/","og_site_name":"Blog EmpresAqui","article_publisher":"https:\/\/www.facebook.com\/empresaquibr","article_published_time":"2023-11-01T16:26:57+00:00","article_modified_time":"2024-01-11T17:00:09+00:00","author":"Jamille Rocha","twitter_card":"summary_large_image","twitter_misc":{"Escrito por":"Jamille Rocha","Est. tempo de leitura":"6 minutos"},"schema":{"@context":"https:\/\/schema.org","@graph":[{"@type":"Article","@id":"https:\/\/www.empresaqui.com.br\/blog\/ciclo-de-vendas\/#article","isPartOf":{"@id":"https:\/\/www.empresaqui.com.br\/blog\/ciclo-de-vendas\/"},"author":{"name":"Jamille Rocha","@id":"https:\/\/www.empresaqui.com.br\/blog\/#\/schema\/person\/143604485ecb43926554432880c87570"},"headline":"Veja como analisar seu Ciclo de Vendas pode aumentar o faturamento!","datePublished":"2023-11-01T16:26:57+00:00","dateModified":"2024-01-11T17:00:09+00:00","mainEntityOfPage":{"@id":"https:\/\/www.empresaqui.com.br\/blog\/ciclo-de-vendas\/"},"wordCount":1118,"publisher":{"@id":"https:\/\/www.empresaqui.com.br\/blog\/#organization"},"articleSection":["Dicas de Vendas"],"inLanguage":"pt-BR"},{"@type":"WebPage","@id":"https:\/\/www.empresaqui.com.br\/blog\/ciclo-de-vendas\/","url":"https:\/\/www.empresaqui.com.br\/blog\/ciclo-de-vendas\/","name":"Ciclo de Vendas: o que \u00e9, import\u00e2ncia e quais s\u00e3o as etapas?","isPartOf":{"@id":"https:\/\/www.empresaqui.com.br\/blog\/#website"},"datePublished":"2023-11-01T16:26:57+00:00","dateModified":"2024-01-11T17:00:09+00:00","description":"Descubra o Ciclo de Vendas, sua import\u00e2ncia e etapas cruciais para o sucesso. Aprenda a criar um ciclo eficaz e como aumentar o faturamento da sua empresa!","breadcrumb":{"@id":"https:\/\/www.empresaqui.com.br\/blog\/ciclo-de-vendas\/#breadcrumb"},"inLanguage":"pt-BR","potentialAction":[{"@type":"ReadAction","target":["https:\/\/www.empresaqui.com.br\/blog\/ciclo-de-vendas\/"]}]},{"@type":"BreadcrumbList","@id":"https:\/\/www.empresaqui.com.br\/blog\/ciclo-de-vendas\/#breadcrumb","itemListElement":[{"@type":"ListItem","position":1,"name":"In\u00edcio","item":"https:\/\/www.empresaqui.com.br\/blog\/"},{"@type":"ListItem","position":2,"name":"Dicas de Vendas","item":"https:\/\/www.empresaqui.com.br\/blog\/category\/prospeccao-vendas\/"},{"@type":"ListItem","position":3,"name":"Veja como analisar seu Ciclo de Vendas pode aumentar o faturamento!"}]},{"@type":"WebSite","@id":"https:\/\/www.empresaqui.com.br\/blog\/#website","url":"https:\/\/www.empresaqui.com.br\/blog\/","name":"Blog EmpresAqui","description":"","publisher":{"@id":"https:\/\/www.empresaqui.com.br\/blog\/#organization"},"potentialAction":[{"@type":"SearchAction","target":{"@type":"EntryPoint","urlTemplate":"https:\/\/www.empresaqui.com.br\/blog\/?s={search_term_string}"},"query-input":{"@type":"PropertyValueSpecification","valueRequired":true,"valueName":"search_term_string"}}],"inLanguage":"pt-BR"},{"@type":"Organization","@id":"https:\/\/www.empresaqui.com.br\/blog\/#organization","name":"EmpresAqui","url":"https:\/\/www.empresaqui.com.br\/blog\/","logo":{"@type":"ImageObject","inLanguage":"pt-BR","@id":"https:\/\/www.empresaqui.com.br\/blog\/#\/schema\/logo\/image\/","url":"https:\/\/www.empresaqui.com.br\/blog\/wp-content\/uploads\/2023\/02\/cropped-cropped-AdminLTELogo-2-1-1.png","contentUrl":"https:\/\/www.empresaqui.com.br\/blog\/wp-content\/uploads\/2023\/02\/cropped-cropped-AdminLTELogo-2-1-1.png","width":100,"height":100,"caption":"EmpresAqui"},"image":{"@id":"https:\/\/www.empresaqui.com.br\/blog\/#\/schema\/logo\/image\/"},"sameAs":["https:\/\/www.facebook.com\/empresaquibr","https:\/\/www.instagram.com\/empresaqui"]},{"@type":"Person","@id":"https:\/\/www.empresaqui.com.br\/blog\/#\/schema\/person\/143604485ecb43926554432880c87570","name":"Jamille Rocha","image":{"@type":"ImageObject","inLanguage":"pt-BR","@id":"https:\/\/secure.gravatar.com\/avatar\/2f6b45baa44f90046c948f8af1f72e56c12a99f8d98da72b2bba204290c00022?s=96&d=mm&r=g","url":"https:\/\/secure.gravatar.com\/avatar\/2f6b45baa44f90046c948f8af1f72e56c12a99f8d98da72b2bba204290c00022?s=96&d=mm&r=g","contentUrl":"https:\/\/secure.gravatar.com\/avatar\/2f6b45baa44f90046c948f8af1f72e56c12a99f8d98da72b2bba204290c00022?s=96&d=mm&r=g","caption":"Jamille Rocha"},"description":"Jamille Rocha \u00e9 diretora de Marketing &amp; Growth e s\u00f3cia do EmpresAqui, plataforma de dados e intelig\u00eancia de mercado para prospec\u00e7\u00e3o B2B. Atua, com mais de 7 anos de experi\u00eancia, na interse\u00e7\u00e3o entre estrat\u00e9gia, dados e crescimento, liderando iniciativas de aquisi\u00e7\u00e3o e convers\u00e3o para empresas orientadas por dados.","url":"https:\/\/www.empresaqui.com.br\/blog\/author\/jamille-rocha-2\/"}]}},"uagb_featured_image_src":{"full":false,"thumbnail":false,"medium":false,"medium_large":false,"large":false,"1536x1536":false,"2048x2048":false},"uagb_author_info":{"display_name":"Jamille Rocha","author_link":"https:\/\/www.empresaqui.com.br\/blog\/author\/jamille-rocha-2\/"},"uagb_comment_info":0,"uagb_excerpt":"J\u00e1 notou que \u00e0s vezes voc\u00ea investe numa campanha de marketing ou faz alguma a\u00e7\u00e3o pontual mas o resultado n\u00e3o [&hellip;]","_links":{"self":[{"href":"https:\/\/www.empresaqui.com.br\/blog\/wp-json\/wp\/v2\/posts\/875","targetHints":{"allow":["GET"]}}],"collection":[{"href":"https:\/\/www.empresaqui.com.br\/blog\/wp-json\/wp\/v2\/posts"}],"about":[{"href":"https:\/\/www.empresaqui.com.br\/blog\/wp-json\/wp\/v2\/types\/post"}],"author":[{"embeddable":true,"href":"https:\/\/www.empresaqui.com.br\/blog\/wp-json\/wp\/v2\/users\/4"}],"replies":[{"embeddable":true,"href":"https:\/\/www.empresaqui.com.br\/blog\/wp-json\/wp\/v2\/comments?post=875"}],"version-history":[{"count":7,"href":"https:\/\/www.empresaqui.com.br\/blog\/wp-json\/wp\/v2\/posts\/875\/revisions"}],"predecessor-version":[{"id":1214,"href":"https:\/\/www.empresaqui.com.br\/blog\/wp-json\/wp\/v2\/posts\/875\/revisions\/1214"}],"wp:attachment":[{"href":"https:\/\/www.empresaqui.com.br\/blog\/wp-json\/wp\/v2\/media?parent=875"}],"wp:term":[{"taxonomy":"category","embeddable":true,"href":"https:\/\/www.empresaqui.com.br\/blog\/wp-json\/wp\/v2\/categories?post=875"},{"taxonomy":"post_tag","embeddable":true,"href":"https:\/\/www.empresaqui.com.br\/blog\/wp-json\/wp\/v2\/tags?post=875"}],"curies":[{"name":"wp","href":"https:\/\/api.w.org\/{rel}","templated":true}]}}