{"id":847,"date":"2023-10-31T11:45:44","date_gmt":"2023-10-31T14:45:44","guid":{"rendered":"https:\/\/www.empresaqui.com.br\/blog\/?p=847"},"modified":"2023-11-09T13:35:14","modified_gmt":"2023-11-09T16:35:14","slug":"persona","status":"publish","type":"post","link":"https:\/\/www.empresaqui.com.br\/blog\/persona\/","title":{"rendered":"Entenda o que \u00e9 Persona e a import\u00e2ncia de definir para o seu neg\u00f3cio!"},"content":{"rendered":"\n<p>Se voc\u00ea tem um neg\u00f3cio pr\u00f3prio ou trabalha para uma empresa, j\u00e1 imagina que o maior desafio de qualquer organiza\u00e7\u00e3o \u00e9 conseguir novos clientes.&nbsp;<\/p>\n\n\n\n<p>Por\u00e9m para toda estrat\u00e9gia de aquisi\u00e7\u00e3o dar certo, temos um passo a passo a ser seguido.&nbsp;<\/p>\n\n\n\n<p>Hoje vamos falar da import\u00e2ncia de definir e aplicar o conceito de Persona para encontrar os melhores clientes. Vamos l\u00e1?<\/p>\n\n\n\n<div id=\"ez-toc-container\" class=\"ez-toc-v2_0_81 ez-toc-wrap-left counter-hierarchy ez-toc-counter ez-toc-custom ez-toc-container-direction\">\n<div class=\"ez-toc-title-container\">\n<p class=\"ez-toc-title\" style=\"cursor:inherit\">Neste artigo voc\u00ea vai ver:<\/p>\n<span class=\"ez-toc-title-toggle\"><a href=\"#\" class=\"ez-toc-pull-right ez-toc-btn ez-toc-btn-xs ez-toc-btn-default ez-toc-toggle\" aria-label=\"Alternar tabela de conte\u00fado\"><span class=\"ez-toc-js-icon-con\"><span class=\"\"><span class=\"eztoc-hide\" style=\"display:none;\">Toggle<\/span><span class=\"ez-toc-icon-toggle-span\"><svg style=\"fill: #0066bf;color:#0066bf\" xmlns=\"http:\/\/www.w3.org\/2000\/svg\" class=\"list-377408\" width=\"20px\" height=\"20px\" viewBox=\"0 0 24 24\" fill=\"none\"><path d=\"M6 6H4v2h2V6zm14 0H8v2h12V6zM4 11h2v2H4v-2zm16 0H8v2h12v-2zM4 16h2v2H4v-2zm16 0H8v2h12v-2z\" fill=\"currentColor\"><\/path><\/svg><svg style=\"fill: #0066bf;color:#0066bf\" class=\"arrow-unsorted-368013\" xmlns=\"http:\/\/www.w3.org\/2000\/svg\" width=\"10px\" height=\"10px\" viewBox=\"0 0 24 24\" version=\"1.2\" baseProfile=\"tiny\"><path d=\"M18.2 9.3l-6.2-6.3-6.2 6.3c-.2.2-.3.4-.3.7s.1.5.3.7c.2.2.4.3.7.3h11c.3 0 .5-.1.7-.3.2-.2.3-.5.3-.7s-.1-.5-.3-.7zM5.8 14.7l6.2 6.3 6.2-6.3c.2-.2.3-.5.3-.7s-.1-.5-.3-.7c-.2-.2-.4-.3-.7-.3h-11c-.3 0-.5.1-.7.3-.2.2-.3.5-.3.7s.1.5.3.7z\"\/><\/svg><\/span><\/span><\/span><\/a><\/span><\/div>\n<nav><ul class='ez-toc-list ez-toc-list-level-1 ' ><li class='ez-toc-page-1 ez-toc-heading-level-2'><a class=\"ez-toc-link ez-toc-heading-1\" href=\"https:\/\/www.empresaqui.com.br\/blog\/persona\/#O_que_e_Persona\" >O que \u00e9 Persona?<\/a><\/li><li class='ez-toc-page-1 ez-toc-heading-level-2'><a class=\"ez-toc-link ez-toc-heading-2\" href=\"https:\/\/www.empresaqui.com.br\/blog\/persona\/#Qual_a_importancia_da_Persona\" >Qual a import\u00e2ncia da Persona?&nbsp;<\/a><\/li><li class='ez-toc-page-1 ez-toc-heading-level-2'><a class=\"ez-toc-link ez-toc-heading-3\" href=\"https:\/\/www.empresaqui.com.br\/blog\/persona\/#Beneficios_de_criar_uma_Persona\" >Benef\u00edcios de criar uma Persona<\/a><\/li><li class='ez-toc-page-1 ez-toc-heading-level-2'><a class=\"ez-toc-link ez-toc-heading-4\" href=\"https:\/\/www.empresaqui.com.br\/blog\/persona\/#Como_definir_uma_Persona\" >Como definir uma Persona?<\/a><\/li><li class='ez-toc-page-1 ez-toc-heading-level-2'><a class=\"ez-toc-link ez-toc-heading-5\" href=\"https:\/\/www.empresaqui.com.br\/blog\/persona\/#Exemplos_de_Persona\" >Exemplos de Persona<\/a><\/li><li class='ez-toc-page-1 ez-toc-heading-level-2'><a class=\"ez-toc-link ez-toc-heading-6\" href=\"https:\/\/www.empresaqui.com.br\/blog\/persona\/#Gere_listas_de_empresas_personalizadas\" >Gere listas de empresas personalizadas!<\/a><\/li><\/ul><\/nav><\/div>\n<h2 class=\"wp-block-heading\"><span class=\"ez-toc-section\" id=\"O_que_e_Persona\"><\/span><strong>O que \u00e9 Persona?<\/strong><span class=\"ez-toc-section-end\"><\/span><\/h2>\n\n\n\n<p>A persona \u00e9 a <strong>representa\u00e7\u00e3o fict\u00edcia de um cliente ideal de uma empresa<\/strong>. Ela incorpora diversas informa\u00e7\u00f5es como idade, g\u00eanero, interesses, desafios e objetivos, proporcionando uma vis\u00e3o detalhada do <a href=\"https:\/\/www.empresaqui.com.br\/blog\/publico-alvo\/\"><strong>p\u00fablico-alvo<\/strong><\/a>.<\/p>\n\n\n\n<p>Definir a persona correta \u00e9 essencial para o sucesso de qualquer neg\u00f3cio, pois \u00e9 o primeiro passo para direcionar as estrat\u00e9gias de marketing e comunica\u00e7\u00e3o de forma mais eficaz.<\/p>\n\n\n\n<p>Hoje em dia, as campanhas gen\u00e9ricas para atingir grandes p\u00fablicos s\u00e3o caras e n\u00e3o eficientes. Ao definir uma persona para cada tipo de produto voc\u00ea consegue direcionar a comunica\u00e7\u00e3o e ter muito mais resultados e economia de recursos.<\/p>\n\n\n\n<h2 class=\"wp-block-heading\"><span class=\"ez-toc-section\" id=\"Qual_a_importancia_da_Persona\"><\/span><strong>Qual a import\u00e2ncia da Persona?<\/strong>&nbsp;<span class=\"ez-toc-section-end\"><\/span><\/h2>\n\n\n\n<p>As personas s\u00e3o importantes n\u00e3o apenas porque ajudam a compreender melhor o p\u00fablico-alvo, mas tamb\u00e9m a <strong>otimizar os recursos, aprimorar a comunica\u00e7\u00e3o e aumentar a efic\u00e1cia das estrat\u00e9gias de marketing<\/strong>.&nbsp;<\/p>\n\n\n\n<p>Elas s\u00e3o essenciais para qualquer empresa que deseja alcan\u00e7ar e satisfazer seu p\u00fablico de maneira mais eficiente. Abaixo vamos entender os benef\u00edcios.<\/p>\n\n\n\n<h2 class=\"wp-block-heading\"><span class=\"ez-toc-section\" id=\"Beneficios_de_criar_uma_Persona\"><\/span><strong>Benef\u00edcios de criar uma Persona<\/strong><span class=\"ez-toc-section-end\"><\/span><\/h2>\n\n\n\n<p>Criar uma persona vai ajudar a guiar as estrat\u00e9gias de marketing da empresa, mais convers\u00e3o, um ROI (retorno sobre o investimento) mais positivo e economia de recursos, abaixo vamos nos aprofundar em cada um desses t\u00f3picos.<\/p>\n\n\n\n<ol class=\"wp-block-list\">\n<li><strong>Direcionamento de Estrat\u00e9gias<\/strong><\/li>\n<\/ol>\n\n\n\n<p>As personas fornecem um alvo espec\u00edfico para suas estrat\u00e9gias de marketing e comunica\u00e7\u00e3o. Isso <strong>evita a abordagem generalista<\/strong> que \u201cserve para todo mundo\u201d e permite que voc\u00ea fa\u00e7a <a href=\"https:\/\/www.empresaqui.com.br\/blog\/prospeccao-ativa\/\"><strong>prospec\u00e7\u00f5es<\/strong><\/a>, crie mensagens e campanhas altamente direcionadas, que fazem sentido para um p\u00fablico espec\u00edfico.<\/p>\n\n\n\n<ol class=\"wp-block-list\" start=\"2\">\n<li><strong>Melhor compreens\u00e3o do p\u00fablico-alvo<\/strong><\/li>\n<\/ol>\n\n\n\n<p>Ao criar personas, voc\u00ea mergulha profundamente na mente do cliente ideal. Isso inclui conhecer suas necessidades, desafios, objetivos, comportamentos e prefer\u00eancias.<\/p>\n\n\n\n<p>Essa compreens\u00e3o mais profunda ajuda a <strong>antecipar as necessidades dos clientes e a oferecer solu\u00e7\u00f5es que realmente importam<\/strong> para eles.<\/p>\n\n\n\n<ol class=\"wp-block-list\" start=\"3\">\n<li><strong>Economia de recursos<\/strong><\/li>\n<\/ol>\n\n\n\n<p>Com personas bem definidas, voc\u00ea aloca recursos de forma mais eficiente. Isso significa gastar seu or\u00e7amento de marketing de maneira mais inteligente, <strong>colocando sua energia nas t\u00e1ticas que t\u00eam mais probabilidade de atingir sua Persona<\/strong>, ao inv\u00e9s de desperdi\u00e7ar recursos em segmentos de mercado menos relevantes.<\/p>\n\n\n\n<ol class=\"wp-block-list\" start=\"4\">\n<li><strong>Aumento da convers\u00e3o<\/strong><\/li>\n<\/ol>\n\n\n\n<p>Ao adaptar suas mensagens e ofertas \u00e0s necessidades e desejos de sua persona, voc\u00ea aumenta as chances de convers\u00e3o. A comunica\u00e7\u00e3o personalizada gera maior engajamento e conex\u00e3o com seu p\u00fablico, resultando em taxas de convers\u00e3o mais altas.<\/p>\n\n\n\n<ol class=\"wp-block-list\" start=\"5\">\n<li><strong>Fideliza\u00e7\u00e3o de clientes<\/strong><\/li>\n<\/ol>\n\n\n\n<p>Oferecer solu\u00e7\u00f5es que atendam \u00e0s necessidades da persona n\u00e3o apenas atrai novos clientes, mas tamb\u00e9m ajuda a manter os clientes existentes satisfeitos. Isso fortalece o relacionamento com os clientes e promove a <a href=\"https:\/\/www.empresaqui.com.br\/blog\/fidelizar-clientes\/\"><strong>fideliza\u00e7\u00e3o<\/strong><\/a>.<\/p>\n\n\n\n<h2 class=\"wp-block-heading\"><span class=\"ez-toc-section\" id=\"Como_definir_uma_Persona\"><\/span><strong>Como definir uma Persona?<\/strong><span class=\"ez-toc-section-end\"><\/span><\/h2>\n\n\n\n<p>Definir uma persona envolve um processo estruturado para criar uma representa\u00e7\u00e3o detalhada do seu cliente ideal. N\u00e3o necessariamente voc\u00ea precisa executar todos os passos, mas sempre analisando os que mais fazem sentido para seu nicho.&nbsp;<\/p>\n\n\n\n<h3 class=\"wp-block-heading\"><strong>1. Fa\u00e7a uma pesquisa de mercado:<\/strong><\/h3>\n\n\n\n<p><strong>Coleta de dados:<\/strong> Inicie pesquisando e coletando informa\u00e7\u00f5es sobre seu p\u00fablico-alvo. Isso pode incluir dados demogr\u00e1ficos, comportamentais e faixa et\u00e1ria e profiss\u00e3o. Utilize pesquisas, an\u00e1lises de concorr\u00eancia e feedback de clientes existentes para obter informa\u00e7\u00f5es.<\/p>\n\n\n\n<p><strong>Entrevistas<\/strong>: Realize entrevistas com clientes reais ou em potencial para compreender suas necessidades, desafios, motiva\u00e7\u00f5es e prefer\u00eancias. Essas conversas v\u00e3o fornecer insights valiosos.<\/p>\n\n\n\n<p><strong>Agrupe as informa\u00e7\u00f5es:<\/strong> Analise os dados coletados para identificar tend\u00eancias, padr\u00f5es e segmentos de mercado. Isso ajudar\u00e1 a agrupar seus clientes em categorias com caracter\u00edsticas semelhantes.<\/p>\n\n\n\n<h3 class=\"wp-block-heading\"><strong>2. Analise os dados coletados:<\/strong><\/h3>\n\n\n\n<p><strong>Segmenta\u00e7\u00e3o:<\/strong> Com base na an\u00e1lise dos dados, <a href=\"https:\/\/www.empresaqui.com.br\/blog\/segmentacao-de-clientes\/\"><strong>segmente seu p\u00fablico<\/strong><\/a> em grupos menores, cada um representando uma categoria espec\u00edfica de clientes com caracter\u00edsticas em comum. Isso facilita a cria\u00e7\u00e3o de Personas distintas.<\/p>\n\n\n\n<p><strong>Identifica\u00e7\u00e3o de padr\u00f5es:<\/strong> Procure padr\u00f5es e tend\u00eancias nos dados para entender melhor o comportamento e as necessidades do seu p\u00fablico. Isso pode incluir prefer\u00eancias de compra, desafios espec\u00edficos e comportamentos online.<\/p>\n\n\n\n<h3 class=\"wp-block-heading\"><strong>3. Enrique\u00e7a com detalhes:<\/strong><\/h3>\n\n\n\n<p><strong>Nome e detalhes pessoais<\/strong>: D\u00ea um nome \u00e0 sua persona para torn\u00e1-la mais real. Desenvolva informa\u00e7\u00f5es pessoais como idade, g\u00eanero, estado civil, profiss\u00e3o, localiza\u00e7\u00e3o geogr\u00e1fica e interesses.<\/p>\n\n\n\n<p><strong>Desafios e objetivos:<\/strong> Liste os principais desafios que sua persona enfrenta e os objetivos que ela busca alcan\u00e7ar. Isso ajuda a entender suas motiva\u00e7\u00f5es.<\/p>\n\n\n\n<p><strong>Comportamento de compra:<\/strong> Descreva como sua persona pesquisa produtos ou servi\u00e7os, onde ela faz compras e quais fatores influenciam suas decis\u00f5es de compra.<\/p>\n\n\n\n<p><strong>Comunica\u00e7\u00e3o e canais preferidos:<\/strong> Identifique os canais de comunica\u00e7\u00e3o que sua persona utiliza (redes sociais, e-mail, entre outros) e como ela prefere receber informa\u00e7\u00f5es.<\/p>\n\n\n\n<p><strong>Crie cita\u00e7\u00f5es e hist\u00f3rias:<\/strong> Inclua cita\u00e7\u00f5es que resumam o pensamento e o comportamento da persona. Tamb\u00e9m \u00e9 \u00fatil criar hist\u00f3rias fict\u00edcias que ilustrem situa\u00e7\u00f5es em que a persona interage com sua empresa.<\/p>\n\n\n\n<h2 class=\"wp-block-heading\"><span class=\"ez-toc-section\" id=\"Exemplos_de_Persona\"><\/span><strong>Exemplos de Persona<\/strong><span class=\"ez-toc-section-end\"><\/span><\/h2>\n\n\n\n<p>Ap\u00f3s coletar todas essas informa\u00e7\u00f5es, voc\u00ea ter\u00e1 muito material real para definir sua persona. Usando elas voc\u00ea concretiza melhora e consegue direcionar as estrat\u00e9gias do neg\u00f3cio de forma a atender \u00e0s expectativas desses clientes. Vamos dar alguns exemplos em diferentes nichos.<\/p>\n\n\n\n<h3 class=\"wp-block-heading\"><strong>Escrit\u00f3rio de Advocacia<\/strong><\/h3>\n\n\n\n<p><strong>Nome<\/strong>: Maria Eduarda<\/p>\n\n\n\n<p><strong>Idade<\/strong>: 31 anos<\/p>\n\n\n\n<p><strong>Profiss\u00e3o<\/strong>: Advogada trabalhista<\/p>\n\n\n\n<p><strong>Desafios<\/strong>: Lida com a complexidade das leis empresariais e trabalhistas, busca atualiza\u00e7\u00f5es jur\u00eddicas e necessita de suporte em casos de aposentadoria.<\/p>\n\n\n\n<p><strong>Objetivos<\/strong>: Manter-se atualizada com as leis, encontrar solu\u00e7\u00f5es legais eficazes para sua empresa e proteger seus clientes.<\/p>\n\n\n\n<p><strong>Intera\u00e7\u00e3o com a marca: <\/strong>V\u00ea um cartaz f\u00edsico da sua empresa de treinamentos no mural do f\u00f3rum do Tribunal de Justi\u00e7a do Estado.<\/p>\n\n\n\n<h3 class=\"wp-block-heading\"><strong>Escrit\u00f3rios de Contabilidade<\/strong><\/h3>\n\n\n\n<p><strong>Nome<\/strong>: Carlos Maximino<\/p>\n\n\n\n<p><strong>Idade<\/strong>: 44 anos<\/p>\n\n\n\n<p><strong>Profiss\u00e3o<\/strong>: Contador s\u00eanior<\/p>\n\n\n\n<p><strong>Desafios<\/strong>: Procura maneiras eficientes de lidar com a crescente quantidade de dados financeiros e deseja otimizar o uso de software cont\u00e1bil.<\/p>\n\n\n\n<p><strong>Objetivos<\/strong>: Simplificar processos cont\u00e1beis, economizar tempo e recursos, manter a conformidade fiscal.<\/p>\n\n\n\n<p><strong>Intera\u00e7\u00e3o com a marca: <\/strong>Procura no Google um curso da nova vers\u00e3o do software que usa e encontra um artigo de forma org\u00e2nica do seu blog.<\/p>\n\n\n\n<h3 class=\"wp-block-heading\"><strong>Bancos<\/strong><\/h3>\n\n\n\n<p><strong>Nome<\/strong>: Sandra Rampinelli<\/p>\n\n\n\n<p><strong>Idade<\/strong>: 36 anos<\/p>\n\n\n\n<p><strong>Profiss\u00e3o<\/strong>: Investidora ativa<\/p>\n\n\n\n<p><strong>Desafios<\/strong>: Deseja maximizar o retorno sobre investimentos, mas busca orienta\u00e7\u00e3o sobre op\u00e7\u00f5es de investimento.<\/p>\n\n\n\n<p><strong>Objetivos<\/strong>: Aumentar seu patrim\u00f4nio l\u00edquido, diversificar investimentos e encontrar solu\u00e7\u00f5es de investimento seguras.<\/p>\n\n\n\n<p><strong>Intera\u00e7\u00e3o com a marca: <\/strong>Recebe uma recomenda\u00e7\u00e3o no Youtube que fala de forma pr\u00f3xima o tamanho do seu patrim\u00f4nio e d\u00e1 dicas de como reduzir o risco dos investimentos com diversifica\u00e7\u00e3o na carteira.<\/p>\n\n\n\n<h3 class=\"wp-block-heading\"><strong>Ag\u00eancias de marketing<\/strong><\/h3>\n\n\n\n<p><strong>Nome<\/strong>: Thales Patel<\/p>\n\n\n\n<p><strong>Idade<\/strong>: 42 anos<\/p>\n\n\n\n<p><strong>Profiss\u00e3o<\/strong>: Propriet\u00e1rio de uma pequena empresa<\/p>\n\n\n\n<p><strong>Desafios<\/strong>: Procura estrat\u00e9gias de marketing de baixo custo, tem dificuldades em se destacar em um mercado saturado.<\/p>\n\n\n\n<p><strong>Objetivos<\/strong>: Aumentar a visibilidade de sua empresa, atrair mais clientes e melhorar o retorno sobre o investimento em marketing.<\/p>\n\n\n\n<p><strong>Intera\u00e7\u00e3o com a marca: <\/strong>Ao rolar os Stories da sua empresa no Instagram recebe um an\u00fancio pago falando em como ele pode melhorar os resultados fazendo um programa de indica\u00e7\u00e3o de clientes na sua empresa.<\/p>\n\n\n\n<h3 class=\"wp-block-heading\"><strong>E-commerce de vestu\u00e1rio<\/strong><\/h3>\n\n\n\n<p><strong>Nome<\/strong>: Alice Clark<\/p>\n\n\n\n<p><strong>Idade<\/strong>: 24 anos<\/p>\n\n\n\n<p><strong>Profiss\u00e3o<\/strong>: Influenciadora de moda<\/p>\n\n\n\n<p><strong>Desafios<\/strong>: Procura por roupas \u00fanicas e tend\u00eancias da moda, mas tem pouco tempo devido ao trabalho como influenciadora.<\/p>\n\n\n\n<p><strong>Objetivos<\/strong>: Encontrar roupas da moda com facilidade, economizar tempo e criar conte\u00fado atraente para sua audi\u00eancia.<strong>Intera\u00e7\u00e3o com a marca: <\/strong>V\u00ea no Twitter (X) no trending topics outros usu\u00e1rios falando de um novo site que voc\u00ea insere uma paleta de cores e ele fornece pe\u00e7as que combinem como um sistema de recomenda\u00e7\u00e3o.<\/p>\n\n\n\n<div class=\"banner\">\n            <h2><span class=\"ez-toc-section\" id=\"Gere_listas_de_empresas_personalizadas\"><\/span>Gere listas de empresas personalizadas!<span class=\"ez-toc-section-end\"><\/span><\/h2>\n            <p>Cadastre-se gr\u00e1tis agora mesmo<\/p>\n            <div class=\"bottom-banner\">\n                <img decoding=\"async\" src=\"https:\/\/www.empresaqui.com.br\/blog\/wp-content\/uploads\/2021\/11\/AdminLTELogo.png\" alt=\"Seu Logotipo\" class=\"logo\">\n                <a href=\"https:\/\/www.empresaqui.com.br\/plano-gratuito?utm_source=blog&amp;utm_medium=banner&amp;utm_campaign=CTA-GRATUITO-HTML\" class=\"cta-button-banner\">Teste aqui agora<\/a>\n            <\/div>\n        <\/div>\n        <style>\n            .bottom-banner{\n                display: flex;\n                justify-content: center;\n                align-items: center;\n            }\n            .bottom-banner img{\n                width: 3rem !important;\n                height: 3rem !important;\n                margin-right: 1rem;\n            }\n            .banner h2{\n                font-family: Arial, sans-serif;\n                color: #fff !important;\n            }\n            .banner p{\n                font-family: Arial, sans-serif;\n            }\n            .banner {\n                background:#001E40;\n                color: #FFFFFF;\n                text-align: center;\n                padding: 20px;\n            }\n            .cta-button-banner {\n                display: inline-block;\n                background-color: #0CFFFB;\n                color: #000;\n                border: none;\n                padding: 1px 15px;\n                font-size: 14px;\n                font-family: sans-serif;\n                font-weight: 700;\n                border-radius: 21px;\n                cursor: pointer;\n                transition: background-color 0.3s ease;\n                text-decoration: none;\n            }\n            @media (max-width: 767px) {\n                .banner h2{\n                    font-size:20px;\n                }\n                .cta-button-banner {\n                    padding: 1px 15px;\n                    font-size: 12px;\n                }\n            }\n        <\/style>\n","protected":false},"excerpt":{"rendered":"<p>Se voc\u00ea tem um neg\u00f3cio pr\u00f3prio ou trabalha para uma empresa, j\u00e1 imagina que o maior desafio de qualquer organiza\u00e7\u00e3o [&hellip;]<\/p>\n","protected":false},"author":7,"featured_media":0,"comment_status":"closed","ping_status":"closed","sticky":false,"template":"","format":"standard","meta":{"_acf_changed":false,"_uag_custom_page_level_css":"","site-sidebar-layout":"default","site-content-layout":"","ast-site-content-layout":"default","site-content-style":"default","site-sidebar-style":"default","ast-global-header-display":"","ast-banner-title-visibility":"","ast-main-header-display":"","ast-hfb-above-header-display":"","ast-hfb-below-header-display":"","ast-hfb-mobile-header-display":"","site-post-title":"","ast-breadcrumbs-content":"","ast-featured-img":"","footer-sml-layout":"","theme-transparent-header-meta":"","adv-header-id-meta":"","stick-header-meta":"","header-above-stick-meta":"","header-main-stick-meta":"","header-below-stick-meta":"","astra-migrate-meta-layouts":"default","ast-page-background-enabled":"default","ast-page-background-meta":{"desktop":{"background-color":"var(--ast-global-color-4)","background-image":"","background-repeat":"repeat","background-position":"center center","background-size":"auto","background-attachment":"scroll","background-type":"","background-media":"","overlay-type":"","overlay-color":"","overlay-opacity":"","overlay-gradient":""},"tablet":{"background-color":"","background-image":"","background-repeat":"repeat","background-position":"center center","background-size":"auto","background-attachment":"scroll","background-type":"","background-media":"","overlay-type":"","overlay-color":"","overlay-opacity":"","overlay-gradient":""},"mobile":{"background-color":"","background-image":"","background-repeat":"repeat","background-position":"center center","background-size":"auto","background-attachment":"scroll","background-type":"","background-media":"","overlay-type":"","overlay-color":"","overlay-opacity":"","overlay-gradient":""}},"ast-content-background-meta":{"desktop":{"background-color":"var(--ast-global-color-5)","background-image":"","background-repeat":"repeat","background-position":"center center","background-size":"auto","background-attachment":"scroll","background-type":"","background-media":"","overlay-type":"","overlay-color":"","overlay-opacity":"","overlay-gradient":""},"tablet":{"background-color":"var(--ast-global-color-5)","background-image":"","background-repeat":"repeat","background-position":"center center","background-size":"auto","background-attachment":"scroll","background-type":"","background-media":"","overlay-type":"","overlay-color":"","overlay-opacity":"","overlay-gradient":""},"mobile":{"background-color":"var(--ast-global-color-5)","background-image":"","background-repeat":"repeat","background-position":"center center","background-size":"auto","background-attachment":"scroll","background-type":"","background-media":"","overlay-type":"","overlay-color":"","overlay-opacity":"","overlay-gradient":""}},"footnotes":""},"categories":[1],"tags":[],"class_list":["post-847","post","type-post","status-publish","format-standard","hentry","category-noticias"],"acf":[],"yoast_head":"<!-- This site is optimized with the Yoast SEO plugin v27.4 - https:\/\/yoast.com\/product\/yoast-seo-wordpress\/ -->\n<title>O que \u00e9 Persona e como defini-la para o seu tipo de neg\u00f3cio?<\/title>\n<meta name=\"description\" content=\"Persona \u00e9 o seu cliente ideal, ent\u00e3o veja como definir, benef\u00edcios, exemplos e qual a import\u00e2ncia de aplicar essa estrat\u00e9gia no seu neg\u00f3cio!\" \/>\n<meta name=\"robots\" content=\"index, follow, max-snippet:-1, max-image-preview:large, max-video-preview:-1\" \/>\n<link rel=\"canonical\" href=\"https:\/\/www.empresaqui.com.br\/blog\/persona\/\" \/>\n<meta property=\"og:locale\" content=\"pt_BR\" \/>\n<meta property=\"og:type\" content=\"article\" \/>\n<meta property=\"og:title\" content=\"O que \u00e9 Persona e como defini-la para o seu tipo de neg\u00f3cio?\" \/>\n<meta property=\"og:description\" content=\"Persona \u00e9 o seu cliente ideal, ent\u00e3o veja como definir, benef\u00edcios, exemplos e qual a import\u00e2ncia de aplicar essa estrat\u00e9gia no seu neg\u00f3cio!\" \/>\n<meta property=\"og:url\" content=\"https:\/\/www.empresaqui.com.br\/blog\/persona\/\" \/>\n<meta property=\"og:site_name\" content=\"Blog EmpresAqui\" \/>\n<meta property=\"article:publisher\" content=\"https:\/\/www.facebook.com\/empresaquibr\" \/>\n<meta property=\"article:published_time\" content=\"2023-10-31T14:45:44+00:00\" \/>\n<meta property=\"article:modified_time\" content=\"2023-11-09T16:35:14+00:00\" \/>\n<meta name=\"author\" content=\"Juliana Nascimento\" \/>\n<meta name=\"twitter:card\" content=\"summary_large_image\" \/>\n<meta name=\"twitter:label1\" content=\"Escrito por\" \/>\n\t<meta name=\"twitter:data1\" content=\"Juliana Nascimento\" \/>\n\t<meta name=\"twitter:label2\" content=\"Est. tempo de leitura\" \/>\n\t<meta name=\"twitter:data2\" content=\"7 minutos\" \/>\n<script type=\"application\/ld+json\" class=\"yoast-schema-graph\">{\"@context\":\"https:\\\/\\\/schema.org\",\"@graph\":[{\"@type\":\"Article\",\"@id\":\"https:\\\/\\\/www.empresaqui.com.br\\\/blog\\\/persona\\\/#article\",\"isPartOf\":{\"@id\":\"https:\\\/\\\/www.empresaqui.com.br\\\/blog\\\/persona\\\/\"},\"author\":{\"name\":\"Juliana Nascimento\",\"@id\":\"https:\\\/\\\/www.empresaqui.com.br\\\/blog\\\/#\\\/schema\\\/person\\\/35e22abae86530f7e6afefaad7ec3785\"},\"headline\":\"Entenda o que \u00e9 Persona e a import\u00e2ncia de definir para o seu neg\u00f3cio!\",\"datePublished\":\"2023-10-31T14:45:44+00:00\",\"dateModified\":\"2023-11-09T16:35:14+00:00\",\"mainEntityOfPage\":{\"@id\":\"https:\\\/\\\/www.empresaqui.com.br\\\/blog\\\/persona\\\/\"},\"wordCount\":1403,\"publisher\":{\"@id\":\"https:\\\/\\\/www.empresaqui.com.br\\\/blog\\\/#organization\"},\"articleSection\":[\"Not\u00edcias\"],\"inLanguage\":\"pt-BR\"},{\"@type\":\"WebPage\",\"@id\":\"https:\\\/\\\/www.empresaqui.com.br\\\/blog\\\/persona\\\/\",\"url\":\"https:\\\/\\\/www.empresaqui.com.br\\\/blog\\\/persona\\\/\",\"name\":\"O que \u00e9 Persona e como defini-la para o seu tipo de neg\u00f3cio?\",\"isPartOf\":{\"@id\":\"https:\\\/\\\/www.empresaqui.com.br\\\/blog\\\/#website\"},\"datePublished\":\"2023-10-31T14:45:44+00:00\",\"dateModified\":\"2023-11-09T16:35:14+00:00\",\"description\":\"Persona \u00e9 o seu cliente ideal, ent\u00e3o veja como definir, benef\u00edcios, exemplos e qual a import\u00e2ncia de aplicar essa estrat\u00e9gia no seu neg\u00f3cio!\",\"breadcrumb\":{\"@id\":\"https:\\\/\\\/www.empresaqui.com.br\\\/blog\\\/persona\\\/#breadcrumb\"},\"inLanguage\":\"pt-BR\",\"potentialAction\":[{\"@type\":\"ReadAction\",\"target\":[\"https:\\\/\\\/www.empresaqui.com.br\\\/blog\\\/persona\\\/\"]}]},{\"@type\":\"BreadcrumbList\",\"@id\":\"https:\\\/\\\/www.empresaqui.com.br\\\/blog\\\/persona\\\/#breadcrumb\",\"itemListElement\":[{\"@type\":\"ListItem\",\"position\":1,\"name\":\"In\u00edcio\",\"item\":\"https:\\\/\\\/www.empresaqui.com.br\\\/blog\\\/\"},{\"@type\":\"ListItem\",\"position\":2,\"name\":\"Not\u00edcias\",\"item\":\"https:\\\/\\\/www.empresaqui.com.br\\\/blog\\\/category\\\/noticias\\\/\"},{\"@type\":\"ListItem\",\"position\":3,\"name\":\"Entenda o que \u00e9 Persona e a import\u00e2ncia de definir para o seu neg\u00f3cio!\"}]},{\"@type\":\"WebSite\",\"@id\":\"https:\\\/\\\/www.empresaqui.com.br\\\/blog\\\/#website\",\"url\":\"https:\\\/\\\/www.empresaqui.com.br\\\/blog\\\/\",\"name\":\"Blog EmpresAqui\",\"description\":\"\",\"publisher\":{\"@id\":\"https:\\\/\\\/www.empresaqui.com.br\\\/blog\\\/#organization\"},\"potentialAction\":[{\"@type\":\"SearchAction\",\"target\":{\"@type\":\"EntryPoint\",\"urlTemplate\":\"https:\\\/\\\/www.empresaqui.com.br\\\/blog\\\/?s={search_term_string}\"},\"query-input\":{\"@type\":\"PropertyValueSpecification\",\"valueRequired\":true,\"valueName\":\"search_term_string\"}}],\"inLanguage\":\"pt-BR\"},{\"@type\":\"Organization\",\"@id\":\"https:\\\/\\\/www.empresaqui.com.br\\\/blog\\\/#organization\",\"name\":\"EmpresAqui\",\"url\":\"https:\\\/\\\/www.empresaqui.com.br\\\/blog\\\/\",\"logo\":{\"@type\":\"ImageObject\",\"inLanguage\":\"pt-BR\",\"@id\":\"https:\\\/\\\/www.empresaqui.com.br\\\/blog\\\/#\\\/schema\\\/logo\\\/image\\\/\",\"url\":\"https:\\\/\\\/www.empresaqui.com.br\\\/blog\\\/wp-content\\\/uploads\\\/2023\\\/02\\\/cropped-cropped-AdminLTELogo-2-1-1.png\",\"contentUrl\":\"https:\\\/\\\/www.empresaqui.com.br\\\/blog\\\/wp-content\\\/uploads\\\/2023\\\/02\\\/cropped-cropped-AdminLTELogo-2-1-1.png\",\"width\":100,\"height\":100,\"caption\":\"EmpresAqui\"},\"image\":{\"@id\":\"https:\\\/\\\/www.empresaqui.com.br\\\/blog\\\/#\\\/schema\\\/logo\\\/image\\\/\"},\"sameAs\":[\"https:\\\/\\\/www.facebook.com\\\/empresaquibr\",\"https:\\\/\\\/www.instagram.com\\\/empresaqui\"]},{\"@type\":\"Person\",\"@id\":\"https:\\\/\\\/www.empresaqui.com.br\\\/blog\\\/#\\\/schema\\\/person\\\/35e22abae86530f7e6afefaad7ec3785\",\"name\":\"Juliana Nascimento\",\"image\":{\"@type\":\"ImageObject\",\"inLanguage\":\"pt-BR\",\"@id\":\"https:\\\/\\\/secure.gravatar.com\\\/avatar\\\/89afb3e854e6e263da0f8e509456a20248ff2827866a30d32a463feed4eea605?s=96&d=mm&r=g\",\"url\":\"https:\\\/\\\/secure.gravatar.com\\\/avatar\\\/89afb3e854e6e263da0f8e509456a20248ff2827866a30d32a463feed4eea605?s=96&d=mm&r=g\",\"contentUrl\":\"https:\\\/\\\/secure.gravatar.com\\\/avatar\\\/89afb3e854e6e263da0f8e509456a20248ff2827866a30d32a463feed4eea605?s=96&d=mm&r=g\",\"caption\":\"Juliana Nascimento\"},\"description\":\"Graduada em Publicidade e Propaganda pela Universidade Tiradentes, possui p\u00f3s-gradua\u00e7\u00e3o em Gest\u00e3o, Marketing Digital e Lideran\u00e7a e em Planejamento e Gest\u00e3o Estrat\u00e9gica de Marketing pela UNINTER. Atua com SEO, an\u00e1lise de dados e produ\u00e7\u00e3o de conte\u00fado voltado para intelig\u00eancia de mercado e prospec\u00e7\u00e3o B2B.\",\"url\":\"https:\\\/\\\/www.empresaqui.com.br\\\/blog\\\/author\\\/juliana\\\/\"}]}<\/script>\n<!-- \/ Yoast SEO plugin. -->","yoast_head_json":{"title":"O que \u00e9 Persona e como defini-la para o seu tipo de neg\u00f3cio?","description":"Persona \u00e9 o seu cliente ideal, ent\u00e3o veja como definir, benef\u00edcios, exemplos e qual a import\u00e2ncia de aplicar essa estrat\u00e9gia no seu neg\u00f3cio!","robots":{"index":"index","follow":"follow","max-snippet":"max-snippet:-1","max-image-preview":"max-image-preview:large","max-video-preview":"max-video-preview:-1"},"canonical":"https:\/\/www.empresaqui.com.br\/blog\/persona\/","og_locale":"pt_BR","og_type":"article","og_title":"O que \u00e9 Persona e como defini-la para o seu tipo de neg\u00f3cio?","og_description":"Persona \u00e9 o seu cliente ideal, ent\u00e3o veja como definir, benef\u00edcios, exemplos e qual a import\u00e2ncia de aplicar essa estrat\u00e9gia no seu neg\u00f3cio!","og_url":"https:\/\/www.empresaqui.com.br\/blog\/persona\/","og_site_name":"Blog EmpresAqui","article_publisher":"https:\/\/www.facebook.com\/empresaquibr","article_published_time":"2023-10-31T14:45:44+00:00","article_modified_time":"2023-11-09T16:35:14+00:00","author":"Juliana Nascimento","twitter_card":"summary_large_image","twitter_misc":{"Escrito por":"Juliana Nascimento","Est. tempo de leitura":"7 minutos"},"schema":{"@context":"https:\/\/schema.org","@graph":[{"@type":"Article","@id":"https:\/\/www.empresaqui.com.br\/blog\/persona\/#article","isPartOf":{"@id":"https:\/\/www.empresaqui.com.br\/blog\/persona\/"},"author":{"name":"Juliana Nascimento","@id":"https:\/\/www.empresaqui.com.br\/blog\/#\/schema\/person\/35e22abae86530f7e6afefaad7ec3785"},"headline":"Entenda o que \u00e9 Persona e a import\u00e2ncia de definir para o seu neg\u00f3cio!","datePublished":"2023-10-31T14:45:44+00:00","dateModified":"2023-11-09T16:35:14+00:00","mainEntityOfPage":{"@id":"https:\/\/www.empresaqui.com.br\/blog\/persona\/"},"wordCount":1403,"publisher":{"@id":"https:\/\/www.empresaqui.com.br\/blog\/#organization"},"articleSection":["Not\u00edcias"],"inLanguage":"pt-BR"},{"@type":"WebPage","@id":"https:\/\/www.empresaqui.com.br\/blog\/persona\/","url":"https:\/\/www.empresaqui.com.br\/blog\/persona\/","name":"O que \u00e9 Persona e como defini-la para o seu tipo de neg\u00f3cio?","isPartOf":{"@id":"https:\/\/www.empresaqui.com.br\/blog\/#website"},"datePublished":"2023-10-31T14:45:44+00:00","dateModified":"2023-11-09T16:35:14+00:00","description":"Persona \u00e9 o seu cliente ideal, ent\u00e3o veja como definir, benef\u00edcios, exemplos e qual a import\u00e2ncia de aplicar essa estrat\u00e9gia no seu neg\u00f3cio!","breadcrumb":{"@id":"https:\/\/www.empresaqui.com.br\/blog\/persona\/#breadcrumb"},"inLanguage":"pt-BR","potentialAction":[{"@type":"ReadAction","target":["https:\/\/www.empresaqui.com.br\/blog\/persona\/"]}]},{"@type":"BreadcrumbList","@id":"https:\/\/www.empresaqui.com.br\/blog\/persona\/#breadcrumb","itemListElement":[{"@type":"ListItem","position":1,"name":"In\u00edcio","item":"https:\/\/www.empresaqui.com.br\/blog\/"},{"@type":"ListItem","position":2,"name":"Not\u00edcias","item":"https:\/\/www.empresaqui.com.br\/blog\/category\/noticias\/"},{"@type":"ListItem","position":3,"name":"Entenda o que \u00e9 Persona e a import\u00e2ncia de definir para o seu neg\u00f3cio!"}]},{"@type":"WebSite","@id":"https:\/\/www.empresaqui.com.br\/blog\/#website","url":"https:\/\/www.empresaqui.com.br\/blog\/","name":"Blog EmpresAqui","description":"","publisher":{"@id":"https:\/\/www.empresaqui.com.br\/blog\/#organization"},"potentialAction":[{"@type":"SearchAction","target":{"@type":"EntryPoint","urlTemplate":"https:\/\/www.empresaqui.com.br\/blog\/?s={search_term_string}"},"query-input":{"@type":"PropertyValueSpecification","valueRequired":true,"valueName":"search_term_string"}}],"inLanguage":"pt-BR"},{"@type":"Organization","@id":"https:\/\/www.empresaqui.com.br\/blog\/#organization","name":"EmpresAqui","url":"https:\/\/www.empresaqui.com.br\/blog\/","logo":{"@type":"ImageObject","inLanguage":"pt-BR","@id":"https:\/\/www.empresaqui.com.br\/blog\/#\/schema\/logo\/image\/","url":"https:\/\/www.empresaqui.com.br\/blog\/wp-content\/uploads\/2023\/02\/cropped-cropped-AdminLTELogo-2-1-1.png","contentUrl":"https:\/\/www.empresaqui.com.br\/blog\/wp-content\/uploads\/2023\/02\/cropped-cropped-AdminLTELogo-2-1-1.png","width":100,"height":100,"caption":"EmpresAqui"},"image":{"@id":"https:\/\/www.empresaqui.com.br\/blog\/#\/schema\/logo\/image\/"},"sameAs":["https:\/\/www.facebook.com\/empresaquibr","https:\/\/www.instagram.com\/empresaqui"]},{"@type":"Person","@id":"https:\/\/www.empresaqui.com.br\/blog\/#\/schema\/person\/35e22abae86530f7e6afefaad7ec3785","name":"Juliana Nascimento","image":{"@type":"ImageObject","inLanguage":"pt-BR","@id":"https:\/\/secure.gravatar.com\/avatar\/89afb3e854e6e263da0f8e509456a20248ff2827866a30d32a463feed4eea605?s=96&d=mm&r=g","url":"https:\/\/secure.gravatar.com\/avatar\/89afb3e854e6e263da0f8e509456a20248ff2827866a30d32a463feed4eea605?s=96&d=mm&r=g","contentUrl":"https:\/\/secure.gravatar.com\/avatar\/89afb3e854e6e263da0f8e509456a20248ff2827866a30d32a463feed4eea605?s=96&d=mm&r=g","caption":"Juliana Nascimento"},"description":"Graduada em Publicidade e Propaganda pela Universidade Tiradentes, possui p\u00f3s-gradua\u00e7\u00e3o em Gest\u00e3o, Marketing Digital e Lideran\u00e7a e em Planejamento e Gest\u00e3o Estrat\u00e9gica de Marketing pela UNINTER. Atua com SEO, an\u00e1lise de dados e produ\u00e7\u00e3o de conte\u00fado voltado para intelig\u00eancia de mercado e prospec\u00e7\u00e3o B2B.","url":"https:\/\/www.empresaqui.com.br\/blog\/author\/juliana\/"}]}},"uagb_featured_image_src":{"full":false,"thumbnail":false,"medium":false,"medium_large":false,"large":false,"1536x1536":false,"2048x2048":false},"uagb_author_info":{"display_name":"Juliana Nascimento","author_link":"https:\/\/www.empresaqui.com.br\/blog\/author\/juliana\/"},"uagb_comment_info":0,"uagb_excerpt":"Se voc\u00ea tem um neg\u00f3cio pr\u00f3prio ou trabalha para uma empresa, j\u00e1 imagina que o maior desafio de qualquer organiza\u00e7\u00e3o [&hellip;]","_links":{"self":[{"href":"https:\/\/www.empresaqui.com.br\/blog\/wp-json\/wp\/v2\/posts\/847","targetHints":{"allow":["GET"]}}],"collection":[{"href":"https:\/\/www.empresaqui.com.br\/blog\/wp-json\/wp\/v2\/posts"}],"about":[{"href":"https:\/\/www.empresaqui.com.br\/blog\/wp-json\/wp\/v2\/types\/post"}],"author":[{"embeddable":true,"href":"https:\/\/www.empresaqui.com.br\/blog\/wp-json\/wp\/v2\/users\/7"}],"replies":[{"embeddable":true,"href":"https:\/\/www.empresaqui.com.br\/blog\/wp-json\/wp\/v2\/comments?post=847"}],"version-history":[{"count":4,"href":"https:\/\/www.empresaqui.com.br\/blog\/wp-json\/wp\/v2\/posts\/847\/revisions"}],"predecessor-version":[{"id":1989,"href":"https:\/\/www.empresaqui.com.br\/blog\/wp-json\/wp\/v2\/posts\/847\/revisions\/1989"}],"wp:attachment":[{"href":"https:\/\/www.empresaqui.com.br\/blog\/wp-json\/wp\/v2\/media?parent=847"}],"wp:term":[{"taxonomy":"category","embeddable":true,"href":"https:\/\/www.empresaqui.com.br\/blog\/wp-json\/wp\/v2\/categories?post=847"},{"taxonomy":"post_tag","embeddable":true,"href":"https:\/\/www.empresaqui.com.br\/blog\/wp-json\/wp\/v2\/tags?post=847"}],"curies":[{"name":"wp","href":"https:\/\/api.w.org\/{rel}","templated":true}]}}