{"id":587,"date":"2023-07-10T15:52:03","date_gmt":"2023-07-10T18:52:03","guid":{"rendered":"https:\/\/www.empresaqui.com.br\/blog\/?p=587"},"modified":"2025-02-21T17:05:07","modified_gmt":"2025-02-21T20:05:07","slug":"razao-social-e-nome-fantasia","status":"publish","type":"post","link":"https:\/\/www.empresaqui.com.br\/blog\/razao-social-e-nome-fantasia\/","title":{"rendered":"Qual a diferen\u00e7a entre Raz\u00e3o Social e Nome Fantasia de uma empresa?"},"content":{"rendered":"\n<p>Ao iniciar um neg\u00f3cio ou pesquisar sobre empresas, \u00e9 comum deparar-se com dois termos importantes: raz\u00e3o social e nome fantasia.&nbsp;<\/p>\n\n\n\n<p>Embora esses termos sejam frequentemente mencionados em contextos empresariais, muitas pessoas ainda t\u00eam d\u00favidas sobre a diferen\u00e7a entre eles e como cada um \u00e9 utilizado.<\/p>\n\n\n\n<p>Compreender essa distin\u00e7\u00e3o \u00e9 fundamental para quem est\u00e1 pensando em empreender ou deseja conhecer melhor o universo empresarial.&nbsp;<\/p>\n\n\n\n<p>Neste artigo, vamos explorar detalhadamente a diferen\u00e7a entre a raz\u00e3o social e o nome fantasia, al\u00e9m de entender como esses elementos s\u00e3o utilizados na identifica\u00e7\u00e3o e registro de uma empresa.&nbsp;<\/p>\n\n\n\n<div id=\"ez-toc-container\" class=\"ez-toc-v2_0_81 ez-toc-wrap-left counter-hierarchy ez-toc-counter ez-toc-custom ez-toc-container-direction\">\n<div class=\"ez-toc-title-container\">\n<p class=\"ez-toc-title\" style=\"cursor:inherit\">Neste artigo voc\u00ea vai ver:<\/p>\n<span class=\"ez-toc-title-toggle\"><a href=\"#\" class=\"ez-toc-pull-right ez-toc-btn ez-toc-btn-xs ez-toc-btn-default ez-toc-toggle\" aria-label=\"Alternar tabela de conte\u00fado\"><span class=\"ez-toc-js-icon-con\"><span class=\"\"><span class=\"eztoc-hide\" style=\"display:none;\">Toggle<\/span><span class=\"ez-toc-icon-toggle-span\"><svg style=\"fill: #0066bf;color:#0066bf\" xmlns=\"http:\/\/www.w3.org\/2000\/svg\" class=\"list-377408\" width=\"20px\" height=\"20px\" viewBox=\"0 0 24 24\" fill=\"none\"><path d=\"M6 6H4v2h2V6zm14 0H8v2h12V6zM4 11h2v2H4v-2zm16 0H8v2h12v-2zM4 16h2v2H4v-2zm16 0H8v2h12v-2z\" fill=\"currentColor\"><\/path><\/svg><svg style=\"fill: #0066bf;color:#0066bf\" class=\"arrow-unsorted-368013\" xmlns=\"http:\/\/www.w3.org\/2000\/svg\" width=\"10px\" height=\"10px\" viewBox=\"0 0 24 24\" version=\"1.2\" baseProfile=\"tiny\"><path d=\"M18.2 9.3l-6.2-6.3-6.2 6.3c-.2.2-.3.4-.3.7s.1.5.3.7c.2.2.4.3.7.3h11c.3 0 .5-.1.7-.3.2-.2.3-.5.3-.7s-.1-.5-.3-.7zM5.8 14.7l6.2 6.3 6.2-6.3c.2-.2.3-.5.3-.7s-.1-.5-.3-.7c-.2-.2-.4-.3-.7-.3h-11c-.3 0-.5.1-.7.3-.2.2-.3.5-.3.7s.1.5.3.7z\"\/><\/svg><\/span><\/span><\/span><\/a><\/span><\/div>\n<nav><ul class='ez-toc-list ez-toc-list-level-1 ' ><li class='ez-toc-page-1 ez-toc-heading-level-2'><a class=\"ez-toc-link ez-toc-heading-1\" href=\"https:\/\/www.empresaqui.com.br\/blog\/razao-social-e-nome-fantasia\/#O_que_e_Razao_Social\" >O que \u00e9 Raz\u00e3o Social?<\/a><\/li><li class='ez-toc-page-1 ez-toc-heading-level-2'><a class=\"ez-toc-link ez-toc-heading-2\" href=\"https:\/\/www.empresaqui.com.br\/blog\/razao-social-e-nome-fantasia\/#O_que_e_Nome_Fantasia\" >O que \u00e9 Nome Fantasia?<\/a><\/li><li class='ez-toc-page-1 ez-toc-heading-level-2'><a class=\"ez-toc-link ez-toc-heading-3\" href=\"https:\/\/www.empresaqui.com.br\/blog\/razao-social-e-nome-fantasia\/#Quais_as_diferencas_entre_Razao_Social_e_Nome_Fantasia\" >Quais as diferen\u00e7as entre Raz\u00e3o Social e Nome Fantasia?<\/a><\/li><li class='ez-toc-page-1 ez-toc-heading-level-2'><a class=\"ez-toc-link ez-toc-heading-4\" href=\"https:\/\/www.empresaqui.com.br\/blog\/razao-social-e-nome-fantasia\/#Como_criar_o_nome_fantasia_para_a_sua_empresa\" >Como criar o nome fantasia para a sua empresa?<\/a><\/li><li class='ez-toc-page-1 ez-toc-heading-level-2'><a class=\"ez-toc-link ez-toc-heading-5\" href=\"https:\/\/www.empresaqui.com.br\/blog\/razao-social-e-nome-fantasia\/#Como_alterar_o_nome_fantasia_da_sua_empresa_da_forma_certa\" >Como alterar o nome fantasia da sua empresa da forma certa?<\/a><\/li><li class='ez-toc-page-1 ez-toc-heading-level-2'><a class=\"ez-toc-link ez-toc-heading-6\" href=\"https:\/\/www.empresaqui.com.br\/blog\/razao-social-e-nome-fantasia\/#Como_alterar_a_razao_social_da_sua_empresa_sem_complicacoes\" >Como alterar a raz\u00e3o social da sua empresa sem complica\u00e7\u00f5es?<\/a><\/li><li class='ez-toc-page-1 ez-toc-heading-level-2'><a class=\"ez-toc-link ez-toc-heading-7\" href=\"https:\/\/www.empresaqui.com.br\/blog\/razao-social-e-nome-fantasia\/#Como_pesquisar_informacoes_de_empresas_por_razao_social_ou_nome_fantasia\" >Como pesquisar informa\u00e7\u00f5es de empresas por raz\u00e3o social ou nome fantasia?<\/a><\/li><li class='ez-toc-page-1 ez-toc-heading-level-2'><a class=\"ez-toc-link ez-toc-heading-8\" href=\"https:\/\/www.empresaqui.com.br\/blog\/razao-social-e-nome-fantasia\/#Gere_listas_de_empresas_personalizadas\" >Gere listas de empresas personalizadas!<\/a><\/li><\/ul><\/nav><\/div>\n<h2 class=\"wp-block-heading\"><span class=\"ez-toc-section\" id=\"O_que_e_Razao_Social\"><\/span><strong>O que \u00e9 Raz\u00e3o Social?<\/strong><span class=\"ez-toc-section-end\"><\/span><\/h2>\n\n\n\n<p><strong>A raz\u00e3o social \u00e9 o nome oficial de uma empresa, registrado nos \u00f3rg\u00e3os competentes<\/strong>. \u00c9 a identifica\u00e7\u00e3o legal da empresa perante a sociedade e representa sua personalidade jur\u00eddica.<\/p>\n\n\n\n<p>A raz\u00e3o social reflete a natureza do neg\u00f3cio, podendo conter o nome dos s\u00f3cios ou a natureza da atividade exercida.<\/p>\n\n\n\n<h2 class=\"wp-block-heading\"><span class=\"ez-toc-section\" id=\"O_que_e_Nome_Fantasia\"><\/span><strong>O que \u00e9 Nome Fantasia?<\/strong><span class=\"ez-toc-section-end\"><\/span><\/h2>\n\n\n\n<p><strong>O nome fantasia, tamb\u00e9m conhecido como nome comercial, \u00e9 o nome pelo qual uma empresa \u00e9 conhecida e se apresenta ao p\u00fablico<\/strong>. \u00c9 uma designa\u00e7\u00e3o criativa e de f\u00e1cil identifica\u00e7\u00e3o, usada para fortalecer a imagem e a identidade da marca.<\/p>\n\n\n\n<p>Ao contr\u00e1rio da raz\u00e3o social, o nome fantasia n\u00e3o possui car\u00e1ter legal e n\u00e3o est\u00e1 registrado nos \u00f3rg\u00e3os competentes.&nbsp;<\/p>\n\n\n\n<p>\u00c9 uma escolha livre da empresa, desde que n\u00e3o infrinja direitos de terceiros, e pode ser alterado ao longo do tempo para se adequar \u00e0s estrat\u00e9gias de marketing e posicionamento da empresa.<\/p>\n\n\n\n<h2 class=\"wp-block-heading\"><span class=\"ez-toc-section\" id=\"Quais_as_diferencas_entre_Razao_Social_e_Nome_Fantasia\"><\/span><strong>Quais as diferen\u00e7as entre Raz\u00e3o Social e Nome Fantasia?<\/strong><span class=\"ez-toc-section-end\"><\/span><\/h2>\n\n\n\n<p><strong>A principal diferen\u00e7a entre o nome a raz\u00e3o social e o nome fantasia \u00e9 o prop\u00f3sito de cada nome<\/strong>.<\/p>\n\n\n\n<p>A raz\u00e3o social \u00e9 o nome registrado de uma empresa, \u00e9 uma informa\u00e7\u00e3o b\u00e1sica sobre ela e segue algumas regras. Enquanto o nome fantasia na verdade \u00e9 um termo opcional, mas muito adotado pelas empresas.<\/p>\n\n\n\n<p>Ambos os termos representam uma empresa, mas a raz\u00e3o social com fun\u00e7\u00e3o de registro e o nome fantasia com uma fun\u00e7\u00e3o comercial.<\/p>\n\n\n\n<h2 class=\"wp-block-heading\"><span class=\"ez-toc-section\" id=\"Como_criar_o_nome_fantasia_para_a_sua_empresa\"><\/span><strong>Como criar o nome fantasia para a sua empresa?<\/strong><span class=\"ez-toc-section-end\"><\/span><\/h2>\n\n\n\n<p><strong>Um bom nome fantasia vai al\u00e9m da criatividade: ele precisa ser memor\u00e1vel, f\u00e1cil de pronunciar e capaz de transmitir a ess\u00eancia e os valores do seu neg\u00f3cio<\/strong>. Para criar um nome impactante, \u00e9 essencial seguir algumas etapas importantes.<\/p>\n\n\n\n<ul class=\"wp-block-list\">\n<li><strong>Defina a identidade da marca:<\/strong> o nome fantasia deve refletir a ess\u00eancia da empresa, transmitindo seus valores, prop\u00f3sito e diferenciais de forma clara e objetiva.<\/li>\n\n\n\n<li><strong>Facilidade de pron\u00fancia e memoriza\u00e7\u00e3o:<\/strong> escolha um nome simples, f\u00e1cil de lembrar e que soe bem ao ser pronunciado. Isso ajuda na divulga\u00e7\u00e3o espont\u00e2nea da marca.<\/li>\n\n\n\n<li><strong>Pesquise o mercado e a concorr\u00eancia:<\/strong> analise como outras empresas do seu setor nomearam suas marcas e identifique oportunidades para se destacar.<\/li>\n\n\n\n<li><strong>Use criatividade e originalidade:<\/strong> experimente met\u00e1foras, associa\u00e7\u00f5es e jogos de palavras que possam criar um nome \u00fanico e atrativo para o seu neg\u00f3cio.<\/li>\n\n\n\n<li><strong>Verifique a disponibilidade:<\/strong> antes de decidir, consulte \u00f3rg\u00e3os de registro de marcas e dom\u00ednios na internet para garantir que o nome esteja livre para uso.<\/li>\n<\/ul>\n\n\n\n<h2 class=\"wp-block-heading\"><span class=\"ez-toc-section\" id=\"Como_alterar_o_nome_fantasia_da_sua_empresa_da_forma_certa\"><\/span><strong>Como alterar o nome fantasia da sua empresa da forma certa?<\/strong><span class=\"ez-toc-section-end\"><\/span><\/h2>\n\n\n\n<p>Para fazer essa transi\u00e7\u00e3o de forma segura e sem perder a identidade da empresa, siga as melhores pr\u00e1ticas abaixo:<\/p>\n\n\n\n<ul class=\"wp-block-list\">\n<li><strong>Reaplique os princ\u00edpios da cria\u00e7\u00e3o original:<\/strong> ao escolher um novo nome fantasia, siga as mesmas diretrizes de originalidade, facilidade de pron\u00fancia e alinhamento com a identidade da marca.<\/li>\n\n\n\n<li><strong>Comunique a mudan\u00e7a ao mercado:<\/strong> informe clientes, fornecedores e <strong><a href=\"https:\/\/www.empresaqui.com.br\/blog\/stakeholders\/\" target=\"_blank\" rel=\"noreferrer noopener\">stakeholders<\/a><\/strong> sobre a altera\u00e7\u00e3o do nome fantasia, garantindo uma transi\u00e7\u00e3o suave e transparente.<\/li>\n\n\n\n<li><strong>Atualize os canais de comunica\u00e7\u00e3o:<\/strong> ajuste o nome em todos os materiais da empresa, como site, redes sociais, materiais impressos e documentos oficiais.<\/li>\n<\/ul>\n\n\n\n<h3 class=\"wp-block-heading\"><strong>Dicas para escolher a raz\u00e3o social da sua empresa<\/strong><\/h3>\n\n\n\n<p>A raz\u00e3o social \u00e9 o nome oficial da sua empresa perante os \u00f3rg\u00e3os reguladores e precisa ser escolhida com cuidado, considerando n\u00e3o apenas aspectos legais, mas tamb\u00e9m estrat\u00e9gicos. Uma boa raz\u00e3o social agrega profissionalismo e pode facilitar parcerias e negocia\u00e7\u00f5es comerciais.<\/p>\n\n\n\n<ul class=\"wp-block-list\">\n<li><strong>Considere o ramo de atividade:<\/strong> a raz\u00e3o social deve ter rela\u00e7\u00e3o direta com o <a href=\"https:\/\/www.empresaqui.com.br\/blog\/cnae-o-que-e\/\" target=\"_blank\" rel=\"noreferrer noopener\"><strong>segmento CNAE<\/strong><\/a> da empresa e, quando poss\u00edvel, incluir termos que reforcem a \u00e1rea de atua\u00e7\u00e3o.<\/li>\n\n\n\n<li><strong>Inclua os nomes dos s\u00f3cios (opcional):<\/strong> em algumas situa\u00e7\u00f5es, utilizar os nomes dos fundadores pode agregar credibilidade, especialmente em neg\u00f3cios familiares ou escrit\u00f3rios de advocacia e contabilidade.<\/li>\n\n\n\n<li><strong>Avalie a proposta de valor da empresa:<\/strong> a raz\u00e3o social pode ser uma oportunidade de comunicar o diferencial do seu neg\u00f3cio ao mercado.<\/li>\n\n\n\n<li><strong>Checagem legal:<\/strong> verifique se o nome escolhido est\u00e1 dispon\u00edvel para registro e se n\u00e3o infringe direitos de marcas j\u00e1 existentes.<\/li>\n<\/ul>\n\n\n\n<h2 class=\"wp-block-heading\"><span class=\"ez-toc-section\" id=\"Como_alterar_a_razao_social_da_sua_empresa_sem_complicacoes\"><\/span><strong>Como alterar a raz\u00e3o social da sua empresa sem complica\u00e7\u00f5es?<\/strong><span class=\"ez-toc-section-end\"><\/span><\/h2>\n\n\n\n<p>A mudan\u00e7a da raz\u00e3o social exige aten\u00e7\u00e3o aos tr\u00e2mites legais e uma comunica\u00e7\u00e3o clara com o mercado. Essa altera\u00e7\u00e3o pode acontecer em casos de fus\u00f5es, mudan\u00e7as de sociedade ou reposicionamento da empresa. Confira as etapas principais para realizar essa mudan\u00e7a com seguran\u00e7a:<\/p>\n\n\n\n<ul class=\"wp-block-list\">\n<li><strong>Siga os procedimentos legais:<\/strong> prepare o contrato social atualizado, obtenha as autoriza\u00e7\u00f5es necess\u00e1rias e realize o registro nos \u00f3rg\u00e3os competentes.<\/li>\n\n\n\n<li><strong>Conte com profissionais especializados:<\/strong> advogados e contadores podem orientar o processo e garantir que todos os requisitos legais sejam atendidos.<\/li>\n\n\n\n<li><strong>Comunique a mudan\u00e7a:<\/strong> informe clientes e parceiros sobre a nova raz\u00e3o social e fa\u00e7a as atualiza\u00e7\u00f5es em documentos, contratos e materiais de comunica\u00e7\u00e3o.<\/li>\n<\/ul>\n\n\n\n<h2 class=\"wp-block-heading\"><span class=\"ez-toc-section\" id=\"Como_pesquisar_informacoes_de_empresas_por_razao_social_ou_nome_fantasia\"><\/span>Como pesquisar informa\u00e7\u00f5es de empresas por raz\u00e3o social ou nome fantasia?<span class=\"ez-toc-section-end\"><\/span><\/h2>\n\n\n\n<p>J\u00e1 pensou em como voc\u00ea pode descobrir informa\u00e7\u00f5es estrat\u00e9gicas sobre uma empresa espec\u00edfica se voc\u00ea tem o nome da empresa, mas n\u00e3o tem o CNPJ?<\/p>\n\n\n\n<p>Essas e in\u00fameras outras possibilidades voc\u00ea pode acessar atrav\u00e9s dos filtros exclusivos de pesquisa na plataforma <strong><a href=\"https:\/\/www.empresaqui.com.br\/\" target=\"_blank\" rel=\"noreferrer noopener\">EmpresAqui<\/a><\/strong>!<\/p>\n\n\n\n<p>Para realizar pesquisas por Raz\u00e3o Social ou nome fantasia, basta acessar a \u00e1rea de pesquisa por filtros no EmpresAqui. Nesse espa\u00e7o, existe o campo de pesquisa por nome fantasia e raz\u00e3o social, que gera resultados para ambas as pesquisas, ou apenas para o nome fantasia.<\/p>\n\n\n\n<figure class=\"wp-block-image size-large\"><img loading=\"lazy\" decoding=\"async\" width=\"1024\" height=\"179\" src=\"https:\/\/www.empresaqui.com.br\/blog\/wp-content\/uploads\/2025\/02\/razao-fantasia-1024x179.png\" alt=\"\" class=\"wp-image-4046\" srcset=\"https:\/\/www.empresaqui.com.br\/blog\/wp-content\/uploads\/2025\/02\/razao-fantasia-1024x179.png 1024w, https:\/\/www.empresaqui.com.br\/blog\/wp-content\/uploads\/2025\/02\/razao-fantasia-300x52.png 300w, https:\/\/www.empresaqui.com.br\/blog\/wp-content\/uploads\/2025\/02\/razao-fantasia-768x134.png 768w, https:\/\/www.empresaqui.com.br\/blog\/wp-content\/uploads\/2025\/02\/razao-fantasia-1536x268.png 1536w, https:\/\/www.empresaqui.com.br\/blog\/wp-content\/uploads\/2025\/02\/razao-fantasia-2048x358.png 2048w\" sizes=\"auto, (max-width: 1024px) 100vw, 1024px\" \/><\/figure>\n\n\n\n<p>Al\u00e9m disso, voc\u00ea pode aprofundar suas pesquisas com campos como localiza\u00e7\u00e3o geogr\u00e1fica, natureza jur\u00eddica das empresas, entre outros campos.<\/p>\n\n\n\n<p>Ent\u00e3o n\u00e3o perca tempo e acesse a plataforma da EmpresAqui, onde voc\u00ea pode configurar listas e empresas que melhor se encaixem nos objetivos de prospec\u00e7\u00e3o do seu neg\u00f3cio.<\/p>\n\n\n\n<div class=\"banner\">\n            <h2><span class=\"ez-toc-section\" id=\"Gere_listas_de_empresas_personalizadas\"><\/span>Gere listas de empresas personalizadas!<span class=\"ez-toc-section-end\"><\/span><\/h2>\n            <p>Cadastre-se gr\u00e1tis agora mesmo<\/p>\n            <div class=\"bottom-banner\">\n                <img decoding=\"async\" src=\"https:\/\/www.empresaqui.com.br\/blog\/wp-content\/uploads\/2021\/11\/AdminLTELogo.png\" alt=\"Seu Logotipo\" class=\"logo\">\n                <a href=\"https:\/\/www.empresaqui.com.br\/plano-gratuito?utm_source=blog&amp;utm_medium=banner&amp;utm_campaign=CTA-GRATUITO-HTML\" class=\"cta-button-banner\">Teste aqui agora<\/a>\n            <\/div>\n        <\/div>\n\n        <style>\n            .bottom-banner{\n                display: flex;\n                justify-content: center;\n                align-items: center;\n            }\n            .bottom-banner img{\n                width: 3rem !important;\n                height: 3rem !important;\n                margin-right: 1rem;\n            }\n            .banner h2{\n                font-family: Arial, sans-serif;\n                color: #fff !important;\n            }\n            .banner p{\n                font-family: Arial, sans-serif;\n            }\n            .banner {\n                background:#001E40;\n                color: #FFFFFF;\n                text-align: center;\n                padding: 20px;\n            }\n            .cta-button-banner {\n                display: inline-block;\n                background-color: #0CFFFB;\n                color: #000;\n                border: none;\n                padding: 1px 15px;\n                font-size: 14px;\n                font-family: sans-serif;\n                font-weight: 700;\n                border-radius: 21px;\n                cursor: pointer;\n                transition: background-color 0.3s ease;\n                text-decoration: none;\n            }\n\n            @media (max-width: 767px) {\n                .banner h2{\n                    font-size:20px;\n                }\n                .cta-button-banner {\n                    padding: 1px 15px;\n                    font-size: 12px;\n                }\n\n            }\n        <\/style>\n    \n\n","protected":false},"excerpt":{"rendered":"<p>Ao iniciar um neg\u00f3cio ou pesquisar sobre empresas, \u00e9 comum deparar-se com dois termos importantes: raz\u00e3o social e nome fantasia.&nbsp; [&hellip;]<\/p>\n","protected":false},"author":8,"featured_media":0,"comment_status":"open","ping_status":"open","sticky":false,"template":"","format":"standard","meta":{"_acf_changed":false,"_uag_custom_page_level_css":"","site-sidebar-layout":"default","site-content-layout":"","ast-site-content-layout":"default","site-content-style":"default","site-sidebar-style":"default","ast-global-header-display":"","ast-banner-title-visibility":"","ast-main-header-display":"","ast-hfb-above-header-display":"","ast-hfb-below-header-display":"","ast-hfb-mobile-header-display":"","site-post-title":"","ast-breadcrumbs-content":"","ast-featured-img":"","footer-sml-layout":"","theme-transparent-header-meta":"","adv-header-id-meta":"","stick-header-meta":"","header-above-stick-meta":"","header-main-stick-meta":"","header-below-stick-meta":"","astra-migrate-meta-layouts":"default","ast-page-background-enabled":"default","ast-page-background-meta":{"desktop":{"background-color":"var(--ast-global-color-4)","background-image":"","background-repeat":"repeat","background-position":"center center","background-size":"auto","background-attachment":"scroll","background-type":"","background-media":"","overlay-type":"","overlay-color":"","overlay-opacity":"","overlay-gradient":""},"tablet":{"background-color":"","background-image":"","background-repeat":"repeat","background-position":"center center","background-size":"auto","background-attachment":"scroll","background-type":"","background-media":"","overlay-type":"","overlay-color":"","overlay-opacity":"","overlay-gradient":""},"mobile":{"background-color":"","background-image":"","background-repeat":"repeat","background-position":"center center","background-size":"auto","background-attachment":"scroll","background-type":"","background-media":"","overlay-type":"","overlay-color":"","overlay-opacity":"","overlay-gradient":""}},"ast-content-background-meta":{"desktop":{"background-color":"var(--ast-global-color-5)","background-image":"","background-repeat":"repeat","background-position":"center center","background-size":"auto","background-attachment":"scroll","background-type":"","background-media":"","overlay-type":"","overlay-color":"","overlay-opacity":"","overlay-gradient":""},"tablet":{"background-color":"var(--ast-global-color-5)","background-image":"","background-repeat":"repeat","background-position":"center center","background-size":"auto","background-attachment":"scroll","background-type":"","background-media":"","overlay-type":"","overlay-color":"","overlay-opacity":"","overlay-gradient":""},"mobile":{"background-color":"var(--ast-global-color-5)","background-image":"","background-repeat":"repeat","background-position":"center center","background-size":"auto","background-attachment":"scroll","background-type":"","background-media":"","overlay-type":"","overlay-color":"","overlay-opacity":"","overlay-gradient":""}},"footnotes":""},"categories":[34],"tags":[],"class_list":["post-587","post","type-post","status-publish","format-standard","hentry","category-contabilidade-legislacao"],"acf":[],"yoast_head":"<!-- This site is optimized with the Yoast SEO plugin v27.4 - https:\/\/yoast.com\/product\/yoast-seo-wordpress\/ -->\n<title>Raz\u00e3o social e nome fantasia: qual a diferen\u00e7a?<\/title>\n<meta name=\"description\" content=\"Conhe\u00e7a as principais diferen\u00e7as entre o nome fantasia e a raz\u00e3o social de uma empresa e como identificar as nomenclaturas\" \/>\n<meta name=\"robots\" content=\"index, follow, max-snippet:-1, max-image-preview:large, max-video-preview:-1\" \/>\n<link rel=\"canonical\" href=\"https:\/\/www.empresaqui.com.br\/blog\/razao-social-e-nome-fantasia\/\" \/>\n<meta property=\"og:locale\" content=\"pt_BR\" \/>\n<meta property=\"og:type\" content=\"article\" \/>\n<meta property=\"og:title\" content=\"Raz\u00e3o social e nome fantasia: qual a diferen\u00e7a?\" \/>\n<meta property=\"og:description\" content=\"Conhe\u00e7a as principais diferen\u00e7as entre o nome fantasia e a raz\u00e3o social de uma empresa e como identificar as nomenclaturas\" \/>\n<meta property=\"og:url\" content=\"https:\/\/www.empresaqui.com.br\/blog\/razao-social-e-nome-fantasia\/\" \/>\n<meta property=\"og:site_name\" content=\"Blog EmpresAqui\" \/>\n<meta property=\"article:publisher\" content=\"https:\/\/www.facebook.com\/empresaquibr\" \/>\n<meta property=\"article:published_time\" content=\"2023-07-10T18:52:03+00:00\" \/>\n<meta property=\"article:modified_time\" content=\"2025-02-21T20:05:07+00:00\" \/>\n<meta property=\"og:image\" content=\"https:\/\/www.empresaqui.com.br\/blog\/wp-content\/uploads\/2025\/02\/razao-fantasia-1024x179.png\" \/>\n<meta name=\"author\" content=\"Danillo Rocha\" \/>\n<meta name=\"twitter:card\" content=\"summary_large_image\" \/>\n<meta name=\"twitter:label1\" content=\"Escrito por\" \/>\n\t<meta name=\"twitter:data1\" content=\"Danillo Rocha\" \/>\n\t<meta name=\"twitter:label2\" content=\"Est. tempo de leitura\" \/>\n\t<meta name=\"twitter:data2\" content=\"6 minutos\" \/>\n<script type=\"application\/ld+json\" class=\"yoast-schema-graph\">{\"@context\":\"https:\\\/\\\/schema.org\",\"@graph\":[{\"@type\":\"Article\",\"@id\":\"https:\\\/\\\/www.empresaqui.com.br\\\/blog\\\/razao-social-e-nome-fantasia\\\/#article\",\"isPartOf\":{\"@id\":\"https:\\\/\\\/www.empresaqui.com.br\\\/blog\\\/razao-social-e-nome-fantasia\\\/\"},\"author\":{\"name\":\"Danillo Rocha\",\"@id\":\"https:\\\/\\\/www.empresaqui.com.br\\\/blog\\\/#\\\/schema\\\/person\\\/be165d2b8065bfa20b88787a07cf9e96\"},\"headline\":\"Qual a diferen\u00e7a entre Raz\u00e3o Social e Nome Fantasia de uma empresa?\",\"datePublished\":\"2023-07-10T18:52:03+00:00\",\"dateModified\":\"2025-02-21T20:05:07+00:00\",\"mainEntityOfPage\":{\"@id\":\"https:\\\/\\\/www.empresaqui.com.br\\\/blog\\\/razao-social-e-nome-fantasia\\\/\"},\"wordCount\":1137,\"commentCount\":0,\"publisher\":{\"@id\":\"https:\\\/\\\/www.empresaqui.com.br\\\/blog\\\/#organization\"},\"image\":{\"@id\":\"https:\\\/\\\/www.empresaqui.com.br\\\/blog\\\/razao-social-e-nome-fantasia\\\/#primaryimage\"},\"thumbnailUrl\":\"https:\\\/\\\/www.empresaqui.com.br\\\/blog\\\/wp-content\\\/uploads\\\/2025\\\/02\\\/razao-fantasia-1024x179.png\",\"articleSection\":[\"Legisla\u00e7\u00e3o\"],\"inLanguage\":\"pt-BR\"},{\"@type\":\"WebPage\",\"@id\":\"https:\\\/\\\/www.empresaqui.com.br\\\/blog\\\/razao-social-e-nome-fantasia\\\/\",\"url\":\"https:\\\/\\\/www.empresaqui.com.br\\\/blog\\\/razao-social-e-nome-fantasia\\\/\",\"name\":\"Raz\u00e3o social e nome fantasia: qual a diferen\u00e7a?\",\"isPartOf\":{\"@id\":\"https:\\\/\\\/www.empresaqui.com.br\\\/blog\\\/#website\"},\"primaryImageOfPage\":{\"@id\":\"https:\\\/\\\/www.empresaqui.com.br\\\/blog\\\/razao-social-e-nome-fantasia\\\/#primaryimage\"},\"image\":{\"@id\":\"https:\\\/\\\/www.empresaqui.com.br\\\/blog\\\/razao-social-e-nome-fantasia\\\/#primaryimage\"},\"thumbnailUrl\":\"https:\\\/\\\/www.empresaqui.com.br\\\/blog\\\/wp-content\\\/uploads\\\/2025\\\/02\\\/razao-fantasia-1024x179.png\",\"datePublished\":\"2023-07-10T18:52:03+00:00\",\"dateModified\":\"2025-02-21T20:05:07+00:00\",\"description\":\"Conhe\u00e7a as principais diferen\u00e7as entre o nome fantasia e a raz\u00e3o social de uma empresa e como identificar as nomenclaturas\",\"breadcrumb\":{\"@id\":\"https:\\\/\\\/www.empresaqui.com.br\\\/blog\\\/razao-social-e-nome-fantasia\\\/#breadcrumb\"},\"inLanguage\":\"pt-BR\",\"potentialAction\":[{\"@type\":\"ReadAction\",\"target\":[\"https:\\\/\\\/www.empresaqui.com.br\\\/blog\\\/razao-social-e-nome-fantasia\\\/\"]}]},{\"@type\":\"ImageObject\",\"inLanguage\":\"pt-BR\",\"@id\":\"https:\\\/\\\/www.empresaqui.com.br\\\/blog\\\/razao-social-e-nome-fantasia\\\/#primaryimage\",\"url\":\"https:\\\/\\\/www.empresaqui.com.br\\\/blog\\\/wp-content\\\/uploads\\\/2025\\\/02\\\/razao-fantasia.png\",\"contentUrl\":\"https:\\\/\\\/www.empresaqui.com.br\\\/blog\\\/wp-content\\\/uploads\\\/2025\\\/02\\\/razao-fantasia.png\",\"width\":2742,\"height\":479},{\"@type\":\"BreadcrumbList\",\"@id\":\"https:\\\/\\\/www.empresaqui.com.br\\\/blog\\\/razao-social-e-nome-fantasia\\\/#breadcrumb\",\"itemListElement\":[{\"@type\":\"ListItem\",\"position\":1,\"name\":\"In\u00edcio\",\"item\":\"https:\\\/\\\/www.empresaqui.com.br\\\/blog\\\/\"},{\"@type\":\"ListItem\",\"position\":2,\"name\":\"Legisla\u00e7\u00e3o\",\"item\":\"https:\\\/\\\/www.empresaqui.com.br\\\/blog\\\/category\\\/contabilidade-legislacao\\\/\"},{\"@type\":\"ListItem\",\"position\":3,\"name\":\"Qual a diferen\u00e7a entre Raz\u00e3o Social e Nome Fantasia de uma empresa?\"}]},{\"@type\":\"WebSite\",\"@id\":\"https:\\\/\\\/www.empresaqui.com.br\\\/blog\\\/#website\",\"url\":\"https:\\\/\\\/www.empresaqui.com.br\\\/blog\\\/\",\"name\":\"Blog EmpresAqui\",\"description\":\"\",\"publisher\":{\"@id\":\"https:\\\/\\\/www.empresaqui.com.br\\\/blog\\\/#organization\"},\"potentialAction\":[{\"@type\":\"SearchAction\",\"target\":{\"@type\":\"EntryPoint\",\"urlTemplate\":\"https:\\\/\\\/www.empresaqui.com.br\\\/blog\\\/?s={search_term_string}\"},\"query-input\":{\"@type\":\"PropertyValueSpecification\",\"valueRequired\":true,\"valueName\":\"search_term_string\"}}],\"inLanguage\":\"pt-BR\"},{\"@type\":\"Organization\",\"@id\":\"https:\\\/\\\/www.empresaqui.com.br\\\/blog\\\/#organization\",\"name\":\"EmpresAqui\",\"url\":\"https:\\\/\\\/www.empresaqui.com.br\\\/blog\\\/\",\"logo\":{\"@type\":\"ImageObject\",\"inLanguage\":\"pt-BR\",\"@id\":\"https:\\\/\\\/www.empresaqui.com.br\\\/blog\\\/#\\\/schema\\\/logo\\\/image\\\/\",\"url\":\"https:\\\/\\\/www.empresaqui.com.br\\\/blog\\\/wp-content\\\/uploads\\\/2023\\\/02\\\/cropped-cropped-AdminLTELogo-2-1-1.png\",\"contentUrl\":\"https:\\\/\\\/www.empresaqui.com.br\\\/blog\\\/wp-content\\\/uploads\\\/2023\\\/02\\\/cropped-cropped-AdminLTELogo-2-1-1.png\",\"width\":100,\"height\":100,\"caption\":\"EmpresAqui\"},\"image\":{\"@id\":\"https:\\\/\\\/www.empresaqui.com.br\\\/blog\\\/#\\\/schema\\\/logo\\\/image\\\/\"},\"sameAs\":[\"https:\\\/\\\/www.facebook.com\\\/empresaquibr\",\"https:\\\/\\\/www.instagram.com\\\/empresaqui\"]},{\"@type\":\"Person\",\"@id\":\"https:\\\/\\\/www.empresaqui.com.br\\\/blog\\\/#\\\/schema\\\/person\\\/be165d2b8065bfa20b88787a07cf9e96\",\"name\":\"Danillo Rocha\",\"image\":{\"@type\":\"ImageObject\",\"inLanguage\":\"pt-BR\",\"@id\":\"https:\\\/\\\/secure.gravatar.com\\\/avatar\\\/a440539fd479fe3447e5aeaa627ba644f1a101516334fa5a2b263c192ba710bc?s=96&d=mm&r=g\",\"url\":\"https:\\\/\\\/secure.gravatar.com\\\/avatar\\\/a440539fd479fe3447e5aeaa627ba644f1a101516334fa5a2b263c192ba710bc?s=96&d=mm&r=g\",\"contentUrl\":\"https:\\\/\\\/secure.gravatar.com\\\/avatar\\\/a440539fd479fe3447e5aeaa627ba644f1a101516334fa5a2b263c192ba710bc?s=96&d=mm&r=g\",\"caption\":\"Danillo Rocha\"},\"description\":\"Danillo Rocha \u00e9 CEO e fundador do EmpresAqui, plataforma de intelig\u00eancia de mercado e gera\u00e7\u00e3o de leads B2B com mais de 300 mil usu\u00e1rios. Formado em Ci\u00eancia da Computa\u00e7\u00e3o, com especializa\u00e7\u00e3o em Softwares e Dados e Per\u00edcia Financeira, \u00e9 empreendedor em tecnologia e neg\u00f3cios B2B.\",\"sameAs\":[\"https:\\\/\\\/www.empresaqui.com.br\\\/\",\"https:\\\/\\\/www.instagram.com\\\/danillorocha10\",\"https:\\\/\\\/www.instagram.com\\\/danillorocha\"],\"url\":\"https:\\\/\\\/www.empresaqui.com.br\\\/blog\\\/author\\\/danillo-rocha\\\/\"}]}<\/script>\n<!-- \/ Yoast SEO plugin. -->","yoast_head_json":{"title":"Raz\u00e3o social e nome fantasia: qual a diferen\u00e7a?","description":"Conhe\u00e7a as principais diferen\u00e7as entre o nome fantasia e a raz\u00e3o social de uma empresa e como identificar as nomenclaturas","robots":{"index":"index","follow":"follow","max-snippet":"max-snippet:-1","max-image-preview":"max-image-preview:large","max-video-preview":"max-video-preview:-1"},"canonical":"https:\/\/www.empresaqui.com.br\/blog\/razao-social-e-nome-fantasia\/","og_locale":"pt_BR","og_type":"article","og_title":"Raz\u00e3o social e nome fantasia: qual a diferen\u00e7a?","og_description":"Conhe\u00e7a as principais diferen\u00e7as entre o nome fantasia e a raz\u00e3o social de uma empresa e como identificar as nomenclaturas","og_url":"https:\/\/www.empresaqui.com.br\/blog\/razao-social-e-nome-fantasia\/","og_site_name":"Blog EmpresAqui","article_publisher":"https:\/\/www.facebook.com\/empresaquibr","article_published_time":"2023-07-10T18:52:03+00:00","article_modified_time":"2025-02-21T20:05:07+00:00","og_image":[{"url":"https:\/\/www.empresaqui.com.br\/blog\/wp-content\/uploads\/2025\/02\/razao-fantasia-1024x179.png","type":"","width":"","height":""}],"author":"Danillo Rocha","twitter_card":"summary_large_image","twitter_misc":{"Escrito por":"Danillo Rocha","Est. tempo de leitura":"6 minutos"},"schema":{"@context":"https:\/\/schema.org","@graph":[{"@type":"Article","@id":"https:\/\/www.empresaqui.com.br\/blog\/razao-social-e-nome-fantasia\/#article","isPartOf":{"@id":"https:\/\/www.empresaqui.com.br\/blog\/razao-social-e-nome-fantasia\/"},"author":{"name":"Danillo Rocha","@id":"https:\/\/www.empresaqui.com.br\/blog\/#\/schema\/person\/be165d2b8065bfa20b88787a07cf9e96"},"headline":"Qual a diferen\u00e7a entre Raz\u00e3o Social e Nome Fantasia de uma empresa?","datePublished":"2023-07-10T18:52:03+00:00","dateModified":"2025-02-21T20:05:07+00:00","mainEntityOfPage":{"@id":"https:\/\/www.empresaqui.com.br\/blog\/razao-social-e-nome-fantasia\/"},"wordCount":1137,"commentCount":0,"publisher":{"@id":"https:\/\/www.empresaqui.com.br\/blog\/#organization"},"image":{"@id":"https:\/\/www.empresaqui.com.br\/blog\/razao-social-e-nome-fantasia\/#primaryimage"},"thumbnailUrl":"https:\/\/www.empresaqui.com.br\/blog\/wp-content\/uploads\/2025\/02\/razao-fantasia-1024x179.png","articleSection":["Legisla\u00e7\u00e3o"],"inLanguage":"pt-BR"},{"@type":"WebPage","@id":"https:\/\/www.empresaqui.com.br\/blog\/razao-social-e-nome-fantasia\/","url":"https:\/\/www.empresaqui.com.br\/blog\/razao-social-e-nome-fantasia\/","name":"Raz\u00e3o social e nome fantasia: qual a diferen\u00e7a?","isPartOf":{"@id":"https:\/\/www.empresaqui.com.br\/blog\/#website"},"primaryImageOfPage":{"@id":"https:\/\/www.empresaqui.com.br\/blog\/razao-social-e-nome-fantasia\/#primaryimage"},"image":{"@id":"https:\/\/www.empresaqui.com.br\/blog\/razao-social-e-nome-fantasia\/#primaryimage"},"thumbnailUrl":"https:\/\/www.empresaqui.com.br\/blog\/wp-content\/uploads\/2025\/02\/razao-fantasia-1024x179.png","datePublished":"2023-07-10T18:52:03+00:00","dateModified":"2025-02-21T20:05:07+00:00","description":"Conhe\u00e7a as principais diferen\u00e7as entre o nome fantasia e a raz\u00e3o social de uma empresa e como identificar as nomenclaturas","breadcrumb":{"@id":"https:\/\/www.empresaqui.com.br\/blog\/razao-social-e-nome-fantasia\/#breadcrumb"},"inLanguage":"pt-BR","potentialAction":[{"@type":"ReadAction","target":["https:\/\/www.empresaqui.com.br\/blog\/razao-social-e-nome-fantasia\/"]}]},{"@type":"ImageObject","inLanguage":"pt-BR","@id":"https:\/\/www.empresaqui.com.br\/blog\/razao-social-e-nome-fantasia\/#primaryimage","url":"https:\/\/www.empresaqui.com.br\/blog\/wp-content\/uploads\/2025\/02\/razao-fantasia.png","contentUrl":"https:\/\/www.empresaqui.com.br\/blog\/wp-content\/uploads\/2025\/02\/razao-fantasia.png","width":2742,"height":479},{"@type":"BreadcrumbList","@id":"https:\/\/www.empresaqui.com.br\/blog\/razao-social-e-nome-fantasia\/#breadcrumb","itemListElement":[{"@type":"ListItem","position":1,"name":"In\u00edcio","item":"https:\/\/www.empresaqui.com.br\/blog\/"},{"@type":"ListItem","position":2,"name":"Legisla\u00e7\u00e3o","item":"https:\/\/www.empresaqui.com.br\/blog\/category\/contabilidade-legislacao\/"},{"@type":"ListItem","position":3,"name":"Qual a diferen\u00e7a entre Raz\u00e3o Social e Nome Fantasia de uma empresa?"}]},{"@type":"WebSite","@id":"https:\/\/www.empresaqui.com.br\/blog\/#website","url":"https:\/\/www.empresaqui.com.br\/blog\/","name":"Blog EmpresAqui","description":"","publisher":{"@id":"https:\/\/www.empresaqui.com.br\/blog\/#organization"},"potentialAction":[{"@type":"SearchAction","target":{"@type":"EntryPoint","urlTemplate":"https:\/\/www.empresaqui.com.br\/blog\/?s={search_term_string}"},"query-input":{"@type":"PropertyValueSpecification","valueRequired":true,"valueName":"search_term_string"}}],"inLanguage":"pt-BR"},{"@type":"Organization","@id":"https:\/\/www.empresaqui.com.br\/blog\/#organization","name":"EmpresAqui","url":"https:\/\/www.empresaqui.com.br\/blog\/","logo":{"@type":"ImageObject","inLanguage":"pt-BR","@id":"https:\/\/www.empresaqui.com.br\/blog\/#\/schema\/logo\/image\/","url":"https:\/\/www.empresaqui.com.br\/blog\/wp-content\/uploads\/2023\/02\/cropped-cropped-AdminLTELogo-2-1-1.png","contentUrl":"https:\/\/www.empresaqui.com.br\/blog\/wp-content\/uploads\/2023\/02\/cropped-cropped-AdminLTELogo-2-1-1.png","width":100,"height":100,"caption":"EmpresAqui"},"image":{"@id":"https:\/\/www.empresaqui.com.br\/blog\/#\/schema\/logo\/image\/"},"sameAs":["https:\/\/www.facebook.com\/empresaquibr","https:\/\/www.instagram.com\/empresaqui"]},{"@type":"Person","@id":"https:\/\/www.empresaqui.com.br\/blog\/#\/schema\/person\/be165d2b8065bfa20b88787a07cf9e96","name":"Danillo Rocha","image":{"@type":"ImageObject","inLanguage":"pt-BR","@id":"https:\/\/secure.gravatar.com\/avatar\/a440539fd479fe3447e5aeaa627ba644f1a101516334fa5a2b263c192ba710bc?s=96&d=mm&r=g","url":"https:\/\/secure.gravatar.com\/avatar\/a440539fd479fe3447e5aeaa627ba644f1a101516334fa5a2b263c192ba710bc?s=96&d=mm&r=g","contentUrl":"https:\/\/secure.gravatar.com\/avatar\/a440539fd479fe3447e5aeaa627ba644f1a101516334fa5a2b263c192ba710bc?s=96&d=mm&r=g","caption":"Danillo Rocha"},"description":"Danillo Rocha \u00e9 CEO e fundador do EmpresAqui, plataforma de intelig\u00eancia de mercado e gera\u00e7\u00e3o de leads B2B com mais de 300 mil usu\u00e1rios. Formado em Ci\u00eancia da Computa\u00e7\u00e3o, com especializa\u00e7\u00e3o em Softwares e Dados e Per\u00edcia Financeira, \u00e9 empreendedor em tecnologia e neg\u00f3cios B2B.","sameAs":["https:\/\/www.empresaqui.com.br\/","https:\/\/www.instagram.com\/danillorocha10","https:\/\/www.instagram.com\/danillorocha"],"url":"https:\/\/www.empresaqui.com.br\/blog\/author\/danillo-rocha\/"}]}},"uagb_featured_image_src":{"full":false,"thumbnail":false,"medium":false,"medium_large":false,"large":false,"1536x1536":false,"2048x2048":false},"uagb_author_info":{"display_name":"Danillo Rocha","author_link":"https:\/\/www.empresaqui.com.br\/blog\/author\/danillo-rocha\/"},"uagb_comment_info":0,"uagb_excerpt":"Ao iniciar um neg\u00f3cio ou pesquisar sobre empresas, \u00e9 comum deparar-se com dois termos importantes: raz\u00e3o social e nome fantasia.&nbsp; [&hellip;]","_links":{"self":[{"href":"https:\/\/www.empresaqui.com.br\/blog\/wp-json\/wp\/v2\/posts\/587","targetHints":{"allow":["GET"]}}],"collection":[{"href":"https:\/\/www.empresaqui.com.br\/blog\/wp-json\/wp\/v2\/posts"}],"about":[{"href":"https:\/\/www.empresaqui.com.br\/blog\/wp-json\/wp\/v2\/types\/post"}],"author":[{"embeddable":true,"href":"https:\/\/www.empresaqui.com.br\/blog\/wp-json\/wp\/v2\/users\/8"}],"replies":[{"embeddable":true,"href":"https:\/\/www.empresaqui.com.br\/blog\/wp-json\/wp\/v2\/comments?post=587"}],"version-history":[{"count":5,"href":"https:\/\/www.empresaqui.com.br\/blog\/wp-json\/wp\/v2\/posts\/587\/revisions"}],"predecessor-version":[{"id":4047,"href":"https:\/\/www.empresaqui.com.br\/blog\/wp-json\/wp\/v2\/posts\/587\/revisions\/4047"}],"wp:attachment":[{"href":"https:\/\/www.empresaqui.com.br\/blog\/wp-json\/wp\/v2\/media?parent=587"}],"wp:term":[{"taxonomy":"category","embeddable":true,"href":"https:\/\/www.empresaqui.com.br\/blog\/wp-json\/wp\/v2\/categories?post=587"},{"taxonomy":"post_tag","embeddable":true,"href":"https:\/\/www.empresaqui.com.br\/blog\/wp-json\/wp\/v2\/tags?post=587"}],"curies":[{"name":"wp","href":"https:\/\/api.w.org\/{rel}","templated":true}]}}