{"id":438,"date":"2021-12-07T09:38:37","date_gmt":"2021-12-07T12:38:37","guid":{"rendered":"https:\/\/www.empresaqui.com.br\/blog\/?p=438"},"modified":"2021-12-07T09:38:39","modified_gmt":"2021-12-07T12:38:39","slug":"impacto-black-friday-2021","status":"publish","type":"post","link":"https:\/\/www.empresaqui.com.br\/blog\/impacto-black-friday-2021\/","title":{"rendered":"Qual foi o impacto da Black Friday nos seus neg\u00f3cios?"},"content":{"rendered":"\n<p>Seu saldo foi positivo diante de suas expectativas no dia mais popular e cobi\u00e7ado do varejo brasileiro e internacional?<\/p>\n\n\n\n<p>Come\u00e7o com esta pergunta intrigante. Ser\u00e1 que alcan\u00e7amos uma fatia importante de clientes em meio aos ataques incessantes das gigantes do varejo e servi\u00e7os, resguardando e sabendo agarrar de forma correta e concreta o nosso cliente?<\/p>\n\n\n\n<p>Antes de tudo, rapidamente,&nbsp;<strong>o EMPRESAQUI \u00e9 muito mais que uma plataforma de gera\u00e7\u00e3o de leads empresas para prospec\u00e7\u00e3o de neg\u00f3cios<\/strong>. Hoje somos uma ferramenta completa de gest\u00e3o e gerenciamento de neg\u00f3cios empresariais, unindo todas as fases de prospec\u00e7\u00e3o, sendo elas:<\/p>\n\n\n\n<ul class=\"wp-block-list\"><li>Capta\u00e7\u00e3o via Pesquisa em Toda a Base CNPJ do Pa\u00eds Atualizada<\/li><li>Ger\u00eancia por meio de listas personalizadas e grupos de Status<\/li><li>Pesquisas de Semelhantes<\/li><li>Agenda de Contatos e Anota\u00e7\u00f5es Personalizadas para cada Empresa<\/li><li>Mapeamento Exclusivo de Dados Empresariais de forma Quantitativa<\/li><li>Sem limita\u00e7\u00f5es de pesquisas, ger\u00eancia, gest\u00e3o e resultados<\/li><li>Suporte 24 horas<\/li><\/ul>\n\n\n\n<figure class=\"wp-block-image size-large\"><a href=\"https:\/\/www.empresaqui.com.br\/plano-gratuito?utm_source=blog&amp;utm_medium=banner&amp;utm_campaign=revenda\"><img loading=\"lazy\" decoding=\"async\" width=\"900\" height=\"200\" src=\"https:\/\/www.empresaqui.com.br\/blog\/wp-content\/uploads\/2021\/07\/CTA-plano-gratuito.png\" alt=\"Plano Gratuito\" class=\"wp-image-367\" srcset=\"https:\/\/www.empresaqui.com.br\/blog\/wp-content\/uploads\/2021\/07\/CTA-plano-gratuito.png 900w, https:\/\/www.empresaqui.com.br\/blog\/wp-content\/uploads\/2021\/07\/CTA-plano-gratuito-300x67.png 300w, https:\/\/www.empresaqui.com.br\/blog\/wp-content\/uploads\/2021\/07\/CTA-plano-gratuito-768x171.png 768w\" sizes=\"auto, (max-width: 900px) 100vw, 900px\" \/><\/a><\/figure>\n\n\n\n<p>Fazer parte de um dos dias mais importantes do com\u00e9rcio nacional (e mundial) n\u00e3o \u00e9 t\u00e3o f\u00e1cil. Planejamento, organiza\u00e7\u00e3o, estudo, an\u00e1lise, relat\u00f3rios e estat\u00edsticas. Tudo deve ser feito com precis\u00e3o, para que em apenas 24 horas, o trabalho de meses n\u00e3o seja desperdi\u00e7ado.<\/p>\n\n\n\n<p>As vendas no e-commerce brasileiro na Black Friday 2021 totalizaram R$ 4,2 bilh\u00f5es, crescimento nominal de 5% em rela\u00e7\u00e3o a 2020. A informa\u00e7\u00e3o foi divulgada neste s\u00e1bado pela NielsenIQ|Ebit, refer\u00eancia de mensura\u00e7\u00e3o e an\u00e1lise do com\u00e9rcio eletr\u00f4nico no Brasil. O n\u00famero de pedidos caiu 9%, para 5,6 milh\u00f5es, e o ticket m\u00e9dio subiu 16%, para R$ 753.<\/p>\n\n\n\n<h3 class=\"wp-block-heading\">Agora, com sua nova carteira de clientes, voc\u00ea tem as informa\u00e7\u00f5es atualizadas em sua base, para manter o seu ativo?<\/h3>\n\n\n\n<p>Mais importante do que a aquisi\u00e7\u00e3o, \u00e9 manter sua base atualizada e bem nutrida, de forma coerente e correta.<\/p>\n\n\n\n<p>Atualizar as informa\u00e7\u00f5es das empresas, gerar listas de novos clientes, listas de empresas, conte\u00fados relevantes para otimiza\u00e7\u00e3o do contato com seus clientes antigos, atuais e futuros. Isso tudo faz parte do trabalho, que come\u00e7ou num dia de 24 horas, e n\u00e3o ter\u00e1 tempo previsto para terminar (e esperamos que nunca termine!), que \u00e9 o tempo de cuidado com o seu cliente.<\/p>\n\n\n\n<p>Em nossa plataforma EmpresAqui, voc\u00ea conseguir\u00e1 informa\u00e7\u00f5es estrat\u00e9gicas e atualizadas de sua nova base de clientes, al\u00e9m da busca por novos em potencial. Acesse, teste gratuitamente e tire suas conclus\u00f5es com base no seu uso sobre as ferramentas e suas utilidades!<\/p>\n","protected":false},"excerpt":{"rendered":"<p>Seu saldo foi positivo diante de suas expectativas no dia mais popular e cobi\u00e7ado do varejo brasileiro e internacional? Come\u00e7o [&hellip;]<\/p>\n","protected":false},"author":8,"featured_media":0,"comment_status":"open","ping_status":"open","sticky":false,"template":"","format":"standard","meta":{"_acf_changed":false,"_uag_custom_page_level_css":"","site-sidebar-layout":"default","site-content-layout":"","ast-site-content-layout":"default","site-content-style":"default","site-sidebar-style":"default","ast-global-header-display":"","ast-banner-title-visibility":"","ast-main-header-display":"","ast-hfb-above-header-display":"","ast-hfb-below-header-display":"","ast-hfb-mobile-header-display":"","site-post-title":"","ast-breadcrumbs-content":"","ast-featured-img":"","footer-sml-layout":"","theme-transparent-header-meta":"","adv-header-id-meta":"","stick-header-meta":"","header-above-stick-meta":"","header-main-stick-meta":"","header-below-stick-meta":"","astra-migrate-meta-layouts":"default","ast-page-background-enabled":"default","ast-page-background-meta":{"desktop":{"background-color":"var(--ast-global-color-4)","background-image":"","background-repeat":"repeat","background-position":"center center","background-size":"auto","background-attachment":"scroll","background-type":"","background-media":"","overlay-type":"","overlay-color":"","overlay-opacity":"","overlay-gradient":""},"tablet":{"background-color":"","background-image":"","background-repeat":"repeat","background-position":"center center","background-size":"auto","background-attachment":"scroll","background-type":"","background-media":"","overlay-type":"","overlay-color":"","overlay-opacity":"","overlay-gradient":""},"mobile":{"background-color":"","background-image":"","background-repeat":"repeat","background-position":"center center","background-size":"auto","background-attachment":"scroll","background-type":"","background-media":"","overlay-type":"","overlay-color":"","overlay-opacity":"","overlay-gradient":""}},"ast-content-background-meta":{"desktop":{"background-color":"var(--ast-global-color-5)","background-image":"","background-repeat":"repeat","background-position":"center center","background-size":"auto","background-attachment":"scroll","background-type":"","background-media":"","overlay-type":"","overlay-color":"","overlay-opacity":"","overlay-gradient":""},"tablet":{"background-color":"var(--ast-global-color-5)","background-image":"","background-repeat":"repeat","background-position":"center center","background-size":"auto","background-attachment":"scroll","background-type":"","background-media":"","overlay-type":"","overlay-color":"","overlay-opacity":"","overlay-gradient":""},"mobile":{"background-color":"var(--ast-global-color-5)","background-image":"","background-repeat":"repeat","background-position":"center center","background-size":"auto","background-attachment":"scroll","background-type":"","background-media":"","overlay-type":"","overlay-color":"","overlay-opacity":"","overlay-gradient":""}},"footnotes":""},"categories":[4,33],"tags":[92,67,27],"class_list":["post-438","post","type-post","status-publish","format-standard","hentry","category-dicas-de-uso","category-prospeccao-vendas","tag-b2b","tag-informacoes-de-empresas","tag-listas-de-empresas"],"acf":[],"yoast_head":"<!-- This site is optimized with the Yoast SEO plugin v27.4 - https:\/\/yoast.com\/product\/yoast-seo-wordpress\/ -->\n<title>Qual foi o impacto da Black Friday nos seus neg\u00f3cios? - Blog EmpresAqui<\/title>\n<meta name=\"description\" content=\"Analise o que gerou de novos clientes com informa\u00e7\u00f5es estrat\u00e9gicas na Black Friday 2021 e gerencie sua nova base de trabalho.\" \/>\n<meta name=\"robots\" content=\"index, follow, max-snippet:-1, max-image-preview:large, max-video-preview:-1\" \/>\n<link rel=\"canonical\" href=\"https:\/\/www.empresaqui.com.br\/blog\/impacto-black-friday-2021\/\" \/>\n<meta property=\"og:locale\" content=\"pt_BR\" \/>\n<meta property=\"og:type\" content=\"article\" \/>\n<meta property=\"og:title\" content=\"Qual foi o impacto da Black Friday nos seus neg\u00f3cios? - Blog EmpresAqui\" \/>\n<meta property=\"og:description\" content=\"Analise o que gerou de novos clientes com informa\u00e7\u00f5es estrat\u00e9gicas na Black Friday 2021 e gerencie sua nova base de trabalho.\" \/>\n<meta property=\"og:url\" content=\"https:\/\/www.empresaqui.com.br\/blog\/impacto-black-friday-2021\/\" \/>\n<meta property=\"og:site_name\" content=\"Blog EmpresAqui\" \/>\n<meta property=\"article:publisher\" content=\"https:\/\/www.facebook.com\/empresaquibr\" \/>\n<meta property=\"article:published_time\" content=\"2021-12-07T12:38:37+00:00\" \/>\n<meta property=\"article:modified_time\" content=\"2021-12-07T12:38:39+00:00\" \/>\n<meta property=\"og:image\" content=\"https:\/\/www.empresaqui.com.br\/blog\/wp-content\/uploads\/2021\/07\/CTA-plano-gratuito.png\" \/>\n<meta name=\"author\" content=\"Danillo Rocha\" \/>\n<meta name=\"twitter:card\" content=\"summary_large_image\" \/>\n<meta name=\"twitter:label1\" content=\"Escrito por\" \/>\n\t<meta name=\"twitter:data1\" content=\"Danillo Rocha\" \/>\n\t<meta name=\"twitter:label2\" content=\"Est. tempo de leitura\" \/>\n\t<meta name=\"twitter:data2\" content=\"2 minutos\" \/>\n<script type=\"application\/ld+json\" class=\"yoast-schema-graph\">{\"@context\":\"https:\\\/\\\/schema.org\",\"@graph\":[{\"@type\":\"Article\",\"@id\":\"https:\\\/\\\/www.empresaqui.com.br\\\/blog\\\/impacto-black-friday-2021\\\/#article\",\"isPartOf\":{\"@id\":\"https:\\\/\\\/www.empresaqui.com.br\\\/blog\\\/impacto-black-friday-2021\\\/\"},\"author\":{\"name\":\"Danillo Rocha\",\"@id\":\"https:\\\/\\\/www.empresaqui.com.br\\\/blog\\\/#\\\/schema\\\/person\\\/be165d2b8065bfa20b88787a07cf9e96\"},\"headline\":\"Qual foi o impacto da Black Friday nos seus neg\u00f3cios?\",\"datePublished\":\"2021-12-07T12:38:37+00:00\",\"dateModified\":\"2021-12-07T12:38:39+00:00\",\"mainEntityOfPage\":{\"@id\":\"https:\\\/\\\/www.empresaqui.com.br\\\/blog\\\/impacto-black-friday-2021\\\/\"},\"wordCount\":438,\"commentCount\":0,\"publisher\":{\"@id\":\"https:\\\/\\\/www.empresaqui.com.br\\\/blog\\\/#organization\"},\"image\":{\"@id\":\"https:\\\/\\\/www.empresaqui.com.br\\\/blog\\\/impacto-black-friday-2021\\\/#primaryimage\"},\"thumbnailUrl\":\"https:\\\/\\\/www.empresaqui.com.br\\\/blog\\\/wp-content\\\/uploads\\\/2021\\\/07\\\/CTA-plano-gratuito.png\",\"keywords\":[\"b2b\",\"informa\u00e7\u00f5es de empresas\",\"listas de empresas\"],\"articleSection\":[\"Dicas de Uso\",\"Dicas de Vendas\"],\"inLanguage\":\"pt-BR\"},{\"@type\":\"WebPage\",\"@id\":\"https:\\\/\\\/www.empresaqui.com.br\\\/blog\\\/impacto-black-friday-2021\\\/\",\"url\":\"https:\\\/\\\/www.empresaqui.com.br\\\/blog\\\/impacto-black-friday-2021\\\/\",\"name\":\"Qual foi o impacto da Black Friday nos seus neg\u00f3cios? - Blog EmpresAqui\",\"isPartOf\":{\"@id\":\"https:\\\/\\\/www.empresaqui.com.br\\\/blog\\\/#website\"},\"primaryImageOfPage\":{\"@id\":\"https:\\\/\\\/www.empresaqui.com.br\\\/blog\\\/impacto-black-friday-2021\\\/#primaryimage\"},\"image\":{\"@id\":\"https:\\\/\\\/www.empresaqui.com.br\\\/blog\\\/impacto-black-friday-2021\\\/#primaryimage\"},\"thumbnailUrl\":\"https:\\\/\\\/www.empresaqui.com.br\\\/blog\\\/wp-content\\\/uploads\\\/2021\\\/07\\\/CTA-plano-gratuito.png\",\"datePublished\":\"2021-12-07T12:38:37+00:00\",\"dateModified\":\"2021-12-07T12:38:39+00:00\",\"description\":\"Analise o que gerou de novos clientes com informa\u00e7\u00f5es estrat\u00e9gicas na Black Friday 2021 e gerencie sua nova base de trabalho.\",\"breadcrumb\":{\"@id\":\"https:\\\/\\\/www.empresaqui.com.br\\\/blog\\\/impacto-black-friday-2021\\\/#breadcrumb\"},\"inLanguage\":\"pt-BR\",\"potentialAction\":[{\"@type\":\"ReadAction\",\"target\":[\"https:\\\/\\\/www.empresaqui.com.br\\\/blog\\\/impacto-black-friday-2021\\\/\"]}]},{\"@type\":\"ImageObject\",\"inLanguage\":\"pt-BR\",\"@id\":\"https:\\\/\\\/www.empresaqui.com.br\\\/blog\\\/impacto-black-friday-2021\\\/#primaryimage\",\"url\":\"https:\\\/\\\/www.empresaqui.com.br\\\/blog\\\/wp-content\\\/uploads\\\/2021\\\/07\\\/CTA-plano-gratuito.png\",\"contentUrl\":\"https:\\\/\\\/www.empresaqui.com.br\\\/blog\\\/wp-content\\\/uploads\\\/2021\\\/07\\\/CTA-plano-gratuito.png\",\"width\":900,\"height\":200,\"caption\":\"Plano Gratuito\"},{\"@type\":\"BreadcrumbList\",\"@id\":\"https:\\\/\\\/www.empresaqui.com.br\\\/blog\\\/impacto-black-friday-2021\\\/#breadcrumb\",\"itemListElement\":[{\"@type\":\"ListItem\",\"position\":1,\"name\":\"In\u00edcio\",\"item\":\"https:\\\/\\\/www.empresaqui.com.br\\\/blog\\\/\"},{\"@type\":\"ListItem\",\"position\":2,\"name\":\"Dicas de Uso\",\"item\":\"https:\\\/\\\/www.empresaqui.com.br\\\/blog\\\/category\\\/dicas-de-uso\\\/\"},{\"@type\":\"ListItem\",\"position\":3,\"name\":\"Qual foi o impacto da Black Friday nos seus neg\u00f3cios?\"}]},{\"@type\":\"WebSite\",\"@id\":\"https:\\\/\\\/www.empresaqui.com.br\\\/blog\\\/#website\",\"url\":\"https:\\\/\\\/www.empresaqui.com.br\\\/blog\\\/\",\"name\":\"Blog EmpresAqui\",\"description\":\"\",\"publisher\":{\"@id\":\"https:\\\/\\\/www.empresaqui.com.br\\\/blog\\\/#organization\"},\"potentialAction\":[{\"@type\":\"SearchAction\",\"target\":{\"@type\":\"EntryPoint\",\"urlTemplate\":\"https:\\\/\\\/www.empresaqui.com.br\\\/blog\\\/?s={search_term_string}\"},\"query-input\":{\"@type\":\"PropertyValueSpecification\",\"valueRequired\":true,\"valueName\":\"search_term_string\"}}],\"inLanguage\":\"pt-BR\"},{\"@type\":\"Organization\",\"@id\":\"https:\\\/\\\/www.empresaqui.com.br\\\/blog\\\/#organization\",\"name\":\"EmpresAqui\",\"url\":\"https:\\\/\\\/www.empresaqui.com.br\\\/blog\\\/\",\"logo\":{\"@type\":\"ImageObject\",\"inLanguage\":\"pt-BR\",\"@id\":\"https:\\\/\\\/www.empresaqui.com.br\\\/blog\\\/#\\\/schema\\\/logo\\\/image\\\/\",\"url\":\"https:\\\/\\\/www.empresaqui.com.br\\\/blog\\\/wp-content\\\/uploads\\\/2023\\\/02\\\/cropped-cropped-AdminLTELogo-2-1-1.png\",\"contentUrl\":\"https:\\\/\\\/www.empresaqui.com.br\\\/blog\\\/wp-content\\\/uploads\\\/2023\\\/02\\\/cropped-cropped-AdminLTELogo-2-1-1.png\",\"width\":100,\"height\":100,\"caption\":\"EmpresAqui\"},\"image\":{\"@id\":\"https:\\\/\\\/www.empresaqui.com.br\\\/blog\\\/#\\\/schema\\\/logo\\\/image\\\/\"},\"sameAs\":[\"https:\\\/\\\/www.facebook.com\\\/empresaquibr\",\"https:\\\/\\\/www.instagram.com\\\/empresaqui\"]},{\"@type\":\"Person\",\"@id\":\"https:\\\/\\\/www.empresaqui.com.br\\\/blog\\\/#\\\/schema\\\/person\\\/be165d2b8065bfa20b88787a07cf9e96\",\"name\":\"Danillo Rocha\",\"image\":{\"@type\":\"ImageObject\",\"inLanguage\":\"pt-BR\",\"@id\":\"https:\\\/\\\/secure.gravatar.com\\\/avatar\\\/a440539fd479fe3447e5aeaa627ba644f1a101516334fa5a2b263c192ba710bc?s=96&d=mm&r=g\",\"url\":\"https:\\\/\\\/secure.gravatar.com\\\/avatar\\\/a440539fd479fe3447e5aeaa627ba644f1a101516334fa5a2b263c192ba710bc?s=96&d=mm&r=g\",\"contentUrl\":\"https:\\\/\\\/secure.gravatar.com\\\/avatar\\\/a440539fd479fe3447e5aeaa627ba644f1a101516334fa5a2b263c192ba710bc?s=96&d=mm&r=g\",\"caption\":\"Danillo Rocha\"},\"description\":\"Danillo Rocha \u00e9 CEO e fundador do EmpresAqui, plataforma de intelig\u00eancia de mercado e gera\u00e7\u00e3o de leads B2B com mais de 300 mil usu\u00e1rios. Formado em Ci\u00eancia da Computa\u00e7\u00e3o, com especializa\u00e7\u00e3o em Softwares e Dados e Per\u00edcia Financeira, \u00e9 empreendedor em tecnologia e neg\u00f3cios B2B.\",\"sameAs\":[\"https:\\\/\\\/www.empresaqui.com.br\\\/\",\"https:\\\/\\\/www.instagram.com\\\/danillorocha10\",\"https:\\\/\\\/www.instagram.com\\\/danillorocha\"],\"url\":\"https:\\\/\\\/www.empresaqui.com.br\\\/blog\\\/author\\\/danillo-rocha\\\/\"}]}<\/script>\n<!-- \/ Yoast SEO plugin. -->","yoast_head_json":{"title":"Qual foi o impacto da Black Friday nos seus neg\u00f3cios? - Blog EmpresAqui","description":"Analise o que gerou de novos clientes com informa\u00e7\u00f5es estrat\u00e9gicas na Black Friday 2021 e gerencie sua nova base de trabalho.","robots":{"index":"index","follow":"follow","max-snippet":"max-snippet:-1","max-image-preview":"max-image-preview:large","max-video-preview":"max-video-preview:-1"},"canonical":"https:\/\/www.empresaqui.com.br\/blog\/impacto-black-friday-2021\/","og_locale":"pt_BR","og_type":"article","og_title":"Qual foi o impacto da Black Friday nos seus neg\u00f3cios? - Blog EmpresAqui","og_description":"Analise o que gerou de novos clientes com informa\u00e7\u00f5es estrat\u00e9gicas na Black Friday 2021 e gerencie sua nova base de trabalho.","og_url":"https:\/\/www.empresaqui.com.br\/blog\/impacto-black-friday-2021\/","og_site_name":"Blog EmpresAqui","article_publisher":"https:\/\/www.facebook.com\/empresaquibr","article_published_time":"2021-12-07T12:38:37+00:00","article_modified_time":"2021-12-07T12:38:39+00:00","og_image":[{"url":"https:\/\/www.empresaqui.com.br\/blog\/wp-content\/uploads\/2021\/07\/CTA-plano-gratuito.png","type":"","width":"","height":""}],"author":"Danillo Rocha","twitter_card":"summary_large_image","twitter_misc":{"Escrito por":"Danillo Rocha","Est. tempo de leitura":"2 minutos"},"schema":{"@context":"https:\/\/schema.org","@graph":[{"@type":"Article","@id":"https:\/\/www.empresaqui.com.br\/blog\/impacto-black-friday-2021\/#article","isPartOf":{"@id":"https:\/\/www.empresaqui.com.br\/blog\/impacto-black-friday-2021\/"},"author":{"name":"Danillo Rocha","@id":"https:\/\/www.empresaqui.com.br\/blog\/#\/schema\/person\/be165d2b8065bfa20b88787a07cf9e96"},"headline":"Qual foi o impacto da Black Friday nos seus neg\u00f3cios?","datePublished":"2021-12-07T12:38:37+00:00","dateModified":"2021-12-07T12:38:39+00:00","mainEntityOfPage":{"@id":"https:\/\/www.empresaqui.com.br\/blog\/impacto-black-friday-2021\/"},"wordCount":438,"commentCount":0,"publisher":{"@id":"https:\/\/www.empresaqui.com.br\/blog\/#organization"},"image":{"@id":"https:\/\/www.empresaqui.com.br\/blog\/impacto-black-friday-2021\/#primaryimage"},"thumbnailUrl":"https:\/\/www.empresaqui.com.br\/blog\/wp-content\/uploads\/2021\/07\/CTA-plano-gratuito.png","keywords":["b2b","informa\u00e7\u00f5es de empresas","listas de empresas"],"articleSection":["Dicas de Uso","Dicas de Vendas"],"inLanguage":"pt-BR"},{"@type":"WebPage","@id":"https:\/\/www.empresaqui.com.br\/blog\/impacto-black-friday-2021\/","url":"https:\/\/www.empresaqui.com.br\/blog\/impacto-black-friday-2021\/","name":"Qual foi o impacto da Black Friday nos seus neg\u00f3cios? - Blog EmpresAqui","isPartOf":{"@id":"https:\/\/www.empresaqui.com.br\/blog\/#website"},"primaryImageOfPage":{"@id":"https:\/\/www.empresaqui.com.br\/blog\/impacto-black-friday-2021\/#primaryimage"},"image":{"@id":"https:\/\/www.empresaqui.com.br\/blog\/impacto-black-friday-2021\/#primaryimage"},"thumbnailUrl":"https:\/\/www.empresaqui.com.br\/blog\/wp-content\/uploads\/2021\/07\/CTA-plano-gratuito.png","datePublished":"2021-12-07T12:38:37+00:00","dateModified":"2021-12-07T12:38:39+00:00","description":"Analise o que gerou de novos clientes com informa\u00e7\u00f5es estrat\u00e9gicas na Black Friday 2021 e gerencie sua nova base de trabalho.","breadcrumb":{"@id":"https:\/\/www.empresaqui.com.br\/blog\/impacto-black-friday-2021\/#breadcrumb"},"inLanguage":"pt-BR","potentialAction":[{"@type":"ReadAction","target":["https:\/\/www.empresaqui.com.br\/blog\/impacto-black-friday-2021\/"]}]},{"@type":"ImageObject","inLanguage":"pt-BR","@id":"https:\/\/www.empresaqui.com.br\/blog\/impacto-black-friday-2021\/#primaryimage","url":"https:\/\/www.empresaqui.com.br\/blog\/wp-content\/uploads\/2021\/07\/CTA-plano-gratuito.png","contentUrl":"https:\/\/www.empresaqui.com.br\/blog\/wp-content\/uploads\/2021\/07\/CTA-plano-gratuito.png","width":900,"height":200,"caption":"Plano Gratuito"},{"@type":"BreadcrumbList","@id":"https:\/\/www.empresaqui.com.br\/blog\/impacto-black-friday-2021\/#breadcrumb","itemListElement":[{"@type":"ListItem","position":1,"name":"In\u00edcio","item":"https:\/\/www.empresaqui.com.br\/blog\/"},{"@type":"ListItem","position":2,"name":"Dicas de Uso","item":"https:\/\/www.empresaqui.com.br\/blog\/category\/dicas-de-uso\/"},{"@type":"ListItem","position":3,"name":"Qual foi o impacto da Black Friday nos seus neg\u00f3cios?"}]},{"@type":"WebSite","@id":"https:\/\/www.empresaqui.com.br\/blog\/#website","url":"https:\/\/www.empresaqui.com.br\/blog\/","name":"Blog EmpresAqui","description":"","publisher":{"@id":"https:\/\/www.empresaqui.com.br\/blog\/#organization"},"potentialAction":[{"@type":"SearchAction","target":{"@type":"EntryPoint","urlTemplate":"https:\/\/www.empresaqui.com.br\/blog\/?s={search_term_string}"},"query-input":{"@type":"PropertyValueSpecification","valueRequired":true,"valueName":"search_term_string"}}],"inLanguage":"pt-BR"},{"@type":"Organization","@id":"https:\/\/www.empresaqui.com.br\/blog\/#organization","name":"EmpresAqui","url":"https:\/\/www.empresaqui.com.br\/blog\/","logo":{"@type":"ImageObject","inLanguage":"pt-BR","@id":"https:\/\/www.empresaqui.com.br\/blog\/#\/schema\/logo\/image\/","url":"https:\/\/www.empresaqui.com.br\/blog\/wp-content\/uploads\/2023\/02\/cropped-cropped-AdminLTELogo-2-1-1.png","contentUrl":"https:\/\/www.empresaqui.com.br\/blog\/wp-content\/uploads\/2023\/02\/cropped-cropped-AdminLTELogo-2-1-1.png","width":100,"height":100,"caption":"EmpresAqui"},"image":{"@id":"https:\/\/www.empresaqui.com.br\/blog\/#\/schema\/logo\/image\/"},"sameAs":["https:\/\/www.facebook.com\/empresaquibr","https:\/\/www.instagram.com\/empresaqui"]},{"@type":"Person","@id":"https:\/\/www.empresaqui.com.br\/blog\/#\/schema\/person\/be165d2b8065bfa20b88787a07cf9e96","name":"Danillo Rocha","image":{"@type":"ImageObject","inLanguage":"pt-BR","@id":"https:\/\/secure.gravatar.com\/avatar\/a440539fd479fe3447e5aeaa627ba644f1a101516334fa5a2b263c192ba710bc?s=96&d=mm&r=g","url":"https:\/\/secure.gravatar.com\/avatar\/a440539fd479fe3447e5aeaa627ba644f1a101516334fa5a2b263c192ba710bc?s=96&d=mm&r=g","contentUrl":"https:\/\/secure.gravatar.com\/avatar\/a440539fd479fe3447e5aeaa627ba644f1a101516334fa5a2b263c192ba710bc?s=96&d=mm&r=g","caption":"Danillo Rocha"},"description":"Danillo Rocha \u00e9 CEO e fundador do EmpresAqui, plataforma de intelig\u00eancia de mercado e gera\u00e7\u00e3o de leads B2B com mais de 300 mil usu\u00e1rios. Formado em Ci\u00eancia da Computa\u00e7\u00e3o, com especializa\u00e7\u00e3o em Softwares e Dados e Per\u00edcia Financeira, \u00e9 empreendedor em tecnologia e neg\u00f3cios B2B.","sameAs":["https:\/\/www.empresaqui.com.br\/","https:\/\/www.instagram.com\/danillorocha10","https:\/\/www.instagram.com\/danillorocha"],"url":"https:\/\/www.empresaqui.com.br\/blog\/author\/danillo-rocha\/"}]}},"uagb_featured_image_src":{"full":false,"thumbnail":false,"medium":false,"medium_large":false,"large":false,"1536x1536":false,"2048x2048":false},"uagb_author_info":{"display_name":"Danillo Rocha","author_link":"https:\/\/www.empresaqui.com.br\/blog\/author\/danillo-rocha\/"},"uagb_comment_info":0,"uagb_excerpt":"Seu saldo foi positivo diante de suas expectativas no dia mais popular e cobi\u00e7ado do varejo brasileiro e internacional? Come\u00e7o [&hellip;]","_links":{"self":[{"href":"https:\/\/www.empresaqui.com.br\/blog\/wp-json\/wp\/v2\/posts\/438","targetHints":{"allow":["GET"]}}],"collection":[{"href":"https:\/\/www.empresaqui.com.br\/blog\/wp-json\/wp\/v2\/posts"}],"about":[{"href":"https:\/\/www.empresaqui.com.br\/blog\/wp-json\/wp\/v2\/types\/post"}],"author":[{"embeddable":true,"href":"https:\/\/www.empresaqui.com.br\/blog\/wp-json\/wp\/v2\/users\/8"}],"replies":[{"embeddable":true,"href":"https:\/\/www.empresaqui.com.br\/blog\/wp-json\/wp\/v2\/comments?post=438"}],"version-history":[{"count":1,"href":"https:\/\/www.empresaqui.com.br\/blog\/wp-json\/wp\/v2\/posts\/438\/revisions"}],"predecessor-version":[{"id":439,"href":"https:\/\/www.empresaqui.com.br\/blog\/wp-json\/wp\/v2\/posts\/438\/revisions\/439"}],"wp:attachment":[{"href":"https:\/\/www.empresaqui.com.br\/blog\/wp-json\/wp\/v2\/media?parent=438"}],"wp:term":[{"taxonomy":"category","embeddable":true,"href":"https:\/\/www.empresaqui.com.br\/blog\/wp-json\/wp\/v2\/categories?post=438"},{"taxonomy":"post_tag","embeddable":true,"href":"https:\/\/www.empresaqui.com.br\/blog\/wp-json\/wp\/v2\/tags?post=438"}],"curies":[{"name":"wp","href":"https:\/\/api.w.org\/{rel}","templated":true}]}}