{"id":3936,"date":"2025-01-22T15:44:21","date_gmt":"2025-01-22T18:44:21","guid":{"rendered":"https:\/\/www.empresaqui.com.br\/blog\/?p=3936"},"modified":"2025-01-22T15:48:04","modified_gmt":"2025-01-22T18:48:04","slug":"deducoes-fiscais","status":"publish","type":"post","link":"https:\/\/www.empresaqui.com.br\/blog\/deducoes-fiscais\/","title":{"rendered":"Como aproveitar as Dedu\u00e7\u00f5es Fiscais na declara\u00e7\u00e3o de imposto de renda?"},"content":{"rendered":"\n<p>A declara\u00e7\u00e3o do imposto de renda \u00e9 uma obriga\u00e7\u00e3o anual para milh\u00f5es de brasileiros.<\/p>\n\n\n\n<p>Apesar de ser uma tarefa complexa, compreender as dedu\u00e7\u00f5es fiscais pode trazer al\u00edvio financeiro, reduzindo o valor do imposto a pagar ou aumentando a restitui\u00e7\u00e3o.&nbsp;<\/p>\n\n\n\n<p>Este artigo aborda o que s\u00e3o as dedu\u00e7\u00f5es fiscais, os principais tipos dispon\u00edveis e como utiliz\u00e1-las de forma estrat\u00e9gica. Vamos l\u00e1?<\/p>\n\n\n\n<div id=\"ez-toc-container\" class=\"ez-toc-v2_0_81 ez-toc-wrap-left counter-hierarchy ez-toc-counter ez-toc-custom ez-toc-container-direction\">\n<div class=\"ez-toc-title-container\">\n<p class=\"ez-toc-title\" style=\"cursor:inherit\">Neste artigo voc\u00ea vai ver:<\/p>\n<span class=\"ez-toc-title-toggle\"><a href=\"#\" class=\"ez-toc-pull-right ez-toc-btn ez-toc-btn-xs ez-toc-btn-default ez-toc-toggle\" aria-label=\"Alternar tabela de conte\u00fado\"><span class=\"ez-toc-js-icon-con\"><span class=\"\"><span class=\"eztoc-hide\" style=\"display:none;\">Toggle<\/span><span class=\"ez-toc-icon-toggle-span\"><svg style=\"fill: #0066bf;color:#0066bf\" xmlns=\"http:\/\/www.w3.org\/2000\/svg\" class=\"list-377408\" width=\"20px\" height=\"20px\" viewBox=\"0 0 24 24\" fill=\"none\"><path d=\"M6 6H4v2h2V6zm14 0H8v2h12V6zM4 11h2v2H4v-2zm16 0H8v2h12v-2zM4 16h2v2H4v-2zm16 0H8v2h12v-2z\" fill=\"currentColor\"><\/path><\/svg><svg style=\"fill: #0066bf;color:#0066bf\" class=\"arrow-unsorted-368013\" xmlns=\"http:\/\/www.w3.org\/2000\/svg\" width=\"10px\" height=\"10px\" viewBox=\"0 0 24 24\" version=\"1.2\" baseProfile=\"tiny\"><path d=\"M18.2 9.3l-6.2-6.3-6.2 6.3c-.2.2-.3.4-.3.7s.1.5.3.7c.2.2.4.3.7.3h11c.3 0 .5-.1.7-.3.2-.2.3-.5.3-.7s-.1-.5-.3-.7zM5.8 14.7l6.2 6.3 6.2-6.3c.2-.2.3-.5.3-.7s-.1-.5-.3-.7c-.2-.2-.4-.3-.7-.3h-11c-.3 0-.5.1-.7.3-.2.2-.3.5-.3.7s.1.5.3.7z\"\/><\/svg><\/span><\/span><\/span><\/a><\/span><\/div>\n<nav><ul class='ez-toc-list ez-toc-list-level-1 ' ><li class='ez-toc-page-1 ez-toc-heading-level-2'><a class=\"ez-toc-link ez-toc-heading-1\" href=\"https:\/\/www.empresaqui.com.br\/blog\/deducoes-fiscais\/#O_que_sao_Deducoes_Fiscais\" >O que s\u00e3o Dedu\u00e7\u00f5es Fiscais?<\/a><\/li><li class='ez-toc-page-1 ez-toc-heading-level-2'><a class=\"ez-toc-link ez-toc-heading-2\" href=\"https:\/\/www.empresaqui.com.br\/blog\/deducoes-fiscais\/#7_Principais_tipos_de_Deducoes_Fiscais\" >7 Principais tipos de Dedu\u00e7\u00f5es Fiscais<\/a><\/li><li class='ez-toc-page-1 ez-toc-heading-level-2'><a class=\"ez-toc-link ez-toc-heading-3\" href=\"https:\/\/www.empresaqui.com.br\/blog\/deducoes-fiscais\/#Modelo_completo_ou_simplificado\" >Modelo completo ou simplificado<\/a><\/li><li class='ez-toc-page-1 ez-toc-heading-level-2'><a class=\"ez-toc-link ez-toc-heading-4\" href=\"https:\/\/www.empresaqui.com.br\/blog\/deducoes-fiscais\/#Documentacao_necessaria\" >Documenta\u00e7\u00e3o necess\u00e1ria<\/a><\/li><li class='ez-toc-page-1 ez-toc-heading-level-2'><a class=\"ez-toc-link ez-toc-heading-5\" href=\"https:\/\/www.empresaqui.com.br\/blog\/deducoes-fiscais\/#Cuidados_e_erros_comuns\" >Cuidados e erros comuns<\/a><\/li><li class='ez-toc-page-1 ez-toc-heading-level-2'><a class=\"ez-toc-link ez-toc-heading-6\" href=\"https:\/\/www.empresaqui.com.br\/blog\/deducoes-fiscais\/#Estrategias_para_maximizar_os_beneficios_fiscais\" >Estrat\u00e9gias para maximizar os benef\u00edcios fiscais<\/a><\/li><li class='ez-toc-page-1 ez-toc-heading-level-2'><a class=\"ez-toc-link ez-toc-heading-7\" href=\"https:\/\/www.empresaqui.com.br\/blog\/deducoes-fiscais\/#Gere_listas_de_empresas_personalizadas\" >Gere listas de empresas personalizadas!<\/a><\/li><\/ul><\/nav><\/div>\n<h2 class=\"wp-block-heading\"><span class=\"ez-toc-section\" id=\"O_que_sao_Deducoes_Fiscais\"><\/span><strong>O que s\u00e3o Dedu\u00e7\u00f5es Fiscais?<\/strong><span class=\"ez-toc-section-end\"><\/span><\/h2>\n\n\n\n<p>Dedu\u00e7\u00f5es fiscais s\u00e3o <strong>despesas que podem ser subtra\u00eddas da base de c\u00e1lculo do imposto de renda.&nbsp;<\/strong><\/p>\n\n\n\n<p>Essas despesas s\u00e3o regulamentadas pela Receita Federal e t\u00eam como objetivo aliviar a carga tribut\u00e1ria de pessoas f\u00edsicas e jur\u00eddicas, al\u00e9m de incentivar investimentos que beneficiem a sociedade, como educa\u00e7\u00e3o, sa\u00fade e previd\u00eancia.<\/p>\n\n\n\n<p>A base de c\u00e1lculo do imposto de renda \u00e9 o valor sobre o qual o imposto \u00e9 efetivamente aplicado. Quanto maior a base, maior ser\u00e1 o imposto devido.&nbsp;<\/p>\n\n\n\n<p>Assim, ao declarar despesas dedut\u00edveis, o contribuinte reduz o valor sobre o qual incidir\u00e1 o imposto, o que pode gerar economia.<\/p>\n\n\n\n<h2 class=\"wp-block-heading\"><span class=\"ez-toc-section\" id=\"7_Principais_tipos_de_Deducoes_Fiscais\"><\/span><strong>7 Principais tipos de Dedu\u00e7\u00f5es Fiscais<\/strong><span class=\"ez-toc-section-end\"><\/span><\/h2>\n\n\n\n<p>Existem diferentes tipos de dedu\u00e7\u00f5es fiscais no Brasil, e cada uma possui suas particularidades. Vamos detalhar as mais relevantes:<\/p>\n\n\n\n<h3 class=\"wp-block-heading\"><strong>1. Despesas m\u00e9dicas<\/strong><\/h3>\n\n\n\n<p>As despesas com sa\u00fade s\u00e3o uma das dedu\u00e7\u00f5es mais vantajosas, pois n\u00e3o possuem limite de valor. \u00c9 poss\u00edvel deduzir gastos com consultas m\u00e9dicas, exames, interna\u00e7\u00f5es, cirurgias, planos de sa\u00fade e at\u00e9 tratamentos odontol\u00f3gicos.&nbsp;<\/p>\n\n\n\n<p>No entanto, \u00e9 fundamental guardar os comprovantes de pagamento, como recibos e notas fiscais, pois a Receita Federal pode solicitar comprova\u00e7\u00f5es.<\/p>\n\n\n\n<p>Por exemplo, se uma pessoa gastou R$ 10.000 em tratamentos m\u00e9dicos no ano, esse valor pode ser integralmente subtra\u00eddo da base de c\u00e1lculo do imposto de renda.<\/p>\n\n\n\n<h3 class=\"wp-block-heading\"><strong>2. Despesas com educa\u00e7\u00e3o<\/strong><\/h3>\n\n\n\n<p>Os gastos com educa\u00e7\u00e3o tamb\u00e9m podem ser deduzidos, mas t\u00eam um limite anual por dependente. Em 2023, o valor m\u00e1ximo dedut\u00edvel foi de R$ 3.561,50.&nbsp;<\/p>\n\n\n\n<p>Essa categoria inclui despesas com mensalidades escolares de educa\u00e7\u00e3o infantil, ensino fundamental, m\u00e9dio e superior, al\u00e9m de cursos t\u00e9cnicos. Outras despesas, como cursos livres, material escolar e transporte, n\u00e3o s\u00e3o dedut\u00edveis.<\/p>\n\n\n\n<p>Por exemplo, se voc\u00ea pagou R$ 4.000 de mensalidade escolar em um ano, apenas R$ 3.561,50 poder\u00e3o ser deduzidos. Apesar de limitado, esse benef\u00edcio pode impactar positivamente a restitui\u00e7\u00e3o.<\/p>\n\n\n\n<h3 class=\"wp-block-heading\"><strong>3. Previd\u00eancia oficial e privada<\/strong><\/h3>\n\n\n\n<p>Contribui\u00e7\u00f5es feitas ao INSS (Instituto Nacional do Seguro Social) s\u00e3o dedut\u00edveis de forma autom\u00e1tica para empregados com carteira assinada, uma vez que essas informa\u00e7\u00f5es j\u00e1 est\u00e3o presentes no informe de rendimentos emitido pela empresa.<\/p>\n\n\n\n<p>Para trabalhadores aut\u00f4nomos ou profissionais liberais que recolhem como contribuintes individuais, \u00e9 poss\u00edvel incluir o valor manualmente.<\/p>\n\n\n\n<p>J\u00e1 na previd\u00eancia privada, apenas os planos PGBL (Plano Gerador de Benef\u00edcio Livre) s\u00e3o dedut\u00edveis, e o limite \u00e9 de at\u00e9 12% da renda bruta anual tribut\u00e1vel.&nbsp;<\/p>\n\n\n\n<p>Essa dedu\u00e7\u00e3o \u00e9 especialmente interessante para quem faz planejamento financeiro de longo prazo.<\/p>\n\n\n\n<h3 class=\"wp-block-heading\"><strong>4. Dependentes<\/strong><\/h3>\n\n\n\n<p>A inclus\u00e3o de dependentes na declara\u00e7\u00e3o tamb\u00e9m reduz a base de c\u00e1lculo do imposto. O valor dedut\u00edvel por dependente \u00e9 fixado anualmente pela Receita Federal. Em 2023, o limite foi de R$ 2.275,08 por dependente.&nbsp;<\/p>\n\n\n\n<p>Al\u00e9m disso, despesas m\u00e9dicas e educacionais dos dependentes tamb\u00e9m podem ser declaradas, aumentando os benef\u00edcios fiscais.<\/p>\n\n\n\n<h3 class=\"wp-block-heading\"><strong>5. Pens\u00e3o aliment\u00edcia<\/strong><\/h3>\n\n\n\n<p>Valores pagos a t\u00edtulo de pens\u00e3o aliment\u00edcia, desde que determinados por decis\u00e3o judicial ou acordo homologado, s\u00e3o integralmente dedut\u00edveis.&nbsp;<\/p>\n\n\n\n<p>\u00c9 essencial ter documentos que comprovem a obrigatoriedade do pagamento, como senten\u00e7a judicial ou escritura p\u00fablica.<\/p>\n\n\n\n<h3 class=\"wp-block-heading\"><strong>6. Doa\u00e7\u00f5es incentivadas<\/strong><\/h3>\n\n\n\n<p>Doa\u00e7\u00f5es realizadas a projetos sociais, culturais e esportivos aprovados por leis de incentivo, como a Lei Rouanet e o Estatuto da Crian\u00e7a e do Adolescente, podem ser deduzidas.&nbsp;<\/p>\n\n\n\n<p>O limite para essa dedu\u00e7\u00e3o \u00e9 de at\u00e9 6% do imposto devido. Para isso, o contribuinte deve optar pelo modelo completo da declara\u00e7\u00e3o.<\/p>\n\n\n\n<h3 class=\"wp-block-heading\"><strong>7. Gastos com empregados dom\u00e9sticos<\/strong><\/h3>\n\n\n\n<p>At\u00e9 2019, era poss\u00edvel deduzir gastos com INSS de empregados dom\u00e9sticos. Contudo, esse benef\u00edcio foi extinto e n\u00e3o est\u00e1 mais dispon\u00edvel. Portanto, fique atento \u00e0s mudan\u00e7as na legisla\u00e7\u00e3o tribut\u00e1ria.<\/p>\n\n\n\n<h2 class=\"wp-block-heading\"><span class=\"ez-toc-section\" id=\"Modelo_completo_ou_simplificado\"><\/span><strong>Modelo completo ou simplificado<\/strong><span class=\"ez-toc-section-end\"><\/span><\/h2>\n\n\n\n<p>Ao preencher a declara\u00e7\u00e3o de imposto de renda, o contribuinte deve optar pelo modelo completo ou simplificado.<\/p>\n\n\n\n<ul class=\"wp-block-list\">\n<li><strong>Modelo completo:<\/strong> ideal para quem possui muitas despesas dedut\u00edveis, pois permite declarar todas as dedu\u00e7\u00f5es previstas na legisla\u00e7\u00e3o.<\/li>\n\n\n\n<li><strong>Modelo simplificado:<\/strong> substitui as dedu\u00e7\u00f5es por um desconto padr\u00e3o de 20% sobre a renda tribut\u00e1vel, limitado a um valor m\u00e1ximo. \u00c9 mais indicado para quem tem poucas despesas dedut\u00edveis.<\/li>\n<\/ul>\n\n\n\n<p>O programa da Receita Federal faz o c\u00e1lculo automaticamente, comparando os dois modelos e indicando o mais vantajoso.<\/p>\n\n\n\n<h2 class=\"wp-block-heading\"><span class=\"ez-toc-section\" id=\"Documentacao_necessaria\"><\/span><strong>Documenta\u00e7\u00e3o necess\u00e1ria<\/strong><span class=\"ez-toc-section-end\"><\/span><\/h2>\n\n\n\n<p>Para aproveitar as dedu\u00e7\u00f5es fiscais, \u00e9 fundamental reunir e organizar toda a documenta\u00e7\u00e3o. Isso inclui:<\/p>\n\n\n\n<ul class=\"wp-block-list\">\n<li>Recibos e notas fiscais de despesas m\u00e9dicas e educacionais;<\/li>\n\n\n\n<li>Comprovantes de pagamentos de previd\u00eancia e pens\u00e3o aliment\u00edcia;<\/li>\n\n\n\n<li>Informes de rendimentos emitidos por empregadores, bancos e corretoras;<\/li>\n\n\n\n<li>Comprovantes de doa\u00e7\u00f5es incentivadas.<\/li>\n<\/ul>\n\n\n\n<p>Guarde esses documentos por pelo menos cinco anos, prazo no qual a Receita pode exigir comprova\u00e7\u00f5es.<\/p>\n\n\n\n<h2 class=\"wp-block-heading\"><span class=\"ez-toc-section\" id=\"Cuidados_e_erros_comuns\"><\/span><strong>Cuidados e erros comuns<\/strong><span class=\"ez-toc-section-end\"><\/span><\/h2>\n\n\n\n<p>Mesmo que as dedu\u00e7\u00f5es fiscais sejam vantajosas, \u00e9 importante evitar erros que possam levar \u00e0 malha fina. Alguns cuidados s\u00e3o:<\/p>\n\n\n\n<ul class=\"wp-block-list\">\n<li>N\u00e3o declarar despesas que n\u00e3o sejam permitidas pela legisla\u00e7\u00e3o;<\/li>\n\n\n\n<li>Evitar valores inconsistentes com os comprovantes;<\/li>\n\n\n\n<li>Certificar-se de que os dependentes inclu\u00eddos atendem aos crit\u00e9rios estabelecidos.<\/li>\n<\/ul>\n\n\n\n<p>Por exemplo, declarar despesas m\u00e9dicas sem ter os recibos pode levar \u00e0 suspens\u00e3o da dedu\u00e7\u00e3o e \u00e0 necessidade de pagar multas ou diferen\u00e7as de imposto.<\/p>\n\n\n\n<h2 class=\"wp-block-heading\"><span class=\"ez-toc-section\" id=\"Estrategias_para_maximizar_os_beneficios_fiscais\"><\/span><strong>Estrat\u00e9gias para maximizar os benef\u00edcios fiscais<\/strong><span class=\"ez-toc-section-end\"><\/span><\/h2>\n\n\n\n<p>Compreender e utilizar as dedu\u00e7\u00f5es fiscais de forma estrat\u00e9gica \u00e9 muito importante para reduzir a <a href=\"https:\/\/www.empresaqui.com.br\/blog\/carga-tributaria\/\" target=\"_blank\" rel=\"noreferrer noopener\"><strong>carga tribut\u00e1ria<\/strong><\/a> e, em muitos casos, obter uma restitui\u00e7\u00e3o mais elevada.\u00a0<\/p>\n\n\n\n<p>Dedique tempo para organizar a documenta\u00e7\u00e3o e, se necess\u00e1rio, busque orienta\u00e7\u00e3o profissional para garantir que sua declara\u00e7\u00e3o seja preenchida corretamente.<\/p>\n\n\n\n<ol class=\"wp-block-list\">\n<li><strong>Planeje-se durante o ano:<\/strong> acompanhe seus gastos e organize os comprovantes \u00e0 medida que as despesas ocorrem.<\/li>\n\n\n\n<li><strong>Considere investir em previd\u00eancia privada:<\/strong> al\u00e9m de ser uma estrat\u00e9gia de aposentadoria, o PGBL oferece vantagens fiscais imediatas.<\/li>\n\n\n\n<li><strong>Aproveite os limites:<\/strong> conhe\u00e7a os tetos das dedu\u00e7\u00f5es para otimizar sem ultrapassar os valores permitidos.<\/li>\n\n\n\n<li><strong>Consulte um especialista:<\/strong> um contador ou um <a href=\"https:\/\/www.empresaqui.com.br\/blog\/consultor-contabil\/\" target=\"_blank\" rel=\"noreferrer noopener\"><strong>consultor cont\u00e1bil<\/strong><\/a> pode ajudar a identificar todas as oportunidades de dedu\u00e7\u00e3o e evitar erros.<\/li>\n<\/ol>\n\n\n\n<p>Aproveitar os benef\u00edcios fiscais exige aten\u00e7\u00e3o aos detalhes, mas o esfor\u00e7o vale a pena.&nbsp;<\/p>\n\n\n\n<p>A cada ano, a Receita Federal aprimora os sistemas de controle e cruzamento de dados, o que torna essencial a precis\u00e3o e a transpar\u00eancia na declara\u00e7\u00e3o.<\/p>\n\n\n\n<p>Com planejamento e conhecimento, voc\u00ea pode transformar a declara\u00e7\u00e3o de imposto de renda em uma oportunidade de economia financeira.<\/p>\n\n\n\n<div class=\"banner\">\n            <h2><span class=\"ez-toc-section\" id=\"Gere_listas_de_empresas_personalizadas\"><\/span>Gere listas de empresas personalizadas!<span class=\"ez-toc-section-end\"><\/span><\/h2>\n            <p>Cadastre-se gr\u00e1tis agora mesmo<\/p>\n            <div class=\"bottom-banner\">\n                <img decoding=\"async\" src=\"https:\/\/www.empresaqui.com.br\/blog\/wp-content\/uploads\/2021\/11\/AdminLTELogo.png\" alt=\"Seu Logotipo\" class=\"logo\">\n                <a href=\"https:\/\/www.empresaqui.com.br\/plano-gratuito?utm_source=blog&amp;utm_medium=banner&amp;utm_campaign=CTA-GRATUITO-HTML\" class=\"cta-button-banner\">Teste aqui agora<\/a>\n            <\/div>\n        <\/div>\n\n        <style>\n            .bottom-banner{\n                display: flex;\n                justify-content: center;\n                align-items: center;\n            }\n            .bottom-banner img{\n                width: 3rem !important;\n                height: 3rem !important;\n                margin-right: 1rem;\n            }\n            .banner h2{\n                font-family: Arial, sans-serif;\n                color: #fff !important;\n            }\n            .banner p{\n                font-family: Arial, sans-serif;\n            }\n            .banner {\n                background:#001E40;\n                color: #FFFFFF;\n                text-align: center;\n                padding: 20px;\n            }\n            .cta-button-banner {\n                display: inline-block;\n                background-color: #0CFFFB;\n                color: #000;\n                border: none;\n                padding: 1px 15px;\n                font-size: 14px;\n                font-family: sans-serif;\n                font-weight: 700;\n                border-radius: 21px;\n                cursor: pointer;\n                transition: background-color 0.3s ease;\n                text-decoration: none;\n            }\n\n            @media (max-width: 767px) {\n                .banner h2{\n                    font-size:20px;\n                }\n                .cta-button-banner {\n                    padding: 1px 15px;\n                    font-size: 12px;\n                }\n\n            }\n        <\/style>\n    \n\n","protected":false},"excerpt":{"rendered":"<p>A declara\u00e7\u00e3o do imposto de renda \u00e9 uma obriga\u00e7\u00e3o anual para milh\u00f5es de brasileiros. Apesar de ser uma tarefa complexa, [&hellip;]<\/p>\n","protected":false},"author":9,"featured_media":0,"comment_status":"closed","ping_status":"closed","sticky":false,"template":"","format":"standard","meta":{"_acf_changed":false,"_uag_custom_page_level_css":"","site-sidebar-layout":"default","site-content-layout":"","ast-site-content-layout":"default","site-content-style":"default","site-sidebar-style":"default","ast-global-header-display":"","ast-banner-title-visibility":"","ast-main-header-display":"","ast-hfb-above-header-display":"","ast-hfb-below-header-display":"","ast-hfb-mobile-header-display":"","site-post-title":"","ast-breadcrumbs-content":"","ast-featured-img":"","footer-sml-layout":"","theme-transparent-header-meta":"","adv-header-id-meta":"","stick-header-meta":"","header-above-stick-meta":"","header-main-stick-meta":"","header-below-stick-meta":"","astra-migrate-meta-layouts":"default","ast-page-background-enabled":"default","ast-page-background-meta":{"desktop":{"background-color":"var(--ast-global-color-4)","background-image":"","background-repeat":"repeat","background-position":"center center","background-size":"auto","background-attachment":"scroll","background-type":"","background-media":"","overlay-type":"","overlay-color":"","overlay-opacity":"","overlay-gradient":""},"tablet":{"background-color":"","background-image":"","background-repeat":"repeat","background-position":"center center","background-size":"auto","background-attachment":"scroll","background-type":"","background-media":"","overlay-type":"","overlay-color":"","overlay-opacity":"","overlay-gradient":""},"mobile":{"background-color":"","background-image":"","background-repeat":"repeat","background-position":"center center","background-size":"auto","background-attachment":"scroll","background-type":"","background-media":"","overlay-type":"","overlay-color":"","overlay-opacity":"","overlay-gradient":""}},"ast-content-background-meta":{"desktop":{"background-color":"var(--ast-global-color-5)","background-image":"","background-repeat":"repeat","background-position":"center center","background-size":"auto","background-attachment":"scroll","background-type":"","background-media":"","overlay-type":"","overlay-color":"","overlay-opacity":"","overlay-gradient":""},"tablet":{"background-color":"var(--ast-global-color-5)","background-image":"","background-repeat":"repeat","background-position":"center center","background-size":"auto","background-attachment":"scroll","background-type":"","background-media":"","overlay-type":"","overlay-color":"","overlay-opacity":"","overlay-gradient":""},"mobile":{"background-color":"var(--ast-global-color-5)","background-image":"","background-repeat":"repeat","background-position":"center center","background-size":"auto","background-attachment":"scroll","background-type":"","background-media":"","overlay-type":"","overlay-color":"","overlay-opacity":"","overlay-gradient":""}},"footnotes":""},"categories":[34],"tags":[],"class_list":["post-3936","post","type-post","status-publish","format-standard","hentry","category-contabilidade-legislacao"],"acf":[],"yoast_head":"<!-- This site is optimized with the Yoast SEO plugin v27.4 - https:\/\/yoast.com\/product\/yoast-seo-wordpress\/ -->\n<title>Dedu\u00e7\u00f5es Fiscais: o que s\u00e3o, benef\u00edcios e como solicitar?<\/title>\n<meta name=\"description\" content=\"Descubra como fazer e solicitar as suas Dedu\u00e7\u00f5es Fiscais, uma \u00f3tima forma de economizar recursos e direcionar investimentos no imposto de renda.\" \/>\n<meta name=\"robots\" content=\"index, follow, max-snippet:-1, max-image-preview:large, max-video-preview:-1\" \/>\n<link rel=\"canonical\" href=\"https:\/\/www.empresaqui.com.br\/blog\/deducoes-fiscais\/\" \/>\n<meta property=\"og:locale\" content=\"pt_BR\" \/>\n<meta property=\"og:type\" content=\"article\" \/>\n<meta property=\"og:title\" content=\"Dedu\u00e7\u00f5es Fiscais: o que s\u00e3o, benef\u00edcios e como solicitar?\" \/>\n<meta property=\"og:description\" content=\"Descubra como fazer e solicitar as suas Dedu\u00e7\u00f5es Fiscais, uma \u00f3tima forma de economizar recursos e direcionar investimentos no imposto de renda.\" \/>\n<meta property=\"og:url\" content=\"https:\/\/www.empresaqui.com.br\/blog\/deducoes-fiscais\/\" \/>\n<meta property=\"og:site_name\" content=\"Blog EmpresAqui\" \/>\n<meta property=\"article:publisher\" content=\"https:\/\/www.facebook.com\/empresaquibr\" \/>\n<meta property=\"article:published_time\" content=\"2025-01-22T18:44:21+00:00\" \/>\n<meta property=\"article:modified_time\" content=\"2025-01-22T18:48:04+00:00\" \/>\n<meta name=\"author\" content=\"Pedro de Castro\" \/>\n<meta name=\"twitter:card\" content=\"summary_large_image\" \/>\n<meta name=\"twitter:label1\" content=\"Escrito por\" \/>\n\t<meta name=\"twitter:data1\" content=\"Pedro de Castro\" \/>\n\t<meta name=\"twitter:label2\" content=\"Est. tempo de leitura\" \/>\n\t<meta name=\"twitter:data2\" content=\"6 minutos\" \/>\n<script type=\"application\/ld+json\" class=\"yoast-schema-graph\">{\"@context\":\"https:\\\/\\\/schema.org\",\"@graph\":[{\"@type\":\"Article\",\"@id\":\"https:\\\/\\\/www.empresaqui.com.br\\\/blog\\\/deducoes-fiscais\\\/#article\",\"isPartOf\":{\"@id\":\"https:\\\/\\\/www.empresaqui.com.br\\\/blog\\\/deducoes-fiscais\\\/\"},\"author\":{\"name\":\"Pedro de Castro\",\"@id\":\"https:\\\/\\\/www.empresaqui.com.br\\\/blog\\\/#\\\/schema\\\/person\\\/c47351a5cbdb107cc321e811cb2e5d3e\"},\"headline\":\"Como aproveitar as Dedu\u00e7\u00f5es Fiscais na declara\u00e7\u00e3o de imposto de renda?\",\"datePublished\":\"2025-01-22T18:44:21+00:00\",\"dateModified\":\"2025-01-22T18:48:04+00:00\",\"mainEntityOfPage\":{\"@id\":\"https:\\\/\\\/www.empresaqui.com.br\\\/blog\\\/deducoes-fiscais\\\/\"},\"wordCount\":1189,\"publisher\":{\"@id\":\"https:\\\/\\\/www.empresaqui.com.br\\\/blog\\\/#organization\"},\"articleSection\":[\"Legisla\u00e7\u00e3o\"],\"inLanguage\":\"pt-BR\"},{\"@type\":\"WebPage\",\"@id\":\"https:\\\/\\\/www.empresaqui.com.br\\\/blog\\\/deducoes-fiscais\\\/\",\"url\":\"https:\\\/\\\/www.empresaqui.com.br\\\/blog\\\/deducoes-fiscais\\\/\",\"name\":\"Dedu\u00e7\u00f5es Fiscais: o que s\u00e3o, benef\u00edcios e como solicitar?\",\"isPartOf\":{\"@id\":\"https:\\\/\\\/www.empresaqui.com.br\\\/blog\\\/#website\"},\"datePublished\":\"2025-01-22T18:44:21+00:00\",\"dateModified\":\"2025-01-22T18:48:04+00:00\",\"description\":\"Descubra como fazer e solicitar as suas Dedu\u00e7\u00f5es Fiscais, uma \u00f3tima forma de economizar recursos e direcionar investimentos no imposto de renda.\",\"breadcrumb\":{\"@id\":\"https:\\\/\\\/www.empresaqui.com.br\\\/blog\\\/deducoes-fiscais\\\/#breadcrumb\"},\"inLanguage\":\"pt-BR\",\"potentialAction\":[{\"@type\":\"ReadAction\",\"target\":[\"https:\\\/\\\/www.empresaqui.com.br\\\/blog\\\/deducoes-fiscais\\\/\"]}]},{\"@type\":\"BreadcrumbList\",\"@id\":\"https:\\\/\\\/www.empresaqui.com.br\\\/blog\\\/deducoes-fiscais\\\/#breadcrumb\",\"itemListElement\":[{\"@type\":\"ListItem\",\"position\":1,\"name\":\"In\u00edcio\",\"item\":\"https:\\\/\\\/www.empresaqui.com.br\\\/blog\\\/\"},{\"@type\":\"ListItem\",\"position\":2,\"name\":\"Legisla\u00e7\u00e3o\",\"item\":\"https:\\\/\\\/www.empresaqui.com.br\\\/blog\\\/category\\\/contabilidade-legislacao\\\/\"},{\"@type\":\"ListItem\",\"position\":3,\"name\":\"Como aproveitar as Dedu\u00e7\u00f5es Fiscais na declara\u00e7\u00e3o de imposto de renda?\"}]},{\"@type\":\"WebSite\",\"@id\":\"https:\\\/\\\/www.empresaqui.com.br\\\/blog\\\/#website\",\"url\":\"https:\\\/\\\/www.empresaqui.com.br\\\/blog\\\/\",\"name\":\"Blog EmpresAqui\",\"description\":\"\",\"publisher\":{\"@id\":\"https:\\\/\\\/www.empresaqui.com.br\\\/blog\\\/#organization\"},\"potentialAction\":[{\"@type\":\"SearchAction\",\"target\":{\"@type\":\"EntryPoint\",\"urlTemplate\":\"https:\\\/\\\/www.empresaqui.com.br\\\/blog\\\/?s={search_term_string}\"},\"query-input\":{\"@type\":\"PropertyValueSpecification\",\"valueRequired\":true,\"valueName\":\"search_term_string\"}}],\"inLanguage\":\"pt-BR\"},{\"@type\":\"Organization\",\"@id\":\"https:\\\/\\\/www.empresaqui.com.br\\\/blog\\\/#organization\",\"name\":\"EmpresAqui\",\"url\":\"https:\\\/\\\/www.empresaqui.com.br\\\/blog\\\/\",\"logo\":{\"@type\":\"ImageObject\",\"inLanguage\":\"pt-BR\",\"@id\":\"https:\\\/\\\/www.empresaqui.com.br\\\/blog\\\/#\\\/schema\\\/logo\\\/image\\\/\",\"url\":\"https:\\\/\\\/www.empresaqui.com.br\\\/blog\\\/wp-content\\\/uploads\\\/2023\\\/02\\\/cropped-cropped-AdminLTELogo-2-1-1.png\",\"contentUrl\":\"https:\\\/\\\/www.empresaqui.com.br\\\/blog\\\/wp-content\\\/uploads\\\/2023\\\/02\\\/cropped-cropped-AdminLTELogo-2-1-1.png\",\"width\":100,\"height\":100,\"caption\":\"EmpresAqui\"},\"image\":{\"@id\":\"https:\\\/\\\/www.empresaqui.com.br\\\/blog\\\/#\\\/schema\\\/logo\\\/image\\\/\"},\"sameAs\":[\"https:\\\/\\\/www.facebook.com\\\/empresaquibr\",\"https:\\\/\\\/www.instagram.com\\\/empresaqui\"]},{\"@type\":\"Person\",\"@id\":\"https:\\\/\\\/www.empresaqui.com.br\\\/blog\\\/#\\\/schema\\\/person\\\/c47351a5cbdb107cc321e811cb2e5d3e\",\"name\":\"Pedro de Castro\",\"image\":{\"@type\":\"ImageObject\",\"inLanguage\":\"pt-BR\",\"@id\":\"https:\\\/\\\/secure.gravatar.com\\\/avatar\\\/c8ce0b507b50074c2b63c97a0024c2a93430dacf0bbaaa23e96b9f6b7b690b0b?s=96&d=mm&r=g\",\"url\":\"https:\\\/\\\/secure.gravatar.com\\\/avatar\\\/c8ce0b507b50074c2b63c97a0024c2a93430dacf0bbaaa23e96b9f6b7b690b0b?s=96&d=mm&r=g\",\"contentUrl\":\"https:\\\/\\\/secure.gravatar.com\\\/avatar\\\/c8ce0b507b50074c2b63c97a0024c2a93430dacf0bbaaa23e96b9f6b7b690b0b?s=96&d=mm&r=g\",\"caption\":\"Pedro de Castro\"},\"description\":\"Analista Jr. de SEO e Marketing Digital\",\"url\":\"https:\\\/\\\/www.empresaqui.com.br\\\/blog\\\/author\\\/pedro-castro\\\/\"}]}<\/script>\n<!-- \/ Yoast SEO plugin. -->","yoast_head_json":{"title":"Dedu\u00e7\u00f5es Fiscais: o que s\u00e3o, benef\u00edcios e como solicitar?","description":"Descubra como fazer e solicitar as suas Dedu\u00e7\u00f5es Fiscais, uma \u00f3tima forma de economizar recursos e direcionar investimentos no imposto de renda.","robots":{"index":"index","follow":"follow","max-snippet":"max-snippet:-1","max-image-preview":"max-image-preview:large","max-video-preview":"max-video-preview:-1"},"canonical":"https:\/\/www.empresaqui.com.br\/blog\/deducoes-fiscais\/","og_locale":"pt_BR","og_type":"article","og_title":"Dedu\u00e7\u00f5es Fiscais: o que s\u00e3o, benef\u00edcios e como solicitar?","og_description":"Descubra como fazer e solicitar as suas Dedu\u00e7\u00f5es Fiscais, uma \u00f3tima forma de economizar recursos e direcionar investimentos no imposto de renda.","og_url":"https:\/\/www.empresaqui.com.br\/blog\/deducoes-fiscais\/","og_site_name":"Blog EmpresAqui","article_publisher":"https:\/\/www.facebook.com\/empresaquibr","article_published_time":"2025-01-22T18:44:21+00:00","article_modified_time":"2025-01-22T18:48:04+00:00","author":"Pedro de Castro","twitter_card":"summary_large_image","twitter_misc":{"Escrito por":"Pedro de Castro","Est. tempo de leitura":"6 minutos"},"schema":{"@context":"https:\/\/schema.org","@graph":[{"@type":"Article","@id":"https:\/\/www.empresaqui.com.br\/blog\/deducoes-fiscais\/#article","isPartOf":{"@id":"https:\/\/www.empresaqui.com.br\/blog\/deducoes-fiscais\/"},"author":{"name":"Pedro de Castro","@id":"https:\/\/www.empresaqui.com.br\/blog\/#\/schema\/person\/c47351a5cbdb107cc321e811cb2e5d3e"},"headline":"Como aproveitar as Dedu\u00e7\u00f5es Fiscais na declara\u00e7\u00e3o de imposto de renda?","datePublished":"2025-01-22T18:44:21+00:00","dateModified":"2025-01-22T18:48:04+00:00","mainEntityOfPage":{"@id":"https:\/\/www.empresaqui.com.br\/blog\/deducoes-fiscais\/"},"wordCount":1189,"publisher":{"@id":"https:\/\/www.empresaqui.com.br\/blog\/#organization"},"articleSection":["Legisla\u00e7\u00e3o"],"inLanguage":"pt-BR"},{"@type":"WebPage","@id":"https:\/\/www.empresaqui.com.br\/blog\/deducoes-fiscais\/","url":"https:\/\/www.empresaqui.com.br\/blog\/deducoes-fiscais\/","name":"Dedu\u00e7\u00f5es Fiscais: o que s\u00e3o, benef\u00edcios e como solicitar?","isPartOf":{"@id":"https:\/\/www.empresaqui.com.br\/blog\/#website"},"datePublished":"2025-01-22T18:44:21+00:00","dateModified":"2025-01-22T18:48:04+00:00","description":"Descubra como fazer e solicitar as suas Dedu\u00e7\u00f5es Fiscais, uma \u00f3tima forma de economizar recursos e direcionar investimentos no imposto de renda.","breadcrumb":{"@id":"https:\/\/www.empresaqui.com.br\/blog\/deducoes-fiscais\/#breadcrumb"},"inLanguage":"pt-BR","potentialAction":[{"@type":"ReadAction","target":["https:\/\/www.empresaqui.com.br\/blog\/deducoes-fiscais\/"]}]},{"@type":"BreadcrumbList","@id":"https:\/\/www.empresaqui.com.br\/blog\/deducoes-fiscais\/#breadcrumb","itemListElement":[{"@type":"ListItem","position":1,"name":"In\u00edcio","item":"https:\/\/www.empresaqui.com.br\/blog\/"},{"@type":"ListItem","position":2,"name":"Legisla\u00e7\u00e3o","item":"https:\/\/www.empresaqui.com.br\/blog\/category\/contabilidade-legislacao\/"},{"@type":"ListItem","position":3,"name":"Como aproveitar as Dedu\u00e7\u00f5es Fiscais na declara\u00e7\u00e3o de imposto de renda?"}]},{"@type":"WebSite","@id":"https:\/\/www.empresaqui.com.br\/blog\/#website","url":"https:\/\/www.empresaqui.com.br\/blog\/","name":"Blog EmpresAqui","description":"","publisher":{"@id":"https:\/\/www.empresaqui.com.br\/blog\/#organization"},"potentialAction":[{"@type":"SearchAction","target":{"@type":"EntryPoint","urlTemplate":"https:\/\/www.empresaqui.com.br\/blog\/?s={search_term_string}"},"query-input":{"@type":"PropertyValueSpecification","valueRequired":true,"valueName":"search_term_string"}}],"inLanguage":"pt-BR"},{"@type":"Organization","@id":"https:\/\/www.empresaqui.com.br\/blog\/#organization","name":"EmpresAqui","url":"https:\/\/www.empresaqui.com.br\/blog\/","logo":{"@type":"ImageObject","inLanguage":"pt-BR","@id":"https:\/\/www.empresaqui.com.br\/blog\/#\/schema\/logo\/image\/","url":"https:\/\/www.empresaqui.com.br\/blog\/wp-content\/uploads\/2023\/02\/cropped-cropped-AdminLTELogo-2-1-1.png","contentUrl":"https:\/\/www.empresaqui.com.br\/blog\/wp-content\/uploads\/2023\/02\/cropped-cropped-AdminLTELogo-2-1-1.png","width":100,"height":100,"caption":"EmpresAqui"},"image":{"@id":"https:\/\/www.empresaqui.com.br\/blog\/#\/schema\/logo\/image\/"},"sameAs":["https:\/\/www.facebook.com\/empresaquibr","https:\/\/www.instagram.com\/empresaqui"]},{"@type":"Person","@id":"https:\/\/www.empresaqui.com.br\/blog\/#\/schema\/person\/c47351a5cbdb107cc321e811cb2e5d3e","name":"Pedro de Castro","image":{"@type":"ImageObject","inLanguage":"pt-BR","@id":"https:\/\/secure.gravatar.com\/avatar\/c8ce0b507b50074c2b63c97a0024c2a93430dacf0bbaaa23e96b9f6b7b690b0b?s=96&d=mm&r=g","url":"https:\/\/secure.gravatar.com\/avatar\/c8ce0b507b50074c2b63c97a0024c2a93430dacf0bbaaa23e96b9f6b7b690b0b?s=96&d=mm&r=g","contentUrl":"https:\/\/secure.gravatar.com\/avatar\/c8ce0b507b50074c2b63c97a0024c2a93430dacf0bbaaa23e96b9f6b7b690b0b?s=96&d=mm&r=g","caption":"Pedro de Castro"},"description":"Analista Jr. de SEO e Marketing Digital","url":"https:\/\/www.empresaqui.com.br\/blog\/author\/pedro-castro\/"}]}},"uagb_featured_image_src":{"full":false,"thumbnail":false,"medium":false,"medium_large":false,"large":false,"1536x1536":false,"2048x2048":false},"uagb_author_info":{"display_name":"Pedro de Castro","author_link":"https:\/\/www.empresaqui.com.br\/blog\/author\/pedro-castro\/"},"uagb_comment_info":0,"uagb_excerpt":"A declara\u00e7\u00e3o do imposto de renda \u00e9 uma obriga\u00e7\u00e3o anual para milh\u00f5es de brasileiros. Apesar de ser uma tarefa complexa, [&hellip;]","_links":{"self":[{"href":"https:\/\/www.empresaqui.com.br\/blog\/wp-json\/wp\/v2\/posts\/3936","targetHints":{"allow":["GET"]}}],"collection":[{"href":"https:\/\/www.empresaqui.com.br\/blog\/wp-json\/wp\/v2\/posts"}],"about":[{"href":"https:\/\/www.empresaqui.com.br\/blog\/wp-json\/wp\/v2\/types\/post"}],"author":[{"embeddable":true,"href":"https:\/\/www.empresaqui.com.br\/blog\/wp-json\/wp\/v2\/users\/9"}],"replies":[{"embeddable":true,"href":"https:\/\/www.empresaqui.com.br\/blog\/wp-json\/wp\/v2\/comments?post=3936"}],"version-history":[{"count":1,"href":"https:\/\/www.empresaqui.com.br\/blog\/wp-json\/wp\/v2\/posts\/3936\/revisions"}],"predecessor-version":[{"id":3938,"href":"https:\/\/www.empresaqui.com.br\/blog\/wp-json\/wp\/v2\/posts\/3936\/revisions\/3938"}],"wp:attachment":[{"href":"https:\/\/www.empresaqui.com.br\/blog\/wp-json\/wp\/v2\/media?parent=3936"}],"wp:term":[{"taxonomy":"category","embeddable":true,"href":"https:\/\/www.empresaqui.com.br\/blog\/wp-json\/wp\/v2\/categories?post=3936"},{"taxonomy":"post_tag","embeddable":true,"href":"https:\/\/www.empresaqui.com.br\/blog\/wp-json\/wp\/v2\/tags?post=3936"}],"curies":[{"name":"wp","href":"https:\/\/api.w.org\/{rel}","templated":true}]}}