{"id":3918,"date":"2025-01-20T18:13:56","date_gmt":"2025-01-20T21:13:56","guid":{"rendered":"https:\/\/www.empresaqui.com.br\/blog\/?p=3918"},"modified":"2025-04-16T16:33:52","modified_gmt":"2025-04-16T19:33:52","slug":"metaverso-na-advocacia","status":"publish","type":"post","link":"https:\/\/www.empresaqui.com.br\/blog\/metaverso-na-advocacia\/","title":{"rendered":"Fomente a transforma\u00e7\u00e3o digital jur\u00eddica com o Metaverso na Advocacia!"},"content":{"rendered":"\n<p>O Metaverso na Advocacia consiste na incorpora\u00e7\u00e3o de tecnologias virtuais e tridimensionais no campo jur\u00eddico.&nbsp;<\/p>\n\n\n\n<p>Esse novo ambiente digital oferece oportunidades para a realiza\u00e7\u00e3o de audi\u00eancias virtuais, reuni\u00f5es, consultorias e formaliza\u00e7\u00e3o de contratos de maneira inovadora.&nbsp;<\/p>\n\n\n\n<p>No entanto, o uso do metaverso tamb\u00e9m traz desafios, os quais ser\u00e3o explorados no texto adiante. Assim, prossiga com a leitura para entender um pouco mais sobre essa nova tend\u00eancia!<\/p>\n\n\n\n<div id=\"ez-toc-container\" class=\"ez-toc-v2_0_81 ez-toc-wrap-left counter-hierarchy ez-toc-counter ez-toc-custom ez-toc-container-direction\">\n<div class=\"ez-toc-title-container\">\n<p class=\"ez-toc-title\" style=\"cursor:inherit\">Neste artigo voc\u00ea vai ver:<\/p>\n<span class=\"ez-toc-title-toggle\"><a href=\"#\" class=\"ez-toc-pull-right ez-toc-btn ez-toc-btn-xs ez-toc-btn-default ez-toc-toggle\" aria-label=\"Alternar tabela de conte\u00fado\"><span class=\"ez-toc-js-icon-con\"><span class=\"\"><span class=\"eztoc-hide\" style=\"display:none;\">Toggle<\/span><span class=\"ez-toc-icon-toggle-span\"><svg style=\"fill: #0066bf;color:#0066bf\" xmlns=\"http:\/\/www.w3.org\/2000\/svg\" class=\"list-377408\" width=\"20px\" height=\"20px\" viewBox=\"0 0 24 24\" fill=\"none\"><path d=\"M6 6H4v2h2V6zm14 0H8v2h12V6zM4 11h2v2H4v-2zm16 0H8v2h12v-2zM4 16h2v2H4v-2zm16 0H8v2h12v-2z\" fill=\"currentColor\"><\/path><\/svg><svg style=\"fill: #0066bf;color:#0066bf\" class=\"arrow-unsorted-368013\" xmlns=\"http:\/\/www.w3.org\/2000\/svg\" width=\"10px\" height=\"10px\" viewBox=\"0 0 24 24\" version=\"1.2\" baseProfile=\"tiny\"><path d=\"M18.2 9.3l-6.2-6.3-6.2 6.3c-.2.2-.3.4-.3.7s.1.5.3.7c.2.2.4.3.7.3h11c.3 0 .5-.1.7-.3.2-.2.3-.5.3-.7s-.1-.5-.3-.7zM5.8 14.7l6.2 6.3 6.2-6.3c.2-.2.3-.5.3-.7s-.1-.5-.3-.7c-.2-.2-.4-.3-.7-.3h-11c-.3 0-.5.1-.7.3-.2.2-.3.5-.3.7s.1.5.3.7z\"\/><\/svg><\/span><\/span><\/span><\/a><\/span><\/div>\n<nav><ul class='ez-toc-list ez-toc-list-level-1 ' ><li class='ez-toc-page-1 ez-toc-heading-level-2'><a class=\"ez-toc-link ez-toc-heading-1\" href=\"https:\/\/www.empresaqui.com.br\/blog\/metaverso-na-advocacia\/#O_que_e_Metaverso_na_Advocacia\" >O que \u00e9 Metaverso na Advocacia?<\/a><\/li><li class='ez-toc-page-1 ez-toc-heading-level-2'><a class=\"ez-toc-link ez-toc-heading-2\" href=\"https:\/\/www.empresaqui.com.br\/blog\/metaverso-na-advocacia\/#O_que_a_OAB_diz_sobre_o_Metaverso_na_Advocacia\" >O que a OAB diz sobre o Metaverso na Advocacia?<\/a><\/li><li class='ez-toc-page-1 ez-toc-heading-level-2'><a class=\"ez-toc-link ez-toc-heading-3\" href=\"https:\/\/www.empresaqui.com.br\/blog\/metaverso-na-advocacia\/#Quais_as_possibilidades_do_Metaverso_na_Advocacia\" >Quais as possibilidades do Metaverso na Advocacia?<\/a><\/li><li class='ez-toc-page-1 ez-toc-heading-level-2'><a class=\"ez-toc-link ez-toc-heading-4\" href=\"https:\/\/www.empresaqui.com.br\/blog\/metaverso-na-advocacia\/#Quais_sao_os_desafios_do_Metaverso_na_Advocacia\" >Quais s\u00e3o os desafios do Metaverso na Advocacia?<\/a><\/li><li class='ez-toc-page-1 ez-toc-heading-level-2'><a class=\"ez-toc-link ez-toc-heading-5\" href=\"https:\/\/www.empresaqui.com.br\/blog\/metaverso-na-advocacia\/#Projecoes_do_Brasil_sobre_Metaverso_na_Advocacia\" >Proje\u00e7\u00f5es do Brasil sobre Metaverso na Advocacia&nbsp;<\/a><\/li><li class='ez-toc-page-1 ez-toc-heading-level-2'><a class=\"ez-toc-link ez-toc-heading-6\" href=\"https:\/\/www.empresaqui.com.br\/blog\/metaverso-na-advocacia\/#Gere_listas_de_empresas_personalizadas\" >Gere listas de empresas personalizadas!<\/a><\/li><\/ul><\/nav><\/div>\n<h2 class=\"wp-block-heading\"><span class=\"ez-toc-section\" id=\"O_que_e_Metaverso_na_Advocacia\"><\/span><strong>O que \u00e9 Metaverso na Advocacia?<\/strong><span class=\"ez-toc-section-end\"><\/span><\/h2>\n\n\n\n<p>O Metaverso na Advocacia \u00e9 <strong>o uso de ambientes virtuais para aprimorar pr\u00e1ticas jur\u00eddicas<\/strong>, j\u00e1 que surge como uma plataforma imersiva onde advogados, clientes e outros profissionais podem<strong> <\/strong>interagir em um espa\u00e7o digital 3D<strong>.<\/strong>&nbsp;<\/p>\n\n\n\n<p>Nesse sentido, dentro desse universo, \u00e9 poss\u00edvel realizar atividades como audi\u00eancias virtuais, reuni\u00f5es, consultorias e, at\u00e9 mesmo, firmar contratos, por meio de avatares ou outras representa\u00e7\u00f5es digitais.<\/p>\n\n\n\n<p>No entanto, \u00e9 importante que as normas \u00e9ticas da profiss\u00e3o sejam respeitadas, ou seja, a utiliza\u00e7\u00e3o do metaverso deve garantir a preserva\u00e7\u00e3o da imagem profissional e da confidencialidade dos clientes.<\/p>\n\n\n\n<h2 class=\"wp-block-heading\"><span class=\"ez-toc-section\" id=\"O_que_a_OAB_diz_sobre_o_Metaverso_na_Advocacia\"><\/span><strong>O que a OAB diz sobre o Metaverso na Advocacia?<\/strong><span class=\"ez-toc-section-end\"><\/span><\/h2>\n\n\n\n<p>O Conselho Federal da OAB (Ordem dos Advogados do Brasil) <strong>autorizou o uso do Metaverso pela advocacia, permitindo que profissionais e escrit\u00f3rios de advocacia criem avatares e perfis nas plataformas virtuais.<\/strong>&nbsp;<\/p>\n\n\n\n<p>No entanto, \u00e9 fundamental que as normas relacionadas \u00e0 publicidade e \u00e0 conduta profissional sejam observadas, tal como ocorre nas demais plataformas de redes sociais.<\/p>\n\n\n\n<p>A OAB, por meio do of\u00edcio 019\/2023 -GOC\/OEP e da consulta n. 49.0000.2022.008043 1OEP, apresentou seu posicionamento, sob a relatoria do conselheiro Tadeu de Pina Jayme.&nbsp;<\/p>\n\n\n\n<p>Nesse sentido, o parecer exp\u00f5e que o uso de recursos tecnol\u00f3gicos, conforme o Provimento 205\/21, objetiva apoiar os advogados em suas atividades, sem comprometer a imagem, a autoridade ou as responsabilidades do profissional.<\/p>\n\n\n\n<p>Sendo assim, o <a href=\"https:\/\/www.empresaqui.com.br\/blog\/publicidade-na-advocacia\/\" target=\"_blank\" rel=\"noreferrer noopener\"><strong>publicidade na advocacia<\/strong><\/a><strong> <\/strong><a href=\"https:\/\/www.empresaqui.com.br\/blog\/marketing-juridico-digital\/\" target=\"_blank\" rel=\"noreferrer noopener\"><strong>marketing jur\u00eddico em ambientes digitais<\/strong><\/a> s\u00e3o permitidos, contanto que sejam realizados &#8220;de maneira alinhada aos princ\u00edpios \u00e9ticos&#8221;<strong>.\u00a0<\/strong><\/p>\n\n\n\n<p>Al\u00e9m disso, devem estar em conformidade com as restri\u00e7\u00f5es estabelecidas pelo Estatuto da Advocacia da OAB, o Regulamento Geral, o C\u00f3digo de \u00c9tica e Disciplina, al\u00e9m do Provimento 205\/2021.<\/p>\n\n\n\n<p>Dessa forma, n\u00e3o h\u00e1 restri\u00e7\u00f5es quanto ao uso e \u00e0 cria\u00e7\u00e3o de avatares em espa\u00e7os virtuais, desde que n\u00e3o sejam comprometidos a imagem profissional, a autoridade e as responsabilidades do advogado.&nbsp;<\/p>\n\n\n\n<h2 class=\"wp-block-heading\"><span class=\"ez-toc-section\" id=\"Quais_as_possibilidades_do_Metaverso_na_Advocacia\"><\/span><strong>Quais as possibilidades do Metaverso na Advocacia?<\/strong><span class=\"ez-toc-section-end\"><\/span><\/h2>\n\n\n\n<p><strong>As oportunidades para a advocacia no metaverso s\u00e3o amplas<\/strong>, haja vista que \u00e0 medida que as realidades virtuais ganham mais popularidade, surgir\u00e3o novas \u00e1reas de atua\u00e7\u00e3o e um novo estilo de vida se estabelecer\u00e1.&nbsp;<\/p>\n\n\n\n<p>Nesse sentido, as normas de conviv\u00eancia provavelmente ser\u00e3o adaptadas para acompanhar essas mudan\u00e7as.<\/p>\n\n\n\n<p>Sendo assim, no artigo \u201cO futuro do mundo jur\u00eddico segundo Richard Susskind\u201d,apontama-se as seguintes profiss\u00f5es do futuro:<\/p>\n\n\n\n<ul class=\"wp-block-list\">\n<li>Engenheiro jur\u00eddico;<\/li>\n\n\n\n<li><strong><a href=\"https:\/\/www.empresaqui.com.br\/blog\/o-que-e-compliance\/\" target=\"_blank\" rel=\"noreferrer noopener\">Compliance<\/a><\/strong>;<\/li>\n\n\n\n<li>Direito Digital;<\/li>\n\n\n\n<li>Tecn\u00f3logos jur\u00eddicos;<\/li>\n\n\n\n<li>Analistas de processos judiciais;<\/li>\n\n\n\n<li>Especialistas em resolu\u00e7\u00e3o de disputas online;<\/li>\n\n\n\n<li>Analistas de dados jur\u00eddicos.<\/li>\n<\/ul>\n\n\n\n<h2 class=\"wp-block-heading\"><span class=\"ez-toc-section\" id=\"Quais_sao_os_desafios_do_Metaverso_na_Advocacia\"><\/span><strong>Quais s\u00e3o os desafios do Metaverso na Advocacia?<\/strong><span class=\"ez-toc-section-end\"><\/span><\/h2>\n\n\n\n<p>O metaverso, por ser uma transforma\u00e7\u00e3o digital significativa, traz novos desafios para o setor jur\u00eddico.&nbsp;&nbsp;<\/p>\n\n\n\n<p>Assim, surgem quest\u00f5es in\u00e9ditas para a advocacia, tanto na <strong>elabora\u00e7\u00e3o de normas espec\u00edficas quanto na adapta\u00e7\u00e3o \u00e0 sua atua\u00e7\u00e3o nesse ambiente virtual<\/strong>.&nbsp;<\/p>\n\n\n\n<p>Veja, logo abaixo, os principais desafios relacionados ao metaverso na advocacia.<\/p>\n\n\n\n<h3 class=\"wp-block-heading\"><strong>Decodifica\u00e7\u00e3o das emo\u00e7\u00f5es<\/strong><\/h3>\n\n\n\n<p>Atualmente, a quantidade de dados tratados na \u00e1rea jur\u00eddica \u00e9 ampla, mas no metaverso, os dados sens\u00edveis ser\u00e3o mais complexos.&nbsp;<\/p>\n\n\n\n<p>Isso ocorre porque os avatares, que representar\u00e3o os indiv\u00edduos nesse ambiente virtual, incluir\u00e3o emo\u00e7\u00f5es e express\u00f5es, as quais tamb\u00e9m ser\u00e3o tratadas como dados.<\/p>\n\n\n\n<p>Dessa forma, a advocacia no metaverso enfrentar\u00e1 o desafio de lidar com essas novas dimens\u00f5es de dados durante os atendimentos aos clientes.&nbsp;<\/p>\n\n\n\n<p>Al\u00e9m disso, ser\u00e1 necess\u00e1rio desenvolver um conjunto de regras adequadas para regular essas intera\u00e7\u00f5es no ambiente digital.<\/p>\n\n\n\n<h3 class=\"wp-block-heading\"><strong>Propriedade intelectual<\/strong><\/h3>\n\n\n\n<p>No Metaverso, surge a d\u00favida sobre a titularidade dos direitos autorais e como garantir a prote\u00e7\u00e3o da propriedade intelectual em um espa\u00e7o onde a reprodu\u00e7\u00e3o e modifica\u00e7\u00e3o de conte\u00fados ocorrem de maneira din\u00e2mica.<\/p>\n\n\n\n<h3 class=\"wp-block-heading\"><strong>Valida\u00e7\u00e3o de contratos<\/strong><\/h3>\n\n\n\n<p>O metaverso visa simplificar o processo de formaliza\u00e7\u00e3o de contratos. No entanto, surge a quest\u00e3o sobre como garantir a validade desses contratos.<\/p>\n\n\n\n<p>Nesse sentido, inicialmente, \u00e9 prov\u00e1vel que ocorram erros e inconsist\u00eancias, cabendo \u00e0 advocacia no metaverso a responsabilidade de lidar com esses desafios iniciais.<\/p>\n\n\n\n<h2 class=\"wp-block-heading\"><span class=\"ez-toc-section\" id=\"Projecoes_do_Brasil_sobre_Metaverso_na_Advocacia\"><\/span><strong>Proje\u00e7\u00f5es do Brasil sobre Metaverso na Advocacia&nbsp;<\/strong><span class=\"ez-toc-section-end\"><\/span><\/h2>\n\n\n\n<p>A advocacia no metaverso no Brasil ainda enfrenta desafios, apesar do crescente interesse em um mundo virtual.&nbsp;<\/p>\n\n\n\n<p>Nesse contexto, alguns juristas afirmam que a legisla\u00e7\u00e3o brasileira ainda n\u00e3o permite oficialmente que escrit\u00f3rios de advocacia operem no metaverso.<\/p>\n\n\n\n<p>No entanto, n\u00e3o h\u00e1 nenhuma restri\u00e7\u00e3o legal que pro\u00edba os advogados de estabelecerem uma presen\u00e7a no ambiente virtual.<\/p>\n\n\n\n<p>Dessa forma, especialistas em direito digital consideram prematuro afirmar se a advocacia no Brasil enfrentar\u00e1 obst\u00e1culos para ingressar no metaverso, uma vez que a legisla\u00e7\u00e3o precisa evoluir para acomodar essa nova realidade.<\/p>\n\n\n\n<div class=\"banner\">\n            <h2><span class=\"ez-toc-section\" id=\"Gere_listas_de_empresas_personalizadas\"><\/span>Gere listas de empresas personalizadas!<span class=\"ez-toc-section-end\"><\/span><\/h2>\n            <p>Cadastre-se gr\u00e1tis agora mesmo<\/p>\n            <div class=\"bottom-banner\">\n                <img decoding=\"async\" src=\"https:\/\/www.empresaqui.com.br\/blog\/wp-content\/uploads\/2021\/11\/AdminLTELogo.png\" alt=\"Seu Logotipo\" class=\"logo\">\n                <a href=\"https:\/\/www.empresaqui.com.br\/plano-gratuito?utm_source=blog&amp;utm_medium=banner&amp;utm_campaign=CTA-GRATUITO-HTML\" class=\"cta-button-banner\">Teste aqui agora<\/a>\n            <\/div>\n        <\/div>\n\n        <style>\n            .bottom-banner{\n                display: flex;\n                justify-content: center;\n                align-items: center;\n            }\n            .bottom-banner img{\n                width: 3rem !important;\n                height: 3rem !important;\n                margin-right: 1rem;\n            }\n            .banner h2{\n                font-family: Arial, sans-serif;\n                color: #fff !important;\n            }\n            .banner p{\n                font-family: Arial, sans-serif;\n            }\n            .banner {\n                background:#001E40;\n                color: #FFFFFF;\n                text-align: center;\n                padding: 20px;\n            }\n            .cta-button-banner {\n                display: inline-block;\n                background-color: #0CFFFB;\n                color: #000;\n                border: none;\n                padding: 1px 15px;\n                font-size: 14px;\n                font-family: sans-serif;\n                font-weight: 700;\n                border-radius: 21px;\n                cursor: pointer;\n                transition: background-color 0.3s ease;\n                text-decoration: none;\n            }\n\n            @media (max-width: 767px) {\n                .banner h2{\n                    font-size:20px;\n                }\n                .cta-button-banner {\n                    padding: 1px 15px;\n                    font-size: 12px;\n                }\n\n            }\n        <\/style>\n    \n\n","protected":false},"excerpt":{"rendered":"<p>O Metaverso na Advocacia consiste na incorpora\u00e7\u00e3o de tecnologias virtuais e tridimensionais no campo jur\u00eddico.&nbsp; Esse novo ambiente digital oferece [&hellip;]<\/p>\n","protected":false},"author":8,"featured_media":0,"comment_status":"closed","ping_status":"closed","sticky":false,"template":"","format":"standard","meta":{"_acf_changed":false,"_uag_custom_page_level_css":"","site-sidebar-layout":"default","site-content-layout":"","ast-site-content-layout":"default","site-content-style":"default","site-sidebar-style":"default","ast-global-header-display":"","ast-banner-title-visibility":"","ast-main-header-display":"","ast-hfb-above-header-display":"","ast-hfb-below-header-display":"","ast-hfb-mobile-header-display":"","site-post-title":"","ast-breadcrumbs-content":"","ast-featured-img":"","footer-sml-layout":"","theme-transparent-header-meta":"","adv-header-id-meta":"","stick-header-meta":"","header-above-stick-meta":"","header-main-stick-meta":"","header-below-stick-meta":"","astra-migrate-meta-layouts":"default","ast-page-background-enabled":"default","ast-page-background-meta":{"desktop":{"background-color":"var(--ast-global-color-4)","background-image":"","background-repeat":"repeat","background-position":"center center","background-size":"auto","background-attachment":"scroll","background-type":"","background-media":"","overlay-type":"","overlay-color":"","overlay-opacity":"","overlay-gradient":""},"tablet":{"background-color":"","background-image":"","background-repeat":"repeat","background-position":"center center","background-size":"auto","background-attachment":"scroll","background-type":"","background-media":"","overlay-type":"","overlay-color":"","overlay-opacity":"","overlay-gradient":""},"mobile":{"background-color":"","background-image":"","background-repeat":"repeat","background-position":"center center","background-size":"auto","background-attachment":"scroll","background-type":"","background-media":"","overlay-type":"","overlay-color":"","overlay-opacity":"","overlay-gradient":""}},"ast-content-background-meta":{"desktop":{"background-color":"var(--ast-global-color-5)","background-image":"","background-repeat":"repeat","background-position":"center center","background-size":"auto","background-attachment":"scroll","background-type":"","background-media":"","overlay-type":"","overlay-color":"","overlay-opacity":"","overlay-gradient":""},"tablet":{"background-color":"var(--ast-global-color-5)","background-image":"","background-repeat":"repeat","background-position":"center center","background-size":"auto","background-attachment":"scroll","background-type":"","background-media":"","overlay-type":"","overlay-color":"","overlay-opacity":"","overlay-gradient":""},"mobile":{"background-color":"var(--ast-global-color-5)","background-image":"","background-repeat":"repeat","background-position":"center center","background-size":"auto","background-attachment":"scroll","background-type":"","background-media":"","overlay-type":"","overlay-color":"","overlay-opacity":"","overlay-gradient":""}},"footnotes":""},"categories":[34],"tags":[],"class_list":["post-3918","post","type-post","status-publish","format-standard","hentry","category-contabilidade-legislacao"],"acf":[],"yoast_head":"<!-- This site is optimized with the Yoast SEO plugin v27.4 - https:\/\/yoast.com\/product\/yoast-seo-wordpress\/ -->\n<title>Metaverso na Advocacia: o que \u00e9, parecer da OAB e desafios<\/title>\n<meta name=\"description\" content=\"Descubra como o Metaverso est\u00e1 transformando a advocacia, debatendo desafios e ampliando as oportunidades para a pr\u00e1tica jur\u00eddica no ambiente digital.\" \/>\n<meta name=\"robots\" content=\"index, follow, max-snippet:-1, max-image-preview:large, max-video-preview:-1\" \/>\n<link rel=\"canonical\" href=\"https:\/\/www.empresaqui.com.br\/blog\/metaverso-na-advocacia\/\" \/>\n<meta property=\"og:locale\" content=\"pt_BR\" \/>\n<meta property=\"og:type\" content=\"article\" \/>\n<meta property=\"og:title\" content=\"Metaverso na Advocacia: o que \u00e9, parecer da OAB e desafios\" \/>\n<meta property=\"og:description\" content=\"Descubra como o Metaverso est\u00e1 transformando a advocacia, debatendo desafios e ampliando as oportunidades para a pr\u00e1tica jur\u00eddica no ambiente digital.\" \/>\n<meta property=\"og:url\" content=\"https:\/\/www.empresaqui.com.br\/blog\/metaverso-na-advocacia\/\" \/>\n<meta property=\"og:site_name\" content=\"Blog EmpresAqui\" \/>\n<meta property=\"article:publisher\" content=\"https:\/\/www.facebook.com\/empresaquibr\" \/>\n<meta property=\"article:published_time\" content=\"2025-01-20T21:13:56+00:00\" \/>\n<meta property=\"article:modified_time\" content=\"2025-04-16T19:33:52+00:00\" \/>\n<meta name=\"author\" content=\"Danillo Rocha\" \/>\n<meta name=\"twitter:card\" content=\"summary_large_image\" \/>\n<meta name=\"twitter:label1\" content=\"Escrito por\" \/>\n\t<meta name=\"twitter:data1\" content=\"Danillo Rocha\" \/>\n\t<meta name=\"twitter:label2\" content=\"Est. tempo de leitura\" \/>\n\t<meta name=\"twitter:data2\" content=\"5 minutos\" \/>\n<script type=\"application\/ld+json\" class=\"yoast-schema-graph\">{\"@context\":\"https:\\\/\\\/schema.org\",\"@graph\":[{\"@type\":\"Article\",\"@id\":\"https:\\\/\\\/www.empresaqui.com.br\\\/blog\\\/metaverso-na-advocacia\\\/#article\",\"isPartOf\":{\"@id\":\"https:\\\/\\\/www.empresaqui.com.br\\\/blog\\\/metaverso-na-advocacia\\\/\"},\"author\":{\"name\":\"Danillo Rocha\",\"@id\":\"https:\\\/\\\/www.empresaqui.com.br\\\/blog\\\/#\\\/schema\\\/person\\\/be165d2b8065bfa20b88787a07cf9e96\"},\"headline\":\"Fomente a transforma\u00e7\u00e3o digital jur\u00eddica com o Metaverso na Advocacia!\",\"datePublished\":\"2025-01-20T21:13:56+00:00\",\"dateModified\":\"2025-04-16T19:33:52+00:00\",\"mainEntityOfPage\":{\"@id\":\"https:\\\/\\\/www.empresaqui.com.br\\\/blog\\\/metaverso-na-advocacia\\\/\"},\"wordCount\":887,\"publisher\":{\"@id\":\"https:\\\/\\\/www.empresaqui.com.br\\\/blog\\\/#organization\"},\"articleSection\":[\"Legisla\u00e7\u00e3o\"],\"inLanguage\":\"pt-BR\"},{\"@type\":\"WebPage\",\"@id\":\"https:\\\/\\\/www.empresaqui.com.br\\\/blog\\\/metaverso-na-advocacia\\\/\",\"url\":\"https:\\\/\\\/www.empresaqui.com.br\\\/blog\\\/metaverso-na-advocacia\\\/\",\"name\":\"Metaverso na Advocacia: o que \u00e9, parecer da OAB e desafios\",\"isPartOf\":{\"@id\":\"https:\\\/\\\/www.empresaqui.com.br\\\/blog\\\/#website\"},\"datePublished\":\"2025-01-20T21:13:56+00:00\",\"dateModified\":\"2025-04-16T19:33:52+00:00\",\"description\":\"Descubra como o Metaverso est\u00e1 transformando a advocacia, debatendo desafios e ampliando as oportunidades para a pr\u00e1tica jur\u00eddica no ambiente digital.\",\"breadcrumb\":{\"@id\":\"https:\\\/\\\/www.empresaqui.com.br\\\/blog\\\/metaverso-na-advocacia\\\/#breadcrumb\"},\"inLanguage\":\"pt-BR\",\"potentialAction\":[{\"@type\":\"ReadAction\",\"target\":[\"https:\\\/\\\/www.empresaqui.com.br\\\/blog\\\/metaverso-na-advocacia\\\/\"]}]},{\"@type\":\"BreadcrumbList\",\"@id\":\"https:\\\/\\\/www.empresaqui.com.br\\\/blog\\\/metaverso-na-advocacia\\\/#breadcrumb\",\"itemListElement\":[{\"@type\":\"ListItem\",\"position\":1,\"name\":\"In\u00edcio\",\"item\":\"https:\\\/\\\/www.empresaqui.com.br\\\/blog\\\/\"},{\"@type\":\"ListItem\",\"position\":2,\"name\":\"Legisla\u00e7\u00e3o\",\"item\":\"https:\\\/\\\/www.empresaqui.com.br\\\/blog\\\/category\\\/contabilidade-legislacao\\\/\"},{\"@type\":\"ListItem\",\"position\":3,\"name\":\"Fomente a transforma\u00e7\u00e3o digital jur\u00eddica com o Metaverso na Advocacia!\"}]},{\"@type\":\"WebSite\",\"@id\":\"https:\\\/\\\/www.empresaqui.com.br\\\/blog\\\/#website\",\"url\":\"https:\\\/\\\/www.empresaqui.com.br\\\/blog\\\/\",\"name\":\"Blog EmpresAqui\",\"description\":\"\",\"publisher\":{\"@id\":\"https:\\\/\\\/www.empresaqui.com.br\\\/blog\\\/#organization\"},\"potentialAction\":[{\"@type\":\"SearchAction\",\"target\":{\"@type\":\"EntryPoint\",\"urlTemplate\":\"https:\\\/\\\/www.empresaqui.com.br\\\/blog\\\/?s={search_term_string}\"},\"query-input\":{\"@type\":\"PropertyValueSpecification\",\"valueRequired\":true,\"valueName\":\"search_term_string\"}}],\"inLanguage\":\"pt-BR\"},{\"@type\":\"Organization\",\"@id\":\"https:\\\/\\\/www.empresaqui.com.br\\\/blog\\\/#organization\",\"name\":\"EmpresAqui\",\"url\":\"https:\\\/\\\/www.empresaqui.com.br\\\/blog\\\/\",\"logo\":{\"@type\":\"ImageObject\",\"inLanguage\":\"pt-BR\",\"@id\":\"https:\\\/\\\/www.empresaqui.com.br\\\/blog\\\/#\\\/schema\\\/logo\\\/image\\\/\",\"url\":\"https:\\\/\\\/www.empresaqui.com.br\\\/blog\\\/wp-content\\\/uploads\\\/2023\\\/02\\\/cropped-cropped-AdminLTELogo-2-1-1.png\",\"contentUrl\":\"https:\\\/\\\/www.empresaqui.com.br\\\/blog\\\/wp-content\\\/uploads\\\/2023\\\/02\\\/cropped-cropped-AdminLTELogo-2-1-1.png\",\"width\":100,\"height\":100,\"caption\":\"EmpresAqui\"},\"image\":{\"@id\":\"https:\\\/\\\/www.empresaqui.com.br\\\/blog\\\/#\\\/schema\\\/logo\\\/image\\\/\"},\"sameAs\":[\"https:\\\/\\\/www.facebook.com\\\/empresaquibr\",\"https:\\\/\\\/www.instagram.com\\\/empresaqui\"]},{\"@type\":\"Person\",\"@id\":\"https:\\\/\\\/www.empresaqui.com.br\\\/blog\\\/#\\\/schema\\\/person\\\/be165d2b8065bfa20b88787a07cf9e96\",\"name\":\"Danillo Rocha\",\"image\":{\"@type\":\"ImageObject\",\"inLanguage\":\"pt-BR\",\"@id\":\"https:\\\/\\\/secure.gravatar.com\\\/avatar\\\/a440539fd479fe3447e5aeaa627ba644f1a101516334fa5a2b263c192ba710bc?s=96&d=mm&r=g\",\"url\":\"https:\\\/\\\/secure.gravatar.com\\\/avatar\\\/a440539fd479fe3447e5aeaa627ba644f1a101516334fa5a2b263c192ba710bc?s=96&d=mm&r=g\",\"contentUrl\":\"https:\\\/\\\/secure.gravatar.com\\\/avatar\\\/a440539fd479fe3447e5aeaa627ba644f1a101516334fa5a2b263c192ba710bc?s=96&d=mm&r=g\",\"caption\":\"Danillo Rocha\"},\"description\":\"Danillo Rocha \u00e9 CEO e fundador do EmpresAqui, plataforma de intelig\u00eancia de mercado e gera\u00e7\u00e3o de leads B2B com mais de 300 mil usu\u00e1rios. Formado em Ci\u00eancia da Computa\u00e7\u00e3o, com especializa\u00e7\u00e3o em Softwares e Dados e Per\u00edcia Financeira, \u00e9 empreendedor em tecnologia e neg\u00f3cios B2B.\",\"sameAs\":[\"https:\\\/\\\/www.empresaqui.com.br\\\/\",\"https:\\\/\\\/www.instagram.com\\\/danillorocha10\",\"https:\\\/\\\/www.instagram.com\\\/danillorocha\"],\"url\":\"https:\\\/\\\/www.empresaqui.com.br\\\/blog\\\/author\\\/danillo-rocha\\\/\"}]}<\/script>\n<!-- \/ Yoast SEO plugin. -->","yoast_head_json":{"title":"Metaverso na Advocacia: o que \u00e9, parecer da OAB e desafios","description":"Descubra como o Metaverso est\u00e1 transformando a advocacia, debatendo desafios e ampliando as oportunidades para a pr\u00e1tica jur\u00eddica no ambiente digital.","robots":{"index":"index","follow":"follow","max-snippet":"max-snippet:-1","max-image-preview":"max-image-preview:large","max-video-preview":"max-video-preview:-1"},"canonical":"https:\/\/www.empresaqui.com.br\/blog\/metaverso-na-advocacia\/","og_locale":"pt_BR","og_type":"article","og_title":"Metaverso na Advocacia: o que \u00e9, parecer da OAB e desafios","og_description":"Descubra como o Metaverso est\u00e1 transformando a advocacia, debatendo desafios e ampliando as oportunidades para a pr\u00e1tica jur\u00eddica no ambiente digital.","og_url":"https:\/\/www.empresaqui.com.br\/blog\/metaverso-na-advocacia\/","og_site_name":"Blog EmpresAqui","article_publisher":"https:\/\/www.facebook.com\/empresaquibr","article_published_time":"2025-01-20T21:13:56+00:00","article_modified_time":"2025-04-16T19:33:52+00:00","author":"Danillo Rocha","twitter_card":"summary_large_image","twitter_misc":{"Escrito por":"Danillo Rocha","Est. tempo de leitura":"5 minutos"},"schema":{"@context":"https:\/\/schema.org","@graph":[{"@type":"Article","@id":"https:\/\/www.empresaqui.com.br\/blog\/metaverso-na-advocacia\/#article","isPartOf":{"@id":"https:\/\/www.empresaqui.com.br\/blog\/metaverso-na-advocacia\/"},"author":{"name":"Danillo Rocha","@id":"https:\/\/www.empresaqui.com.br\/blog\/#\/schema\/person\/be165d2b8065bfa20b88787a07cf9e96"},"headline":"Fomente a transforma\u00e7\u00e3o digital jur\u00eddica com o Metaverso na Advocacia!","datePublished":"2025-01-20T21:13:56+00:00","dateModified":"2025-04-16T19:33:52+00:00","mainEntityOfPage":{"@id":"https:\/\/www.empresaqui.com.br\/blog\/metaverso-na-advocacia\/"},"wordCount":887,"publisher":{"@id":"https:\/\/www.empresaqui.com.br\/blog\/#organization"},"articleSection":["Legisla\u00e7\u00e3o"],"inLanguage":"pt-BR"},{"@type":"WebPage","@id":"https:\/\/www.empresaqui.com.br\/blog\/metaverso-na-advocacia\/","url":"https:\/\/www.empresaqui.com.br\/blog\/metaverso-na-advocacia\/","name":"Metaverso na Advocacia: o que \u00e9, parecer da OAB e desafios","isPartOf":{"@id":"https:\/\/www.empresaqui.com.br\/blog\/#website"},"datePublished":"2025-01-20T21:13:56+00:00","dateModified":"2025-04-16T19:33:52+00:00","description":"Descubra como o Metaverso est\u00e1 transformando a advocacia, debatendo desafios e ampliando as oportunidades para a pr\u00e1tica jur\u00eddica no ambiente digital.","breadcrumb":{"@id":"https:\/\/www.empresaqui.com.br\/blog\/metaverso-na-advocacia\/#breadcrumb"},"inLanguage":"pt-BR","potentialAction":[{"@type":"ReadAction","target":["https:\/\/www.empresaqui.com.br\/blog\/metaverso-na-advocacia\/"]}]},{"@type":"BreadcrumbList","@id":"https:\/\/www.empresaqui.com.br\/blog\/metaverso-na-advocacia\/#breadcrumb","itemListElement":[{"@type":"ListItem","position":1,"name":"In\u00edcio","item":"https:\/\/www.empresaqui.com.br\/blog\/"},{"@type":"ListItem","position":2,"name":"Legisla\u00e7\u00e3o","item":"https:\/\/www.empresaqui.com.br\/blog\/category\/contabilidade-legislacao\/"},{"@type":"ListItem","position":3,"name":"Fomente a transforma\u00e7\u00e3o digital jur\u00eddica com o Metaverso na Advocacia!"}]},{"@type":"WebSite","@id":"https:\/\/www.empresaqui.com.br\/blog\/#website","url":"https:\/\/www.empresaqui.com.br\/blog\/","name":"Blog EmpresAqui","description":"","publisher":{"@id":"https:\/\/www.empresaqui.com.br\/blog\/#organization"},"potentialAction":[{"@type":"SearchAction","target":{"@type":"EntryPoint","urlTemplate":"https:\/\/www.empresaqui.com.br\/blog\/?s={search_term_string}"},"query-input":{"@type":"PropertyValueSpecification","valueRequired":true,"valueName":"search_term_string"}}],"inLanguage":"pt-BR"},{"@type":"Organization","@id":"https:\/\/www.empresaqui.com.br\/blog\/#organization","name":"EmpresAqui","url":"https:\/\/www.empresaqui.com.br\/blog\/","logo":{"@type":"ImageObject","inLanguage":"pt-BR","@id":"https:\/\/www.empresaqui.com.br\/blog\/#\/schema\/logo\/image\/","url":"https:\/\/www.empresaqui.com.br\/blog\/wp-content\/uploads\/2023\/02\/cropped-cropped-AdminLTELogo-2-1-1.png","contentUrl":"https:\/\/www.empresaqui.com.br\/blog\/wp-content\/uploads\/2023\/02\/cropped-cropped-AdminLTELogo-2-1-1.png","width":100,"height":100,"caption":"EmpresAqui"},"image":{"@id":"https:\/\/www.empresaqui.com.br\/blog\/#\/schema\/logo\/image\/"},"sameAs":["https:\/\/www.facebook.com\/empresaquibr","https:\/\/www.instagram.com\/empresaqui"]},{"@type":"Person","@id":"https:\/\/www.empresaqui.com.br\/blog\/#\/schema\/person\/be165d2b8065bfa20b88787a07cf9e96","name":"Danillo Rocha","image":{"@type":"ImageObject","inLanguage":"pt-BR","@id":"https:\/\/secure.gravatar.com\/avatar\/a440539fd479fe3447e5aeaa627ba644f1a101516334fa5a2b263c192ba710bc?s=96&d=mm&r=g","url":"https:\/\/secure.gravatar.com\/avatar\/a440539fd479fe3447e5aeaa627ba644f1a101516334fa5a2b263c192ba710bc?s=96&d=mm&r=g","contentUrl":"https:\/\/secure.gravatar.com\/avatar\/a440539fd479fe3447e5aeaa627ba644f1a101516334fa5a2b263c192ba710bc?s=96&d=mm&r=g","caption":"Danillo Rocha"},"description":"Danillo Rocha \u00e9 CEO e fundador do EmpresAqui, plataforma de intelig\u00eancia de mercado e gera\u00e7\u00e3o de leads B2B com mais de 300 mil usu\u00e1rios. Formado em Ci\u00eancia da Computa\u00e7\u00e3o, com especializa\u00e7\u00e3o em Softwares e Dados e Per\u00edcia Financeira, \u00e9 empreendedor em tecnologia e neg\u00f3cios B2B.","sameAs":["https:\/\/www.empresaqui.com.br\/","https:\/\/www.instagram.com\/danillorocha10","https:\/\/www.instagram.com\/danillorocha"],"url":"https:\/\/www.empresaqui.com.br\/blog\/author\/danillo-rocha\/"}]}},"uagb_featured_image_src":{"full":false,"thumbnail":false,"medium":false,"medium_large":false,"large":false,"1536x1536":false,"2048x2048":false},"uagb_author_info":{"display_name":"Danillo Rocha","author_link":"https:\/\/www.empresaqui.com.br\/blog\/author\/danillo-rocha\/"},"uagb_comment_info":0,"uagb_excerpt":"O Metaverso na Advocacia consiste na incorpora\u00e7\u00e3o de tecnologias virtuais e tridimensionais no campo jur\u00eddico.&nbsp; Esse novo ambiente digital oferece [&hellip;]","_links":{"self":[{"href":"https:\/\/www.empresaqui.com.br\/blog\/wp-json\/wp\/v2\/posts\/3918","targetHints":{"allow":["GET"]}}],"collection":[{"href":"https:\/\/www.empresaqui.com.br\/blog\/wp-json\/wp\/v2\/posts"}],"about":[{"href":"https:\/\/www.empresaqui.com.br\/blog\/wp-json\/wp\/v2\/types\/post"}],"author":[{"embeddable":true,"href":"https:\/\/www.empresaqui.com.br\/blog\/wp-json\/wp\/v2\/users\/8"}],"replies":[{"embeddable":true,"href":"https:\/\/www.empresaqui.com.br\/blog\/wp-json\/wp\/v2\/comments?post=3918"}],"version-history":[{"count":4,"href":"https:\/\/www.empresaqui.com.br\/blog\/wp-json\/wp\/v2\/posts\/3918\/revisions"}],"predecessor-version":[{"id":4280,"href":"https:\/\/www.empresaqui.com.br\/blog\/wp-json\/wp\/v2\/posts\/3918\/revisions\/4280"}],"wp:attachment":[{"href":"https:\/\/www.empresaqui.com.br\/blog\/wp-json\/wp\/v2\/media?parent=3918"}],"wp:term":[{"taxonomy":"category","embeddable":true,"href":"https:\/\/www.empresaqui.com.br\/blog\/wp-json\/wp\/v2\/categories?post=3918"},{"taxonomy":"post_tag","embeddable":true,"href":"https:\/\/www.empresaqui.com.br\/blog\/wp-json\/wp\/v2\/tags?post=3918"}],"curies":[{"name":"wp","href":"https:\/\/api.w.org\/{rel}","templated":true}]}}