{"id":3837,"date":"2025-01-06T11:17:16","date_gmt":"2025-01-06T14:17:16","guid":{"rendered":"https:\/\/www.empresaqui.com.br\/blog\/?p=3837"},"modified":"2025-01-06T11:19:39","modified_gmt":"2025-01-06T14:19:39","slug":"branding-para-empreendedores","status":"publish","type":"post","link":"https:\/\/www.empresaqui.com.br\/blog\/branding-para-empreendedores\/","title":{"rendered":"Como utilizar o Branding para empreendedores e construir uma marca memor\u00e1vel?"},"content":{"rendered":"\n<p>O Branding \u00e9 essencial para construir a identidade de um neg\u00f3cio e moldar sua percep\u00e7\u00e3o no mercado.&nbsp;<\/p>\n\n\n\n<p>Em um cen\u00e1rio competitivo, onde os consumidores enfrentam um excesso de informa\u00e7\u00f5es e ofertas, ele se destaca como uma ferramenta poderosa para criar conex\u00f5es emocionais duradouras com o p\u00fablico.&nbsp;<\/p>\n\n\n\n<p>Mais do que um logotipo ou slogan, o Branding transmite os valores, a ess\u00eancia e a promessa que a marca representa.&nbsp;<\/p>\n\n\n\n<p>Para empreendedores, n\u00e3o \u00e9 apenas um diferencial, mas uma estrat\u00e9gia indispens\u00e1vel para ganhar relev\u00e2ncia, conquistar a confian\u00e7a e se destacar em meio \u00e0 concorr\u00eancia.<\/p>\n\n\n\n<div id=\"ez-toc-container\" class=\"ez-toc-v2_0_81 ez-toc-wrap-left counter-hierarchy ez-toc-counter ez-toc-custom ez-toc-container-direction\">\n<div class=\"ez-toc-title-container\">\n<p class=\"ez-toc-title\" style=\"cursor:inherit\">Neste artigo voc\u00ea vai ver:<\/p>\n<span class=\"ez-toc-title-toggle\"><a href=\"#\" class=\"ez-toc-pull-right ez-toc-btn ez-toc-btn-xs ez-toc-btn-default ez-toc-toggle\" aria-label=\"Alternar tabela de conte\u00fado\"><span class=\"ez-toc-js-icon-con\"><span class=\"\"><span class=\"eztoc-hide\" style=\"display:none;\">Toggle<\/span><span class=\"ez-toc-icon-toggle-span\"><svg style=\"fill: #0066bf;color:#0066bf\" xmlns=\"http:\/\/www.w3.org\/2000\/svg\" class=\"list-377408\" width=\"20px\" height=\"20px\" viewBox=\"0 0 24 24\" fill=\"none\"><path d=\"M6 6H4v2h2V6zm14 0H8v2h12V6zM4 11h2v2H4v-2zm16 0H8v2h12v-2zM4 16h2v2H4v-2zm16 0H8v2h12v-2z\" fill=\"currentColor\"><\/path><\/svg><svg style=\"fill: #0066bf;color:#0066bf\" class=\"arrow-unsorted-368013\" xmlns=\"http:\/\/www.w3.org\/2000\/svg\" width=\"10px\" height=\"10px\" viewBox=\"0 0 24 24\" version=\"1.2\" baseProfile=\"tiny\"><path d=\"M18.2 9.3l-6.2-6.3-6.2 6.3c-.2.2-.3.4-.3.7s.1.5.3.7c.2.2.4.3.7.3h11c.3 0 .5-.1.7-.3.2-.2.3-.5.3-.7s-.1-.5-.3-.7zM5.8 14.7l6.2 6.3 6.2-6.3c.2-.2.3-.5.3-.7s-.1-.5-.3-.7c-.2-.2-.4-.3-.7-.3h-11c-.3 0-.5.1-.7.3-.2.2-.3.5-.3.7s.1.5.3.7z\"\/><\/svg><\/span><\/span><\/span><\/a><\/span><\/div>\n<nav><ul class='ez-toc-list ez-toc-list-level-1 ' ><li class='ez-toc-page-1 ez-toc-heading-level-2'><a class=\"ez-toc-link ez-toc-heading-1\" href=\"https:\/\/www.empresaqui.com.br\/blog\/branding-para-empreendedores\/#O_que_e_Branding\" >O que \u00e9 Branding?<\/a><\/li><li class='ez-toc-page-1 ez-toc-heading-level-2'><a class=\"ez-toc-link ez-toc-heading-2\" href=\"https:\/\/www.empresaqui.com.br\/blog\/branding-para-empreendedores\/#Por_que_o_Branding_e_importante_para_empreendedores\" >Por que o Branding \u00e9 importante para empreendedores?<\/a><\/li><li class='ez-toc-page-1 ez-toc-heading-level-2'><a class=\"ez-toc-link ez-toc-heading-3\" href=\"https:\/\/www.empresaqui.com.br\/blog\/branding-para-empreendedores\/#Os_5_pilares_do_Branding_para_empreendedores\" >Os 5 pilares do Branding para empreendedores<\/a><\/li><li class='ez-toc-page-1 ez-toc-heading-level-2'><a class=\"ez-toc-link ez-toc-heading-4\" href=\"https:\/\/www.empresaqui.com.br\/blog\/branding-para-empreendedores\/#Como_construir_uma_marca_forte\" >Como construir uma marca forte?<\/a><\/li><li class='ez-toc-page-1 ez-toc-heading-level-2'><a class=\"ez-toc-link ez-toc-heading-5\" href=\"https:\/\/www.empresaqui.com.br\/blog\/branding-para-empreendedores\/#Gere_listas_de_empresas_personalizadas\" >Gere listas de empresas personalizadas!<\/a><\/li><\/ul><\/nav><\/div>\n<h2 class=\"wp-block-heading\"><span class=\"ez-toc-section\" id=\"O_que_e_Branding\"><\/span><strong>O que \u00e9 Branding?<\/strong><span class=\"ez-toc-section-end\"><\/span><\/h2>\n\n\n\n<p>Branding \u00e9 o <strong>processo de constru\u00e7\u00e3o e gest\u00e3o de uma marca<\/strong>. Ele envolve a defini\u00e7\u00e3o de identidade visual (logotipo, cores, tipografia), tom de voz, valores, prop\u00f3sito e at\u00e9 a forma como a empresa interage com clientes.&nbsp;<\/p>\n\n\n\n<p>Em ess\u00eancia, o Branding \u00e9 o que faz as pessoas se lembrarem de voc\u00ea, confiarem na sua empresa e escolherem seus produtos ou servi\u00e7os em vez dos concorrentes.<\/p>\n\n\n\n<p>Por exemplo, quando voc\u00ea pensa em marcas como Nike ou Apple, provavelmente n\u00e3o pensa apenas nos produtos, mas tamb\u00e9m nos sentimentos e valores que elas representam, como inova\u00e7\u00e3o, excel\u00eancia ou supera\u00e7\u00e3o.&nbsp;<\/p>\n\n\n\n<p>Esse poder de associa\u00e7\u00e3o \u00e9 o que um bom Branding pode fazer por um neg\u00f3cio.<\/p>\n\n\n\n<h2 class=\"wp-block-heading\"><span class=\"ez-toc-section\" id=\"Por_que_o_Branding_e_importante_para_empreendedores\"><\/span><strong>Por que o Branding \u00e9 importante para empreendedores?<\/strong><span class=\"ez-toc-section-end\"><\/span><\/h2>\n\n\n\n<p>O Branding \u00e9 importante para empreendedores<strong> porque ajuda a construir uma identidade s\u00f3lida, transmitir confian\u00e7a e destacar o neg\u00f3cio em um mercado competitivo.&nbsp;<\/strong><\/p>\n\n\n\n<p>A seguir, explore os principais benef\u00edcios que o Branding pode trazer para o seu neg\u00f3cio.<\/p>\n\n\n\n<h3 class=\"wp-block-heading\"><strong>1. Construir confian\u00e7a<\/strong><\/h3>\n\n\n\n<p>Clientes preferem fazer neg\u00f3cios com marcas que parecem confi\u00e1veis.&nbsp;<\/p>\n\n\n\n<p>Uma identidade de marca clara, profissional e consistente ajuda a passar essa confian\u00e7a, especialmente para novos neg\u00f3cios que ainda n\u00e3o possuem hist\u00f3rico no mercado.<\/p>\n\n\n\n<h3 class=\"wp-block-heading\"><strong>2. Criar diferencia\u00e7\u00e3o<\/strong><\/h3>\n\n\n\n<p>Em mercados saturados, o que faz um cliente escolher voc\u00ea? O Branding \u00e9 uma ferramenta poderosa para criar diferencia\u00e7\u00e3o, destacando o que torna sua empresa \u00fanica e atraente.<\/p>\n\n\n\n<h3 class=\"wp-block-heading\"><strong>3. Fidelizar clientes<\/strong><\/h3>\n\n\n\n<p>Uma marca forte cria uma conex\u00e3o emocional com os clientes, o que aumenta a probabilidade de que eles voltem a comprar de voc\u00ea.&nbsp;<\/p>\n\n\n\n<p>Marcas com um Branding s\u00f3lido costumam inspirar lealdade, mesmo quando surgem concorrentes com pre\u00e7os ou produtos semelhantes.<\/p>\n\n\n\n<h3 class=\"wp-block-heading\"><strong>4. Aumentar o valor percebido<\/strong><\/h3>\n\n\n\n<p>O Branding n\u00e3o apenas agrega valor ao produto ou servi\u00e7o, mas tamb\u00e9m justifica pre\u00e7os mais altos, j\u00e1 que os clientes muitas vezes associam marcas bem constru\u00eddas \u00e0 qualidade superior.<\/p>\n\n\n\n<h3 class=\"wp-block-heading\"><strong>5. Facilitar estrat\u00e9gias de marketing<\/strong><\/h3>\n\n\n\n<p>Um Branding bem definido simplifica campanhas de marketing, j\u00e1 que a mensagem, a identidade visual e o p\u00fablico-alvo est\u00e3o claramente estabelecidos.<\/p>\n\n\n\n<h2 class=\"wp-block-heading\"><span class=\"ez-toc-section\" id=\"Os_5_pilares_do_Branding_para_empreendedores\"><\/span><strong>Os 5 pilares do Branding para empreendedores<\/strong><span class=\"ez-toc-section-end\"><\/span><\/h2>\n\n\n\n<p>Para construir um Branding eficiente, \u00e9 muito importante entender os principais pilares que sustentam uma marca, vamos nos aprofundar neste conceitos:<\/p>\n\n\n\n<h3 class=\"wp-block-heading\"><strong>1. Prop\u00f3sito e valores<\/strong><\/h3>\n\n\n\n<p>Toda marca precisa de um prop\u00f3sito claro. Por que sua empresa existe? Que problema voc\u00ea resolve? Quais valores voc\u00ea defende? Responder a essas perguntas \u00e9 o primeiro passo para criar uma conex\u00e3o genu\u00edna com o p\u00fablico.<\/p>\n\n\n\n<p>Por exemplo, se voc\u00ea tem uma cafeteria, seu prop\u00f3sito pode ir al\u00e9m de vender caf\u00e9. Pode ser &#8220;criar momentos de conex\u00e3o entre pessoas&#8221; ou &#8220;oferecer uma experi\u00eancia acolhedora em um dia corrido&#8221;.<\/p>\n\n\n\n<h3 class=\"wp-block-heading\"><strong>2. Conhecimento do p\u00fablico-alvo<\/strong><\/h3>\n\n\n\n<p>O Branding n\u00e3o \u00e9 apenas sobre voc\u00ea, mas principalmente sobre como sua marca \u00e9 percebida pelos outros. Para isso, \u00e9 muito importante conhecer seu p\u00fablico-alvo.&nbsp;<\/p>\n\n\n\n<p>Quem s\u00e3o seus clientes ideais? Quais s\u00e3o suas dores, desejos e prefer\u00eancias?<\/p>\n\n\n\n<p>Uma marca que entende profundamente seu <a href=\"https:\/\/www.empresaqui.com.br\/blog\/publico-alvo\/\" target=\"_blank\" rel=\"noreferrer noopener\"><strong>p\u00fablico-alvo<\/strong><\/a> consegue criar uma comunica\u00e7\u00e3o mais assertiva e gerar identifica\u00e7\u00e3o.<\/p>\n\n\n\n<h3 class=\"wp-block-heading\"><strong>3. Identidade visual e verbal<\/strong><\/h3>\n\n\n\n<p>A identidade visual \u00e9 composta por elementos como logotipo, cores e tipografia, enquanto a identidade verbal inclui o tom de voz, mensagens e at\u00e9 o jeito de falar com os clientes.&nbsp;<\/p>\n\n\n\n<p>Esses elementos precisam ser consistentes em todos os pontos de contato, desde o site at\u00e9 as redes sociais.<\/p>\n\n\n\n<p>Por exemplo, se sua marca \u00e9 descolada, o tom de voz deve refletir isso em mensagens descontra\u00eddas e acess\u00edveis. J\u00e1 uma marca mais formal deve adotar uma abordagem s\u00e9ria e profissional.<\/p>\n\n\n\n<h3 class=\"wp-block-heading\"><strong>4. Experi\u00eancia do cliente<\/strong><\/h3>\n\n\n\n<p>O Branding vai al\u00e9m de elementos visuais e verbais. Ele tamb\u00e9m est\u00e1 na experi\u00eancia que o cliente tem com sua empresa.&nbsp;<\/p>\n\n\n\n<p>Isso inclui atendimento, <a href=\"https:\/\/www.empresaqui.com.br\/blog\/pos-venda\/\" target=\"_blank\" rel=\"noreferrer noopener\"><strong>p\u00f3s-venda<\/strong><\/a>, embalagens e at\u00e9 mesmo a maneira como voc\u00ea responde a cr\u00edticas ou sugest\u00f5es.<\/p>\n\n\n\n<p>Uma experi\u00eancia positiva refor\u00e7a os valores da marca e cria uma impress\u00e3o duradoura no cliente.<\/p>\n\n\n\n<h3 class=\"wp-block-heading\"><strong>5. Consist\u00eancia<\/strong><\/h3>\n\n\n\n<p>A consist\u00eancia \u00e9 muito importante para fortalecer o Branding. N\u00e3o adianta transmitir uma mensagem nas redes sociais e outra completamente diferente no atendimento presencial.&nbsp;<\/p>\n\n\n\n<p>A marca precisa ser coerente em todos os canais, gerando confian\u00e7a e credibilidade.<\/p>\n\n\n\n<h2 class=\"wp-block-heading\"><span class=\"ez-toc-section\" id=\"Como_construir_uma_marca_forte\"><\/span><strong>Como construir uma marca forte?<\/strong><span class=\"ez-toc-section-end\"><\/span><\/h2>\n\n\n\n<p>Para construir uma marca forte, voc\u00ea<strong> deve definir a ess\u00eancia da sua marca, pesquisando o mercado e os concorrentes, criar uma identidade visual marcante e desenvolver um tom de voz consistente<\/strong>.&nbsp;<\/p>\n\n\n\n<p>Al\u00e9m disso, \u00e9 fundamental construir uma presen\u00e7a online, oferecer uma experi\u00eancia excepcional ao cliente e monitorar continuamente a percep\u00e7\u00e3o da marca para ajustar sua estrat\u00e9gia quando necess\u00e1rio.&nbsp;<\/p>\n\n\n\n<p>Veja abaixo, os passos que voc\u00ea deve seguir para estar no caminho certo para estabelecer um Branding s\u00f3lido e impactante.<\/p>\n\n\n\n<h3 class=\"wp-block-heading\"><strong>1. Defina a ess\u00eancia da marca<\/strong><\/h3>\n\n\n\n<p>Antes de criar logotipos ou investir em marketing, defina a ess\u00eancia da sua marca. Pergunte a si mesmo:<\/p>\n\n\n\n<ul class=\"wp-block-list\">\n<li>Qual \u00e9 o prop\u00f3sito da minha empresa?<\/li>\n\n\n\n<li>Quais s\u00e3o os valores que quero transmitir?<\/li>\n\n\n\n<li>Como quero que os clientes me percebam?<\/li>\n<\/ul>\n\n\n\n<p>Escreva essas respostas e use-as como base para todas as decis\u00f5es relacionadas \u00e0 sua marca.<\/p>\n\n\n\n<h3 class=\"wp-block-heading\"><strong>2. Pesquise o mercado e os concorrentes<\/strong><\/h3>\n\n\n\n<p>Entenda o cen\u00e1rio em que voc\u00ea est\u00e1 inserido. Analise seus concorrentes: como eles se posicionam, quais s\u00e3o suas for\u00e7as e fraquezas, e o que os diferencia. Use essas informa\u00e7\u00f5es para identificar oportunidades de se destacar.<\/p>\n\n\n\n<h3 class=\"wp-block-heading\"><strong>3. Crie uma identidade visual marcante<\/strong><\/h3>\n\n\n\n<p>Invista em um design profissional que reflita a personalidade da sua marca. Escolha cores que transmitam as emo\u00e7\u00f5es certas, uma tipografia leg\u00edvel e um logotipo que seja memor\u00e1vel.<\/p>\n\n\n\n<p>Se sua empresa for voltada para inova\u00e7\u00e3o, por exemplo, uma paleta de cores vibrante e moderna pode ser a melhor escolha. J\u00e1 para um neg\u00f3cio voltado \u00e0 sustentabilidade, tons naturais e uma tipografia clean podem funcionar melhor.<\/p>\n\n\n\n<h3 class=\"wp-block-heading\"><strong>4. Desenvolva um tom de voz consistente<\/strong><\/h3>\n\n\n\n<p>O tom de voz \u00e9 como sua marca &#8220;fala&#8221; com o p\u00fablico. Ele pode ser formal, amig\u00e1vel, inspirador ou humor\u00edstico, dependendo do perfil do seu neg\u00f3cio.&nbsp;<\/p>\n\n\n\n<p>Esse tom deve estar presente em tudo: postagens nas redes sociais, e-mails, atendimento ao cliente e at\u00e9 embalagens.<\/p>\n\n\n\n<h3 class=\"wp-block-heading\"><strong>5. Construa presen\u00e7a online<\/strong><\/h3>\n\n\n\n<p>Nos dias de hoje, ter uma presen\u00e7a online \u00e9 indispens\u00e1vel. Crie um site profissional e mantenha suas redes sociais atualizadas com conte\u00fado relevante e alinhado ao Branding.<\/p>\n\n\n\n<p>Por exemplo, se voc\u00ea tem uma marca de roupas para jovens, invista em plataformas como Instagram e TikTok, que s\u00e3o mais visuais e populares entre esse p\u00fablico.<\/p>\n\n\n\n<h3 class=\"wp-block-heading\"><strong>6. Ofere\u00e7a uma experi\u00eancia excepcional<\/strong><\/h3>\n\n\n\n<p>Lembre-se de que o Branding est\u00e1 diretamente ligado \u00e0 experi\u00eancia do cliente. Surpreenda seus clientes com um atendimento de qualidade, seja transparente e demonstre que voc\u00ea valoriza o relacionamento com eles.<\/p>\n\n\n\n<p>Um exemplo pr\u00e1tico \u00e9 personalizar o atendimento, chamando o cliente pelo nome e enviando mensagens de agradecimento ap\u00f3s a compra.<\/p>\n\n\n\n<h3 class=\"wp-block-heading\"><strong>7. Monitore e ajuste sua estrat\u00e9gia<\/strong><\/h3>\n\n\n\n<p>O Branding n\u00e3o \u00e9 est\u00e1tico, ele evolui com o tempo. Monitore a percep\u00e7\u00e3o da sua marca no mercado, colete feedback dos clientes e fa\u00e7a ajustes sempre que necess\u00e1rio.<\/p>\n\n\n\n<p>Por exemplo, se voc\u00ea percebe que o p\u00fablico-alvo mudou ou que as necessidades do mercado est\u00e3o diferentes, pode ser o momento de repensar elementos da sua identidade de marca.<\/p>\n\n\n\n<div class=\"banner\">\n            <h2><span class=\"ez-toc-section\" id=\"Gere_listas_de_empresas_personalizadas\"><\/span>Gere listas de empresas personalizadas!<span class=\"ez-toc-section-end\"><\/span><\/h2>\n            <p>Cadastre-se gr\u00e1tis agora mesmo<\/p>\n            <div class=\"bottom-banner\">\n                <img decoding=\"async\" src=\"https:\/\/www.empresaqui.com.br\/blog\/wp-content\/uploads\/2021\/11\/AdminLTELogo.png\" alt=\"Seu Logotipo\" class=\"logo\">\n                <a href=\"https:\/\/www.empresaqui.com.br\/plano-gratuito?utm_source=blog&amp;utm_medium=banner&amp;utm_campaign=CTA-GRATUITO-HTML\" class=\"cta-button-banner\">Teste aqui agora<\/a>\n            <\/div>\n        <\/div>\n\n        <style>\n            .bottom-banner{\n                display: flex;\n                justify-content: center;\n                align-items: center;\n            }\n            .bottom-banner img{\n                width: 3rem !important;\n                height: 3rem !important;\n                margin-right: 1rem;\n            }\n            .banner h2{\n                font-family: Arial, sans-serif;\n                color: #fff !important;\n            }\n            .banner p{\n                font-family: Arial, sans-serif;\n            }\n            .banner {\n                background:#001E40;\n                color: #FFFFFF;\n                text-align: center;\n                padding: 20px;\n            }\n            .cta-button-banner {\n                display: inline-block;\n                background-color: #0CFFFB;\n                color: #000;\n                border: none;\n                padding: 1px 15px;\n                font-size: 14px;\n                font-family: sans-serif;\n                font-weight: 700;\n                border-radius: 21px;\n                cursor: pointer;\n                transition: background-color 0.3s ease;\n                text-decoration: none;\n            }\n\n            @media (max-width: 767px) {\n                .banner h2{\n                    font-size:20px;\n                }\n                .cta-button-banner {\n                    padding: 1px 15px;\n                    font-size: 12px;\n                }\n\n            }\n        <\/style>\n    \n\n","protected":false},"excerpt":{"rendered":"<p>O Branding \u00e9 essencial para construir a identidade de um neg\u00f3cio e moldar sua percep\u00e7\u00e3o no mercado.&nbsp; Em um cen\u00e1rio [&hellip;]<\/p>\n","protected":false},"author":4,"featured_media":0,"comment_status":"closed","ping_status":"closed","sticky":false,"template":"","format":"standard","meta":{"_acf_changed":false,"_uag_custom_page_level_css":"","site-sidebar-layout":"default","site-content-layout":"","ast-site-content-layout":"default","site-content-style":"default","site-sidebar-style":"default","ast-global-header-display":"","ast-banner-title-visibility":"","ast-main-header-display":"","ast-hfb-above-header-display":"","ast-hfb-below-header-display":"","ast-hfb-mobile-header-display":"","site-post-title":"","ast-breadcrumbs-content":"","ast-featured-img":"","footer-sml-layout":"","theme-transparent-header-meta":"","adv-header-id-meta":"","stick-header-meta":"","header-above-stick-meta":"","header-main-stick-meta":"","header-below-stick-meta":"","astra-migrate-meta-layouts":"default","ast-page-background-enabled":"default","ast-page-background-meta":{"desktop":{"background-color":"var(--ast-global-color-4)","background-image":"","background-repeat":"repeat","background-position":"center center","background-size":"auto","background-attachment":"scroll","background-type":"","background-media":"","overlay-type":"","overlay-color":"","overlay-opacity":"","overlay-gradient":""},"tablet":{"background-color":"","background-image":"","background-repeat":"repeat","background-position":"center center","background-size":"auto","background-attachment":"scroll","background-type":"","background-media":"","overlay-type":"","overlay-color":"","overlay-opacity":"","overlay-gradient":""},"mobile":{"background-color":"","background-image":"","background-repeat":"repeat","background-position":"center center","background-size":"auto","background-attachment":"scroll","background-type":"","background-media":"","overlay-type":"","overlay-color":"","overlay-opacity":"","overlay-gradient":""}},"ast-content-background-meta":{"desktop":{"background-color":"var(--ast-global-color-5)","background-image":"","background-repeat":"repeat","background-position":"center center","background-size":"auto","background-attachment":"scroll","background-type":"","background-media":"","overlay-type":"","overlay-color":"","overlay-opacity":"","overlay-gradient":""},"tablet":{"background-color":"var(--ast-global-color-5)","background-image":"","background-repeat":"repeat","background-position":"center center","background-size":"auto","background-attachment":"scroll","background-type":"","background-media":"","overlay-type":"","overlay-color":"","overlay-opacity":"","overlay-gradient":""},"mobile":{"background-color":"var(--ast-global-color-5)","background-image":"","background-repeat":"repeat","background-position":"center center","background-size":"auto","background-attachment":"scroll","background-type":"","background-media":"","overlay-type":"","overlay-color":"","overlay-opacity":"","overlay-gradient":""}},"footnotes":""},"categories":[33],"tags":[],"class_list":["post-3837","post","type-post","status-publish","format-standard","hentry","category-prospeccao-vendas"],"acf":[],"yoast_head":"<!-- This site is optimized with the Yoast SEO plugin v27.4 - https:\/\/yoast.com\/product\/yoast-seo-wordpress\/ -->\n<title>Branding para Empreendedores: o que \u00e9 e como construir?<\/title>\n<meta name=\"description\" content=\"Veja como fazer um bom Branding para Empreendedores e construir uma marca s\u00f3lida, mem\u00f3ravel que causa curiosidade e encanta os clientes.\" \/>\n<meta name=\"robots\" content=\"index, follow, max-snippet:-1, max-image-preview:large, max-video-preview:-1\" \/>\n<link rel=\"canonical\" href=\"https:\/\/www.empresaqui.com.br\/blog\/branding-para-empreendedores\/\" \/>\n<meta property=\"og:locale\" content=\"pt_BR\" \/>\n<meta property=\"og:type\" content=\"article\" \/>\n<meta property=\"og:title\" content=\"Branding para Empreendedores: o que \u00e9 e como construir?\" \/>\n<meta property=\"og:description\" content=\"Veja como fazer um bom Branding para Empreendedores e construir uma marca s\u00f3lida, mem\u00f3ravel que causa curiosidade e encanta os clientes.\" \/>\n<meta property=\"og:url\" content=\"https:\/\/www.empresaqui.com.br\/blog\/branding-para-empreendedores\/\" \/>\n<meta property=\"og:site_name\" content=\"Blog EmpresAqui\" \/>\n<meta property=\"article:publisher\" content=\"https:\/\/www.facebook.com\/empresaquibr\" \/>\n<meta property=\"article:published_time\" content=\"2025-01-06T14:17:16+00:00\" \/>\n<meta property=\"article:modified_time\" content=\"2025-01-06T14:19:39+00:00\" \/>\n<meta name=\"author\" content=\"Jamille Rocha\" \/>\n<meta name=\"twitter:card\" content=\"summary_large_image\" \/>\n<meta name=\"twitter:label1\" content=\"Escrito por\" \/>\n\t<meta name=\"twitter:data1\" content=\"Jamille Rocha\" \/>\n\t<meta name=\"twitter:label2\" content=\"Est. tempo de leitura\" \/>\n\t<meta name=\"twitter:data2\" content=\"7 minutos\" \/>\n<script type=\"application\/ld+json\" class=\"yoast-schema-graph\">{\"@context\":\"https:\\\/\\\/schema.org\",\"@graph\":[{\"@type\":\"Article\",\"@id\":\"https:\\\/\\\/www.empresaqui.com.br\\\/blog\\\/branding-para-empreendedores\\\/#article\",\"isPartOf\":{\"@id\":\"https:\\\/\\\/www.empresaqui.com.br\\\/blog\\\/branding-para-empreendedores\\\/\"},\"author\":{\"name\":\"Jamille Rocha\",\"@id\":\"https:\\\/\\\/www.empresaqui.com.br\\\/blog\\\/#\\\/schema\\\/person\\\/143604485ecb43926554432880c87570\"},\"headline\":\"Como utilizar o Branding para empreendedores e construir uma marca memor\u00e1vel?\",\"datePublished\":\"2025-01-06T14:17:16+00:00\",\"dateModified\":\"2025-01-06T14:19:39+00:00\",\"mainEntityOfPage\":{\"@id\":\"https:\\\/\\\/www.empresaqui.com.br\\\/blog\\\/branding-para-empreendedores\\\/\"},\"wordCount\":1355,\"publisher\":{\"@id\":\"https:\\\/\\\/www.empresaqui.com.br\\\/blog\\\/#organization\"},\"articleSection\":[\"Dicas de Vendas\"],\"inLanguage\":\"pt-BR\"},{\"@type\":\"WebPage\",\"@id\":\"https:\\\/\\\/www.empresaqui.com.br\\\/blog\\\/branding-para-empreendedores\\\/\",\"url\":\"https:\\\/\\\/www.empresaqui.com.br\\\/blog\\\/branding-para-empreendedores\\\/\",\"name\":\"Branding para Empreendedores: o que \u00e9 e como construir?\",\"isPartOf\":{\"@id\":\"https:\\\/\\\/www.empresaqui.com.br\\\/blog\\\/#website\"},\"datePublished\":\"2025-01-06T14:17:16+00:00\",\"dateModified\":\"2025-01-06T14:19:39+00:00\",\"description\":\"Veja como fazer um bom Branding para Empreendedores e construir uma marca s\u00f3lida, mem\u00f3ravel que causa curiosidade e encanta os clientes.\",\"breadcrumb\":{\"@id\":\"https:\\\/\\\/www.empresaqui.com.br\\\/blog\\\/branding-para-empreendedores\\\/#breadcrumb\"},\"inLanguage\":\"pt-BR\",\"potentialAction\":[{\"@type\":\"ReadAction\",\"target\":[\"https:\\\/\\\/www.empresaqui.com.br\\\/blog\\\/branding-para-empreendedores\\\/\"]}]},{\"@type\":\"BreadcrumbList\",\"@id\":\"https:\\\/\\\/www.empresaqui.com.br\\\/blog\\\/branding-para-empreendedores\\\/#breadcrumb\",\"itemListElement\":[{\"@type\":\"ListItem\",\"position\":1,\"name\":\"In\u00edcio\",\"item\":\"https:\\\/\\\/www.empresaqui.com.br\\\/blog\\\/\"},{\"@type\":\"ListItem\",\"position\":2,\"name\":\"Dicas de Vendas\",\"item\":\"https:\\\/\\\/www.empresaqui.com.br\\\/blog\\\/category\\\/prospeccao-vendas\\\/\"},{\"@type\":\"ListItem\",\"position\":3,\"name\":\"Como utilizar o Branding para empreendedores e construir uma marca memor\u00e1vel?\"}]},{\"@type\":\"WebSite\",\"@id\":\"https:\\\/\\\/www.empresaqui.com.br\\\/blog\\\/#website\",\"url\":\"https:\\\/\\\/www.empresaqui.com.br\\\/blog\\\/\",\"name\":\"Blog EmpresAqui\",\"description\":\"\",\"publisher\":{\"@id\":\"https:\\\/\\\/www.empresaqui.com.br\\\/blog\\\/#organization\"},\"potentialAction\":[{\"@type\":\"SearchAction\",\"target\":{\"@type\":\"EntryPoint\",\"urlTemplate\":\"https:\\\/\\\/www.empresaqui.com.br\\\/blog\\\/?s={search_term_string}\"},\"query-input\":{\"@type\":\"PropertyValueSpecification\",\"valueRequired\":true,\"valueName\":\"search_term_string\"}}],\"inLanguage\":\"pt-BR\"},{\"@type\":\"Organization\",\"@id\":\"https:\\\/\\\/www.empresaqui.com.br\\\/blog\\\/#organization\",\"name\":\"EmpresAqui\",\"url\":\"https:\\\/\\\/www.empresaqui.com.br\\\/blog\\\/\",\"logo\":{\"@type\":\"ImageObject\",\"inLanguage\":\"pt-BR\",\"@id\":\"https:\\\/\\\/www.empresaqui.com.br\\\/blog\\\/#\\\/schema\\\/logo\\\/image\\\/\",\"url\":\"https:\\\/\\\/www.empresaqui.com.br\\\/blog\\\/wp-content\\\/uploads\\\/2023\\\/02\\\/cropped-cropped-AdminLTELogo-2-1-1.png\",\"contentUrl\":\"https:\\\/\\\/www.empresaqui.com.br\\\/blog\\\/wp-content\\\/uploads\\\/2023\\\/02\\\/cropped-cropped-AdminLTELogo-2-1-1.png\",\"width\":100,\"height\":100,\"caption\":\"EmpresAqui\"},\"image\":{\"@id\":\"https:\\\/\\\/www.empresaqui.com.br\\\/blog\\\/#\\\/schema\\\/logo\\\/image\\\/\"},\"sameAs\":[\"https:\\\/\\\/www.facebook.com\\\/empresaquibr\",\"https:\\\/\\\/www.instagram.com\\\/empresaqui\"]},{\"@type\":\"Person\",\"@id\":\"https:\\\/\\\/www.empresaqui.com.br\\\/blog\\\/#\\\/schema\\\/person\\\/143604485ecb43926554432880c87570\",\"name\":\"Jamille Rocha\",\"image\":{\"@type\":\"ImageObject\",\"inLanguage\":\"pt-BR\",\"@id\":\"https:\\\/\\\/secure.gravatar.com\\\/avatar\\\/2f6b45baa44f90046c948f8af1f72e56c12a99f8d98da72b2bba204290c00022?s=96&d=mm&r=g\",\"url\":\"https:\\\/\\\/secure.gravatar.com\\\/avatar\\\/2f6b45baa44f90046c948f8af1f72e56c12a99f8d98da72b2bba204290c00022?s=96&d=mm&r=g\",\"contentUrl\":\"https:\\\/\\\/secure.gravatar.com\\\/avatar\\\/2f6b45baa44f90046c948f8af1f72e56c12a99f8d98da72b2bba204290c00022?s=96&d=mm&r=g\",\"caption\":\"Jamille Rocha\"},\"description\":\"Jamille Rocha \u00e9 diretora de Marketing &amp; Growth e s\u00f3cia do EmpresAqui, plataforma de dados e intelig\u00eancia de mercado para prospec\u00e7\u00e3o B2B. Atua, com mais de 7 anos de experi\u00eancia, na interse\u00e7\u00e3o entre estrat\u00e9gia, dados e crescimento, liderando iniciativas de aquisi\u00e7\u00e3o e convers\u00e3o para empresas orientadas por dados.\",\"url\":\"https:\\\/\\\/www.empresaqui.com.br\\\/blog\\\/author\\\/jamille-rocha-2\\\/\"}]}<\/script>\n<!-- \/ Yoast SEO plugin. -->","yoast_head_json":{"title":"Branding para Empreendedores: o que \u00e9 e como construir?","description":"Veja como fazer um bom Branding para Empreendedores e construir uma marca s\u00f3lida, mem\u00f3ravel que causa curiosidade e encanta os clientes.","robots":{"index":"index","follow":"follow","max-snippet":"max-snippet:-1","max-image-preview":"max-image-preview:large","max-video-preview":"max-video-preview:-1"},"canonical":"https:\/\/www.empresaqui.com.br\/blog\/branding-para-empreendedores\/","og_locale":"pt_BR","og_type":"article","og_title":"Branding para Empreendedores: o que \u00e9 e como construir?","og_description":"Veja como fazer um bom Branding para Empreendedores e construir uma marca s\u00f3lida, mem\u00f3ravel que causa curiosidade e encanta os clientes.","og_url":"https:\/\/www.empresaqui.com.br\/blog\/branding-para-empreendedores\/","og_site_name":"Blog EmpresAqui","article_publisher":"https:\/\/www.facebook.com\/empresaquibr","article_published_time":"2025-01-06T14:17:16+00:00","article_modified_time":"2025-01-06T14:19:39+00:00","author":"Jamille Rocha","twitter_card":"summary_large_image","twitter_misc":{"Escrito por":"Jamille Rocha","Est. tempo de leitura":"7 minutos"},"schema":{"@context":"https:\/\/schema.org","@graph":[{"@type":"Article","@id":"https:\/\/www.empresaqui.com.br\/blog\/branding-para-empreendedores\/#article","isPartOf":{"@id":"https:\/\/www.empresaqui.com.br\/blog\/branding-para-empreendedores\/"},"author":{"name":"Jamille Rocha","@id":"https:\/\/www.empresaqui.com.br\/blog\/#\/schema\/person\/143604485ecb43926554432880c87570"},"headline":"Como utilizar o Branding para empreendedores e construir uma marca memor\u00e1vel?","datePublished":"2025-01-06T14:17:16+00:00","dateModified":"2025-01-06T14:19:39+00:00","mainEntityOfPage":{"@id":"https:\/\/www.empresaqui.com.br\/blog\/branding-para-empreendedores\/"},"wordCount":1355,"publisher":{"@id":"https:\/\/www.empresaqui.com.br\/blog\/#organization"},"articleSection":["Dicas de Vendas"],"inLanguage":"pt-BR"},{"@type":"WebPage","@id":"https:\/\/www.empresaqui.com.br\/blog\/branding-para-empreendedores\/","url":"https:\/\/www.empresaqui.com.br\/blog\/branding-para-empreendedores\/","name":"Branding para Empreendedores: o que \u00e9 e como construir?","isPartOf":{"@id":"https:\/\/www.empresaqui.com.br\/blog\/#website"},"datePublished":"2025-01-06T14:17:16+00:00","dateModified":"2025-01-06T14:19:39+00:00","description":"Veja como fazer um bom Branding para Empreendedores e construir uma marca s\u00f3lida, mem\u00f3ravel que causa curiosidade e encanta os clientes.","breadcrumb":{"@id":"https:\/\/www.empresaqui.com.br\/blog\/branding-para-empreendedores\/#breadcrumb"},"inLanguage":"pt-BR","potentialAction":[{"@type":"ReadAction","target":["https:\/\/www.empresaqui.com.br\/blog\/branding-para-empreendedores\/"]}]},{"@type":"BreadcrumbList","@id":"https:\/\/www.empresaqui.com.br\/blog\/branding-para-empreendedores\/#breadcrumb","itemListElement":[{"@type":"ListItem","position":1,"name":"In\u00edcio","item":"https:\/\/www.empresaqui.com.br\/blog\/"},{"@type":"ListItem","position":2,"name":"Dicas de Vendas","item":"https:\/\/www.empresaqui.com.br\/blog\/category\/prospeccao-vendas\/"},{"@type":"ListItem","position":3,"name":"Como utilizar o Branding para empreendedores e construir uma marca memor\u00e1vel?"}]},{"@type":"WebSite","@id":"https:\/\/www.empresaqui.com.br\/blog\/#website","url":"https:\/\/www.empresaqui.com.br\/blog\/","name":"Blog EmpresAqui","description":"","publisher":{"@id":"https:\/\/www.empresaqui.com.br\/blog\/#organization"},"potentialAction":[{"@type":"SearchAction","target":{"@type":"EntryPoint","urlTemplate":"https:\/\/www.empresaqui.com.br\/blog\/?s={search_term_string}"},"query-input":{"@type":"PropertyValueSpecification","valueRequired":true,"valueName":"search_term_string"}}],"inLanguage":"pt-BR"},{"@type":"Organization","@id":"https:\/\/www.empresaqui.com.br\/blog\/#organization","name":"EmpresAqui","url":"https:\/\/www.empresaqui.com.br\/blog\/","logo":{"@type":"ImageObject","inLanguage":"pt-BR","@id":"https:\/\/www.empresaqui.com.br\/blog\/#\/schema\/logo\/image\/","url":"https:\/\/www.empresaqui.com.br\/blog\/wp-content\/uploads\/2023\/02\/cropped-cropped-AdminLTELogo-2-1-1.png","contentUrl":"https:\/\/www.empresaqui.com.br\/blog\/wp-content\/uploads\/2023\/02\/cropped-cropped-AdminLTELogo-2-1-1.png","width":100,"height":100,"caption":"EmpresAqui"},"image":{"@id":"https:\/\/www.empresaqui.com.br\/blog\/#\/schema\/logo\/image\/"},"sameAs":["https:\/\/www.facebook.com\/empresaquibr","https:\/\/www.instagram.com\/empresaqui"]},{"@type":"Person","@id":"https:\/\/www.empresaqui.com.br\/blog\/#\/schema\/person\/143604485ecb43926554432880c87570","name":"Jamille Rocha","image":{"@type":"ImageObject","inLanguage":"pt-BR","@id":"https:\/\/secure.gravatar.com\/avatar\/2f6b45baa44f90046c948f8af1f72e56c12a99f8d98da72b2bba204290c00022?s=96&d=mm&r=g","url":"https:\/\/secure.gravatar.com\/avatar\/2f6b45baa44f90046c948f8af1f72e56c12a99f8d98da72b2bba204290c00022?s=96&d=mm&r=g","contentUrl":"https:\/\/secure.gravatar.com\/avatar\/2f6b45baa44f90046c948f8af1f72e56c12a99f8d98da72b2bba204290c00022?s=96&d=mm&r=g","caption":"Jamille Rocha"},"description":"Jamille Rocha \u00e9 diretora de Marketing &amp; Growth e s\u00f3cia do EmpresAqui, plataforma de dados e intelig\u00eancia de mercado para prospec\u00e7\u00e3o B2B. Atua, com mais de 7 anos de experi\u00eancia, na interse\u00e7\u00e3o entre estrat\u00e9gia, dados e crescimento, liderando iniciativas de aquisi\u00e7\u00e3o e convers\u00e3o para empresas orientadas por dados.","url":"https:\/\/www.empresaqui.com.br\/blog\/author\/jamille-rocha-2\/"}]}},"uagb_featured_image_src":{"full":false,"thumbnail":false,"medium":false,"medium_large":false,"large":false,"1536x1536":false,"2048x2048":false},"uagb_author_info":{"display_name":"Jamille Rocha","author_link":"https:\/\/www.empresaqui.com.br\/blog\/author\/jamille-rocha-2\/"},"uagb_comment_info":0,"uagb_excerpt":"O Branding \u00e9 essencial para construir a identidade de um neg\u00f3cio e moldar sua percep\u00e7\u00e3o no mercado.&nbsp; Em um cen\u00e1rio [&hellip;]","_links":{"self":[{"href":"https:\/\/www.empresaqui.com.br\/blog\/wp-json\/wp\/v2\/posts\/3837","targetHints":{"allow":["GET"]}}],"collection":[{"href":"https:\/\/www.empresaqui.com.br\/blog\/wp-json\/wp\/v2\/posts"}],"about":[{"href":"https:\/\/www.empresaqui.com.br\/blog\/wp-json\/wp\/v2\/types\/post"}],"author":[{"embeddable":true,"href":"https:\/\/www.empresaqui.com.br\/blog\/wp-json\/wp\/v2\/users\/4"}],"replies":[{"embeddable":true,"href":"https:\/\/www.empresaqui.com.br\/blog\/wp-json\/wp\/v2\/comments?post=3837"}],"version-history":[{"count":1,"href":"https:\/\/www.empresaqui.com.br\/blog\/wp-json\/wp\/v2\/posts\/3837\/revisions"}],"predecessor-version":[{"id":3839,"href":"https:\/\/www.empresaqui.com.br\/blog\/wp-json\/wp\/v2\/posts\/3837\/revisions\/3839"}],"wp:attachment":[{"href":"https:\/\/www.empresaqui.com.br\/blog\/wp-json\/wp\/v2\/media?parent=3837"}],"wp:term":[{"taxonomy":"category","embeddable":true,"href":"https:\/\/www.empresaqui.com.br\/blog\/wp-json\/wp\/v2\/categories?post=3837"},{"taxonomy":"post_tag","embeddable":true,"href":"https:\/\/www.empresaqui.com.br\/blog\/wp-json\/wp\/v2\/tags?post=3837"}],"curies":[{"name":"wp","href":"https:\/\/api.w.org\/{rel}","templated":true}]}}