{"id":3799,"date":"2024-12-20T15:15:27","date_gmt":"2024-12-20T18:15:27","guid":{"rendered":"https:\/\/www.empresaqui.com.br\/blog\/?p=3799"},"modified":"2025-09-19T10:47:45","modified_gmt":"2025-09-19T13:47:45","slug":"saude-corporativa","status":"publish","type":"post","link":"https:\/\/www.empresaqui.com.br\/blog\/saude-corporativa\/","title":{"rendered":"Veja os benef\u00edcios de implementar um programa de Sa\u00fade Corporativa"},"content":{"rendered":"\n<p>A sa\u00fade corporativa tem ganhado destaque como um dos elementos essenciais para o sucesso organizacional.&nbsp;<\/p>\n\n\n\n<p>N\u00e3o se trata apenas de implementar planos de sa\u00fade ou fornecer benef\u00edcios pontuais, mas sim de adotar estrat\u00e9gias integradas que promovam o bem-estar f\u00edsico, mental e emocional dos colaboradores.&nbsp;<\/p>\n\n\n\n<p>Empresas que investem em sa\u00fade corporativa conseguem aumentar a produtividade, reduzir o absente\u00edsmo e criar ambientes de trabalho mais harmoniosos.<\/p>\n\n\n\n<div id=\"ez-toc-container\" class=\"ez-toc-v2_0_81 ez-toc-wrap-left counter-hierarchy ez-toc-counter ez-toc-custom ez-toc-container-direction\">\n<div class=\"ez-toc-title-container\">\n<p class=\"ez-toc-title\" style=\"cursor:inherit\">Neste artigo voc\u00ea vai ver:<\/p>\n<span class=\"ez-toc-title-toggle\"><a href=\"#\" class=\"ez-toc-pull-right ez-toc-btn ez-toc-btn-xs ez-toc-btn-default ez-toc-toggle\" aria-label=\"Alternar tabela de conte\u00fado\"><span class=\"ez-toc-js-icon-con\"><span class=\"\"><span class=\"eztoc-hide\" style=\"display:none;\">Toggle<\/span><span class=\"ez-toc-icon-toggle-span\"><svg style=\"fill: #0066bf;color:#0066bf\" xmlns=\"http:\/\/www.w3.org\/2000\/svg\" class=\"list-377408\" width=\"20px\" height=\"20px\" viewBox=\"0 0 24 24\" fill=\"none\"><path d=\"M6 6H4v2h2V6zm14 0H8v2h12V6zM4 11h2v2H4v-2zm16 0H8v2h12v-2zM4 16h2v2H4v-2zm16 0H8v2h12v-2z\" fill=\"currentColor\"><\/path><\/svg><svg style=\"fill: #0066bf;color:#0066bf\" class=\"arrow-unsorted-368013\" xmlns=\"http:\/\/www.w3.org\/2000\/svg\" width=\"10px\" height=\"10px\" viewBox=\"0 0 24 24\" version=\"1.2\" baseProfile=\"tiny\"><path d=\"M18.2 9.3l-6.2-6.3-6.2 6.3c-.2.2-.3.4-.3.7s.1.5.3.7c.2.2.4.3.7.3h11c.3 0 .5-.1.7-.3.2-.2.3-.5.3-.7s-.1-.5-.3-.7zM5.8 14.7l6.2 6.3 6.2-6.3c.2-.2.3-.5.3-.7s-.1-.5-.3-.7c-.2-.2-.4-.3-.7-.3h-11c-.3 0-.5.1-.7.3-.2.2-.3.5-.3.7s.1.5.3.7z\"\/><\/svg><\/span><\/span><\/span><\/a><\/span><\/div>\n<nav><ul class='ez-toc-list ez-toc-list-level-1 ' ><li class='ez-toc-page-1 ez-toc-heading-level-2'><a class=\"ez-toc-link ez-toc-heading-1\" href=\"https:\/\/www.empresaqui.com.br\/blog\/saude-corporativa\/#O_que_e_Saude_Corporativa\" >O que \u00e9 Sa\u00fade Corporativa?<\/a><\/li><li class='ez-toc-page-1 ez-toc-heading-level-2'><a class=\"ez-toc-link ez-toc-heading-2\" href=\"https:\/\/www.empresaqui.com.br\/blog\/saude-corporativa\/#Beneficios_da_Saude_Corporativa\" >Benef\u00edcios da Sa\u00fade Corporativa<\/a><\/li><li class='ez-toc-page-1 ez-toc-heading-level-2'><a class=\"ez-toc-link ez-toc-heading-3\" href=\"https:\/\/www.empresaqui.com.br\/blog\/saude-corporativa\/#Principais_componentes_de_Programas_de_Saude_Corporativa\" >Principais componentes de Programas de Sa\u00fade Corporativa<\/a><\/li><li class='ez-toc-page-1 ez-toc-heading-level-2'><a class=\"ez-toc-link ez-toc-heading-4\" href=\"https:\/\/www.empresaqui.com.br\/blog\/saude-corporativa\/#Como_implementar_um_Programa_de_Saude_Corporativa\" >Como implementar um Programa de Sa\u00fade Corporativa?<\/a><\/li><li class='ez-toc-page-1 ez-toc-heading-level-2'><a class=\"ez-toc-link ez-toc-heading-5\" href=\"https:\/\/www.empresaqui.com.br\/blog\/saude-corporativa\/#Desafios_na_implementacao_da_Saude_Corporativa\" >Desafios na implementa\u00e7\u00e3o da Sa\u00fade Corporativa<\/a><\/li><li class='ez-toc-page-1 ez-toc-heading-level-2'><a class=\"ez-toc-link ez-toc-heading-6\" href=\"https:\/\/www.empresaqui.com.br\/blog\/saude-corporativa\/#Qual_o_futuro_da_Saude_Corporativa\" >Qual o futuro da Sa\u00fade Corporativa?<\/a><\/li><li class='ez-toc-page-1 ez-toc-heading-level-2'><a class=\"ez-toc-link ez-toc-heading-7\" href=\"https:\/\/www.empresaqui.com.br\/blog\/saude-corporativa\/#Gere_listas_de_empresas_personalizadas\" >Gere listas de empresas personalizadas!<\/a><\/li><\/ul><\/nav><\/div>\n<h2 class=\"wp-block-heading\"><span class=\"ez-toc-section\" id=\"O_que_e_Saude_Corporativa\"><\/span><strong>O que \u00e9 Sa\u00fade Corporativa?<\/strong><span class=\"ez-toc-section-end\"><\/span><\/h2>\n\n\n\n<p>A sa\u00fade corporativa refere-se a um <strong>conjunto de pr\u00e1ticas, pol\u00edticas e programas implementados pelas empresas para melhorar a sa\u00fade e o bem-estar dos funcion\u00e1rios<\/strong>.&nbsp;<\/p>\n\n\n\n<p>Isso inclui a\u00e7\u00f5es preventivas, como programas de vacina\u00e7\u00e3o e check-ups regulares, al\u00e9m de iniciativas voltadas \u00e0 sa\u00fade mental, ergonomia, alimenta\u00e7\u00e3o saud\u00e1vel e incentivo \u00e0 pr\u00e1tica de atividades f\u00edsicas.<\/p>\n\n\n\n<p>Essa abordagem vai al\u00e9m da preocupa\u00e7\u00e3o com a sa\u00fade individual dos colaboradores.&nbsp;<\/p>\n\n\n\n<h2 class=\"wp-block-heading\"><span class=\"ez-toc-section\" id=\"Beneficios_da_Saude_Corporativa\"><\/span><strong>Benef\u00edcios da Sa\u00fade Corporativa<\/strong><span class=\"ez-toc-section-end\"><\/span><\/h2>\n\n\n\n<p>Empresas que se preocupam com sa\u00fade corporativa tamb\u00e9m contribuem para a <strong>cria\u00e7\u00e3o de um ambiente de trabalho mais saud\u00e1vel e inclusivo<\/strong>, impactando positivamente a cultura organizacional. Veja alguns dos benef\u00edcios:<\/p>\n\n\n\n<h3 class=\"wp-block-heading\"><strong>Aumento da produtividade<\/strong><\/h3>\n\n\n\n<p>Funcion\u00e1rios saud\u00e1veis s\u00e3o mais engajados e produtivos. Estudos mostram que colaboradores que se sentem f\u00edsica e mentalmente bem tendem a ser mais focados e eficientes.<\/p>\n\n\n\n<p>Um ambiente corporativo que promove h\u00e1bitos saud\u00e1veis incentiva maior comprometimento com as tarefas e objetivos organizacionais.<\/p>\n\n\n\n<h3 class=\"wp-block-heading\"><strong>Redu\u00e7\u00e3o do absente\u00edsmo e presente\u00edsmo<\/strong><\/h3>\n\n\n\n<p>O absente\u00edsmo, caracterizado pela aus\u00eancia frequente dos funcion\u00e1rios devido a problemas de sa\u00fade, \u00e9 um dos maiores desafios enfrentados pelas empresas.&nbsp;<\/p>\n\n\n\n<p>Al\u00e9m disso, o presente\u00edsmo, que ocorre quando o colaborador est\u00e1 fisicamente presente, mas incapaz de desempenhar suas fun\u00e7\u00f5es de forma eficaz devido a quest\u00f5es de sa\u00fade, tamb\u00e9m \u00e9 prejudicial.&nbsp;<\/p>\n\n\n\n<p>Programas de sa\u00fade corporativa ajudam a mitigar esses problemas, promovendo a preven\u00e7\u00e3o e tratamento de doen\u00e7as.<\/p>\n\n\n\n<h3 class=\"wp-block-heading\"><strong>Fortalecimento da imagem da empresa<\/strong><\/h3>\n\n\n\n<p>Empresas que demonstram preocupa\u00e7\u00e3o genu\u00edna com o bem-estar de seus colaboradores s\u00e3o vistas de forma mais positiva tanto pelos funcion\u00e1rios quanto pelo mercado. Isso atrai talentos, fortalece a marca empregadora e promove maior reten\u00e7\u00e3o de pessoal.<\/p>\n\n\n\n<h3 class=\"wp-block-heading\"><strong>Redu\u00e7\u00e3o de custos operacionais<\/strong><\/h3>\n\n\n\n<p>Investir em sa\u00fade corporativa pode reduzir significativamente os<strong> custos relacionados a licen\u00e7as m\u00e9dicas, rotatividade de funcion\u00e1rios e seguros de sa\u00fade<\/strong>.&nbsp;<\/p>\n\n\n\n<p>Embora a implementa\u00e7\u00e3o de programas de sa\u00fade requeira investimento inicial, o retorno financeiro e os benef\u00edcios a longo prazo superam os custos.<\/p>\n\n\n\n<h2 class=\"wp-block-heading\"><span class=\"ez-toc-section\" id=\"Principais_componentes_de_Programas_de_Saude_Corporativa\"><\/span><strong>Principais componentes de Programas de Sa\u00fade Corporativa<\/strong><span class=\"ez-toc-section-end\"><\/span><\/h2>\n\n\n\n<p>Podemos destacar 4 grandes \u00e1reas a fim de organizar o programa de sa\u00fade corporativa.&nbsp;<\/p>\n\n\n\n<p>Ao priorizar o bem-estar dos funcion\u00e1rios, as empresas n\u00e3o apenas criam um ambiente de trabalho mais saud\u00e1vel, mas tamb\u00e9m se posicionam como empregadores de refer\u00eancia no mercado.<\/p>\n\n\n\n<ol class=\"wp-block-list\">\n<li><strong>Sa\u00fade F\u00edsica<\/strong><\/li>\n<\/ol>\n\n\n\n<p>Iniciativas voltadas para a sa\u00fade f\u00edsica incluem campanhas de vacina\u00e7\u00e3o, programas de controle de peso, incentivo \u00e0 pr\u00e1tica de exerc\u00edcios f\u00edsicos e monitoramento m\u00e9dico peri\u00f3dico.&nbsp;<\/p>\n\n\n\n<p>A <strong>ergonomia no ambiente de trabalho<\/strong> tamb\u00e9m desempenha um papel essencial para evitar problemas como dores cr\u00f4nicas e les\u00f5es ocupacionais.<\/p>\n\n\n\n<ol start=\"2\" class=\"wp-block-list\">\n<li><strong>Sa\u00fade Mental<\/strong><\/li>\n<\/ol>\n\n\n\n<p>A sa\u00fade mental est\u00e1 se tornando uma prioridade no ambiente corporativo, especialmente ap\u00f3s os desafios trazidos pela pandemia de COVID-19.&nbsp;<\/p>\n\n\n\n<p>Programas de <strong>apoio psicol\u00f3gico<\/strong>, palestras sobre gerenciamento de estresse e iniciativas para promover equil\u00edbrio entre trabalho e vida pessoal s\u00e3o fundamentais para evitar problemas como ansiedade e burnout.<\/p>\n\n\n\n<ol start=\"3\" class=\"wp-block-list\">\n<li><strong>Alimenta\u00e7\u00e3o Saud\u00e1vel<\/strong><\/li>\n<\/ol>\n\n\n\n<p>Oferecer op\u00e7\u00f5es de alimenta\u00e7\u00e3o saud\u00e1vel nas instala\u00e7\u00f5es da empresa ou por meio de parcerias com restaurantes pode incentivar escolhas alimentares mais equilibradas.&nbsp;<\/p>\n\n\n\n<p>Al\u00e9m disso, a\u00e7\u00f5es como workshops sobre nutri\u00e7\u00e3o ajudam a conscientizar os colaboradores sobre a import\u00e2ncia de h\u00e1bitos alimentares saud\u00e1veis.<\/p>\n\n\n\n<ol start=\"4\" class=\"wp-block-list\">\n<li><strong>Promo\u00e7\u00e3o da Qualidade de Vida<\/strong><\/li>\n<\/ol>\n\n\n\n<p>Atividades como aulas de ioga, medita\u00e7\u00e3o e esportes podem ser incorporadas \u00e0 rotina da empresa para promover o bem-estar geral dos funcion\u00e1rios.&nbsp;<\/p>\n\n\n\n<p>Essas pr\u00e1ticas n\u00e3o apenas ajudam na sa\u00fade f\u00edsica, mas tamb\u00e9m contribuem para a sa\u00fade mental e social.<\/p>\n\n\n\n<h2 class=\"wp-block-heading\"><span class=\"ez-toc-section\" id=\"Como_implementar_um_Programa_de_Saude_Corporativa\"><\/span><strong>Como implementar um Programa de Sa\u00fade Corporativa?<\/strong><span class=\"ez-toc-section-end\"><\/span><\/h2>\n\n\n\n<p>Investir em sa\u00fade corporativa \u00e9 uma vantagem em economia, posicionamento da empresa e qualidade do servi\u00e7o entregue.&nbsp;<\/p>\n\n\n\n<p>Al\u00e9m de melhorar a qualidade de vida dos colaboradores, essas iniciativas fortalecem a <a href=\"https:\/\/www.empresaqui.com.br\/blog\/cultura-organizacional\/\" target=\"_blank\" rel=\"noreferrer noopener\"><strong>cultura organizacional<\/strong><\/a>, aumentam a produtividade e reduzem custos operacionais. Veja alguns passos para aplicar no seu neg\u00f3cio.<\/p>\n\n\n\n<h3 class=\"wp-block-heading\"><strong>Diagn\u00f3stico inicial<\/strong><\/h3>\n\n\n\n<p>O primeiro passo para implementar um programa de sa\u00fade corporativa \u00e9 entender as necessidades espec\u00edficas da organiza\u00e7\u00e3o e de seus colaboradores.\u00a0Uma<strong> <a href=\"http:\/\/www.empresaqui.com.br\/blog\/consultoria-planos-de-saude\/\" target=\"_blank\" rel=\"noreferrer noopener\">consultoria de plano de sa\u00fade <\/a><\/strong>\u00e9 uma solu\u00e7\u00e3o estrat\u00e9gica para a realiza\u00e7\u00e3o do diagn\u00f3stico. <\/p>\n\n\n\n<p>Isso pode ser feito por meio de pesquisas internas, an\u00e1lise de relat\u00f3rios de sa\u00fade ocupacional e entrevistas com os funcion\u00e1rios.<\/p>\n\n\n\n<h3 class=\"wp-block-heading\"><strong>Defini\u00e7\u00e3o de objetivos<\/strong><\/h3>\n\n\n\n<p>Ap\u00f3s o diagn\u00f3stico, \u00e9 importante estabelecer <a href=\"https:\/\/www.empresaqui.com.br\/blog\/kpi\/\" target=\"_blank\" rel=\"noreferrer noopener\"><strong>metas claras e mensur\u00e1veis<\/strong><\/a>. Por exemplo, reduzir o absente\u00edsmo em 20% ou aumentar a ades\u00e3o a programas de atividades f\u00edsicas em 30% dentro de um ano.<\/p>\n\n\n\n<h3 class=\"wp-block-heading\"><strong>Engajamento dos colaboradores<\/strong><\/h3>\n\n\n\n<p>O sucesso de qualquer programa de sa\u00fade corporativa depende do engajamento dos funcion\u00e1rios. Comunicar os benef\u00edcios do programa de forma clara e criar uma cultura de incentivo \u00e0 participa\u00e7\u00e3o s\u00e3o passos essenciais.<\/p>\n\n\n\n<h3 class=\"wp-block-heading\"><strong>Monitoramento e ajustes<\/strong><\/h3>\n\n\n\n<p>Implementar m\u00e9tricas para avaliar o impacto das iniciativas de sa\u00fade corporativa \u00e9 fundamental. Com base nos resultados, os programas podem ser ajustados para atender melhor \u00e0s necessidades dos colaboradores.<\/p>\n\n\n\n<h2 class=\"wp-block-heading\"><span class=\"ez-toc-section\" id=\"Desafios_na_implementacao_da_Saude_Corporativa\"><\/span><strong>Desafios na implementa\u00e7\u00e3o da Sa\u00fade Corporativa<\/strong><span class=\"ez-toc-section-end\"><\/span><\/h2>\n\n\n\n<p>Embora os benef\u00edcios da sa\u00fade corporativa sejam evidentes, a implementa\u00e7\u00e3o de programas eficazes enfrenta desafios. Entre os principais, destacam-se:<\/p>\n\n\n\n<ul class=\"wp-block-list\">\n<li><strong>Or\u00e7amento limitado<\/strong>: Algumas empresas, especialmente de pequeno e m\u00e9dio porte, podem ter dificuldades em destinar recursos suficientes para programas robustos.<\/li>\n\n\n\n<li><strong>Engajamento dos colaboradores<\/strong>: A ades\u00e3o inicial pode ser baixa, especialmente se os funcion\u00e1rios n\u00e3o perceberem valor imediato nas iniciativas.<\/li>\n\n\n\n<li><strong>Mudan\u00e7a de cultura organizacional<\/strong>: Para muitas empresas, incorporar a sa\u00fade corporativa como prioridade exige uma mudan\u00e7a significativa na cultura e nos processos internos.<\/li>\n<\/ul>\n\n\n\n<h2 class=\"wp-block-heading\"><span class=\"ez-toc-section\" id=\"Qual_o_futuro_da_Saude_Corporativa\"><\/span><strong>Qual o futuro da Sa\u00fade Corporativa?<\/strong><span class=\"ez-toc-section-end\"><\/span><\/h2>\n\n\n\n<p>A sa\u00fade corporativa est\u00e1 evoluindo para se alinhar com as tend\u00eancias globais de bem-estar e tecnologia.&nbsp;<\/p>\n\n\n\n<p>Solu\u00e7\u00f5es digitais, como aplicativos de <strong>monitoramento de sa\u00fade, telemedicina e programas personalizados<\/strong> baseados em an\u00e1lise de dados, est\u00e3o transformando a forma como as empresas abordam o bem-estar dos funcion\u00e1rios.<\/p>\n\n\n\n<p>Al\u00e9m disso, a sa\u00fade mental continua sendo uma \u00e1rea de foco crescente.&nbsp;<\/p>\n\n\n\n<p>O aumento de pol\u00edticas de trabalho remoto e h\u00edbrido tamb\u00e9m est\u00e1 incentivando as empresas a adaptarem seus programas de sa\u00fade corporativa para atender \u00e0s necessidades de uma for\u00e7a de trabalho descentralizada.<\/p>\n\n\n\n<div class=\"banner\">\n            <h2><span class=\"ez-toc-section\" id=\"Gere_listas_de_empresas_personalizadas\"><\/span>Gere listas de empresas personalizadas!<span class=\"ez-toc-section-end\"><\/span><\/h2>\n            <p>Cadastre-se gr\u00e1tis agora mesmo<\/p>\n            <div class=\"bottom-banner\">\n                <img decoding=\"async\" src=\"https:\/\/www.empresaqui.com.br\/blog\/wp-content\/uploads\/2021\/11\/AdminLTELogo.png\" alt=\"Seu Logotipo\" class=\"logo\">\n                <a href=\"https:\/\/www.empresaqui.com.br\/plano-gratuito?utm_source=blog&amp;utm_medium=banner&amp;utm_campaign=CTA-GRATUITO-HTML\" class=\"cta-button-banner\">Teste aqui agora<\/a>\n            <\/div>\n        <\/div>\n\n        <style>\n            .bottom-banner{\n                display: flex;\n                justify-content: center;\n                align-items: center;\n            }\n            .bottom-banner img{\n                width: 3rem !important;\n                height: 3rem !important;\n                margin-right: 1rem;\n            }\n            .banner h2{\n                font-family: Arial, sans-serif;\n                color: #fff !important;\n            }\n            .banner p{\n                font-family: Arial, sans-serif;\n            }\n            .banner {\n                background:#001E40;\n                color: #FFFFFF;\n                text-align: center;\n                padding: 20px;\n            }\n            .cta-button-banner {\n                display: inline-block;\n                background-color: #0CFFFB;\n                color: #000;\n                border: none;\n                padding: 1px 15px;\n                font-size: 14px;\n                font-family: sans-serif;\n                font-weight: 700;\n                border-radius: 21px;\n                cursor: pointer;\n                transition: background-color 0.3s ease;\n                text-decoration: none;\n            }\n\n            @media (max-width: 767px) {\n                .banner h2{\n                    font-size:20px;\n                }\n                .cta-button-banner {\n                    padding: 1px 15px;\n                    font-size: 12px;\n                }\n\n            }\n        <\/style>\n","protected":false},"excerpt":{"rendered":"<p>A sa\u00fade corporativa tem ganhado destaque como um dos elementos essenciais para o sucesso organizacional.&nbsp; N\u00e3o se trata apenas de [&hellip;]<\/p>\n","protected":false},"author":7,"featured_media":0,"comment_status":"closed","ping_status":"closed","sticky":false,"template":"","format":"standard","meta":{"_acf_changed":false,"_uag_custom_page_level_css":"","site-sidebar-layout":"default","site-content-layout":"","ast-site-content-layout":"default","site-content-style":"default","site-sidebar-style":"default","ast-global-header-display":"","ast-banner-title-visibility":"","ast-main-header-display":"","ast-hfb-above-header-display":"","ast-hfb-below-header-display":"","ast-hfb-mobile-header-display":"","site-post-title":"","ast-breadcrumbs-content":"","ast-featured-img":"","footer-sml-layout":"","theme-transparent-header-meta":"","adv-header-id-meta":"","stick-header-meta":"","header-above-stick-meta":"","header-main-stick-meta":"","header-below-stick-meta":"","astra-migrate-meta-layouts":"default","ast-page-background-enabled":"default","ast-page-background-meta":{"desktop":{"background-color":"var(--ast-global-color-4)","background-image":"","background-repeat":"repeat","background-position":"center center","background-size":"auto","background-attachment":"scroll","background-type":"","background-media":"","overlay-type":"","overlay-color":"","overlay-opacity":"","overlay-gradient":""},"tablet":{"background-color":"","background-image":"","background-repeat":"repeat","background-position":"center center","background-size":"auto","background-attachment":"scroll","background-type":"","background-media":"","overlay-type":"","overlay-color":"","overlay-opacity":"","overlay-gradient":""},"mobile":{"background-color":"","background-image":"","background-repeat":"repeat","background-position":"center center","background-size":"auto","background-attachment":"scroll","background-type":"","background-media":"","overlay-type":"","overlay-color":"","overlay-opacity":"","overlay-gradient":""}},"ast-content-background-meta":{"desktop":{"background-color":"var(--ast-global-color-5)","background-image":"","background-repeat":"repeat","background-position":"center center","background-size":"auto","background-attachment":"scroll","background-type":"","background-media":"","overlay-type":"","overlay-color":"","overlay-opacity":"","overlay-gradient":""},"tablet":{"background-color":"var(--ast-global-color-5)","background-image":"","background-repeat":"repeat","background-position":"center center","background-size":"auto","background-attachment":"scroll","background-type":"","background-media":"","overlay-type":"","overlay-color":"","overlay-opacity":"","overlay-gradient":""},"mobile":{"background-color":"var(--ast-global-color-5)","background-image":"","background-repeat":"repeat","background-position":"center center","background-size":"auto","background-attachment":"scroll","background-type":"","background-media":"","overlay-type":"","overlay-color":"","overlay-opacity":"","overlay-gradient":""}},"footnotes":""},"categories":[33],"tags":[],"class_list":["post-3799","post","type-post","status-publish","format-standard","hentry","category-prospeccao-vendas"],"acf":[],"yoast_head":"<!-- This site is optimized with the Yoast SEO plugin v27.4 - https:\/\/yoast.com\/product\/yoast-seo-wordpress\/ -->\n<title>Sa\u00fade Corporativa: o que \u00e9, desafios e como implementar<\/title>\n<meta name=\"description\" content=\"A Sa\u00fade Corporativa \u00e9 um pilar das empresas que se preocupam com a qualidade de vida dos seus funcion\u00e1rios. Veja como implementar no seu neg\u00f3cio.\" \/>\n<meta name=\"robots\" content=\"index, follow, max-snippet:-1, max-image-preview:large, max-video-preview:-1\" \/>\n<link rel=\"canonical\" href=\"https:\/\/www.empresaqui.com.br\/blog\/saude-corporativa\/\" \/>\n<meta property=\"og:locale\" content=\"pt_BR\" \/>\n<meta property=\"og:type\" content=\"article\" \/>\n<meta property=\"og:title\" content=\"Sa\u00fade Corporativa: o que \u00e9, desafios e como implementar\" \/>\n<meta property=\"og:description\" content=\"A Sa\u00fade Corporativa \u00e9 um pilar das empresas que se preocupam com a qualidade de vida dos seus funcion\u00e1rios. Veja como implementar no seu neg\u00f3cio.\" \/>\n<meta property=\"og:url\" content=\"https:\/\/www.empresaqui.com.br\/blog\/saude-corporativa\/\" \/>\n<meta property=\"og:site_name\" content=\"Blog EmpresAqui\" \/>\n<meta property=\"article:publisher\" content=\"https:\/\/www.facebook.com\/empresaquibr\" \/>\n<meta property=\"article:published_time\" content=\"2024-12-20T18:15:27+00:00\" \/>\n<meta property=\"article:modified_time\" content=\"2025-09-19T13:47:45+00:00\" \/>\n<meta property=\"og:image\" content=\"https:\/\/www.empresaqui.com.br\/blog\/wp-content\/uploads\/2021\/11\/AdminLTELogo.png\" \/>\n<meta name=\"author\" content=\"Juliana Nascimento\" \/>\n<meta name=\"twitter:card\" content=\"summary_large_image\" \/>\n<meta name=\"twitter:label1\" content=\"Escrito por\" \/>\n\t<meta name=\"twitter:data1\" content=\"Juliana Nascimento\" \/>\n\t<meta name=\"twitter:label2\" content=\"Est. tempo de leitura\" \/>\n\t<meta name=\"twitter:data2\" content=\"6 minutos\" \/>\n<script type=\"application\/ld+json\" class=\"yoast-schema-graph\">{\"@context\":\"https:\\\/\\\/schema.org\",\"@graph\":[{\"@type\":\"Article\",\"@id\":\"https:\\\/\\\/www.empresaqui.com.br\\\/blog\\\/saude-corporativa\\\/#article\",\"isPartOf\":{\"@id\":\"https:\\\/\\\/www.empresaqui.com.br\\\/blog\\\/saude-corporativa\\\/\"},\"author\":{\"name\":\"Juliana Nascimento\",\"@id\":\"https:\\\/\\\/www.empresaqui.com.br\\\/blog\\\/#\\\/schema\\\/person\\\/35e22abae86530f7e6afefaad7ec3785\"},\"headline\":\"Veja os benef\u00edcios de implementar um programa de Sa\u00fade Corporativa\",\"datePublished\":\"2024-12-20T18:15:27+00:00\",\"dateModified\":\"2025-09-19T13:47:45+00:00\",\"mainEntityOfPage\":{\"@id\":\"https:\\\/\\\/www.empresaqui.com.br\\\/blog\\\/saude-corporativa\\\/\"},\"wordCount\":1195,\"publisher\":{\"@id\":\"https:\\\/\\\/www.empresaqui.com.br\\\/blog\\\/#organization\"},\"image\":{\"@id\":\"https:\\\/\\\/www.empresaqui.com.br\\\/blog\\\/saude-corporativa\\\/#primaryimage\"},\"thumbnailUrl\":\"https:\\\/\\\/www.empresaqui.com.br\\\/blog\\\/wp-content\\\/uploads\\\/2021\\\/11\\\/AdminLTELogo.png\",\"articleSection\":[\"Dicas de Vendas\"],\"inLanguage\":\"pt-BR\"},{\"@type\":\"WebPage\",\"@id\":\"https:\\\/\\\/www.empresaqui.com.br\\\/blog\\\/saude-corporativa\\\/\",\"url\":\"https:\\\/\\\/www.empresaqui.com.br\\\/blog\\\/saude-corporativa\\\/\",\"name\":\"Sa\u00fade Corporativa: o que \u00e9, desafios e como implementar\",\"isPartOf\":{\"@id\":\"https:\\\/\\\/www.empresaqui.com.br\\\/blog\\\/#website\"},\"primaryImageOfPage\":{\"@id\":\"https:\\\/\\\/www.empresaqui.com.br\\\/blog\\\/saude-corporativa\\\/#primaryimage\"},\"image\":{\"@id\":\"https:\\\/\\\/www.empresaqui.com.br\\\/blog\\\/saude-corporativa\\\/#primaryimage\"},\"thumbnailUrl\":\"https:\\\/\\\/www.empresaqui.com.br\\\/blog\\\/wp-content\\\/uploads\\\/2021\\\/11\\\/AdminLTELogo.png\",\"datePublished\":\"2024-12-20T18:15:27+00:00\",\"dateModified\":\"2025-09-19T13:47:45+00:00\",\"description\":\"A Sa\u00fade Corporativa \u00e9 um pilar das empresas que se preocupam com a qualidade de vida dos seus funcion\u00e1rios. Veja como implementar no seu neg\u00f3cio.\",\"breadcrumb\":{\"@id\":\"https:\\\/\\\/www.empresaqui.com.br\\\/blog\\\/saude-corporativa\\\/#breadcrumb\"},\"inLanguage\":\"pt-BR\",\"potentialAction\":[{\"@type\":\"ReadAction\",\"target\":[\"https:\\\/\\\/www.empresaqui.com.br\\\/blog\\\/saude-corporativa\\\/\"]}]},{\"@type\":\"ImageObject\",\"inLanguage\":\"pt-BR\",\"@id\":\"https:\\\/\\\/www.empresaqui.com.br\\\/blog\\\/saude-corporativa\\\/#primaryimage\",\"url\":\"https:\\\/\\\/www.empresaqui.com.br\\\/blog\\\/wp-content\\\/uploads\\\/2021\\\/11\\\/AdminLTELogo.png\",\"contentUrl\":\"https:\\\/\\\/www.empresaqui.com.br\\\/blog\\\/wp-content\\\/uploads\\\/2021\\\/11\\\/AdminLTELogo.png\",\"width\":100,\"height\":100,\"caption\":\"logo\"},{\"@type\":\"BreadcrumbList\",\"@id\":\"https:\\\/\\\/www.empresaqui.com.br\\\/blog\\\/saude-corporativa\\\/#breadcrumb\",\"itemListElement\":[{\"@type\":\"ListItem\",\"position\":1,\"name\":\"In\u00edcio\",\"item\":\"https:\\\/\\\/www.empresaqui.com.br\\\/blog\\\/\"},{\"@type\":\"ListItem\",\"position\":2,\"name\":\"Dicas de Vendas\",\"item\":\"https:\\\/\\\/www.empresaqui.com.br\\\/blog\\\/category\\\/prospeccao-vendas\\\/\"},{\"@type\":\"ListItem\",\"position\":3,\"name\":\"Veja os benef\u00edcios de implementar um programa de Sa\u00fade Corporativa\"}]},{\"@type\":\"WebSite\",\"@id\":\"https:\\\/\\\/www.empresaqui.com.br\\\/blog\\\/#website\",\"url\":\"https:\\\/\\\/www.empresaqui.com.br\\\/blog\\\/\",\"name\":\"Blog EmpresAqui\",\"description\":\"\",\"publisher\":{\"@id\":\"https:\\\/\\\/www.empresaqui.com.br\\\/blog\\\/#organization\"},\"potentialAction\":[{\"@type\":\"SearchAction\",\"target\":{\"@type\":\"EntryPoint\",\"urlTemplate\":\"https:\\\/\\\/www.empresaqui.com.br\\\/blog\\\/?s={search_term_string}\"},\"query-input\":{\"@type\":\"PropertyValueSpecification\",\"valueRequired\":true,\"valueName\":\"search_term_string\"}}],\"inLanguage\":\"pt-BR\"},{\"@type\":\"Organization\",\"@id\":\"https:\\\/\\\/www.empresaqui.com.br\\\/blog\\\/#organization\",\"name\":\"EmpresAqui\",\"url\":\"https:\\\/\\\/www.empresaqui.com.br\\\/blog\\\/\",\"logo\":{\"@type\":\"ImageObject\",\"inLanguage\":\"pt-BR\",\"@id\":\"https:\\\/\\\/www.empresaqui.com.br\\\/blog\\\/#\\\/schema\\\/logo\\\/image\\\/\",\"url\":\"https:\\\/\\\/www.empresaqui.com.br\\\/blog\\\/wp-content\\\/uploads\\\/2023\\\/02\\\/cropped-cropped-AdminLTELogo-2-1-1.png\",\"contentUrl\":\"https:\\\/\\\/www.empresaqui.com.br\\\/blog\\\/wp-content\\\/uploads\\\/2023\\\/02\\\/cropped-cropped-AdminLTELogo-2-1-1.png\",\"width\":100,\"height\":100,\"caption\":\"EmpresAqui\"},\"image\":{\"@id\":\"https:\\\/\\\/www.empresaqui.com.br\\\/blog\\\/#\\\/schema\\\/logo\\\/image\\\/\"},\"sameAs\":[\"https:\\\/\\\/www.facebook.com\\\/empresaquibr\",\"https:\\\/\\\/www.instagram.com\\\/empresaqui\"]},{\"@type\":\"Person\",\"@id\":\"https:\\\/\\\/www.empresaqui.com.br\\\/blog\\\/#\\\/schema\\\/person\\\/35e22abae86530f7e6afefaad7ec3785\",\"name\":\"Juliana Nascimento\",\"image\":{\"@type\":\"ImageObject\",\"inLanguage\":\"pt-BR\",\"@id\":\"https:\\\/\\\/secure.gravatar.com\\\/avatar\\\/89afb3e854e6e263da0f8e509456a20248ff2827866a30d32a463feed4eea605?s=96&d=mm&r=g\",\"url\":\"https:\\\/\\\/secure.gravatar.com\\\/avatar\\\/89afb3e854e6e263da0f8e509456a20248ff2827866a30d32a463feed4eea605?s=96&d=mm&r=g\",\"contentUrl\":\"https:\\\/\\\/secure.gravatar.com\\\/avatar\\\/89afb3e854e6e263da0f8e509456a20248ff2827866a30d32a463feed4eea605?s=96&d=mm&r=g\",\"caption\":\"Juliana Nascimento\"},\"description\":\"Graduada em Publicidade e Propaganda pela Universidade Tiradentes, possui p\u00f3s-gradua\u00e7\u00e3o em Gest\u00e3o, Marketing Digital e Lideran\u00e7a e em Planejamento e Gest\u00e3o Estrat\u00e9gica de Marketing pela UNINTER. Atua com SEO, an\u00e1lise de dados e produ\u00e7\u00e3o de conte\u00fado voltado para intelig\u00eancia de mercado e prospec\u00e7\u00e3o B2B.\",\"url\":\"https:\\\/\\\/www.empresaqui.com.br\\\/blog\\\/author\\\/juliana\\\/\"}]}<\/script>\n<!-- \/ Yoast SEO plugin. -->","yoast_head_json":{"title":"Sa\u00fade Corporativa: o que \u00e9, desafios e como implementar","description":"A Sa\u00fade Corporativa \u00e9 um pilar das empresas que se preocupam com a qualidade de vida dos seus funcion\u00e1rios. Veja como implementar no seu neg\u00f3cio.","robots":{"index":"index","follow":"follow","max-snippet":"max-snippet:-1","max-image-preview":"max-image-preview:large","max-video-preview":"max-video-preview:-1"},"canonical":"https:\/\/www.empresaqui.com.br\/blog\/saude-corporativa\/","og_locale":"pt_BR","og_type":"article","og_title":"Sa\u00fade Corporativa: o que \u00e9, desafios e como implementar","og_description":"A Sa\u00fade Corporativa \u00e9 um pilar das empresas que se preocupam com a qualidade de vida dos seus funcion\u00e1rios. Veja como implementar no seu neg\u00f3cio.","og_url":"https:\/\/www.empresaqui.com.br\/blog\/saude-corporativa\/","og_site_name":"Blog EmpresAqui","article_publisher":"https:\/\/www.facebook.com\/empresaquibr","article_published_time":"2024-12-20T18:15:27+00:00","article_modified_time":"2025-09-19T13:47:45+00:00","og_image":[{"url":"https:\/\/www.empresaqui.com.br\/blog\/wp-content\/uploads\/2021\/11\/AdminLTELogo.png","type":"","width":"","height":""}],"author":"Juliana Nascimento","twitter_card":"summary_large_image","twitter_misc":{"Escrito por":"Juliana Nascimento","Est. tempo de leitura":"6 minutos"},"schema":{"@context":"https:\/\/schema.org","@graph":[{"@type":"Article","@id":"https:\/\/www.empresaqui.com.br\/blog\/saude-corporativa\/#article","isPartOf":{"@id":"https:\/\/www.empresaqui.com.br\/blog\/saude-corporativa\/"},"author":{"name":"Juliana Nascimento","@id":"https:\/\/www.empresaqui.com.br\/blog\/#\/schema\/person\/35e22abae86530f7e6afefaad7ec3785"},"headline":"Veja os benef\u00edcios de implementar um programa de Sa\u00fade Corporativa","datePublished":"2024-12-20T18:15:27+00:00","dateModified":"2025-09-19T13:47:45+00:00","mainEntityOfPage":{"@id":"https:\/\/www.empresaqui.com.br\/blog\/saude-corporativa\/"},"wordCount":1195,"publisher":{"@id":"https:\/\/www.empresaqui.com.br\/blog\/#organization"},"image":{"@id":"https:\/\/www.empresaqui.com.br\/blog\/saude-corporativa\/#primaryimage"},"thumbnailUrl":"https:\/\/www.empresaqui.com.br\/blog\/wp-content\/uploads\/2021\/11\/AdminLTELogo.png","articleSection":["Dicas de Vendas"],"inLanguage":"pt-BR"},{"@type":"WebPage","@id":"https:\/\/www.empresaqui.com.br\/blog\/saude-corporativa\/","url":"https:\/\/www.empresaqui.com.br\/blog\/saude-corporativa\/","name":"Sa\u00fade Corporativa: o que \u00e9, desafios e como implementar","isPartOf":{"@id":"https:\/\/www.empresaqui.com.br\/blog\/#website"},"primaryImageOfPage":{"@id":"https:\/\/www.empresaqui.com.br\/blog\/saude-corporativa\/#primaryimage"},"image":{"@id":"https:\/\/www.empresaqui.com.br\/blog\/saude-corporativa\/#primaryimage"},"thumbnailUrl":"https:\/\/www.empresaqui.com.br\/blog\/wp-content\/uploads\/2021\/11\/AdminLTELogo.png","datePublished":"2024-12-20T18:15:27+00:00","dateModified":"2025-09-19T13:47:45+00:00","description":"A Sa\u00fade Corporativa \u00e9 um pilar das empresas que se preocupam com a qualidade de vida dos seus funcion\u00e1rios. Veja como implementar no seu neg\u00f3cio.","breadcrumb":{"@id":"https:\/\/www.empresaqui.com.br\/blog\/saude-corporativa\/#breadcrumb"},"inLanguage":"pt-BR","potentialAction":[{"@type":"ReadAction","target":["https:\/\/www.empresaqui.com.br\/blog\/saude-corporativa\/"]}]},{"@type":"ImageObject","inLanguage":"pt-BR","@id":"https:\/\/www.empresaqui.com.br\/blog\/saude-corporativa\/#primaryimage","url":"https:\/\/www.empresaqui.com.br\/blog\/wp-content\/uploads\/2021\/11\/AdminLTELogo.png","contentUrl":"https:\/\/www.empresaqui.com.br\/blog\/wp-content\/uploads\/2021\/11\/AdminLTELogo.png","width":100,"height":100,"caption":"logo"},{"@type":"BreadcrumbList","@id":"https:\/\/www.empresaqui.com.br\/blog\/saude-corporativa\/#breadcrumb","itemListElement":[{"@type":"ListItem","position":1,"name":"In\u00edcio","item":"https:\/\/www.empresaqui.com.br\/blog\/"},{"@type":"ListItem","position":2,"name":"Dicas de Vendas","item":"https:\/\/www.empresaqui.com.br\/blog\/category\/prospeccao-vendas\/"},{"@type":"ListItem","position":3,"name":"Veja os benef\u00edcios de implementar um programa de Sa\u00fade Corporativa"}]},{"@type":"WebSite","@id":"https:\/\/www.empresaqui.com.br\/blog\/#website","url":"https:\/\/www.empresaqui.com.br\/blog\/","name":"Blog EmpresAqui","description":"","publisher":{"@id":"https:\/\/www.empresaqui.com.br\/blog\/#organization"},"potentialAction":[{"@type":"SearchAction","target":{"@type":"EntryPoint","urlTemplate":"https:\/\/www.empresaqui.com.br\/blog\/?s={search_term_string}"},"query-input":{"@type":"PropertyValueSpecification","valueRequired":true,"valueName":"search_term_string"}}],"inLanguage":"pt-BR"},{"@type":"Organization","@id":"https:\/\/www.empresaqui.com.br\/blog\/#organization","name":"EmpresAqui","url":"https:\/\/www.empresaqui.com.br\/blog\/","logo":{"@type":"ImageObject","inLanguage":"pt-BR","@id":"https:\/\/www.empresaqui.com.br\/blog\/#\/schema\/logo\/image\/","url":"https:\/\/www.empresaqui.com.br\/blog\/wp-content\/uploads\/2023\/02\/cropped-cropped-AdminLTELogo-2-1-1.png","contentUrl":"https:\/\/www.empresaqui.com.br\/blog\/wp-content\/uploads\/2023\/02\/cropped-cropped-AdminLTELogo-2-1-1.png","width":100,"height":100,"caption":"EmpresAqui"},"image":{"@id":"https:\/\/www.empresaqui.com.br\/blog\/#\/schema\/logo\/image\/"},"sameAs":["https:\/\/www.facebook.com\/empresaquibr","https:\/\/www.instagram.com\/empresaqui"]},{"@type":"Person","@id":"https:\/\/www.empresaqui.com.br\/blog\/#\/schema\/person\/35e22abae86530f7e6afefaad7ec3785","name":"Juliana Nascimento","image":{"@type":"ImageObject","inLanguage":"pt-BR","@id":"https:\/\/secure.gravatar.com\/avatar\/89afb3e854e6e263da0f8e509456a20248ff2827866a30d32a463feed4eea605?s=96&d=mm&r=g","url":"https:\/\/secure.gravatar.com\/avatar\/89afb3e854e6e263da0f8e509456a20248ff2827866a30d32a463feed4eea605?s=96&d=mm&r=g","contentUrl":"https:\/\/secure.gravatar.com\/avatar\/89afb3e854e6e263da0f8e509456a20248ff2827866a30d32a463feed4eea605?s=96&d=mm&r=g","caption":"Juliana Nascimento"},"description":"Graduada em Publicidade e Propaganda pela Universidade Tiradentes, possui p\u00f3s-gradua\u00e7\u00e3o em Gest\u00e3o, Marketing Digital e Lideran\u00e7a e em Planejamento e Gest\u00e3o Estrat\u00e9gica de Marketing pela UNINTER. Atua com SEO, an\u00e1lise de dados e produ\u00e7\u00e3o de conte\u00fado voltado para intelig\u00eancia de mercado e prospec\u00e7\u00e3o B2B.","url":"https:\/\/www.empresaqui.com.br\/blog\/author\/juliana\/"}]}},"uagb_featured_image_src":{"full":false,"thumbnail":false,"medium":false,"medium_large":false,"large":false,"1536x1536":false,"2048x2048":false},"uagb_author_info":{"display_name":"Juliana Nascimento","author_link":"https:\/\/www.empresaqui.com.br\/blog\/author\/juliana\/"},"uagb_comment_info":0,"uagb_excerpt":"A sa\u00fade corporativa tem ganhado destaque como um dos elementos essenciais para o sucesso organizacional.&nbsp; N\u00e3o se trata apenas de [&hellip;]","_links":{"self":[{"href":"https:\/\/www.empresaqui.com.br\/blog\/wp-json\/wp\/v2\/posts\/3799","targetHints":{"allow":["GET"]}}],"collection":[{"href":"https:\/\/www.empresaqui.com.br\/blog\/wp-json\/wp\/v2\/posts"}],"about":[{"href":"https:\/\/www.empresaqui.com.br\/blog\/wp-json\/wp\/v2\/types\/post"}],"author":[{"embeddable":true,"href":"https:\/\/www.empresaqui.com.br\/blog\/wp-json\/wp\/v2\/users\/7"}],"replies":[{"embeddable":true,"href":"https:\/\/www.empresaqui.com.br\/blog\/wp-json\/wp\/v2\/comments?post=3799"}],"version-history":[{"count":2,"href":"https:\/\/www.empresaqui.com.br\/blog\/wp-json\/wp\/v2\/posts\/3799\/revisions"}],"predecessor-version":[{"id":4808,"href":"https:\/\/www.empresaqui.com.br\/blog\/wp-json\/wp\/v2\/posts\/3799\/revisions\/4808"}],"wp:attachment":[{"href":"https:\/\/www.empresaqui.com.br\/blog\/wp-json\/wp\/v2\/media?parent=3799"}],"wp:term":[{"taxonomy":"category","embeddable":true,"href":"https:\/\/www.empresaqui.com.br\/blog\/wp-json\/wp\/v2\/categories?post=3799"},{"taxonomy":"post_tag","embeddable":true,"href":"https:\/\/www.empresaqui.com.br\/blog\/wp-json\/wp\/v2\/tags?post=3799"}],"curies":[{"name":"wp","href":"https:\/\/api.w.org\/{rel}","templated":true}]}}