{"id":3795,"date":"2024-12-20T16:02:11","date_gmt":"2024-12-20T19:02:11","guid":{"rendered":"https:\/\/www.empresaqui.com.br\/blog\/?p=3795"},"modified":"2024-12-20T16:02:12","modified_gmt":"2024-12-20T19:02:12","slug":"como-mudar-de-mei-para-microempresa","status":"publish","type":"post","link":"https:\/\/www.empresaqui.com.br\/blog\/como-mudar-de-mei-para-microempresa\/","title":{"rendered":"Entenda como mudar de MEI para Microempresa e quando realizar esta mudan\u00e7a"},"content":{"rendered":"\n<p>O crescimento de um neg\u00f3cio \u00e9 uma conquista que merece ser celebrada. Para muitos empreendedores, o registro como Microempreendedor Individual (MEI) \u00e9 a porta de entrada para o mundo empresarial, devido \u00e0 simplicidade e custos reduzidos.&nbsp;<\/p>\n\n\n\n<p>Por\u00e9m, quando o faturamento ultrapassa o limite estabelecido ou o neg\u00f3cio expande sua atua\u00e7\u00e3o, torna-se necess\u00e1rio migrar para a categoria de Microempresa (ME).&nbsp;<\/p>\n\n\n\n<p>Esse processo pode parecer desafiador \u00e0 primeira vista, mas \u00e9 totalmente vi\u00e1vel com as orienta\u00e7\u00f5es corretas.<\/p>\n\n\n\n<p>Neste artigo, voc\u00ea encontrar\u00e1 um passo a passo detalhado para realizar a transi\u00e7\u00e3o de MEI para Microempresa, garantindo que sua empresa esteja em conformidade com a legisla\u00e7\u00e3o vigente e preparada para o pr\u00f3ximo est\u00e1gio.<\/p>\n\n\n\n<div id=\"ez-toc-container\" class=\"ez-toc-v2_0_81 ez-toc-wrap-left counter-hierarchy ez-toc-counter ez-toc-custom ez-toc-container-direction\">\n<div class=\"ez-toc-title-container\">\n<p class=\"ez-toc-title\" style=\"cursor:inherit\">Neste artigo voc\u00ea vai ver:<\/p>\n<span class=\"ez-toc-title-toggle\"><a href=\"#\" class=\"ez-toc-pull-right ez-toc-btn ez-toc-btn-xs ez-toc-btn-default ez-toc-toggle\" aria-label=\"Alternar tabela de conte\u00fado\"><span class=\"ez-toc-js-icon-con\"><span class=\"\"><span class=\"eztoc-hide\" style=\"display:none;\">Toggle<\/span><span class=\"ez-toc-icon-toggle-span\"><svg style=\"fill: #0066bf;color:#0066bf\" xmlns=\"http:\/\/www.w3.org\/2000\/svg\" class=\"list-377408\" width=\"20px\" height=\"20px\" viewBox=\"0 0 24 24\" fill=\"none\"><path d=\"M6 6H4v2h2V6zm14 0H8v2h12V6zM4 11h2v2H4v-2zm16 0H8v2h12v-2zM4 16h2v2H4v-2zm16 0H8v2h12v-2z\" fill=\"currentColor\"><\/path><\/svg><svg style=\"fill: #0066bf;color:#0066bf\" class=\"arrow-unsorted-368013\" xmlns=\"http:\/\/www.w3.org\/2000\/svg\" width=\"10px\" height=\"10px\" viewBox=\"0 0 24 24\" version=\"1.2\" baseProfile=\"tiny\"><path d=\"M18.2 9.3l-6.2-6.3-6.2 6.3c-.2.2-.3.4-.3.7s.1.5.3.7c.2.2.4.3.7.3h11c.3 0 .5-.1.7-.3.2-.2.3-.5.3-.7s-.1-.5-.3-.7zM5.8 14.7l6.2 6.3 6.2-6.3c.2-.2.3-.5.3-.7s-.1-.5-.3-.7c-.2-.2-.4-.3-.7-.3h-11c-.3 0-.5.1-.7.3-.2.2-.3.5-.3.7s.1.5.3.7z\"\/><\/svg><\/span><\/span><\/span><\/a><\/span><\/div>\n<nav><ul class='ez-toc-list ez-toc-list-level-1 ' ><li class='ez-toc-page-1 ez-toc-heading-level-2'><a class=\"ez-toc-link ez-toc-heading-1\" href=\"https:\/\/www.empresaqui.com.br\/blog\/como-mudar-de-mei-para-microempresa\/#O_que_e_MEI\" >O que \u00e9 MEI?<\/a><\/li><li class='ez-toc-page-1 ez-toc-heading-level-2'><a class=\"ez-toc-link ez-toc-heading-2\" href=\"https:\/\/www.empresaqui.com.br\/blog\/como-mudar-de-mei-para-microempresa\/#O_que_e_Microempresa_ME\" >O que \u00e9 Microempresa ME?<\/a><\/li><li class='ez-toc-page-1 ez-toc-heading-level-2'><a class=\"ez-toc-link ez-toc-heading-3\" href=\"https:\/\/www.empresaqui.com.br\/blog\/como-mudar-de-mei-para-microempresa\/#Quais_as_diferencas_entre_MEI_e_Microempresa\" >Quais as diferen\u00e7as entre MEI e Microempresa?<\/a><\/li><li class='ez-toc-page-1 ez-toc-heading-level-2'><a class=\"ez-toc-link ez-toc-heading-4\" href=\"https:\/\/www.empresaqui.com.br\/blog\/como-mudar-de-mei-para-microempresa\/#Quando_e_necessario_Mudar_de_MEI_para_Microempresa\" >Quando \u00e9 necess\u00e1rio Mudar de MEI para Microempresa?<\/a><\/li><li class='ez-toc-page-1 ez-toc-heading-level-2'><a class=\"ez-toc-link ez-toc-heading-5\" href=\"https:\/\/www.empresaqui.com.br\/blog\/como-mudar-de-mei-para-microempresa\/#Como_Mudar_de_MEI_para_Microempresa\" >Como Mudar de MEI para Microempresa?<\/a><\/li><li class='ez-toc-page-1 ez-toc-heading-level-2'><a class=\"ez-toc-link ez-toc-heading-6\" href=\"https:\/\/www.empresaqui.com.br\/blog\/como-mudar-de-mei-para-microempresa\/#Impactos_tributarios_e_administrativos\" >Impactos tribut\u00e1rios e administrativos<\/a><\/li><li class='ez-toc-page-1 ez-toc-heading-level-2'><a class=\"ez-toc-link ez-toc-heading-7\" href=\"https:\/\/www.empresaqui.com.br\/blog\/como-mudar-de-mei-para-microempresa\/#Gere_listas_de_empresas_personalizadas\" >Gere listas de empresas personalizadas!<\/a><\/li><\/ul><\/nav><\/div>\n<h2 class=\"wp-block-heading\"><span class=\"ez-toc-section\" id=\"O_que_e_MEI\"><\/span><strong>O que \u00e9 MEI?<\/strong><span class=\"ez-toc-section-end\"><\/span><\/h2>\n\n\n\n<p>O <a href=\"https:\/\/www.empresaqui.com.br\/blog\/mei-microempreendedor-individual\/\"><strong>Microempreendedor Individual (MEI)<\/strong><\/a> \u00e9 <strong>uma modalidade de formaliza\u00e7\u00e3o empresarial cujo objetivo \u00e9 incentivar trabalhadores aut\u00f4nomos e pequenos empreendedores a regularizarem suas atividades<\/strong>.&nbsp;<\/p>\n\n\n\n<p>Essa categoria, criada no Brasil em 2008, oferece um processo simplificado e menos oneroso para que pessoas f\u00edsicas se tornem pessoas jur\u00eddicas.&nbsp;<\/p>\n\n\n\n<p>Com o objetivo de garantir acesso a direitos e benef\u00edcios, como emiss\u00e3o de notas fiscais e cobertura previdenci\u00e1ria.<\/p>\n\n\n\n<h2 class=\"wp-block-heading\"><span class=\"ez-toc-section\" id=\"O_que_e_Microempresa_ME\"><\/span><strong>O que \u00e9 Microempresa ME?<\/strong><span class=\"ez-toc-section-end\"><\/span><\/h2>\n\n\n\n<p>A <a href=\"https:\/\/www.empresaqui.com.br\/blog\/microempresa\/\" target=\"_blank\" rel=\"noreferrer noopener\"><strong>Microempresa (ME)<\/strong><\/a><strong> <\/strong>\u00e9<strong> uma categoria empresarial voltada para neg\u00f3cios de pequeno porte que ultrapassaram os limites de faturamento ou as restri\u00e7\u00f5es operacionais aplic\u00e1veis ao Microempreendedor Individual (MEI).&nbsp;<\/strong><\/p>\n\n\n\n<p>Essa modalidade permite maior flexibilidade para expans\u00e3o, contrata\u00e7\u00e3o de funcion\u00e1rios e realiza\u00e7\u00e3o de atividades diversas, sendo ideal para empresas em fase de crescimento.<\/p>\n\n\n\n<h2 class=\"wp-block-heading\"><span class=\"ez-toc-section\" id=\"Quais_as_diferencas_entre_MEI_e_Microempresa\"><\/span><strong>Quais as diferen\u00e7as entre MEI e Microempresa?<\/strong><span class=\"ez-toc-section-end\"><\/span><\/h2>\n\n\n\n<p>As principais diferen\u00e7as entre MEI e Microempresa s\u00e3o:<\/p>\n\n\n\n<ul class=\"wp-block-list\">\n<li>Limite de faturamento anual;<\/li>\n\n\n\n<li>N\u00famero de empregados permitidos;<\/li>\n\n\n\n<li>Atividades permitidas;<\/li>\n\n\n\n<li>Tributa\u00e7\u00e3o.<\/li>\n<\/ul>\n\n\n\n<p>Confira a tabela comparativa a seguir:<\/p>\n\n\n\n<figure class=\"wp-block-table is-style-stripes\"><table><thead><tr><th>Categoria<\/th><th>Limite de Faturamento Anual<\/th><th>N\u00famero de Empregados Permitidos<\/th><th>Atividades Permitidas<\/th><th>Tributa\u00e7\u00e3o<\/th><\/tr><\/thead><tbody><tr><td><strong>MEI<\/strong><\/td><td>R$ 144.900,00 (2023)<\/td><td>1 funcion\u00e1rio registrado<\/td><td>Restri\u00e7\u00f5es quanto ao tipo de servi\u00e7o ou com\u00e9rcio que pode ser exercido<\/td><td>Simples Nacional com pagamento mensal fixo (DAS).<\/td><\/tr><tr><td><strong>ME<\/strong><\/td><td>R$ 360.000,00<\/td><td>At\u00e9 19 para com\u00e9rcio e servi\u00e7os ou 99 para ind\u00fastrias<\/td><td>Sem restri\u00e7\u00f5es espec\u00edficas, possibilitando maior diversidade<\/td><td>Pode optar pelo Simples Nacional, Lucro Presumido ou Lucro Real.<\/td><\/tr><\/tbody><\/table><figcaption class=\"wp-element-caption\">Diferen\u00e7as entre MEI e ME<\/figcaption><\/figure>\n\n\n\n<h2 class=\"wp-block-heading\"><span class=\"ez-toc-section\" id=\"Quando_e_necessario_Mudar_de_MEI_para_Microempresa\"><\/span><strong>Quando \u00e9 necess\u00e1rio Mudar de MEI para Microempresa?<\/strong><span class=\"ez-toc-section-end\"><\/span><\/h2>\n\n\n\n<p>A mudan\u00e7a de MEI para ME \u00e9 <strong>obrigat\u00f3ria se o faturamento exceder o limite anual, houver atividades n\u00e3o permitidas, for contratada mais de uma pessoa ou se houver expans\u00e3o de parcerias<\/strong>. Confira os detalhes a seguir:<\/p>\n\n\n\n<ol class=\"wp-block-list\">\n<li><strong>Faturamento acima do limite anual permitido:<\/strong> Se o faturamento anual ultrapassar R$ 144.900,00;<\/li>\n\n\n\n<li><strong>Atividades n\u00e3o permitidas para MEI:<\/strong> Caso deseje incluir atividades fora do escopo permitido ao MEI;<\/li>\n\n\n\n<li><strong>Contrata\u00e7\u00e3o de mais de um funcion\u00e1rio:<\/strong> O MEI est\u00e1 limitado a apenas um colaborador;<\/li>\n\n\n\n<li><strong>Expans\u00e3o de parcerias:<\/strong> Se for necess\u00e1rio incluir s\u00f3cios no neg\u00f3cio.<\/li>\n<\/ol>\n\n\n\n<h2 class=\"wp-block-heading\"><span class=\"ez-toc-section\" id=\"Como_Mudar_de_MEI_para_Microempresa\"><\/span><strong>Como Mudar de MEI para Microempresa?<\/strong><span class=\"ez-toc-section-end\"><\/span><\/h2>\n\n\n\n<p>Para mudar de MEI para ME, deve-se<strong> comunicar o desenquadramento como MEI, registar-se como ME, obter um novo CNPJ, definir o regime tribut\u00e1rio, regularizar as obriga\u00e7\u00f5es trabalhistas e atualizar os cadastros e alvar\u00e1s.&nbsp;<\/strong><\/p>\n\n\n\n<p>Veja como fazer esse processo no passo a passo a seguir.<\/p>\n\n\n\n<h3 class=\"wp-block-heading\"><strong>1. Comunique o desenquadramento como MEI<\/strong><\/h3>\n\n\n\n<p>O primeiro passo para a transi\u00e7\u00e3o \u00e9 formalizar o desenquadramento como MEI junto \u00e0 Receita Federal. Esse processo \u00e9 feito pelo Portal do Simples Nacional.<\/p>\n\n\n\n<ul class=\"wp-block-list\">\n<li>Acesse a p\u00e1gina: <a href=\"https:\/\/www.gov.br\/pt-br\/servicos\/comunicar-desenquadramento-do-simei\" target=\"_blank\" rel=\"noreferrer noopener\"><strong>comunicar desenquadramento do SIMEI (MEI)<\/strong><\/a> no site da Receita Federal;<\/li>\n\n\n\n<li>Informe o motivo do desenquadramento (como faturamento superior ao limite);<\/li>\n\n\n\n<li>Finalize a solicita\u00e7\u00e3o.<\/li>\n<\/ul>\n\n\n\n<p>O desenquadramento pode ser feito voluntariamente ou de forma autom\u00e1tica, caso voc\u00ea ultrapasse o limite de faturamento permitido.<\/p>\n\n\n\n<h3 class=\"wp-block-heading\"><strong>2. Realize o registro como Microempresa<\/strong><\/h3>\n\n\n\n<p>Com o desenquadramento, o pr\u00f3ximo passo \u00e9 registrar sua empresa como ME na Junta Comercial do seu estado. Para isso, ser\u00e1 necess\u00e1rio:<\/p>\n\n\n\n<ul class=\"wp-block-list\">\n<li>Elaborar o contrato social ou requerimento de empres\u00e1rio (no caso de empresa individual);<\/li>\n\n\n\n<li>Consultar a disponibilidade do nome empresarial;<\/li>\n\n\n\n<li>Apresentar a documenta\u00e7\u00e3o solicitada, como RG, CPF, comprovante de endere\u00e7o e Certificado de Condi\u00e7\u00e3o de Microempreendedor Individual (CCMEI).<\/li>\n<\/ul>\n\n\n\n<h3 class=\"wp-block-heading\"><strong>3. Obtenha o novo CNPJ<\/strong><\/h3>\n\n\n\n<p>Ap\u00f3s o registro na Junta Comercial, ser\u00e1 gerado um novo CNPJ para sua empresa. Esse processo tamb\u00e9m \u00e9 realizado no site da Receita Federal, por meio da Coleta Web do DBE (Documento B\u00e1sico de Entrada).<\/p>\n\n\n\n<h3 class=\"wp-block-heading\"><strong>4. Defina o regime tribut\u00e1rio<\/strong><\/h3>\n\n\n\n<p>Agora \u00e9 necess\u00e1rio escolher o regime tribut\u00e1rio mais adequado para sua empresa. As op\u00e7\u00f5es s\u00e3o:<\/p>\n\n\n\n<ul class=\"wp-block-list\">\n<li><a href=\"https:\/\/www.empresaqui.com.br\/blog\/simples-nacional\/\" target=\"_blank\" rel=\"noreferrer noopener\"><strong>Simples nacional<\/strong><\/a>: ideal para empresas com faturamento menor e estrutura simplificada.<\/li>\n\n\n\n<li><a href=\"https:\/\/www.empresaqui.com.br\/blog\/lucro-presumido\/\" target=\"_blank\" rel=\"noreferrer noopener\"><strong>Lucro presumido<\/strong><\/a>: alternativa para empresas com margens de lucro previs\u00edveis.<\/li>\n\n\n\n<li><a href=\"https:\/\/www.empresaqui.com.br\/blog\/lucro-real\/\" target=\"_blank\" rel=\"noreferrer noopener\"><strong>Lucro real<\/strong><\/a>: geralmente utilizado por empresas com lucros vari\u00e1veis ou maiores despesas dedut\u00edveis.<\/li>\n<\/ul>\n\n\n\n<p>A escolha do regime deve ser feita com base na an\u00e1lise tribut\u00e1ria do neg\u00f3cio, preferencialmente com orienta\u00e7\u00e3o de um contador.<\/p>\n\n\n\n<h3 class=\"wp-block-heading\"><strong>5. Regularize as obriga\u00e7\u00f5es trabalhistas<\/strong><\/h3>\n\n\n\n<p>Como ME, voc\u00ea poder\u00e1 contratar mais funcion\u00e1rios. Para isso, ser\u00e1 necess\u00e1rio:<\/p>\n\n\n\n<ul class=\"wp-block-list\">\n<li>Fazer o registro formal dos colaboradores no eSocial;<\/li>\n\n\n\n<li>Regularizar a situa\u00e7\u00e3o da ME;<\/li>\n\n\n\n<li>Pagar encargos trabalhistas, como FGTS, INSS e outros tributos relacionados.<\/li>\n<\/ul>\n\n\n\n<h3 class=\"wp-block-heading\"><strong>6. Atualize os cadastros e alvar\u00e1s<\/strong><\/h3>\n\n\n\n<p>Certifique-se de atualizar todos os cadastros da empresa, incluindo:<\/p>\n\n\n\n<ul class=\"wp-block-list\">\n<li>Inscri\u00e7\u00e3o estadual ou municipal (se aplic\u00e1vel);<\/li>\n\n\n\n<li>Alvar\u00e1s de funcionamento junto \u00e0 prefeitura;<\/li>\n\n\n\n<li>Certificados de regularidade fiscal.<\/li>\n<\/ul>\n\n\n\n<p>Planeje-se, invista em conhecimento e aproveite as oportunidades que a nova categoria empresarial oferece. O crescimento \u00e9 um desafio, mas tamb\u00e9m \u00e9 a maior recompensa do empreendedorismo.<\/p>\n\n\n\n<p>Ao seguir os passos mencionados e contar com o suporte de um contador, voc\u00ea poder\u00e1 realizar essa mudan\u00e7a de forma tranquila e eficiente, garantindo o sucesso da sua empresa em sua nova fase.<\/p>\n\n\n\n<h2 class=\"wp-block-heading\"><span class=\"ez-toc-section\" id=\"Impactos_tributarios_e_administrativos\"><\/span><strong>Impactos tribut\u00e1rios e administrativos<\/strong><span class=\"ez-toc-section-end\"><\/span><\/h2>\n\n\n\n<p>A transi\u00e7\u00e3o de MEI para ME traz mudan\u00e7as significativas na gest\u00e3o tribut\u00e1ria e administrativa da empresa.<\/p>\n\n\n\n<h3 class=\"wp-block-heading\"><strong>Aumento da carga tribut\u00e1ria<\/strong><\/h3>\n\n\n\n<p>Enquanto o MEI paga um valor fixo mensal por meio do DAS, o ME precisa calcular impostos com base no faturamento e no regime tribut\u00e1rio escolhido. Os novos tributos s\u00e3o:<\/p>\n\n\n\n<ul class=\"wp-block-list\">\n<li>Imposto de Renda Pessoa Jur\u00eddica (<a href=\"https:\/\/www.empresaqui.com.br\/blog\/irpj\/\" target=\"_blank\" rel=\"noreferrer noopener\"><strong>IRPJ<\/strong><\/a>);<\/li>\n\n\n\n<li>Contribui\u00e7\u00e3o Social sobre o Lucro L\u00edquido (<a href=\"https:\/\/www.empresaqui.com.br\/blog\/csll\/\" target=\"_blank\" rel=\"noreferrer noopener\"><strong>CSLL<\/strong><\/a>);<\/li>\n\n\n\n<li>PIS\/PASEP e COFINS;<\/li>\n\n\n\n<li>ISS ou ICMS (dependendo da atividade).<\/li>\n<\/ul>\n\n\n\n<h3 class=\"wp-block-heading\"><strong>Obriga\u00e7\u00f5es cont\u00e1beis<\/strong><\/h3>\n\n\n\n<p>Como Microempresa, ser\u00e1 necess\u00e1rio manter uma contabilidade regular, incluindo:<\/p>\n\n\n\n<ul class=\"wp-block-list\">\n<li>Escritura\u00e7\u00e3o cont\u00e1bil e fiscal;<\/li>\n\n\n\n<li>Emiss\u00e3o de notas fiscais em todas as transa\u00e7\u00f5es;<\/li>\n\n\n\n<li>Apresenta\u00e7\u00e3o de balan\u00e7os anuais e demonstra\u00e7\u00f5es financeiras.<\/li>\n<\/ul>\n\n\n\n<p>A contrata\u00e7\u00e3o de um contador \u00e9 indispens\u00e1vel para garantir que todas as obriga\u00e7\u00f5es sejam cumpridas corretamente.<\/p>\n\n\n\n<h3 class=\"wp-block-heading\"><strong>Amplia\u00e7\u00e3o de benef\u00edcios<\/strong><\/h3>\n\n\n\n<p>Apesar do aumento nas responsabilidades, a mudan\u00e7a para ME tamb\u00e9m oferece vantagens, como:<\/p>\n\n\n\n<ul class=\"wp-block-list\">\n<li>Maior possibilidade de acesso a linhas de cr\u00e9dito;<\/li>\n\n\n\n<li>Contrata\u00e7\u00e3o de mais funcion\u00e1rios;<\/li>\n\n\n\n<li>Expans\u00e3o de atividades e mercados.<\/li>\n<\/ul>\n\n\n\n<div class=\"banner\">\n            <h2><span class=\"ez-toc-section\" id=\"Gere_listas_de_empresas_personalizadas\"><\/span>Gere listas de empresas personalizadas!<span class=\"ez-toc-section-end\"><\/span><\/h2>\n            <p>Cadastre-se gr\u00e1tis agora mesmo<\/p>\n            <div class=\"bottom-banner\">\n                <img decoding=\"async\" src=\"https:\/\/www.empresaqui.com.br\/blog\/wp-content\/uploads\/2021\/11\/AdminLTELogo.png\" alt=\"Seu Logotipo\" class=\"logo\">\n                <a href=\"https:\/\/www.empresaqui.com.br\/plano-gratuito?utm_source=blog&amp;utm_medium=banner&amp;utm_campaign=CTA-GRATUITO-HTML\" class=\"cta-button-banner\">Teste aqui agora<\/a>\n            <\/div>\n        <\/div>\n\n        <style>\n            .bottom-banner{\n                display: flex;\n                justify-content: center;\n                align-items: center;\n            }\n            .bottom-banner img{\n                width: 3rem !important;\n                height: 3rem !important;\n                margin-right: 1rem;\n            }\n            .banner h2{\n                font-family: Arial, sans-serif;\n                color: #fff !important;\n            }\n            .banner p{\n                font-family: Arial, sans-serif;\n            }\n            .banner {\n                background:#001E40;\n                color: #FFFFFF;\n                text-align: center;\n                padding: 20px;\n            }\n            .cta-button-banner {\n                display: inline-block;\n                background-color: #0CFFFB;\n                color: #000;\n                border: none;\n                padding: 1px 15px;\n                font-size: 14px;\n                font-family: sans-serif;\n                font-weight: 700;\n                border-radius: 21px;\n                cursor: pointer;\n                transition: background-color 0.3s ease;\n                text-decoration: none;\n            }\n\n            @media (max-width: 767px) {\n                .banner h2{\n                    font-size:20px;\n                }\n                .cta-button-banner {\n                    padding: 1px 15px;\n                    font-size: 12px;\n                }\n\n            }\n        <\/style>\n    \n\n","protected":false},"excerpt":{"rendered":"<p>O crescimento de um neg\u00f3cio \u00e9 uma conquista que merece ser celebrada. Para muitos empreendedores, o registro como Microempreendedor Individual [&hellip;]<\/p>\n","protected":false},"author":9,"featured_media":0,"comment_status":"closed","ping_status":"closed","sticky":false,"template":"","format":"standard","meta":{"_acf_changed":false,"_uag_custom_page_level_css":"","site-sidebar-layout":"default","site-content-layout":"","ast-site-content-layout":"default","site-content-style":"default","site-sidebar-style":"default","ast-global-header-display":"","ast-banner-title-visibility":"","ast-main-header-display":"","ast-hfb-above-header-display":"","ast-hfb-below-header-display":"","ast-hfb-mobile-header-display":"","site-post-title":"","ast-breadcrumbs-content":"","ast-featured-img":"","footer-sml-layout":"","theme-transparent-header-meta":"","adv-header-id-meta":"","stick-header-meta":"","header-above-stick-meta":"","header-main-stick-meta":"","header-below-stick-meta":"","astra-migrate-meta-layouts":"default","ast-page-background-enabled":"default","ast-page-background-meta":{"desktop":{"background-color":"var(--ast-global-color-4)","background-image":"","background-repeat":"repeat","background-position":"center center","background-size":"auto","background-attachment":"scroll","background-type":"","background-media":"","overlay-type":"","overlay-color":"","overlay-opacity":"","overlay-gradient":""},"tablet":{"background-color":"","background-image":"","background-repeat":"repeat","background-position":"center center","background-size":"auto","background-attachment":"scroll","background-type":"","background-media":"","overlay-type":"","overlay-color":"","overlay-opacity":"","overlay-gradient":""},"mobile":{"background-color":"","background-image":"","background-repeat":"repeat","background-position":"center center","background-size":"auto","background-attachment":"scroll","background-type":"","background-media":"","overlay-type":"","overlay-color":"","overlay-opacity":"","overlay-gradient":""}},"ast-content-background-meta":{"desktop":{"background-color":"var(--ast-global-color-5)","background-image":"","background-repeat":"repeat","background-position":"center center","background-size":"auto","background-attachment":"scroll","background-type":"","background-media":"","overlay-type":"","overlay-color":"","overlay-opacity":"","overlay-gradient":""},"tablet":{"background-color":"var(--ast-global-color-5)","background-image":"","background-repeat":"repeat","background-position":"center center","background-size":"auto","background-attachment":"scroll","background-type":"","background-media":"","overlay-type":"","overlay-color":"","overlay-opacity":"","overlay-gradient":""},"mobile":{"background-color":"var(--ast-global-color-5)","background-image":"","background-repeat":"repeat","background-position":"center center","background-size":"auto","background-attachment":"scroll","background-type":"","background-media":"","overlay-type":"","overlay-color":"","overlay-opacity":"","overlay-gradient":""}},"footnotes":""},"categories":[34],"tags":[],"class_list":["post-3795","post","type-post","status-publish","format-standard","hentry","category-contabilidade-legislacao"],"acf":[],"yoast_head":"<!-- This site is optimized with the Yoast SEO plugin v27.4 - https:\/\/yoast.com\/product\/yoast-seo-wordpress\/ -->\n<title>Como mudar de MEI para Microempresa: veja o passo a passo<\/title>\n<meta name=\"description\" content=\"Aprenda as diferen\u00e7as e o passo a passo para mudar de MEI para Microempresa. Veja quando \u00e9 necess\u00e1rio mudar e a melhor forma de fazer essa transi\u00e7\u00e3o.\" \/>\n<meta name=\"robots\" content=\"index, follow, max-snippet:-1, max-image-preview:large, max-video-preview:-1\" \/>\n<link rel=\"canonical\" href=\"https:\/\/www.empresaqui.com.br\/blog\/como-mudar-de-mei-para-microempresa\/\" \/>\n<meta property=\"og:locale\" content=\"pt_BR\" \/>\n<meta property=\"og:type\" content=\"article\" \/>\n<meta property=\"og:title\" content=\"Como mudar de MEI para Microempresa: veja o passo a passo\" \/>\n<meta property=\"og:description\" content=\"Aprenda as diferen\u00e7as e o passo a passo para mudar de MEI para Microempresa. Veja quando \u00e9 necess\u00e1rio mudar e a melhor forma de fazer essa transi\u00e7\u00e3o.\" \/>\n<meta property=\"og:url\" content=\"https:\/\/www.empresaqui.com.br\/blog\/como-mudar-de-mei-para-microempresa\/\" \/>\n<meta property=\"og:site_name\" content=\"Blog EmpresAqui\" \/>\n<meta property=\"article:publisher\" content=\"https:\/\/www.facebook.com\/empresaquibr\" \/>\n<meta property=\"article:published_time\" content=\"2024-12-20T19:02:11+00:00\" \/>\n<meta property=\"article:modified_time\" content=\"2024-12-20T19:02:12+00:00\" \/>\n<meta name=\"author\" content=\"Pedro de Castro\" \/>\n<meta name=\"twitter:card\" content=\"summary_large_image\" \/>\n<meta name=\"twitter:label1\" content=\"Escrito por\" \/>\n\t<meta name=\"twitter:data1\" content=\"Pedro de Castro\" \/>\n\t<meta name=\"twitter:label2\" content=\"Est. tempo de leitura\" \/>\n\t<meta name=\"twitter:data2\" content=\"6 minutos\" \/>\n<script type=\"application\/ld+json\" class=\"yoast-schema-graph\">{\"@context\":\"https:\\\/\\\/schema.org\",\"@graph\":[{\"@type\":\"Article\",\"@id\":\"https:\\\/\\\/www.empresaqui.com.br\\\/blog\\\/como-mudar-de-mei-para-microempresa\\\/#article\",\"isPartOf\":{\"@id\":\"https:\\\/\\\/www.empresaqui.com.br\\\/blog\\\/como-mudar-de-mei-para-microempresa\\\/\"},\"author\":{\"name\":\"Pedro de Castro\",\"@id\":\"https:\\\/\\\/www.empresaqui.com.br\\\/blog\\\/#\\\/schema\\\/person\\\/c47351a5cbdb107cc321e811cb2e5d3e\"},\"headline\":\"Entenda como mudar de MEI para Microempresa e quando realizar esta mudan\u00e7a\",\"datePublished\":\"2024-12-20T19:02:11+00:00\",\"dateModified\":\"2024-12-20T19:02:12+00:00\",\"mainEntityOfPage\":{\"@id\":\"https:\\\/\\\/www.empresaqui.com.br\\\/blog\\\/como-mudar-de-mei-para-microempresa\\\/\"},\"wordCount\":1129,\"publisher\":{\"@id\":\"https:\\\/\\\/www.empresaqui.com.br\\\/blog\\\/#organization\"},\"articleSection\":[\"Legisla\u00e7\u00e3o\"],\"inLanguage\":\"pt-BR\"},{\"@type\":\"WebPage\",\"@id\":\"https:\\\/\\\/www.empresaqui.com.br\\\/blog\\\/como-mudar-de-mei-para-microempresa\\\/\",\"url\":\"https:\\\/\\\/www.empresaqui.com.br\\\/blog\\\/como-mudar-de-mei-para-microempresa\\\/\",\"name\":\"Como mudar de MEI para Microempresa: veja o passo a passo\",\"isPartOf\":{\"@id\":\"https:\\\/\\\/www.empresaqui.com.br\\\/blog\\\/#website\"},\"datePublished\":\"2024-12-20T19:02:11+00:00\",\"dateModified\":\"2024-12-20T19:02:12+00:00\",\"description\":\"Aprenda as diferen\u00e7as e o passo a passo para mudar de MEI para Microempresa. Veja quando \u00e9 necess\u00e1rio mudar e a melhor forma de fazer essa transi\u00e7\u00e3o.\",\"breadcrumb\":{\"@id\":\"https:\\\/\\\/www.empresaqui.com.br\\\/blog\\\/como-mudar-de-mei-para-microempresa\\\/#breadcrumb\"},\"inLanguage\":\"pt-BR\",\"potentialAction\":[{\"@type\":\"ReadAction\",\"target\":[\"https:\\\/\\\/www.empresaqui.com.br\\\/blog\\\/como-mudar-de-mei-para-microempresa\\\/\"]}]},{\"@type\":\"BreadcrumbList\",\"@id\":\"https:\\\/\\\/www.empresaqui.com.br\\\/blog\\\/como-mudar-de-mei-para-microempresa\\\/#breadcrumb\",\"itemListElement\":[{\"@type\":\"ListItem\",\"position\":1,\"name\":\"In\u00edcio\",\"item\":\"https:\\\/\\\/www.empresaqui.com.br\\\/blog\\\/\"},{\"@type\":\"ListItem\",\"position\":2,\"name\":\"Legisla\u00e7\u00e3o\",\"item\":\"https:\\\/\\\/www.empresaqui.com.br\\\/blog\\\/category\\\/contabilidade-legislacao\\\/\"},{\"@type\":\"ListItem\",\"position\":3,\"name\":\"Entenda como mudar de MEI para Microempresa e quando realizar esta mudan\u00e7a\"}]},{\"@type\":\"WebSite\",\"@id\":\"https:\\\/\\\/www.empresaqui.com.br\\\/blog\\\/#website\",\"url\":\"https:\\\/\\\/www.empresaqui.com.br\\\/blog\\\/\",\"name\":\"Blog EmpresAqui\",\"description\":\"\",\"publisher\":{\"@id\":\"https:\\\/\\\/www.empresaqui.com.br\\\/blog\\\/#organization\"},\"potentialAction\":[{\"@type\":\"SearchAction\",\"target\":{\"@type\":\"EntryPoint\",\"urlTemplate\":\"https:\\\/\\\/www.empresaqui.com.br\\\/blog\\\/?s={search_term_string}\"},\"query-input\":{\"@type\":\"PropertyValueSpecification\",\"valueRequired\":true,\"valueName\":\"search_term_string\"}}],\"inLanguage\":\"pt-BR\"},{\"@type\":\"Organization\",\"@id\":\"https:\\\/\\\/www.empresaqui.com.br\\\/blog\\\/#organization\",\"name\":\"EmpresAqui\",\"url\":\"https:\\\/\\\/www.empresaqui.com.br\\\/blog\\\/\",\"logo\":{\"@type\":\"ImageObject\",\"inLanguage\":\"pt-BR\",\"@id\":\"https:\\\/\\\/www.empresaqui.com.br\\\/blog\\\/#\\\/schema\\\/logo\\\/image\\\/\",\"url\":\"https:\\\/\\\/www.empresaqui.com.br\\\/blog\\\/wp-content\\\/uploads\\\/2023\\\/02\\\/cropped-cropped-AdminLTELogo-2-1-1.png\",\"contentUrl\":\"https:\\\/\\\/www.empresaqui.com.br\\\/blog\\\/wp-content\\\/uploads\\\/2023\\\/02\\\/cropped-cropped-AdminLTELogo-2-1-1.png\",\"width\":100,\"height\":100,\"caption\":\"EmpresAqui\"},\"image\":{\"@id\":\"https:\\\/\\\/www.empresaqui.com.br\\\/blog\\\/#\\\/schema\\\/logo\\\/image\\\/\"},\"sameAs\":[\"https:\\\/\\\/www.facebook.com\\\/empresaquibr\",\"https:\\\/\\\/www.instagram.com\\\/empresaqui\"]},{\"@type\":\"Person\",\"@id\":\"https:\\\/\\\/www.empresaqui.com.br\\\/blog\\\/#\\\/schema\\\/person\\\/c47351a5cbdb107cc321e811cb2e5d3e\",\"name\":\"Pedro de Castro\",\"image\":{\"@type\":\"ImageObject\",\"inLanguage\":\"pt-BR\",\"@id\":\"https:\\\/\\\/secure.gravatar.com\\\/avatar\\\/c8ce0b507b50074c2b63c97a0024c2a93430dacf0bbaaa23e96b9f6b7b690b0b?s=96&d=mm&r=g\",\"url\":\"https:\\\/\\\/secure.gravatar.com\\\/avatar\\\/c8ce0b507b50074c2b63c97a0024c2a93430dacf0bbaaa23e96b9f6b7b690b0b?s=96&d=mm&r=g\",\"contentUrl\":\"https:\\\/\\\/secure.gravatar.com\\\/avatar\\\/c8ce0b507b50074c2b63c97a0024c2a93430dacf0bbaaa23e96b9f6b7b690b0b?s=96&d=mm&r=g\",\"caption\":\"Pedro de Castro\"},\"description\":\"Analista Jr. de SEO e Marketing Digital\",\"url\":\"https:\\\/\\\/www.empresaqui.com.br\\\/blog\\\/author\\\/pedro-castro\\\/\"}]}<\/script>\n<!-- \/ Yoast SEO plugin. -->","yoast_head_json":{"title":"Como mudar de MEI para Microempresa: veja o passo a passo","description":"Aprenda as diferen\u00e7as e o passo a passo para mudar de MEI para Microempresa. Veja quando \u00e9 necess\u00e1rio mudar e a melhor forma de fazer essa transi\u00e7\u00e3o.","robots":{"index":"index","follow":"follow","max-snippet":"max-snippet:-1","max-image-preview":"max-image-preview:large","max-video-preview":"max-video-preview:-1"},"canonical":"https:\/\/www.empresaqui.com.br\/blog\/como-mudar-de-mei-para-microempresa\/","og_locale":"pt_BR","og_type":"article","og_title":"Como mudar de MEI para Microempresa: veja o passo a passo","og_description":"Aprenda as diferen\u00e7as e o passo a passo para mudar de MEI para Microempresa. Veja quando \u00e9 necess\u00e1rio mudar e a melhor forma de fazer essa transi\u00e7\u00e3o.","og_url":"https:\/\/www.empresaqui.com.br\/blog\/como-mudar-de-mei-para-microempresa\/","og_site_name":"Blog EmpresAqui","article_publisher":"https:\/\/www.facebook.com\/empresaquibr","article_published_time":"2024-12-20T19:02:11+00:00","article_modified_time":"2024-12-20T19:02:12+00:00","author":"Pedro de Castro","twitter_card":"summary_large_image","twitter_misc":{"Escrito por":"Pedro de Castro","Est. tempo de leitura":"6 minutos"},"schema":{"@context":"https:\/\/schema.org","@graph":[{"@type":"Article","@id":"https:\/\/www.empresaqui.com.br\/blog\/como-mudar-de-mei-para-microempresa\/#article","isPartOf":{"@id":"https:\/\/www.empresaqui.com.br\/blog\/como-mudar-de-mei-para-microempresa\/"},"author":{"name":"Pedro de Castro","@id":"https:\/\/www.empresaqui.com.br\/blog\/#\/schema\/person\/c47351a5cbdb107cc321e811cb2e5d3e"},"headline":"Entenda como mudar de MEI para Microempresa e quando realizar esta mudan\u00e7a","datePublished":"2024-12-20T19:02:11+00:00","dateModified":"2024-12-20T19:02:12+00:00","mainEntityOfPage":{"@id":"https:\/\/www.empresaqui.com.br\/blog\/como-mudar-de-mei-para-microempresa\/"},"wordCount":1129,"publisher":{"@id":"https:\/\/www.empresaqui.com.br\/blog\/#organization"},"articleSection":["Legisla\u00e7\u00e3o"],"inLanguage":"pt-BR"},{"@type":"WebPage","@id":"https:\/\/www.empresaqui.com.br\/blog\/como-mudar-de-mei-para-microempresa\/","url":"https:\/\/www.empresaqui.com.br\/blog\/como-mudar-de-mei-para-microempresa\/","name":"Como mudar de MEI para Microempresa: veja o passo a passo","isPartOf":{"@id":"https:\/\/www.empresaqui.com.br\/blog\/#website"},"datePublished":"2024-12-20T19:02:11+00:00","dateModified":"2024-12-20T19:02:12+00:00","description":"Aprenda as diferen\u00e7as e o passo a passo para mudar de MEI para Microempresa. Veja quando \u00e9 necess\u00e1rio mudar e a melhor forma de fazer essa transi\u00e7\u00e3o.","breadcrumb":{"@id":"https:\/\/www.empresaqui.com.br\/blog\/como-mudar-de-mei-para-microempresa\/#breadcrumb"},"inLanguage":"pt-BR","potentialAction":[{"@type":"ReadAction","target":["https:\/\/www.empresaqui.com.br\/blog\/como-mudar-de-mei-para-microempresa\/"]}]},{"@type":"BreadcrumbList","@id":"https:\/\/www.empresaqui.com.br\/blog\/como-mudar-de-mei-para-microempresa\/#breadcrumb","itemListElement":[{"@type":"ListItem","position":1,"name":"In\u00edcio","item":"https:\/\/www.empresaqui.com.br\/blog\/"},{"@type":"ListItem","position":2,"name":"Legisla\u00e7\u00e3o","item":"https:\/\/www.empresaqui.com.br\/blog\/category\/contabilidade-legislacao\/"},{"@type":"ListItem","position":3,"name":"Entenda como mudar de MEI para Microempresa e quando realizar esta mudan\u00e7a"}]},{"@type":"WebSite","@id":"https:\/\/www.empresaqui.com.br\/blog\/#website","url":"https:\/\/www.empresaqui.com.br\/blog\/","name":"Blog EmpresAqui","description":"","publisher":{"@id":"https:\/\/www.empresaqui.com.br\/blog\/#organization"},"potentialAction":[{"@type":"SearchAction","target":{"@type":"EntryPoint","urlTemplate":"https:\/\/www.empresaqui.com.br\/blog\/?s={search_term_string}"},"query-input":{"@type":"PropertyValueSpecification","valueRequired":true,"valueName":"search_term_string"}}],"inLanguage":"pt-BR"},{"@type":"Organization","@id":"https:\/\/www.empresaqui.com.br\/blog\/#organization","name":"EmpresAqui","url":"https:\/\/www.empresaqui.com.br\/blog\/","logo":{"@type":"ImageObject","inLanguage":"pt-BR","@id":"https:\/\/www.empresaqui.com.br\/blog\/#\/schema\/logo\/image\/","url":"https:\/\/www.empresaqui.com.br\/blog\/wp-content\/uploads\/2023\/02\/cropped-cropped-AdminLTELogo-2-1-1.png","contentUrl":"https:\/\/www.empresaqui.com.br\/blog\/wp-content\/uploads\/2023\/02\/cropped-cropped-AdminLTELogo-2-1-1.png","width":100,"height":100,"caption":"EmpresAqui"},"image":{"@id":"https:\/\/www.empresaqui.com.br\/blog\/#\/schema\/logo\/image\/"},"sameAs":["https:\/\/www.facebook.com\/empresaquibr","https:\/\/www.instagram.com\/empresaqui"]},{"@type":"Person","@id":"https:\/\/www.empresaqui.com.br\/blog\/#\/schema\/person\/c47351a5cbdb107cc321e811cb2e5d3e","name":"Pedro de Castro","image":{"@type":"ImageObject","inLanguage":"pt-BR","@id":"https:\/\/secure.gravatar.com\/avatar\/c8ce0b507b50074c2b63c97a0024c2a93430dacf0bbaaa23e96b9f6b7b690b0b?s=96&d=mm&r=g","url":"https:\/\/secure.gravatar.com\/avatar\/c8ce0b507b50074c2b63c97a0024c2a93430dacf0bbaaa23e96b9f6b7b690b0b?s=96&d=mm&r=g","contentUrl":"https:\/\/secure.gravatar.com\/avatar\/c8ce0b507b50074c2b63c97a0024c2a93430dacf0bbaaa23e96b9f6b7b690b0b?s=96&d=mm&r=g","caption":"Pedro de Castro"},"description":"Analista Jr. de SEO e Marketing Digital","url":"https:\/\/www.empresaqui.com.br\/blog\/author\/pedro-castro\/"}]}},"uagb_featured_image_src":{"full":false,"thumbnail":false,"medium":false,"medium_large":false,"large":false,"1536x1536":false,"2048x2048":false},"uagb_author_info":{"display_name":"Pedro de Castro","author_link":"https:\/\/www.empresaqui.com.br\/blog\/author\/pedro-castro\/"},"uagb_comment_info":0,"uagb_excerpt":"O crescimento de um neg\u00f3cio \u00e9 uma conquista que merece ser celebrada. Para muitos empreendedores, o registro como Microempreendedor Individual [&hellip;]","_links":{"self":[{"href":"https:\/\/www.empresaqui.com.br\/blog\/wp-json\/wp\/v2\/posts\/3795","targetHints":{"allow":["GET"]}}],"collection":[{"href":"https:\/\/www.empresaqui.com.br\/blog\/wp-json\/wp\/v2\/posts"}],"about":[{"href":"https:\/\/www.empresaqui.com.br\/blog\/wp-json\/wp\/v2\/types\/post"}],"author":[{"embeddable":true,"href":"https:\/\/www.empresaqui.com.br\/blog\/wp-json\/wp\/v2\/users\/9"}],"replies":[{"embeddable":true,"href":"https:\/\/www.empresaqui.com.br\/blog\/wp-json\/wp\/v2\/comments?post=3795"}],"version-history":[{"count":3,"href":"https:\/\/www.empresaqui.com.br\/blog\/wp-json\/wp\/v2\/posts\/3795\/revisions"}],"predecessor-version":[{"id":3801,"href":"https:\/\/www.empresaqui.com.br\/blog\/wp-json\/wp\/v2\/posts\/3795\/revisions\/3801"}],"wp:attachment":[{"href":"https:\/\/www.empresaqui.com.br\/blog\/wp-json\/wp\/v2\/media?parent=3795"}],"wp:term":[{"taxonomy":"category","embeddable":true,"href":"https:\/\/www.empresaqui.com.br\/blog\/wp-json\/wp\/v2\/categories?post=3795"},{"taxonomy":"post_tag","embeddable":true,"href":"https:\/\/www.empresaqui.com.br\/blog\/wp-json\/wp\/v2\/tags?post=3795"}],"curies":[{"name":"wp","href":"https:\/\/api.w.org\/{rel}","templated":true}]}}