{"id":3779,"date":"2024-12-19T16:58:09","date_gmt":"2024-12-19T19:58:09","guid":{"rendered":"https:\/\/www.empresaqui.com.br\/blog\/?p=3779"},"modified":"2024-12-20T10:49:22","modified_gmt":"2024-12-20T13:49:22","slug":"slack","status":"publish","type":"post","link":"https:\/\/www.empresaqui.com.br\/blog\/slack\/","title":{"rendered":"Impulsione a produtividade da sua equipe com a plataforma Slack!"},"content":{"rendered":"\n<p>Com equipes cada vez mais distribu\u00eddas e demandas din\u00e2micas, o desafio de manter todos alinhados, produtivos e engajados cresce exponencialmente.<\/p>\n\n\n\n<p>\u00c9 nesse contexto que surgem plataformas como o Slack, projetadas para transformar a forma como as pessoas trabalham juntas, facilitando trocas r\u00e1pidas, organizando informa\u00e7\u00f5es e integrando diversas ferramentas em um s\u00f3 ambiente.<\/p>\n\n\n\n<p>Seja para pequenos times ou grandes corpora\u00e7\u00f5es, o Slack se destaca como um aliado na produtividade e no alinhamento estrat\u00e9gico.<\/p>\n\n\n\n<div id=\"ez-toc-container\" class=\"ez-toc-v2_0_81 ez-toc-wrap-left counter-hierarchy ez-toc-counter ez-toc-custom ez-toc-container-direction\">\n<div class=\"ez-toc-title-container\">\n<p class=\"ez-toc-title\" style=\"cursor:inherit\">Neste artigo voc\u00ea vai ver:<\/p>\n<span class=\"ez-toc-title-toggle\"><a href=\"#\" class=\"ez-toc-pull-right ez-toc-btn ez-toc-btn-xs ez-toc-btn-default ez-toc-toggle\" aria-label=\"Alternar tabela de conte\u00fado\"><span class=\"ez-toc-js-icon-con\"><span class=\"\"><span class=\"eztoc-hide\" style=\"display:none;\">Toggle<\/span><span class=\"ez-toc-icon-toggle-span\"><svg style=\"fill: #0066bf;color:#0066bf\" xmlns=\"http:\/\/www.w3.org\/2000\/svg\" class=\"list-377408\" width=\"20px\" height=\"20px\" viewBox=\"0 0 24 24\" fill=\"none\"><path d=\"M6 6H4v2h2V6zm14 0H8v2h12V6zM4 11h2v2H4v-2zm16 0H8v2h12v-2zM4 16h2v2H4v-2zm16 0H8v2h12v-2z\" fill=\"currentColor\"><\/path><\/svg><svg style=\"fill: #0066bf;color:#0066bf\" class=\"arrow-unsorted-368013\" xmlns=\"http:\/\/www.w3.org\/2000\/svg\" width=\"10px\" height=\"10px\" viewBox=\"0 0 24 24\" version=\"1.2\" baseProfile=\"tiny\"><path d=\"M18.2 9.3l-6.2-6.3-6.2 6.3c-.2.2-.3.4-.3.7s.1.5.3.7c.2.2.4.3.7.3h11c.3 0 .5-.1.7-.3.2-.2.3-.5.3-.7s-.1-.5-.3-.7zM5.8 14.7l6.2 6.3 6.2-6.3c.2-.2.3-.5.3-.7s-.1-.5-.3-.7c-.2-.2-.4-.3-.7-.3h-11c-.3 0-.5.1-.7.3-.2.2-.3.5-.3.7s.1.5.3.7z\"\/><\/svg><\/span><\/span><\/span><\/a><\/span><\/div>\n<nav><ul class='ez-toc-list ez-toc-list-level-1 ' ><li class='ez-toc-page-1 ez-toc-heading-level-2'><a class=\"ez-toc-link ez-toc-heading-1\" href=\"https:\/\/www.empresaqui.com.br\/blog\/slack\/#O_que_e_Slack\" >O que \u00e9 Slack?<\/a><\/li><li class='ez-toc-page-1 ez-toc-heading-level-2'><a class=\"ez-toc-link ez-toc-heading-2\" href=\"https:\/\/www.empresaqui.com.br\/blog\/slack\/#Quais_as_vantagens_do_Slack\" >Quais as vantagens do Slack?<\/a><\/li><li class='ez-toc-page-1 ez-toc-heading-level-2'><a class=\"ez-toc-link ez-toc-heading-3\" href=\"https:\/\/www.empresaqui.com.br\/blog\/slack\/#Como_usar_o_Slack\" >Como usar o Slack?<\/a><\/li><li class='ez-toc-page-1 ez-toc-heading-level-2'><a class=\"ez-toc-link ez-toc-heading-4\" href=\"https:\/\/www.empresaqui.com.br\/blog\/slack\/#Gere_listas_de_empresas_personalizadas\" >Gere listas de empresas personalizadas!<\/a><\/li><\/ul><\/nav><\/div>\n<h2 class=\"wp-block-heading\"><span class=\"ez-toc-section\" id=\"O_que_e_Slack\"><\/span><strong>O que \u00e9 Slack?<\/strong><span class=\"ez-toc-section-end\"><\/span><\/h2>\n\n\n\n<p>O Slack<strong> \u00e9 uma plataforma de comunica\u00e7\u00e3o e colabora\u00e7\u00e3o direcionada a organiza\u00e7\u00e3o de conversas em canais<\/strong>, permitindo que a equipe discuta projetos, compartilhe arquivos e integre ferramentas externas em um \u00fanico espa\u00e7o.&nbsp;<\/p>\n\n\n\n<p>Nesse sentido, apesar de ser originalmente desenvolvido para ambientes corporativos, o Slack tamb\u00e9m pode ser utilizado para uso pessoal, ajudando a centralizar a comunica\u00e7\u00e3o e reduzir a necessidade de reuni\u00f5es frequentes.&nbsp;<\/p>\n\n\n\n<p>Dessa forma, com a presen\u00e7a de recursos, como mensagens diretas, chamadas de voz e v\u00eddeo, e integra\u00e7\u00e3o com apps como Google Drive e Trello, o Slack \u00e9 uma solu\u00e7\u00e3o vers\u00e1til para produtividade e trabalho em equipe.<\/p>\n\n\n\n<h2 class=\"wp-block-heading\"><span class=\"ez-toc-section\" id=\"Quais_as_vantagens_do_Slack\"><\/span><strong>Quais as vantagens do Slack?<\/strong><span class=\"ez-toc-section-end\"><\/span><\/h2>\n\n\n\n<p>O Slack <strong>oferece diversas funcionalidades que o tornam uma ferramenta essencial para equipes que buscam organiza\u00e7\u00e3o e efici\u00eancia<\/strong>. A seguir, confira os benef\u00edcios oferecidos por essa plataforma:<\/p>\n\n\n\n<h3 class=\"wp-block-heading\"><strong>Centraliza\u00e7\u00e3o da comunica\u00e7\u00e3o<\/strong><\/h3>\n\n\n\n<p>Com a utiliza\u00e7\u00e3o do Slack, as intera\u00e7\u00f5es da equipe ficam concentradas em um \u00fanico espa\u00e7o, reduzindo a necessidade de alternar entre e-mails, aplicativos de mensagens e outras plataformas.&nbsp;<\/p>\n\n\n\n<p>Dessa forma, a centraliza\u00e7\u00e3o permite acompanhar as conversas e tarefas de forma clara, evitando a perda de informa\u00e7\u00f5es importantes e facilitando a organiza\u00e7\u00e3o do time.<\/p>\n\n\n\n<h3 class=\"wp-block-heading\"><strong>Substitui\u00e7\u00e3o reuni\u00f5es por check-ins<\/strong><\/h3>\n\n\n\n<p>No segmento remoto, \u00e9 comum que temas importantes sejam discutidos em reuni\u00f5es virtuais frequentes. No entanto, apesar de \u00fateis, o tempo direcionado a&nbsp; tais reuni\u00f5es poderia ser direcionado a atividades mais produtivas.&nbsp;<\/p>\n\n\n\n<p>Nesse sentido, em vez de longas reuni\u00f5es,&nbsp; o Slack possibilita check-ins r\u00e1pidos, os quais permitem atualiza\u00e7\u00f5es sobre o andamento do trabalho em canais espec\u00edficos.&nbsp;<\/p>\n\n\n\n<p>Dessa forma, com os check-ins<em> <\/em>di\u00e1rios, a equipe \u00e9 capaz de otimizar o tempo e garantir que as informa\u00e7\u00f5es sejam transmitidas de forma objetiva.<\/p>\n\n\n\n<h3 class=\"wp-block-heading\"><strong>Defini\u00e7\u00e3o de status e hor\u00e1rios<\/strong><\/h3>\n\n\n\n<p>No ambiente de trabalho remoto, pode ser desafiador identificar a disponibilidade de um membro da equipe, haja vista que pode estar realizando uma tarefa importante ou em seu hor\u00e1rio de descanso.&nbsp;&nbsp;<\/p>\n\n\n\n<p>Dessa forma, o Slack permite a configura\u00e7\u00e3o do status e disponibilidade de cada funcion\u00e1rio, o que evita interrup\u00e7\u00f5es desnecess\u00e1rias e melhora a comunica\u00e7\u00e3o entre os membros da equipe.<\/p>\n\n\n\n<h2 class=\"wp-block-heading\"><span class=\"ez-toc-section\" id=\"Como_usar_o_Slack\"><\/span><strong>Como usar o Slack?<\/strong><span class=\"ez-toc-section-end\"><\/span><\/h2>\n\n\n\n<p>Para utilizar o Slack, <strong>\u00e9 preciso, inicialmente, fazer o<\/strong><strong><em> <\/em><\/strong><strong>download do aplicativo no computador<\/strong>. Ap\u00f3s isso,&nbsp; \u00e9 preciso criar um workspace e, caso tenha recebido um convite, \u00e9 preciso integrar no espa\u00e7o de trabalho de terceiros.&nbsp;<\/p>\n\n\n\n<p>No workspace<em>,<\/em> \u00e9 poss\u00edvel configurar canais, os quais consistem em \u00e1reas tem\u00e1ticas organizadas com o s\u00edmbolo \u201c#\u201d seguido da descri\u00e7\u00e3o do grupo.&nbsp;<\/p>\n\n\n\n<p>A funcionalidade central do Slack \u00e9 a comunica\u00e7\u00e3o, permitindo tanto conversas privadas quanto em grupo. Sendo assim, para iniciar uma conversa, \u00e9 preciso realizar a busca por uma pessoa na barra de pesquisa e enviar uma mensagem.&nbsp;<\/p>\n\n\n\n<p>Nesse sentido, as conversas individuais s\u00e3o automaticamente organizadas na se\u00e7\u00e3o de \u201cMensagens Diretas\u201d.&nbsp;<\/p>\n\n\n\n<p>Al\u00e9m das mensagens, o Slack facilita o envio de arquivos, links e m\u00eddia, integra a plataforma com outros aplicativos amplamente utilizados pela equipe, como <a href=\"https:\/\/www.empresaqui.com.br\/blog\/trello\/\"><strong>Trello<\/strong><\/a>, Zoom e Google Drive.&nbsp;<\/p>\n\n\n\n<div class=\"banner\">\n            <h2><span class=\"ez-toc-section\" id=\"Gere_listas_de_empresas_personalizadas\"><\/span>Gere listas de empresas personalizadas!<span class=\"ez-toc-section-end\"><\/span><\/h2>\n            <p>Cadastre-se gr\u00e1tis agora mesmo<\/p>\n            <div class=\"bottom-banner\">\n                <img decoding=\"async\" src=\"https:\/\/www.empresaqui.com.br\/blog\/wp-content\/uploads\/2021\/11\/AdminLTELogo.png\" alt=\"Seu Logotipo\" class=\"logo\">\n                <a href=\"https:\/\/www.empresaqui.com.br\/plano-gratuito?utm_source=blog&amp;utm_medium=banner&amp;utm_campaign=CTA-GRATUITO-HTML\" class=\"cta-button-banner\">Teste aqui agora<\/a>\n            <\/div>\n        <\/div>\n\n        <style>\n            .bottom-banner{\n                display: flex;\n                justify-content: center;\n                align-items: center;\n            }\n            .bottom-banner img{\n                width: 3rem !important;\n                height: 3rem !important;\n                margin-right: 1rem;\n            }\n            .banner h2{\n                font-family: Arial, sans-serif;\n                color: #fff !important;\n            }\n            .banner p{\n                font-family: Arial, sans-serif;\n            }\n            .banner {\n                background:#001E40;\n                color: #FFFFFF;\n                text-align: center;\n                padding: 20px;\n            }\n            .cta-button-banner {\n                display: inline-block;\n                background-color: #0CFFFB;\n                color: #000;\n                border: none;\n                padding: 1px 15px;\n                font-size: 14px;\n                font-family: sans-serif;\n                font-weight: 700;\n                border-radius: 21px;\n                cursor: pointer;\n                transition: background-color 0.3s ease;\n                text-decoration: none;\n            }\n\n            @media (max-width: 767px) {\n                .banner h2{\n                    font-size:20px;\n                }\n                .cta-button-banner {\n                    padding: 1px 15px;\n                    font-size: 12px;\n                }\n\n            }\n        <\/style>\n    \n\n","protected":false},"excerpt":{"rendered":"<p>Com equipes cada vez mais distribu\u00eddas e demandas din\u00e2micas, o desafio de manter todos alinhados, produtivos e engajados cresce exponencialmente. [&hellip;]<\/p>\n","protected":false},"author":8,"featured_media":0,"comment_status":"closed","ping_status":"closed","sticky":false,"template":"","format":"standard","meta":{"_acf_changed":false,"_uag_custom_page_level_css":"","site-sidebar-layout":"default","site-content-layout":"","ast-site-content-layout":"default","site-content-style":"default","site-sidebar-style":"default","ast-global-header-display":"","ast-banner-title-visibility":"","ast-main-header-display":"","ast-hfb-above-header-display":"","ast-hfb-below-header-display":"","ast-hfb-mobile-header-display":"","site-post-title":"","ast-breadcrumbs-content":"","ast-featured-img":"","footer-sml-layout":"","theme-transparent-header-meta":"","adv-header-id-meta":"","stick-header-meta":"","header-above-stick-meta":"","header-main-stick-meta":"","header-below-stick-meta":"","astra-migrate-meta-layouts":"default","ast-page-background-enabled":"default","ast-page-background-meta":{"desktop":{"background-color":"var(--ast-global-color-4)","background-image":"","background-repeat":"repeat","background-position":"center center","background-size":"auto","background-attachment":"scroll","background-type":"","background-media":"","overlay-type":"","overlay-color":"","overlay-opacity":"","overlay-gradient":""},"tablet":{"background-color":"","background-image":"","background-repeat":"repeat","background-position":"center center","background-size":"auto","background-attachment":"scroll","background-type":"","background-media":"","overlay-type":"","overlay-color":"","overlay-opacity":"","overlay-gradient":""},"mobile":{"background-color":"","background-image":"","background-repeat":"repeat","background-position":"center center","background-size":"auto","background-attachment":"scroll","background-type":"","background-media":"","overlay-type":"","overlay-color":"","overlay-opacity":"","overlay-gradient":""}},"ast-content-background-meta":{"desktop":{"background-color":"var(--ast-global-color-5)","background-image":"","background-repeat":"repeat","background-position":"center center","background-size":"auto","background-attachment":"scroll","background-type":"","background-media":"","overlay-type":"","overlay-color":"","overlay-opacity":"","overlay-gradient":""},"tablet":{"background-color":"var(--ast-global-color-5)","background-image":"","background-repeat":"repeat","background-position":"center center","background-size":"auto","background-attachment":"scroll","background-type":"","background-media":"","overlay-type":"","overlay-color":"","overlay-opacity":"","overlay-gradient":""},"mobile":{"background-color":"var(--ast-global-color-5)","background-image":"","background-repeat":"repeat","background-position":"center center","background-size":"auto","background-attachment":"scroll","background-type":"","background-media":"","overlay-type":"","overlay-color":"","overlay-opacity":"","overlay-gradient":""}},"footnotes":""},"categories":[4],"tags":[],"class_list":["post-3779","post","type-post","status-publish","format-standard","hentry","category-dicas-de-uso"],"acf":[],"yoast_head":"<!-- This site is optimized with the Yoast SEO plugin v27.4 - https:\/\/yoast.com\/product\/yoast-seo-wordpress\/ -->\n<title>Slack: o que \u00e9, vantagens e como utilizar<\/title>\n<meta name=\"description\" content=\"Descubra como o Slack \u00e9 capaz de transformar a comunica\u00e7\u00e3o no trabalho, centralizando mensagens, organizando equipes e integrando ferramentas essenciais.\" \/>\n<meta name=\"robots\" content=\"index, follow, max-snippet:-1, max-image-preview:large, max-video-preview:-1\" \/>\n<link rel=\"canonical\" href=\"https:\/\/www.empresaqui.com.br\/blog\/slack\/\" \/>\n<meta property=\"og:locale\" content=\"pt_BR\" \/>\n<meta property=\"og:type\" content=\"article\" \/>\n<meta property=\"og:title\" content=\"Slack: o que \u00e9, vantagens e como utilizar\" \/>\n<meta property=\"og:description\" content=\"Descubra como o Slack \u00e9 capaz de transformar a comunica\u00e7\u00e3o no trabalho, centralizando mensagens, organizando equipes e integrando ferramentas essenciais.\" \/>\n<meta property=\"og:url\" content=\"https:\/\/www.empresaqui.com.br\/blog\/slack\/\" \/>\n<meta property=\"og:site_name\" content=\"Blog EmpresAqui\" \/>\n<meta property=\"article:publisher\" content=\"https:\/\/www.facebook.com\/empresaquibr\" \/>\n<meta property=\"article:published_time\" content=\"2024-12-19T19:58:09+00:00\" \/>\n<meta property=\"article:modified_time\" content=\"2024-12-20T13:49:22+00:00\" \/>\n<meta name=\"author\" content=\"Danillo Rocha\" \/>\n<meta name=\"twitter:card\" content=\"summary_large_image\" \/>\n<meta name=\"twitter:label1\" content=\"Escrito por\" \/>\n\t<meta name=\"twitter:data1\" content=\"Danillo Rocha\" \/>\n\t<meta name=\"twitter:label2\" content=\"Est. tempo de leitura\" \/>\n\t<meta name=\"twitter:data2\" content=\"4 minutos\" \/>\n<script type=\"application\/ld+json\" class=\"yoast-schema-graph\">{\"@context\":\"https:\\\/\\\/schema.org\",\"@graph\":[{\"@type\":\"Article\",\"@id\":\"https:\\\/\\\/www.empresaqui.com.br\\\/blog\\\/slack\\\/#article\",\"isPartOf\":{\"@id\":\"https:\\\/\\\/www.empresaqui.com.br\\\/blog\\\/slack\\\/\"},\"author\":{\"name\":\"Danillo Rocha\",\"@id\":\"https:\\\/\\\/www.empresaqui.com.br\\\/blog\\\/#\\\/schema\\\/person\\\/be165d2b8065bfa20b88787a07cf9e96\"},\"headline\":\"Impulsione a produtividade da sua equipe com a plataforma Slack!\",\"datePublished\":\"2024-12-19T19:58:09+00:00\",\"dateModified\":\"2024-12-20T13:49:22+00:00\",\"mainEntityOfPage\":{\"@id\":\"https:\\\/\\\/www.empresaqui.com.br\\\/blog\\\/slack\\\/\"},\"wordCount\":622,\"publisher\":{\"@id\":\"https:\\\/\\\/www.empresaqui.com.br\\\/blog\\\/#organization\"},\"articleSection\":[\"Dicas de Uso\"],\"inLanguage\":\"pt-BR\"},{\"@type\":\"WebPage\",\"@id\":\"https:\\\/\\\/www.empresaqui.com.br\\\/blog\\\/slack\\\/\",\"url\":\"https:\\\/\\\/www.empresaqui.com.br\\\/blog\\\/slack\\\/\",\"name\":\"Slack: o que \u00e9, vantagens e como utilizar\",\"isPartOf\":{\"@id\":\"https:\\\/\\\/www.empresaqui.com.br\\\/blog\\\/#website\"},\"datePublished\":\"2024-12-19T19:58:09+00:00\",\"dateModified\":\"2024-12-20T13:49:22+00:00\",\"description\":\"Descubra como o Slack \u00e9 capaz de transformar a comunica\u00e7\u00e3o no trabalho, centralizando mensagens, organizando equipes e integrando ferramentas essenciais.\",\"breadcrumb\":{\"@id\":\"https:\\\/\\\/www.empresaqui.com.br\\\/blog\\\/slack\\\/#breadcrumb\"},\"inLanguage\":\"pt-BR\",\"potentialAction\":[{\"@type\":\"ReadAction\",\"target\":[\"https:\\\/\\\/www.empresaqui.com.br\\\/blog\\\/slack\\\/\"]}]},{\"@type\":\"BreadcrumbList\",\"@id\":\"https:\\\/\\\/www.empresaqui.com.br\\\/blog\\\/slack\\\/#breadcrumb\",\"itemListElement\":[{\"@type\":\"ListItem\",\"position\":1,\"name\":\"In\u00edcio\",\"item\":\"https:\\\/\\\/www.empresaqui.com.br\\\/blog\\\/\"},{\"@type\":\"ListItem\",\"position\":2,\"name\":\"Dicas de Uso\",\"item\":\"https:\\\/\\\/www.empresaqui.com.br\\\/blog\\\/category\\\/dicas-de-uso\\\/\"},{\"@type\":\"ListItem\",\"position\":3,\"name\":\"Impulsione a produtividade da sua equipe com a plataforma Slack!\"}]},{\"@type\":\"WebSite\",\"@id\":\"https:\\\/\\\/www.empresaqui.com.br\\\/blog\\\/#website\",\"url\":\"https:\\\/\\\/www.empresaqui.com.br\\\/blog\\\/\",\"name\":\"Blog EmpresAqui\",\"description\":\"\",\"publisher\":{\"@id\":\"https:\\\/\\\/www.empresaqui.com.br\\\/blog\\\/#organization\"},\"potentialAction\":[{\"@type\":\"SearchAction\",\"target\":{\"@type\":\"EntryPoint\",\"urlTemplate\":\"https:\\\/\\\/www.empresaqui.com.br\\\/blog\\\/?s={search_term_string}\"},\"query-input\":{\"@type\":\"PropertyValueSpecification\",\"valueRequired\":true,\"valueName\":\"search_term_string\"}}],\"inLanguage\":\"pt-BR\"},{\"@type\":\"Organization\",\"@id\":\"https:\\\/\\\/www.empresaqui.com.br\\\/blog\\\/#organization\",\"name\":\"EmpresAqui\",\"url\":\"https:\\\/\\\/www.empresaqui.com.br\\\/blog\\\/\",\"logo\":{\"@type\":\"ImageObject\",\"inLanguage\":\"pt-BR\",\"@id\":\"https:\\\/\\\/www.empresaqui.com.br\\\/blog\\\/#\\\/schema\\\/logo\\\/image\\\/\",\"url\":\"https:\\\/\\\/www.empresaqui.com.br\\\/blog\\\/wp-content\\\/uploads\\\/2023\\\/02\\\/cropped-cropped-AdminLTELogo-2-1-1.png\",\"contentUrl\":\"https:\\\/\\\/www.empresaqui.com.br\\\/blog\\\/wp-content\\\/uploads\\\/2023\\\/02\\\/cropped-cropped-AdminLTELogo-2-1-1.png\",\"width\":100,\"height\":100,\"caption\":\"EmpresAqui\"},\"image\":{\"@id\":\"https:\\\/\\\/www.empresaqui.com.br\\\/blog\\\/#\\\/schema\\\/logo\\\/image\\\/\"},\"sameAs\":[\"https:\\\/\\\/www.facebook.com\\\/empresaquibr\",\"https:\\\/\\\/www.instagram.com\\\/empresaqui\"]},{\"@type\":\"Person\",\"@id\":\"https:\\\/\\\/www.empresaqui.com.br\\\/blog\\\/#\\\/schema\\\/person\\\/be165d2b8065bfa20b88787a07cf9e96\",\"name\":\"Danillo Rocha\",\"image\":{\"@type\":\"ImageObject\",\"inLanguage\":\"pt-BR\",\"@id\":\"https:\\\/\\\/secure.gravatar.com\\\/avatar\\\/a440539fd479fe3447e5aeaa627ba644f1a101516334fa5a2b263c192ba710bc?s=96&d=mm&r=g\",\"url\":\"https:\\\/\\\/secure.gravatar.com\\\/avatar\\\/a440539fd479fe3447e5aeaa627ba644f1a101516334fa5a2b263c192ba710bc?s=96&d=mm&r=g\",\"contentUrl\":\"https:\\\/\\\/secure.gravatar.com\\\/avatar\\\/a440539fd479fe3447e5aeaa627ba644f1a101516334fa5a2b263c192ba710bc?s=96&d=mm&r=g\",\"caption\":\"Danillo Rocha\"},\"description\":\"Danillo Rocha \u00e9 CEO e fundador do EmpresAqui, plataforma de intelig\u00eancia de mercado e gera\u00e7\u00e3o de leads B2B com mais de 300 mil usu\u00e1rios. Formado em Ci\u00eancia da Computa\u00e7\u00e3o, com especializa\u00e7\u00e3o em Softwares e Dados e Per\u00edcia Financeira, \u00e9 empreendedor em tecnologia e neg\u00f3cios B2B.\",\"sameAs\":[\"https:\\\/\\\/www.empresaqui.com.br\\\/\",\"https:\\\/\\\/www.instagram.com\\\/danillorocha10\",\"https:\\\/\\\/www.instagram.com\\\/danillorocha\"],\"url\":\"https:\\\/\\\/www.empresaqui.com.br\\\/blog\\\/author\\\/danillo-rocha\\\/\"}]}<\/script>\n<!-- \/ Yoast SEO plugin. -->","yoast_head_json":{"title":"Slack: o que \u00e9, vantagens e como utilizar","description":"Descubra como o Slack \u00e9 capaz de transformar a comunica\u00e7\u00e3o no trabalho, centralizando mensagens, organizando equipes e integrando ferramentas essenciais.","robots":{"index":"index","follow":"follow","max-snippet":"max-snippet:-1","max-image-preview":"max-image-preview:large","max-video-preview":"max-video-preview:-1"},"canonical":"https:\/\/www.empresaqui.com.br\/blog\/slack\/","og_locale":"pt_BR","og_type":"article","og_title":"Slack: o que \u00e9, vantagens e como utilizar","og_description":"Descubra como o Slack \u00e9 capaz de transformar a comunica\u00e7\u00e3o no trabalho, centralizando mensagens, organizando equipes e integrando ferramentas essenciais.","og_url":"https:\/\/www.empresaqui.com.br\/blog\/slack\/","og_site_name":"Blog EmpresAqui","article_publisher":"https:\/\/www.facebook.com\/empresaquibr","article_published_time":"2024-12-19T19:58:09+00:00","article_modified_time":"2024-12-20T13:49:22+00:00","author":"Danillo Rocha","twitter_card":"summary_large_image","twitter_misc":{"Escrito por":"Danillo Rocha","Est. tempo de leitura":"4 minutos"},"schema":{"@context":"https:\/\/schema.org","@graph":[{"@type":"Article","@id":"https:\/\/www.empresaqui.com.br\/blog\/slack\/#article","isPartOf":{"@id":"https:\/\/www.empresaqui.com.br\/blog\/slack\/"},"author":{"name":"Danillo Rocha","@id":"https:\/\/www.empresaqui.com.br\/blog\/#\/schema\/person\/be165d2b8065bfa20b88787a07cf9e96"},"headline":"Impulsione a produtividade da sua equipe com a plataforma Slack!","datePublished":"2024-12-19T19:58:09+00:00","dateModified":"2024-12-20T13:49:22+00:00","mainEntityOfPage":{"@id":"https:\/\/www.empresaqui.com.br\/blog\/slack\/"},"wordCount":622,"publisher":{"@id":"https:\/\/www.empresaqui.com.br\/blog\/#organization"},"articleSection":["Dicas de Uso"],"inLanguage":"pt-BR"},{"@type":"WebPage","@id":"https:\/\/www.empresaqui.com.br\/blog\/slack\/","url":"https:\/\/www.empresaqui.com.br\/blog\/slack\/","name":"Slack: o que \u00e9, vantagens e como utilizar","isPartOf":{"@id":"https:\/\/www.empresaqui.com.br\/blog\/#website"},"datePublished":"2024-12-19T19:58:09+00:00","dateModified":"2024-12-20T13:49:22+00:00","description":"Descubra como o Slack \u00e9 capaz de transformar a comunica\u00e7\u00e3o no trabalho, centralizando mensagens, organizando equipes e integrando ferramentas essenciais.","breadcrumb":{"@id":"https:\/\/www.empresaqui.com.br\/blog\/slack\/#breadcrumb"},"inLanguage":"pt-BR","potentialAction":[{"@type":"ReadAction","target":["https:\/\/www.empresaqui.com.br\/blog\/slack\/"]}]},{"@type":"BreadcrumbList","@id":"https:\/\/www.empresaqui.com.br\/blog\/slack\/#breadcrumb","itemListElement":[{"@type":"ListItem","position":1,"name":"In\u00edcio","item":"https:\/\/www.empresaqui.com.br\/blog\/"},{"@type":"ListItem","position":2,"name":"Dicas de Uso","item":"https:\/\/www.empresaqui.com.br\/blog\/category\/dicas-de-uso\/"},{"@type":"ListItem","position":3,"name":"Impulsione a produtividade da sua equipe com a plataforma Slack!"}]},{"@type":"WebSite","@id":"https:\/\/www.empresaqui.com.br\/blog\/#website","url":"https:\/\/www.empresaqui.com.br\/blog\/","name":"Blog EmpresAqui","description":"","publisher":{"@id":"https:\/\/www.empresaqui.com.br\/blog\/#organization"},"potentialAction":[{"@type":"SearchAction","target":{"@type":"EntryPoint","urlTemplate":"https:\/\/www.empresaqui.com.br\/blog\/?s={search_term_string}"},"query-input":{"@type":"PropertyValueSpecification","valueRequired":true,"valueName":"search_term_string"}}],"inLanguage":"pt-BR"},{"@type":"Organization","@id":"https:\/\/www.empresaqui.com.br\/blog\/#organization","name":"EmpresAqui","url":"https:\/\/www.empresaqui.com.br\/blog\/","logo":{"@type":"ImageObject","inLanguage":"pt-BR","@id":"https:\/\/www.empresaqui.com.br\/blog\/#\/schema\/logo\/image\/","url":"https:\/\/www.empresaqui.com.br\/blog\/wp-content\/uploads\/2023\/02\/cropped-cropped-AdminLTELogo-2-1-1.png","contentUrl":"https:\/\/www.empresaqui.com.br\/blog\/wp-content\/uploads\/2023\/02\/cropped-cropped-AdminLTELogo-2-1-1.png","width":100,"height":100,"caption":"EmpresAqui"},"image":{"@id":"https:\/\/www.empresaqui.com.br\/blog\/#\/schema\/logo\/image\/"},"sameAs":["https:\/\/www.facebook.com\/empresaquibr","https:\/\/www.instagram.com\/empresaqui"]},{"@type":"Person","@id":"https:\/\/www.empresaqui.com.br\/blog\/#\/schema\/person\/be165d2b8065bfa20b88787a07cf9e96","name":"Danillo Rocha","image":{"@type":"ImageObject","inLanguage":"pt-BR","@id":"https:\/\/secure.gravatar.com\/avatar\/a440539fd479fe3447e5aeaa627ba644f1a101516334fa5a2b263c192ba710bc?s=96&d=mm&r=g","url":"https:\/\/secure.gravatar.com\/avatar\/a440539fd479fe3447e5aeaa627ba644f1a101516334fa5a2b263c192ba710bc?s=96&d=mm&r=g","contentUrl":"https:\/\/secure.gravatar.com\/avatar\/a440539fd479fe3447e5aeaa627ba644f1a101516334fa5a2b263c192ba710bc?s=96&d=mm&r=g","caption":"Danillo Rocha"},"description":"Danillo Rocha \u00e9 CEO e fundador do EmpresAqui, plataforma de intelig\u00eancia de mercado e gera\u00e7\u00e3o de leads B2B com mais de 300 mil usu\u00e1rios. Formado em Ci\u00eancia da Computa\u00e7\u00e3o, com especializa\u00e7\u00e3o em Softwares e Dados e Per\u00edcia Financeira, \u00e9 empreendedor em tecnologia e neg\u00f3cios B2B.","sameAs":["https:\/\/www.empresaqui.com.br\/","https:\/\/www.instagram.com\/danillorocha10","https:\/\/www.instagram.com\/danillorocha"],"url":"https:\/\/www.empresaqui.com.br\/blog\/author\/danillo-rocha\/"}]}},"uagb_featured_image_src":{"full":false,"thumbnail":false,"medium":false,"medium_large":false,"large":false,"1536x1536":false,"2048x2048":false},"uagb_author_info":{"display_name":"Danillo Rocha","author_link":"https:\/\/www.empresaqui.com.br\/blog\/author\/danillo-rocha\/"},"uagb_comment_info":0,"uagb_excerpt":"Com equipes cada vez mais distribu\u00eddas e demandas din\u00e2micas, o desafio de manter todos alinhados, produtivos e engajados cresce exponencialmente. [&hellip;]","_links":{"self":[{"href":"https:\/\/www.empresaqui.com.br\/blog\/wp-json\/wp\/v2\/posts\/3779","targetHints":{"allow":["GET"]}}],"collection":[{"href":"https:\/\/www.empresaqui.com.br\/blog\/wp-json\/wp\/v2\/posts"}],"about":[{"href":"https:\/\/www.empresaqui.com.br\/blog\/wp-json\/wp\/v2\/types\/post"}],"author":[{"embeddable":true,"href":"https:\/\/www.empresaqui.com.br\/blog\/wp-json\/wp\/v2\/users\/8"}],"replies":[{"embeddable":true,"href":"https:\/\/www.empresaqui.com.br\/blog\/wp-json\/wp\/v2\/comments?post=3779"}],"version-history":[{"count":3,"href":"https:\/\/www.empresaqui.com.br\/blog\/wp-json\/wp\/v2\/posts\/3779\/revisions"}],"predecessor-version":[{"id":3789,"href":"https:\/\/www.empresaqui.com.br\/blog\/wp-json\/wp\/v2\/posts\/3779\/revisions\/3789"}],"wp:attachment":[{"href":"https:\/\/www.empresaqui.com.br\/blog\/wp-json\/wp\/v2\/media?parent=3779"}],"wp:term":[{"taxonomy":"category","embeddable":true,"href":"https:\/\/www.empresaqui.com.br\/blog\/wp-json\/wp\/v2\/categories?post=3779"},{"taxonomy":"post_tag","embeddable":true,"href":"https:\/\/www.empresaqui.com.br\/blog\/wp-json\/wp\/v2\/tags?post=3779"}],"curies":[{"name":"wp","href":"https:\/\/api.w.org\/{rel}","templated":true}]}}