{"id":3770,"date":"2024-12-19T12:59:32","date_gmt":"2024-12-19T15:59:32","guid":{"rendered":"https:\/\/www.empresaqui.com.br\/blog\/?p=3770"},"modified":"2024-12-20T10:59:11","modified_gmt":"2024-12-20T13:59:11","slug":"privacidade-de-dados","status":"publish","type":"post","link":"https:\/\/www.empresaqui.com.br\/blog\/privacidade-de-dados\/","title":{"rendered":"Entenda como a Privacidade de Dados \u00e9 uma gest\u00e3o segura de\u00a0informa\u00e7\u00f5es na era digital"},"content":{"rendered":"\n<p>A Privacidade de Dados refere-se a um assunto de grande destaque no cen\u00e1rio atual, haja vista que, com o advento da internet, as informa\u00e7\u00f5es pessoais est\u00e3o sendo, constantemente, coletadas, armazenadas e compartilhadas.&nbsp;<\/p>\n\n\n\n<p>Nesse vi\u00e9s, esse conceito abrange aspectos legais, como regulamenta\u00e7\u00f5es e leis, pr\u00e1ticas de seguran\u00e7as implementadas por empresas para garantir que as informa\u00e7\u00f5es n\u00e3o sejam acessadas e utilizadas indevidamente.&nbsp;<\/p>\n\n\n\n<p>Sendo assim, nos pr\u00f3ximos t\u00f3picos, iremos explorar um pouco mais sobre esse assunto, evidenciando sua import\u00e2ncia, aspectos legislativos e sua implementa\u00e7\u00e3o. Vamos entender melhor juntos.<\/p>\n\n\n\n<div id=\"ez-toc-container\" class=\"ez-toc-v2_0_81 ez-toc-wrap-left counter-hierarchy ez-toc-counter ez-toc-custom ez-toc-container-direction\">\n<div class=\"ez-toc-title-container\">\n<p class=\"ez-toc-title\" style=\"cursor:inherit\">Neste artigo voc\u00ea vai ver:<\/p>\n<span class=\"ez-toc-title-toggle\"><a href=\"#\" class=\"ez-toc-pull-right ez-toc-btn ez-toc-btn-xs ez-toc-btn-default ez-toc-toggle\" aria-label=\"Alternar tabela de conte\u00fado\"><span class=\"ez-toc-js-icon-con\"><span class=\"\"><span class=\"eztoc-hide\" style=\"display:none;\">Toggle<\/span><span class=\"ez-toc-icon-toggle-span\"><svg style=\"fill: #0066bf;color:#0066bf\" xmlns=\"http:\/\/www.w3.org\/2000\/svg\" class=\"list-377408\" width=\"20px\" height=\"20px\" viewBox=\"0 0 24 24\" fill=\"none\"><path d=\"M6 6H4v2h2V6zm14 0H8v2h12V6zM4 11h2v2H4v-2zm16 0H8v2h12v-2zM4 16h2v2H4v-2zm16 0H8v2h12v-2z\" fill=\"currentColor\"><\/path><\/svg><svg style=\"fill: #0066bf;color:#0066bf\" class=\"arrow-unsorted-368013\" xmlns=\"http:\/\/www.w3.org\/2000\/svg\" width=\"10px\" height=\"10px\" viewBox=\"0 0 24 24\" version=\"1.2\" baseProfile=\"tiny\"><path d=\"M18.2 9.3l-6.2-6.3-6.2 6.3c-.2.2-.3.4-.3.7s.1.5.3.7c.2.2.4.3.7.3h11c.3 0 .5-.1.7-.3.2-.2.3-.5.3-.7s-.1-.5-.3-.7zM5.8 14.7l6.2 6.3 6.2-6.3c.2-.2.3-.5.3-.7s-.1-.5-.3-.7c-.2-.2-.4-.3-.7-.3h-11c-.3 0-.5.1-.7.3-.2.2-.3.5-.3.7s.1.5.3.7z\"\/><\/svg><\/span><\/span><\/span><\/a><\/span><\/div>\n<nav><ul class='ez-toc-list ez-toc-list-level-1 ' ><li class='ez-toc-page-1 ez-toc-heading-level-2'><a class=\"ez-toc-link ez-toc-heading-1\" href=\"https:\/\/www.empresaqui.com.br\/blog\/privacidade-de-dados\/#O_que_e_Privacidade_de_Dados\" >O que \u00e9 Privacidade de Dados?<\/a><\/li><li class='ez-toc-page-1 ez-toc-heading-level-2'><a class=\"ez-toc-link ez-toc-heading-2\" href=\"https:\/\/www.empresaqui.com.br\/blog\/privacidade-de-dados\/#Qual_a_importancia_da_Privacidade_de_Dados\" >Qual a import\u00e2ncia da Privacidade de Dados?<\/a><\/li><li class='ez-toc-page-1 ez-toc-heading-level-2'><a class=\"ez-toc-link ez-toc-heading-3\" href=\"https:\/\/www.empresaqui.com.br\/blog\/privacidade-de-dados\/#O_que_a_legislacao_diz_sobre_Privacidade_de_Dados\" >O que a legisla\u00e7\u00e3o diz sobre Privacidade de Dados?<\/a><\/li><li class='ez-toc-page-1 ez-toc-heading-level-2'><a class=\"ez-toc-link ez-toc-heading-4\" href=\"https:\/\/www.empresaqui.com.br\/blog\/privacidade-de-dados\/#Como_garantir_a_Privacidade_de_Dados\" >Como garantir a Privacidade de Dados?<\/a><\/li><li class='ez-toc-page-1 ez-toc-heading-level-2'><a class=\"ez-toc-link ez-toc-heading-5\" href=\"https:\/\/www.empresaqui.com.br\/blog\/privacidade-de-dados\/#Gere_listas_de_empresas_personalizadas\" >Gere listas de empresas personalizadas!<\/a><\/li><\/ul><\/nav><\/div>\n<h2 class=\"wp-block-heading\"><span class=\"ez-toc-section\" id=\"O_que_e_Privacidade_de_Dados\"><\/span><strong>O que \u00e9 Privacidade de Dados?<\/strong><span class=\"ez-toc-section-end\"><\/span><\/h2>\n\n\n\n<p>A Privacidade de Dados \u00e9 o <strong>monitoramento de dados pelos usu\u00e1rios, os quais capazes de determinar como as suas informa\u00e7\u00f5es pessoais ser\u00e3o coletadas, utilizadas, compartilhadas e protegidas<\/strong>.&nbsp;<\/p>\n\n\n\n<p>Nesse sentido, o conceito ganhou relev\u00e2ncia com o crescimento exponencial da internet que trouxe a necessidade de proteger informa\u00e7\u00f5es coletadas e armazenadas por plataformas da web, como sites, aplicativos e softwares.&nbsp;<\/p>\n\n\n\n<p>Sendo assim, as informa\u00e7\u00f5es captadas pelas plataformas digitais incluem: nome, endere\u00e7o, n\u00famero de CPF, e-mail, telefone, localiza\u00e7\u00e3o, hist\u00f3rico de navega\u00e7\u00e3o, <em>cookies, <\/em>endere\u00e7o de IP.&nbsp;<\/p>\n\n\n\n<p>Dessa forma, \u00e9 fundamental que medidas de seguran\u00e7a eficazes sejam implementadas para garantir a privacidade e prote\u00e7\u00e3o das informa\u00e7\u00f5es e, com isso, evitar crimes cibern\u00e9ticos, como roubo e sequestro de dados.&nbsp;&nbsp;<\/p>\n\n\n\n<h2 class=\"wp-block-heading\"><span class=\"ez-toc-section\" id=\"Qual_a_importancia_da_Privacidade_de_Dados\"><\/span><strong>Qual a import\u00e2ncia da Privacidade de Dados?<\/strong><span class=\"ez-toc-section-end\"><\/span><\/h2>\n\n\n\n<p>A privacidade de dados \u00e9 importante para <strong>prevenir que as informa\u00e7\u00f5es de uma organiza\u00e7\u00e3o sejam alvo de atividades fraudulentas, ataques de hackers e roubo de identidade.&nbsp;<\/strong><\/p>\n\n\n\n<p>Nesse contexto, para que uma empresa opere de maneira eficiente, \u00e9 crucial adotar um plano s\u00f3lido de seguran\u00e7a da informa\u00e7\u00e3o, haja vista que falhas na prote\u00e7\u00e3o de dados podem resultar em s\u00e9rias consequ\u00eancias, como:&nbsp;<\/p>\n\n\n\n<ul class=\"wp-block-list\">\n<li>Exposi\u00e7\u00e3o de informa\u00e7\u00f5es confidenciais da empresa, funcion\u00e1rios e clientes;<\/li>\n\n\n\n<li>Comprometimento da imagem da organiza\u00e7\u00e3o devido ao uso inadequados dos dados;<\/li>\n\n\n\n<li>Penalidades legais por n\u00e3o conformidade com a legisla\u00e7\u00e3o;<\/li>\n\n\n\n<li>Assinaturas fraudulentas de documentos legais em decorr\u00eancia da utiliza\u00e7\u00e3o inadequada ou do compartilhamento impr\u00f3prio de certificados digitais.&nbsp;<\/li>\n<\/ul>\n\n\n\n<p>Sendo assim, \u00e9 fundamental assegurar a prote\u00e7\u00e3o das informa\u00e7\u00f5es e manter as estrat\u00e9gias de seguran\u00e7a constantemente atualizadas e em conformidade com as regulamenta\u00e7\u00f5es legais.&nbsp;<\/p>\n\n\n\n<p>Dessa maneira, adotando pr\u00e1ticas que promovam a privacidade de dados, as empresas conseguem preservar a confidencialidade, manter a integridade no armazenamento e garantir n\u00edveis adequados de acesso \u00e0s informa\u00e7\u00f5es.&nbsp;<\/p>\n\n\n\n<h2 class=\"wp-block-heading\"><span class=\"ez-toc-section\" id=\"O_que_a_legislacao_diz_sobre_Privacidade_de_Dados\"><\/span><strong>O que a legisla\u00e7\u00e3o diz sobre Privacidade de Dados?<\/strong><span class=\"ez-toc-section-end\"><\/span><\/h2>\n\n\n\n<p>A legisla\u00e7\u00e3o <strong>estabelece normas claras sobre Privacidade de Dados para a coleta, uso, armazenamento e prote\u00e7\u00e3o de informa\u00e7\u00f5es pessoais, <\/strong>visando garantir os direitos dos indiv\u00edduos em um ambiente cada vez mais digitalizado.<\/p>\n\n\n\n<p>Assim, entre as regulamenta\u00e7\u00f5es mais relevantes de privacidade de dados, destacam-se:&nbsp;<\/p>\n\n\n\n<h3 class=\"wp-block-heading\"><strong>GDPR<\/strong><\/h3>\n\n\n\n<p>A GDPR, sigla para <em>General Data Protection Regulation<\/em>, determina que o processamento de dados pelo operador seja conduzido por contrato ou outro recurso jur\u00eddico.&nbsp;<\/p>\n\n\n\n<p>Adicionalmente, a legisla\u00e7\u00e3o europeia exige que os gestores de dados implementem medidas t\u00e9cnicas para garantir que o processamento das informa\u00e7\u00f5es esteja em conformidade com a lei.&nbsp;<\/p>\n\n\n\n<p>Entre os principais pontos estabelecidos pela GDPR est\u00e3o:&nbsp;<\/p>\n\n\n\n<ul class=\"wp-block-list\">\n<li>O direito do cidad\u00e3o e usu\u00e1rio da internet de ser informado sobre quais dados est\u00e3o sendo coletados, bem como o prop\u00f3sito dessa coleta;<\/li>\n\n\n\n<li>A possibilita dos indiv\u00edduos solicitarem a exclus\u00e3o de suas informa\u00e7\u00f5es ou obter c\u00f3pias delas;<\/li>\n\n\n\n<li>Em caso de vazamento ou comprometimento dos dados, a empresa tem at\u00e9 72 horas para comunicar \u00e0s autoridades competentes;<\/li>\n\n\n\n<li>O descumprimento das normas pode resultar em multas de 20 a 40 milh\u00f5es de euros ou de 2% a 4% do faturamento da empresa;<\/li>\n\n\n\n<li>Todas as informa\u00e7\u00f5es devem ser protegidas, independente de sua natureza, abrangendo desde cookies at\u00e9 dados pessoais mais complexos.&nbsp;<\/li>\n<\/ul>\n\n\n\n<h3 class=\"wp-block-heading\"><strong>LGPD&nbsp;<\/strong><\/h3>\n\n\n\n<p>A <a href=\"https:\/\/www.empresaqui.com.br\/blog\/lei-geral-de-protecao-de-dados-lgpd\/\" target=\"_blank\" rel=\"noreferrer noopener\"><strong>LGPD<\/strong><\/a>, sigla para Lei Geral de Prote\u00e7\u00e3o de Dados, regula o tratamento de dados no ambiente f\u00edsico e digital, abrangendo as informa\u00e7\u00f5es sens\u00edveis de pessoas f\u00edsicas ou jur\u00eddicas e define os direitos dos titulares sobre seus dados pessoais.\u00a0<\/p>\n\n\n\n<p>Semelhante ao GDPR, a LGPD tamb\u00e9m determina que o processamento de informa\u00e7\u00f5es pode ser realizado por operadores, os quais devem assegurar que o uso dos dados coletados sejam previamente definidos junto aos seus titulares.&nbsp;<\/p>\n\n\n\n<p>Outro ponto importante \u00e9 que a lei exige o consentimento do titular para que a empresa possa armazenar ou transferir suas informa\u00e7\u00f5es.&nbsp;<\/p>\n\n\n\n<p>Nesse sentido, a Lei Geral de Prote\u00e7\u00e3o de Dados impede a utiliza\u00e7\u00e3o inadequada dos dados pessoais. Al\u00e9m disso, \u00e9 essencial que as organiza\u00e7\u00f5es ajustem suas pr\u00e1ticas e bases de dados para cumprir as exig\u00eancias estabelecidas pela lei.&nbsp;<\/p>\n\n\n\n<h2 class=\"wp-block-heading\"><span class=\"ez-toc-section\" id=\"Como_garantir_a_Privacidade_de_Dados\"><\/span><strong>Como garantir a Privacidade de Dados?<\/strong><span class=\"ez-toc-section-end\"><\/span><\/h2>\n\n\n\n<p>A garantia da privacidade de dados \u00e9 essencial para proteger informa\u00e7\u00f5es pessoais e sens\u00edveis, reduzindo o risco de viola\u00e7\u00f5es e utiliza\u00e7\u00e3o inadequada dos dados de empresas e usu\u00e1rios. Sendo assim, procure:&nbsp;<\/p>\n\n\n\n<h3 class=\"wp-block-heading\"><strong>1. Implementar recursos de seguran\u00e7a online<\/strong><\/h3>\n\n\n\n<p>Os sistemas de seguran\u00e7a atuam protegendo todas as atividades desempenhadas por uma organiza\u00e7\u00e3o empresarial, especialmente os dados coletados e armazenados por elas.&nbsp;<\/p>\n\n\n\n<p>Nesse sentido, \u00e9 fundamental investir em ferramentas de monitoramento, como o SSD e um firewall eficiente.&nbsp;<\/p>\n\n\n\n<h3 class=\"wp-block-heading\"><strong>2. Definir diretrizes para a utiliza\u00e7\u00e3o de dados<\/strong><\/h3>\n\n\n\n<p>Com a defini\u00e7\u00e3o de diretrizes internas, \u00e9 poss\u00edvel garantir maior prote\u00e7\u00e3o no gerenciamento e armazenamento de dados.&nbsp;<\/p>\n\n\n\n<p>Nesse sentido, sem orienta\u00e7\u00f5es claras sobre como os funcion\u00e1rios devem agir perante a seguran\u00e7a de dados, o risco de vazamento ou utiliza\u00e7\u00e3o inadequada aumentam.&nbsp;<\/p>\n\n\n\n<p>Dessa forma, \u00e9 essencial que o cuidado com os dados pessoais dos usu\u00e1rios seja resultante do esfor\u00e7o e responsabilidade dentro do ambiente empresarial.&nbsp;<\/p>\n\n\n\n<h3 class=\"wp-block-heading\"><strong>3. Estabelecer n\u00edveis de acessos internos mais rigorosos<\/strong>&nbsp;<\/h3>\n\n\n\n<p>Apesar das empresas apresentarem um processo bem estruturado para gerir os dados, o acesso \u00e0s informa\u00e7\u00f5es n\u00e3o deve ser liberado sem autoriza\u00e7\u00e3o.&nbsp;<\/p>\n\n\n\n<p>Sendo assim, \u00e9 necess\u00e1rio que os n\u00edveis de acesso sejam mais rigorosos, definindo os profissionais que podem manipular os dados e restringindo o acesso a tais informa\u00e7\u00f5es.&nbsp;<\/p>\n\n\n\n<h3 class=\"wp-block-heading\"><strong>4. Revisar as leis de prote\u00e7\u00e3o<\/strong><\/h3>\n\n\n\n<p>Compreender de maneira adequada as regulamenta\u00e7\u00f5es, a exemplo da GDPR e da LGPD, \u00e9 essencial para que as empresas sejam capazes de cumprir os requisitos impostos pela legisla\u00e7\u00e3o.&nbsp;<\/p>\n\n\n\n<p>Assim, devido \u00e0 complexidade da linguagem jur\u00eddica, \u00e9 essencial a presen\u00e7a de um profissional para revisar e transmitir de forma clara e objetiva \u00e0 equipe as informa\u00e7\u00f5es legislativas de privacidade de dados.<\/p>\n\n\n\n<div class=\"banner\">\n            <h2><span class=\"ez-toc-section\" id=\"Gere_listas_de_empresas_personalizadas\"><\/span>Gere listas de empresas personalizadas!<span class=\"ez-toc-section-end\"><\/span><\/h2>\n            <p>Cadastre-se gr\u00e1tis agora mesmo<\/p>\n            <div class=\"bottom-banner\">\n                <img decoding=\"async\" src=\"https:\/\/www.empresaqui.com.br\/blog\/wp-content\/uploads\/2021\/11\/AdminLTELogo.png\" alt=\"Seu Logotipo\" class=\"logo\">\n                <a href=\"https:\/\/www.empresaqui.com.br\/plano-gratuito?utm_source=blog&amp;utm_medium=banner&amp;utm_campaign=CTA-GRATUITO-HTML\" class=\"cta-button-banner\">Teste aqui agora<\/a>\n            <\/div>\n        <\/div>\n\n        <style>\n            .bottom-banner{\n                display: flex;\n                justify-content: center;\n                align-items: center;\n            }\n            .bottom-banner img{\n                width: 3rem !important;\n                height: 3rem !important;\n                margin-right: 1rem;\n            }\n            .banner h2{\n                font-family: Arial, sans-serif;\n                color: #fff !important;\n            }\n            .banner p{\n                font-family: Arial, sans-serif;\n            }\n            .banner {\n                background:#001E40;\n                color: #FFFFFF;\n                text-align: center;\n                padding: 20px;\n            }\n            .cta-button-banner {\n                display: inline-block;\n                background-color: #0CFFFB;\n                color: #000;\n                border: none;\n                padding: 1px 15px;\n                font-size: 14px;\n                font-family: sans-serif;\n                font-weight: 700;\n                border-radius: 21px;\n                cursor: pointer;\n                transition: background-color 0.3s ease;\n                text-decoration: none;\n            }\n\n            @media (max-width: 767px) {\n                .banner h2{\n                    font-size:20px;\n                }\n                .cta-button-banner {\n                    padding: 1px 15px;\n                    font-size: 12px;\n                }\n\n            }\n        <\/style>\n    \n\n","protected":false},"excerpt":{"rendered":"<p>A Privacidade de Dados refere-se a um assunto de grande destaque no cen\u00e1rio atual, haja vista que, com o advento [&hellip;]<\/p>\n","protected":false},"author":9,"featured_media":0,"comment_status":"closed","ping_status":"closed","sticky":false,"template":"","format":"standard","meta":{"_acf_changed":false,"_uag_custom_page_level_css":"","site-sidebar-layout":"default","site-content-layout":"","ast-site-content-layout":"default","site-content-style":"default","site-sidebar-style":"default","ast-global-header-display":"","ast-banner-title-visibility":"","ast-main-header-display":"","ast-hfb-above-header-display":"","ast-hfb-below-header-display":"","ast-hfb-mobile-header-display":"","site-post-title":"","ast-breadcrumbs-content":"","ast-featured-img":"","footer-sml-layout":"","theme-transparent-header-meta":"","adv-header-id-meta":"","stick-header-meta":"","header-above-stick-meta":"","header-main-stick-meta":"","header-below-stick-meta":"","astra-migrate-meta-layouts":"default","ast-page-background-enabled":"default","ast-page-background-meta":{"desktop":{"background-color":"var(--ast-global-color-4)","background-image":"","background-repeat":"repeat","background-position":"center center","background-size":"auto","background-attachment":"scroll","background-type":"","background-media":"","overlay-type":"","overlay-color":"","overlay-opacity":"","overlay-gradient":""},"tablet":{"background-color":"","background-image":"","background-repeat":"repeat","background-position":"center center","background-size":"auto","background-attachment":"scroll","background-type":"","background-media":"","overlay-type":"","overlay-color":"","overlay-opacity":"","overlay-gradient":""},"mobile":{"background-color":"","background-image":"","background-repeat":"repeat","background-position":"center center","background-size":"auto","background-attachment":"scroll","background-type":"","background-media":"","overlay-type":"","overlay-color":"","overlay-opacity":"","overlay-gradient":""}},"ast-content-background-meta":{"desktop":{"background-color":"var(--ast-global-color-5)","background-image":"","background-repeat":"repeat","background-position":"center center","background-size":"auto","background-attachment":"scroll","background-type":"","background-media":"","overlay-type":"","overlay-color":"","overlay-opacity":"","overlay-gradient":""},"tablet":{"background-color":"var(--ast-global-color-5)","background-image":"","background-repeat":"repeat","background-position":"center center","background-size":"auto","background-attachment":"scroll","background-type":"","background-media":"","overlay-type":"","overlay-color":"","overlay-opacity":"","overlay-gradient":""},"mobile":{"background-color":"var(--ast-global-color-5)","background-image":"","background-repeat":"repeat","background-position":"center center","background-size":"auto","background-attachment":"scroll","background-type":"","background-media":"","overlay-type":"","overlay-color":"","overlay-opacity":"","overlay-gradient":""}},"footnotes":""},"categories":[34],"tags":[],"class_list":["post-3770","post","type-post","status-publish","format-standard","hentry","category-contabilidade-legislacao"],"acf":[],"yoast_head":"<!-- This site is optimized with the Yoast SEO plugin v27.4 - https:\/\/yoast.com\/product\/yoast-seo-wordpress\/ -->\n<title>Privacidade de Dados: o que \u00e9, import\u00e2ncia e como aplicar<\/title>\n<meta name=\"description\" content=\"Descubra como a Privacidade de Dados assegura prote\u00e7\u00e3o e confidencialidade de informa\u00e7\u00f5es pessoais na era digital, garantir seguran\u00e7a e conformidade com as leis\" \/>\n<meta name=\"robots\" content=\"index, follow, max-snippet:-1, max-image-preview:large, max-video-preview:-1\" \/>\n<link rel=\"canonical\" href=\"https:\/\/www.empresaqui.com.br\/blog\/privacidade-de-dados\/\" \/>\n<meta property=\"og:locale\" content=\"pt_BR\" \/>\n<meta property=\"og:type\" content=\"article\" \/>\n<meta property=\"og:title\" content=\"Privacidade de Dados: o que \u00e9, import\u00e2ncia e como aplicar\" \/>\n<meta property=\"og:description\" content=\"Descubra como a Privacidade de Dados assegura prote\u00e7\u00e3o e confidencialidade de informa\u00e7\u00f5es pessoais na era digital, garantir seguran\u00e7a e conformidade com as leis\" \/>\n<meta property=\"og:url\" content=\"https:\/\/www.empresaqui.com.br\/blog\/privacidade-de-dados\/\" \/>\n<meta property=\"og:site_name\" content=\"Blog EmpresAqui\" \/>\n<meta property=\"article:publisher\" content=\"https:\/\/www.facebook.com\/empresaquibr\" \/>\n<meta property=\"article:published_time\" content=\"2024-12-19T15:59:32+00:00\" \/>\n<meta property=\"article:modified_time\" content=\"2024-12-20T13:59:11+00:00\" \/>\n<meta name=\"author\" content=\"Pedro de Castro\" \/>\n<meta name=\"twitter:card\" content=\"summary_large_image\" \/>\n<meta name=\"twitter:label1\" content=\"Escrito por\" \/>\n\t<meta name=\"twitter:data1\" content=\"Pedro de Castro\" \/>\n\t<meta name=\"twitter:label2\" content=\"Est. tempo de leitura\" \/>\n\t<meta name=\"twitter:data2\" content=\"6 minutos\" \/>\n<script type=\"application\/ld+json\" class=\"yoast-schema-graph\">{\"@context\":\"https:\\\/\\\/schema.org\",\"@graph\":[{\"@type\":\"Article\",\"@id\":\"https:\\\/\\\/www.empresaqui.com.br\\\/blog\\\/privacidade-de-dados\\\/#article\",\"isPartOf\":{\"@id\":\"https:\\\/\\\/www.empresaqui.com.br\\\/blog\\\/privacidade-de-dados\\\/\"},\"author\":{\"name\":\"Pedro de Castro\",\"@id\":\"https:\\\/\\\/www.empresaqui.com.br\\\/blog\\\/#\\\/schema\\\/person\\\/c47351a5cbdb107cc321e811cb2e5d3e\"},\"headline\":\"Entenda como a Privacidade de Dados \u00e9 uma gest\u00e3o segura de\u00a0informa\u00e7\u00f5es na era digital\",\"datePublished\":\"2024-12-19T15:59:32+00:00\",\"dateModified\":\"2024-12-20T13:59:11+00:00\",\"mainEntityOfPage\":{\"@id\":\"https:\\\/\\\/www.empresaqui.com.br\\\/blog\\\/privacidade-de-dados\\\/\"},\"wordCount\":1130,\"publisher\":{\"@id\":\"https:\\\/\\\/www.empresaqui.com.br\\\/blog\\\/#organization\"},\"articleSection\":[\"Legisla\u00e7\u00e3o\"],\"inLanguage\":\"pt-BR\"},{\"@type\":\"WebPage\",\"@id\":\"https:\\\/\\\/www.empresaqui.com.br\\\/blog\\\/privacidade-de-dados\\\/\",\"url\":\"https:\\\/\\\/www.empresaqui.com.br\\\/blog\\\/privacidade-de-dados\\\/\",\"name\":\"Privacidade de Dados: o que \u00e9, import\u00e2ncia e como aplicar\",\"isPartOf\":{\"@id\":\"https:\\\/\\\/www.empresaqui.com.br\\\/blog\\\/#website\"},\"datePublished\":\"2024-12-19T15:59:32+00:00\",\"dateModified\":\"2024-12-20T13:59:11+00:00\",\"description\":\"Descubra como a Privacidade de Dados assegura prote\u00e7\u00e3o e confidencialidade de informa\u00e7\u00f5es pessoais na era digital, garantir seguran\u00e7a e conformidade com as leis\",\"breadcrumb\":{\"@id\":\"https:\\\/\\\/www.empresaqui.com.br\\\/blog\\\/privacidade-de-dados\\\/#breadcrumb\"},\"inLanguage\":\"pt-BR\",\"potentialAction\":[{\"@type\":\"ReadAction\",\"target\":[\"https:\\\/\\\/www.empresaqui.com.br\\\/blog\\\/privacidade-de-dados\\\/\"]}]},{\"@type\":\"BreadcrumbList\",\"@id\":\"https:\\\/\\\/www.empresaqui.com.br\\\/blog\\\/privacidade-de-dados\\\/#breadcrumb\",\"itemListElement\":[{\"@type\":\"ListItem\",\"position\":1,\"name\":\"In\u00edcio\",\"item\":\"https:\\\/\\\/www.empresaqui.com.br\\\/blog\\\/\"},{\"@type\":\"ListItem\",\"position\":2,\"name\":\"Legisla\u00e7\u00e3o\",\"item\":\"https:\\\/\\\/www.empresaqui.com.br\\\/blog\\\/category\\\/contabilidade-legislacao\\\/\"},{\"@type\":\"ListItem\",\"position\":3,\"name\":\"Entenda como a Privacidade de Dados \u00e9 uma gest\u00e3o segura de\u00a0informa\u00e7\u00f5es na era digital\"}]},{\"@type\":\"WebSite\",\"@id\":\"https:\\\/\\\/www.empresaqui.com.br\\\/blog\\\/#website\",\"url\":\"https:\\\/\\\/www.empresaqui.com.br\\\/blog\\\/\",\"name\":\"Blog EmpresAqui\",\"description\":\"\",\"publisher\":{\"@id\":\"https:\\\/\\\/www.empresaqui.com.br\\\/blog\\\/#organization\"},\"potentialAction\":[{\"@type\":\"SearchAction\",\"target\":{\"@type\":\"EntryPoint\",\"urlTemplate\":\"https:\\\/\\\/www.empresaqui.com.br\\\/blog\\\/?s={search_term_string}\"},\"query-input\":{\"@type\":\"PropertyValueSpecification\",\"valueRequired\":true,\"valueName\":\"search_term_string\"}}],\"inLanguage\":\"pt-BR\"},{\"@type\":\"Organization\",\"@id\":\"https:\\\/\\\/www.empresaqui.com.br\\\/blog\\\/#organization\",\"name\":\"EmpresAqui\",\"url\":\"https:\\\/\\\/www.empresaqui.com.br\\\/blog\\\/\",\"logo\":{\"@type\":\"ImageObject\",\"inLanguage\":\"pt-BR\",\"@id\":\"https:\\\/\\\/www.empresaqui.com.br\\\/blog\\\/#\\\/schema\\\/logo\\\/image\\\/\",\"url\":\"https:\\\/\\\/www.empresaqui.com.br\\\/blog\\\/wp-content\\\/uploads\\\/2023\\\/02\\\/cropped-cropped-AdminLTELogo-2-1-1.png\",\"contentUrl\":\"https:\\\/\\\/www.empresaqui.com.br\\\/blog\\\/wp-content\\\/uploads\\\/2023\\\/02\\\/cropped-cropped-AdminLTELogo-2-1-1.png\",\"width\":100,\"height\":100,\"caption\":\"EmpresAqui\"},\"image\":{\"@id\":\"https:\\\/\\\/www.empresaqui.com.br\\\/blog\\\/#\\\/schema\\\/logo\\\/image\\\/\"},\"sameAs\":[\"https:\\\/\\\/www.facebook.com\\\/empresaquibr\",\"https:\\\/\\\/www.instagram.com\\\/empresaqui\"]},{\"@type\":\"Person\",\"@id\":\"https:\\\/\\\/www.empresaqui.com.br\\\/blog\\\/#\\\/schema\\\/person\\\/c47351a5cbdb107cc321e811cb2e5d3e\",\"name\":\"Pedro de Castro\",\"image\":{\"@type\":\"ImageObject\",\"inLanguage\":\"pt-BR\",\"@id\":\"https:\\\/\\\/secure.gravatar.com\\\/avatar\\\/c8ce0b507b50074c2b63c97a0024c2a93430dacf0bbaaa23e96b9f6b7b690b0b?s=96&d=mm&r=g\",\"url\":\"https:\\\/\\\/secure.gravatar.com\\\/avatar\\\/c8ce0b507b50074c2b63c97a0024c2a93430dacf0bbaaa23e96b9f6b7b690b0b?s=96&d=mm&r=g\",\"contentUrl\":\"https:\\\/\\\/secure.gravatar.com\\\/avatar\\\/c8ce0b507b50074c2b63c97a0024c2a93430dacf0bbaaa23e96b9f6b7b690b0b?s=96&d=mm&r=g\",\"caption\":\"Pedro de Castro\"},\"description\":\"Analista Jr. de SEO e Marketing Digital\",\"url\":\"https:\\\/\\\/www.empresaqui.com.br\\\/blog\\\/author\\\/pedro-castro\\\/\"}]}<\/script>\n<!-- \/ Yoast SEO plugin. -->","yoast_head_json":{"title":"Privacidade de Dados: o que \u00e9, import\u00e2ncia e como aplicar","description":"Descubra como a Privacidade de Dados assegura prote\u00e7\u00e3o e confidencialidade de informa\u00e7\u00f5es pessoais na era digital, garantir seguran\u00e7a e conformidade com as leis","robots":{"index":"index","follow":"follow","max-snippet":"max-snippet:-1","max-image-preview":"max-image-preview:large","max-video-preview":"max-video-preview:-1"},"canonical":"https:\/\/www.empresaqui.com.br\/blog\/privacidade-de-dados\/","og_locale":"pt_BR","og_type":"article","og_title":"Privacidade de Dados: o que \u00e9, import\u00e2ncia e como aplicar","og_description":"Descubra como a Privacidade de Dados assegura prote\u00e7\u00e3o e confidencialidade de informa\u00e7\u00f5es pessoais na era digital, garantir seguran\u00e7a e conformidade com as leis","og_url":"https:\/\/www.empresaqui.com.br\/blog\/privacidade-de-dados\/","og_site_name":"Blog EmpresAqui","article_publisher":"https:\/\/www.facebook.com\/empresaquibr","article_published_time":"2024-12-19T15:59:32+00:00","article_modified_time":"2024-12-20T13:59:11+00:00","author":"Pedro de Castro","twitter_card":"summary_large_image","twitter_misc":{"Escrito por":"Pedro de Castro","Est. tempo de leitura":"6 minutos"},"schema":{"@context":"https:\/\/schema.org","@graph":[{"@type":"Article","@id":"https:\/\/www.empresaqui.com.br\/blog\/privacidade-de-dados\/#article","isPartOf":{"@id":"https:\/\/www.empresaqui.com.br\/blog\/privacidade-de-dados\/"},"author":{"name":"Pedro de Castro","@id":"https:\/\/www.empresaqui.com.br\/blog\/#\/schema\/person\/c47351a5cbdb107cc321e811cb2e5d3e"},"headline":"Entenda como a Privacidade de Dados \u00e9 uma gest\u00e3o segura de\u00a0informa\u00e7\u00f5es na era digital","datePublished":"2024-12-19T15:59:32+00:00","dateModified":"2024-12-20T13:59:11+00:00","mainEntityOfPage":{"@id":"https:\/\/www.empresaqui.com.br\/blog\/privacidade-de-dados\/"},"wordCount":1130,"publisher":{"@id":"https:\/\/www.empresaqui.com.br\/blog\/#organization"},"articleSection":["Legisla\u00e7\u00e3o"],"inLanguage":"pt-BR"},{"@type":"WebPage","@id":"https:\/\/www.empresaqui.com.br\/blog\/privacidade-de-dados\/","url":"https:\/\/www.empresaqui.com.br\/blog\/privacidade-de-dados\/","name":"Privacidade de Dados: o que \u00e9, import\u00e2ncia e como aplicar","isPartOf":{"@id":"https:\/\/www.empresaqui.com.br\/blog\/#website"},"datePublished":"2024-12-19T15:59:32+00:00","dateModified":"2024-12-20T13:59:11+00:00","description":"Descubra como a Privacidade de Dados assegura prote\u00e7\u00e3o e confidencialidade de informa\u00e7\u00f5es pessoais na era digital, garantir seguran\u00e7a e conformidade com as leis","breadcrumb":{"@id":"https:\/\/www.empresaqui.com.br\/blog\/privacidade-de-dados\/#breadcrumb"},"inLanguage":"pt-BR","potentialAction":[{"@type":"ReadAction","target":["https:\/\/www.empresaqui.com.br\/blog\/privacidade-de-dados\/"]}]},{"@type":"BreadcrumbList","@id":"https:\/\/www.empresaqui.com.br\/blog\/privacidade-de-dados\/#breadcrumb","itemListElement":[{"@type":"ListItem","position":1,"name":"In\u00edcio","item":"https:\/\/www.empresaqui.com.br\/blog\/"},{"@type":"ListItem","position":2,"name":"Legisla\u00e7\u00e3o","item":"https:\/\/www.empresaqui.com.br\/blog\/category\/contabilidade-legislacao\/"},{"@type":"ListItem","position":3,"name":"Entenda como a Privacidade de Dados \u00e9 uma gest\u00e3o segura de\u00a0informa\u00e7\u00f5es na era digital"}]},{"@type":"WebSite","@id":"https:\/\/www.empresaqui.com.br\/blog\/#website","url":"https:\/\/www.empresaqui.com.br\/blog\/","name":"Blog EmpresAqui","description":"","publisher":{"@id":"https:\/\/www.empresaqui.com.br\/blog\/#organization"},"potentialAction":[{"@type":"SearchAction","target":{"@type":"EntryPoint","urlTemplate":"https:\/\/www.empresaqui.com.br\/blog\/?s={search_term_string}"},"query-input":{"@type":"PropertyValueSpecification","valueRequired":true,"valueName":"search_term_string"}}],"inLanguage":"pt-BR"},{"@type":"Organization","@id":"https:\/\/www.empresaqui.com.br\/blog\/#organization","name":"EmpresAqui","url":"https:\/\/www.empresaqui.com.br\/blog\/","logo":{"@type":"ImageObject","inLanguage":"pt-BR","@id":"https:\/\/www.empresaqui.com.br\/blog\/#\/schema\/logo\/image\/","url":"https:\/\/www.empresaqui.com.br\/blog\/wp-content\/uploads\/2023\/02\/cropped-cropped-AdminLTELogo-2-1-1.png","contentUrl":"https:\/\/www.empresaqui.com.br\/blog\/wp-content\/uploads\/2023\/02\/cropped-cropped-AdminLTELogo-2-1-1.png","width":100,"height":100,"caption":"EmpresAqui"},"image":{"@id":"https:\/\/www.empresaqui.com.br\/blog\/#\/schema\/logo\/image\/"},"sameAs":["https:\/\/www.facebook.com\/empresaquibr","https:\/\/www.instagram.com\/empresaqui"]},{"@type":"Person","@id":"https:\/\/www.empresaqui.com.br\/blog\/#\/schema\/person\/c47351a5cbdb107cc321e811cb2e5d3e","name":"Pedro de Castro","image":{"@type":"ImageObject","inLanguage":"pt-BR","@id":"https:\/\/secure.gravatar.com\/avatar\/c8ce0b507b50074c2b63c97a0024c2a93430dacf0bbaaa23e96b9f6b7b690b0b?s=96&d=mm&r=g","url":"https:\/\/secure.gravatar.com\/avatar\/c8ce0b507b50074c2b63c97a0024c2a93430dacf0bbaaa23e96b9f6b7b690b0b?s=96&d=mm&r=g","contentUrl":"https:\/\/secure.gravatar.com\/avatar\/c8ce0b507b50074c2b63c97a0024c2a93430dacf0bbaaa23e96b9f6b7b690b0b?s=96&d=mm&r=g","caption":"Pedro de Castro"},"description":"Analista Jr. de SEO e Marketing Digital","url":"https:\/\/www.empresaqui.com.br\/blog\/author\/pedro-castro\/"}]}},"uagb_featured_image_src":{"full":false,"thumbnail":false,"medium":false,"medium_large":false,"large":false,"1536x1536":false,"2048x2048":false},"uagb_author_info":{"display_name":"Pedro de Castro","author_link":"https:\/\/www.empresaqui.com.br\/blog\/author\/pedro-castro\/"},"uagb_comment_info":0,"uagb_excerpt":"A Privacidade de Dados refere-se a um assunto de grande destaque no cen\u00e1rio atual, haja vista que, com o advento [&hellip;]","_links":{"self":[{"href":"https:\/\/www.empresaqui.com.br\/blog\/wp-json\/wp\/v2\/posts\/3770","targetHints":{"allow":["GET"]}}],"collection":[{"href":"https:\/\/www.empresaqui.com.br\/blog\/wp-json\/wp\/v2\/posts"}],"about":[{"href":"https:\/\/www.empresaqui.com.br\/blog\/wp-json\/wp\/v2\/types\/post"}],"author":[{"embeddable":true,"href":"https:\/\/www.empresaqui.com.br\/blog\/wp-json\/wp\/v2\/users\/9"}],"replies":[{"embeddable":true,"href":"https:\/\/www.empresaqui.com.br\/blog\/wp-json\/wp\/v2\/comments?post=3770"}],"version-history":[{"count":3,"href":"https:\/\/www.empresaqui.com.br\/blog\/wp-json\/wp\/v2\/posts\/3770\/revisions"}],"predecessor-version":[{"id":3794,"href":"https:\/\/www.empresaqui.com.br\/blog\/wp-json\/wp\/v2\/posts\/3770\/revisions\/3794"}],"wp:attachment":[{"href":"https:\/\/www.empresaqui.com.br\/blog\/wp-json\/wp\/v2\/media?parent=3770"}],"wp:term":[{"taxonomy":"category","embeddable":true,"href":"https:\/\/www.empresaqui.com.br\/blog\/wp-json\/wp\/v2\/categories?post=3770"},{"taxonomy":"post_tag","embeddable":true,"href":"https:\/\/www.empresaqui.com.br\/blog\/wp-json\/wp\/v2\/tags?post=3770"}],"curies":[{"name":"wp","href":"https:\/\/api.w.org\/{rel}","templated":true}]}}