{"id":3634,"date":"2024-11-14T14:08:02","date_gmt":"2024-11-14T17:08:02","guid":{"rendered":"https:\/\/www.empresaqui.com.br\/blog\/?p=3634"},"modified":"2025-04-16T17:21:36","modified_gmt":"2025-04-16T20:21:36","slug":"o-que-e-gestao-empresarial","status":"publish","type":"post","link":"https:\/\/www.empresaqui.com.br\/blog\/o-que-e-gestao-empresarial\/","title":{"rendered":"Entenda o que \u00e9 Gest\u00e3o Empresarial e as melhores pr\u00e1ticas para o seu neg\u00f3cio"},"content":{"rendered":"\n<p>A gest\u00e3o empresarial \u00e9 o pilar que sustenta o funcionamento e o crescimento de qualquer organiza\u00e7\u00e3o, permitindo que ela se adapte e prospere em um mercado em constante transforma\u00e7\u00e3o.<\/p>\n\n\n\n<p>Al\u00e9m disso, uma boa gest\u00e3o empresarial \u00e9 capaz de impulsionar a produtividade, melhorar a comunica\u00e7\u00e3o interna e criar uma cultura organizacional s\u00f3lida, onde todos os colaboradores trabalham em sinergia.&nbsp;<\/p>\n\n\n\n<p>Para enfrentar os desafios do mercado atual, gestores precisam desenvolver uma vis\u00e3o estrat\u00e9gica e adapt\u00e1vel, utilizando ferramentas e t\u00e9cnicas modernas que ajudam a otimizar processos e a tomar decis\u00f5es embasadas em dados.<\/p>\n\n\n\n<div id=\"ez-toc-container\" class=\"ez-toc-v2_0_81 ez-toc-wrap-left counter-hierarchy ez-toc-counter ez-toc-custom ez-toc-container-direction\">\n<div class=\"ez-toc-title-container\">\n<p class=\"ez-toc-title\" style=\"cursor:inherit\">Neste artigo voc\u00ea vai ver:<\/p>\n<span class=\"ez-toc-title-toggle\"><a href=\"#\" class=\"ez-toc-pull-right ez-toc-btn ez-toc-btn-xs ez-toc-btn-default ez-toc-toggle\" aria-label=\"Alternar tabela de conte\u00fado\"><span class=\"ez-toc-js-icon-con\"><span class=\"\"><span class=\"eztoc-hide\" style=\"display:none;\">Toggle<\/span><span class=\"ez-toc-icon-toggle-span\"><svg style=\"fill: #0066bf;color:#0066bf\" xmlns=\"http:\/\/www.w3.org\/2000\/svg\" class=\"list-377408\" width=\"20px\" height=\"20px\" viewBox=\"0 0 24 24\" fill=\"none\"><path d=\"M6 6H4v2h2V6zm14 0H8v2h12V6zM4 11h2v2H4v-2zm16 0H8v2h12v-2zM4 16h2v2H4v-2zm16 0H8v2h12v-2z\" fill=\"currentColor\"><\/path><\/svg><svg style=\"fill: #0066bf;color:#0066bf\" class=\"arrow-unsorted-368013\" xmlns=\"http:\/\/www.w3.org\/2000\/svg\" width=\"10px\" height=\"10px\" viewBox=\"0 0 24 24\" version=\"1.2\" baseProfile=\"tiny\"><path d=\"M18.2 9.3l-6.2-6.3-6.2 6.3c-.2.2-.3.4-.3.7s.1.5.3.7c.2.2.4.3.7.3h11c.3 0 .5-.1.7-.3.2-.2.3-.5.3-.7s-.1-.5-.3-.7zM5.8 14.7l6.2 6.3 6.2-6.3c.2-.2.3-.5.3-.7s-.1-.5-.3-.7c-.2-.2-.4-.3-.7-.3h-11c-.3 0-.5.1-.7.3-.2.2-.3.5-.3.7s.1.5.3.7z\"\/><\/svg><\/span><\/span><\/span><\/a><\/span><\/div>\n<nav><ul class='ez-toc-list ez-toc-list-level-1 ' ><li class='ez-toc-page-1 ez-toc-heading-level-2'><a class=\"ez-toc-link ez-toc-heading-1\" href=\"https:\/\/www.empresaqui.com.br\/blog\/o-que-e-gestao-empresarial\/#O_que_e_Gestao_Empresarial\" >O que \u00e9 Gest\u00e3o Empresarial?<\/a><\/li><li class='ez-toc-page-1 ez-toc-heading-level-2'><a class=\"ez-toc-link ez-toc-heading-2\" href=\"https:\/\/www.empresaqui.com.br\/blog\/o-que-e-gestao-empresarial\/#Ebook_A_Arte_das_Vendas_B2B\" >Ebook A Arte das Vendas B2B<\/a><\/li><li class='ez-toc-page-1 ez-toc-heading-level-2'><a class=\"ez-toc-link ez-toc-heading-3\" href=\"https:\/\/www.empresaqui.com.br\/blog\/o-que-e-gestao-empresarial\/#4_Funcoes_da_Gestao_Empresarial\" >4 Fun\u00e7\u00f5es da Gest\u00e3o Empresarial<\/a><\/li><li class='ez-toc-page-1 ez-toc-heading-level-2'><a class=\"ez-toc-link ez-toc-heading-4\" href=\"https:\/\/www.empresaqui.com.br\/blog\/o-que-e-gestao-empresarial\/#Estilos_de_lideranca_na_Gestao_Empresarial\" >Estilos de lideran\u00e7a na Gest\u00e3o Empresarial<\/a><\/li><li class='ez-toc-page-1 ez-toc-heading-level-2'><a class=\"ez-toc-link ez-toc-heading-5\" href=\"https:\/\/www.empresaqui.com.br\/blog\/o-que-e-gestao-empresarial\/#Melhores_praticas_em_Gestao_Empresarial\" >Melhores pr\u00e1ticas em Gest\u00e3o Empresarial<\/a><\/li><li class='ez-toc-page-1 ez-toc-heading-level-2'><a class=\"ez-toc-link ez-toc-heading-6\" href=\"https:\/\/www.empresaqui.com.br\/blog\/o-que-e-gestao-empresarial\/#Desafios_da_Gestao_Empresarial\" >Desafios da Gest\u00e3o Empresarial<\/a><\/li><li class='ez-toc-page-1 ez-toc-heading-level-2'><a class=\"ez-toc-link ez-toc-heading-7\" href=\"https:\/\/www.empresaqui.com.br\/blog\/o-que-e-gestao-empresarial\/#Gere_listas_de_empresas_personalizadas\" >Gere listas de empresas personalizadas!<\/a><\/li><\/ul><\/nav><\/div>\n<h2 class=\"wp-block-heading\"><span class=\"ez-toc-section\" id=\"O_que_e_Gestao_Empresarial\"><\/span><strong>O que \u00e9 Gest\u00e3o Empresarial?<\/strong><span class=\"ez-toc-section-end\"><\/span><\/h2>\n\n\n\n<p>A gest\u00e3o empresarial pode ser definida como o<strong> conjunto de atividades que visam planejar, organizar, liderar e controlar os recursos de uma organiza\u00e7\u00e3o<\/strong>.&nbsp;<\/p>\n\n\n\n<p>Esses recursos podem incluir pessoas, capital financeiro, tecnologia, processos e informa\u00e7\u00f5es.&nbsp;<\/p>\n\n\n\n<p>O objetivo da gest\u00e3o \u00e9 maximizar a efici\u00eancia e a efic\u00e1cia das opera\u00e7\u00f5es, garantindo que a empresa atinja seus objetivos e se mantenha competitiva no mercado.<\/p>\n\n\n\n<style>\n    body {\n        font-family: 'Montserrat', sans-serif;\n        margin: 0;\n        padding: 0;\n        background-color: #F4F4F4;\n    }\n    .cta-container {\n        display: flex;\n        flex-direction: column;\n        align-items: center;\n        justify-content: center;\n        background-color: #131763;\n        padding: 20px 5px;\n        color: white;\n        max-width: 1000px;\n        margin: 20px auto;\n    }\n    .linha-um {\n        display: flex;\n        flex-direction: row;\n        width: 100%;\n    }\n    .cta-image {\n        width: 100%;\n        display: flex;\n        justify-content: center;\n    }\n    .cta-image img {\n        height: auto;\n        width: 100%;\n    }\n    .cta-content {\n        width: 70%;\n        padding: 0px;\n        text-align: center;\n        margin-left: 10px;\n        margin-right: 10px;\n        display: flex;\n        justify-content: center;\n        flex-direction: column;\n    }\n    .cta-content h2 {\n        text-shadow:\n            0 0 5px rgba(0, 0, 0, 1);\n        font-size: 24px !important;\n        margin: 0 0 10px;\n        line-height: 1.2;\n        text-align: center;\n        color: white;\n    }\n    .cta-content p {\n        font-size: 15px;\n        text-align: center;\n    }\n    .animated-button {\n        color: #031844;\n        font-weight: bold;\n        font-size: 15px;\n        font-family: 'Montserrat', sans-serif;\n        padding: 2px 20px;\n        background-color: #0CFFFB;\n        border: 1px solid #000;\n        border-radius: 45px;\n        cursor: pointer;\n        transition: all 0.3s ease;\n        transform: scale(0.9);\n        opacity: 0;\n        animation: fadeInScale 0.5s ease forwards;\n        text-shadow:\n            0 0 5px rgba(0, 0, 0, 0.4);\n        text-decoration: none;\n        display: block;\n        margin: 0px auto;\n        width: fit-content;\n    }\n    .animated-button:hover {\n        background-color: #00E1FF;\n        transform: scale(1.05);\n    }\n    .animated-button:active {\n        background-color: #00B8D4;\n        transform: scale(0.95);\n    }\n    @keyframes fadeInScale {\n        0% {\n            transform: scale(0.9);\n            opacity: 0;\n        }\n        100% {\n            transform: scale(1);\n            opacity: 1;\n        }\n    }\n    @media (max-width: 768px) {\n        .cta-container {\n            flex-direction: column;\n            text-align: center;\n        }\n        .linha-um {\n            flex-direction: column;\n            align-items: center;\n        }\n        .cta-image {\n            width: 100%;\n            margin-bottom: 20px;\n        }\n        .cta-content {\n            width: 100%;\n            margin-left: 0;\n            margin-right: 0;\n        }\n        .animated-button {\n            margin-top: 5px;\n            padding: 12px 30px;\n        }\n    }\n<\/style>\n<div class=\"cta-container\">\n    <div class=\"linha-um\">\n        <div class=\"cta-image\">\n            <img decoding=\"async\" class=\"item\" loading=\"lazy\" src=\"https:\/\/empresaqui.com.br\/img\/Landing_Page_EBOOK.png\" alt=\"ebook\" id=\"ebook\">\n        <\/div>\n        <div class=\"cta-content\">\n            <h2><span class=\"ez-toc-section\" id=\"Ebook_A_Arte_das_Vendas_B2B\"><\/span>Ebook A Arte das Vendas B2B<span class=\"ez-toc-section-end\"><\/span><\/h2>\n            <p>Aprenda as estrat\u00e9gias mais eficazes para prospectar clientes, negociar contratos e construir relacionamentos s\u00f3lidos que geram resultados duradouros.<\/p>\n        <\/div>\n    <\/div>\n    <a href=\"https:\/\/empresaqui.com.br\/ebook-a-arte-das-vendas-b2b\" data-toggle=\"modal\" data-target=\"#ModalCarregando\" class=\"animated-button item\">BAIXE GRATUITAMENTE<\/a>\n<\/div>\n\n\n\n<h2 class=\"wp-block-heading\"><span class=\"ez-toc-section\" id=\"4_Funcoes_da_Gestao_Empresarial\"><\/span><strong>4 Fun\u00e7\u00f5es da Gest\u00e3o Empresarial<\/strong><span class=\"ez-toc-section-end\"><\/span><\/h2>\n\n\n\n<p>A gest\u00e3o empresarial \u00e9 composta por v\u00e1rias fun\u00e7\u00f5es essenciais, que juntas garantem o funcionamento harmonioso da organiza\u00e7\u00e3o. Vamos explorar 4 delas em detalhes.<\/p>\n\n\n\n<h3 class=\"wp-block-heading\"><strong>1. Planejamento<\/strong><\/h3>\n\n\n\n<p>O planejamento \u00e9 a primeira etapa do processo de gest\u00e3o empresarial e envolve a defini\u00e7\u00e3o dos objetivos e metas da empresa.&nbsp;<\/p>\n\n\n\n<p>Essa fase inclui a an\u00e1lise do ambiente interno e externo, a identifica\u00e7\u00e3o de oportunidades e amea\u00e7as, bem como a elabora\u00e7\u00e3o de estrat\u00e9gias para atingir os objetivos propostos.<\/p>\n\n\n\n<p>Um bom planejamento permite que a empresa esteja preparada para lidar com diferentes cen\u00e1rios e facilite a tomada de decis\u00f5es mais assertivas.<\/p>\n\n\n\n<p>\u00c9 importante que esse processo seja cont\u00ednuo e flex\u00edvel, adaptando-se \u00e0s mudan\u00e7as do mercado e \u00e0s novas demandas.<\/p>\n\n\n\n<h3 class=\"wp-block-heading\"><strong>2. Organiza\u00e7\u00e3o<\/strong><\/h3>\n\n\n\n<p>A organiza\u00e7\u00e3o envolve a estrutura\u00e7\u00e3o dos recursos da empresa para que as atividades sejam realizadas de maneira eficiente.&nbsp;<\/p>\n\n\n\n<p>Isso inclui a defini\u00e7\u00e3o de fun\u00e7\u00f5es, responsabilidades, hierarquias e a distribui\u00e7\u00e3o adequada de tarefas entre os membros da equipe.<\/p>\n\n\n\n<p>Uma empresa bem organizada \u00e9 capaz de otimizar o uso de seus recursos e reduzir desperd\u00edcios, o que contribui para a melhoria da produtividade e da qualidade dos produtos ou servi\u00e7os oferecidos.<\/p>\n\n\n\n<h3 class=\"wp-block-heading\"><strong>3. Dire\u00e7\u00e3o ou lideran\u00e7a<\/strong><\/h3>\n\n\n\n<p>A dire\u00e7\u00e3o ou lideran\u00e7a \u00e9 o processo de motivar, influenciar e guiar os colaboradores para alcan\u00e7ar os objetivos organizacionais.&nbsp;<\/p>\n\n\n\n<p>Envolve habilidades de comunica\u00e7\u00e3o, inspira\u00e7\u00e3o e gerenciamento de equipes, criando um ambiente de trabalho positivo e produtivo.<\/p>\n\n\n\n<p>Um bom l\u00edder \u00e9 capaz de reconhecer as necessidades de seus colaboradores e proporcionar um ambiente que incentive a inova\u00e7\u00e3o, o desenvolvimento pessoal e o trabalho em equipe.&nbsp;<\/p>\n\n\n\n<p>A lideran\u00e7a \u00e9 fundamental para o sucesso da gest\u00e3o empresarial, pois influencia diretamente o engajamento e a performance dos funcion\u00e1rios.<\/p>\n\n\n\n<h3 class=\"wp-block-heading\"><strong>4. Controle<\/strong><\/h3>\n\n\n\n<p>O controle \u00e9 a etapa em que a empresa avalia se as a\u00e7\u00f5es realizadas est\u00e3o em conformidade com os planos estabelecidos.&nbsp;<\/p>\n\n\n\n<p>Envolve o monitoramento dos resultados, a identifica\u00e7\u00e3o de desvios e a implementa\u00e7\u00e3o de a\u00e7\u00f5es corretivas, quando necess\u00e1rio.<\/p>\n\n\n\n<p>Essa fun\u00e7\u00e3o \u00e9 essencial para garantir que a empresa esteja no caminho certo para alcan\u00e7ar seus objetivos e possa ajustar suas estrat\u00e9gias em resposta \u00e0s mudan\u00e7as no ambiente interno e externo.<\/p>\n\n\n\n<h2 class=\"wp-block-heading\"><span class=\"ez-toc-section\" id=\"Estilos_de_lideranca_na_Gestao_Empresarial\"><\/span><strong>Estilos de lideran\u00e7a na Gest\u00e3o Empresarial<\/strong><span class=\"ez-toc-section-end\"><\/span><\/h2>\n\n\n\n<p>A lideran\u00e7a \u00e9 um elemento-chave na gest\u00e3o empresarial e pode assumir diferentes estilos, dependendo do perfil do l\u00edder e das necessidades da organiza\u00e7\u00e3o.&nbsp;<\/p>\n\n\n\n<p>A seguir, vamos explorar alguns dos principais estilos de lideran\u00e7a.<\/p>\n\n\n\n<ol class=\"wp-block-list\">\n<li><strong>Lideran\u00e7a autocr\u00e1tica<\/strong>: caracterizada pela centraliza\u00e7\u00e3o das decis\u00f5es nas m\u00e3os do l\u00edder, \u00e9 \u00fatil em situa\u00e7\u00f5es de crise ou que exigem controle e rapidez. Por\u00e9m, pode desmotivar a equipe se utilizada constantemente.<\/li>\n\n\n\n<li><strong>Lideran\u00e7a liberal<\/strong>: oferece mais autonomia aos colaboradores, permitindo que tomem decis\u00f5es e sejam criativos. \u00c9 recomendada para equipes experientes e independentes, onde o l\u00edder atua mais como facilitador.<\/li>\n\n\n\n<li><strong>Lideran\u00e7a coaching<\/strong>: focada no desenvolvimento individual, este estilo promove o crescimento profissional e o alinhamento entre os objetivos pessoais e empresariais, valorizando o potencial de cada colaborador.<\/li>\n\n\n\n<li><strong>Lideran\u00e7a transformacional<\/strong>: inspiradora e voltada para a inova\u00e7\u00e3o, a lideran\u00e7a transformacional promove mudan\u00e7as significativas na equipe, sendo ideal para ambientes de constante adapta\u00e7\u00e3o e mudan\u00e7a.<\/li>\n\n\n\n<li><strong>Lideran\u00e7a motivadora<\/strong>: impulsiona a equipe por meio de incentivos e reconhecimento, criando um ambiente positivo e engajado, onde os colaboradores se sentem valorizados e motivados a alcan\u00e7ar metas.<\/li>\n<\/ol>\n\n\n\n<p>Cada estilo de lideran\u00e7a possui vantagens espec\u00edficas e, quando utilizados de forma estrat\u00e9gica, contribuem para uma gest\u00e3o empresarial mais eficaz e alinhada \u00e0s necessidades da equipe e aos objetivos da empresa.<\/p>\n\n\n\n<h2 class=\"wp-block-heading\"><span class=\"ez-toc-section\" id=\"Melhores_praticas_em_Gestao_Empresarial\"><\/span><strong>Melhores pr\u00e1ticas em Gest\u00e3o Empresarial<\/strong><span class=\"ez-toc-section-end\"><\/span><\/h2>\n\n\n\n<p>A ado\u00e7\u00e3o de melhores pr\u00e1ticas \u00e9 fundamental para otimizar os processos de gest\u00e3o empresarial e alcan\u00e7ar resultados consistentes. Abaixo est\u00e3o algumas das pr\u00e1ticas recomendadas para uma gest\u00e3o eficiente.<\/p>\n\n\n\n<ul class=\"wp-block-list\">\n<li><strong>Defini\u00e7\u00e3o clara de objetivos<\/strong>: ajudam a manter o foco e a alinhar os esfor\u00e7os de todos os membros da organiza\u00e7\u00e3o, facilitando a avalia\u00e7\u00e3o de desempenho e a implementa\u00e7\u00e3o de melhorias.<\/li>\n\n\n\n<li><strong>Comunica\u00e7\u00e3o eficaz<\/strong>: as informa\u00e7\u00f5es devem fluir de forma clara e transparente em todos os n\u00edveis da organiza\u00e7\u00e3o para promover um ambiente de confian\u00e7a e coopera\u00e7\u00e3o na equipe.<\/li>\n\n\n\n<li><strong>Investimento em tecnologia<\/strong>: sistemas de gest\u00e3o integrada, como <a href=\"https:\/\/www.empresaqui.com.br\/blog\/o-que-e-erp\/\" target=\"_blank\" rel=\"noreferrer noopener\"><strong>ERP<\/strong><\/a> (Enterprise Resource Planning), e o EmpresAqui, ajudam a otimizar as opera\u00e7\u00f5es e a tomar decis\u00f5es com base em dados precisos.<\/li>\n\n\n\n<li><strong>Desenvolvimento de talentos<\/strong>: programas de capacita\u00e7\u00e3o cont\u00ednuos permitem que os colaboradores aprimorem suas habilidades, contribuem para o crescimento da empresa e reten\u00e7\u00e3o de talentos.<\/li>\n\n\n\n<li><strong>Cultura de inova\u00e7\u00e3o:<\/strong> incentiva os colaboradores a propor novas ideias e melhorar os processos existentes. Empresas que promovem a inova\u00e7\u00e3o s\u00e3o mais adapt\u00e1veis \u00e0s mudan\u00e7as e se destacam mais em seu setor.<\/li>\n<\/ul>\n\n\n\n<h2 class=\"wp-block-heading\"><span class=\"ez-toc-section\" id=\"Desafios_da_Gestao_Empresarial\"><\/span><strong>Desafios da Gest\u00e3o Empresarial<\/strong><span class=\"ez-toc-section-end\"><\/span><\/h2>\n\n\n\n<p>Embora existam diversas t\u00e9cnicas e ferramentas para melhorar a gest\u00e3o empresarial, os gestores enfrentam v\u00e1rios desafios.&nbsp;<\/p>\n\n\n\n<p>A r\u00e1pida evolu\u00e7\u00e3o tecnol\u00f3gica, as mudan\u00e7as no comportamento do consumidor e a concorr\u00eancia acirrada s\u00e3o alguns dos fatores que exigem uma gest\u00e3o \u00e1gil e flex\u00edvel.<\/p>\n\n\n\n<p>Al\u00e9m disso, os gestores devem lidar com a necessidade de tomar decis\u00f5es em cen\u00e1rios de incerteza, equilibrando as demandas por resultados imediatos e sustent\u00e1veis.&nbsp;<\/p>\n\n\n\n<p>A gest\u00e3o de conflitos internos e a adapta\u00e7\u00e3o a novas regula\u00e7\u00f5es e pol\u00edticas tamb\u00e9m s\u00e3o aspectos que podem impactar a efici\u00eancia operacional.<\/p>\n\n\n\n<p>Outra tend\u00eancia importante \u00e9 a crescente valoriza\u00e7\u00e3o da sustentabilidade e da responsabilidade social.&nbsp;<\/p>\n\n\n\n<p>As empresas est\u00e3o cada vez mais comprometidas em adotar pr\u00e1ticas que minimizem seu impacto ambiental e que contribuam para a sociedade, uma abordagem que tamb\u00e9m \u00e9 valorizada pelos consumidores modernos.<\/p>\n\n\n\n<h3 class=\"wp-block-heading\"><strong>Como o EmpresAqui pode te ajudar a superar os desafios da Gest\u00e3o Empresarial?<\/strong><\/h3>\n\n\n\n<p>O EmpresAqui \u00e9 uma ferramenta estrat\u00e9gica que <strong>auxilia gestores na supera\u00e7\u00e3o dos principais desafios da gest\u00e3o empresarial atrav\u00e9s de um banco de dados completo sobre empresas de diversos setores<\/strong>.<\/p>\n\n\n\n<p>A nossa plataforma, permite identificar oportunidades de mercado, entender melhor a concorr\u00eancia e explorar novos nichos de forma precisa.&nbsp;<\/p>\n\n\n\n<p>A plataforma oferece mais de 35 filtros de <strong><a href=\"https:\/\/www.empresaqui.com.br\/blog\/segmentacao-de-clientes-b2b\/\" target=\"_blank\" rel=\"noreferrer noopener\">segmenta\u00e7\u00e3o<\/a><\/strong> para uma prospec\u00e7\u00e3o detalhada, o que facilita a tomada de decis\u00f5es estrat\u00e9gicas em cen\u00e1rios de incerteza.\u00a0<\/p>\n\n\n\n<p>Tudo isso contribui para uma gest\u00e3o mais \u00e1gil e eficiente, alinhada com os objetivos de crescimento sustent\u00e1vel da empresa.Veja como o <a href=\"https:\/\/www.empresaqui.com.br\/\" target=\"_blank\" rel=\"noreferrer noopener\"><strong>EmpresAqui<\/strong><\/a> funciona na pr\u00e1tica, no v\u00eddeo a seguir:<\/p>\n\n\n\n<script type=\"application\/ld+json\">\n{\n  \"@context\": \"https:\/\/schema.org\",\n  \"@type\": \"VideoObject\",\n  \"name\": \"Encontre novos clientes B2B com o EmpresAqui\",\n  \"description\": \"Teste gratuitamente nossa ferramenta online de gera\u00e7\u00e3o de leads B2B personalizados!\n\nS\u00e3o dados de mais de 57 Milh\u00f5es de empresas que podem ser filtrados por porte, CNAE, segmento, faturamento e mais de 35 filtros!\n\nFa\u00e7a como mais de 100 Mil usu\u00e1rios e maximize suas vendas B2B utilizando o EmpresAqui para otimizar seu funil de vendas.\n\nCadastre-se agora: https:\/\/www.empresaqui.com.br\/\",\n  \"thumbnailUrl\": \"https:\/\/i.ytimg.com\/vi_webp\/6bb4R4i8p5E\/maxresdefault.webp\",\n  \"uploadDate\": \"2023-09-06T00:00:00-03:00\",\n  \"duration\": \"PT0M29S\",\n  \"contentUrl\": \"https:\/\/www.youtube.com\/watch?v=6bb4R4i8p5E\",\n  \"embedUrl\": \"https:\/\/www.youtube.com\/embed\/6bb4R4i8p5E?si=waUQIm0raoUQ6w96\"\n}\n<\/script>\n\n\n<figure class=\"wp-block-embed-youtube wp-block-embed is-type-video is-provider-youtube wp-embed-aspect-16-9 wp-has-aspect-ratio\"><div class=\"lyte-wrapper fourthree\" style=\"width:420px;max-width:100%;margin:5px;\"><div class=\"lyMe\" id=\"WYL_6bb4R4i8p5E\"><div id=\"lyte_6bb4R4i8p5E\" data-src=\"\/\/i.ytimg.com\/vi\/6bb4R4i8p5E\/hqdefault.jpg\" class=\"pL\"><div class=\"tC\"><div class=\"tT\"><\/div><\/div><div class=\"play\"><\/div><div class=\"ctrl\"><div class=\"Lctrl\"><\/div><div class=\"Rctrl\"><\/div><\/div><\/div><noscript><a href=\"https:\/\/youtu.be\/6bb4R4i8p5E\" rel=\"nofollow\"><img loading=\"lazy\" decoding=\"async\" src=\"https:\/\/i.ytimg.com\/vi\/6bb4R4i8p5E\/0.jpg\" alt=\"\" width=\"420\" height=\"295\" \/><br \/>Assista a este v\u00eddeo no YouTube<\/a><\/noscript><\/div><\/div><div class=\"lL\" style=\"max-width:100%;width:420px;margin:5px;\"><\/div><figcaption><\/figcaption><\/figure>\n\n\n<div class=\"banner\">\n            <h2><span class=\"ez-toc-section\" id=\"Gere_listas_de_empresas_personalizadas\"><\/span>Gere listas de empresas personalizadas!<span class=\"ez-toc-section-end\"><\/span><\/h2>\n            <p>Cadastre-se gr\u00e1tis agora mesmo<\/p>\n            <div class=\"bottom-banner\">\n                <img decoding=\"async\" src=\"https:\/\/www.empresaqui.com.br\/blog\/wp-content\/uploads\/2021\/11\/AdminLTELogo.png\" alt=\"Seu Logotipo\" class=\"logo\">\n                <a href=\"https:\/\/www.empresaqui.com.br\/plano-gratuito?utm_source=blog&amp;utm_medium=banner&amp;utm_campaign=CTA-GRATUITO-HTML\" class=\"cta-button-banner\">Teste aqui agora<\/a>\n            <\/div>\n        <\/div>\n\n        <style>\n            .bottom-banner{\n                display: flex;\n                justify-content: center;\n                align-items: center;\n            }\n            .bottom-banner img{\n                width: 3rem !important;\n                height: 3rem !important;\n                margin-right: 1rem;\n            }\n            .banner h2{\n                font-family: Arial, sans-serif;\n                color: #fff !important;\n            }\n            .banner p{\n                font-family: Arial, sans-serif;\n            }\n            .banner {\n                background:#001E40;\n                color: #FFFFFF;\n                text-align: center;\n                padding: 20px;\n            }\n            .cta-button-banner {\n                display: inline-block;\n                background-color: #0CFFFB;\n                color: #000;\n                border: none;\n                padding: 1px 15px;\n                font-size: 14px;\n                font-family: sans-serif;\n                font-weight: 700;\n                border-radius: 21px;\n                cursor: pointer;\n                transition: background-color 0.3s ease;\n                text-decoration: none;\n            }\n\n            @media (max-width: 767px) {\n                .banner h2{\n                    font-size:20px;\n                }\n                .cta-button-banner {\n                    padding: 1px 15px;\n                    font-size: 12px;\n                }\n\n            }\n        <\/style>\n    \n\n","protected":false},"excerpt":{"rendered":"<p>A gest\u00e3o empresarial \u00e9 o pilar que sustenta o funcionamento e o crescimento de qualquer organiza\u00e7\u00e3o, permitindo que ela se [&hellip;]<\/p>\n","protected":false},"author":4,"featured_media":0,"comment_status":"closed","ping_status":"closed","sticky":false,"template":"","format":"standard","meta":{"_acf_changed":false,"_uag_custom_page_level_css":"","site-sidebar-layout":"default","site-content-layout":"","ast-site-content-layout":"default","site-content-style":"default","site-sidebar-style":"default","ast-global-header-display":"","ast-banner-title-visibility":"","ast-main-header-display":"","ast-hfb-above-header-display":"","ast-hfb-below-header-display":"","ast-hfb-mobile-header-display":"","site-post-title":"","ast-breadcrumbs-content":"","ast-featured-img":"","footer-sml-layout":"","theme-transparent-header-meta":"","adv-header-id-meta":"","stick-header-meta":"","header-above-stick-meta":"","header-main-stick-meta":"","header-below-stick-meta":"","astra-migrate-meta-layouts":"default","ast-page-background-enabled":"default","ast-page-background-meta":{"desktop":{"background-color":"var(--ast-global-color-4)","background-image":"","background-repeat":"repeat","background-position":"center center","background-size":"auto","background-attachment":"scroll","background-type":"","background-media":"","overlay-type":"","overlay-color":"","overlay-opacity":"","overlay-gradient":""},"tablet":{"background-color":"","background-image":"","background-repeat":"repeat","background-position":"center center","background-size":"auto","background-attachment":"scroll","background-type":"","background-media":"","overlay-type":"","overlay-color":"","overlay-opacity":"","overlay-gradient":""},"mobile":{"background-color":"","background-image":"","background-repeat":"repeat","background-position":"center center","background-size":"auto","background-attachment":"scroll","background-type":"","background-media":"","overlay-type":"","overlay-color":"","overlay-opacity":"","overlay-gradient":""}},"ast-content-background-meta":{"desktop":{"background-color":"var(--ast-global-color-5)","background-image":"","background-repeat":"repeat","background-position":"center center","background-size":"auto","background-attachment":"scroll","background-type":"","background-media":"","overlay-type":"","overlay-color":"","overlay-opacity":"","overlay-gradient":""},"tablet":{"background-color":"var(--ast-global-color-5)","background-image":"","background-repeat":"repeat","background-position":"center center","background-size":"auto","background-attachment":"scroll","background-type":"","background-media":"","overlay-type":"","overlay-color":"","overlay-opacity":"","overlay-gradient":""},"mobile":{"background-color":"var(--ast-global-color-5)","background-image":"","background-repeat":"repeat","background-position":"center center","background-size":"auto","background-attachment":"scroll","background-type":"","background-media":"","overlay-type":"","overlay-color":"","overlay-opacity":"","overlay-gradient":""}},"footnotes":""},"categories":[33],"tags":[],"class_list":["post-3634","post","type-post","status-publish","format-standard","hentry","category-prospeccao-vendas"],"acf":[],"yoast_head":"<!-- This site is optimized with the Yoast SEO plugin v27.4 - https:\/\/yoast.com\/product\/yoast-seo-wordpress\/ -->\n<title>O que \u00e9 Gest\u00e3o Empresarial, fun\u00e7\u00f5es e desafios<\/title>\n<meta name=\"description\" content=\"Descubra 4 fun\u00e7\u00f5es da gest\u00e3o empresarial, como cada estilo de lideran\u00e7a influencia nesse processo e quais os principais desafios de uma gest\u00e3o empresarial.\" \/>\n<meta name=\"robots\" content=\"index, follow, max-snippet:-1, max-image-preview:large, max-video-preview:-1\" \/>\n<link rel=\"canonical\" href=\"https:\/\/www.empresaqui.com.br\/blog\/o-que-e-gestao-empresarial\/\" \/>\n<meta property=\"og:locale\" content=\"pt_BR\" \/>\n<meta property=\"og:type\" content=\"article\" \/>\n<meta property=\"og:title\" content=\"O que \u00e9 Gest\u00e3o Empresarial, fun\u00e7\u00f5es e desafios\" \/>\n<meta property=\"og:description\" content=\"Descubra 4 fun\u00e7\u00f5es da gest\u00e3o empresarial, como cada estilo de lideran\u00e7a influencia nesse processo e quais os principais desafios de uma gest\u00e3o empresarial.\" \/>\n<meta property=\"og:url\" content=\"https:\/\/www.empresaqui.com.br\/blog\/o-que-e-gestao-empresarial\/\" \/>\n<meta property=\"og:site_name\" content=\"Blog EmpresAqui\" \/>\n<meta property=\"article:publisher\" content=\"https:\/\/www.facebook.com\/empresaquibr\" \/>\n<meta property=\"article:published_time\" content=\"2024-11-14T17:08:02+00:00\" \/>\n<meta property=\"article:modified_time\" content=\"2025-04-16T20:21:36+00:00\" \/>\n<meta property=\"og:image\" content=\"https:\/\/empresaqui.com.br\/img\/Landing_Page_EBOOK.png\" \/>\n<meta name=\"author\" content=\"Jamille Rocha\" \/>\n<meta name=\"twitter:card\" content=\"summary_large_image\" \/>\n<meta name=\"twitter:label1\" content=\"Escrito por\" \/>\n\t<meta name=\"twitter:data1\" content=\"Jamille Rocha\" \/>\n\t<meta name=\"twitter:label2\" content=\"Est. tempo de leitura\" \/>\n\t<meta name=\"twitter:data2\" content=\"9 minutos\" \/>\n<script type=\"application\/ld+json\" class=\"yoast-schema-graph\">{\"@context\":\"https:\\\/\\\/schema.org\",\"@graph\":[{\"@type\":\"Article\",\"@id\":\"https:\\\/\\\/www.empresaqui.com.br\\\/blog\\\/o-que-e-gestao-empresarial\\\/#article\",\"isPartOf\":{\"@id\":\"https:\\\/\\\/www.empresaqui.com.br\\\/blog\\\/o-que-e-gestao-empresarial\\\/\"},\"author\":{\"name\":\"Jamille Rocha\",\"@id\":\"https:\\\/\\\/www.empresaqui.com.br\\\/blog\\\/#\\\/schema\\\/person\\\/143604485ecb43926554432880c87570\"},\"headline\":\"Entenda o que \u00e9 Gest\u00e3o Empresarial e as melhores pr\u00e1ticas para o seu neg\u00f3cio\",\"datePublished\":\"2024-11-14T17:08:02+00:00\",\"dateModified\":\"2025-04-16T20:21:36+00:00\",\"mainEntityOfPage\":{\"@id\":\"https:\\\/\\\/www.empresaqui.com.br\\\/blog\\\/o-que-e-gestao-empresarial\\\/\"},\"wordCount\":1352,\"publisher\":{\"@id\":\"https:\\\/\\\/www.empresaqui.com.br\\\/blog\\\/#organization\"},\"image\":{\"@id\":\"https:\\\/\\\/www.empresaqui.com.br\\\/blog\\\/o-que-e-gestao-empresarial\\\/#primaryimage\"},\"thumbnailUrl\":\"https:\\\/\\\/empresaqui.com.br\\\/img\\\/Landing_Page_EBOOK.png\",\"articleSection\":[\"Dicas de Vendas\"],\"inLanguage\":\"pt-BR\"},{\"@type\":\"WebPage\",\"@id\":\"https:\\\/\\\/www.empresaqui.com.br\\\/blog\\\/o-que-e-gestao-empresarial\\\/\",\"url\":\"https:\\\/\\\/www.empresaqui.com.br\\\/blog\\\/o-que-e-gestao-empresarial\\\/\",\"name\":\"O que \u00e9 Gest\u00e3o Empresarial, fun\u00e7\u00f5es e desafios\",\"isPartOf\":{\"@id\":\"https:\\\/\\\/www.empresaqui.com.br\\\/blog\\\/#website\"},\"primaryImageOfPage\":{\"@id\":\"https:\\\/\\\/www.empresaqui.com.br\\\/blog\\\/o-que-e-gestao-empresarial\\\/#primaryimage\"},\"image\":{\"@id\":\"https:\\\/\\\/www.empresaqui.com.br\\\/blog\\\/o-que-e-gestao-empresarial\\\/#primaryimage\"},\"thumbnailUrl\":\"https:\\\/\\\/empresaqui.com.br\\\/img\\\/Landing_Page_EBOOK.png\",\"datePublished\":\"2024-11-14T17:08:02+00:00\",\"dateModified\":\"2025-04-16T20:21:36+00:00\",\"description\":\"Descubra 4 fun\u00e7\u00f5es da gest\u00e3o empresarial, como cada estilo de lideran\u00e7a influencia nesse processo e quais os principais desafios de uma gest\u00e3o empresarial.\",\"breadcrumb\":{\"@id\":\"https:\\\/\\\/www.empresaqui.com.br\\\/blog\\\/o-que-e-gestao-empresarial\\\/#breadcrumb\"},\"inLanguage\":\"pt-BR\",\"potentialAction\":[{\"@type\":\"ReadAction\",\"target\":[\"https:\\\/\\\/www.empresaqui.com.br\\\/blog\\\/o-que-e-gestao-empresarial\\\/\"]}]},{\"@type\":\"ImageObject\",\"inLanguage\":\"pt-BR\",\"@id\":\"https:\\\/\\\/www.empresaqui.com.br\\\/blog\\\/o-que-e-gestao-empresarial\\\/#primaryimage\",\"url\":\"https:\\\/\\\/empresaqui.com.br\\\/img\\\/Landing_Page_EBOOK.png\",\"contentUrl\":\"https:\\\/\\\/empresaqui.com.br\\\/img\\\/Landing_Page_EBOOK.png\"},{\"@type\":\"BreadcrumbList\",\"@id\":\"https:\\\/\\\/www.empresaqui.com.br\\\/blog\\\/o-que-e-gestao-empresarial\\\/#breadcrumb\",\"itemListElement\":[{\"@type\":\"ListItem\",\"position\":1,\"name\":\"In\u00edcio\",\"item\":\"https:\\\/\\\/www.empresaqui.com.br\\\/blog\\\/\"},{\"@type\":\"ListItem\",\"position\":2,\"name\":\"Dicas de Vendas\",\"item\":\"https:\\\/\\\/www.empresaqui.com.br\\\/blog\\\/category\\\/prospeccao-vendas\\\/\"},{\"@type\":\"ListItem\",\"position\":3,\"name\":\"Entenda o que \u00e9 Gest\u00e3o Empresarial e as melhores pr\u00e1ticas para o seu neg\u00f3cio\"}]},{\"@type\":\"WebSite\",\"@id\":\"https:\\\/\\\/www.empresaqui.com.br\\\/blog\\\/#website\",\"url\":\"https:\\\/\\\/www.empresaqui.com.br\\\/blog\\\/\",\"name\":\"Blog EmpresAqui\",\"description\":\"\",\"publisher\":{\"@id\":\"https:\\\/\\\/www.empresaqui.com.br\\\/blog\\\/#organization\"},\"potentialAction\":[{\"@type\":\"SearchAction\",\"target\":{\"@type\":\"EntryPoint\",\"urlTemplate\":\"https:\\\/\\\/www.empresaqui.com.br\\\/blog\\\/?s={search_term_string}\"},\"query-input\":{\"@type\":\"PropertyValueSpecification\",\"valueRequired\":true,\"valueName\":\"search_term_string\"}}],\"inLanguage\":\"pt-BR\"},{\"@type\":\"Organization\",\"@id\":\"https:\\\/\\\/www.empresaqui.com.br\\\/blog\\\/#organization\",\"name\":\"EmpresAqui\",\"url\":\"https:\\\/\\\/www.empresaqui.com.br\\\/blog\\\/\",\"logo\":{\"@type\":\"ImageObject\",\"inLanguage\":\"pt-BR\",\"@id\":\"https:\\\/\\\/www.empresaqui.com.br\\\/blog\\\/#\\\/schema\\\/logo\\\/image\\\/\",\"url\":\"https:\\\/\\\/www.empresaqui.com.br\\\/blog\\\/wp-content\\\/uploads\\\/2023\\\/02\\\/cropped-cropped-AdminLTELogo-2-1-1.png\",\"contentUrl\":\"https:\\\/\\\/www.empresaqui.com.br\\\/blog\\\/wp-content\\\/uploads\\\/2023\\\/02\\\/cropped-cropped-AdminLTELogo-2-1-1.png\",\"width\":100,\"height\":100,\"caption\":\"EmpresAqui\"},\"image\":{\"@id\":\"https:\\\/\\\/www.empresaqui.com.br\\\/blog\\\/#\\\/schema\\\/logo\\\/image\\\/\"},\"sameAs\":[\"https:\\\/\\\/www.facebook.com\\\/empresaquibr\",\"https:\\\/\\\/www.instagram.com\\\/empresaqui\"]},{\"@type\":\"Person\",\"@id\":\"https:\\\/\\\/www.empresaqui.com.br\\\/blog\\\/#\\\/schema\\\/person\\\/143604485ecb43926554432880c87570\",\"name\":\"Jamille Rocha\",\"image\":{\"@type\":\"ImageObject\",\"inLanguage\":\"pt-BR\",\"@id\":\"https:\\\/\\\/secure.gravatar.com\\\/avatar\\\/2f6b45baa44f90046c948f8af1f72e56c12a99f8d98da72b2bba204290c00022?s=96&d=mm&r=g\",\"url\":\"https:\\\/\\\/secure.gravatar.com\\\/avatar\\\/2f6b45baa44f90046c948f8af1f72e56c12a99f8d98da72b2bba204290c00022?s=96&d=mm&r=g\",\"contentUrl\":\"https:\\\/\\\/secure.gravatar.com\\\/avatar\\\/2f6b45baa44f90046c948f8af1f72e56c12a99f8d98da72b2bba204290c00022?s=96&d=mm&r=g\",\"caption\":\"Jamille Rocha\"},\"description\":\"Jamille Rocha \u00e9 diretora de Marketing &amp; Growth e s\u00f3cia do EmpresAqui, plataforma de dados e intelig\u00eancia de mercado para prospec\u00e7\u00e3o B2B. Atua, com mais de 7 anos de experi\u00eancia, na interse\u00e7\u00e3o entre estrat\u00e9gia, dados e crescimento, liderando iniciativas de aquisi\u00e7\u00e3o e convers\u00e3o para empresas orientadas por dados.\",\"url\":\"https:\\\/\\\/www.empresaqui.com.br\\\/blog\\\/author\\\/jamille-rocha-2\\\/\"}]}<\/script>\n<!-- \/ Yoast SEO plugin. -->","yoast_head_json":{"title":"O que \u00e9 Gest\u00e3o Empresarial, fun\u00e7\u00f5es e desafios","description":"Descubra 4 fun\u00e7\u00f5es da gest\u00e3o empresarial, como cada estilo de lideran\u00e7a influencia nesse processo e quais os principais desafios de uma gest\u00e3o empresarial.","robots":{"index":"index","follow":"follow","max-snippet":"max-snippet:-1","max-image-preview":"max-image-preview:large","max-video-preview":"max-video-preview:-1"},"canonical":"https:\/\/www.empresaqui.com.br\/blog\/o-que-e-gestao-empresarial\/","og_locale":"pt_BR","og_type":"article","og_title":"O que \u00e9 Gest\u00e3o Empresarial, fun\u00e7\u00f5es e desafios","og_description":"Descubra 4 fun\u00e7\u00f5es da gest\u00e3o empresarial, como cada estilo de lideran\u00e7a influencia nesse processo e quais os principais desafios de uma gest\u00e3o empresarial.","og_url":"https:\/\/www.empresaqui.com.br\/blog\/o-que-e-gestao-empresarial\/","og_site_name":"Blog EmpresAqui","article_publisher":"https:\/\/www.facebook.com\/empresaquibr","article_published_time":"2024-11-14T17:08:02+00:00","article_modified_time":"2025-04-16T20:21:36+00:00","og_image":[{"url":"https:\/\/empresaqui.com.br\/img\/Landing_Page_EBOOK.png","type":"","width":"","height":""}],"author":"Jamille Rocha","twitter_card":"summary_large_image","twitter_misc":{"Escrito por":"Jamille Rocha","Est. tempo de leitura":"9 minutos"},"schema":{"@context":"https:\/\/schema.org","@graph":[{"@type":"Article","@id":"https:\/\/www.empresaqui.com.br\/blog\/o-que-e-gestao-empresarial\/#article","isPartOf":{"@id":"https:\/\/www.empresaqui.com.br\/blog\/o-que-e-gestao-empresarial\/"},"author":{"name":"Jamille Rocha","@id":"https:\/\/www.empresaqui.com.br\/blog\/#\/schema\/person\/143604485ecb43926554432880c87570"},"headline":"Entenda o que \u00e9 Gest\u00e3o Empresarial e as melhores pr\u00e1ticas para o seu neg\u00f3cio","datePublished":"2024-11-14T17:08:02+00:00","dateModified":"2025-04-16T20:21:36+00:00","mainEntityOfPage":{"@id":"https:\/\/www.empresaqui.com.br\/blog\/o-que-e-gestao-empresarial\/"},"wordCount":1352,"publisher":{"@id":"https:\/\/www.empresaqui.com.br\/blog\/#organization"},"image":{"@id":"https:\/\/www.empresaqui.com.br\/blog\/o-que-e-gestao-empresarial\/#primaryimage"},"thumbnailUrl":"https:\/\/empresaqui.com.br\/img\/Landing_Page_EBOOK.png","articleSection":["Dicas de Vendas"],"inLanguage":"pt-BR"},{"@type":"WebPage","@id":"https:\/\/www.empresaqui.com.br\/blog\/o-que-e-gestao-empresarial\/","url":"https:\/\/www.empresaqui.com.br\/blog\/o-que-e-gestao-empresarial\/","name":"O que \u00e9 Gest\u00e3o Empresarial, fun\u00e7\u00f5es e desafios","isPartOf":{"@id":"https:\/\/www.empresaqui.com.br\/blog\/#website"},"primaryImageOfPage":{"@id":"https:\/\/www.empresaqui.com.br\/blog\/o-que-e-gestao-empresarial\/#primaryimage"},"image":{"@id":"https:\/\/www.empresaqui.com.br\/blog\/o-que-e-gestao-empresarial\/#primaryimage"},"thumbnailUrl":"https:\/\/empresaqui.com.br\/img\/Landing_Page_EBOOK.png","datePublished":"2024-11-14T17:08:02+00:00","dateModified":"2025-04-16T20:21:36+00:00","description":"Descubra 4 fun\u00e7\u00f5es da gest\u00e3o empresarial, como cada estilo de lideran\u00e7a influencia nesse processo e quais os principais desafios de uma gest\u00e3o empresarial.","breadcrumb":{"@id":"https:\/\/www.empresaqui.com.br\/blog\/o-que-e-gestao-empresarial\/#breadcrumb"},"inLanguage":"pt-BR","potentialAction":[{"@type":"ReadAction","target":["https:\/\/www.empresaqui.com.br\/blog\/o-que-e-gestao-empresarial\/"]}]},{"@type":"ImageObject","inLanguage":"pt-BR","@id":"https:\/\/www.empresaqui.com.br\/blog\/o-que-e-gestao-empresarial\/#primaryimage","url":"https:\/\/empresaqui.com.br\/img\/Landing_Page_EBOOK.png","contentUrl":"https:\/\/empresaqui.com.br\/img\/Landing_Page_EBOOK.png"},{"@type":"BreadcrumbList","@id":"https:\/\/www.empresaqui.com.br\/blog\/o-que-e-gestao-empresarial\/#breadcrumb","itemListElement":[{"@type":"ListItem","position":1,"name":"In\u00edcio","item":"https:\/\/www.empresaqui.com.br\/blog\/"},{"@type":"ListItem","position":2,"name":"Dicas de Vendas","item":"https:\/\/www.empresaqui.com.br\/blog\/category\/prospeccao-vendas\/"},{"@type":"ListItem","position":3,"name":"Entenda o que \u00e9 Gest\u00e3o Empresarial e as melhores pr\u00e1ticas para o seu neg\u00f3cio"}]},{"@type":"WebSite","@id":"https:\/\/www.empresaqui.com.br\/blog\/#website","url":"https:\/\/www.empresaqui.com.br\/blog\/","name":"Blog EmpresAqui","description":"","publisher":{"@id":"https:\/\/www.empresaqui.com.br\/blog\/#organization"},"potentialAction":[{"@type":"SearchAction","target":{"@type":"EntryPoint","urlTemplate":"https:\/\/www.empresaqui.com.br\/blog\/?s={search_term_string}"},"query-input":{"@type":"PropertyValueSpecification","valueRequired":true,"valueName":"search_term_string"}}],"inLanguage":"pt-BR"},{"@type":"Organization","@id":"https:\/\/www.empresaqui.com.br\/blog\/#organization","name":"EmpresAqui","url":"https:\/\/www.empresaqui.com.br\/blog\/","logo":{"@type":"ImageObject","inLanguage":"pt-BR","@id":"https:\/\/www.empresaqui.com.br\/blog\/#\/schema\/logo\/image\/","url":"https:\/\/www.empresaqui.com.br\/blog\/wp-content\/uploads\/2023\/02\/cropped-cropped-AdminLTELogo-2-1-1.png","contentUrl":"https:\/\/www.empresaqui.com.br\/blog\/wp-content\/uploads\/2023\/02\/cropped-cropped-AdminLTELogo-2-1-1.png","width":100,"height":100,"caption":"EmpresAqui"},"image":{"@id":"https:\/\/www.empresaqui.com.br\/blog\/#\/schema\/logo\/image\/"},"sameAs":["https:\/\/www.facebook.com\/empresaquibr","https:\/\/www.instagram.com\/empresaqui"]},{"@type":"Person","@id":"https:\/\/www.empresaqui.com.br\/blog\/#\/schema\/person\/143604485ecb43926554432880c87570","name":"Jamille Rocha","image":{"@type":"ImageObject","inLanguage":"pt-BR","@id":"https:\/\/secure.gravatar.com\/avatar\/2f6b45baa44f90046c948f8af1f72e56c12a99f8d98da72b2bba204290c00022?s=96&d=mm&r=g","url":"https:\/\/secure.gravatar.com\/avatar\/2f6b45baa44f90046c948f8af1f72e56c12a99f8d98da72b2bba204290c00022?s=96&d=mm&r=g","contentUrl":"https:\/\/secure.gravatar.com\/avatar\/2f6b45baa44f90046c948f8af1f72e56c12a99f8d98da72b2bba204290c00022?s=96&d=mm&r=g","caption":"Jamille Rocha"},"description":"Jamille Rocha \u00e9 diretora de Marketing &amp; Growth e s\u00f3cia do EmpresAqui, plataforma de dados e intelig\u00eancia de mercado para prospec\u00e7\u00e3o B2B. Atua, com mais de 7 anos de experi\u00eancia, na interse\u00e7\u00e3o entre estrat\u00e9gia, dados e crescimento, liderando iniciativas de aquisi\u00e7\u00e3o e convers\u00e3o para empresas orientadas por dados.","url":"https:\/\/www.empresaqui.com.br\/blog\/author\/jamille-rocha-2\/"}]}},"uagb_featured_image_src":{"full":false,"thumbnail":false,"medium":false,"medium_large":false,"large":false,"1536x1536":false,"2048x2048":false},"uagb_author_info":{"display_name":"Jamille Rocha","author_link":"https:\/\/www.empresaqui.com.br\/blog\/author\/jamille-rocha-2\/"},"uagb_comment_info":0,"uagb_excerpt":"A gest\u00e3o empresarial \u00e9 o pilar que sustenta o funcionamento e o crescimento de qualquer organiza\u00e7\u00e3o, permitindo que ela se [&hellip;]","_links":{"self":[{"href":"https:\/\/www.empresaqui.com.br\/blog\/wp-json\/wp\/v2\/posts\/3634","targetHints":{"allow":["GET"]}}],"collection":[{"href":"https:\/\/www.empresaqui.com.br\/blog\/wp-json\/wp\/v2\/posts"}],"about":[{"href":"https:\/\/www.empresaqui.com.br\/blog\/wp-json\/wp\/v2\/types\/post"}],"author":[{"embeddable":true,"href":"https:\/\/www.empresaqui.com.br\/blog\/wp-json\/wp\/v2\/users\/4"}],"replies":[{"embeddable":true,"href":"https:\/\/www.empresaqui.com.br\/blog\/wp-json\/wp\/v2\/comments?post=3634"}],"version-history":[{"count":5,"href":"https:\/\/www.empresaqui.com.br\/blog\/wp-json\/wp\/v2\/posts\/3634\/revisions"}],"predecessor-version":[{"id":4284,"href":"https:\/\/www.empresaqui.com.br\/blog\/wp-json\/wp\/v2\/posts\/3634\/revisions\/4284"}],"wp:attachment":[{"href":"https:\/\/www.empresaqui.com.br\/blog\/wp-json\/wp\/v2\/media?parent=3634"}],"wp:term":[{"taxonomy":"category","embeddable":true,"href":"https:\/\/www.empresaqui.com.br\/blog\/wp-json\/wp\/v2\/categories?post=3634"},{"taxonomy":"post_tag","embeddable":true,"href":"https:\/\/www.empresaqui.com.br\/blog\/wp-json\/wp\/v2\/tags?post=3634"}],"curies":[{"name":"wp","href":"https:\/\/api.w.org\/{rel}","templated":true}]}}