{"id":322,"date":"2021-06-16T16:00:59","date_gmt":"2021-06-16T19:00:59","guid":{"rendered":"https:\/\/empresaqui.com.br\/blog\/?p=322"},"modified":"2021-06-16T16:01:01","modified_gmt":"2021-06-16T19:01:01","slug":"dividas","status":"publish","type":"post","link":"https:\/\/www.empresaqui.com.br\/blog\/dividas\/","title":{"rendered":"Base de D\u00edvidas Ativas Federais das Empresas"},"content":{"rendered":"\n<p>Ol\u00e1! Nesta publica\u00e7\u00e3o Exclusiva,\u00a0<strong>INFORMAMOS COM EXCLUSIVIDADE<\/strong>, que\u00a0em nossa plataforma EMPRESAQUI, dispomos al\u00e9m da gera\u00e7\u00e3o de listas de empresas otimizadas para prospec\u00e7\u00e3o estrat\u00e9gica de neg\u00f3cios B2B (entre\/para empresas), da lista de todas as d\u00edvidas ativas federais atualizadas!<\/p>\n\n\n\n<p>Nossa base conta com as d\u00edvidas inscritas e disponibilizadas pela Lei de Acesso a Informa\u00e7\u00e3o e dados p\u00fablicos, no link oficial de confer\u00eancia e disponibilidade pela PGFN no link https:\/\/www.gov.br\/pgfn\/pt-br\/assuntos\/divida-ativa-da-uniao\/dados-abertos.<\/p>\n\n\n\n<p>Como realizar uma pesquisa de d\u00edvidas na plataforma EMPRESAQUI? Existem duas formas de realizar a pesquisa:<\/p>\n\n\n\n<div id=\"ez-toc-container\" class=\"ez-toc-v2_0_81 ez-toc-wrap-left counter-hierarchy ez-toc-counter ez-toc-custom ez-toc-container-direction\">\n<div class=\"ez-toc-title-container\">\n<p class=\"ez-toc-title\" style=\"cursor:inherit\">Neste artigo voc\u00ea vai ver:<\/p>\n<span class=\"ez-toc-title-toggle\"><a href=\"#\" class=\"ez-toc-pull-right ez-toc-btn ez-toc-btn-xs ez-toc-btn-default ez-toc-toggle\" aria-label=\"Alternar tabela de conte\u00fado\"><span class=\"ez-toc-js-icon-con\"><span class=\"\"><span class=\"eztoc-hide\" style=\"display:none;\">Toggle<\/span><span class=\"ez-toc-icon-toggle-span\"><svg style=\"fill: #0066bf;color:#0066bf\" xmlns=\"http:\/\/www.w3.org\/2000\/svg\" class=\"list-377408\" width=\"20px\" height=\"20px\" viewBox=\"0 0 24 24\" fill=\"none\"><path d=\"M6 6H4v2h2V6zm14 0H8v2h12V6zM4 11h2v2H4v-2zm16 0H8v2h12v-2zM4 16h2v2H4v-2zm16 0H8v2h12v-2z\" fill=\"currentColor\"><\/path><\/svg><svg style=\"fill: #0066bf;color:#0066bf\" class=\"arrow-unsorted-368013\" xmlns=\"http:\/\/www.w3.org\/2000\/svg\" width=\"10px\" height=\"10px\" viewBox=\"0 0 24 24\" version=\"1.2\" baseProfile=\"tiny\"><path d=\"M18.2 9.3l-6.2-6.3-6.2 6.3c-.2.2-.3.4-.3.7s.1.5.3.7c.2.2.4.3.7.3h11c.3 0 .5-.1.7-.3.2-.2.3-.5.3-.7s-.1-.5-.3-.7zM5.8 14.7l6.2 6.3 6.2-6.3c.2-.2.3-.5.3-.7s-.1-.5-.3-.7c-.2-.2-.4-.3-.7-.3h-11c-.3 0-.5.1-.7.3-.2.2-.3.5-.3.7s.1.5.3.7z\"\/><\/svg><\/span><\/span><\/span><\/a><\/span><\/div>\n<nav><ul class='ez-toc-list ez-toc-list-level-1 ' ><li class='ez-toc-page-1 ez-toc-heading-level-2'><a class=\"ez-toc-link ez-toc-heading-1\" href=\"https:\/\/www.empresaqui.com.br\/blog\/dividas\/#Pesquisando_por_Filtros_Exclusivos_e_otimizados\" >Pesquisando por Filtros Exclusivos e otimizados<\/a><\/li><li class='ez-toc-page-1 ez-toc-heading-level-2'><a class=\"ez-toc-link ez-toc-heading-2\" href=\"https:\/\/www.empresaqui.com.br\/blog\/dividas\/#Efetuando_a_pesquisa_direta_apenas_na_lista_de_devedores\" >Efetuando a pesquisa direta apenas na lista de devedores<\/a><\/li><\/ul><\/nav><\/div>\n<h2 class=\"wp-block-heading\"><span class=\"ez-toc-section\" id=\"Pesquisando_por_Filtros_Exclusivos_e_otimizados\"><\/span>Pesquisando por Filtros Exclusivos e otimizados<span class=\"ez-toc-section-end\"><\/span><\/h2>\n\n\n\n<p>A forma mais otimizada, \u00e9 quando se est\u00e1 gerando listas de empresas na plataforma por meio dos filtros exclusivos. Basta informar se deseja APENAS empresas com d\u00edvidas, sem d\u00edvidas ou todas, no campo espec\u00edfico de d\u00edvidas, que fica pr\u00f3ximo ao final da lista de filtros na se\u00e7\u00e3o D\u00edvidas Federais.<\/p>\n\n\n\n<p>Dessa forma, ao realizar a pesquisa, ser\u00e3o exibidas as empresas conforme os filtros de localiza\u00e7\u00e3o e demais informados, juntamente com um campo que informar\u00e1 se a empresa possui d\u00edvidas ativas cadastradas ou n\u00e3o. Caso ela possua, basta clicar em cima do resultado da empresa para visualizar ao final da p\u00e1gina de detalhes as d\u00edvidas e suas informa\u00e7\u00f5es, tais como:<\/p>\n\n\n\n<ul class=\"wp-block-list\"><li>N\u00famero da Inscri\u00e7\u00e3o<\/li><li>Tipo de Devedor<\/li><li>Tipo de Situa\u00e7\u00e3o<\/li><li>Detalhes da Situa\u00e7\u00e3o<\/li><li>Receita Principal<\/li><li>Data<\/li><li>Se est\u00e1 Ajuizado<\/li><li>Valor da D\u00edvida<\/li><li>Valor total das d\u00edvidas (somat\u00f3rio)<\/li><\/ul>\n\n\n\n<h2 class=\"wp-block-heading\"><span class=\"ez-toc-section\" id=\"Efetuando_a_pesquisa_direta_apenas_na_lista_de_devedores\"><\/span>Efetuando a pesquisa direta apenas na lista de devedores<span class=\"ez-toc-section-end\"><\/span><\/h2>\n\n\n\n<p>A segunda forma de realizar a consulta de listas de empresas com d\u00edvidas ativas federais cadastradas, conforme a lista divulgada pela PGFN na p\u00e1gina de dados p\u00fablicos, \u00e9 por meio do link exclusivo de Pesquisa de D\u00edvidas Federais Ativas, que est\u00e1 dispon\u00edvel no Menu Informa\u00e7\u00f5es Adicionais (exclusivo para assinantes).<\/p>\n\n\n\n<p>Nesta p\u00e1gina poder\u00e1 listar os devedores por filtros espec\u00edficos como:<\/p>\n\n\n\n<ul class=\"wp-block-list\"><li>CNPJ<\/li><li>N\u00famero da Inscri\u00e7\u00e3o da D\u00edvida<\/li><li>Estado\/UF<\/li><li>Tipo de Pessoa Jur\u00eddica ou F\u00edsica<\/li><li>Valor da D\u00edvida<\/li><\/ul>\n\n\n\n<p>Ser\u00e3o exibidos os resultados das d\u00edvidas, e tamb\u00e9m os detalhes de cada empresa conforme padr\u00e3o da plataforma<\/p>\n\n\n\n<p>A vis\u00e3o do\u00a0<strong>EMPRESAQUI\u00a0<\/strong>\u00e9 e sempre ser\u00e1 trazer o m\u00e1ximo de informa\u00e7\u00f5es estrat\u00e9gicas para otimiza\u00e7\u00e3o na gera\u00e7\u00e3o de listas de empresas e prospec\u00e7\u00e3o B2B aos nossos usu\u00e1rios e clientes! Esta adi\u00e7\u00e3o, veio com base em um feedback de grupo de usu\u00e1rios da plataforma. Deixe voc\u00ea tamb\u00e9m seu feedback, sugest\u00f5es, elogios e cr\u00edticas para melhoria constante de nossa plataforma,\u00a0<a href=\"https:\/\/www.empresaqui.com.br\/feedback\" target=\"_blank\" rel=\"noreferrer noopener\"><strong>clicando aqui<\/strong><\/a>.<\/p>\n\n\n\n<p>Estamos sempre \u00e0 disposi\u00e7\u00e3o!<\/p>\n\n\n\n<p>Um abra\u00e7o e bons neg\u00f3cios.<\/p>\n\n\n\n<p>Equipe EMPRESAQUI<\/p>\n","protected":false},"excerpt":{"rendered":"<p>Ol\u00e1! Nesta publica\u00e7\u00e3o Exclusiva,\u00a0INFORMAMOS COM EXCLUSIVIDADE, que\u00a0em nossa plataforma EMPRESAQUI, dispomos al\u00e9m da gera\u00e7\u00e3o de listas de empresas otimizadas para [&hellip;]<\/p>\n","protected":false},"author":8,"featured_media":0,"comment_status":"open","ping_status":"open","sticky":false,"template":"","format":"standard","meta":{"_acf_changed":false,"_uag_custom_page_level_css":"","site-sidebar-layout":"default","site-content-layout":"","ast-site-content-layout":"default","site-content-style":"default","site-sidebar-style":"default","ast-global-header-display":"","ast-banner-title-visibility":"","ast-main-header-display":"","ast-hfb-above-header-display":"","ast-hfb-below-header-display":"","ast-hfb-mobile-header-display":"","site-post-title":"","ast-breadcrumbs-content":"","ast-featured-img":"","footer-sml-layout":"","theme-transparent-header-meta":"","adv-header-id-meta":"","stick-header-meta":"","header-above-stick-meta":"","header-main-stick-meta":"","header-below-stick-meta":"","astra-migrate-meta-layouts":"default","ast-page-background-enabled":"default","ast-page-background-meta":{"desktop":{"background-color":"var(--ast-global-color-4)","background-image":"","background-repeat":"repeat","background-position":"center center","background-size":"auto","background-attachment":"scroll","background-type":"","background-media":"","overlay-type":"","overlay-color":"","overlay-opacity":"","overlay-gradient":""},"tablet":{"background-color":"","background-image":"","background-repeat":"repeat","background-position":"center center","background-size":"auto","background-attachment":"scroll","background-type":"","background-media":"","overlay-type":"","overlay-color":"","overlay-opacity":"","overlay-gradient":""},"mobile":{"background-color":"","background-image":"","background-repeat":"repeat","background-position":"center center","background-size":"auto","background-attachment":"scroll","background-type":"","background-media":"","overlay-type":"","overlay-color":"","overlay-opacity":"","overlay-gradient":""}},"ast-content-background-meta":{"desktop":{"background-color":"var(--ast-global-color-5)","background-image":"","background-repeat":"repeat","background-position":"center center","background-size":"auto","background-attachment":"scroll","background-type":"","background-media":"","overlay-type":"","overlay-color":"","overlay-opacity":"","overlay-gradient":""},"tablet":{"background-color":"var(--ast-global-color-5)","background-image":"","background-repeat":"repeat","background-position":"center center","background-size":"auto","background-attachment":"scroll","background-type":"","background-media":"","overlay-type":"","overlay-color":"","overlay-opacity":"","overlay-gradient":""},"mobile":{"background-color":"var(--ast-global-color-5)","background-image":"","background-repeat":"repeat","background-position":"center center","background-size":"auto","background-attachment":"scroll","background-type":"","background-media":"","overlay-type":"","overlay-color":"","overlay-opacity":"","overlay-gradient":""}},"footnotes":""},"categories":[4,1],"tags":[13,27],"class_list":["post-322","post","type-post","status-publish","format-standard","hentry","category-dicas-de-uso","category-noticias","tag-empresaqui","tag-listas-de-empresas"],"acf":[],"yoast_head":"<!-- This site is optimized with the Yoast SEO plugin v27.4 - https:\/\/yoast.com\/product\/yoast-seo-wordpress\/ -->\n<title>Base de D\u00edvidas Ativas Federais das Empresas - Blog EmpresAqui<\/title>\n<meta name=\"description\" content=\"Pesquise empresas com d\u00edvidas ativas com a uni\u00e3o juntamente com a gera\u00e7\u00e3o de listas de empresas otimizadas no EmpresAqui.\" \/>\n<meta name=\"robots\" content=\"index, follow, max-snippet:-1, max-image-preview:large, max-video-preview:-1\" \/>\n<link rel=\"canonical\" href=\"https:\/\/www.empresaqui.com.br\/blog\/dividas\/\" \/>\n<meta property=\"og:locale\" content=\"pt_BR\" \/>\n<meta property=\"og:type\" content=\"article\" \/>\n<meta property=\"og:title\" content=\"Base de D\u00edvidas Ativas Federais das Empresas - Blog EmpresAqui\" \/>\n<meta property=\"og:description\" content=\"Pesquise empresas com d\u00edvidas ativas com a uni\u00e3o juntamente com a gera\u00e7\u00e3o de listas de empresas otimizadas no EmpresAqui.\" \/>\n<meta property=\"og:url\" content=\"https:\/\/www.empresaqui.com.br\/blog\/dividas\/\" \/>\n<meta property=\"og:site_name\" content=\"Blog EmpresAqui\" \/>\n<meta property=\"article:publisher\" content=\"https:\/\/www.facebook.com\/empresaquibr\" \/>\n<meta property=\"article:published_time\" content=\"2021-06-16T19:00:59+00:00\" \/>\n<meta property=\"article:modified_time\" content=\"2021-06-16T19:01:01+00:00\" \/>\n<meta name=\"author\" content=\"Danillo Rocha\" \/>\n<meta name=\"twitter:card\" content=\"summary_large_image\" \/>\n<meta name=\"twitter:label1\" content=\"Escrito por\" \/>\n\t<meta name=\"twitter:data1\" content=\"Danillo Rocha\" \/>\n\t<meta name=\"twitter:label2\" content=\"Est. tempo de leitura\" \/>\n\t<meta name=\"twitter:data2\" content=\"2 minutos\" \/>\n<script type=\"application\/ld+json\" class=\"yoast-schema-graph\">{\"@context\":\"https:\\\/\\\/schema.org\",\"@graph\":[{\"@type\":\"Article\",\"@id\":\"https:\\\/\\\/www.empresaqui.com.br\\\/blog\\\/dividas\\\/#article\",\"isPartOf\":{\"@id\":\"https:\\\/\\\/www.empresaqui.com.br\\\/blog\\\/dividas\\\/\"},\"author\":{\"name\":\"Danillo Rocha\",\"@id\":\"https:\\\/\\\/www.empresaqui.com.br\\\/blog\\\/#\\\/schema\\\/person\\\/be165d2b8065bfa20b88787a07cf9e96\"},\"headline\":\"Base de D\u00edvidas Ativas Federais das Empresas\",\"datePublished\":\"2021-06-16T19:00:59+00:00\",\"dateModified\":\"2021-06-16T19:01:01+00:00\",\"mainEntityOfPage\":{\"@id\":\"https:\\\/\\\/www.empresaqui.com.br\\\/blog\\\/dividas\\\/\"},\"wordCount\":480,\"commentCount\":0,\"publisher\":{\"@id\":\"https:\\\/\\\/www.empresaqui.com.br\\\/blog\\\/#organization\"},\"keywords\":[\"empresaqui\",\"listas de empresas\"],\"articleSection\":[\"Dicas de Uso\",\"Not\u00edcias\"],\"inLanguage\":\"pt-BR\"},{\"@type\":\"WebPage\",\"@id\":\"https:\\\/\\\/www.empresaqui.com.br\\\/blog\\\/dividas\\\/\",\"url\":\"https:\\\/\\\/www.empresaqui.com.br\\\/blog\\\/dividas\\\/\",\"name\":\"Base de D\u00edvidas Ativas Federais das Empresas - Blog EmpresAqui\",\"isPartOf\":{\"@id\":\"https:\\\/\\\/www.empresaqui.com.br\\\/blog\\\/#website\"},\"datePublished\":\"2021-06-16T19:00:59+00:00\",\"dateModified\":\"2021-06-16T19:01:01+00:00\",\"description\":\"Pesquise empresas com d\u00edvidas ativas com a uni\u00e3o juntamente com a gera\u00e7\u00e3o de listas de empresas otimizadas no EmpresAqui.\",\"breadcrumb\":{\"@id\":\"https:\\\/\\\/www.empresaqui.com.br\\\/blog\\\/dividas\\\/#breadcrumb\"},\"inLanguage\":\"pt-BR\",\"potentialAction\":[{\"@type\":\"ReadAction\",\"target\":[\"https:\\\/\\\/www.empresaqui.com.br\\\/blog\\\/dividas\\\/\"]}]},{\"@type\":\"BreadcrumbList\",\"@id\":\"https:\\\/\\\/www.empresaqui.com.br\\\/blog\\\/dividas\\\/#breadcrumb\",\"itemListElement\":[{\"@type\":\"ListItem\",\"position\":1,\"name\":\"In\u00edcio\",\"item\":\"https:\\\/\\\/www.empresaqui.com.br\\\/blog\\\/\"},{\"@type\":\"ListItem\",\"position\":2,\"name\":\"Dicas de Uso\",\"item\":\"https:\\\/\\\/www.empresaqui.com.br\\\/blog\\\/category\\\/dicas-de-uso\\\/\"},{\"@type\":\"ListItem\",\"position\":3,\"name\":\"Base de D\u00edvidas Ativas Federais das Empresas\"}]},{\"@type\":\"WebSite\",\"@id\":\"https:\\\/\\\/www.empresaqui.com.br\\\/blog\\\/#website\",\"url\":\"https:\\\/\\\/www.empresaqui.com.br\\\/blog\\\/\",\"name\":\"Blog EmpresAqui\",\"description\":\"\",\"publisher\":{\"@id\":\"https:\\\/\\\/www.empresaqui.com.br\\\/blog\\\/#organization\"},\"potentialAction\":[{\"@type\":\"SearchAction\",\"target\":{\"@type\":\"EntryPoint\",\"urlTemplate\":\"https:\\\/\\\/www.empresaqui.com.br\\\/blog\\\/?s={search_term_string}\"},\"query-input\":{\"@type\":\"PropertyValueSpecification\",\"valueRequired\":true,\"valueName\":\"search_term_string\"}}],\"inLanguage\":\"pt-BR\"},{\"@type\":\"Organization\",\"@id\":\"https:\\\/\\\/www.empresaqui.com.br\\\/blog\\\/#organization\",\"name\":\"EmpresAqui\",\"url\":\"https:\\\/\\\/www.empresaqui.com.br\\\/blog\\\/\",\"logo\":{\"@type\":\"ImageObject\",\"inLanguage\":\"pt-BR\",\"@id\":\"https:\\\/\\\/www.empresaqui.com.br\\\/blog\\\/#\\\/schema\\\/logo\\\/image\\\/\",\"url\":\"https:\\\/\\\/www.empresaqui.com.br\\\/blog\\\/wp-content\\\/uploads\\\/2023\\\/02\\\/cropped-cropped-AdminLTELogo-2-1-1.png\",\"contentUrl\":\"https:\\\/\\\/www.empresaqui.com.br\\\/blog\\\/wp-content\\\/uploads\\\/2023\\\/02\\\/cropped-cropped-AdminLTELogo-2-1-1.png\",\"width\":100,\"height\":100,\"caption\":\"EmpresAqui\"},\"image\":{\"@id\":\"https:\\\/\\\/www.empresaqui.com.br\\\/blog\\\/#\\\/schema\\\/logo\\\/image\\\/\"},\"sameAs\":[\"https:\\\/\\\/www.facebook.com\\\/empresaquibr\",\"https:\\\/\\\/www.instagram.com\\\/empresaqui\"]},{\"@type\":\"Person\",\"@id\":\"https:\\\/\\\/www.empresaqui.com.br\\\/blog\\\/#\\\/schema\\\/person\\\/be165d2b8065bfa20b88787a07cf9e96\",\"name\":\"Danillo Rocha\",\"image\":{\"@type\":\"ImageObject\",\"inLanguage\":\"pt-BR\",\"@id\":\"https:\\\/\\\/secure.gravatar.com\\\/avatar\\\/a440539fd479fe3447e5aeaa627ba644f1a101516334fa5a2b263c192ba710bc?s=96&d=mm&r=g\",\"url\":\"https:\\\/\\\/secure.gravatar.com\\\/avatar\\\/a440539fd479fe3447e5aeaa627ba644f1a101516334fa5a2b263c192ba710bc?s=96&d=mm&r=g\",\"contentUrl\":\"https:\\\/\\\/secure.gravatar.com\\\/avatar\\\/a440539fd479fe3447e5aeaa627ba644f1a101516334fa5a2b263c192ba710bc?s=96&d=mm&r=g\",\"caption\":\"Danillo Rocha\"},\"description\":\"Danillo Rocha \u00e9 CEO e fundador do EmpresAqui, plataforma de intelig\u00eancia de mercado e gera\u00e7\u00e3o de leads B2B com mais de 300 mil usu\u00e1rios. Formado em Ci\u00eancia da Computa\u00e7\u00e3o, com especializa\u00e7\u00e3o em Softwares e Dados e Per\u00edcia Financeira, \u00e9 empreendedor em tecnologia e neg\u00f3cios B2B.\",\"sameAs\":[\"https:\\\/\\\/www.empresaqui.com.br\\\/\",\"https:\\\/\\\/www.instagram.com\\\/danillorocha10\",\"https:\\\/\\\/www.instagram.com\\\/danillorocha\"],\"url\":\"https:\\\/\\\/www.empresaqui.com.br\\\/blog\\\/author\\\/danillo-rocha\\\/\"}]}<\/script>\n<!-- \/ Yoast SEO plugin. -->","yoast_head_json":{"title":"Base de D\u00edvidas Ativas Federais das Empresas - Blog EmpresAqui","description":"Pesquise empresas com d\u00edvidas ativas com a uni\u00e3o juntamente com a gera\u00e7\u00e3o de listas de empresas otimizadas no EmpresAqui.","robots":{"index":"index","follow":"follow","max-snippet":"max-snippet:-1","max-image-preview":"max-image-preview:large","max-video-preview":"max-video-preview:-1"},"canonical":"https:\/\/www.empresaqui.com.br\/blog\/dividas\/","og_locale":"pt_BR","og_type":"article","og_title":"Base de D\u00edvidas Ativas Federais das Empresas - Blog EmpresAqui","og_description":"Pesquise empresas com d\u00edvidas ativas com a uni\u00e3o juntamente com a gera\u00e7\u00e3o de listas de empresas otimizadas no EmpresAqui.","og_url":"https:\/\/www.empresaqui.com.br\/blog\/dividas\/","og_site_name":"Blog EmpresAqui","article_publisher":"https:\/\/www.facebook.com\/empresaquibr","article_published_time":"2021-06-16T19:00:59+00:00","article_modified_time":"2021-06-16T19:01:01+00:00","author":"Danillo Rocha","twitter_card":"summary_large_image","twitter_misc":{"Escrito por":"Danillo Rocha","Est. tempo de leitura":"2 minutos"},"schema":{"@context":"https:\/\/schema.org","@graph":[{"@type":"Article","@id":"https:\/\/www.empresaqui.com.br\/blog\/dividas\/#article","isPartOf":{"@id":"https:\/\/www.empresaqui.com.br\/blog\/dividas\/"},"author":{"name":"Danillo Rocha","@id":"https:\/\/www.empresaqui.com.br\/blog\/#\/schema\/person\/be165d2b8065bfa20b88787a07cf9e96"},"headline":"Base de D\u00edvidas Ativas Federais das Empresas","datePublished":"2021-06-16T19:00:59+00:00","dateModified":"2021-06-16T19:01:01+00:00","mainEntityOfPage":{"@id":"https:\/\/www.empresaqui.com.br\/blog\/dividas\/"},"wordCount":480,"commentCount":0,"publisher":{"@id":"https:\/\/www.empresaqui.com.br\/blog\/#organization"},"keywords":["empresaqui","listas de empresas"],"articleSection":["Dicas de Uso","Not\u00edcias"],"inLanguage":"pt-BR"},{"@type":"WebPage","@id":"https:\/\/www.empresaqui.com.br\/blog\/dividas\/","url":"https:\/\/www.empresaqui.com.br\/blog\/dividas\/","name":"Base de D\u00edvidas Ativas Federais das Empresas - Blog EmpresAqui","isPartOf":{"@id":"https:\/\/www.empresaqui.com.br\/blog\/#website"},"datePublished":"2021-06-16T19:00:59+00:00","dateModified":"2021-06-16T19:01:01+00:00","description":"Pesquise empresas com d\u00edvidas ativas com a uni\u00e3o juntamente com a gera\u00e7\u00e3o de listas de empresas otimizadas no EmpresAqui.","breadcrumb":{"@id":"https:\/\/www.empresaqui.com.br\/blog\/dividas\/#breadcrumb"},"inLanguage":"pt-BR","potentialAction":[{"@type":"ReadAction","target":["https:\/\/www.empresaqui.com.br\/blog\/dividas\/"]}]},{"@type":"BreadcrumbList","@id":"https:\/\/www.empresaqui.com.br\/blog\/dividas\/#breadcrumb","itemListElement":[{"@type":"ListItem","position":1,"name":"In\u00edcio","item":"https:\/\/www.empresaqui.com.br\/blog\/"},{"@type":"ListItem","position":2,"name":"Dicas de Uso","item":"https:\/\/www.empresaqui.com.br\/blog\/category\/dicas-de-uso\/"},{"@type":"ListItem","position":3,"name":"Base de D\u00edvidas Ativas Federais das Empresas"}]},{"@type":"WebSite","@id":"https:\/\/www.empresaqui.com.br\/blog\/#website","url":"https:\/\/www.empresaqui.com.br\/blog\/","name":"Blog EmpresAqui","description":"","publisher":{"@id":"https:\/\/www.empresaqui.com.br\/blog\/#organization"},"potentialAction":[{"@type":"SearchAction","target":{"@type":"EntryPoint","urlTemplate":"https:\/\/www.empresaqui.com.br\/blog\/?s={search_term_string}"},"query-input":{"@type":"PropertyValueSpecification","valueRequired":true,"valueName":"search_term_string"}}],"inLanguage":"pt-BR"},{"@type":"Organization","@id":"https:\/\/www.empresaqui.com.br\/blog\/#organization","name":"EmpresAqui","url":"https:\/\/www.empresaqui.com.br\/blog\/","logo":{"@type":"ImageObject","inLanguage":"pt-BR","@id":"https:\/\/www.empresaqui.com.br\/blog\/#\/schema\/logo\/image\/","url":"https:\/\/www.empresaqui.com.br\/blog\/wp-content\/uploads\/2023\/02\/cropped-cropped-AdminLTELogo-2-1-1.png","contentUrl":"https:\/\/www.empresaqui.com.br\/blog\/wp-content\/uploads\/2023\/02\/cropped-cropped-AdminLTELogo-2-1-1.png","width":100,"height":100,"caption":"EmpresAqui"},"image":{"@id":"https:\/\/www.empresaqui.com.br\/blog\/#\/schema\/logo\/image\/"},"sameAs":["https:\/\/www.facebook.com\/empresaquibr","https:\/\/www.instagram.com\/empresaqui"]},{"@type":"Person","@id":"https:\/\/www.empresaqui.com.br\/blog\/#\/schema\/person\/be165d2b8065bfa20b88787a07cf9e96","name":"Danillo Rocha","image":{"@type":"ImageObject","inLanguage":"pt-BR","@id":"https:\/\/secure.gravatar.com\/avatar\/a440539fd479fe3447e5aeaa627ba644f1a101516334fa5a2b263c192ba710bc?s=96&d=mm&r=g","url":"https:\/\/secure.gravatar.com\/avatar\/a440539fd479fe3447e5aeaa627ba644f1a101516334fa5a2b263c192ba710bc?s=96&d=mm&r=g","contentUrl":"https:\/\/secure.gravatar.com\/avatar\/a440539fd479fe3447e5aeaa627ba644f1a101516334fa5a2b263c192ba710bc?s=96&d=mm&r=g","caption":"Danillo Rocha"},"description":"Danillo Rocha \u00e9 CEO e fundador do EmpresAqui, plataforma de intelig\u00eancia de mercado e gera\u00e7\u00e3o de leads B2B com mais de 300 mil usu\u00e1rios. Formado em Ci\u00eancia da Computa\u00e7\u00e3o, com especializa\u00e7\u00e3o em Softwares e Dados e Per\u00edcia Financeira, \u00e9 empreendedor em tecnologia e neg\u00f3cios B2B.","sameAs":["https:\/\/www.empresaqui.com.br\/","https:\/\/www.instagram.com\/danillorocha10","https:\/\/www.instagram.com\/danillorocha"],"url":"https:\/\/www.empresaqui.com.br\/blog\/author\/danillo-rocha\/"}]}},"uagb_featured_image_src":{"full":false,"thumbnail":false,"medium":false,"medium_large":false,"large":false,"1536x1536":false,"2048x2048":false},"uagb_author_info":{"display_name":"Danillo Rocha","author_link":"https:\/\/www.empresaqui.com.br\/blog\/author\/danillo-rocha\/"},"uagb_comment_info":0,"uagb_excerpt":"Ol\u00e1! Nesta publica\u00e7\u00e3o Exclusiva,\u00a0INFORMAMOS COM EXCLUSIVIDADE, que\u00a0em nossa plataforma EMPRESAQUI, dispomos al\u00e9m da gera\u00e7\u00e3o de listas de empresas otimizadas para [&hellip;]","_links":{"self":[{"href":"https:\/\/www.empresaqui.com.br\/blog\/wp-json\/wp\/v2\/posts\/322","targetHints":{"allow":["GET"]}}],"collection":[{"href":"https:\/\/www.empresaqui.com.br\/blog\/wp-json\/wp\/v2\/posts"}],"about":[{"href":"https:\/\/www.empresaqui.com.br\/blog\/wp-json\/wp\/v2\/types\/post"}],"author":[{"embeddable":true,"href":"https:\/\/www.empresaqui.com.br\/blog\/wp-json\/wp\/v2\/users\/8"}],"replies":[{"embeddable":true,"href":"https:\/\/www.empresaqui.com.br\/blog\/wp-json\/wp\/v2\/comments?post=322"}],"version-history":[{"count":1,"href":"https:\/\/www.empresaqui.com.br\/blog\/wp-json\/wp\/v2\/posts\/322\/revisions"}],"predecessor-version":[{"id":323,"href":"https:\/\/www.empresaqui.com.br\/blog\/wp-json\/wp\/v2\/posts\/322\/revisions\/323"}],"wp:attachment":[{"href":"https:\/\/www.empresaqui.com.br\/blog\/wp-json\/wp\/v2\/media?parent=322"}],"wp:term":[{"taxonomy":"category","embeddable":true,"href":"https:\/\/www.empresaqui.com.br\/blog\/wp-json\/wp\/v2\/categories?post=322"},{"taxonomy":"post_tag","embeddable":true,"href":"https:\/\/www.empresaqui.com.br\/blog\/wp-json\/wp\/v2\/tags?post=322"}],"curies":[{"name":"wp","href":"https:\/\/api.w.org\/{rel}","templated":true}]}}