{"id":307,"date":"2021-05-14T11:55:32","date_gmt":"2021-05-14T14:55:32","guid":{"rendered":"https:\/\/empresaqui.com.br\/blog\/?p=307"},"modified":"2026-04-01T10:41:35","modified_gmt":"2026-04-01T13:41:35","slug":"empresa-cidada","status":"publish","type":"post","link":"https:\/\/www.empresaqui.com.br\/blog\/empresa-cidada\/","title":{"rendered":"Lista de Empresas Inscritas no Programa Empresa Cidad\u00e3"},"content":{"rendered":"\n<p>Ol\u00e1! Listamos com&nbsp;<strong>Exclusividade<\/strong> em nossa plataforma&nbsp;<strong>EmpresAqui,<\/strong> a lista de empresas no programa&nbsp;Empresa Cidad\u00e3, do Governo Federal.&nbsp;S\u00e3o mais de 22 mil empresas inscritas, e dispon\u00edveis detalhadamente na nossa plataforma!<\/p>\n\n\n\n<p>O Programa Empresa Cidad\u00e3 \u00e9 uma iniciativa que visa estimular a responsabilidade social corporativa, incentivando empresas a contribu\u00edrem para o bem-estar da sociedade e que decidem estender a licen\u00e7a maternidade e paternidade de seus empregados&nbsp;<\/p>\n\n\n\n<p>Ao aderir a esse programa, as organiza\u00e7\u00f5es demonstram seu compromisso com a cidadania, al\u00e9m de usufru\u00edrem de vantagens competitivas no mercado. <\/p>\n\n\n\n<div id=\"ez-toc-container\" class=\"ez-toc-v2_0_81 ez-toc-wrap-left counter-hierarchy ez-toc-counter ez-toc-custom ez-toc-container-direction\">\n<div class=\"ez-toc-title-container\">\n<p class=\"ez-toc-title\" style=\"cursor:inherit\">Neste artigo voc\u00ea vai ver:<\/p>\n<span class=\"ez-toc-title-toggle\"><a href=\"#\" class=\"ez-toc-pull-right ez-toc-btn ez-toc-btn-xs ez-toc-btn-default ez-toc-toggle\" aria-label=\"Alternar tabela de conte\u00fado\"><span class=\"ez-toc-js-icon-con\"><span class=\"\"><span class=\"eztoc-hide\" style=\"display:none;\">Toggle<\/span><span class=\"ez-toc-icon-toggle-span\"><svg style=\"fill: #0066bf;color:#0066bf\" xmlns=\"http:\/\/www.w3.org\/2000\/svg\" class=\"list-377408\" width=\"20px\" height=\"20px\" viewBox=\"0 0 24 24\" fill=\"none\"><path d=\"M6 6H4v2h2V6zm14 0H8v2h12V6zM4 11h2v2H4v-2zm16 0H8v2h12v-2zM4 16h2v2H4v-2zm16 0H8v2h12v-2z\" fill=\"currentColor\"><\/path><\/svg><svg style=\"fill: #0066bf;color:#0066bf\" class=\"arrow-unsorted-368013\" xmlns=\"http:\/\/www.w3.org\/2000\/svg\" width=\"10px\" height=\"10px\" viewBox=\"0 0 24 24\" version=\"1.2\" baseProfile=\"tiny\"><path d=\"M18.2 9.3l-6.2-6.3-6.2 6.3c-.2.2-.3.4-.3.7s.1.5.3.7c.2.2.4.3.7.3h11c.3 0 .5-.1.7-.3.2-.2.3-.5.3-.7s-.1-.5-.3-.7zM5.8 14.7l6.2 6.3 6.2-6.3c.2-.2.3-.5.3-.7s-.1-.5-.3-.7c-.2-.2-.4-.3-.7-.3h-11c-.3 0-.5.1-.7.3-.2.2-.3.5-.3.7s.1.5.3.7z\"\/><\/svg><\/span><\/span><\/span><\/a><\/span><\/div>\n<nav><ul class='ez-toc-list ez-toc-list-level-1 ' ><li class='ez-toc-page-1 ez-toc-heading-level-2'><a class=\"ez-toc-link ez-toc-heading-1\" href=\"https:\/\/www.empresaqui.com.br\/blog\/empresa-cidada\/#O_que_e_o_projeto_Empresa_Cidada\" >O que \u00e9 o projeto&nbsp;Empresa Cidad\u00e3?<\/a><\/li><li class='ez-toc-page-1 ez-toc-heading-level-2'><a class=\"ez-toc-link ez-toc-heading-2\" href=\"https:\/\/www.empresaqui.com.br\/blog\/empresa-cidada\/#Ebook_A_Arte_das_Vendas_B2B\" >Ebook A Arte das Vendas B2B<\/a><\/li><li class='ez-toc-page-1 ez-toc-heading-level-2'><a class=\"ez-toc-link ez-toc-heading-3\" href=\"https:\/\/www.empresaqui.com.br\/blog\/empresa-cidada\/#Como_funciona_o_Programa_Empresa_Cidada\" >Como funciona o Programa Empresa Cidad\u00e3?<\/a><\/li><li class='ez-toc-page-1 ez-toc-heading-level-2'><a class=\"ez-toc-link ez-toc-heading-4\" href=\"https:\/\/www.empresaqui.com.br\/blog\/empresa-cidada\/#Quem_pode_aderir_ao_Empresa_Cidada\" >Quem pode aderir ao Empresa Cidad\u00e3?<\/a><\/li><li class='ez-toc-page-1 ez-toc-heading-level-2'><a class=\"ez-toc-link ez-toc-heading-5\" href=\"https:\/\/www.empresaqui.com.br\/blog\/empresa-cidada\/#Como_se_inscrever_no_Programa_Empresa_Cidada\" >Como se inscrever no Programa Empresa Cidad\u00e3?<\/a><\/li><li class='ez-toc-page-1 ez-toc-heading-level-2'><a class=\"ez-toc-link ez-toc-heading-6\" href=\"https:\/\/www.empresaqui.com.br\/blog\/empresa-cidada\/#Como_saber_se_a_empresa_e_uma_Empresa_Cidada\" >Como saber se a empresa \u00e9 uma Empresa Cidad\u00e3?<\/a><\/li><\/ul><\/nav><\/div>\n<h2 class=\"wp-block-heading\"><span class=\"ez-toc-section\" id=\"O_que_e_o_projeto_Empresa_Cidada\"><\/span>O que \u00e9 o projeto&nbsp;Empresa Cidad\u00e3?<span class=\"ez-toc-section-end\"><\/span><\/h2>\n\n\n\n<p>O Programa Empresa Cidad\u00e3, institu\u00eddo pela Lei n\u00ba 11.770\/2008 e regulamentado pelo Decreto n\u00ba 7.052\/2009, destina-se a prorrogar por sessenta dias a dura\u00e7\u00e3o da licen\u00e7a-maternidade e por quinze dias, al\u00e9m dos cinco j\u00e1 estabelecidos, a dura\u00e7\u00e3o da licen\u00e7a-paternidade (Lei n\u00ba 13.257\/2016).<\/p>\n\n\n\n<p>A prorroga\u00e7\u00e3o ser\u00e1 garantida \u00e0 empregada da pessoa jur\u00eddica que aderir ao Programa, desde que seja solicitada at\u00e9 o final do primeiro m\u00eas ap\u00f3s o parto, sendo concedida imediatamente ap\u00f3s a frui\u00e7\u00e3o da licen\u00e7a-maternidade.<\/p>\n\n\n\n<p>A extens\u00e3o do benef\u00edcio tamb\u00e9m ser\u00e1 concedida ao empregado da pessoa jur\u00eddica inclu\u00edda no Programa, desde que solicitada no prazo de dois dias \u00fateis ap\u00f3s o parto e que seja comprovada a participa\u00e7\u00e3o em programa ou atividade de orienta\u00e7\u00e3o sobre paternidade respons\u00e1vel pelo empregado.<\/p>\n\n\n\n<p>Seguindo os crit\u00e9rios, os pais t\u00eam a possibilidade de tirar at\u00e9 2 dias de folga durante a gravidez para consultas e exames do parceiro. Al\u00e9m do direito a um dia por ano para acompanhar consultas m\u00e9dicas de crian\u00e7as com menos de seis anos.<\/p>\n\n\n\n<p>A remunera\u00e7\u00e3o dos empregados no per\u00edodo adicional na licen\u00e7a-maternidade e paternidade, proposto pela Empresa Cidad\u00e3, \u00e9 paga pelo Governo Federal por meio do abatimento de impostos referentes aos prolongamentos.<\/p>\n\n\n\n<p>Saiba mais sobre o programa na <strong><a href=\"https:\/\/www.gov.br\/receitafederal\/pt-br\/assuntos\/orientacao-tributaria\/beneficios-fiscais\/programa-empresa-cidada\/orientacoes\" target=\"_blank\" rel=\"noreferrer noopener\">p\u00e1gina oficial do Governo Federal<\/a><\/strong>.<\/p>\n\n\n\n<style>\n    body {\n        font-family: 'Montserrat', sans-serif;\n        margin: 0;\n        padding: 0;\n        background-color: #F4F4F4;\n    }\n    .cta-container {\n        display: flex;\n        flex-direction: column;\n        align-items: center;\n        justify-content: center;\n        background-color: #131763;\n        padding: 20px 5px;\n        color: white;\n        max-width: 1000px;\n        margin: 20px auto;\n    }\n    .linha-um {\n        display: flex;\n        flex-direction: row;\n        width: 100%;\n    }\n    .cta-image {\n        width: 100%;\n        display: flex;\n        justify-content: center;\n    }\n    .cta-image img {\n        height: auto;\n        width: 100%;\n    }\n    .cta-content {\n        width: 70%;\n        padding: 0px;\n        text-align: center;\n        margin-left: 10px;\n        margin-right: 10px;\n        display: flex;\n        justify-content: center;\n        flex-direction: column;\n    }\n    .cta-content h2 {\n        text-shadow:\n            0 0 5px rgba(0, 0, 0, 1);\n        font-size: 24px !important;\n        margin: 0 0 10px;\n        line-height: 1.2;\n        text-align: center;\n        color: white;\n    }\n    .cta-content p {\n        font-size: 15px;\n        text-align: center;\n    }\n    .animated-button {\n        color: #031844;\n        font-weight: bold;\n        font-size: 15px;\n        font-family: 'Montserrat', sans-serif;\n        padding: 2px 20px;\n        background-color: #0CFFFB;\n        border: 1px solid #000;\n        border-radius: 45px;\n        cursor: pointer;\n        transition: all 0.3s ease;\n        transform: scale(0.9);\n        opacity: 0;\n        animation: fadeInScale 0.5s ease forwards;\n        text-shadow:\n            0 0 5px rgba(0, 0, 0, 0.4);\n        text-decoration: none;\n        display: block;\n        margin: 0px auto;\n        width: fit-content;\n    }\n    .animated-button:hover {\n        background-color: #00E1FF;\n        transform: scale(1.05);\n    }\n    .animated-button:active {\n        background-color: #00B8D4;\n        transform: scale(0.95);\n    }\n    @keyframes fadeInScale {\n        0% {\n            transform: scale(0.9);\n            opacity: 0;\n        }\n        100% {\n            transform: scale(1);\n            opacity: 1;\n        }\n    }\n    @media (max-width: 768px) {\n        .cta-container {\n            flex-direction: column;\n            text-align: center;\n        }\n        .linha-um {\n            flex-direction: column;\n            align-items: center;\n        }\n        .cta-image {\n            width: 100%;\n            margin-bottom: 20px;\n        }\n        .cta-content {\n            width: 100%;\n            margin-left: 0;\n            margin-right: 0;\n        }\n        .animated-button {\n            margin-top: 5px;\n            padding: 12px 30px;\n        }\n    }\n<\/style>\n<div class=\"cta-container\">\n    <div class=\"linha-um\">\n        <div class=\"cta-image\">\n            <img decoding=\"async\" class=\"item\" loading=\"lazy\" src=\"https:\/\/empresaqui.com.br\/img\/Landing_Page_EBOOK.png\" alt=\"ebook\" id=\"ebook\">\n        <\/div>\n        <div class=\"cta-content\">\n            <h2><span class=\"ez-toc-section\" id=\"Ebook_A_Arte_das_Vendas_B2B\"><\/span>Ebook A Arte das Vendas B2B<span class=\"ez-toc-section-end\"><\/span><\/h2>\n            <p>Aprenda as estrat\u00e9gias mais eficazes para prospectar clientes, negociar contratos e construir relacionamentos s\u00f3lidos que geram resultados duradouros.<\/p>\n        <\/div>\n    <\/div>\n    <a href=\"https:\/\/empresaqui.com.br\/ebook-a-arte-das-vendas-b2b\" data-toggle=\"modal\" data-target=\"#ModalCarregando\" class=\"animated-button item\">BAIXE GRATUITAMENTE<\/a>\n<\/div>\n\n\n\n<h2 class=\"wp-block-heading\"><span class=\"ez-toc-section\" id=\"Como_funciona_o_Programa_Empresa_Cidada\"><\/span><strong>Como funciona o Programa Empresa Cidad\u00e3?<\/strong><span class=\"ez-toc-section-end\"><\/span><\/h2>\n\n\n\n<p>As empresas que participam do Programa Empresa Cidad\u00e3 dedicam recursos financeiros, humanos ou materiais para projetos sociais. Essas a\u00e7\u00f5es podem variar desde a extens\u00e3o das licen\u00e7as maternidade e paternidade, campanhas de voluntariado, e at\u00e9 parcerias com organiza\u00e7\u00f5es n\u00e3o governamentais.&nbsp;<\/p>\n\n\n\n<p>Al\u00e9m do impacto positivo na comunidade, as empresas podem <strong>usufruir de benef\u00edcios fiscais, melhorar a imagem da marca e atrair consumidores comprometidos com valores sociais<\/strong>.<\/p>\n\n\n\n<h3 class=\"wp-block-heading\"><strong>1. Amplia\u00e7\u00e3o de Licen\u00e7a-Maternidade:<\/strong><\/h3>\n\n\n\n<ul class=\"wp-block-list\">\n<li>A vantagem de ampliar a licen\u00e7a-maternidade de 4 para 6 meses \u00e9 oferecida \u00e0s empresas que participam do programa.<\/li>\n\n\n\n<li>A licen\u00e7a-paternidade tamb\u00e9m foi estendida de 5 para 20 dias.<\/li>\n<\/ul>\n\n\n\n<h3 class=\"wp-block-heading\"><strong>2. Negocia\u00e7\u00e3o Individual:<\/strong><\/h3>\n\n\n\n<ul class=\"wp-block-list\">\n<li>As empresas t\u00eam a autonomia de negociar prorroga\u00e7\u00f5es com cada trabalhador.<\/li>\n\n\n\n<li>A decis\u00e3o de conceder a extens\u00e3o depender\u00e1 das negocia\u00e7\u00f5es entre a empresa e o funcion\u00e1rio.<\/li>\n<\/ul>\n\n\n\n<h3 class=\"wp-block-heading\"><strong>3. Remunera\u00e7\u00e3o Integral:<\/strong><\/h3>\n\n\n\n<ul class=\"wp-block-list\">\n<li>Em casos de prorroga\u00e7\u00e3o permitida, o empregado tem direito ao pagamento integral durante todo o per\u00edodo estendido.<\/li>\n<\/ul>\n\n\n\n<h3 class=\"wp-block-heading\"><strong>4. Prazos e Processos:<\/strong><\/h3>\n\n\n\n<ul class=\"wp-block-list\">\n<li>A solicita\u00e7\u00e3o de licen\u00e7a maternidade estendida pode ser feita at\u00e9 um m\u00eas ap\u00f3s o parto.<\/li>\n\n\n\n<li>A concess\u00e3o da prorroga\u00e7\u00e3o ocorre imediatamente ap\u00f3s o fim da licen\u00e7a obrigat\u00f3ria de 4 meses.<\/li>\n\n\n\n<li>A solicita\u00e7\u00e3o de amplia\u00e7\u00e3o da licen\u00e7a paternidade deve ocorrer nos dois dias ap\u00f3s a ado\u00e7\u00e3o ou nascimento.<\/li>\n\n\n\n<li>A participa\u00e7\u00e3o em programa de mentoria ou atividade de paternidade respons\u00e1vel durante o pr\u00e9-natal \u00e9 exigida nesses casos.<\/li>\n\n\n\n<li>A licen\u00e7a de paternidade tamb\u00e9m pode expirar nos casos de parto prematuro, e come\u00e7a imediatamente ap\u00f3s os cinco dias estipulados pela legisla\u00e7\u00e3o.<\/li>\n<\/ul>\n\n\n\n<h3 class=\"wp-block-heading\"><strong>5. Restri\u00e7\u00f5es Durante as Licen\u00e7as:<\/strong><\/h3>\n\n\n\n<ul class=\"wp-block-list\">\n<li>No decorrer das licen\u00e7as de maternidade e paternidade estendidas, \u00e9 proibido exercer atividades remuneradas.<\/li>\n\n\n\n<li>A matr\u00edcula de filhos em creches durante esse per\u00edodo tamb\u00e9m n\u00e3o \u00e9 permitida.<\/li>\n\n\n\n<li>O descumprimento dessas restri\u00e7\u00f5es resulta na perda dos benef\u00edcios.<\/li>\n<\/ul>\n\n\n\n<h3 class=\"wp-block-heading\"><strong>Quais os benef\u00edcios de ser uma Empresa Cidad\u00e3?<\/strong><\/h3>\n\n\n\n<p><strong>Vantagem Competitiva:<\/strong> Empresas socialmente respons\u00e1veis t\u00eam uma imagem mais positiva, o que pode diferenci\u00e1-las no mercado.<\/p>\n\n\n\n<p><strong>Benef\u00edcios Fiscais:<\/strong> Em alguns casos, as empresas podem obter benef\u00edcios fiscais ao participar do programa.<\/p>\n\n\n\n<p><strong>Engajamento dos Funcion\u00e1rios:<\/strong> A participa\u00e7\u00e3o em a\u00e7\u00f5es sociais fortalece o engajamento e a satisfa\u00e7\u00e3o dos colaboradores.<\/p>\n\n\n\n<h2 class=\"wp-block-heading\"><span class=\"ez-toc-section\" id=\"Quem_pode_aderir_ao_Empresa_Cidada\"><\/span><strong>Quem pode aderir ao Empresa Cidad\u00e3?<\/strong><span class=\"ez-toc-section-end\"><\/span><\/h2>\n\n\n\n<p>Empresas de todos os portes e setores podem participar do Programa Empresa Cidad\u00e3. A iniciativa busca envolver uma ampla gama de organiza\u00e7\u00f5es, desde pequenos neg\u00f3cios locais at\u00e9 grandes corpora\u00e7\u00f5es, promovendo a inclus\u00e3o e a diversidade na contribui\u00e7\u00e3o para o bem social.<\/p>\n\n\n\n<p>N\u00e3o h\u00e1 restri\u00e7\u00f5es quanto ao segmento de atua\u00e7\u00e3o, permitindo que empresas dos mais diversos setores possam aderir e fazer a diferen\u00e7a.<\/p>\n\n\n\n<p>Vale falar que apenas aquelas que <strong>tributam somente sobre os lucros reais<\/strong> <strong>t\u00eam direito \u00e0s facilidades fiscais<\/strong>. \u00c9 importante ficar atento a essa condi\u00e7\u00e3o, inclusive por motivos de controle financeiro.<\/p>\n\n\n\n<p>Para as empresas que participam, \u00e9 poss\u00edvel reduzir o valor pago enquanto houver a extens\u00e3o da licen\u00e7a maternidade como parte do Imposto de Renda Pessoa Jur\u00eddica. Veja a seguir quais s\u00e3o as regras para validar:<\/p>\n\n\n\n<ol class=\"wp-block-list\">\n<li>N\u00e3o utilizar a diferen\u00e7a como gasto operacional;<\/li>\n\n\n\n<li>Limitar as dedu\u00e7\u00f5es \u00e0 quantia do Imposto de Renda calculando a partir do lucro acumulado no trimestre ou no <strong><a href=\"https:\/\/www.empresaqui.com.br\/blog\/lucro-real\/\" target=\"_blank\" rel=\"noreferrer noopener\">lucro real<\/a><\/strong> contabilizado no momento do reajuste anual;<\/li>\n\n\n\n<li>Fa\u00e7a a soma do total a pagar pela licen\u00e7a maternidade estendida ao lucro l\u00edquido para calcular a base rendimento e da contribui\u00e7\u00e3o social sobre o lucro l\u00edquido (<strong><a href=\"https:\/\/www.empresaqui.com.br\/blog\/csll\/\" target=\"_blank\" rel=\"noreferrer noopener\">CSLL<\/a><\/strong>);<\/li>\n\n\n\n<li>Fa\u00e7a o registro do custo de cada extens\u00e3o da licen\u00e7a maternidade e paternidade para ter o devido registro no exerc\u00edcio social;<\/li>\n\n\n\n<li>N\u00e3o tenha nenhuma pend\u00eancia junto \u00e0 Receita Federal em rela\u00e7\u00e3o \u00e0s comprova\u00e7\u00f5es de impostos federais devidos e qualquer outro cr\u00e9dito registrado com <strong><a href=\"https:\/\/www.empresaqui.com.br\/blog\/divida-ativa\/\" target=\"_blank\" rel=\"noreferrer noopener\">divida ativa<\/a><\/strong>.<\/li>\n<\/ol>\n\n\n\n<p>Nesses casos, o estado n\u00e3o devolve o valor pago.<\/p>\n\n\n\n<h2 class=\"wp-block-heading\"><span class=\"ez-toc-section\" id=\"Como_se_inscrever_no_Programa_Empresa_Cidada\"><\/span><strong>Como se inscrever no Programa Empresa Cidad\u00e3?<\/strong><span class=\"ez-toc-section-end\"><\/span><\/h2>\n\n\n\n<p>Para participar e se inscrever no Programa Empresa Cidad\u00e3, a companhia precisa fazer um requerimento online no <a href=\"https:\/\/cav.receita.fazenda.gov.br\/autenticacao\/login\/index\" target=\"_blank\" rel=\"noreferrer noopener\"><strong>site da Receita Federal<\/strong><\/a>. Para isso, basta acessar o Portal <strong>e-CAC<\/strong> na plataforma de atendimento.&nbsp;<\/p>\n\n\n\n<p>Para avan\u00e7ar no procedimento, \u00e9 necess\u00e1rio possuir o c\u00f3digo de acesso ou utilizar o certificado digital. Ap\u00f3s a conclus\u00e3o do processo, n\u00e3o \u00e9 necess\u00e1rio renovar a ades\u00e3o.<\/p>\n\n\n\n<p>\u00c9 importante destacar que a ades\u00e3o pode ser cancelada a qualquer momento. No entanto, \u00e9 necess\u00e1rio se dirigir a uma unidade presencial de atendimento da Receita Federal, pois o servi\u00e7o de cancelamento ainda n\u00e3o est\u00e1 dispon\u00edvel online.<\/p>\n\n\n\n<h2 class=\"wp-block-heading\"><span class=\"ez-toc-section\" id=\"Como_saber_se_a_empresa_e_uma_Empresa_Cidada\"><\/span><strong>Como saber se a empresa \u00e9 uma Empresa Cidad\u00e3?<\/strong><span class=\"ez-toc-section-end\"><\/span><\/h2>\n\n\n\n<p>Voc\u00ea pode <a href=\"https:\/\/www.empresaqui.com.br\/acesso\/empresacidada\"><strong>efetuar a pesquisa destas empresas em nossa plataforma<\/strong><\/a>, pelo menu&nbsp;Empresa Cidad\u00e3, ou ser\u00e1 exibido em sua pesquisa de empresas por filtros, o \u00edcone de m\u00e3os dadas, e a informa\u00e7\u00e3o logo na Raz\u00e3o Social de cada empresa listada, participante do programa, <strong>ou pelo formul\u00e1rio abaixo, informando o CNPJ da Empresa para verifica\u00e7\u00e3o se faz ou n\u00e3o parte do programa:<\/strong><\/p>\n\n\n\n<p><strong><span style=\"font-size: 24px; color: black; \"><\/span><\/strong><\/p>\n<iframe loading=\"lazy\" src=\"https:\/\/www.empresaqui.com.br\/acesso\/ConsultaCNPJ.php?utm_source=blog\" height=\"350\" width=\"100%\" border=\"0\" frameborder=\"0\" marginwidth=\"0\" marginheight=\"0\">\n\t\n<\/iframe>\n\n\n\n<p>Esta \u00e9 mais uma fun\u00e7\u00e3o exclusiva e pioneira do&nbsp;<strong>EmpresAqui<\/strong>, para otimiza\u00e7\u00e3o das prospec\u00e7\u00f5es e novos neg\u00f3cios empresariais pelos nossos clientes e usu\u00e1rios.<\/p>\n\n\n\n<p><strong>E caso voc\u00ea ainda n\u00e3o tenha ativado seu plano,<\/strong>&nbsp;e consulte as <strong><a href=\"https:\/\/www.empresaqui.com.br\/desconto-exclusivo\" target=\"_blank\" rel=\"noreferrer noopener\">formas de assinatura do EmpresAqui<\/a><\/strong>, e escolha a que melhor encaixa para voc\u00ea, lembrando sempre que&nbsp;<strong>assinantes t\u00eam a possibilidade exclusiva de exportar personalizadamente todos os dados de todas as empresas desejadas para Excel, PDF e Impress\u00e3o,&nbsp;<\/strong>al\u00e9m de filtros e nosso&nbsp;<strong><a href=\"https:\/\/www.empresaqui.com.br\/blog\/mapeamento-de-mercado\/\" target=\"_blank\" rel=\"noreferrer noopener\">Mapeamento de Mercado inteligente<\/a><\/strong>&nbsp;exclusivos.<\/p>\n\n\n\n<p>Um abra\u00e7o e bons neg\u00f3cios.<\/p>\n","protected":false},"excerpt":{"rendered":"<p>Ol\u00e1! Listamos com&nbsp;Exclusividade em nossa plataforma&nbsp;EmpresAqui, a lista de empresas no programa&nbsp;Empresa Cidad\u00e3, do Governo Federal.&nbsp;S\u00e3o mais de 22 mil [&hellip;]<\/p>\n","protected":false},"author":8,"featured_media":0,"comment_status":"open","ping_status":"open","sticky":false,"template":"","format":"standard","meta":{"_acf_changed":false,"_uag_custom_page_level_css":"","site-sidebar-layout":"default","site-content-layout":"","ast-site-content-layout":"default","site-content-style":"default","site-sidebar-style":"default","ast-global-header-display":"","ast-banner-title-visibility":"","ast-main-header-display":"","ast-hfb-above-header-display":"","ast-hfb-below-header-display":"","ast-hfb-mobile-header-display":"","site-post-title":"","ast-breadcrumbs-content":"","ast-featured-img":"","footer-sml-layout":"","theme-transparent-header-meta":"","adv-header-id-meta":"","stick-header-meta":"","header-above-stick-meta":"","header-main-stick-meta":"","header-below-stick-meta":"","astra-migrate-meta-layouts":"default","ast-page-background-enabled":"default","ast-page-background-meta":{"desktop":{"background-color":"var(--ast-global-color-4)","background-image":"","background-repeat":"repeat","background-position":"center center","background-size":"auto","background-attachment":"scroll","background-type":"","background-media":"","overlay-type":"","overlay-color":"","overlay-opacity":"","overlay-gradient":""},"tablet":{"background-color":"","background-image":"","background-repeat":"repeat","background-position":"center center","background-size":"auto","background-attachment":"scroll","background-type":"","background-media":"","overlay-type":"","overlay-color":"","overlay-opacity":"","overlay-gradient":""},"mobile":{"background-color":"","background-image":"","background-repeat":"repeat","background-position":"center center","background-size":"auto","background-attachment":"scroll","background-type":"","background-media":"","overlay-type":"","overlay-color":"","overlay-opacity":"","overlay-gradient":""}},"ast-content-background-meta":{"desktop":{"background-color":"var(--ast-global-color-5)","background-image":"","background-repeat":"repeat","background-position":"center center","background-size":"auto","background-attachment":"scroll","background-type":"","background-media":"","overlay-type":"","overlay-color":"","overlay-opacity":"","overlay-gradient":""},"tablet":{"background-color":"var(--ast-global-color-5)","background-image":"","background-repeat":"repeat","background-position":"center center","background-size":"auto","background-attachment":"scroll","background-type":"","background-media":"","overlay-type":"","overlay-color":"","overlay-opacity":"","overlay-gradient":""},"mobile":{"background-color":"var(--ast-global-color-5)","background-image":"","background-repeat":"repeat","background-position":"center center","background-size":"auto","background-attachment":"scroll","background-type":"","background-media":"","overlay-type":"","overlay-color":"","overlay-opacity":"","overlay-gradient":""}},"footnotes":""},"categories":[4,1],"tags":[53,13,27],"class_list":["post-307","post","type-post","status-publish","format-standard","hentry","category-dicas-de-uso","category-noticias","tag-dados-de-empresas","tag-empresaqui","tag-listas-de-empresas"],"acf":[],"yoast_head":"<!-- This site is optimized with the Yoast SEO plugin v27.4 - https:\/\/yoast.com\/product\/yoast-seo-wordpress\/ -->\n<title>Lista de Empresas Inscritas no Programa Empresa Cidad\u00e3<\/title>\n<meta name=\"description\" content=\"Listas de Empresas inscritas no Programa Empresa Cidad\u00e3 do Governo Federal, exclusivas em sua plataforma EmpresAqui.\" \/>\n<meta name=\"robots\" content=\"index, follow, max-snippet:-1, max-image-preview:large, max-video-preview:-1\" \/>\n<link rel=\"canonical\" href=\"https:\/\/www.empresaqui.com.br\/blog\/empresa-cidada\/\" \/>\n<meta property=\"og:locale\" content=\"pt_BR\" \/>\n<meta property=\"og:type\" content=\"article\" \/>\n<meta property=\"og:title\" content=\"Lista de Empresas Inscritas no Programa Empresa Cidad\u00e3\" \/>\n<meta property=\"og:description\" content=\"Listas de Empresas inscritas no Programa Empresa Cidad\u00e3 do Governo Federal, exclusivas em sua plataforma EmpresAqui.\" \/>\n<meta property=\"og:url\" content=\"https:\/\/www.empresaqui.com.br\/blog\/empresa-cidada\/\" \/>\n<meta property=\"og:site_name\" content=\"Blog EmpresAqui\" \/>\n<meta property=\"article:publisher\" content=\"https:\/\/www.facebook.com\/empresaquibr\" \/>\n<meta property=\"article:published_time\" content=\"2021-05-14T14:55:32+00:00\" \/>\n<meta property=\"article:modified_time\" content=\"2026-04-01T13:41:35+00:00\" \/>\n<meta property=\"og:image\" content=\"https:\/\/empresaqui.com.br\/img\/Landing_Page_EBOOK.png\" \/>\n<meta name=\"author\" content=\"Danillo Rocha\" \/>\n<meta name=\"twitter:card\" content=\"summary_large_image\" \/>\n<meta name=\"twitter:label1\" content=\"Escrito por\" \/>\n\t<meta name=\"twitter:data1\" content=\"Danillo Rocha\" \/>\n\t<meta name=\"twitter:label2\" content=\"Est. tempo de leitura\" \/>\n\t<meta name=\"twitter:data2\" content=\"7 minutos\" \/>\n<script type=\"application\/ld+json\" class=\"yoast-schema-graph\">{\"@context\":\"https:\\\/\\\/schema.org\",\"@graph\":[{\"@type\":\"Article\",\"@id\":\"https:\\\/\\\/www.empresaqui.com.br\\\/blog\\\/empresa-cidada\\\/#article\",\"isPartOf\":{\"@id\":\"https:\\\/\\\/www.empresaqui.com.br\\\/blog\\\/empresa-cidada\\\/\"},\"author\":{\"name\":\"Danillo Rocha\",\"@id\":\"https:\\\/\\\/www.empresaqui.com.br\\\/blog\\\/#\\\/schema\\\/person\\\/be165d2b8065bfa20b88787a07cf9e96\"},\"headline\":\"Lista de Empresas Inscritas no Programa Empresa Cidad\u00e3\",\"datePublished\":\"2021-05-14T14:55:32+00:00\",\"dateModified\":\"2026-04-01T13:41:35+00:00\",\"mainEntityOfPage\":{\"@id\":\"https:\\\/\\\/www.empresaqui.com.br\\\/blog\\\/empresa-cidada\\\/\"},\"wordCount\":1329,\"commentCount\":0,\"publisher\":{\"@id\":\"https:\\\/\\\/www.empresaqui.com.br\\\/blog\\\/#organization\"},\"image\":{\"@id\":\"https:\\\/\\\/www.empresaqui.com.br\\\/blog\\\/empresa-cidada\\\/#primaryimage\"},\"thumbnailUrl\":\"https:\\\/\\\/empresaqui.com.br\\\/img\\\/Landing_Page_EBOOK.png\",\"keywords\":[\"dados de empresas\",\"empresaqui\",\"listas de empresas\"],\"articleSection\":[\"Dicas de Uso\",\"Not\u00edcias\"],\"inLanguage\":\"pt-BR\"},{\"@type\":\"WebPage\",\"@id\":\"https:\\\/\\\/www.empresaqui.com.br\\\/blog\\\/empresa-cidada\\\/\",\"url\":\"https:\\\/\\\/www.empresaqui.com.br\\\/blog\\\/empresa-cidada\\\/\",\"name\":\"Lista de Empresas Inscritas no Programa Empresa Cidad\u00e3\",\"isPartOf\":{\"@id\":\"https:\\\/\\\/www.empresaqui.com.br\\\/blog\\\/#website\"},\"primaryImageOfPage\":{\"@id\":\"https:\\\/\\\/www.empresaqui.com.br\\\/blog\\\/empresa-cidada\\\/#primaryimage\"},\"image\":{\"@id\":\"https:\\\/\\\/www.empresaqui.com.br\\\/blog\\\/empresa-cidada\\\/#primaryimage\"},\"thumbnailUrl\":\"https:\\\/\\\/empresaqui.com.br\\\/img\\\/Landing_Page_EBOOK.png\",\"datePublished\":\"2021-05-14T14:55:32+00:00\",\"dateModified\":\"2026-04-01T13:41:35+00:00\",\"description\":\"Listas de Empresas inscritas no Programa Empresa Cidad\u00e3 do Governo Federal, exclusivas em sua plataforma EmpresAqui.\",\"breadcrumb\":{\"@id\":\"https:\\\/\\\/www.empresaqui.com.br\\\/blog\\\/empresa-cidada\\\/#breadcrumb\"},\"inLanguage\":\"pt-BR\",\"potentialAction\":[{\"@type\":\"ReadAction\",\"target\":[\"https:\\\/\\\/www.empresaqui.com.br\\\/blog\\\/empresa-cidada\\\/\"]}]},{\"@type\":\"ImageObject\",\"inLanguage\":\"pt-BR\",\"@id\":\"https:\\\/\\\/www.empresaqui.com.br\\\/blog\\\/empresa-cidada\\\/#primaryimage\",\"url\":\"https:\\\/\\\/empresaqui.com.br\\\/img\\\/Landing_Page_EBOOK.png\",\"contentUrl\":\"https:\\\/\\\/empresaqui.com.br\\\/img\\\/Landing_Page_EBOOK.png\"},{\"@type\":\"BreadcrumbList\",\"@id\":\"https:\\\/\\\/www.empresaqui.com.br\\\/blog\\\/empresa-cidada\\\/#breadcrumb\",\"itemListElement\":[{\"@type\":\"ListItem\",\"position\":1,\"name\":\"In\u00edcio\",\"item\":\"https:\\\/\\\/www.empresaqui.com.br\\\/blog\\\/\"},{\"@type\":\"ListItem\",\"position\":2,\"name\":\"Not\u00edcias\",\"item\":\"https:\\\/\\\/www.empresaqui.com.br\\\/blog\\\/category\\\/noticias\\\/\"},{\"@type\":\"ListItem\",\"position\":3,\"name\":\"Lista de Empresas Inscritas no Programa Empresa Cidad\u00e3\"}]},{\"@type\":\"WebSite\",\"@id\":\"https:\\\/\\\/www.empresaqui.com.br\\\/blog\\\/#website\",\"url\":\"https:\\\/\\\/www.empresaqui.com.br\\\/blog\\\/\",\"name\":\"Blog EmpresAqui\",\"description\":\"\",\"publisher\":{\"@id\":\"https:\\\/\\\/www.empresaqui.com.br\\\/blog\\\/#organization\"},\"potentialAction\":[{\"@type\":\"SearchAction\",\"target\":{\"@type\":\"EntryPoint\",\"urlTemplate\":\"https:\\\/\\\/www.empresaqui.com.br\\\/blog\\\/?s={search_term_string}\"},\"query-input\":{\"@type\":\"PropertyValueSpecification\",\"valueRequired\":true,\"valueName\":\"search_term_string\"}}],\"inLanguage\":\"pt-BR\"},{\"@type\":\"Organization\",\"@id\":\"https:\\\/\\\/www.empresaqui.com.br\\\/blog\\\/#organization\",\"name\":\"EmpresAqui\",\"url\":\"https:\\\/\\\/www.empresaqui.com.br\\\/blog\\\/\",\"logo\":{\"@type\":\"ImageObject\",\"inLanguage\":\"pt-BR\",\"@id\":\"https:\\\/\\\/www.empresaqui.com.br\\\/blog\\\/#\\\/schema\\\/logo\\\/image\\\/\",\"url\":\"https:\\\/\\\/www.empresaqui.com.br\\\/blog\\\/wp-content\\\/uploads\\\/2023\\\/02\\\/cropped-cropped-AdminLTELogo-2-1-1.png\",\"contentUrl\":\"https:\\\/\\\/www.empresaqui.com.br\\\/blog\\\/wp-content\\\/uploads\\\/2023\\\/02\\\/cropped-cropped-AdminLTELogo-2-1-1.png\",\"width\":100,\"height\":100,\"caption\":\"EmpresAqui\"},\"image\":{\"@id\":\"https:\\\/\\\/www.empresaqui.com.br\\\/blog\\\/#\\\/schema\\\/logo\\\/image\\\/\"},\"sameAs\":[\"https:\\\/\\\/www.facebook.com\\\/empresaquibr\",\"https:\\\/\\\/www.instagram.com\\\/empresaqui\"]},{\"@type\":\"Person\",\"@id\":\"https:\\\/\\\/www.empresaqui.com.br\\\/blog\\\/#\\\/schema\\\/person\\\/be165d2b8065bfa20b88787a07cf9e96\",\"name\":\"Danillo Rocha\",\"image\":{\"@type\":\"ImageObject\",\"inLanguage\":\"pt-BR\",\"@id\":\"https:\\\/\\\/secure.gravatar.com\\\/avatar\\\/a440539fd479fe3447e5aeaa627ba644f1a101516334fa5a2b263c192ba710bc?s=96&d=mm&r=g\",\"url\":\"https:\\\/\\\/secure.gravatar.com\\\/avatar\\\/a440539fd479fe3447e5aeaa627ba644f1a101516334fa5a2b263c192ba710bc?s=96&d=mm&r=g\",\"contentUrl\":\"https:\\\/\\\/secure.gravatar.com\\\/avatar\\\/a440539fd479fe3447e5aeaa627ba644f1a101516334fa5a2b263c192ba710bc?s=96&d=mm&r=g\",\"caption\":\"Danillo Rocha\"},\"description\":\"Danillo Rocha \u00e9 CEO e fundador do EmpresAqui, plataforma de intelig\u00eancia de mercado e gera\u00e7\u00e3o de leads B2B com mais de 300 mil usu\u00e1rios. Formado em Ci\u00eancia da Computa\u00e7\u00e3o, com especializa\u00e7\u00e3o em Softwares e Dados e Per\u00edcia Financeira, \u00e9 empreendedor em tecnologia e neg\u00f3cios B2B.\",\"sameAs\":[\"https:\\\/\\\/www.empresaqui.com.br\\\/\",\"https:\\\/\\\/www.instagram.com\\\/danillorocha10\",\"https:\\\/\\\/www.instagram.com\\\/danillorocha\"],\"url\":\"https:\\\/\\\/www.empresaqui.com.br\\\/blog\\\/author\\\/danillo-rocha\\\/\"}]}<\/script>\n<!-- \/ Yoast SEO plugin. -->","yoast_head_json":{"title":"Lista de Empresas Inscritas no Programa Empresa Cidad\u00e3","description":"Listas de Empresas inscritas no Programa Empresa Cidad\u00e3 do Governo Federal, exclusivas em sua plataforma EmpresAqui.","robots":{"index":"index","follow":"follow","max-snippet":"max-snippet:-1","max-image-preview":"max-image-preview:large","max-video-preview":"max-video-preview:-1"},"canonical":"https:\/\/www.empresaqui.com.br\/blog\/empresa-cidada\/","og_locale":"pt_BR","og_type":"article","og_title":"Lista de Empresas Inscritas no Programa Empresa Cidad\u00e3","og_description":"Listas de Empresas inscritas no Programa Empresa Cidad\u00e3 do Governo Federal, exclusivas em sua plataforma EmpresAqui.","og_url":"https:\/\/www.empresaqui.com.br\/blog\/empresa-cidada\/","og_site_name":"Blog EmpresAqui","article_publisher":"https:\/\/www.facebook.com\/empresaquibr","article_published_time":"2021-05-14T14:55:32+00:00","article_modified_time":"2026-04-01T13:41:35+00:00","og_image":[{"url":"https:\/\/empresaqui.com.br\/img\/Landing_Page_EBOOK.png","type":"","width":"","height":""}],"author":"Danillo Rocha","twitter_card":"summary_large_image","twitter_misc":{"Escrito por":"Danillo Rocha","Est. tempo de leitura":"7 minutos"},"schema":{"@context":"https:\/\/schema.org","@graph":[{"@type":"Article","@id":"https:\/\/www.empresaqui.com.br\/blog\/empresa-cidada\/#article","isPartOf":{"@id":"https:\/\/www.empresaqui.com.br\/blog\/empresa-cidada\/"},"author":{"name":"Danillo Rocha","@id":"https:\/\/www.empresaqui.com.br\/blog\/#\/schema\/person\/be165d2b8065bfa20b88787a07cf9e96"},"headline":"Lista de Empresas Inscritas no Programa Empresa Cidad\u00e3","datePublished":"2021-05-14T14:55:32+00:00","dateModified":"2026-04-01T13:41:35+00:00","mainEntityOfPage":{"@id":"https:\/\/www.empresaqui.com.br\/blog\/empresa-cidada\/"},"wordCount":1329,"commentCount":0,"publisher":{"@id":"https:\/\/www.empresaqui.com.br\/blog\/#organization"},"image":{"@id":"https:\/\/www.empresaqui.com.br\/blog\/empresa-cidada\/#primaryimage"},"thumbnailUrl":"https:\/\/empresaqui.com.br\/img\/Landing_Page_EBOOK.png","keywords":["dados de empresas","empresaqui","listas de empresas"],"articleSection":["Dicas de Uso","Not\u00edcias"],"inLanguage":"pt-BR"},{"@type":"WebPage","@id":"https:\/\/www.empresaqui.com.br\/blog\/empresa-cidada\/","url":"https:\/\/www.empresaqui.com.br\/blog\/empresa-cidada\/","name":"Lista de Empresas Inscritas no Programa Empresa Cidad\u00e3","isPartOf":{"@id":"https:\/\/www.empresaqui.com.br\/blog\/#website"},"primaryImageOfPage":{"@id":"https:\/\/www.empresaqui.com.br\/blog\/empresa-cidada\/#primaryimage"},"image":{"@id":"https:\/\/www.empresaqui.com.br\/blog\/empresa-cidada\/#primaryimage"},"thumbnailUrl":"https:\/\/empresaqui.com.br\/img\/Landing_Page_EBOOK.png","datePublished":"2021-05-14T14:55:32+00:00","dateModified":"2026-04-01T13:41:35+00:00","description":"Listas de Empresas inscritas no Programa Empresa Cidad\u00e3 do Governo Federal, exclusivas em sua plataforma EmpresAqui.","breadcrumb":{"@id":"https:\/\/www.empresaqui.com.br\/blog\/empresa-cidada\/#breadcrumb"},"inLanguage":"pt-BR","potentialAction":[{"@type":"ReadAction","target":["https:\/\/www.empresaqui.com.br\/blog\/empresa-cidada\/"]}]},{"@type":"ImageObject","inLanguage":"pt-BR","@id":"https:\/\/www.empresaqui.com.br\/blog\/empresa-cidada\/#primaryimage","url":"https:\/\/empresaqui.com.br\/img\/Landing_Page_EBOOK.png","contentUrl":"https:\/\/empresaqui.com.br\/img\/Landing_Page_EBOOK.png"},{"@type":"BreadcrumbList","@id":"https:\/\/www.empresaqui.com.br\/blog\/empresa-cidada\/#breadcrumb","itemListElement":[{"@type":"ListItem","position":1,"name":"In\u00edcio","item":"https:\/\/www.empresaqui.com.br\/blog\/"},{"@type":"ListItem","position":2,"name":"Not\u00edcias","item":"https:\/\/www.empresaqui.com.br\/blog\/category\/noticias\/"},{"@type":"ListItem","position":3,"name":"Lista de Empresas Inscritas no Programa Empresa Cidad\u00e3"}]},{"@type":"WebSite","@id":"https:\/\/www.empresaqui.com.br\/blog\/#website","url":"https:\/\/www.empresaqui.com.br\/blog\/","name":"Blog EmpresAqui","description":"","publisher":{"@id":"https:\/\/www.empresaqui.com.br\/blog\/#organization"},"potentialAction":[{"@type":"SearchAction","target":{"@type":"EntryPoint","urlTemplate":"https:\/\/www.empresaqui.com.br\/blog\/?s={search_term_string}"},"query-input":{"@type":"PropertyValueSpecification","valueRequired":true,"valueName":"search_term_string"}}],"inLanguage":"pt-BR"},{"@type":"Organization","@id":"https:\/\/www.empresaqui.com.br\/blog\/#organization","name":"EmpresAqui","url":"https:\/\/www.empresaqui.com.br\/blog\/","logo":{"@type":"ImageObject","inLanguage":"pt-BR","@id":"https:\/\/www.empresaqui.com.br\/blog\/#\/schema\/logo\/image\/","url":"https:\/\/www.empresaqui.com.br\/blog\/wp-content\/uploads\/2023\/02\/cropped-cropped-AdminLTELogo-2-1-1.png","contentUrl":"https:\/\/www.empresaqui.com.br\/blog\/wp-content\/uploads\/2023\/02\/cropped-cropped-AdminLTELogo-2-1-1.png","width":100,"height":100,"caption":"EmpresAqui"},"image":{"@id":"https:\/\/www.empresaqui.com.br\/blog\/#\/schema\/logo\/image\/"},"sameAs":["https:\/\/www.facebook.com\/empresaquibr","https:\/\/www.instagram.com\/empresaqui"]},{"@type":"Person","@id":"https:\/\/www.empresaqui.com.br\/blog\/#\/schema\/person\/be165d2b8065bfa20b88787a07cf9e96","name":"Danillo Rocha","image":{"@type":"ImageObject","inLanguage":"pt-BR","@id":"https:\/\/secure.gravatar.com\/avatar\/a440539fd479fe3447e5aeaa627ba644f1a101516334fa5a2b263c192ba710bc?s=96&d=mm&r=g","url":"https:\/\/secure.gravatar.com\/avatar\/a440539fd479fe3447e5aeaa627ba644f1a101516334fa5a2b263c192ba710bc?s=96&d=mm&r=g","contentUrl":"https:\/\/secure.gravatar.com\/avatar\/a440539fd479fe3447e5aeaa627ba644f1a101516334fa5a2b263c192ba710bc?s=96&d=mm&r=g","caption":"Danillo Rocha"},"description":"Danillo Rocha \u00e9 CEO e fundador do EmpresAqui, plataforma de intelig\u00eancia de mercado e gera\u00e7\u00e3o de leads B2B com mais de 300 mil usu\u00e1rios. Formado em Ci\u00eancia da Computa\u00e7\u00e3o, com especializa\u00e7\u00e3o em Softwares e Dados e Per\u00edcia Financeira, \u00e9 empreendedor em tecnologia e neg\u00f3cios B2B.","sameAs":["https:\/\/www.empresaqui.com.br\/","https:\/\/www.instagram.com\/danillorocha10","https:\/\/www.instagram.com\/danillorocha"],"url":"https:\/\/www.empresaqui.com.br\/blog\/author\/danillo-rocha\/"}]}},"uagb_featured_image_src":{"full":false,"thumbnail":false,"medium":false,"medium_large":false,"large":false,"1536x1536":false,"2048x2048":false},"uagb_author_info":{"display_name":"Danillo Rocha","author_link":"https:\/\/www.empresaqui.com.br\/blog\/author\/danillo-rocha\/"},"uagb_comment_info":2,"uagb_excerpt":"Ol\u00e1! Listamos com&nbsp;Exclusividade em nossa plataforma&nbsp;EmpresAqui, a lista de empresas no programa&nbsp;Empresa Cidad\u00e3, do Governo Federal.&nbsp;S\u00e3o mais de 22 mil [&hellip;]","_links":{"self":[{"href":"https:\/\/www.empresaqui.com.br\/blog\/wp-json\/wp\/v2\/posts\/307","targetHints":{"allow":["GET"]}}],"collection":[{"href":"https:\/\/www.empresaqui.com.br\/blog\/wp-json\/wp\/v2\/posts"}],"about":[{"href":"https:\/\/www.empresaqui.com.br\/blog\/wp-json\/wp\/v2\/types\/post"}],"author":[{"embeddable":true,"href":"https:\/\/www.empresaqui.com.br\/blog\/wp-json\/wp\/v2\/users\/8"}],"replies":[{"embeddable":true,"href":"https:\/\/www.empresaqui.com.br\/blog\/wp-json\/wp\/v2\/comments?post=307"}],"version-history":[{"count":16,"href":"https:\/\/www.empresaqui.com.br\/blog\/wp-json\/wp\/v2\/posts\/307\/revisions"}],"predecessor-version":[{"id":5449,"href":"https:\/\/www.empresaqui.com.br\/blog\/wp-json\/wp\/v2\/posts\/307\/revisions\/5449"}],"wp:attachment":[{"href":"https:\/\/www.empresaqui.com.br\/blog\/wp-json\/wp\/v2\/media?parent=307"}],"wp:term":[{"taxonomy":"category","embeddable":true,"href":"https:\/\/www.empresaqui.com.br\/blog\/wp-json\/wp\/v2\/categories?post=307"},{"taxonomy":"post_tag","embeddable":true,"href":"https:\/\/www.empresaqui.com.br\/blog\/wp-json\/wp\/v2\/tags?post=307"}],"curies":[{"name":"wp","href":"https:\/\/api.w.org\/{rel}","templated":true}]}}