{"id":2915,"date":"2024-10-15T15:16:54","date_gmt":"2024-10-15T18:16:54","guid":{"rendered":"https:\/\/www.empresaqui.com.br\/blog\/?p=2915"},"modified":"2025-05-09T15:31:10","modified_gmt":"2025-05-09T18:31:10","slug":"geracao-de-demanda-b2b","status":"publish","type":"post","link":"https:\/\/www.empresaqui.com.br\/blog\/geracao-de-demanda-b2b\/","title":{"rendered":"Gera\u00e7\u00e3o de Demanda B2B: como criar novas oportunidades de neg\u00f3cios"},"content":{"rendered":"\n<p>J\u00e1 imaginou <strong>atrair mais clientes e criar oportunidades de neg\u00f3cio B2B<\/strong> com estrat\u00e9gias que v\u00e3o al\u00e9m da prospec\u00e7\u00e3o tradicional? Se voc\u00ea quer impulsionar o crescimento da sua empresa, a gera\u00e7\u00e3o de demanda B2B pode ser exatamente o que voc\u00ea precisa!<\/p>\n\n\n\n<p>Com t\u00e9cnicas focadas em despertar o interesse do p\u00fablico-alvo e nutrir potenciais clientes ao longo do tempo, essa estrat\u00e9gia \u00e9 essencial para manter a relev\u00e2ncia e se destacar em um mercado cada vez mais competitivo.<\/p>\n\n\n\n<p>Quer entender como aplicar essas t\u00e1ticas de forma eficiente e garantir novas oportunidades de neg\u00f3cios para sua empresa? Ent\u00e3o continue a leitura!<\/p>\n\n\n\n<!-- CTA Prospec\u00e7\u00e3o B2B - fundo com gradiente azul, bot\u00e3o claro e brilho -->\n<style>\n  .prospeccao-cta-container, .prospeccao-cta-container * { box-sizing: border-box; }\n\n  .prospeccao-cta-container {\n    width: 100%;\n    max-width: 700px;\n    min-height: 250px;\n    background: linear-gradient(135deg, #000428, #004e92);\n    border-radius: 15px;\n    box-shadow: 0 4px 20px rgba(0,0,0,0.1);\n    display: flex;\n    align-items: center;\n    padding: 24px 28px;\n    justify-content: space-between;\n    margin: 0 auto;\n    gap: 20px;\n  }\n\n  .prospeccao-cta-text {\n    flex: 1;\n    padding-right: 10px;\n    font-family: Arial, sans-serif;\n    color: #ffffff;\n  }\n\n  \/* \ud83d\udd25 substitui o h2 *\/\n  .cta-title {\n    margin: 0;\n    font-size: 1.5em;\n    font-weight: bold;\n    color: #ffffff;\n    line-height: 1.2;\n  }\n\n  .prospeccao-cta-text p {\n    margin: 10px 0 16px 0;\n    font-size: 1em;\n    color: #f5f5f5;\n    line-height: 1.5;\n  }\n\n  .prospeccao-badge {\n    display: inline-block;\n    background-color: #007BFF;\n    color: white;\n    padding: 4px 10px;\n    border-radius: 8px;\n    font-size: 0.8em;\n    font-weight: bold;\n    margin-bottom: 8px;\n    white-space: nowrap;\n  }\n\n  .prospeccao-cta-button {\n    background: linear-gradient(90deg, #ffffff, #e6f0ff);\n    color: #002b80;\n    padding: 14px 24px;\n    font-size: 1.1em;\n    border-radius: 25px;\n    text-decoration: none;\n    font-weight: bold;\n    display: inline-block;\n    transition: transform 0.2s, box-shadow 0.2s;\n    box-shadow: 0 4px 10px rgba(0,0,0,0.15), 0 0 20px #0DFFFC;\n    white-space: nowrap;\n    font-family: Arial, sans-serif;\n    text-align: center;\n    -webkit-tap-highlight-color: transparent;\n  }\n\n  .prospeccao-cta-button:hover {\n    transform: translateY(-2px);\n    box-shadow: 0 6px 14px rgba(0,0,0,0.2), 0 0 30px #0DFFFC;\n  }\n\n  .highlight-text {\n    font-weight: bold;\n    color: #007BFF;\n  }\n\n  @media (max-width: 768px) {\n    .prospeccao-cta-container {\n      flex-direction: column;\n      align-items: stretch;\n      text-align: center;\n      padding: 20px;\n      gap: 16px;\n    }\n\n    .prospeccao-cta-text { padding-right: 0; }\n    .prospeccao-badge { margin: 0 auto 8px; white-space: normal; }\n\n    .cta-title { font-size: 1.35em; }\n    .prospeccao-cta-text p  { font-size: 0.95em; }\n    .prospeccao-cta-button  { font-size: 1em; white-space: normal; width: 100%; padding: 14px 18px; }\n  }\n\n  @media (max-width: 400px) {\n    .prospeccao-cta-container { border-radius: 12px; padding: 16px; }\n    .cta-title { font-size: 1.25em; }\n    .prospeccao-cta-text p  { font-size: 0.9em; }\n    .prospeccao-cta-button  { font-size: 0.98em; }\n  }\n\n  @media (prefers-reduced-motion: reduce) {\n    .prospeccao-cta-button { transition: none; }\n    .prospeccao-cta-button:hover { transform: none; }\n  }\n<\/style>\n\n<div class=\"prospeccao-cta-container\">\n  <div class=\"prospeccao-cta-text\">\n    <div class=\"prospeccao-badge\">MELHORE SEUS RESULTADOS<\/div>\n\n    <!-- \ud83d\udd25 agora N\u00c3O entra no TOC -->\n    <div class=\"cta-title\">PROSPEC\u00c7\u00c3O B2B MAIS R\u00c1PIDA E EFICIENTE<\/div>\n\n    <p>\n      Listas de empresas personalizadas com dados completos e base nacional.<br>\n      <span class=\"highlight-text\">Tudo em um s\u00f3 lugar.<\/span>\n    <\/p>\n  <\/div>\n\n  <div>\n    <a href=\"https:\/\/www.empresaqui.com.br\/plano-gratuito?utm_source=blog&amp;utm_medium=banner&amp;utm_campaign=CTA-GRATUITO-HTML\" class=\"prospeccao-cta-button\">\n      Teste Gr\u00e1tis\n    <\/a>\n  <\/div>\n<\/div>\n\n\n\n<div id=\"ez-toc-container\" class=\"ez-toc-v2_0_81 ez-toc-wrap-left counter-hierarchy ez-toc-counter ez-toc-custom ez-toc-container-direction\">\n<div class=\"ez-toc-title-container\">\n<p class=\"ez-toc-title\" style=\"cursor:inherit\">Neste artigo voc\u00ea vai ver:<\/p>\n<span class=\"ez-toc-title-toggle\"><a href=\"#\" class=\"ez-toc-pull-right ez-toc-btn ez-toc-btn-xs ez-toc-btn-default ez-toc-toggle\" aria-label=\"Alternar tabela de conte\u00fado\"><span class=\"ez-toc-js-icon-con\"><span class=\"\"><span class=\"eztoc-hide\" style=\"display:none;\">Toggle<\/span><span class=\"ez-toc-icon-toggle-span\"><svg style=\"fill: #0066bf;color:#0066bf\" xmlns=\"http:\/\/www.w3.org\/2000\/svg\" class=\"list-377408\" width=\"20px\" height=\"20px\" viewBox=\"0 0 24 24\" fill=\"none\"><path d=\"M6 6H4v2h2V6zm14 0H8v2h12V6zM4 11h2v2H4v-2zm16 0H8v2h12v-2zM4 16h2v2H4v-2zm16 0H8v2h12v-2z\" fill=\"currentColor\"><\/path><\/svg><svg style=\"fill: #0066bf;color:#0066bf\" class=\"arrow-unsorted-368013\" xmlns=\"http:\/\/www.w3.org\/2000\/svg\" width=\"10px\" height=\"10px\" viewBox=\"0 0 24 24\" version=\"1.2\" baseProfile=\"tiny\"><path d=\"M18.2 9.3l-6.2-6.3-6.2 6.3c-.2.2-.3.4-.3.7s.1.5.3.7c.2.2.4.3.7.3h11c.3 0 .5-.1.7-.3.2-.2.3-.5.3-.7s-.1-.5-.3-.7zM5.8 14.7l6.2 6.3 6.2-6.3c.2-.2.3-.5.3-.7s-.1-.5-.3-.7c-.2-.2-.4-.3-.7-.3h-11c-.3 0-.5.1-.7.3-.2.2-.3.5-.3.7s.1.5.3.7z\"\/><\/svg><\/span><\/span><\/span><\/a><\/span><\/div>\n<nav><ul class='ez-toc-list ez-toc-list-level-1 ' ><li class='ez-toc-page-1 ez-toc-heading-level-2'><a class=\"ez-toc-link ez-toc-heading-1\" href=\"https:\/\/www.empresaqui.com.br\/blog\/geracao-de-demanda-b2b\/#O_que_e_Geracao_de_Demanda\" >O que \u00e9 Gera\u00e7\u00e3o de Demanda?<\/a><\/li><li class='ez-toc-page-1 ez-toc-heading-level-2'><a class=\"ez-toc-link ez-toc-heading-2\" href=\"https:\/\/www.empresaqui.com.br\/blog\/geracao-de-demanda-b2b\/#E_Geracao_de_Demanda_B2B\" >E Gera\u00e7\u00e3o de Demanda B2B?<\/a><\/li><li class='ez-toc-page-1 ez-toc-heading-level-2'><a class=\"ez-toc-link ez-toc-heading-3\" href=\"https:\/\/www.empresaqui.com.br\/blog\/geracao-de-demanda-b2b\/#Qual_a_diferenca_entre_gerar_leads_e_Gerar_Demanda_B2B\" >Qual a diferen\u00e7a entre gerar leads e Gerar Demanda B2B?<\/a><\/li><li class='ez-toc-page-1 ez-toc-heading-level-2'><a class=\"ez-toc-link ez-toc-heading-4\" href=\"https:\/\/www.empresaqui.com.br\/blog\/geracao-de-demanda-b2b\/#Como_saber_se_o_seu_negocio_tem_potencial_de_Gerar_Demanda_B2B\" >Como saber se o seu neg\u00f3cio tem potencial de Gerar Demanda B2B?<\/a><\/li><li class='ez-toc-page-1 ez-toc-heading-level-2'><a class=\"ez-toc-link ez-toc-heading-5\" href=\"https:\/\/www.empresaqui.com.br\/blog\/geracao-de-demanda-b2b\/#Passo_a_passo_para_iniciar_o_processo_de_Geracao_de_Demanda_B2B\" >Passo a passo para iniciar o processo de Gera\u00e7\u00e3o de Demanda B2B<\/a><\/li><li class='ez-toc-page-1 ez-toc-heading-level-2'><a class=\"ez-toc-link ez-toc-heading-6\" href=\"https:\/\/www.empresaqui.com.br\/blog\/geracao-de-demanda-b2b\/#Gere_listas_de_empresas_personalizadas\" >Gere listas de empresas personalizadas!<\/a><\/li><\/ul><\/nav><\/div>\n<h2 class=\"wp-block-heading\"><span class=\"ez-toc-section\" id=\"O_que_e_Geracao_de_Demanda\"><\/span><strong>O que \u00e9 Gera\u00e7\u00e3o de Demanda?<\/strong><span class=\"ez-toc-section-end\"><\/span><\/h2>\n\n\n\n<p>Gera\u00e7\u00e3o de demanda s\u00e3o estrat\u00e9gias e a\u00e7\u00f5es que visam despertar o interesse de por produtos ou servi\u00e7os antes mesmo de poss\u00edveis interessados precisarem daquela oferta.<\/p>\n\n\n\n<p>A partir da\u00ed, mesmo que esses potenciais leads n\u00e3o precisem da sua solu\u00e7\u00e3o naquele momento, quando chegar a hora e essa demanda for necess\u00e1ria, <strong>a sua marca ser\u00e1 lembrada<\/strong>. Mais do que apenas gerar leads, a gera\u00e7\u00e3o de demanda se concentra em <strong>criar uma percep\u00e7\u00e3o clara de valor sobre a solu\u00e7\u00e3o oferecida<\/strong>. <\/p>\n\n\n\n<p>Essa abordagem integra marketing e vendas para garantir que os <a href=\"https:\/\/www.empresaqui.com.br\/blog\/o-que-sao-leads\/\" target=\"_blank\" rel=\"noreferrer noopener\"><strong>leads<\/strong><\/a><strong> <\/strong>recebidos sejam qualificados e mais propensos \u00e0 convers\u00e3o.<\/p>\n\n\n\n<h2 class=\"wp-block-heading\"><span class=\"ez-toc-section\" id=\"E_Geracao_de_Demanda_B2B\"><\/span><strong>E Gera\u00e7\u00e3o de Demanda B2B?<\/strong><span class=\"ez-toc-section-end\"><\/span><\/h2>\n\n\n\n<p>No <a href=\"https:\/\/www.empresaqui.com.br\/blog\/mercado-b2b\/\" target=\"_blank\" rel=\"noreferrer noopener\"><strong>mercado B2B<\/strong><\/a> o foco \u00e9 o mesmo, s\u00f3 que em atrair empresas. Nesse contexto, as estrat\u00e9gias v\u00e3o al\u00e9m da simples atra\u00e7\u00e3o de leads, se concentram em educar os decisores de compra e <strong>construir confian\u00e7a ao longo de intera\u00e7\u00f5es cont\u00ednuas<\/strong>.<\/p>\n\n\n\n<p>O objetivo final \u00e9 estabelecer autoridade, criar e manter rela\u00e7\u00f5es, e preparar o lead para decis\u00f5es de compra mais longas e detalhadas, t\u00edpicas do ambiente B2B.<\/p>\n\n\n\n<h2 class=\"wp-block-heading\"><span class=\"ez-toc-section\" id=\"Qual_a_diferenca_entre_gerar_leads_e_Gerar_Demanda_B2B\"><\/span><strong>Qual a diferen\u00e7a entre gerar leads e Gerar Demanda B2B?<\/strong><span class=\"ez-toc-section-end\"><\/span><\/h2>\n\n\n\n<p>A gera\u00e7\u00e3o de demanda \u00e9 um processo mais amplo que busca criar interesse e educar o mercado sobre uma solu\u00e7\u00e3o, preparando futuros clientes para a compra.&nbsp;<\/p>\n\n\n\n<p>J\u00e1 a <strong><a href=\"https:\/\/www.empresaqui.com.br\/blog\/gerador-de-leads-b2b\/\" target=\"_blank\" rel=\"noreferrer noopener\">gera\u00e7\u00e3o de leads<\/a><\/strong> \u00e9 uma etapa espec\u00edfica dentro desse processo, focada em captar informa\u00e7\u00f5es de contatos qualificados para que possam ser trabalhados pelo time comercial.<\/p>\n\n\n\n<p>Veja o comparativo no quadro abaixo:<\/p>\n\n\n\n<figure class=\"wp-block-table\"><table><tbody><tr><td><\/td><td><strong>Gera\u00e7\u00e3o de Demanda B2B<\/strong><\/td><td><strong>Gera\u00e7\u00e3o de Leads B2B<\/strong><\/td><\/tr><tr><td><strong>Objetivo<\/strong><\/td><td>Aumenta a visibilidade da marca e desperta interesse pelo produto ou servi\u00e7o.<\/td><td>Foco em captar informa\u00e7\u00f5es para convers\u00e3o direta em oportunidades de vendas.<\/td><\/tr><tr><td><strong>Posicionamento<\/strong><\/td><td>Atua na prepara\u00e7\u00e3o do terreno para futuras intera\u00e7\u00f5es.<\/td><td>Trabalha captando contatos mais engajados e prontos para abordagem comercial.<\/td><\/tr><tr><td><strong>Tipo de a\u00e7\u00e3o<\/strong><\/td><td>Envolve estrat\u00e9gias de conte\u00fados educativos e campanhas de brand awareness.<\/td><td>Utiliza formul\u00e1rios, landing pages para capturar dados de contatos qualificados.<\/td><\/tr><tr><td><strong>Retorno esperado<\/strong><\/td><td>Resultados a m\u00e9dio e longo prazo, com foco na constru\u00e7\u00e3o de autoridade e reconhecimento.<\/td><td>Tende a oferecer retorno mais r\u00e1pido, acelerando o processo de vendas e facilitando a abordagem.<\/td><\/tr><\/tbody><\/table><\/figure>\n\n\n\n<p>Enquanto a gera\u00e7\u00e3o de demanda constr\u00f3i a base ao posicionar a marca como refer\u00eancia e criar reconhecimento no mercado, a gera\u00e7\u00e3o de leads transforma esse interesse em uma <a href=\"https:\/\/www.empresaqui.com.br\/blog\/lista-de-leads-qualificados\/\" target=\"_blank\" rel=\"noreferrer noopener\"><strong>lista de leads qualificados<\/strong><\/a>.<\/p>\n\n\n\n<p>Juntas, essas abordagens garantem um pipeline completo, equilibrando a\u00e7\u00f5es de curto e longo prazo. Empresas que conseguem alinhar essas etapas se destacam ao gerar valor e aumentar suas chances de fechar neg\u00f3cios.<\/p>\n\n\n\n<h2 class=\"wp-block-heading\"><span class=\"ez-toc-section\" id=\"Como_saber_se_o_seu_negocio_tem_potencial_de_Gerar_Demanda_B2B\"><\/span><strong>Como saber se o seu neg\u00f3cio tem potencial de Gerar Demanda B2B?<\/strong><span class=\"ez-toc-section-end\"><\/span><\/h2>\n\n\n\n<p>Antes de investir em uma estrat\u00e9gia de gera\u00e7\u00e3o de demanda B2B, avalie se seu neg\u00f3cio est\u00e1 preparado para atender as necessidades do mercado e captar essas oportunidades.<\/p>\n\n\n\n<p>Algumas perguntas podem ajudar voc\u00ea a identificar se h\u00e1 potencial e se sua empresa est\u00e1 bem posicionada para essa estrat\u00e9gia.<\/p>\n\n\n\n<ul class=\"wp-block-list\">\n<li>Seu servi\u00e7o resolve um problema claro para as empresas?<\/li>\n\n\n\n<li>H\u00e1 demanda ou crescente no mercado em que voc\u00ea atua?<\/li>\n\n\n\n<li>Seu time de vendas e marketing est\u00e1 alinhado para nutrir e converter leads ao longo do <a href=\"https:\/\/www.empresaqui.com.br\/blog\/processo-de-compra-b2b\/\" target=\"_blank\" rel=\"noreferrer noopener\"><strong>processo de compra B2B<\/strong><\/a>?<\/li>\n\n\n\n<li>Voc\u00ea possui diferenciais claros que justifiquem a escolha pela sua marca?<\/li>\n\n\n\n<li>Seu neg\u00f3cio j\u00e1 possui ou pode desenvolver conte\u00fados e materiais educativos para atrair clientes?<\/li>\n\n\n\n<li>H\u00e1 capacidade operacional para escalar a demanda gerada sem comprometer a entrega?<\/li>\n<\/ul>\n\n\n\n<p>Essas perguntas ajudam a refletir sobre a maturidade do seu neg\u00f3cio, al\u00e9m de orientar poss\u00edveis ajustes. Avalie o contexto atual e entenda o primeiro passo para estruturar uma gera\u00e7\u00e3o de demanda B2B que realmente fa\u00e7a sentido para sua empresa.<\/p>\n\n\n\n<h2 class=\"wp-block-heading\"><span class=\"ez-toc-section\" id=\"Passo_a_passo_para_iniciar_o_processo_de_Geracao_de_Demanda_B2B\"><\/span><strong><strong>Passo a passo para iniciar o processo de Gera\u00e7\u00e3o de Demanda B2B<\/strong><\/strong><span class=\"ez-toc-section-end\"><\/span><\/h2>\n\n\n\n<p>A gera\u00e7\u00e3o de demanda requer integra\u00e7\u00e3o de v\u00e1rias etapas e envolve entender profundamente o mercado, antecipar necessidades e criar oportunidades qualificadas para o time de vendas.&nbsp;<\/p>\n\n\n\n<p>Dessa forma, no contexto B2B, podemos dizer que uma boa estrutura de gera\u00e7\u00e3o de demanda, requer:<\/p>\n\n\n\n<ol class=\"wp-block-list\">\n<li>Mapeamento do <a href=\"https:\/\/www.empresaqui.com.br\/blog\/mercado-alvo\/\" target=\"_blank\" rel=\"noreferrer noopener\"><strong>mercado-alvo<\/strong><\/a><\/li>\n\n\n\n<li>Posicionamento da sua marca como refer\u00eancia<\/li>\n\n\n\n<li>Produ\u00e7\u00e3o de conte\u00fado direcionada<\/li>\n\n\n\n<li>Identifica\u00e7\u00e3o de contas engajadas<\/li>\n\n\n\n<li>Prospe\u00e7\u00e3o<\/li>\n\n\n\n<li>Processo de negocia\u00e7\u00e3o<\/li>\n\n\n\n<li>Fechamento da venda<\/li>\n<\/ol>\n\n\n\n<p>A seguir, fizemos um passo a passo para que voc\u00ea possa entender melhor cada uma dessas etapas.<\/p>\n\n\n\n<h3 class=\"wp-block-heading\"><strong>1. Mapeamento do mercado-alvo<\/strong><\/h3>\n\n\n\n<p>Antes de iniciar qualquer a\u00e7\u00e3o de gera\u00e7\u00e3o de demanda, \u00e9 importante mapear o mercado em que sua empresa atua.&nbsp;<\/p>\n\n\n\n<p>Isso envolve identificar quais <strong>setores, segmentos e perfis de empresas s\u00e3o mais relevantes para o seu servi\u00e7o<\/strong>. Conhecer o porte das empresas, suas dores e necessidades espec\u00edficas permite direcionar os esfor\u00e7os para os clientes e maximizar as oportunidades.<\/p>\n\n\n\n<p>Utilize o <a href=\"https:\/\/www.empresaqui.com.br\/\" target=\"_blank\" rel=\"noreferrer noopener\"><strong>EmpresAqui<\/strong><\/a> nessa fase. A plataforma facilita o entendimento desses fatores por meio de seus filtros de classifica\u00e7\u00e3o.<\/p>\n\n\n\n<figure class=\"wp-block-image aligncenter size-full\"><img loading=\"lazy\" decoding=\"async\" width=\"800\" height=\"450\" src=\"https:\/\/www.empresaqui.com.br\/blog\/wp-content\/uploads\/2024\/09\/mapeamento_grafico_empresaqui.png\" alt=\"Gr\u00e1fico circular colorido de mapeamento inteligente mostrando a distribui\u00e7\u00e3o de empresas por estado na plataforma, com cada segmento representando um estado diferente.\" class=\"wp-image-2483\" srcset=\"https:\/\/www.empresaqui.com.br\/blog\/wp-content\/uploads\/2024\/09\/mapeamento_grafico_empresaqui.png 800w, https:\/\/www.empresaqui.com.br\/blog\/wp-content\/uploads\/2024\/09\/mapeamento_grafico_empresaqui-300x169.png 300w, https:\/\/www.empresaqui.com.br\/blog\/wp-content\/uploads\/2024\/09\/mapeamento_grafico_empresaqui-768x432.png 768w\" sizes=\"auto, (max-width: 800px) 100vw, 800px\" \/><figcaption class=\"wp-element-caption\">Imagem da se\u00e7\u00e3o de Mapeamento Inteligente do EmpresAqui, mostrando a distribui\u00e7\u00e3o de empresas por estado.<\/figcaption><\/figure>\n\n\n\n<h3 class=\"wp-block-heading\"><strong>2. Posicionar sua marca como refer\u00eancia<\/strong><\/h3>\n\n\n\n<p>Uma marca reconhecida como especialista no setor <strong>inspira confian\u00e7a e facilita o processo de atra\u00e7\u00e3o de oportunidades<\/strong>. Para isso, \u00e9 importante investir em presen\u00e7a digital por meio de blogs, webinars, eventos e parcerias.<\/p>\n\n\n\n<p>Demonstrar autoridade atrai clientes, e tamb\u00e9m fortalece sua marca como a solu\u00e7\u00e3o certa para aquele determinado p\u00fablico.<\/p>\n\n\n\n<h3 class=\"wp-block-heading\"><strong>3. Produ\u00e7\u00e3o de conte\u00fado direcionada<\/strong><\/h3>\n\n\n\n<p>O <strong><a href=\"https:\/\/www.empresaqui.com.br\/blog\/conteudo-b2b\/\" target=\"_blank\" rel=\"noreferrer noopener\">conte\u00fado B2B<\/a><\/strong> \u00e9 um dos principais pilares para a gera\u00e7\u00e3o de demanda. Materiais ricos, como eBooks, estudos de caso e artigos, ajudam a educar e atrair potenciais clientes.&nbsp;<\/p>\n\n\n\n<p>Al\u00e9m disso, adaptar o conte\u00fado para que seja <strong>relevante para cada perfil de lead<\/strong>. Isso aumenta a identifica\u00e7\u00e3o e potencializa o engajamento.<\/p>\n\n\n\n<h3 class=\"wp-block-heading\"><strong>4. Identifica\u00e7\u00e3o de contas engajadas<\/strong><\/h3>\n\n\n\n<p>Utilizar ferramentas de an\u00e1lise permite identificar empresas e leads que <strong>interagem com seu conte\u00fado e campanhas<\/strong>. Essas intera\u00e7\u00f5es s\u00e3o sinais de que esses leads est\u00e3o mais pr\u00f3ximos de uma decis\u00e3o de compra.&nbsp;<\/p>\n\n\n\n<p>Com essa intelig\u00eancia, o time de vendas pode concentrar esfor\u00e7os nas contas mais qualificadas, otimizando o uso de recursos.<\/p>\n\n\n\n<h3 class=\"wp-block-heading\"><strong>5. Prospe\u00e7\u00e3o<\/strong><\/h3>\n\n\n\n<p>A <a href=\"https:\/\/www.empresaqui.com.br\/blog\/prospeccao-b2b\/\" target=\"_blank\" rel=\"noreferrer noopener\"><strong>prospe\u00e7\u00e3o B2B<\/strong><\/a> ativa \u00e9 fundamental para acelerar o processo de gera\u00e7\u00e3o de demanda. Al\u00e9m de receber leads, \u00e9 importante que a equipe de vendas fa\u00e7a abordagens, identificando tomadores de decis\u00e3o e apresentando solu\u00e7\u00f5es personalizadas.&nbsp;<\/p>\n\n\n\n<p>Essa etapa combina estrat\u00e9gias de outbound marketing com inbound, gerando resultados mais r\u00e1pidos.<\/p>\n\n\n\n<h3 class=\"wp-block-heading\"><strong>6. Processo de negocia\u00e7\u00e3o<\/strong><\/h3>\n\n\n\n<p>Com as oportunidades identificadas, \u00e9 preciso iniciar as negocia\u00e7\u00f5es de forma que alinhe as expectativas da empresa e do p\u00fablico.&nbsp;<\/p>\n\n\n\n<p>Nessa etapa, o papel da equipe comercial \u00e9 <strong>mostrar valor e como a solu\u00e7\u00e3o oferecida resolve problemas da empresa prospectada<\/strong>. Manter um processo claro e objetivo pode ser a chave para reduzir o ciclo de vendas.<\/p>\n\n\n\n<h3 class=\"wp-block-heading\"><strong>7. Fechamento da venda<\/strong><\/h3>\n\n\n\n<p>O fechamento \u00e9 o momento de consolidar todos os esfor\u00e7os feitos ao longo do caminho. \u00c9 importante que a equipe esteja preparada para lidar com obje\u00e7\u00f5es finais e refor\u00e7ar os benef\u00edcios da solu\u00e7\u00e3o.<\/p>\n\n\n\n<p>Al\u00e9m disso, uma boa experi\u00eancia abre portas para futuras oportunidades de <strong><a href=\"https:\/\/www.empresaqui.com.br\/blog\/cross-selling-b2b\/\" target=\"_blank\" rel=\"noreferrer noopener\">cross-selling<\/a><\/strong> e upselling, contribuindo para a fideliza\u00e7\u00e3o e crescimento dos clientes.<\/p>\n\n\n\n<p>Ao implementar esse passo a passo, sua empresa estar\u00e1 mais preparada para atrair clientes qualificados, acelerar o ciclo de vendas e garantir um crescimento cont\u00ednuo no mercado.<\/p>\n\n\n\n<div class=\"banner\">\n            <h2><span class=\"ez-toc-section\" id=\"Gere_listas_de_empresas_personalizadas\"><\/span>Gere listas de empresas personalizadas!<span class=\"ez-toc-section-end\"><\/span><\/h2>\n            <p>Cadastre-se gr\u00e1tis agora mesmo<\/p>\n            <div class=\"bottom-banner\">\n                <img decoding=\"async\" src=\"https:\/\/www.empresaqui.com.br\/blog\/wp-content\/uploads\/2021\/11\/AdminLTELogo.png\" alt=\"Seu Logotipo\" class=\"logo\">\n                <a href=\"https:\/\/www.empresaqui.com.br\/plano-gratuito?utm_source=blog&amp;utm_medium=banner&amp;utm_campaign=CTA-GRATUITO-HTML\" class=\"cta-button-banner\">Teste aqui agora<\/a>\n            <\/div>\n        <\/div>\n\n        <style>\n            .bottom-banner{\n                display: flex;\n                justify-content: center;\n                align-items: center;\n            }\n            .bottom-banner img{\n                width: 3rem !important;\n                height: 3rem !important;\n                margin-right: 1rem;\n            }\n            .banner h2{\n                font-family: Arial, sans-serif;\n                color: #fff !important;\n            }\n            .banner p{\n                font-family: Arial, sans-serif;\n            }\n            .banner {\n                background:#001E40;\n                color: #FFFFFF;\n                text-align: center;\n                padding: 20px;\n            }\n            .cta-button-banner {\n                display: inline-block;\n                background-color: #0CFFFB;\n                color: #000;\n                border: none;\n                padding: 1px 15px;\n                font-size: 14px;\n                font-family: sans-serif;\n                font-weight: 700;\n                border-radius: 21px;\n                cursor: pointer;\n                transition: background-color 0.3s ease;\n                text-decoration: none;\n            }\n\n            @media (max-width: 767px) {\n                .banner h2{\n                    font-size:20px;\n                }\n                .cta-button-banner {\n                    padding: 1px 15px;\n                    font-size: 12px;\n                }\n\n            }\n        <\/style>\n    \n\n","protected":false},"excerpt":{"rendered":"<p>J\u00e1 imaginou atrair mais clientes e criar oportunidades de neg\u00f3cio B2B com estrat\u00e9gias que v\u00e3o al\u00e9m da prospec\u00e7\u00e3o tradicional? Se [&hellip;]<\/p>\n","protected":false},"author":11,"featured_media":0,"comment_status":"closed","ping_status":"closed","sticky":false,"template":"","format":"standard","meta":{"_acf_changed":false,"_uag_custom_page_level_css":"","site-sidebar-layout":"default","site-content-layout":"","ast-site-content-layout":"default","site-content-style":"default","site-sidebar-style":"default","ast-global-header-display":"","ast-banner-title-visibility":"","ast-main-header-display":"","ast-hfb-above-header-display":"","ast-hfb-below-header-display":"","ast-hfb-mobile-header-display":"","site-post-title":"","ast-breadcrumbs-content":"","ast-featured-img":"","footer-sml-layout":"","theme-transparent-header-meta":"","adv-header-id-meta":"","stick-header-meta":"","header-above-stick-meta":"","header-main-stick-meta":"","header-below-stick-meta":"","astra-migrate-meta-layouts":"default","ast-page-background-enabled":"default","ast-page-background-meta":{"desktop":{"background-color":"var(--ast-global-color-4)","background-image":"","background-repeat":"repeat","background-position":"center center","background-size":"auto","background-attachment":"scroll","background-type":"","background-media":"","overlay-type":"","overlay-color":"","overlay-opacity":"","overlay-gradient":""},"tablet":{"background-color":"","background-image":"","background-repeat":"repeat","background-position":"center center","background-size":"auto","background-attachment":"scroll","background-type":"","background-media":"","overlay-type":"","overlay-color":"","overlay-opacity":"","overlay-gradient":""},"mobile":{"background-color":"","background-image":"","background-repeat":"repeat","background-position":"center center","background-size":"auto","background-attachment":"scroll","background-type":"","background-media":"","overlay-type":"","overlay-color":"","overlay-opacity":"","overlay-gradient":""}},"ast-content-background-meta":{"desktop":{"background-color":"var(--ast-global-color-5)","background-image":"","background-repeat":"repeat","background-position":"center center","background-size":"auto","background-attachment":"scroll","background-type":"","background-media":"","overlay-type":"","overlay-color":"","overlay-opacity":"","overlay-gradient":""},"tablet":{"background-color":"var(--ast-global-color-5)","background-image":"","background-repeat":"repeat","background-position":"center center","background-size":"auto","background-attachment":"scroll","background-type":"","background-media":"","overlay-type":"","overlay-color":"","overlay-opacity":"","overlay-gradient":""},"mobile":{"background-color":"var(--ast-global-color-5)","background-image":"","background-repeat":"repeat","background-position":"center center","background-size":"auto","background-attachment":"scroll","background-type":"","background-media":"","overlay-type":"","overlay-color":"","overlay-opacity":"","overlay-gradient":""}},"footnotes":""},"categories":[33],"tags":[],"class_list":["post-2915","post","type-post","status-publish","format-standard","hentry","category-prospeccao-vendas"],"acf":[],"yoast_head":"<!-- This site is optimized with the Yoast SEO plugin v27.4 - https:\/\/yoast.com\/product\/yoast-seo-wordpress\/ -->\n<title>O que \u00e9 Gera\u00e7\u00e3o de Demanda B2B? Dicas de criar oportunidades<\/title>\n<meta name=\"description\" content=\"Entenda como criar novas oportunidades de neg\u00f3cios com estrat\u00e9gias eficientes de Gera\u00e7\u00e3o de Demanda B2B e impulsione suas vendas de forma cont\u00ednua!\" \/>\n<meta name=\"robots\" content=\"index, follow, max-snippet:-1, max-image-preview:large, max-video-preview:-1\" \/>\n<link rel=\"canonical\" href=\"https:\/\/www.empresaqui.com.br\/blog\/geracao-de-demanda-b2b\/\" \/>\n<meta property=\"og:locale\" content=\"pt_BR\" \/>\n<meta property=\"og:type\" content=\"article\" \/>\n<meta property=\"og:title\" content=\"O que \u00e9 Gera\u00e7\u00e3o de Demanda B2B? Dicas de criar oportunidades\" \/>\n<meta property=\"og:description\" content=\"Entenda como criar novas oportunidades de neg\u00f3cios com estrat\u00e9gias eficientes de Gera\u00e7\u00e3o de Demanda B2B e impulsione suas vendas de forma cont\u00ednua!\" \/>\n<meta property=\"og:url\" content=\"https:\/\/www.empresaqui.com.br\/blog\/geracao-de-demanda-b2b\/\" \/>\n<meta property=\"og:site_name\" content=\"Blog EmpresAqui\" \/>\n<meta property=\"article:publisher\" content=\"https:\/\/www.facebook.com\/empresaquibr\" \/>\n<meta property=\"article:published_time\" content=\"2024-10-15T18:16:54+00:00\" \/>\n<meta property=\"article:modified_time\" content=\"2025-05-09T18:31:10+00:00\" \/>\n<meta property=\"og:image\" content=\"https:\/\/www.empresaqui.com.br\/blog\/wp-content\/uploads\/2024\/09\/mapeamento_grafico_empresaqui.png\" \/>\n<meta name=\"author\" content=\"Marcus Silva\" \/>\n<meta name=\"twitter:card\" content=\"summary_large_image\" \/>\n<meta name=\"twitter:label1\" content=\"Escrito por\" \/>\n\t<meta name=\"twitter:data1\" content=\"Marcus Silva\" \/>\n\t<meta name=\"twitter:label2\" content=\"Est. tempo de leitura\" \/>\n\t<meta name=\"twitter:data2\" content=\"8 minutos\" \/>\n<script type=\"application\/ld+json\" class=\"yoast-schema-graph\">{\"@context\":\"https:\\\/\\\/schema.org\",\"@graph\":[{\"@type\":\"Article\",\"@id\":\"https:\\\/\\\/www.empresaqui.com.br\\\/blog\\\/geracao-de-demanda-b2b\\\/#article\",\"isPartOf\":{\"@id\":\"https:\\\/\\\/www.empresaqui.com.br\\\/blog\\\/geracao-de-demanda-b2b\\\/\"},\"author\":{\"name\":\"Marcus Silva\",\"@id\":\"https:\\\/\\\/www.empresaqui.com.br\\\/blog\\\/#\\\/schema\\\/person\\\/3296db9c65117f9ad26728e6375d178e\"},\"headline\":\"Gera\u00e7\u00e3o de Demanda B2B: como criar novas oportunidades de neg\u00f3cios\",\"datePublished\":\"2024-10-15T18:16:54+00:00\",\"dateModified\":\"2025-05-09T18:31:10+00:00\",\"mainEntityOfPage\":{\"@id\":\"https:\\\/\\\/www.empresaqui.com.br\\\/blog\\\/geracao-de-demanda-b2b\\\/\"},\"wordCount\":1392,\"publisher\":{\"@id\":\"https:\\\/\\\/www.empresaqui.com.br\\\/blog\\\/#organization\"},\"image\":{\"@id\":\"https:\\\/\\\/www.empresaqui.com.br\\\/blog\\\/geracao-de-demanda-b2b\\\/#primaryimage\"},\"thumbnailUrl\":\"https:\\\/\\\/www.empresaqui.com.br\\\/blog\\\/wp-content\\\/uploads\\\/2024\\\/09\\\/mapeamento_grafico_empresaqui.png\",\"articleSection\":[\"Dicas de Vendas\"],\"inLanguage\":\"pt-BR\"},{\"@type\":\"WebPage\",\"@id\":\"https:\\\/\\\/www.empresaqui.com.br\\\/blog\\\/geracao-de-demanda-b2b\\\/\",\"url\":\"https:\\\/\\\/www.empresaqui.com.br\\\/blog\\\/geracao-de-demanda-b2b\\\/\",\"name\":\"O que \u00e9 Gera\u00e7\u00e3o de Demanda B2B? Dicas de criar oportunidades\",\"isPartOf\":{\"@id\":\"https:\\\/\\\/www.empresaqui.com.br\\\/blog\\\/#website\"},\"primaryImageOfPage\":{\"@id\":\"https:\\\/\\\/www.empresaqui.com.br\\\/blog\\\/geracao-de-demanda-b2b\\\/#primaryimage\"},\"image\":{\"@id\":\"https:\\\/\\\/www.empresaqui.com.br\\\/blog\\\/geracao-de-demanda-b2b\\\/#primaryimage\"},\"thumbnailUrl\":\"https:\\\/\\\/www.empresaqui.com.br\\\/blog\\\/wp-content\\\/uploads\\\/2024\\\/09\\\/mapeamento_grafico_empresaqui.png\",\"datePublished\":\"2024-10-15T18:16:54+00:00\",\"dateModified\":\"2025-05-09T18:31:10+00:00\",\"description\":\"Entenda como criar novas oportunidades de neg\u00f3cios com estrat\u00e9gias eficientes de Gera\u00e7\u00e3o de Demanda B2B e impulsione suas vendas de forma cont\u00ednua!\",\"breadcrumb\":{\"@id\":\"https:\\\/\\\/www.empresaqui.com.br\\\/blog\\\/geracao-de-demanda-b2b\\\/#breadcrumb\"},\"inLanguage\":\"pt-BR\",\"potentialAction\":[{\"@type\":\"ReadAction\",\"target\":[\"https:\\\/\\\/www.empresaqui.com.br\\\/blog\\\/geracao-de-demanda-b2b\\\/\"]}]},{\"@type\":\"ImageObject\",\"inLanguage\":\"pt-BR\",\"@id\":\"https:\\\/\\\/www.empresaqui.com.br\\\/blog\\\/geracao-de-demanda-b2b\\\/#primaryimage\",\"url\":\"https:\\\/\\\/www.empresaqui.com.br\\\/blog\\\/wp-content\\\/uploads\\\/2024\\\/09\\\/mapeamento_grafico_empresaqui.png\",\"contentUrl\":\"https:\\\/\\\/www.empresaqui.com.br\\\/blog\\\/wp-content\\\/uploads\\\/2024\\\/09\\\/mapeamento_grafico_empresaqui.png\",\"width\":800,\"height\":450,\"caption\":\"Imagem da se\u00e7\u00e3o de Mapeamento Inteligente do EmpresAqui, mostrando a distribui\u00e7\u00e3o de empresas por estado.\"},{\"@type\":\"BreadcrumbList\",\"@id\":\"https:\\\/\\\/www.empresaqui.com.br\\\/blog\\\/geracao-de-demanda-b2b\\\/#breadcrumb\",\"itemListElement\":[{\"@type\":\"ListItem\",\"position\":1,\"name\":\"In\u00edcio\",\"item\":\"https:\\\/\\\/www.empresaqui.com.br\\\/blog\\\/\"},{\"@type\":\"ListItem\",\"position\":2,\"name\":\"Dicas de Vendas\",\"item\":\"https:\\\/\\\/www.empresaqui.com.br\\\/blog\\\/category\\\/prospeccao-vendas\\\/\"},{\"@type\":\"ListItem\",\"position\":3,\"name\":\"Gera\u00e7\u00e3o de Demanda B2B: como criar novas oportunidades de neg\u00f3cios\"}]},{\"@type\":\"WebSite\",\"@id\":\"https:\\\/\\\/www.empresaqui.com.br\\\/blog\\\/#website\",\"url\":\"https:\\\/\\\/www.empresaqui.com.br\\\/blog\\\/\",\"name\":\"Blog EmpresAqui\",\"description\":\"\",\"publisher\":{\"@id\":\"https:\\\/\\\/www.empresaqui.com.br\\\/blog\\\/#organization\"},\"potentialAction\":[{\"@type\":\"SearchAction\",\"target\":{\"@type\":\"EntryPoint\",\"urlTemplate\":\"https:\\\/\\\/www.empresaqui.com.br\\\/blog\\\/?s={search_term_string}\"},\"query-input\":{\"@type\":\"PropertyValueSpecification\",\"valueRequired\":true,\"valueName\":\"search_term_string\"}}],\"inLanguage\":\"pt-BR\"},{\"@type\":\"Organization\",\"@id\":\"https:\\\/\\\/www.empresaqui.com.br\\\/blog\\\/#organization\",\"name\":\"EmpresAqui\",\"url\":\"https:\\\/\\\/www.empresaqui.com.br\\\/blog\\\/\",\"logo\":{\"@type\":\"ImageObject\",\"inLanguage\":\"pt-BR\",\"@id\":\"https:\\\/\\\/www.empresaqui.com.br\\\/blog\\\/#\\\/schema\\\/logo\\\/image\\\/\",\"url\":\"https:\\\/\\\/www.empresaqui.com.br\\\/blog\\\/wp-content\\\/uploads\\\/2023\\\/02\\\/cropped-cropped-AdminLTELogo-2-1-1.png\",\"contentUrl\":\"https:\\\/\\\/www.empresaqui.com.br\\\/blog\\\/wp-content\\\/uploads\\\/2023\\\/02\\\/cropped-cropped-AdminLTELogo-2-1-1.png\",\"width\":100,\"height\":100,\"caption\":\"EmpresAqui\"},\"image\":{\"@id\":\"https:\\\/\\\/www.empresaqui.com.br\\\/blog\\\/#\\\/schema\\\/logo\\\/image\\\/\"},\"sameAs\":[\"https:\\\/\\\/www.facebook.com\\\/empresaquibr\",\"https:\\\/\\\/www.instagram.com\\\/empresaqui\"]},{\"@type\":\"Person\",\"@id\":\"https:\\\/\\\/www.empresaqui.com.br\\\/blog\\\/#\\\/schema\\\/person\\\/3296db9c65117f9ad26728e6375d178e\",\"name\":\"Marcus Silva\",\"image\":{\"@type\":\"ImageObject\",\"inLanguage\":\"pt-BR\",\"@id\":\"https:\\\/\\\/secure.gravatar.com\\\/avatar\\\/b982c7038fd4d2e1be949b1b1ab8d3f28484d80a87b2494898019b551cbad37c?s=96&d=mm&r=g\",\"url\":\"https:\\\/\\\/secure.gravatar.com\\\/avatar\\\/b982c7038fd4d2e1be949b1b1ab8d3f28484d80a87b2494898019b551cbad37c?s=96&d=mm&r=g\",\"contentUrl\":\"https:\\\/\\\/secure.gravatar.com\\\/avatar\\\/b982c7038fd4d2e1be949b1b1ab8d3f28484d80a87b2494898019b551cbad37c?s=96&d=mm&r=g\",\"caption\":\"Marcus Silva\"},\"url\":\"https:\\\/\\\/www.empresaqui.com.br\\\/blog\\\/author\\\/marcus-silvaa\\\/\"}]}<\/script>\n<!-- \/ Yoast SEO plugin. -->","yoast_head_json":{"title":"O que \u00e9 Gera\u00e7\u00e3o de Demanda B2B? Dicas de criar oportunidades","description":"Entenda como criar novas oportunidades de neg\u00f3cios com estrat\u00e9gias eficientes de Gera\u00e7\u00e3o de Demanda B2B e impulsione suas vendas de forma cont\u00ednua!","robots":{"index":"index","follow":"follow","max-snippet":"max-snippet:-1","max-image-preview":"max-image-preview:large","max-video-preview":"max-video-preview:-1"},"canonical":"https:\/\/www.empresaqui.com.br\/blog\/geracao-de-demanda-b2b\/","og_locale":"pt_BR","og_type":"article","og_title":"O que \u00e9 Gera\u00e7\u00e3o de Demanda B2B? Dicas de criar oportunidades","og_description":"Entenda como criar novas oportunidades de neg\u00f3cios com estrat\u00e9gias eficientes de Gera\u00e7\u00e3o de Demanda B2B e impulsione suas vendas de forma cont\u00ednua!","og_url":"https:\/\/www.empresaqui.com.br\/blog\/geracao-de-demanda-b2b\/","og_site_name":"Blog EmpresAqui","article_publisher":"https:\/\/www.facebook.com\/empresaquibr","article_published_time":"2024-10-15T18:16:54+00:00","article_modified_time":"2025-05-09T18:31:10+00:00","og_image":[{"url":"https:\/\/www.empresaqui.com.br\/blog\/wp-content\/uploads\/2024\/09\/mapeamento_grafico_empresaqui.png","type":"","width":"","height":""}],"author":"Marcus Silva","twitter_card":"summary_large_image","twitter_misc":{"Escrito por":"Marcus Silva","Est. tempo de leitura":"8 minutos"},"schema":{"@context":"https:\/\/schema.org","@graph":[{"@type":"Article","@id":"https:\/\/www.empresaqui.com.br\/blog\/geracao-de-demanda-b2b\/#article","isPartOf":{"@id":"https:\/\/www.empresaqui.com.br\/blog\/geracao-de-demanda-b2b\/"},"author":{"name":"Marcus Silva","@id":"https:\/\/www.empresaqui.com.br\/blog\/#\/schema\/person\/3296db9c65117f9ad26728e6375d178e"},"headline":"Gera\u00e7\u00e3o de Demanda B2B: como criar novas oportunidades de neg\u00f3cios","datePublished":"2024-10-15T18:16:54+00:00","dateModified":"2025-05-09T18:31:10+00:00","mainEntityOfPage":{"@id":"https:\/\/www.empresaqui.com.br\/blog\/geracao-de-demanda-b2b\/"},"wordCount":1392,"publisher":{"@id":"https:\/\/www.empresaqui.com.br\/blog\/#organization"},"image":{"@id":"https:\/\/www.empresaqui.com.br\/blog\/geracao-de-demanda-b2b\/#primaryimage"},"thumbnailUrl":"https:\/\/www.empresaqui.com.br\/blog\/wp-content\/uploads\/2024\/09\/mapeamento_grafico_empresaqui.png","articleSection":["Dicas de Vendas"],"inLanguage":"pt-BR"},{"@type":"WebPage","@id":"https:\/\/www.empresaqui.com.br\/blog\/geracao-de-demanda-b2b\/","url":"https:\/\/www.empresaqui.com.br\/blog\/geracao-de-demanda-b2b\/","name":"O que \u00e9 Gera\u00e7\u00e3o de Demanda B2B? Dicas de criar oportunidades","isPartOf":{"@id":"https:\/\/www.empresaqui.com.br\/blog\/#website"},"primaryImageOfPage":{"@id":"https:\/\/www.empresaqui.com.br\/blog\/geracao-de-demanda-b2b\/#primaryimage"},"image":{"@id":"https:\/\/www.empresaqui.com.br\/blog\/geracao-de-demanda-b2b\/#primaryimage"},"thumbnailUrl":"https:\/\/www.empresaqui.com.br\/blog\/wp-content\/uploads\/2024\/09\/mapeamento_grafico_empresaqui.png","datePublished":"2024-10-15T18:16:54+00:00","dateModified":"2025-05-09T18:31:10+00:00","description":"Entenda como criar novas oportunidades de neg\u00f3cios com estrat\u00e9gias eficientes de Gera\u00e7\u00e3o de Demanda B2B e impulsione suas vendas de forma cont\u00ednua!","breadcrumb":{"@id":"https:\/\/www.empresaqui.com.br\/blog\/geracao-de-demanda-b2b\/#breadcrumb"},"inLanguage":"pt-BR","potentialAction":[{"@type":"ReadAction","target":["https:\/\/www.empresaqui.com.br\/blog\/geracao-de-demanda-b2b\/"]}]},{"@type":"ImageObject","inLanguage":"pt-BR","@id":"https:\/\/www.empresaqui.com.br\/blog\/geracao-de-demanda-b2b\/#primaryimage","url":"https:\/\/www.empresaqui.com.br\/blog\/wp-content\/uploads\/2024\/09\/mapeamento_grafico_empresaqui.png","contentUrl":"https:\/\/www.empresaqui.com.br\/blog\/wp-content\/uploads\/2024\/09\/mapeamento_grafico_empresaqui.png","width":800,"height":450,"caption":"Imagem da se\u00e7\u00e3o de Mapeamento Inteligente do EmpresAqui, mostrando a distribui\u00e7\u00e3o de empresas por estado."},{"@type":"BreadcrumbList","@id":"https:\/\/www.empresaqui.com.br\/blog\/geracao-de-demanda-b2b\/#breadcrumb","itemListElement":[{"@type":"ListItem","position":1,"name":"In\u00edcio","item":"https:\/\/www.empresaqui.com.br\/blog\/"},{"@type":"ListItem","position":2,"name":"Dicas de Vendas","item":"https:\/\/www.empresaqui.com.br\/blog\/category\/prospeccao-vendas\/"},{"@type":"ListItem","position":3,"name":"Gera\u00e7\u00e3o de Demanda B2B: como criar novas oportunidades de neg\u00f3cios"}]},{"@type":"WebSite","@id":"https:\/\/www.empresaqui.com.br\/blog\/#website","url":"https:\/\/www.empresaqui.com.br\/blog\/","name":"Blog EmpresAqui","description":"","publisher":{"@id":"https:\/\/www.empresaqui.com.br\/blog\/#organization"},"potentialAction":[{"@type":"SearchAction","target":{"@type":"EntryPoint","urlTemplate":"https:\/\/www.empresaqui.com.br\/blog\/?s={search_term_string}"},"query-input":{"@type":"PropertyValueSpecification","valueRequired":true,"valueName":"search_term_string"}}],"inLanguage":"pt-BR"},{"@type":"Organization","@id":"https:\/\/www.empresaqui.com.br\/blog\/#organization","name":"EmpresAqui","url":"https:\/\/www.empresaqui.com.br\/blog\/","logo":{"@type":"ImageObject","inLanguage":"pt-BR","@id":"https:\/\/www.empresaqui.com.br\/blog\/#\/schema\/logo\/image\/","url":"https:\/\/www.empresaqui.com.br\/blog\/wp-content\/uploads\/2023\/02\/cropped-cropped-AdminLTELogo-2-1-1.png","contentUrl":"https:\/\/www.empresaqui.com.br\/blog\/wp-content\/uploads\/2023\/02\/cropped-cropped-AdminLTELogo-2-1-1.png","width":100,"height":100,"caption":"EmpresAqui"},"image":{"@id":"https:\/\/www.empresaqui.com.br\/blog\/#\/schema\/logo\/image\/"},"sameAs":["https:\/\/www.facebook.com\/empresaquibr","https:\/\/www.instagram.com\/empresaqui"]},{"@type":"Person","@id":"https:\/\/www.empresaqui.com.br\/blog\/#\/schema\/person\/3296db9c65117f9ad26728e6375d178e","name":"Marcus Silva","image":{"@type":"ImageObject","inLanguage":"pt-BR","@id":"https:\/\/secure.gravatar.com\/avatar\/b982c7038fd4d2e1be949b1b1ab8d3f28484d80a87b2494898019b551cbad37c?s=96&d=mm&r=g","url":"https:\/\/secure.gravatar.com\/avatar\/b982c7038fd4d2e1be949b1b1ab8d3f28484d80a87b2494898019b551cbad37c?s=96&d=mm&r=g","contentUrl":"https:\/\/secure.gravatar.com\/avatar\/b982c7038fd4d2e1be949b1b1ab8d3f28484d80a87b2494898019b551cbad37c?s=96&d=mm&r=g","caption":"Marcus Silva"},"url":"https:\/\/www.empresaqui.com.br\/blog\/author\/marcus-silvaa\/"}]}},"uagb_featured_image_src":{"full":false,"thumbnail":false,"medium":false,"medium_large":false,"large":false,"1536x1536":false,"2048x2048":false},"uagb_author_info":{"display_name":"Marcus Silva","author_link":"https:\/\/www.empresaqui.com.br\/blog\/author\/marcus-silvaa\/"},"uagb_comment_info":0,"uagb_excerpt":"J\u00e1 imaginou atrair mais clientes e criar oportunidades de neg\u00f3cio B2B com estrat\u00e9gias que v\u00e3o al\u00e9m da prospec\u00e7\u00e3o tradicional? Se [&hellip;]","_links":{"self":[{"href":"https:\/\/www.empresaqui.com.br\/blog\/wp-json\/wp\/v2\/posts\/2915","targetHints":{"allow":["GET"]}}],"collection":[{"href":"https:\/\/www.empresaqui.com.br\/blog\/wp-json\/wp\/v2\/posts"}],"about":[{"href":"https:\/\/www.empresaqui.com.br\/blog\/wp-json\/wp\/v2\/types\/post"}],"author":[{"embeddable":true,"href":"https:\/\/www.empresaqui.com.br\/blog\/wp-json\/wp\/v2\/users\/11"}],"replies":[{"embeddable":true,"href":"https:\/\/www.empresaqui.com.br\/blog\/wp-json\/wp\/v2\/comments?post=2915"}],"version-history":[{"count":5,"href":"https:\/\/www.empresaqui.com.br\/blog\/wp-json\/wp\/v2\/posts\/2915\/revisions"}],"predecessor-version":[{"id":4367,"href":"https:\/\/www.empresaqui.com.br\/blog\/wp-json\/wp\/v2\/posts\/2915\/revisions\/4367"}],"wp:attachment":[{"href":"https:\/\/www.empresaqui.com.br\/blog\/wp-json\/wp\/v2\/media?parent=2915"}],"wp:term":[{"taxonomy":"category","embeddable":true,"href":"https:\/\/www.empresaqui.com.br\/blog\/wp-json\/wp\/v2\/categories?post=2915"},{"taxonomy":"post_tag","embeddable":true,"href":"https:\/\/www.empresaqui.com.br\/blog\/wp-json\/wp\/v2\/tags?post=2915"}],"curies":[{"name":"wp","href":"https:\/\/api.w.org\/{rel}","templated":true}]}}