{"id":2846,"date":"2024-10-07T14:41:32","date_gmt":"2024-10-07T17:41:32","guid":{"rendered":"https:\/\/www.empresaqui.com.br\/blog\/?p=2846"},"modified":"2024-11-01T12:30:24","modified_gmt":"2024-11-01T15:30:24","slug":"black-friday-b2b","status":"publish","type":"post","link":"https:\/\/www.empresaqui.com.br\/blog\/black-friday-b2b\/","title":{"rendered":"Entenda o que fazer na sua Black Friday B2B para potencializar suas vendas"},"content":{"rendered":"\n<p>A Black Friday \u00e9 tradicionalmente associada a grandes promo\u00e7\u00f5es para o consumidor final, mas quando falamos em mercado B2B, a abordagem precisa ser diferente.&nbsp;<\/p>\n\n\n\n<p>Empresas que vendem para outras empresas t\u00eam desafios \u00fanicos, como ciclos de vendas mais longos e a necessidade de personaliza\u00e7\u00e3o para cada tipo de cliente.&nbsp;<\/p>\n\n\n\n<p>Para muitos neg\u00f3cios B2B, esse evento representa uma oportunidade rara de fechar grandes contratos, fortalecer parcerias e criar novas conex\u00f5es que podem impactar o crescimento a longo prazo.&nbsp;<\/p>\n\n\n\n<p>Por isso, \u00e9 essencial saber como adaptar a estrat\u00e9gia para tirar o m\u00e1ximo proveito desse momento e evitar erros comuns que poderiam comprometer os resultados.<\/p>\n\n\n\n<div id=\"ez-toc-container\" class=\"ez-toc-v2_0_81 ez-toc-wrap-left counter-hierarchy ez-toc-counter ez-toc-custom ez-toc-container-direction\">\n<div class=\"ez-toc-title-container\">\n<p class=\"ez-toc-title\" style=\"cursor:inherit\">Neste artigo voc\u00ea vai ver:<\/p>\n<span class=\"ez-toc-title-toggle\"><a href=\"#\" class=\"ez-toc-pull-right ez-toc-btn ez-toc-btn-xs ez-toc-btn-default ez-toc-toggle\" aria-label=\"Alternar tabela de conte\u00fado\"><span class=\"ez-toc-js-icon-con\"><span class=\"\"><span class=\"eztoc-hide\" style=\"display:none;\">Toggle<\/span><span class=\"ez-toc-icon-toggle-span\"><svg style=\"fill: #0066bf;color:#0066bf\" xmlns=\"http:\/\/www.w3.org\/2000\/svg\" class=\"list-377408\" width=\"20px\" height=\"20px\" viewBox=\"0 0 24 24\" fill=\"none\"><path d=\"M6 6H4v2h2V6zm14 0H8v2h12V6zM4 11h2v2H4v-2zm16 0H8v2h12v-2zM4 16h2v2H4v-2zm16 0H8v2h12v-2z\" fill=\"currentColor\"><\/path><\/svg><svg style=\"fill: #0066bf;color:#0066bf\" class=\"arrow-unsorted-368013\" xmlns=\"http:\/\/www.w3.org\/2000\/svg\" width=\"10px\" height=\"10px\" viewBox=\"0 0 24 24\" version=\"1.2\" baseProfile=\"tiny\"><path d=\"M18.2 9.3l-6.2-6.3-6.2 6.3c-.2.2-.3.4-.3.7s.1.5.3.7c.2.2.4.3.7.3h11c.3 0 .5-.1.7-.3.2-.2.3-.5.3-.7s-.1-.5-.3-.7zM5.8 14.7l6.2 6.3 6.2-6.3c.2-.2.3-.5.3-.7s-.1-.5-.3-.7c-.2-.2-.4-.3-.7-.3h-11c-.3 0-.5.1-.7.3-.2.2-.3.5-.3.7s.1.5.3.7z\"\/><\/svg><\/span><\/span><\/span><\/a><\/span><\/div>\n<nav><ul class='ez-toc-list ez-toc-list-level-1 ' ><li class='ez-toc-page-1 ez-toc-heading-level-2'><a class=\"ez-toc-link ez-toc-heading-1\" href=\"https:\/\/www.empresaqui.com.br\/blog\/black-friday-b2b\/#O_que_e_Black_Friday_B2B\" >O que \u00e9 Black Friday B2B?<\/a><\/li><li class='ez-toc-page-1 ez-toc-heading-level-2'><a class=\"ez-toc-link ez-toc-heading-2\" href=\"https:\/\/www.empresaqui.com.br\/blog\/black-friday-b2b\/#Ebook_A_Arte_das_Vendas_B2B\" >Ebook A Arte das Vendas B2B<\/a><\/li><li class='ez-toc-page-1 ez-toc-heading-level-2'><a class=\"ez-toc-link ez-toc-heading-3\" href=\"https:\/\/www.empresaqui.com.br\/blog\/black-friday-b2b\/#Quando_e_a_Black_Friday_B2B\" >Quando \u00e9 a Black Friday B2B?<\/a><\/li><li class='ez-toc-page-1 ez-toc-heading-level-2'><a class=\"ez-toc-link ez-toc-heading-4\" href=\"https:\/\/www.empresaqui.com.br\/blog\/black-friday-b2b\/#Diferencas_entre_a_Black_Friday_B2B_e_a_Black_Friday_B2C\" >Diferen\u00e7as entre a Black Friday B2B e a Black Friday B2C<\/a><\/li><li class='ez-toc-page-1 ez-toc-heading-level-2'><a class=\"ez-toc-link ez-toc-heading-5\" href=\"https:\/\/www.empresaqui.com.br\/blog\/black-friday-b2b\/#Como_fazer_uma_campanha_de_Black_Friday_B2B_de_forma_assertiva\" >Como fazer uma campanha de Black Friday B2B de forma assertiva?<\/a><\/li><li class='ez-toc-page-1 ez-toc-heading-level-2'><a class=\"ez-toc-link ez-toc-heading-6\" href=\"https:\/\/www.empresaqui.com.br\/blog\/black-friday-b2b\/#13_Dicas_para_uma_Black_Friday_B2B_de_Sucesso\" >13 Dicas para uma Black Friday B2B de Sucesso<\/a><\/li><li class='ez-toc-page-1 ez-toc-heading-level-2'><a class=\"ez-toc-link ez-toc-heading-7\" href=\"https:\/\/www.empresaqui.com.br\/blog\/black-friday-b2b\/#Gere_listas_de_empresas_personalizadas\" >Gere listas de empresas personalizadas!<\/a><\/li><\/ul><\/nav><\/div>\n<h2 class=\"wp-block-heading\"><span class=\"ez-toc-section\" id=\"O_que_e_Black_Friday_B2B\"><\/span><strong>O que \u00e9 Black Friday B2B?<\/strong><span class=\"ez-toc-section-end\"><\/span><\/h2>\n\n\n\n<p>A Black Friday B2B \u00e9 uma <strong>vers\u00e3o da tradicional Black Friday adaptada para empresas que atuam no mercado corporativo<\/strong>.&nbsp;<\/p>\n\n\n\n<p>Ao contr\u00e1rio do B2C, onde o foco \u00e9 o consumidor final, o objetivo da Black Friday B2B \u00e9 oferecer descontos e condi\u00e7\u00f5es especiais para outras empresas, com o intuito de fechar grandes contratos, renovar parcerias e atrair novos <a href=\"https:\/\/www.empresaqui.com.br\/blog\/clientes-b2b\/\" target=\"_blank\" rel=\"noreferrer noopener\"><strong>clientes B2B<\/strong><\/a>.&nbsp;<\/p>\n\n\n\n<p>Durante esse per\u00edodo, as empresas B2B devem focar em estrat\u00e9gias que combinem promo\u00e7\u00f5es com a cria\u00e7\u00e3o de valor, como suporte adicional, pacotes de servi\u00e7os personalizados e ofertas exclusivas.<\/p>\n\n\n\n<style>\n    body {\n        font-family: 'Montserrat', sans-serif;\n        margin: 0;\n        padding: 0;\n        background-color: #F4F4F4;\n    }\n    .cta-container {\n        display: flex;\n        flex-direction: column;\n        align-items: center;\n        justify-content: center;\n        background-color: #131763;\n        padding: 20px 5px;\n        color: white;\n        max-width: 1000px;\n        margin: 20px auto;\n    }\n    .linha-um {\n        display: flex;\n        flex-direction: row;\n        width: 100%;\n    }\n    .cta-image {\n        width: 60%;\n        display: flex;\n        justify-content: center;\n    }\n    .cta-image img {\n        height: auto;\n        width: 100%;\n    }\n    .cta-content {\n        width: 70%;\n        padding: 0px;\n        text-align: center;\n        margin-left: 10px;\n        margin-right: 10px;\n        display: flex;\n        justify-content: center;\n        flex-direction: column;\n    }\n    .cta-content h2 {\n        text-shadow:\n            0 0 5px rgba(0, 0, 0, 1);\n        font-size: 24px !important;\n        margin: 0 0 10px;\n        line-height: 1.2;\n        text-align: center;\n        color: white;\n    }\n    .cta-content p {\n        font-size: 15px;\n        text-align: center;\n    }\n    .animated-button {\n        color: #031844;\n        font-weight: bold;\n        font-size: 15px;\n        font-family: 'Montserrat', sans-serif;\n        padding: 2px 20px;\n        background-color: #0CFFFB;\n        border: 1px solid #000;\n        border-radius: 45px;\n        cursor: pointer;\n        transition: all 0.3s ease;\n        transform: scale(0.9);\n        opacity: 0;\n        animation: fadeInScale 0.5s ease forwards;\n        text-shadow:\n            0 0 5px rgba(0, 0, 0, 0.4);\n        text-decoration: none;\n        display: block;\n        margin: 0px auto;\n        width: fit-content;\n    }\n    .animated-button:hover {\n        background-color: #00E1FF;\n        transform: scale(1.05);\n    }\n    .animated-button:active {\n        background-color: #00B8D4;\n        transform: scale(0.95);\n    }\n    @keyframes fadeInScale {\n        0% {\n            transform: scale(0.9);\n            opacity: 0;\n        }\n        100% {\n            transform: scale(1);\n            opacity: 1;\n        }\n    }\n    @media (max-width: 768px) {\n        .cta-container {\n            flex-direction: column;\n            text-align: center;\n        }\n        .linha-um {\n            flex-direction: column;\n            align-items: center;\n        }\n        .cta-image {\n            width: 100%;\n            margin-bottom: 20px;\n        }\n        .cta-content {\n            width: 100%;\n            margin-left: 0;\n            margin-right: 0;\n        }\n        .animated-button {\n            margin-top: 5px;\n            padding: 12px 30px;\n        }\n    }\n<\/style>\n<div class=\"cta-container\">\n    <div class=\"linha-um\">\n        <div class=\"cta-image\">\n            <img decoding=\"async\" class=\"item\" loading=\"lazy\" src=\"https:\/\/empresaqui.com.br\/img\/Landing_Page_EBOOK.png\" alt=\"ebook\" id=\"ebook\">\n        <\/div>\n        <div class=\"cta-content\">\n            <h2><span class=\"ez-toc-section\" id=\"Ebook_A_Arte_das_Vendas_B2B\"><\/span>Ebook A Arte das Vendas B2B<span class=\"ez-toc-section-end\"><\/span><\/h2>\n            <p>Aprenda as estrat\u00e9gias mais eficazes para prospectar clientes, negociar contratos e construir relacionamentos s\u00f3lidos que geram resultados duradouros.<\/p>\n        <\/div>\n    <\/div>\n    <a href=\"https:\/\/empresaqui.com.br\/ebook-a-arte-das-vendas-b2b\" data-toggle=\"modal\" data-target=\"#ModalCarregando\" class=\"animated-button item\">BAIXE GRATUITAMENTE<\/a>\n<\/div> \n\n\n\n<h2 class=\"wp-block-heading\"><span class=\"ez-toc-section\" id=\"Quando_e_a_Black_Friday_B2B\"><\/span><strong>Quando \u00e9 a Black Friday B2B?<\/strong><span class=\"ez-toc-section-end\"><\/span><\/h2>\n\n\n\n<p>A <strong>Black Friday B2B acontece todos os anos na \u00faltima sexta-feira do m\u00eas de novembro<\/strong>.&nbsp;<\/p>\n\n\n\n<p>No entanto, muitas <a href=\"https:\/\/www.empresaqui.com.br\/blog\/empresa-b2b\/\" target=\"_blank\" rel=\"noreferrer noopener\"><strong>empresas B2B<\/strong><\/a> t\u00eam adotado estrat\u00e9gias mais amplas, estendendo a campanha para a &#8220;Black Week&#8221; ou at\u00e9 mesmo para todo o m\u00eas de novembro, criando a &#8220;Black November&#8221;.&nbsp;<\/p>\n\n\n\n<p>Essa abordagem permite mais flexibilidade para negocia\u00e7\u00f5es complexas e para garantir que os clientes empresariais possam aproveitar as promo\u00e7\u00f5es dentro de seus ciclos de compra, que costumam ser mais longos do que no B2C.<\/p>\n\n\n\n<h2 class=\"wp-block-heading\"><span class=\"ez-toc-section\" id=\"Diferencas_entre_a_Black_Friday_B2B_e_a_Black_Friday_B2C\"><\/span><strong>Diferen\u00e7as entre a Black Friday B2B e a Black Friday B2C<\/strong><span class=\"ez-toc-section-end\"><\/span><\/h2>\n\n\n\n<p>Antes de tra\u00e7ar uma estrat\u00e9gia para a Black Friday, \u00e9 importante entender as diferen\u00e7as fundamentais entre a abordagem B2B e a B2C.&nbsp;<\/p>\n\n\n\n<p>A tabela a seguir detalha as principais distin\u00e7\u00f5es entre essas duas modalidades, mostrando como cada uma se adapta ao seu p\u00fablico e prop\u00f3sito:<\/p>\n\n\n\n<figure class=\"wp-block-image aligncenter size-full\"><img loading=\"lazy\" decoding=\"async\" width=\"900\" height=\"500\" src=\"https:\/\/www.empresaqui.com.br\/blog\/wp-content\/uploads\/2024\/03\/B2Bx-B2C.jpg\" alt=\"Tabela comparativa entre B2B e B2C\" class=\"wp-image-2616\" srcset=\"https:\/\/www.empresaqui.com.br\/blog\/wp-content\/uploads\/2024\/03\/B2Bx-B2C.jpg 900w, https:\/\/www.empresaqui.com.br\/blog\/wp-content\/uploads\/2024\/03\/B2Bx-B2C-300x167.jpg 300w, https:\/\/www.empresaqui.com.br\/blog\/wp-content\/uploads\/2024\/03\/B2Bx-B2C-768x427.jpg 768w\" sizes=\"auto, (max-width: 900px) 100vw, 900px\" \/><figcaption class=\"wp-element-caption\">Tabela comparativa entre B2B vs B2C<\/figcaption><\/figure>\n\n\n\n<h2 class=\"wp-block-heading\"><span class=\"ez-toc-section\" id=\"Como_fazer_uma_campanha_de_Black_Friday_B2B_de_forma_assertiva\"><\/span><strong>Como fazer uma campanha de Black Friday B2B de forma assertiva?<\/strong><span class=\"ez-toc-section-end\"><\/span><\/h2>\n\n\n\n<p>Para ter uma campanha de Black Friday B2B assertiva, \u00e9 essencial <strong>estruturar a estrat\u00e9gia<\/strong> em cinco pilares principais:&nbsp;<\/p>\n\n\n\n<ul class=\"wp-block-list\">\n<li>Planejamento;<\/li>\n\n\n\n<li>Capta\u00e7\u00e3o e engajamento;<\/li>\n\n\n\n<li>Estrat\u00e9gias de comunica\u00e7\u00e3o;<\/li>\n\n\n\n<li>T\u00e9cnicas de venda e convers\u00e3o;<\/li>\n\n\n\n<li>An\u00e1lise e acompanhamento.&nbsp;<\/li>\n<\/ul>\n\n\n\n<p>Cada um desses pilares desempenha um papel crucial para assegurar que todos os pontos estejam alinhados, desde a defini\u00e7\u00e3o de objetivos at\u00e9 a mensura\u00e7\u00e3o de resultados.&nbsp;<\/p>\n\n\n\n<p>Com esses elementos bem organizados, sua empresa estar\u00e1 preparada para implementar as 13 dicas que vamos explorar a seguir, garantindo uma Black Friday B2B realmente eficaz e com alto potencial de convers\u00e3o.<\/p>\n\n\n\n<h2 class=\"wp-block-heading\"><span class=\"ez-toc-section\" id=\"13_Dicas_para_uma_Black_Friday_B2B_de_Sucesso\"><\/span><strong>13 Dicas para uma Black Friday B2B de Sucesso<\/strong><span class=\"ez-toc-section-end\"><\/span><\/h2>\n\n\n\n<p>Para que sua Black Friday B2B seja realmente eficiente e traga resultados expressivos, \u00e9 fundamental adotar pr\u00e1ticas que englobem desde o planejamento inicial at\u00e9 o acompanhamento <a href=\"https:\/\/www.empresaqui.com.br\/blog\/pos-venda\/\" target=\"_blank\" rel=\"noreferrer noopener\"><strong>p\u00f3s-venda<\/strong><\/a>.&nbsp;<\/p>\n\n\n\n<p>A seguir, listamos 13 dicas essenciais que ajudar\u00e3o a sua empresa a se destacar no mercado e a maximizar suas oportunidades de convers\u00e3o durante esse per\u00edodo estrat\u00e9gico.<\/p>\n\n\n\n<h3 class=\"wp-block-heading\"><strong>1. Planeje com anteced\u00eancia<\/strong><\/h3>\n\n\n\n<p>Defina os objetivos da campanha e elabore uma estrat\u00e9gia com bastante anteced\u00eancia para garantir que todos os processos estejam alinhados. Certifique-se de que sua equipe esteja preparada para atender \u00e0 demanda.<\/p>\n\n\n\n<h3 class=\"wp-block-heading\"><strong>2. Conhe\u00e7a seu p\u00fablico-alvo<\/strong><\/h3>\n\n\n\n<p>Identifique as necessidades dos seus clientes corporativos e ajuste as promo\u00e7\u00f5es para que elas realmente agreguem valor aos neg\u00f3cios deles.<\/p>\n\n\n\n<h3 class=\"wp-block-heading\"><strong>3. Ofere\u00e7a solu\u00e7\u00f5es personalizadas<\/strong><\/h3>\n\n\n\n<p>Empresas B2B valorizam solu\u00e7\u00f5es que atendam a necessidades espec\u00edficas. Crie pacotes personalizados para diferentes segmentos, oferecendo descontos e benef\u00edcios que atendam \u00e0s suas particularidades.<\/p>\n\n\n\n<h3 class=\"wp-block-heading\"><strong>4. Capriche no e-mail marketing<\/strong><\/h3>\n\n\n\n<p>O <a href=\"https:\/\/www.empresaqui.com.br\/blog\/email-marketing\/\" target=\"_blank\" rel=\"noreferrer noopener\"><strong>e-mail marketing<\/strong><\/a> \u00e9 uma ferramenta poderosa no B2B. Envie e-mails segmentados e <a href=\"https:\/\/www.empresaqui.com.br\/blog\/newsletter-b2b\/\" target=\"_blank\" rel=\"noreferrer noopener\"><strong>newsletters<\/strong><\/a> com ofertas espec\u00edficas para cada grupo de clientes e leads, destacando como suas solu\u00e7\u00f5es se alinham \u00e0s necessidades deles.<\/p>\n\n\n\n<p>Entenda como, quando e por que usar cada tipo de newsletter B2B na tabela abaixo:<\/p>\n\n\n\n<figure class=\"wp-block-image aligncenter size-full\"><img loading=\"lazy\" decoding=\"async\" width=\"900\" height=\"500\" src=\"https:\/\/www.empresaqui.com.br\/blog\/wp-content\/uploads\/2024\/09\/tipos-de-newsletter-b2b.jpg\" alt=\"Tabela mostrando diferentes tipos de conte\u00fado para newsletters B2B: informativa, educacional, promocional e relacionamento.\" class=\"wp-image-2590\" srcset=\"https:\/\/www.empresaqui.com.br\/blog\/wp-content\/uploads\/2024\/09\/tipos-de-newsletter-b2b.jpg 900w, https:\/\/www.empresaqui.com.br\/blog\/wp-content\/uploads\/2024\/09\/tipos-de-newsletter-b2b-300x167.jpg 300w, https:\/\/www.empresaqui.com.br\/blog\/wp-content\/uploads\/2024\/09\/tipos-de-newsletter-b2b-768x427.jpg 768w\" sizes=\"auto, (max-width: 900px) 100vw, 900px\" \/><figcaption class=\"wp-element-caption\">Tabela sobre os tipos de newsletters B2B e suas finalidades.<\/figcaption><\/figure>\n\n\n\n<h3 class=\"wp-block-heading\"><strong>5. Utilize o EmpresAqui para identificar leads<\/strong><\/h3>\n\n\n\n<p>O EmpresAqui permite gerar <a href=\"https:\/\/www.empresaqui.com.br\/blog\/lista-de-empresas-por-segmento-gratis\/\" target=\"_blank\" rel=\"noreferrer noopener\"><strong>listas segmentadas de leads B2B<\/strong><\/a> com base em segmento, localiza\u00e7\u00e3o e porte das empresas. Para gerar listas de empresas, siga este passo a passo:<\/p>\n\n\n\n<ol class=\"wp-block-list\">\n<li><strong>Acesse o<\/strong> <a href=\"https:\/\/www.empresaqui.com.br\/\" target=\"_blank\" rel=\"noreferrer noopener\"><strong>EmpresAqui<\/strong><\/a> com suas credenciais;<\/li>\n\n\n\n<li>Escolha a op\u00e7\u00e3o de &#8220;Pesquisa por Filtros&#8221;;<\/li>\n\n\n\n<li>Defina filtros como setor de atua\u00e7\u00e3o e localiza\u00e7\u00e3o e em seguida realize sua pesquisa;<\/li>\n<\/ol>\n\n\n\n<figure class=\"wp-block-image aligncenter size-full\"><img loading=\"lazy\" decoding=\"async\" width=\"839\" height=\"683\" src=\"https:\/\/www.empresaqui.com.br\/blog\/wp-content\/uploads\/2024\/08\/filtros-da-plataforma.png\" alt=\"A imagem mostra uma tela de um sistema de pesquisa empresarial, com uma s\u00e9rie de filtros para refinar os resultados da busca. Entre os filtros dispon\u00edveis, h\u00e1 op\u00e7\u00f5es para selecionar o CNAE, raz\u00e3o\/fantasia, localiza\u00e7\u00e3o (estado, munic\u00edpio, bairro, logradouro, n\u00famero, CEP), situa\u00e7\u00e3o cadastral, porte empresarial, natureza jur\u00eddica, capital social, regime tribut\u00e1rio, d\u00edvidas federais, entre outros. A interface tamb\u00e9m permite escolher se a pesquisa deve incluir apenas empresas com site, telefone fixo, celular ou e-mail. Al\u00e9m disso, o usu\u00e1rio pode ordenar os resultados de v\u00e1rias maneiras, como por data mais recente, capital social, ou n\u00famero de CNPJ.\" class=\"wp-image-2360\" srcset=\"https:\/\/www.empresaqui.com.br\/blog\/wp-content\/uploads\/2024\/08\/filtros-da-plataforma.png 839w, https:\/\/www.empresaqui.com.br\/blog\/wp-content\/uploads\/2024\/08\/filtros-da-plataforma-300x244.png 300w, https:\/\/www.empresaqui.com.br\/blog\/wp-content\/uploads\/2024\/08\/filtros-da-plataforma-768x625.png 768w\" sizes=\"auto, (max-width: 839px) 100vw, 839px\" \/><figcaption class=\"wp-element-caption\">Imagem dos filtros de pesquisa da plataforma EmpresAqui<\/figcaption><\/figure>\n\n\n\n<ol class=\"wp-block-list\" start=\"4\">\n<li><strong>Gere a lista de empresas<\/strong> e visualize os dados estrat\u00e9gicos para identificar clientes em potencial;<\/li>\n\n\n\n<li><strong>Planeje sua campanha de Black Friday B2B focada nesses leads<\/strong>, aumentando as chances de sucesso.<\/li>\n<\/ol>\n\n\n\n<h3 class=\"wp-block-heading\"><strong>6. Crie uma p\u00e1gina de ofertas exclusivas<\/strong><\/h3>\n\n\n\n<p>Desenvolva uma <a href=\"https:\/\/www.empresaqui.com.br\/blog\/landing-pages-b2b\/\" target=\"_blank\" rel=\"noreferrer noopener\"><strong>landing page B2B<\/strong><\/a> dedicada para a Black Friday B2B com todos os detalhes das promo\u00e7\u00f5es, depoimentos de clientes e um formul\u00e1rio para <strong>captar novos leads<\/strong>.<\/p>\n\n\n\n<h3 class=\"wp-block-heading\"><strong>7. Invista em remarketing<\/strong><\/h3>\n\n\n\n<p>O remarketing \u00e9 essencial no B2B, pois o <a href=\"https:\/\/www.empresaqui.com.br\/blog\/ciclo-de-vendas-b2b\/\" target=\"_blank\" rel=\"noreferrer noopener\"><strong>ciclo de vendas B2B<\/strong><\/a> \u00e9 mais longo. Reforce suas ofertas para <a href=\"https:\/\/www.empresaqui.com.br\/blog\/leads-b2b\/\" target=\"_blank\" rel=\"noreferrer noopener\"><strong>leads B2B<\/strong><\/a> que j\u00e1 demonstraram interesse, mantendo o contato e relembrando dos benef\u00edcios da sua solu\u00e7\u00e3o.<\/p>\n\n\n\n<h3 class=\"wp-block-heading\"><strong>8. Adote uma estrat\u00e9gia omnichannel<\/strong><\/h3>\n\n\n\n<p>Estar presente em m\u00faltiplos canais de comunica\u00e7\u00e3o \u00e9 fundamental para alcan\u00e7ar todo o potencial do <strong><a href=\"https:\/\/www.empresaqui.com.br\/blog\/omnichannel-b2b\/\" target=\"_blank\" rel=\"noreferrer noopener\">omnichannel B2B<\/a><\/strong>.<\/p>\n\n\n\n<p>Esteja presente em m\u00faltiplos canais de comunica\u00e7\u00e3o: <a href=\"https:\/\/www.empresaqui.com.br\/blog\/redes-sociais-b2b\/\" target=\"_blank\" rel=\"noreferrer noopener\"><strong>redes sociais B2B<\/strong><\/a>, e-mail e at\u00e9 <strong>chamadas telef\u00f4nicas<\/strong>. Essa abordagem amplia seu alcance e fortalece a comunica\u00e7\u00e3o com seus leads.<\/p>\n\n\n\n<h3 class=\"wp-block-heading\"><strong>9. Ofere\u00e7a suporte personalizado<\/strong><\/h3>\n\n\n\n<p>Durante a Black Friday, certifique-se de que sua <strong>equipe de vendas<\/strong> esteja dispon\u00edvel para esclarecer d\u00favidas e oferecer suporte em tempo real, garantindo uma experi\u00eancia diferenciada para os potenciais clientes.<\/p>\n\n\n\n<h3 class=\"wp-block-heading\"><strong>10. Crie urg\u00eancia e escassez<\/strong><\/h3>\n\n\n\n<p>Utilize gatilhos de urg\u00eancia, como \u201c\u00faltimos dias\u201d ou \u201cquantidades limitadas\u201d, para incentivar as empresas a tomar decis\u00f5es mais rapidamente. Isso ajuda a manter o senso de exclusividade e oportunidade.<\/p>\n\n\n\n<h3 class=\"wp-block-heading\"><strong>11. Pense em parcerias estrat\u00e9gicas<\/strong><\/h3>\n\n\n\n<p>Durante a Black Friday B2B, formar parcerias estrat\u00e9gicas pode ser uma excelente forma de expandir seu alcance e agregar mais valor \u00e0s suas ofertas.&nbsp;<\/p>\n\n\n\n<p>Ao unir for\u00e7as com outras empresas que possuem produtos ou servi\u00e7os complementares aos seus, \u00e9 poss\u00edvel criar pacotes promocionais que atendam a necessidades espec\u00edficas de diferentes clientes.&nbsp;<\/p>\n\n\n\n<h3 class=\"wp-block-heading\"><strong>12. Monitore as a\u00e7\u00f5es dos concorrentes<\/strong><\/h3>\n\n\n\n<p>Acompanhe o que os concorrentes est\u00e3o fazendo e ajuste suas estrat\u00e9gias de <a href=\"https:\/\/www.empresaqui.com.br\/blog\/o-que-e-benchmarking\/\" target=\"_blank\" rel=\"noreferrer noopener\"><strong>benchmarking<\/strong><\/a> para se diferenciar no mercado. Ofere\u00e7a algo a mais, que traga um diferencial competitivo, e se destaque.<\/p>\n\n\n\n<h3 class=\"wp-block-heading\"><strong>13. Me\u00e7a os resultados<\/strong><\/h3>\n\n\n\n<p>Ao t\u00e9rmino da campanha, \u00e9 essencial analisar as m\u00e9tricas de desempenho para entender o impacto das a\u00e7\u00f5es e tomar decis\u00f5es informadas para campanhas futuras.&nbsp;<\/p>\n\n\n\n<p>Indicadores como taxa de convers\u00e3o, <a href=\"https:\/\/www.empresaqui.com.br\/blog\/cac\/\" target=\"_blank\" rel=\"noreferrer noopener\"><strong>CAC<\/strong><\/a><strong> <\/strong>(Custo de Aquisi\u00e7\u00e3o ), e<strong> <\/strong><a href=\"https:\/\/www.empresaqui.com.br\/blog\/roi-b2b\/\" target=\"_blank\" rel=\"noreferrer noopener\"><strong>ROI B2B<\/strong><\/a> (Retorno sobre Investimento) s\u00e3o fundamentais para avaliar o sucesso das estrat\u00e9gias.<\/p>\n\n\n\n<p>A seguir, veja uma tabela detalhando alguns dos principais<strong> <a href=\"https:\/\/www.empresaqui.com.br\/blog\/kpi-de-vendas\/\" target=\"_blank\" rel=\"noreferrer noopener\">KPIs<\/a><\/strong> (Indicadores de Desempenho) que voc\u00ea deve monitorar para garantir que a campanha tenha atingido os objetivos e identificar \u00e1reas para melhorias nas pr\u00f3ximas edi\u00e7\u00f5es.<\/p>\n\n\n\n<figure class=\"wp-block-image aligncenter size-full\"><img loading=\"lazy\" decoding=\"async\" width=\"350\" height=\"350\" src=\"https:\/\/www.empresaqui.com.br\/blog\/wp-content\/uploads\/2024\/07\/kpi-de-vendas-2.png\" alt=\"lista de kpis de vendas.\" class=\"wp-image-2871\" srcset=\"https:\/\/www.empresaqui.com.br\/blog\/wp-content\/uploads\/2024\/07\/kpi-de-vendas-2.png 350w, https:\/\/www.empresaqui.com.br\/blog\/wp-content\/uploads\/2024\/07\/kpi-de-vendas-2-300x300.png 300w, https:\/\/www.empresaqui.com.br\/blog\/wp-content\/uploads\/2024\/07\/kpi-de-vendas-2-150x150.png 150w, https:\/\/www.empresaqui.com.br\/blog\/wp-content\/uploads\/2024\/07\/kpi-de-vendas-2-60x60.png 60w\" sizes=\"auto, (max-width: 350px) 100vw, 350px\" \/><figcaption class=\"wp-element-caption\">Tabela com os 7 KPIs de vendas essenciais<\/figcaption><\/figure>\n\n\n\n<p>A Black Friday B2B \u00e9 uma oportunidade estrat\u00e9gica para empresas que atuam no mercado corporativo fortalecerem sua posi\u00e7\u00e3o, captarem novos clientes e estreitarem o relacionamento com parceiros comerciais.<\/p>\n\n\n\n<p>Ao seguir essas 13 dicas e<strong> utilizar ferramentas como o EmpresAqui <\/strong>para segmentar e identificar leads, voc\u00ea estar\u00e1 mais preparado para aproveitar ao m\u00e1ximo essa data e gerar resultados expressivos para o seu neg\u00f3cio.<\/p>\n\n\n\n<p>Seja criativo, adapte as ofertas \u00e0s necessidades dos seus clientes e lembre-se de focar em construir valor al\u00e9m dos descontos.&nbsp;<\/p>\n\n\n\n<p>Assim, a sua Black Friday B2B ser\u00e1 um sucesso, abrindo novas oportunidades de crescimento e parcerias de longo prazo.<\/p>\n\n\n\n<script type=\"application\/ld+json\">\n{\n  \"@context\": \"https:\/\/schema.org\",\n  \"@type\": \"VideoObject\",\n  \"name\": \"Como gerar listas de empresas personalizadas com o EmpresAqui\",\n  \"description\": \"Assista no v\u00eddeo como gerar listas de empresas para prospec\u00e7\u00e3o B2B por meio da plataforma EmpresAqui.\nO EmpresAqui \u00e9 uma plataforma online que organiza dados de todas as empresas do Brasil. S\u00e3o mais de 57 Milh\u00f5es de empresas na base de dados que podem ser filtradas por CNAE, segmento, regi\u00e3o, porte, d\u00edvidas e outros filtros.\nUtilize os filtros para personalizar e gerar suas listas de empresas com informa\u00e7\u00f5es estrat\u00e9gicas para prospec\u00e7\u00e3o B2B agora mesmo.\",\n  \"thumbnailUrl\": \"https:\/\/youtu.be\/IOlI9ZzL3C0?feature=shared\",\n  \"uploadDate\": \"2023-09-06\",\n  \"contentUrl\": \"https:\/\/youtu.be\/IOlI9ZzL3C0?feature=shared\",\n  \"embedUrl\": \"https:\/\/www.youtube.com\/embed\/IOlI9ZzL3C0\"\n}\n<\/script>\n\n\n<figure class=\"wp-block-embed-youtube wp-block-embed is-type-video is-provider-youtube wp-embed-aspect-16-9 wp-has-aspect-ratio\"><div class=\"lyte-wrapper fourthree\" style=\"width:420px;max-width:100%;margin:5px;\"><div class=\"lyMe\" id=\"WYL_IOlI9ZzL3C0\"><div id=\"lyte_IOlI9ZzL3C0\" data-src=\"\/\/i.ytimg.com\/vi\/IOlI9ZzL3C0\/hqdefault.jpg\" class=\"pL\"><div class=\"tC\"><div class=\"tT\"><\/div><\/div><div class=\"play\"><\/div><div class=\"ctrl\"><div class=\"Lctrl\"><\/div><div class=\"Rctrl\"><\/div><\/div><\/div><noscript><a href=\"https:\/\/youtu.be\/IOlI9ZzL3C0\" rel=\"nofollow\"><img loading=\"lazy\" decoding=\"async\" src=\"https:\/\/i.ytimg.com\/vi\/IOlI9ZzL3C0\/0.jpg\" alt=\"\" width=\"420\" height=\"295\" \/><br \/>Assista a este v\u00eddeo no YouTube<\/a><\/noscript><\/div><\/div><div class=\"lL\" style=\"max-width:100%;width:420px;margin:5px;\"><\/div><figcaption><\/figcaption><\/figure>\n\n\n<div class=\"banner\">\n            <h2><span class=\"ez-toc-section\" id=\"Gere_listas_de_empresas_personalizadas\"><\/span>Gere listas de empresas personalizadas!<span class=\"ez-toc-section-end\"><\/span><\/h2>\n            <p>Cadastre-se gr\u00e1tis agora mesmo<\/p>\n            <div class=\"bottom-banner\">\n                <img decoding=\"async\" src=\"https:\/\/www.empresaqui.com.br\/blog\/wp-content\/uploads\/2021\/11\/AdminLTELogo.png\" alt=\"Seu Logotipo\" class=\"logo\">\n                <a href=\"https:\/\/www.empresaqui.com.br\/plano-gratuito?utm_source=blog&amp;utm_medium=banner&amp;utm_campaign=CTA-GRATUITO-HTML\" class=\"cta-button-banner\">Teste aqui agora<\/a>\n            <\/div>\n        <\/div>\n\n        <style>\n            .bottom-banner{\n                display: flex;\n                justify-content: center;\n                align-items: center;\n            }\n            .bottom-banner img{\n                width: 3rem !important;\n                height: 3rem !important;\n                margin-right: 1rem;\n            }\n            .banner h2{\n                font-family: Arial, sans-serif;\n                color: #fff !important;\n            }\n            .banner p{\n                font-family: Arial, sans-serif;\n            }\n            .banner {\n                background:#001E40;\n                color: #FFFFFF;\n                text-align: center;\n                padding: 20px;\n            }\n            .cta-button-banner {\n                display: inline-block;\n                background-color: #0CFFFB;\n                color: #000;\n                border: none;\n                padding: 1px 15px;\n                font-size: 14px;\n                font-family: sans-serif;\n                font-weight: 700;\n                border-radius: 21px;\n                cursor: pointer;\n                transition: background-color 0.3s ease;\n                text-decoration: none;\n            }\n\n            @media (max-width: 767px) {\n                .banner h2{\n                    font-size:20px;\n                }\n                .cta-button-banner {\n                    padding: 1px 15px;\n                    font-size: 12px;\n                }\n\n            }\n        <\/style>\n    \n\n","protected":false},"excerpt":{"rendered":"<p>A Black Friday \u00e9 tradicionalmente associada a grandes promo\u00e7\u00f5es para o consumidor final, mas quando falamos em mercado B2B, a [&hellip;]<\/p>\n","protected":false},"author":9,"featured_media":0,"comment_status":"closed","ping_status":"closed","sticky":false,"template":"","format":"standard","meta":{"_acf_changed":false,"_uag_custom_page_level_css":"","site-sidebar-layout":"default","site-content-layout":"","ast-site-content-layout":"default","site-content-style":"default","site-sidebar-style":"default","ast-global-header-display":"","ast-banner-title-visibility":"","ast-main-header-display":"","ast-hfb-above-header-display":"","ast-hfb-below-header-display":"","ast-hfb-mobile-header-display":"","site-post-title":"","ast-breadcrumbs-content":"","ast-featured-img":"","footer-sml-layout":"","theme-transparent-header-meta":"","adv-header-id-meta":"","stick-header-meta":"","header-above-stick-meta":"","header-main-stick-meta":"","header-below-stick-meta":"","astra-migrate-meta-layouts":"default","ast-page-background-enabled":"default","ast-page-background-meta":{"desktop":{"background-color":"var(--ast-global-color-4)","background-image":"","background-repeat":"repeat","background-position":"center center","background-size":"auto","background-attachment":"scroll","background-type":"","background-media":"","overlay-type":"","overlay-color":"","overlay-opacity":"","overlay-gradient":""},"tablet":{"background-color":"","background-image":"","background-repeat":"repeat","background-position":"center center","background-size":"auto","background-attachment":"scroll","background-type":"","background-media":"","overlay-type":"","overlay-color":"","overlay-opacity":"","overlay-gradient":""},"mobile":{"background-color":"","background-image":"","background-repeat":"repeat","background-position":"center center","background-size":"auto","background-attachment":"scroll","background-type":"","background-media":"","overlay-type":"","overlay-color":"","overlay-opacity":"","overlay-gradient":""}},"ast-content-background-meta":{"desktop":{"background-color":"var(--ast-global-color-5)","background-image":"","background-repeat":"repeat","background-position":"center center","background-size":"auto","background-attachment":"scroll","background-type":"","background-media":"","overlay-type":"","overlay-color":"","overlay-opacity":"","overlay-gradient":""},"tablet":{"background-color":"var(--ast-global-color-5)","background-image":"","background-repeat":"repeat","background-position":"center center","background-size":"auto","background-attachment":"scroll","background-type":"","background-media":"","overlay-type":"","overlay-color":"","overlay-opacity":"","overlay-gradient":""},"mobile":{"background-color":"var(--ast-global-color-5)","background-image":"","background-repeat":"repeat","background-position":"center center","background-size":"auto","background-attachment":"scroll","background-type":"","background-media":"","overlay-type":"","overlay-color":"","overlay-opacity":"","overlay-gradient":""}},"footnotes":""},"categories":[4,33],"tags":[],"class_list":["post-2846","post","type-post","status-publish","format-standard","hentry","category-dicas-de-uso","category-prospeccao-vendas"],"acf":[],"yoast_head":"<!-- This site is optimized with the Yoast SEO plugin v27.4 - https:\/\/yoast.com\/product\/yoast-seo-wordpress\/ -->\n<title>Black Friday B2B: 13 dicas para uma campanha de sucesso<\/title>\n<meta name=\"description\" content=\"Aprenda estrat\u00e9gias essenciais para uma Black Friday B2B de sucesso e descubra como aumentar suas vendas, atrair clientes e fechar neg\u00f3cios lucrativos.\" \/>\n<meta name=\"robots\" content=\"index, follow, max-snippet:-1, max-image-preview:large, max-video-preview:-1\" \/>\n<link rel=\"canonical\" href=\"https:\/\/www.empresaqui.com.br\/blog\/black-friday-b2b\/\" \/>\n<meta property=\"og:locale\" content=\"pt_BR\" \/>\n<meta property=\"og:type\" content=\"article\" \/>\n<meta property=\"og:title\" content=\"Black Friday B2B: 13 dicas para uma campanha de sucesso\" \/>\n<meta property=\"og:description\" content=\"Aprenda estrat\u00e9gias essenciais para uma Black Friday B2B de sucesso e descubra como aumentar suas vendas, atrair clientes e fechar neg\u00f3cios lucrativos.\" \/>\n<meta property=\"og:url\" content=\"https:\/\/www.empresaqui.com.br\/blog\/black-friday-b2b\/\" \/>\n<meta property=\"og:site_name\" content=\"Blog EmpresAqui\" \/>\n<meta property=\"article:publisher\" content=\"https:\/\/www.facebook.com\/empresaquibr\" \/>\n<meta property=\"article:published_time\" content=\"2024-10-07T17:41:32+00:00\" \/>\n<meta property=\"article:modified_time\" content=\"2024-11-01T15:30:24+00:00\" \/>\n<meta property=\"og:image\" content=\"https:\/\/www.empresaqui.com.br\/blog\/wp-content\/uploads\/2024\/03\/B2Bx-B2C.jpg\" \/>\n<meta name=\"author\" content=\"Pedro de Castro\" \/>\n<meta name=\"twitter:card\" content=\"summary_large_image\" \/>\n<meta name=\"twitter:label1\" content=\"Escrito por\" \/>\n\t<meta name=\"twitter:data1\" content=\"Pedro de Castro\" \/>\n\t<meta name=\"twitter:label2\" content=\"Est. tempo de leitura\" \/>\n\t<meta name=\"twitter:data2\" content=\"9 minutos\" \/>\n<script type=\"application\/ld+json\" class=\"yoast-schema-graph\">{\"@context\":\"https:\\\/\\\/schema.org\",\"@graph\":[{\"@type\":\"Article\",\"@id\":\"https:\\\/\\\/www.empresaqui.com.br\\\/blog\\\/black-friday-b2b\\\/#article\",\"isPartOf\":{\"@id\":\"https:\\\/\\\/www.empresaqui.com.br\\\/blog\\\/black-friday-b2b\\\/\"},\"author\":{\"name\":\"Pedro de Castro\",\"@id\":\"https:\\\/\\\/www.empresaqui.com.br\\\/blog\\\/#\\\/schema\\\/person\\\/c47351a5cbdb107cc321e811cb2e5d3e\"},\"headline\":\"Entenda o que fazer na sua Black Friday B2B para potencializar suas vendas\",\"datePublished\":\"2024-10-07T17:41:32+00:00\",\"dateModified\":\"2024-11-01T15:30:24+00:00\",\"mainEntityOfPage\":{\"@id\":\"https:\\\/\\\/www.empresaqui.com.br\\\/blog\\\/black-friday-b2b\\\/\"},\"wordCount\":1384,\"publisher\":{\"@id\":\"https:\\\/\\\/www.empresaqui.com.br\\\/blog\\\/#organization\"},\"image\":{\"@id\":\"https:\\\/\\\/www.empresaqui.com.br\\\/blog\\\/black-friday-b2b\\\/#primaryimage\"},\"thumbnailUrl\":\"https:\\\/\\\/www.empresaqui.com.br\\\/blog\\\/wp-content\\\/uploads\\\/2024\\\/03\\\/B2Bx-B2C.jpg\",\"articleSection\":[\"Dicas de Uso\",\"Dicas de Vendas\"],\"inLanguage\":\"pt-BR\"},{\"@type\":\"WebPage\",\"@id\":\"https:\\\/\\\/www.empresaqui.com.br\\\/blog\\\/black-friday-b2b\\\/\",\"url\":\"https:\\\/\\\/www.empresaqui.com.br\\\/blog\\\/black-friday-b2b\\\/\",\"name\":\"Black Friday B2B: 13 dicas para uma campanha de sucesso\",\"isPartOf\":{\"@id\":\"https:\\\/\\\/www.empresaqui.com.br\\\/blog\\\/#website\"},\"primaryImageOfPage\":{\"@id\":\"https:\\\/\\\/www.empresaqui.com.br\\\/blog\\\/black-friday-b2b\\\/#primaryimage\"},\"image\":{\"@id\":\"https:\\\/\\\/www.empresaqui.com.br\\\/blog\\\/black-friday-b2b\\\/#primaryimage\"},\"thumbnailUrl\":\"https:\\\/\\\/www.empresaqui.com.br\\\/blog\\\/wp-content\\\/uploads\\\/2024\\\/03\\\/B2Bx-B2C.jpg\",\"datePublished\":\"2024-10-07T17:41:32+00:00\",\"dateModified\":\"2024-11-01T15:30:24+00:00\",\"description\":\"Aprenda estrat\u00e9gias essenciais para uma Black Friday B2B de sucesso e descubra como aumentar suas vendas, atrair clientes e fechar neg\u00f3cios lucrativos.\",\"breadcrumb\":{\"@id\":\"https:\\\/\\\/www.empresaqui.com.br\\\/blog\\\/black-friday-b2b\\\/#breadcrumb\"},\"inLanguage\":\"pt-BR\",\"potentialAction\":[{\"@type\":\"ReadAction\",\"target\":[\"https:\\\/\\\/www.empresaqui.com.br\\\/blog\\\/black-friday-b2b\\\/\"]}]},{\"@type\":\"ImageObject\",\"inLanguage\":\"pt-BR\",\"@id\":\"https:\\\/\\\/www.empresaqui.com.br\\\/blog\\\/black-friday-b2b\\\/#primaryimage\",\"url\":\"https:\\\/\\\/www.empresaqui.com.br\\\/blog\\\/wp-content\\\/uploads\\\/2024\\\/03\\\/B2Bx-B2C.jpg\",\"contentUrl\":\"https:\\\/\\\/www.empresaqui.com.br\\\/blog\\\/wp-content\\\/uploads\\\/2024\\\/03\\\/B2Bx-B2C.jpg\",\"width\":900,\"height\":500,\"caption\":\"B2B vs B2C\"},{\"@type\":\"BreadcrumbList\",\"@id\":\"https:\\\/\\\/www.empresaqui.com.br\\\/blog\\\/black-friday-b2b\\\/#breadcrumb\",\"itemListElement\":[{\"@type\":\"ListItem\",\"position\":1,\"name\":\"In\u00edcio\",\"item\":\"https:\\\/\\\/www.empresaqui.com.br\\\/blog\\\/\"},{\"@type\":\"ListItem\",\"position\":2,\"name\":\"Dicas de Vendas\",\"item\":\"https:\\\/\\\/www.empresaqui.com.br\\\/blog\\\/category\\\/prospeccao-vendas\\\/\"},{\"@type\":\"ListItem\",\"position\":3,\"name\":\"Entenda o que fazer na sua Black Friday B2B para potencializar suas vendas\"}]},{\"@type\":\"WebSite\",\"@id\":\"https:\\\/\\\/www.empresaqui.com.br\\\/blog\\\/#website\",\"url\":\"https:\\\/\\\/www.empresaqui.com.br\\\/blog\\\/\",\"name\":\"Blog EmpresAqui\",\"description\":\"\",\"publisher\":{\"@id\":\"https:\\\/\\\/www.empresaqui.com.br\\\/blog\\\/#organization\"},\"potentialAction\":[{\"@type\":\"SearchAction\",\"target\":{\"@type\":\"EntryPoint\",\"urlTemplate\":\"https:\\\/\\\/www.empresaqui.com.br\\\/blog\\\/?s={search_term_string}\"},\"query-input\":{\"@type\":\"PropertyValueSpecification\",\"valueRequired\":true,\"valueName\":\"search_term_string\"}}],\"inLanguage\":\"pt-BR\"},{\"@type\":\"Organization\",\"@id\":\"https:\\\/\\\/www.empresaqui.com.br\\\/blog\\\/#organization\",\"name\":\"EmpresAqui\",\"url\":\"https:\\\/\\\/www.empresaqui.com.br\\\/blog\\\/\",\"logo\":{\"@type\":\"ImageObject\",\"inLanguage\":\"pt-BR\",\"@id\":\"https:\\\/\\\/www.empresaqui.com.br\\\/blog\\\/#\\\/schema\\\/logo\\\/image\\\/\",\"url\":\"https:\\\/\\\/www.empresaqui.com.br\\\/blog\\\/wp-content\\\/uploads\\\/2023\\\/02\\\/cropped-cropped-AdminLTELogo-2-1-1.png\",\"contentUrl\":\"https:\\\/\\\/www.empresaqui.com.br\\\/blog\\\/wp-content\\\/uploads\\\/2023\\\/02\\\/cropped-cropped-AdminLTELogo-2-1-1.png\",\"width\":100,\"height\":100,\"caption\":\"EmpresAqui\"},\"image\":{\"@id\":\"https:\\\/\\\/www.empresaqui.com.br\\\/blog\\\/#\\\/schema\\\/logo\\\/image\\\/\"},\"sameAs\":[\"https:\\\/\\\/www.facebook.com\\\/empresaquibr\",\"https:\\\/\\\/www.instagram.com\\\/empresaqui\"]},{\"@type\":\"Person\",\"@id\":\"https:\\\/\\\/www.empresaqui.com.br\\\/blog\\\/#\\\/schema\\\/person\\\/c47351a5cbdb107cc321e811cb2e5d3e\",\"name\":\"Pedro de Castro\",\"image\":{\"@type\":\"ImageObject\",\"inLanguage\":\"pt-BR\",\"@id\":\"https:\\\/\\\/secure.gravatar.com\\\/avatar\\\/c8ce0b507b50074c2b63c97a0024c2a93430dacf0bbaaa23e96b9f6b7b690b0b?s=96&d=mm&r=g\",\"url\":\"https:\\\/\\\/secure.gravatar.com\\\/avatar\\\/c8ce0b507b50074c2b63c97a0024c2a93430dacf0bbaaa23e96b9f6b7b690b0b?s=96&d=mm&r=g\",\"contentUrl\":\"https:\\\/\\\/secure.gravatar.com\\\/avatar\\\/c8ce0b507b50074c2b63c97a0024c2a93430dacf0bbaaa23e96b9f6b7b690b0b?s=96&d=mm&r=g\",\"caption\":\"Pedro de Castro\"},\"description\":\"Analista Jr. de SEO e Marketing Digital\",\"url\":\"https:\\\/\\\/www.empresaqui.com.br\\\/blog\\\/author\\\/pedro-castro\\\/\"}]}<\/script>\n<!-- \/ Yoast SEO plugin. -->","yoast_head_json":{"title":"Black Friday B2B: 13 dicas para uma campanha de sucesso","description":"Aprenda estrat\u00e9gias essenciais para uma Black Friday B2B de sucesso e descubra como aumentar suas vendas, atrair clientes e fechar neg\u00f3cios lucrativos.","robots":{"index":"index","follow":"follow","max-snippet":"max-snippet:-1","max-image-preview":"max-image-preview:large","max-video-preview":"max-video-preview:-1"},"canonical":"https:\/\/www.empresaqui.com.br\/blog\/black-friday-b2b\/","og_locale":"pt_BR","og_type":"article","og_title":"Black Friday B2B: 13 dicas para uma campanha de sucesso","og_description":"Aprenda estrat\u00e9gias essenciais para uma Black Friday B2B de sucesso e descubra como aumentar suas vendas, atrair clientes e fechar neg\u00f3cios lucrativos.","og_url":"https:\/\/www.empresaqui.com.br\/blog\/black-friday-b2b\/","og_site_name":"Blog EmpresAqui","article_publisher":"https:\/\/www.facebook.com\/empresaquibr","article_published_time":"2024-10-07T17:41:32+00:00","article_modified_time":"2024-11-01T15:30:24+00:00","og_image":[{"url":"https:\/\/www.empresaqui.com.br\/blog\/wp-content\/uploads\/2024\/03\/B2Bx-B2C.jpg","type":"","width":"","height":""}],"author":"Pedro de Castro","twitter_card":"summary_large_image","twitter_misc":{"Escrito por":"Pedro de Castro","Est. tempo de leitura":"9 minutos"},"schema":{"@context":"https:\/\/schema.org","@graph":[{"@type":"Article","@id":"https:\/\/www.empresaqui.com.br\/blog\/black-friday-b2b\/#article","isPartOf":{"@id":"https:\/\/www.empresaqui.com.br\/blog\/black-friday-b2b\/"},"author":{"name":"Pedro de Castro","@id":"https:\/\/www.empresaqui.com.br\/blog\/#\/schema\/person\/c47351a5cbdb107cc321e811cb2e5d3e"},"headline":"Entenda o que fazer na sua Black Friday B2B para potencializar suas vendas","datePublished":"2024-10-07T17:41:32+00:00","dateModified":"2024-11-01T15:30:24+00:00","mainEntityOfPage":{"@id":"https:\/\/www.empresaqui.com.br\/blog\/black-friday-b2b\/"},"wordCount":1384,"publisher":{"@id":"https:\/\/www.empresaqui.com.br\/blog\/#organization"},"image":{"@id":"https:\/\/www.empresaqui.com.br\/blog\/black-friday-b2b\/#primaryimage"},"thumbnailUrl":"https:\/\/www.empresaqui.com.br\/blog\/wp-content\/uploads\/2024\/03\/B2Bx-B2C.jpg","articleSection":["Dicas de Uso","Dicas de Vendas"],"inLanguage":"pt-BR"},{"@type":"WebPage","@id":"https:\/\/www.empresaqui.com.br\/blog\/black-friday-b2b\/","url":"https:\/\/www.empresaqui.com.br\/blog\/black-friday-b2b\/","name":"Black Friday B2B: 13 dicas para uma campanha de sucesso","isPartOf":{"@id":"https:\/\/www.empresaqui.com.br\/blog\/#website"},"primaryImageOfPage":{"@id":"https:\/\/www.empresaqui.com.br\/blog\/black-friday-b2b\/#primaryimage"},"image":{"@id":"https:\/\/www.empresaqui.com.br\/blog\/black-friday-b2b\/#primaryimage"},"thumbnailUrl":"https:\/\/www.empresaqui.com.br\/blog\/wp-content\/uploads\/2024\/03\/B2Bx-B2C.jpg","datePublished":"2024-10-07T17:41:32+00:00","dateModified":"2024-11-01T15:30:24+00:00","description":"Aprenda estrat\u00e9gias essenciais para uma Black Friday B2B de sucesso e descubra como aumentar suas vendas, atrair clientes e fechar neg\u00f3cios lucrativos.","breadcrumb":{"@id":"https:\/\/www.empresaqui.com.br\/blog\/black-friday-b2b\/#breadcrumb"},"inLanguage":"pt-BR","potentialAction":[{"@type":"ReadAction","target":["https:\/\/www.empresaqui.com.br\/blog\/black-friday-b2b\/"]}]},{"@type":"ImageObject","inLanguage":"pt-BR","@id":"https:\/\/www.empresaqui.com.br\/blog\/black-friday-b2b\/#primaryimage","url":"https:\/\/www.empresaqui.com.br\/blog\/wp-content\/uploads\/2024\/03\/B2Bx-B2C.jpg","contentUrl":"https:\/\/www.empresaqui.com.br\/blog\/wp-content\/uploads\/2024\/03\/B2Bx-B2C.jpg","width":900,"height":500,"caption":"B2B vs B2C"},{"@type":"BreadcrumbList","@id":"https:\/\/www.empresaqui.com.br\/blog\/black-friday-b2b\/#breadcrumb","itemListElement":[{"@type":"ListItem","position":1,"name":"In\u00edcio","item":"https:\/\/www.empresaqui.com.br\/blog\/"},{"@type":"ListItem","position":2,"name":"Dicas de Vendas","item":"https:\/\/www.empresaqui.com.br\/blog\/category\/prospeccao-vendas\/"},{"@type":"ListItem","position":3,"name":"Entenda o que fazer na sua Black Friday B2B para potencializar suas vendas"}]},{"@type":"WebSite","@id":"https:\/\/www.empresaqui.com.br\/blog\/#website","url":"https:\/\/www.empresaqui.com.br\/blog\/","name":"Blog EmpresAqui","description":"","publisher":{"@id":"https:\/\/www.empresaqui.com.br\/blog\/#organization"},"potentialAction":[{"@type":"SearchAction","target":{"@type":"EntryPoint","urlTemplate":"https:\/\/www.empresaqui.com.br\/blog\/?s={search_term_string}"},"query-input":{"@type":"PropertyValueSpecification","valueRequired":true,"valueName":"search_term_string"}}],"inLanguage":"pt-BR"},{"@type":"Organization","@id":"https:\/\/www.empresaqui.com.br\/blog\/#organization","name":"EmpresAqui","url":"https:\/\/www.empresaqui.com.br\/blog\/","logo":{"@type":"ImageObject","inLanguage":"pt-BR","@id":"https:\/\/www.empresaqui.com.br\/blog\/#\/schema\/logo\/image\/","url":"https:\/\/www.empresaqui.com.br\/blog\/wp-content\/uploads\/2023\/02\/cropped-cropped-AdminLTELogo-2-1-1.png","contentUrl":"https:\/\/www.empresaqui.com.br\/blog\/wp-content\/uploads\/2023\/02\/cropped-cropped-AdminLTELogo-2-1-1.png","width":100,"height":100,"caption":"EmpresAqui"},"image":{"@id":"https:\/\/www.empresaqui.com.br\/blog\/#\/schema\/logo\/image\/"},"sameAs":["https:\/\/www.facebook.com\/empresaquibr","https:\/\/www.instagram.com\/empresaqui"]},{"@type":"Person","@id":"https:\/\/www.empresaqui.com.br\/blog\/#\/schema\/person\/c47351a5cbdb107cc321e811cb2e5d3e","name":"Pedro de Castro","image":{"@type":"ImageObject","inLanguage":"pt-BR","@id":"https:\/\/secure.gravatar.com\/avatar\/c8ce0b507b50074c2b63c97a0024c2a93430dacf0bbaaa23e96b9f6b7b690b0b?s=96&d=mm&r=g","url":"https:\/\/secure.gravatar.com\/avatar\/c8ce0b507b50074c2b63c97a0024c2a93430dacf0bbaaa23e96b9f6b7b690b0b?s=96&d=mm&r=g","contentUrl":"https:\/\/secure.gravatar.com\/avatar\/c8ce0b507b50074c2b63c97a0024c2a93430dacf0bbaaa23e96b9f6b7b690b0b?s=96&d=mm&r=g","caption":"Pedro de Castro"},"description":"Analista Jr. de SEO e Marketing Digital","url":"https:\/\/www.empresaqui.com.br\/blog\/author\/pedro-castro\/"}]}},"uagb_featured_image_src":{"full":false,"thumbnail":false,"medium":false,"medium_large":false,"large":false,"1536x1536":false,"2048x2048":false},"uagb_author_info":{"display_name":"Pedro de Castro","author_link":"https:\/\/www.empresaqui.com.br\/blog\/author\/pedro-castro\/"},"uagb_comment_info":0,"uagb_excerpt":"A Black Friday \u00e9 tradicionalmente associada a grandes promo\u00e7\u00f5es para o consumidor final, mas quando falamos em mercado B2B, a [&hellip;]","_links":{"self":[{"href":"https:\/\/www.empresaqui.com.br\/blog\/wp-json\/wp\/v2\/posts\/2846","targetHints":{"allow":["GET"]}}],"collection":[{"href":"https:\/\/www.empresaqui.com.br\/blog\/wp-json\/wp\/v2\/posts"}],"about":[{"href":"https:\/\/www.empresaqui.com.br\/blog\/wp-json\/wp\/v2\/types\/post"}],"author":[{"embeddable":true,"href":"https:\/\/www.empresaqui.com.br\/blog\/wp-json\/wp\/v2\/users\/9"}],"replies":[{"embeddable":true,"href":"https:\/\/www.empresaqui.com.br\/blog\/wp-json\/wp\/v2\/comments?post=2846"}],"version-history":[{"count":8,"href":"https:\/\/www.empresaqui.com.br\/blog\/wp-json\/wp\/v2\/posts\/2846\/revisions"}],"predecessor-version":[{"id":3307,"href":"https:\/\/www.empresaqui.com.br\/blog\/wp-json\/wp\/v2\/posts\/2846\/revisions\/3307"}],"wp:attachment":[{"href":"https:\/\/www.empresaqui.com.br\/blog\/wp-json\/wp\/v2\/media?parent=2846"}],"wp:term":[{"taxonomy":"category","embeddable":true,"href":"https:\/\/www.empresaqui.com.br\/blog\/wp-json\/wp\/v2\/categories?post=2846"},{"taxonomy":"post_tag","embeddable":true,"href":"https:\/\/www.empresaqui.com.br\/blog\/wp-json\/wp\/v2\/tags?post=2846"}],"curies":[{"name":"wp","href":"https:\/\/api.w.org\/{rel}","templated":true}]}}