{"id":2799,"date":"2024-10-02T15:02:48","date_gmt":"2024-10-02T18:02:48","guid":{"rendered":"https:\/\/www.empresaqui.com.br\/blog\/?p=2799"},"modified":"2024-10-02T15:02:50","modified_gmt":"2024-10-02T18:02:50","slug":"ente-federativo","status":"publish","type":"post","link":"https:\/\/www.empresaqui.com.br\/blog\/ente-federativo\/","title":{"rendered":"Entenda quais s\u00e3o os Entes Federativos do Brasil"},"content":{"rendered":"\n<p>No Brasil, a estrutura de organiza\u00e7\u00e3o pol\u00edtica \u00e9 baseada no modelo federativo, o que significa que o poder \u00e9 compartilhado e distribu\u00eddo entre diferentes entidades administrativas que atuam de maneira integrada.&nbsp;<\/p>\n\n\n\n<p>Essa divis\u00e3o visa garantir que cada uma dessas partes tenha capacidade para gerir e resolver quest\u00f5es espec\u00edficas de suas regi\u00f5es, mantendo o equil\u00edbrio e a governan\u00e7a nacional.&nbsp;<\/p>\n\n\n\n<p>\u00c9 a partir dessa organiza\u00e7\u00e3o que as pol\u00edticas p\u00fablicas s\u00e3o formuladas, permitindo que decis\u00f5es importantes sejam tomadas de acordo com as realidades locais e regionais.<\/p>\n\n\n\n<div id=\"ez-toc-container\" class=\"ez-toc-v2_0_81 ez-toc-wrap-left counter-hierarchy ez-toc-counter ez-toc-custom ez-toc-container-direction\">\n<div class=\"ez-toc-title-container\">\n<p class=\"ez-toc-title\" style=\"cursor:inherit\">Neste artigo voc\u00ea vai ver:<\/p>\n<span class=\"ez-toc-title-toggle\"><a href=\"#\" class=\"ez-toc-pull-right ez-toc-btn ez-toc-btn-xs ez-toc-btn-default ez-toc-toggle\" aria-label=\"Alternar tabela de conte\u00fado\"><span class=\"ez-toc-js-icon-con\"><span class=\"\"><span class=\"eztoc-hide\" style=\"display:none;\">Toggle<\/span><span class=\"ez-toc-icon-toggle-span\"><svg style=\"fill: #0066bf;color:#0066bf\" xmlns=\"http:\/\/www.w3.org\/2000\/svg\" class=\"list-377408\" width=\"20px\" height=\"20px\" viewBox=\"0 0 24 24\" fill=\"none\"><path d=\"M6 6H4v2h2V6zm14 0H8v2h12V6zM4 11h2v2H4v-2zm16 0H8v2h12v-2zM4 16h2v2H4v-2zm16 0H8v2h12v-2z\" fill=\"currentColor\"><\/path><\/svg><svg style=\"fill: #0066bf;color:#0066bf\" class=\"arrow-unsorted-368013\" xmlns=\"http:\/\/www.w3.org\/2000\/svg\" width=\"10px\" height=\"10px\" viewBox=\"0 0 24 24\" version=\"1.2\" baseProfile=\"tiny\"><path d=\"M18.2 9.3l-6.2-6.3-6.2 6.3c-.2.2-.3.4-.3.7s.1.5.3.7c.2.2.4.3.7.3h11c.3 0 .5-.1.7-.3.2-.2.3-.5.3-.7s-.1-.5-.3-.7zM5.8 14.7l6.2 6.3 6.2-6.3c.2-.2.3-.5.3-.7s-.1-.5-.3-.7c-.2-.2-.4-.3-.7-.3h-11c-.3 0-.5.1-.7.3-.2.2-.3.5-.3.7s.1.5.3.7z\"\/><\/svg><\/span><\/span><\/span><\/a><\/span><\/div>\n<nav><ul class='ez-toc-list ez-toc-list-level-1 ' ><li class='ez-toc-page-1 ez-toc-heading-level-2'><a class=\"ez-toc-link ez-toc-heading-1\" href=\"https:\/\/www.empresaqui.com.br\/blog\/ente-federativo\/#O_que_sao_Entes_Federativos\" >O que s\u00e3o Entes Federativos?<\/a><\/li><li class='ez-toc-page-1 ez-toc-heading-level-2'><a class=\"ez-toc-link ez-toc-heading-2\" href=\"https:\/\/www.empresaqui.com.br\/blog\/ente-federativo\/#Quais_sao_os_Entes_Federativos\" >Quais s\u00e3o os Entes Federativos?<\/a><\/li><li class='ez-toc-page-1 ez-toc-heading-level-2'><a class=\"ez-toc-link ez-toc-heading-3\" href=\"https:\/\/www.empresaqui.com.br\/blog\/ente-federativo\/#Quantos_entes_federados_tem_o_Brasil\" >Quantos entes federados tem o Brasil?<\/a><\/li><li class='ez-toc-page-1 ez-toc-heading-level-2'><a class=\"ez-toc-link ez-toc-heading-4\" href=\"https:\/\/www.empresaqui.com.br\/blog\/ente-federativo\/#Como_a_Existencia_de_Entes_Federativos_Impacta_as_Empresas_B2B\" >Como a Exist\u00eancia de Entes Federativos Impacta as Empresas B2B?<\/a><\/li><li class='ez-toc-page-1 ez-toc-heading-level-2'><a class=\"ez-toc-link ez-toc-heading-5\" href=\"https:\/\/www.empresaqui.com.br\/blog\/ente-federativo\/#Gere_listas_de_empresas_personalizadas\" >Gere listas de empresas personalizadas!<\/a><\/li><\/ul><\/nav><\/div>\n<h2 class=\"wp-block-heading\"><span class=\"ez-toc-section\" id=\"O_que_sao_Entes_Federativos\"><\/span><strong>O que s\u00e3o Entes Federativos?<\/strong><span class=\"ez-toc-section-end\"><\/span><\/h2>\n\n\n\n<p>Os entes federativos <strong>s\u00e3o as divis\u00f5es administrativas e pol\u00edticas que formam a estrutura do Estado<\/strong>. Eles possuem autonomia para administrar seus pr\u00f3prios recursos e tomar decis\u00f5es que afetam diretamente suas \u00e1reas de atua\u00e7\u00e3o.&nbsp;<\/p>\n\n\n\n<p>A cria\u00e7\u00e3o dos entes federados permite uma distribui\u00e7\u00e3o de poder mais equilibrada, descentralizando fun\u00e7\u00f5es que, de outra forma, ficariam concentradas apenas no governo central.<\/p>\n\n\n\n<h2 class=\"wp-block-heading\"><span class=\"ez-toc-section\" id=\"Quais_sao_os_Entes_Federativos\"><\/span><strong>Quais s\u00e3o os Entes Federativos?<\/strong><span class=\"ez-toc-section-end\"><\/span><\/h2>\n\n\n\n<p>No Brasil, <strong>os entes federativos s\u00e3o representados pela Uni\u00e3o, os Estados, os Munic\u00edpios e o Distrito Federal<\/strong>. Cada um desempenha fun\u00e7\u00f5es espec\u00edficas e possui um n\u00edvel de autonomia garantido pela Constitui\u00e7\u00e3o Federal.<\/p>\n\n\n\n<h2 class=\"wp-block-heading\"><span class=\"ez-toc-section\" id=\"Quantos_entes_federados_tem_o_Brasil\"><\/span><strong>Quantos entes federados tem o Brasil?<\/strong><span class=\"ez-toc-section-end\"><\/span><\/h2>\n\n\n\n<p>Atualmente, o <strong>Brasil possui quatro entes federativos principais<\/strong>:<\/p>\n\n\n\n<ol class=\"wp-block-list\">\n<li><strong>Uni\u00e3o:<\/strong> \u00e9 o ente federativo de maior hierarquia, respons\u00e1vel por administrar o pa\u00eds como um todo. A Uni\u00e3o atua em quest\u00f5es de interesse nacional, como pol\u00edtica externa, defesa, moeda e seguran\u00e7a;<\/li>\n\n\n\n<li><strong>Estados:<\/strong> s\u00e3o 26 estados e o Distrito Federal que comp\u00f5em a estrutura federativa brasileira. Eles t\u00eam poder para criar suas pr\u00f3prias leis, desde que estejam em conformidade com a Constitui\u00e7\u00e3o Federal;<\/li>\n\n\n\n<li><strong>Munic\u00edpios:<\/strong> o Brasil \u00e9 dividido em 5.570 munic\u00edpios, cada um com compet\u00eancia para administrar quest\u00f5es locais, como educa\u00e7\u00e3o, sa\u00fade e infraestrutura urbana;<\/li>\n\n\n\n<li><strong>Distrito Federal:<\/strong> o Distrito Federal \u00e9 um ente \u00fanico, que combina fun\u00e7\u00f5es de Estado e de Munic\u00edpio, possuindo uma organiza\u00e7\u00e3o administrativa especial e servindo como sede do governo federal;<\/li>\n<\/ol>\n\n\n\n<h2 class=\"wp-block-heading\"><span class=\"ez-toc-section\" id=\"Como_a_Existencia_de_Entes_Federativos_Impacta_as_Empresas_B2B\"><\/span><strong>Como a Exist\u00eancia de Entes Federativos Impacta as Empresas B2B?<\/strong><span class=\"ez-toc-section-end\"><\/span><\/h2>\n\n\n\n<p>A exist\u00eancia de entes federativos impacta diretamente as <a href=\"https:\/\/www.empresaqui.com.br\/blog\/empresa-b2b\/\" target=\"_blank\" rel=\"noreferrer noopener\"><strong>empresas B2B<\/strong><\/a>, pois cada n\u00edvel governamental, Uni\u00e3o, Estados e Munic\u00edpios, possui regras e legisla\u00e7\u00f5es pr\u00f3prias que afetam desde a tributa\u00e7\u00e3o at\u00e9 a regulamenta\u00e7\u00e3o de atividades empresariais.\u00a0<\/p>\n\n\n\n<p>Isso cria um ambiente de complexidade que exige das empresas uma compreens\u00e3o aprofundada das obriga\u00e7\u00f5es fiscais e administrativas em cada regi\u00e3o onde atuam.&nbsp;<\/p>\n\n\n\n<p>Nesse cen\u00e1rio, tanto contadores quanto advogados tributaristas desempenham um papel fundamental, ajudando as empresas a navegar por esse emaranhado legal e garantir que todas as normas sejam seguidas corretamente.<\/p>\n\n\n\n<h3 class=\"wp-block-heading\"><strong>Como contadores e Advogados tributaristas lidam com as obriga\u00e7\u00f5es de cada Ente Federativo?<\/strong><\/h3>\n\n\n\n<p>Advogados tributaristas lidam com a <strong>complexidade da legisla\u00e7\u00e3o fiscal que varia entre Uni\u00e3o<\/strong>, <strong>Estados e Munic\u00edpios<\/strong>, exigindo conhecimento das compet\u00eancias tribut\u00e1rias de cada ente para atuar de maneira eficaz em quest\u00f5es de impostos, taxas e contribui\u00e7\u00f5es.<\/p>\n\n\n\n<p>Um advogado tributarista deve saber quando a cobran\u00e7a de <a href=\"https:\/\/www.empresaqui.com.br\/blog\/icms\/\" target=\"_blank\" rel=\"noreferrer noopener\"><strong>ICMS<\/strong><\/a> (Imposto sobre Circula\u00e7\u00e3o de Mercadorias e Servi\u00e7os) \u00e9 compet\u00eancia estadual e quando o <a href=\"https:\/\/www.empresaqui.com.br\/blog\/iss\/\" target=\"_blank\" rel=\"noreferrer noopener\"><strong>ISS<\/strong><\/a> (Imposto sobre Servi\u00e7os) \u00e9 de responsabilidade municipal para orientar empresas na apura\u00e7\u00e3o correta dos tributos.<\/p>\n\n\n\n<p>J\u00e1 os Contadores ajudam as empresas a <strong>cumprir obriga\u00e7\u00f5es fiscais e cont\u00e1beis conforme as regras estabelecidas por cada ente federado<\/strong>, compreendendo as legisla\u00e7\u00f5es estaduais e municipais, al\u00e9m das normas federais, para garantir a conformidade financeira e cont\u00e1bil.<\/p>\n\n\n\n<p>Na gest\u00e3o tribut\u00e1ria, um contador deve saber quando uma empresa est\u00e1 sujeita ao <a href=\"https:\/\/www.empresaqui.com.br\/blog\/simples-nacional\/\" target=\"_blank\" rel=\"noreferrer noopener\"><strong>Simples Nacional<\/strong><\/a> (tributo federal), mas tamb\u00e9m deve gerenciar a aplica\u00e7\u00e3o do diferencial de al\u00edquota (DIFAL) de ICMS para vendas interestaduais.<\/p>\n\n\n\n<h3 class=\"wp-block-heading\"><strong>Como incluir o campo Ente Federativo na exporta\u00e7\u00e3o de listas do EmpresAqui?<\/strong><\/h3>\n\n\n\n<p>Para personalizar a inclus\u00e3o do campo Ente Federativo na exporta\u00e7\u00e3o de suas listas de empresas no <a href=\"https:\/\/www.empresaqui.com.br\/acesso\/config\" target=\"_blank\" rel=\"noreferrer noopener\"><strong>EmpresAqui<\/strong><\/a>, siga este passo a passo:<\/p>\n\n\n\n<ol class=\"wp-block-list\">\n<li><strong>Acesse a Plataforma EmpresAqui:<\/strong> fa\u00e7a login na plataforma usando suas credenciais de acesso;<\/li>\n\n\n\n<li><strong>Navegue at\u00e9 a Aba de Configura\u00e7\u00f5es: <\/strong>no menu lateral, selecione a op\u00e7\u00e3o &#8220;Configura\u00e7\u00f5es&#8221; para acessar as prefer\u00eancias de exporta\u00e7\u00e3o;<\/li>\n\n\n\n<li><strong>Localize a Se\u00e7\u00e3o de Exporta\u00e7\u00e3o Excel<\/strong>: dentro das configura\u00e7\u00f5es, procure pela se\u00e7\u00e3o &#8220;Exporta\u00e7\u00e3o Excel&#8221; onde ficam listados os campos dispon\u00edveis para exporta\u00e7\u00e3o;<\/li>\n<\/ol>\n\n\n\n<figure class=\"wp-block-image size-large\"><img loading=\"lazy\" decoding=\"async\" width=\"1024\" height=\"740\" src=\"https:\/\/www.empresaqui.com.br\/blog\/wp-content\/uploads\/2024\/09\/campo-ente-federativo-1024x740.png\" alt=\"Tela de configura\u00e7\u00f5es avan\u00e7adas de exporta\u00e7\u00e3o de dados empresariais, permitindo a personaliza\u00e7\u00e3o das colunas e informa\u00e7\u00f5es a serem exportadas para Excel, como dados b\u00e1sicos, contatos e segmentos, e informa\u00e7\u00f5es tribut\u00e1rias.\" class=\"wp-image-2440\" srcset=\"https:\/\/www.empresaqui.com.br\/blog\/wp-content\/uploads\/2024\/09\/campo-ente-federativo-1024x740.png 1024w, https:\/\/www.empresaqui.com.br\/blog\/wp-content\/uploads\/2024\/09\/campo-ente-federativo-300x217.png 300w, https:\/\/www.empresaqui.com.br\/blog\/wp-content\/uploads\/2024\/09\/campo-ente-federativo-768x555.png 768w, https:\/\/www.empresaqui.com.br\/blog\/wp-content\/uploads\/2024\/09\/campo-ente-federativo.png 1107w\" sizes=\"auto, (max-width: 1024px) 100vw, 1024px\" \/><figcaption class=\"wp-element-caption\">Imagem do menu de configura\u00e7\u00f5es adicionais da plataforma\n<\/figcaption><\/figure>\n\n\n\n<ol class=\"wp-block-list\" start=\"4\">\n<li><strong>Ative ou desative o campo ente federativo<\/strong>: encontre a op\u00e7\u00e3o &#8220;Ente Federativo&#8221; e marque a caixa ao lado para incluir essa informa\u00e7\u00e3o em suas exporta\u00e7\u00f5es;<\/li>\n\n\n\n<li><strong>Salve as Configura\u00e7\u00f5es<\/strong>: ap\u00f3s ajustar suas prefer\u00eancias, clique em &#8220;Salvar&#8221; para garantir que as altera\u00e7\u00f5es sejam aplicadas.<\/li>\n<\/ol>\n\n\n\n<p>Esse processo permite maior flexibilidade no uso dos dados, possibilitando que voc\u00ea personalize suas exporta\u00e7\u00f5es de acordo com as necessidades espec\u00edficas do seu neg\u00f3cio B2B.<\/p>\n\n\n\n<p>Compreender a estrutura dos entes federativos \u00e9 fundamental para empresas que atuam em diferentes regi\u00f5es do Brasil, pois cada esfera de governo possui suas pr\u00f3prias regras e exig\u00eancias.&nbsp;<\/p>\n\n\n\n<p>Podendo assim adaptar suas opera\u00e7\u00f5es de acordo com a legisla\u00e7\u00e3o local e gerenciar suas obriga\u00e7\u00f5es com maior efici\u00eancia e controle.<\/p>\n\n\n\n<div class=\"banner\">\n            <h2><span class=\"ez-toc-section\" id=\"Gere_listas_de_empresas_personalizadas\"><\/span>Gere listas de empresas personalizadas!<span class=\"ez-toc-section-end\"><\/span><\/h2>\n            <p>Cadastre-se gr\u00e1tis agora mesmo<\/p>\n            <div class=\"bottom-banner\">\n                <img decoding=\"async\" src=\"https:\/\/www.empresaqui.com.br\/blog\/wp-content\/uploads\/2021\/11\/AdminLTELogo.png\" alt=\"Seu Logotipo\" class=\"logo\">\n                <a href=\"https:\/\/www.empresaqui.com.br\/plano-gratuito?utm_source=blog&amp;utm_medium=banner&amp;utm_campaign=CTA-GRATUITO-HTML\" class=\"cta-button-banner\">Teste aqui agora<\/a>\n            <\/div>\n        <\/div>\n\n        <style>\n            .bottom-banner{\n                display: flex;\n                justify-content: center;\n                align-items: center;\n            }\n            .bottom-banner img{\n                width: 3rem !important;\n                height: 3rem !important;\n                margin-right: 1rem;\n            }\n            .banner h2{\n                font-family: Arial, sans-serif;\n                color: #fff !important;\n            }\n            .banner p{\n                font-family: Arial, sans-serif;\n            }\n            .banner {\n                background:#001E40;\n                color: #FFFFFF;\n                text-align: center;\n                padding: 20px;\n            }\n            .cta-button-banner {\n                display: inline-block;\n                background-color: #0CFFFB;\n                color: #000;\n                border: none;\n                padding: 1px 15px;\n                font-size: 14px;\n                font-family: sans-serif;\n                font-weight: 700;\n                border-radius: 21px;\n                cursor: pointer;\n                transition: background-color 0.3s ease;\n                text-decoration: none;\n            }\n\n            @media (max-width: 767px) {\n                .banner h2{\n                    font-size:20px;\n                }\n                .cta-button-banner {\n                    padding: 1px 15px;\n                    font-size: 12px;\n                }\n\n            }\n        <\/style>\n    \n\n","protected":false},"excerpt":{"rendered":"<p>No Brasil, a estrutura de organiza\u00e7\u00e3o pol\u00edtica \u00e9 baseada no modelo federativo, o que significa que o poder \u00e9 compartilhado [&hellip;]<\/p>\n","protected":false},"author":9,"featured_media":0,"comment_status":"closed","ping_status":"closed","sticky":false,"template":"","format":"standard","meta":{"_acf_changed":false,"_uag_custom_page_level_css":"","site-sidebar-layout":"default","site-content-layout":"","ast-site-content-layout":"default","site-content-style":"default","site-sidebar-style":"default","ast-global-header-display":"","ast-banner-title-visibility":"","ast-main-header-display":"","ast-hfb-above-header-display":"","ast-hfb-below-header-display":"","ast-hfb-mobile-header-display":"","site-post-title":"","ast-breadcrumbs-content":"","ast-featured-img":"","footer-sml-layout":"","theme-transparent-header-meta":"","adv-header-id-meta":"","stick-header-meta":"","header-above-stick-meta":"","header-main-stick-meta":"","header-below-stick-meta":"","astra-migrate-meta-layouts":"default","ast-page-background-enabled":"default","ast-page-background-meta":{"desktop":{"background-color":"var(--ast-global-color-4)","background-image":"","background-repeat":"repeat","background-position":"center center","background-size":"auto","background-attachment":"scroll","background-type":"","background-media":"","overlay-type":"","overlay-color":"","overlay-opacity":"","overlay-gradient":""},"tablet":{"background-color":"","background-image":"","background-repeat":"repeat","background-position":"center center","background-size":"auto","background-attachment":"scroll","background-type":"","background-media":"","overlay-type":"","overlay-color":"","overlay-opacity":"","overlay-gradient":""},"mobile":{"background-color":"","background-image":"","background-repeat":"repeat","background-position":"center center","background-size":"auto","background-attachment":"scroll","background-type":"","background-media":"","overlay-type":"","overlay-color":"","overlay-opacity":"","overlay-gradient":""}},"ast-content-background-meta":{"desktop":{"background-color":"var(--ast-global-color-5)","background-image":"","background-repeat":"repeat","background-position":"center center","background-size":"auto","background-attachment":"scroll","background-type":"","background-media":"","overlay-type":"","overlay-color":"","overlay-opacity":"","overlay-gradient":""},"tablet":{"background-color":"var(--ast-global-color-5)","background-image":"","background-repeat":"repeat","background-position":"center center","background-size":"auto","background-attachment":"scroll","background-type":"","background-media":"","overlay-type":"","overlay-color":"","overlay-opacity":"","overlay-gradient":""},"mobile":{"background-color":"var(--ast-global-color-5)","background-image":"","background-repeat":"repeat","background-position":"center center","background-size":"auto","background-attachment":"scroll","background-type":"","background-media":"","overlay-type":"","overlay-color":"","overlay-opacity":"","overlay-gradient":""}},"footnotes":""},"categories":[4,33],"tags":[],"class_list":["post-2799","post","type-post","status-publish","format-standard","hentry","category-dicas-de-uso","category-prospeccao-vendas"],"acf":[],"yoast_head":"<!-- This site is optimized with the Yoast SEO plugin v27.4 - https:\/\/yoast.com\/product\/yoast-seo-wordpress\/ -->\n<title>Entes Federativos: o que s\u00e3o e quantos existem?<\/title>\n<meta name=\"description\" content=\"Descubra o que s\u00e3o Entes Federativos no Brasil e como sua estrutura impacta empresas B2B, advogados tributaristas e contadores na gest\u00e3o de obriga\u00e7\u00f5es fiscais.\" \/>\n<meta name=\"robots\" content=\"index, follow, max-snippet:-1, max-image-preview:large, max-video-preview:-1\" \/>\n<link rel=\"canonical\" href=\"https:\/\/www.empresaqui.com.br\/blog\/ente-federativo\/\" \/>\n<meta property=\"og:locale\" content=\"pt_BR\" \/>\n<meta property=\"og:type\" content=\"article\" \/>\n<meta property=\"og:title\" content=\"Entes Federativos: o que s\u00e3o e quantos existem?\" \/>\n<meta property=\"og:description\" content=\"Descubra o que s\u00e3o Entes Federativos no Brasil e como sua estrutura impacta empresas B2B, advogados tributaristas e contadores na gest\u00e3o de obriga\u00e7\u00f5es fiscais.\" \/>\n<meta property=\"og:url\" content=\"https:\/\/www.empresaqui.com.br\/blog\/ente-federativo\/\" \/>\n<meta property=\"og:site_name\" content=\"Blog EmpresAqui\" \/>\n<meta property=\"article:publisher\" content=\"https:\/\/www.facebook.com\/empresaquibr\" \/>\n<meta property=\"article:published_time\" content=\"2024-10-02T18:02:48+00:00\" \/>\n<meta property=\"article:modified_time\" content=\"2024-10-02T18:02:50+00:00\" \/>\n<meta property=\"og:image\" content=\"https:\/\/www.empresaqui.com.br\/blog\/wp-content\/uploads\/2024\/09\/campo-ente-federativo-1024x740.png\" \/>\n<meta name=\"author\" content=\"Pedro de Castro\" \/>\n<meta name=\"twitter:card\" content=\"summary_large_image\" \/>\n<meta name=\"twitter:label1\" content=\"Escrito por\" \/>\n\t<meta name=\"twitter:data1\" content=\"Pedro de Castro\" \/>\n\t<meta name=\"twitter:label2\" content=\"Est. tempo de leitura\" \/>\n\t<meta name=\"twitter:data2\" content=\"5 minutos\" \/>\n<script type=\"application\/ld+json\" class=\"yoast-schema-graph\">{\"@context\":\"https:\\\/\\\/schema.org\",\"@graph\":[{\"@type\":\"Article\",\"@id\":\"https:\\\/\\\/www.empresaqui.com.br\\\/blog\\\/ente-federativo\\\/#article\",\"isPartOf\":{\"@id\":\"https:\\\/\\\/www.empresaqui.com.br\\\/blog\\\/ente-federativo\\\/\"},\"author\":{\"name\":\"Pedro de Castro\",\"@id\":\"https:\\\/\\\/www.empresaqui.com.br\\\/blog\\\/#\\\/schema\\\/person\\\/c47351a5cbdb107cc321e811cb2e5d3e\"},\"headline\":\"Entenda quais s\u00e3o os Entes Federativos do Brasil\",\"datePublished\":\"2024-10-02T18:02:48+00:00\",\"dateModified\":\"2024-10-02T18:02:50+00:00\",\"mainEntityOfPage\":{\"@id\":\"https:\\\/\\\/www.empresaqui.com.br\\\/blog\\\/ente-federativo\\\/\"},\"wordCount\":904,\"publisher\":{\"@id\":\"https:\\\/\\\/www.empresaqui.com.br\\\/blog\\\/#organization\"},\"image\":{\"@id\":\"https:\\\/\\\/www.empresaqui.com.br\\\/blog\\\/ente-federativo\\\/#primaryimage\"},\"thumbnailUrl\":\"https:\\\/\\\/www.empresaqui.com.br\\\/blog\\\/wp-content\\\/uploads\\\/2024\\\/09\\\/campo-ente-federativo-1024x740.png\",\"articleSection\":[\"Dicas de Uso\",\"Dicas de Vendas\"],\"inLanguage\":\"pt-BR\"},{\"@type\":\"WebPage\",\"@id\":\"https:\\\/\\\/www.empresaqui.com.br\\\/blog\\\/ente-federativo\\\/\",\"url\":\"https:\\\/\\\/www.empresaqui.com.br\\\/blog\\\/ente-federativo\\\/\",\"name\":\"Entes Federativos: o que s\u00e3o e quantos existem?\",\"isPartOf\":{\"@id\":\"https:\\\/\\\/www.empresaqui.com.br\\\/blog\\\/#website\"},\"primaryImageOfPage\":{\"@id\":\"https:\\\/\\\/www.empresaqui.com.br\\\/blog\\\/ente-federativo\\\/#primaryimage\"},\"image\":{\"@id\":\"https:\\\/\\\/www.empresaqui.com.br\\\/blog\\\/ente-federativo\\\/#primaryimage\"},\"thumbnailUrl\":\"https:\\\/\\\/www.empresaqui.com.br\\\/blog\\\/wp-content\\\/uploads\\\/2024\\\/09\\\/campo-ente-federativo-1024x740.png\",\"datePublished\":\"2024-10-02T18:02:48+00:00\",\"dateModified\":\"2024-10-02T18:02:50+00:00\",\"description\":\"Descubra o que s\u00e3o Entes Federativos no Brasil e como sua estrutura impacta empresas B2B, advogados tributaristas e contadores na gest\u00e3o de obriga\u00e7\u00f5es fiscais.\",\"breadcrumb\":{\"@id\":\"https:\\\/\\\/www.empresaqui.com.br\\\/blog\\\/ente-federativo\\\/#breadcrumb\"},\"inLanguage\":\"pt-BR\",\"potentialAction\":[{\"@type\":\"ReadAction\",\"target\":[\"https:\\\/\\\/www.empresaqui.com.br\\\/blog\\\/ente-federativo\\\/\"]}]},{\"@type\":\"ImageObject\",\"inLanguage\":\"pt-BR\",\"@id\":\"https:\\\/\\\/www.empresaqui.com.br\\\/blog\\\/ente-federativo\\\/#primaryimage\",\"url\":\"https:\\\/\\\/www.empresaqui.com.br\\\/blog\\\/wp-content\\\/uploads\\\/2024\\\/09\\\/campo-ente-federativo.png\",\"contentUrl\":\"https:\\\/\\\/www.empresaqui.com.br\\\/blog\\\/wp-content\\\/uploads\\\/2024\\\/09\\\/campo-ente-federativo.png\",\"width\":1107,\"height\":800,\"caption\":\"Imagem do menu de configura\u00e7\u00f5es adicionais da plataforma\"},{\"@type\":\"BreadcrumbList\",\"@id\":\"https:\\\/\\\/www.empresaqui.com.br\\\/blog\\\/ente-federativo\\\/#breadcrumb\",\"itemListElement\":[{\"@type\":\"ListItem\",\"position\":1,\"name\":\"In\u00edcio\",\"item\":\"https:\\\/\\\/www.empresaqui.com.br\\\/blog\\\/\"},{\"@type\":\"ListItem\",\"position\":2,\"name\":\"Dicas de Vendas\",\"item\":\"https:\\\/\\\/www.empresaqui.com.br\\\/blog\\\/category\\\/prospeccao-vendas\\\/\"},{\"@type\":\"ListItem\",\"position\":3,\"name\":\"Entenda quais s\u00e3o os Entes Federativos do Brasil\"}]},{\"@type\":\"WebSite\",\"@id\":\"https:\\\/\\\/www.empresaqui.com.br\\\/blog\\\/#website\",\"url\":\"https:\\\/\\\/www.empresaqui.com.br\\\/blog\\\/\",\"name\":\"Blog EmpresAqui\",\"description\":\"\",\"publisher\":{\"@id\":\"https:\\\/\\\/www.empresaqui.com.br\\\/blog\\\/#organization\"},\"potentialAction\":[{\"@type\":\"SearchAction\",\"target\":{\"@type\":\"EntryPoint\",\"urlTemplate\":\"https:\\\/\\\/www.empresaqui.com.br\\\/blog\\\/?s={search_term_string}\"},\"query-input\":{\"@type\":\"PropertyValueSpecification\",\"valueRequired\":true,\"valueName\":\"search_term_string\"}}],\"inLanguage\":\"pt-BR\"},{\"@type\":\"Organization\",\"@id\":\"https:\\\/\\\/www.empresaqui.com.br\\\/blog\\\/#organization\",\"name\":\"EmpresAqui\",\"url\":\"https:\\\/\\\/www.empresaqui.com.br\\\/blog\\\/\",\"logo\":{\"@type\":\"ImageObject\",\"inLanguage\":\"pt-BR\",\"@id\":\"https:\\\/\\\/www.empresaqui.com.br\\\/blog\\\/#\\\/schema\\\/logo\\\/image\\\/\",\"url\":\"https:\\\/\\\/www.empresaqui.com.br\\\/blog\\\/wp-content\\\/uploads\\\/2023\\\/02\\\/cropped-cropped-AdminLTELogo-2-1-1.png\",\"contentUrl\":\"https:\\\/\\\/www.empresaqui.com.br\\\/blog\\\/wp-content\\\/uploads\\\/2023\\\/02\\\/cropped-cropped-AdminLTELogo-2-1-1.png\",\"width\":100,\"height\":100,\"caption\":\"EmpresAqui\"},\"image\":{\"@id\":\"https:\\\/\\\/www.empresaqui.com.br\\\/blog\\\/#\\\/schema\\\/logo\\\/image\\\/\"},\"sameAs\":[\"https:\\\/\\\/www.facebook.com\\\/empresaquibr\",\"https:\\\/\\\/www.instagram.com\\\/empresaqui\"]},{\"@type\":\"Person\",\"@id\":\"https:\\\/\\\/www.empresaqui.com.br\\\/blog\\\/#\\\/schema\\\/person\\\/c47351a5cbdb107cc321e811cb2e5d3e\",\"name\":\"Pedro de Castro\",\"image\":{\"@type\":\"ImageObject\",\"inLanguage\":\"pt-BR\",\"@id\":\"https:\\\/\\\/secure.gravatar.com\\\/avatar\\\/c8ce0b507b50074c2b63c97a0024c2a93430dacf0bbaaa23e96b9f6b7b690b0b?s=96&d=mm&r=g\",\"url\":\"https:\\\/\\\/secure.gravatar.com\\\/avatar\\\/c8ce0b507b50074c2b63c97a0024c2a93430dacf0bbaaa23e96b9f6b7b690b0b?s=96&d=mm&r=g\",\"contentUrl\":\"https:\\\/\\\/secure.gravatar.com\\\/avatar\\\/c8ce0b507b50074c2b63c97a0024c2a93430dacf0bbaaa23e96b9f6b7b690b0b?s=96&d=mm&r=g\",\"caption\":\"Pedro de Castro\"},\"description\":\"Analista Jr. de SEO e Marketing Digital\",\"url\":\"https:\\\/\\\/www.empresaqui.com.br\\\/blog\\\/author\\\/pedro-castro\\\/\"}]}<\/script>\n<!-- \/ Yoast SEO plugin. -->","yoast_head_json":{"title":"Entes Federativos: o que s\u00e3o e quantos existem?","description":"Descubra o que s\u00e3o Entes Federativos no Brasil e como sua estrutura impacta empresas B2B, advogados tributaristas e contadores na gest\u00e3o de obriga\u00e7\u00f5es fiscais.","robots":{"index":"index","follow":"follow","max-snippet":"max-snippet:-1","max-image-preview":"max-image-preview:large","max-video-preview":"max-video-preview:-1"},"canonical":"https:\/\/www.empresaqui.com.br\/blog\/ente-federativo\/","og_locale":"pt_BR","og_type":"article","og_title":"Entes Federativos: o que s\u00e3o e quantos existem?","og_description":"Descubra o que s\u00e3o Entes Federativos no Brasil e como sua estrutura impacta empresas B2B, advogados tributaristas e contadores na gest\u00e3o de obriga\u00e7\u00f5es fiscais.","og_url":"https:\/\/www.empresaqui.com.br\/blog\/ente-federativo\/","og_site_name":"Blog EmpresAqui","article_publisher":"https:\/\/www.facebook.com\/empresaquibr","article_published_time":"2024-10-02T18:02:48+00:00","article_modified_time":"2024-10-02T18:02:50+00:00","og_image":[{"url":"https:\/\/www.empresaqui.com.br\/blog\/wp-content\/uploads\/2024\/09\/campo-ente-federativo-1024x740.png","type":"","width":"","height":""}],"author":"Pedro de Castro","twitter_card":"summary_large_image","twitter_misc":{"Escrito por":"Pedro de Castro","Est. tempo de leitura":"5 minutos"},"schema":{"@context":"https:\/\/schema.org","@graph":[{"@type":"Article","@id":"https:\/\/www.empresaqui.com.br\/blog\/ente-federativo\/#article","isPartOf":{"@id":"https:\/\/www.empresaqui.com.br\/blog\/ente-federativo\/"},"author":{"name":"Pedro de Castro","@id":"https:\/\/www.empresaqui.com.br\/blog\/#\/schema\/person\/c47351a5cbdb107cc321e811cb2e5d3e"},"headline":"Entenda quais s\u00e3o os Entes Federativos do Brasil","datePublished":"2024-10-02T18:02:48+00:00","dateModified":"2024-10-02T18:02:50+00:00","mainEntityOfPage":{"@id":"https:\/\/www.empresaqui.com.br\/blog\/ente-federativo\/"},"wordCount":904,"publisher":{"@id":"https:\/\/www.empresaqui.com.br\/blog\/#organization"},"image":{"@id":"https:\/\/www.empresaqui.com.br\/blog\/ente-federativo\/#primaryimage"},"thumbnailUrl":"https:\/\/www.empresaqui.com.br\/blog\/wp-content\/uploads\/2024\/09\/campo-ente-federativo-1024x740.png","articleSection":["Dicas de Uso","Dicas de Vendas"],"inLanguage":"pt-BR"},{"@type":"WebPage","@id":"https:\/\/www.empresaqui.com.br\/blog\/ente-federativo\/","url":"https:\/\/www.empresaqui.com.br\/blog\/ente-federativo\/","name":"Entes Federativos: o que s\u00e3o e quantos existem?","isPartOf":{"@id":"https:\/\/www.empresaqui.com.br\/blog\/#website"},"primaryImageOfPage":{"@id":"https:\/\/www.empresaqui.com.br\/blog\/ente-federativo\/#primaryimage"},"image":{"@id":"https:\/\/www.empresaqui.com.br\/blog\/ente-federativo\/#primaryimage"},"thumbnailUrl":"https:\/\/www.empresaqui.com.br\/blog\/wp-content\/uploads\/2024\/09\/campo-ente-federativo-1024x740.png","datePublished":"2024-10-02T18:02:48+00:00","dateModified":"2024-10-02T18:02:50+00:00","description":"Descubra o que s\u00e3o Entes Federativos no Brasil e como sua estrutura impacta empresas B2B, advogados tributaristas e contadores na gest\u00e3o de obriga\u00e7\u00f5es fiscais.","breadcrumb":{"@id":"https:\/\/www.empresaqui.com.br\/blog\/ente-federativo\/#breadcrumb"},"inLanguage":"pt-BR","potentialAction":[{"@type":"ReadAction","target":["https:\/\/www.empresaqui.com.br\/blog\/ente-federativo\/"]}]},{"@type":"ImageObject","inLanguage":"pt-BR","@id":"https:\/\/www.empresaqui.com.br\/blog\/ente-federativo\/#primaryimage","url":"https:\/\/www.empresaqui.com.br\/blog\/wp-content\/uploads\/2024\/09\/campo-ente-federativo.png","contentUrl":"https:\/\/www.empresaqui.com.br\/blog\/wp-content\/uploads\/2024\/09\/campo-ente-federativo.png","width":1107,"height":800,"caption":"Imagem do menu de configura\u00e7\u00f5es adicionais da plataforma"},{"@type":"BreadcrumbList","@id":"https:\/\/www.empresaqui.com.br\/blog\/ente-federativo\/#breadcrumb","itemListElement":[{"@type":"ListItem","position":1,"name":"In\u00edcio","item":"https:\/\/www.empresaqui.com.br\/blog\/"},{"@type":"ListItem","position":2,"name":"Dicas de Vendas","item":"https:\/\/www.empresaqui.com.br\/blog\/category\/prospeccao-vendas\/"},{"@type":"ListItem","position":3,"name":"Entenda quais s\u00e3o os Entes Federativos do Brasil"}]},{"@type":"WebSite","@id":"https:\/\/www.empresaqui.com.br\/blog\/#website","url":"https:\/\/www.empresaqui.com.br\/blog\/","name":"Blog EmpresAqui","description":"","publisher":{"@id":"https:\/\/www.empresaqui.com.br\/blog\/#organization"},"potentialAction":[{"@type":"SearchAction","target":{"@type":"EntryPoint","urlTemplate":"https:\/\/www.empresaqui.com.br\/blog\/?s={search_term_string}"},"query-input":{"@type":"PropertyValueSpecification","valueRequired":true,"valueName":"search_term_string"}}],"inLanguage":"pt-BR"},{"@type":"Organization","@id":"https:\/\/www.empresaqui.com.br\/blog\/#organization","name":"EmpresAqui","url":"https:\/\/www.empresaqui.com.br\/blog\/","logo":{"@type":"ImageObject","inLanguage":"pt-BR","@id":"https:\/\/www.empresaqui.com.br\/blog\/#\/schema\/logo\/image\/","url":"https:\/\/www.empresaqui.com.br\/blog\/wp-content\/uploads\/2023\/02\/cropped-cropped-AdminLTELogo-2-1-1.png","contentUrl":"https:\/\/www.empresaqui.com.br\/blog\/wp-content\/uploads\/2023\/02\/cropped-cropped-AdminLTELogo-2-1-1.png","width":100,"height":100,"caption":"EmpresAqui"},"image":{"@id":"https:\/\/www.empresaqui.com.br\/blog\/#\/schema\/logo\/image\/"},"sameAs":["https:\/\/www.facebook.com\/empresaquibr","https:\/\/www.instagram.com\/empresaqui"]},{"@type":"Person","@id":"https:\/\/www.empresaqui.com.br\/blog\/#\/schema\/person\/c47351a5cbdb107cc321e811cb2e5d3e","name":"Pedro de Castro","image":{"@type":"ImageObject","inLanguage":"pt-BR","@id":"https:\/\/secure.gravatar.com\/avatar\/c8ce0b507b50074c2b63c97a0024c2a93430dacf0bbaaa23e96b9f6b7b690b0b?s=96&d=mm&r=g","url":"https:\/\/secure.gravatar.com\/avatar\/c8ce0b507b50074c2b63c97a0024c2a93430dacf0bbaaa23e96b9f6b7b690b0b?s=96&d=mm&r=g","contentUrl":"https:\/\/secure.gravatar.com\/avatar\/c8ce0b507b50074c2b63c97a0024c2a93430dacf0bbaaa23e96b9f6b7b690b0b?s=96&d=mm&r=g","caption":"Pedro de Castro"},"description":"Analista Jr. de SEO e Marketing Digital","url":"https:\/\/www.empresaqui.com.br\/blog\/author\/pedro-castro\/"}]}},"uagb_featured_image_src":{"full":false,"thumbnail":false,"medium":false,"medium_large":false,"large":false,"1536x1536":false,"2048x2048":false},"uagb_author_info":{"display_name":"Pedro de Castro","author_link":"https:\/\/www.empresaqui.com.br\/blog\/author\/pedro-castro\/"},"uagb_comment_info":0,"uagb_excerpt":"No Brasil, a estrutura de organiza\u00e7\u00e3o pol\u00edtica \u00e9 baseada no modelo federativo, o que significa que o poder \u00e9 compartilhado [&hellip;]","_links":{"self":[{"href":"https:\/\/www.empresaqui.com.br\/blog\/wp-json\/wp\/v2\/posts\/2799","targetHints":{"allow":["GET"]}}],"collection":[{"href":"https:\/\/www.empresaqui.com.br\/blog\/wp-json\/wp\/v2\/posts"}],"about":[{"href":"https:\/\/www.empresaqui.com.br\/blog\/wp-json\/wp\/v2\/types\/post"}],"author":[{"embeddable":true,"href":"https:\/\/www.empresaqui.com.br\/blog\/wp-json\/wp\/v2\/users\/9"}],"replies":[{"embeddable":true,"href":"https:\/\/www.empresaqui.com.br\/blog\/wp-json\/wp\/v2\/comments?post=2799"}],"version-history":[{"count":2,"href":"https:\/\/www.empresaqui.com.br\/blog\/wp-json\/wp\/v2\/posts\/2799\/revisions"}],"predecessor-version":[{"id":2801,"href":"https:\/\/www.empresaqui.com.br\/blog\/wp-json\/wp\/v2\/posts\/2799\/revisions\/2801"}],"wp:attachment":[{"href":"https:\/\/www.empresaqui.com.br\/blog\/wp-json\/wp\/v2\/media?parent=2799"}],"wp:term":[{"taxonomy":"category","embeddable":true,"href":"https:\/\/www.empresaqui.com.br\/blog\/wp-json\/wp\/v2\/categories?post=2799"},{"taxonomy":"post_tag","embeddable":true,"href":"https:\/\/www.empresaqui.com.br\/blog\/wp-json\/wp\/v2\/tags?post=2799"}],"curies":[{"name":"wp","href":"https:\/\/api.w.org\/{rel}","templated":true}]}}