{"id":272,"date":"2021-04-07T15:11:19","date_gmt":"2021-04-07T18:11:19","guid":{"rendered":"https:\/\/empresaqui.com.br\/blog\/?p=272"},"modified":"2024-11-01T13:18:38","modified_gmt":"2024-11-01T16:18:38","slug":"empresaqui-e-a-lgpd","status":"publish","type":"post","link":"https:\/\/www.empresaqui.com.br\/blog\/empresaqui-e-a-lgpd\/","title":{"rendered":"EmpresAqui e a LGPD"},"content":{"rendered":"\n<p>Pessoas Jur\u00eddicas t\u00eam dados relevantes que precisam ser protegidos? A resposta \u00e9 sim! Existem dados relevantes de pessoas jur\u00eddicas, como dados banc\u00e1rios, dados fiscais, trabalhistas. Esses dados revelam, de uma certa maneira, a identidade da empresa e tamb\u00e9m a fazem identific\u00e1vel ou identificada.&nbsp;<\/p>\n\n\n\n<p>O artigo 1\u00ba da LGPD (lei&nbsp;<a href=\"https:\/\/www.jusbrasil.com.br\/legislacao\/612902269\/lei-13709-18\">13.709<\/a>\/18) prev\u00ea que a lei disp\u00f5e sobre o tratamento de dados pessoais realizados por pessoas naturais ou por pessoas jur\u00eddicas de direito p\u00fablico ou privado &#8211; estejam esses dados em meios digitais, estejam em meio f\u00edsico, como arquivos e pastas.<\/p>\n\n\n\n<p>As pessoas jur\u00eddicas aparecem logo no primeiro artigo da LGPD, por\u00e9m, n\u00e3o como poss\u00edveis detentoras de dados pessoais, mas como sujeitas ativas de tratamentos de dado, como realizadoras de tratamentos de dados.<\/p>\n\n\n\n<p>Tais dados citados no primeiro par\u00e1grafo (banc\u00e1rios, fiscais e trabalhistas) n\u00e3o s\u00e3o exposto no EMPRESAQUI, justamente pela seguran\u00e7a da apresenta\u00e7\u00e3o e utiliza\u00e7\u00e3o das informa\u00e7\u00f5es disponibilizadas pelos usu\u00e1rios e clientes. Um grande exemplo s\u00e3o os dados de Faturamento e Quadro de funcion\u00e1rios que n\u00e3o s\u00e3o p\u00fablicos pela Receita Federal, ent\u00e3o n\u00e3o os disponibilizamos mais na plataforma.<\/p>\n\n\n\n<p>O real tratamento dos dados que \u00e9 inerente \u00e0 LGPD, s\u00e3o os dados dos usu\u00e1rios cadastrados, onde dispomos do nosso DPO para an\u00e1lise e arquivamento seguro criptografado dos dados e informa\u00e7\u00f5es  relevantes aos acessos \u00e0 plataforma!<\/p>\n\n\n\n<div id=\"ez-toc-container\" class=\"ez-toc-v2_0_81 ez-toc-wrap-left counter-hierarchy ez-toc-counter ez-toc-custom ez-toc-container-direction\">\n<div class=\"ez-toc-title-container\">\n<p class=\"ez-toc-title\" style=\"cursor:inherit\">Neste artigo voc\u00ea vai ver:<\/p>\n<span class=\"ez-toc-title-toggle\"><a href=\"#\" class=\"ez-toc-pull-right ez-toc-btn ez-toc-btn-xs ez-toc-btn-default ez-toc-toggle\" aria-label=\"Alternar tabela de conte\u00fado\"><span class=\"ez-toc-js-icon-con\"><span class=\"\"><span class=\"eztoc-hide\" style=\"display:none;\">Toggle<\/span><span class=\"ez-toc-icon-toggle-span\"><svg style=\"fill: #0066bf;color:#0066bf\" xmlns=\"http:\/\/www.w3.org\/2000\/svg\" class=\"list-377408\" width=\"20px\" height=\"20px\" viewBox=\"0 0 24 24\" fill=\"none\"><path d=\"M6 6H4v2h2V6zm14 0H8v2h12V6zM4 11h2v2H4v-2zm16 0H8v2h12v-2zM4 16h2v2H4v-2zm16 0H8v2h12v-2z\" fill=\"currentColor\"><\/path><\/svg><svg style=\"fill: #0066bf;color:#0066bf\" class=\"arrow-unsorted-368013\" xmlns=\"http:\/\/www.w3.org\/2000\/svg\" width=\"10px\" height=\"10px\" viewBox=\"0 0 24 24\" version=\"1.2\" baseProfile=\"tiny\"><path d=\"M18.2 9.3l-6.2-6.3-6.2 6.3c-.2.2-.3.4-.3.7s.1.5.3.7c.2.2.4.3.7.3h11c.3 0 .5-.1.7-.3.2-.2.3-.5.3-.7s-.1-.5-.3-.7zM5.8 14.7l6.2 6.3 6.2-6.3c.2-.2.3-.5.3-.7s-.1-.5-.3-.7c-.2-.2-.4-.3-.7-.3h-11c-.3 0-.5.1-.7.3-.2.2-.3.5-.3.7s.1.5.3.7z\"\/><\/svg><\/span><\/span><\/span><\/a><\/span><\/div>\n<nav><ul class='ez-toc-list ez-toc-list-level-1 ' ><li class='ez-toc-page-1 ez-toc-heading-level-2'><a class=\"ez-toc-link ez-toc-heading-1\" href=\"https:\/\/www.empresaqui.com.br\/blog\/empresaqui-e-a-lgpd\/#Agora_vamos_falar_sobre_o_consentimento_um_dos_grandes_mitos_da_LGPD\" >Agora vamos falar sobre o consentimento: um dos grandes mitos da LGPD!<\/a><\/li><li class='ez-toc-page-1 ez-toc-heading-level-2'><a class=\"ez-toc-link ez-toc-heading-2\" href=\"https:\/\/www.empresaqui.com.br\/blog\/empresaqui-e-a-lgpd\/#Ebook_A_Arte_das_Vendas_B2B\" >Ebook A Arte das Vendas B2B<\/a><\/li><li class='ez-toc-page-1 ez-toc-heading-level-2'><a class=\"ez-toc-link ez-toc-heading-3\" href=\"https:\/\/www.empresaqui.com.br\/blog\/empresaqui-e-a-lgpd\/#Reforcando%E2%80%A6\" >Refor\u00e7ando&#8230;<\/a><\/li><li class='ez-toc-page-1 ez-toc-heading-level-2'><a class=\"ez-toc-link ez-toc-heading-4\" href=\"https:\/\/www.empresaqui.com.br\/blog\/empresaqui-e-a-lgpd\/#Concluindo%E2%80%A6\" >Concluindo\u2026<\/a><\/li><li class='ez-toc-page-1 ez-toc-heading-level-2'><a class=\"ez-toc-link ez-toc-heading-5\" href=\"https:\/\/www.empresaqui.com.br\/blog\/empresaqui-e-a-lgpd\/#E_entao_e_os_dados_das_Empresas\" >E ent\u00e3o, e os dados das Empresas?<\/a><\/li><li class='ez-toc-page-1 ez-toc-heading-level-2'><a class=\"ez-toc-link ez-toc-heading-6\" href=\"https:\/\/www.empresaqui.com.br\/blog\/empresaqui-e-a-lgpd\/#Gere_listas_de_empresas_personalizadas\" >Gere listas de empresas personalizadas!<\/a><\/li><\/ul><\/nav><\/div>\n<h2 class=\"wp-block-heading\"><span class=\"ez-toc-section\" id=\"Agora_vamos_falar_sobre_o_consentimento_um_dos_grandes_mitos_da_LGPD\"><\/span>Agora vamos falar sobre o consentimento: um dos grandes mitos da LGPD!<span class=\"ez-toc-section-end\"><\/span><\/h2>\n\n\n\n<p>Anteriormente citamos sobre o tratamento de dados, e voltado \u00e1 parte onde o EMPRESAQUI trata os dados dos usu\u00e1rios. Agora, vamos come\u00e7ar e entender a quest\u00e3o do CONSENTIMENTO:<\/p>\n\n\n\n<p>Imagine um exemplo: Seu vizinho est\u00e1 em iminente agress\u00e3o f\u00edsica com sua c\u00f4njuge e voc\u00ea, entendedor da LGPD acha que, n\u00e3o pode denunciar, pois ter\u00e1 que passar INFORMA\u00c7\u00d5ES PESSOAIS, como nome, endere\u00e7o e demais sobre seu vizinho. Enquanto isso, a agress\u00e3o permanece. O que voc\u00ea acha disso? Este, n\u00e3o \u00e9 o objetivo da LGPD.<\/p>\n\n\n\n<p>O principal objetivo da LGPD \u00e9 reparar cen\u00e1rios como os quais empresas tomam informa\u00e7\u00f5es relevantes e pessoais sobre sua personalidade para induzir a resultados ou escolhas, sem o seu livre consentimento!<\/p>\n\n\n\n<style>\n    body {\n        font-family: 'Montserrat', sans-serif;\n        margin: 0;\n        padding: 0;\n        background-color: #F4F4F4;\n    }\n    .cta-container {\n        display: flex;\n        flex-direction: column;\n        align-items: center;\n        justify-content: center;\n        background-color: #131763;\n        padding: 20px 5px;\n        color: white;\n        max-width: 1000px;\n        margin: 20px auto;\n    }\n    .linha-um {\n        display: flex;\n        flex-direction: row;\n        width: 100%;\n    }\n    .cta-image {\n        width: 60%;\n        display: flex;\n        justify-content: center;\n    }\n    .cta-image img {\n        height: auto;\n        width: 100%;\n    }\n    .cta-content {\n        width: 70%;\n        padding: 0px;\n        text-align: center;\n        margin-left: 10px;\n        margin-right: 10px;\n        display: flex;\n        justify-content: center;\n        flex-direction: column;\n    }\n    .cta-content h2 {\n        text-shadow:\n            0 0 5px rgba(0, 0, 0, 1);\n        font-size: 24px !important;\n        margin: 0 0 10px;\n        line-height: 1.2;\n        text-align: center;\n        color: white;\n    }\n    .cta-content p {\n        font-size: 15px;\n        text-align: center;\n    }\n    .animated-button {\n        color: #031844;\n        font-weight: bold;\n        font-size: 15px;\n        font-family: 'Montserrat', sans-serif;\n        padding: 2px 20px;\n        background-color: #0CFFFB;\n        border: 1px solid #000;\n        border-radius: 45px;\n        cursor: pointer;\n        transition: all 0.3s ease;\n        transform: scale(0.9);\n        opacity: 0;\n        animation: fadeInScale 0.5s ease forwards;\n        text-shadow:\n            0 0 5px rgba(0, 0, 0, 0.4);\n        text-decoration: none;\n        display: block;\n        margin: 0px auto;\n        width: fit-content;\n    }\n    .animated-button:hover {\n        background-color: #00E1FF;\n        transform: scale(1.05);\n    }\n    .animated-button:active {\n        background-color: #00B8D4;\n        transform: scale(0.95);\n    }\n    @keyframes fadeInScale {\n        0% {\n            transform: scale(0.9);\n            opacity: 0;\n        }\n        100% {\n            transform: scale(1);\n            opacity: 1;\n        }\n    }\n    @media (max-width: 768px) {\n        .cta-container {\n            flex-direction: column;\n            text-align: center;\n        }\n        .linha-um {\n            flex-direction: column;\n            align-items: center;\n        }\n        .cta-image {\n            width: 100%;\n            margin-bottom: 20px;\n        }\n        .cta-content {\n            width: 100%;\n            margin-left: 0;\n            margin-right: 0;\n        }\n        .animated-button {\n            margin-top: 5px;\n            padding: 12px 30px;\n        }\n    }\n<\/style>\n<div class=\"cta-container\">\n    <div class=\"linha-um\">\n        <div class=\"cta-image\">\n            <img decoding=\"async\" class=\"item\" loading=\"lazy\" src=\"https:\/\/empresaqui.com.br\/img\/Landing_Page_EBOOK.png\" alt=\"ebook\" id=\"ebook\">\n        <\/div>\n        <div class=\"cta-content\">\n            <h2><span class=\"ez-toc-section\" id=\"Ebook_A_Arte_das_Vendas_B2B\"><\/span>Ebook A Arte das Vendas B2B<span class=\"ez-toc-section-end\"><\/span><\/h2>\n            <p>Aprenda as estrat\u00e9gias mais eficazes para prospectar clientes, negociar contratos e construir relacionamentos s\u00f3lidos que geram resultados duradouros.<\/p>\n        <\/div>\n    <\/div>\n    <a href=\"https:\/\/empresaqui.com.br\/ebook-a-arte-das-vendas-b2b\" data-toggle=\"modal\" data-target=\"#ModalCarregando\" class=\"animated-button item\">BAIXE GRATUITAMENTE<\/a>\n<\/div> \n\n\n\n<h2 class=\"wp-block-heading\"><span class=\"ez-toc-section\" id=\"Reforcando%E2%80%A6\"><\/span>Refor\u00e7ando&#8230;<span class=\"ez-toc-section-end\"><\/span><\/h2>\n\n\n\n<p>O objetivo \u00e9 ent\u00e3o limitar e regulamentar como os seus dados pessoais s\u00e3o tratados, compartilhados, reproduzidos, comercializados. Entenda, seus DADOS PESSOAIS. Com ela, direitos fundamentais, como liberdade, privacidade e o livre desenvolvimento da personalidade e da express\u00e3o de cada indiv\u00edduo ganharam um aliado.<\/p>\n\n\n\n<h2 class=\"wp-block-heading\"><span class=\"ez-toc-section\" id=\"Concluindo%E2%80%A6\"><\/span>Concluindo\u2026<span class=\"ez-toc-section-end\"><\/span><\/h2>\n\n\n\n<p>Ao contr\u00e1rio do que muitos pensam, o foco da LGPD n\u00e3o \u00e9 tornar o consentimento um item obrigat\u00f3rio ao tratamento de dados pessoais. Acabamos de ver diversas hip\u00f3teses em que estas informa\u00e7\u00f5es podem ser trabalhadas sem o consentimento do titular.<\/p>\n\n\n\n<p>No entanto, \u00e9 importante refor\u00e7ar que, mesmo nestas situa\u00e7\u00f5es, em que o tratamento de dados pessoais pode acontecer sem autoriza\u00e7\u00e3o pr\u00e9via,&nbsp; medidas de seguran\u00e7a devem ser tomadas e respeitadas e obriga\u00e7\u00f5es legais devem ser cumpridas, sob o risco de multa para os infratores.<\/p>\n\n\n\n<p>E se antes era importante, agora, \u00e9 imprescind\u00edvel que consumidores e, principalmente, empresas se relacionem com neg\u00f3cios que protejam informa\u00e7\u00f5es pessoais.<\/p>\n\n\n\n<h2 class=\"wp-block-heading\"><span class=\"ez-toc-section\" id=\"E_entao_e_os_dados_das_Empresas\"><\/span>E ent\u00e3o, e os dados das Empresas?<span class=\"ez-toc-section-end\"><\/span><\/h2>\n\n\n\n<p>Ainda que nossa base de disponibilidade seja o tratamento de dados p\u00fablicos e abertos de pessoas jur\u00eddicas disponibilizados pela RFB, realizamos nossas atividades em completa aten\u00e7\u00e3o e conformidade com a LGPD e a Lei de Acesso \u00e0 Informa\u00e7\u00e3o.<\/p>\n\n\n\n<p><strong>Olha s\u00f3, temos que ressaltar que a LGPD regulamenta somente dados pessoais, ou seja, referentes a pessoas f\u00edsicas, ent\u00e3o voc\u00ea pode confiar e usar tranquilamente as informa\u00e7\u00f5es fornecidas pelo EMPRESAQUI e ficar seguro de que, al\u00e9m de n\u00e3o disponibilizarmos dados pessoais das empresas (faturamento, quadro de funcion\u00e1rios, contatos diretos de s\u00f3cios e setores, etc), estamos em conformidade com a LGPD.<\/strong><\/p>\n\n\n\n<p>Um abra\u00e7o e bons neg\u00f3cios.<\/p>\n\n\n\n<div class=\"banner\">\n            <h2><span class=\"ez-toc-section\" id=\"Gere_listas_de_empresas_personalizadas\"><\/span>Gere listas de empresas personalizadas!<span class=\"ez-toc-section-end\"><\/span><\/h2>\n            <p>Cadastre-se gr\u00e1tis agora mesmo<\/p>\n            <div class=\"bottom-banner\">\n                <img decoding=\"async\" src=\"https:\/\/www.empresaqui.com.br\/blog\/wp-content\/uploads\/2021\/11\/AdminLTELogo.png\" alt=\"Seu Logotipo\" class=\"logo\">\n                <a href=\"https:\/\/www.empresaqui.com.br\/plano-gratuito?utm_source=blog&amp;utm_medium=banner&amp;utm_campaign=CTA-GRATUITO-HTML\" class=\"cta-button-banner\">Teste aqui agora<\/a>\n            <\/div>\n        <\/div>\n        <style>\n            .bottom-banner{\n                display: flex;\n                justify-content: center;\n                align-items: center;\n            }\n            .bottom-banner img{\n                width: 3rem !important;\n                height: 3rem !important;\n                margin-right: 1rem;\n            }\n            .banner h2{\n                font-family: Arial, sans-serif;\n                color: #fff !important;\n            }\n            .banner p{\n                font-family: Arial, sans-serif;\n            }\n            .banner {\n                background:#001E40;\n                color: #FFFFFF;\n                text-align: center;\n                padding: 20px;\n            }\n            .cta-button-banner {\n                display: inline-block;\n                background-color: #0CFFFB;\n                color: #000;\n                border: none;\n                padding: 1px 15px;\n                font-size: 14px;\n                font-family: sans-serif;\n                font-weight: 700;\n                border-radius: 21px;\n                cursor: pointer;\n                transition: background-color 0.3s ease;\n                text-decoration: none;\n            }\n            @media (max-width: 767px) {\n                .banner h2{\n                    font-size:20px;\n                }\n                .cta-button-banner {\n                    padding: 1px 15px;\n                    font-size: 12px;\n                }\n            }\n        <\/style>\n","protected":false},"excerpt":{"rendered":"<p>Pessoas Jur\u00eddicas t\u00eam dados relevantes que precisam ser protegidos? A resposta \u00e9 sim! Existem dados relevantes de pessoas jur\u00eddicas, como [&hellip;]<\/p>\n","protected":false},"author":8,"featured_media":0,"comment_status":"open","ping_status":"open","sticky":false,"template":"","format":"standard","meta":{"_acf_changed":false,"_uag_custom_page_level_css":"","site-sidebar-layout":"default","site-content-layout":"","ast-site-content-layout":"default","site-content-style":"default","site-sidebar-style":"default","ast-global-header-display":"","ast-banner-title-visibility":"","ast-main-header-display":"","ast-hfb-above-header-display":"","ast-hfb-below-header-display":"","ast-hfb-mobile-header-display":"","site-post-title":"","ast-breadcrumbs-content":"","ast-featured-img":"","footer-sml-layout":"","theme-transparent-header-meta":"","adv-header-id-meta":"","stick-header-meta":"","header-above-stick-meta":"","header-main-stick-meta":"","header-below-stick-meta":"","astra-migrate-meta-layouts":"default","ast-page-background-enabled":"default","ast-page-background-meta":{"desktop":{"background-color":"var(--ast-global-color-4)","background-image":"","background-repeat":"repeat","background-position":"center center","background-size":"auto","background-attachment":"scroll","background-type":"","background-media":"","overlay-type":"","overlay-color":"","overlay-opacity":"","overlay-gradient":""},"tablet":{"background-color":"","background-image":"","background-repeat":"repeat","background-position":"center center","background-size":"auto","background-attachment":"scroll","background-type":"","background-media":"","overlay-type":"","overlay-color":"","overlay-opacity":"","overlay-gradient":""},"mobile":{"background-color":"","background-image":"","background-repeat":"repeat","background-position":"center center","background-size":"auto","background-attachment":"scroll","background-type":"","background-media":"","overlay-type":"","overlay-color":"","overlay-opacity":"","overlay-gradient":""}},"ast-content-background-meta":{"desktop":{"background-color":"var(--ast-global-color-5)","background-image":"","background-repeat":"repeat","background-position":"center center","background-size":"auto","background-attachment":"scroll","background-type":"","background-media":"","overlay-type":"","overlay-color":"","overlay-opacity":"","overlay-gradient":""},"tablet":{"background-color":"var(--ast-global-color-5)","background-image":"","background-repeat":"repeat","background-position":"center center","background-size":"auto","background-attachment":"scroll","background-type":"","background-media":"","overlay-type":"","overlay-color":"","overlay-opacity":"","overlay-gradient":""},"mobile":{"background-color":"var(--ast-global-color-5)","background-image":"","background-repeat":"repeat","background-position":"center center","background-size":"auto","background-attachment":"scroll","background-type":"","background-media":"","overlay-type":"","overlay-color":"","overlay-opacity":"","overlay-gradient":""}},"footnotes":""},"categories":[1],"tags":[],"class_list":["post-272","post","type-post","status-publish","format-standard","hentry","category-noticias"],"acf":[],"yoast_head":"<!-- This site is optimized with the Yoast SEO plugin v27.4 - https:\/\/yoast.com\/product\/yoast-seo-wordpress\/ -->\n<title>EmpresAqui e a LGPD - Blog EmpresAqui<\/title>\n<meta name=\"robots\" content=\"index, follow, max-snippet:-1, max-image-preview:large, max-video-preview:-1\" \/>\n<link rel=\"canonical\" href=\"https:\/\/www.empresaqui.com.br\/blog\/empresaqui-e-a-lgpd\/\" \/>\n<meta property=\"og:locale\" content=\"pt_BR\" \/>\n<meta property=\"og:type\" content=\"article\" \/>\n<meta property=\"og:title\" content=\"EmpresAqui e a LGPD - Blog EmpresAqui\" \/>\n<meta property=\"og:description\" content=\"Pessoas Jur\u00eddicas t\u00eam dados relevantes que precisam ser protegidos? A resposta \u00e9 sim! Existem dados relevantes de pessoas jur\u00eddicas, como [&hellip;]\" \/>\n<meta property=\"og:url\" content=\"https:\/\/www.empresaqui.com.br\/blog\/empresaqui-e-a-lgpd\/\" \/>\n<meta property=\"og:site_name\" content=\"Blog EmpresAqui\" \/>\n<meta property=\"article:publisher\" content=\"https:\/\/www.facebook.com\/empresaquibr\" \/>\n<meta property=\"article:published_time\" content=\"2021-04-07T18:11:19+00:00\" \/>\n<meta property=\"article:modified_time\" content=\"2024-11-01T16:18:38+00:00\" \/>\n<meta name=\"author\" content=\"Danillo Rocha\" \/>\n<meta name=\"twitter:card\" content=\"summary_large_image\" \/>\n<meta name=\"twitter:label1\" content=\"Escrito por\" \/>\n\t<meta name=\"twitter:data1\" content=\"Danillo Rocha\" \/>\n\t<meta name=\"twitter:label2\" content=\"Est. tempo de leitura\" \/>\n\t<meta name=\"twitter:data2\" content=\"4 minutos\" \/>\n<script type=\"application\/ld+json\" class=\"yoast-schema-graph\">{\"@context\":\"https:\\\/\\\/schema.org\",\"@graph\":[{\"@type\":\"Article\",\"@id\":\"https:\\\/\\\/www.empresaqui.com.br\\\/blog\\\/empresaqui-e-a-lgpd\\\/#article\",\"isPartOf\":{\"@id\":\"https:\\\/\\\/www.empresaqui.com.br\\\/blog\\\/empresaqui-e-a-lgpd\\\/\"},\"author\":{\"name\":\"Danillo Rocha\",\"@id\":\"https:\\\/\\\/www.empresaqui.com.br\\\/blog\\\/#\\\/schema\\\/person\\\/be165d2b8065bfa20b88787a07cf9e96\"},\"headline\":\"EmpresAqui e a LGPD\",\"datePublished\":\"2021-04-07T18:11:19+00:00\",\"dateModified\":\"2024-11-01T16:18:38+00:00\",\"mainEntityOfPage\":{\"@id\":\"https:\\\/\\\/www.empresaqui.com.br\\\/blog\\\/empresaqui-e-a-lgpd\\\/\"},\"wordCount\":669,\"commentCount\":0,\"publisher\":{\"@id\":\"https:\\\/\\\/www.empresaqui.com.br\\\/blog\\\/#organization\"},\"articleSection\":[\"Not\u00edcias\"],\"inLanguage\":\"pt-BR\"},{\"@type\":\"WebPage\",\"@id\":\"https:\\\/\\\/www.empresaqui.com.br\\\/blog\\\/empresaqui-e-a-lgpd\\\/\",\"url\":\"https:\\\/\\\/www.empresaqui.com.br\\\/blog\\\/empresaqui-e-a-lgpd\\\/\",\"name\":\"EmpresAqui e a LGPD - Blog EmpresAqui\",\"isPartOf\":{\"@id\":\"https:\\\/\\\/www.empresaqui.com.br\\\/blog\\\/#website\"},\"datePublished\":\"2021-04-07T18:11:19+00:00\",\"dateModified\":\"2024-11-01T16:18:38+00:00\",\"breadcrumb\":{\"@id\":\"https:\\\/\\\/www.empresaqui.com.br\\\/blog\\\/empresaqui-e-a-lgpd\\\/#breadcrumb\"},\"inLanguage\":\"pt-BR\",\"potentialAction\":[{\"@type\":\"ReadAction\",\"target\":[\"https:\\\/\\\/www.empresaqui.com.br\\\/blog\\\/empresaqui-e-a-lgpd\\\/\"]}]},{\"@type\":\"BreadcrumbList\",\"@id\":\"https:\\\/\\\/www.empresaqui.com.br\\\/blog\\\/empresaqui-e-a-lgpd\\\/#breadcrumb\",\"itemListElement\":[{\"@type\":\"ListItem\",\"position\":1,\"name\":\"In\u00edcio\",\"item\":\"https:\\\/\\\/www.empresaqui.com.br\\\/blog\\\/\"},{\"@type\":\"ListItem\",\"position\":2,\"name\":\"Not\u00edcias\",\"item\":\"https:\\\/\\\/www.empresaqui.com.br\\\/blog\\\/category\\\/noticias\\\/\"},{\"@type\":\"ListItem\",\"position\":3,\"name\":\"EmpresAqui e a LGPD\"}]},{\"@type\":\"WebSite\",\"@id\":\"https:\\\/\\\/www.empresaqui.com.br\\\/blog\\\/#website\",\"url\":\"https:\\\/\\\/www.empresaqui.com.br\\\/blog\\\/\",\"name\":\"Blog EmpresAqui\",\"description\":\"\",\"publisher\":{\"@id\":\"https:\\\/\\\/www.empresaqui.com.br\\\/blog\\\/#organization\"},\"potentialAction\":[{\"@type\":\"SearchAction\",\"target\":{\"@type\":\"EntryPoint\",\"urlTemplate\":\"https:\\\/\\\/www.empresaqui.com.br\\\/blog\\\/?s={search_term_string}\"},\"query-input\":{\"@type\":\"PropertyValueSpecification\",\"valueRequired\":true,\"valueName\":\"search_term_string\"}}],\"inLanguage\":\"pt-BR\"},{\"@type\":\"Organization\",\"@id\":\"https:\\\/\\\/www.empresaqui.com.br\\\/blog\\\/#organization\",\"name\":\"EmpresAqui\",\"url\":\"https:\\\/\\\/www.empresaqui.com.br\\\/blog\\\/\",\"logo\":{\"@type\":\"ImageObject\",\"inLanguage\":\"pt-BR\",\"@id\":\"https:\\\/\\\/www.empresaqui.com.br\\\/blog\\\/#\\\/schema\\\/logo\\\/image\\\/\",\"url\":\"https:\\\/\\\/www.empresaqui.com.br\\\/blog\\\/wp-content\\\/uploads\\\/2023\\\/02\\\/cropped-cropped-AdminLTELogo-2-1-1.png\",\"contentUrl\":\"https:\\\/\\\/www.empresaqui.com.br\\\/blog\\\/wp-content\\\/uploads\\\/2023\\\/02\\\/cropped-cropped-AdminLTELogo-2-1-1.png\",\"width\":100,\"height\":100,\"caption\":\"EmpresAqui\"},\"image\":{\"@id\":\"https:\\\/\\\/www.empresaqui.com.br\\\/blog\\\/#\\\/schema\\\/logo\\\/image\\\/\"},\"sameAs\":[\"https:\\\/\\\/www.facebook.com\\\/empresaquibr\",\"https:\\\/\\\/www.instagram.com\\\/empresaqui\"]},{\"@type\":\"Person\",\"@id\":\"https:\\\/\\\/www.empresaqui.com.br\\\/blog\\\/#\\\/schema\\\/person\\\/be165d2b8065bfa20b88787a07cf9e96\",\"name\":\"Danillo Rocha\",\"image\":{\"@type\":\"ImageObject\",\"inLanguage\":\"pt-BR\",\"@id\":\"https:\\\/\\\/secure.gravatar.com\\\/avatar\\\/a440539fd479fe3447e5aeaa627ba644f1a101516334fa5a2b263c192ba710bc?s=96&d=mm&r=g\",\"url\":\"https:\\\/\\\/secure.gravatar.com\\\/avatar\\\/a440539fd479fe3447e5aeaa627ba644f1a101516334fa5a2b263c192ba710bc?s=96&d=mm&r=g\",\"contentUrl\":\"https:\\\/\\\/secure.gravatar.com\\\/avatar\\\/a440539fd479fe3447e5aeaa627ba644f1a101516334fa5a2b263c192ba710bc?s=96&d=mm&r=g\",\"caption\":\"Danillo Rocha\"},\"description\":\"Danillo Rocha \u00e9 CEO e fundador do EmpresAqui, plataforma de intelig\u00eancia de mercado e gera\u00e7\u00e3o de leads B2B com mais de 300 mil usu\u00e1rios. Formado em Ci\u00eancia da Computa\u00e7\u00e3o, com especializa\u00e7\u00e3o em Softwares e Dados e Per\u00edcia Financeira, \u00e9 empreendedor em tecnologia e neg\u00f3cios B2B.\",\"sameAs\":[\"https:\\\/\\\/www.empresaqui.com.br\\\/\",\"https:\\\/\\\/www.instagram.com\\\/danillorocha10\",\"https:\\\/\\\/www.instagram.com\\\/danillorocha\"],\"url\":\"https:\\\/\\\/www.empresaqui.com.br\\\/blog\\\/author\\\/danillo-rocha\\\/\"}]}<\/script>\n<!-- \/ Yoast SEO plugin. -->","yoast_head_json":{"title":"EmpresAqui e a LGPD - Blog EmpresAqui","robots":{"index":"index","follow":"follow","max-snippet":"max-snippet:-1","max-image-preview":"max-image-preview:large","max-video-preview":"max-video-preview:-1"},"canonical":"https:\/\/www.empresaqui.com.br\/blog\/empresaqui-e-a-lgpd\/","og_locale":"pt_BR","og_type":"article","og_title":"EmpresAqui e a LGPD - Blog EmpresAqui","og_description":"Pessoas Jur\u00eddicas t\u00eam dados relevantes que precisam ser protegidos? A resposta \u00e9 sim! Existem dados relevantes de pessoas jur\u00eddicas, como [&hellip;]","og_url":"https:\/\/www.empresaqui.com.br\/blog\/empresaqui-e-a-lgpd\/","og_site_name":"Blog EmpresAqui","article_publisher":"https:\/\/www.facebook.com\/empresaquibr","article_published_time":"2021-04-07T18:11:19+00:00","article_modified_time":"2024-11-01T16:18:38+00:00","author":"Danillo Rocha","twitter_card":"summary_large_image","twitter_misc":{"Escrito por":"Danillo Rocha","Est. tempo de leitura":"4 minutos"},"schema":{"@context":"https:\/\/schema.org","@graph":[{"@type":"Article","@id":"https:\/\/www.empresaqui.com.br\/blog\/empresaqui-e-a-lgpd\/#article","isPartOf":{"@id":"https:\/\/www.empresaqui.com.br\/blog\/empresaqui-e-a-lgpd\/"},"author":{"name":"Danillo Rocha","@id":"https:\/\/www.empresaqui.com.br\/blog\/#\/schema\/person\/be165d2b8065bfa20b88787a07cf9e96"},"headline":"EmpresAqui e a LGPD","datePublished":"2021-04-07T18:11:19+00:00","dateModified":"2024-11-01T16:18:38+00:00","mainEntityOfPage":{"@id":"https:\/\/www.empresaqui.com.br\/blog\/empresaqui-e-a-lgpd\/"},"wordCount":669,"commentCount":0,"publisher":{"@id":"https:\/\/www.empresaqui.com.br\/blog\/#organization"},"articleSection":["Not\u00edcias"],"inLanguage":"pt-BR"},{"@type":"WebPage","@id":"https:\/\/www.empresaqui.com.br\/blog\/empresaqui-e-a-lgpd\/","url":"https:\/\/www.empresaqui.com.br\/blog\/empresaqui-e-a-lgpd\/","name":"EmpresAqui e a LGPD - Blog EmpresAqui","isPartOf":{"@id":"https:\/\/www.empresaqui.com.br\/blog\/#website"},"datePublished":"2021-04-07T18:11:19+00:00","dateModified":"2024-11-01T16:18:38+00:00","breadcrumb":{"@id":"https:\/\/www.empresaqui.com.br\/blog\/empresaqui-e-a-lgpd\/#breadcrumb"},"inLanguage":"pt-BR","potentialAction":[{"@type":"ReadAction","target":["https:\/\/www.empresaqui.com.br\/blog\/empresaqui-e-a-lgpd\/"]}]},{"@type":"BreadcrumbList","@id":"https:\/\/www.empresaqui.com.br\/blog\/empresaqui-e-a-lgpd\/#breadcrumb","itemListElement":[{"@type":"ListItem","position":1,"name":"In\u00edcio","item":"https:\/\/www.empresaqui.com.br\/blog\/"},{"@type":"ListItem","position":2,"name":"Not\u00edcias","item":"https:\/\/www.empresaqui.com.br\/blog\/category\/noticias\/"},{"@type":"ListItem","position":3,"name":"EmpresAqui e a LGPD"}]},{"@type":"WebSite","@id":"https:\/\/www.empresaqui.com.br\/blog\/#website","url":"https:\/\/www.empresaqui.com.br\/blog\/","name":"Blog EmpresAqui","description":"","publisher":{"@id":"https:\/\/www.empresaqui.com.br\/blog\/#organization"},"potentialAction":[{"@type":"SearchAction","target":{"@type":"EntryPoint","urlTemplate":"https:\/\/www.empresaqui.com.br\/blog\/?s={search_term_string}"},"query-input":{"@type":"PropertyValueSpecification","valueRequired":true,"valueName":"search_term_string"}}],"inLanguage":"pt-BR"},{"@type":"Organization","@id":"https:\/\/www.empresaqui.com.br\/blog\/#organization","name":"EmpresAqui","url":"https:\/\/www.empresaqui.com.br\/blog\/","logo":{"@type":"ImageObject","inLanguage":"pt-BR","@id":"https:\/\/www.empresaqui.com.br\/blog\/#\/schema\/logo\/image\/","url":"https:\/\/www.empresaqui.com.br\/blog\/wp-content\/uploads\/2023\/02\/cropped-cropped-AdminLTELogo-2-1-1.png","contentUrl":"https:\/\/www.empresaqui.com.br\/blog\/wp-content\/uploads\/2023\/02\/cropped-cropped-AdminLTELogo-2-1-1.png","width":100,"height":100,"caption":"EmpresAqui"},"image":{"@id":"https:\/\/www.empresaqui.com.br\/blog\/#\/schema\/logo\/image\/"},"sameAs":["https:\/\/www.facebook.com\/empresaquibr","https:\/\/www.instagram.com\/empresaqui"]},{"@type":"Person","@id":"https:\/\/www.empresaqui.com.br\/blog\/#\/schema\/person\/be165d2b8065bfa20b88787a07cf9e96","name":"Danillo Rocha","image":{"@type":"ImageObject","inLanguage":"pt-BR","@id":"https:\/\/secure.gravatar.com\/avatar\/a440539fd479fe3447e5aeaa627ba644f1a101516334fa5a2b263c192ba710bc?s=96&d=mm&r=g","url":"https:\/\/secure.gravatar.com\/avatar\/a440539fd479fe3447e5aeaa627ba644f1a101516334fa5a2b263c192ba710bc?s=96&d=mm&r=g","contentUrl":"https:\/\/secure.gravatar.com\/avatar\/a440539fd479fe3447e5aeaa627ba644f1a101516334fa5a2b263c192ba710bc?s=96&d=mm&r=g","caption":"Danillo Rocha"},"description":"Danillo Rocha \u00e9 CEO e fundador do EmpresAqui, plataforma de intelig\u00eancia de mercado e gera\u00e7\u00e3o de leads B2B com mais de 300 mil usu\u00e1rios. Formado em Ci\u00eancia da Computa\u00e7\u00e3o, com especializa\u00e7\u00e3o em Softwares e Dados e Per\u00edcia Financeira, \u00e9 empreendedor em tecnologia e neg\u00f3cios B2B.","sameAs":["https:\/\/www.empresaqui.com.br\/","https:\/\/www.instagram.com\/danillorocha10","https:\/\/www.instagram.com\/danillorocha"],"url":"https:\/\/www.empresaqui.com.br\/blog\/author\/danillo-rocha\/"}]}},"uagb_featured_image_src":{"full":false,"thumbnail":false,"medium":false,"medium_large":false,"large":false,"1536x1536":false,"2048x2048":false},"uagb_author_info":{"display_name":"Danillo Rocha","author_link":"https:\/\/www.empresaqui.com.br\/blog\/author\/danillo-rocha\/"},"uagb_comment_info":0,"uagb_excerpt":"Pessoas Jur\u00eddicas t\u00eam dados relevantes que precisam ser protegidos? A resposta \u00e9 sim! Existem dados relevantes de pessoas jur\u00eddicas, como [&hellip;]","_links":{"self":[{"href":"https:\/\/www.empresaqui.com.br\/blog\/wp-json\/wp\/v2\/posts\/272","targetHints":{"allow":["GET"]}}],"collection":[{"href":"https:\/\/www.empresaqui.com.br\/blog\/wp-json\/wp\/v2\/posts"}],"about":[{"href":"https:\/\/www.empresaqui.com.br\/blog\/wp-json\/wp\/v2\/types\/post"}],"author":[{"embeddable":true,"href":"https:\/\/www.empresaqui.com.br\/blog\/wp-json\/wp\/v2\/users\/8"}],"replies":[{"embeddable":true,"href":"https:\/\/www.empresaqui.com.br\/blog\/wp-json\/wp\/v2\/comments?post=272"}],"version-history":[{"count":5,"href":"https:\/\/www.empresaqui.com.br\/blog\/wp-json\/wp\/v2\/posts\/272\/revisions"}],"predecessor-version":[{"id":3349,"href":"https:\/\/www.empresaqui.com.br\/blog\/wp-json\/wp\/v2\/posts\/272\/revisions\/3349"}],"wp:attachment":[{"href":"https:\/\/www.empresaqui.com.br\/blog\/wp-json\/wp\/v2\/media?parent=272"}],"wp:term":[{"taxonomy":"category","embeddable":true,"href":"https:\/\/www.empresaqui.com.br\/blog\/wp-json\/wp\/v2\/categories?post=272"},{"taxonomy":"post_tag","embeddable":true,"href":"https:\/\/www.empresaqui.com.br\/blog\/wp-json\/wp\/v2\/tags?post=272"}],"curies":[{"name":"wp","href":"https:\/\/api.w.org\/{rel}","templated":true}]}}