{"id":2503,"date":"2024-09-06T15:57:58","date_gmt":"2024-09-06T18:57:58","guid":{"rendered":"https:\/\/www.empresaqui.com.br\/blog\/?p=2503"},"modified":"2024-10-01T14:47:36","modified_gmt":"2024-10-01T17:47:36","slug":"comunicacao-b2b","status":"publish","type":"post","link":"https:\/\/www.empresaqui.com.br\/blog\/comunicacao-b2b\/","title":{"rendered":"Comunica\u00e7\u00e3o B2B: dicas para fortalecer e engajar parcerias comerciais"},"content":{"rendered":"\n<p>A comunica\u00e7\u00e3o B2B \u00e9 o alicerce que sustenta rela\u00e7\u00f5es duradouras e produtivas entre parcerias empresariais. Em um ambiente onde a confian\u00e7a \u00e9 essencial, fortalecer essa transmiss\u00e3o \u00e9 fundamental para <strong>engajar a colabora\u00e7\u00e3o entre empresas<\/strong>.&nbsp;<\/p>\n\n\n\n<p>Isso envolve mais do que simplesmente transmitir mensagens; trata-se de criar um di\u00e1logo que atenda \u00e0s expectativas e objetivos de ambas as partes.<\/p>\n\n\n\n<p>Hoje, iremos oferecer dicas para melhorar suas intera\u00e7\u00f5es B2B e criar parcerias que geram resultados consistentes. Vamos come\u00e7ar?<\/p>\n\n\n\n<div id=\"ez-toc-container\" class=\"ez-toc-v2_0_81 ez-toc-wrap-left counter-hierarchy ez-toc-counter ez-toc-custom ez-toc-container-direction\">\n<div class=\"ez-toc-title-container\">\n<p class=\"ez-toc-title\" style=\"cursor:inherit\">Neste artigo voc\u00ea vai ver:<\/p>\n<span class=\"ez-toc-title-toggle\"><a href=\"#\" class=\"ez-toc-pull-right ez-toc-btn ez-toc-btn-xs ez-toc-btn-default ez-toc-toggle\" aria-label=\"Alternar tabela de conte\u00fado\"><span class=\"ez-toc-js-icon-con\"><span class=\"\"><span class=\"eztoc-hide\" style=\"display:none;\">Toggle<\/span><span class=\"ez-toc-icon-toggle-span\"><svg style=\"fill: #0066bf;color:#0066bf\" xmlns=\"http:\/\/www.w3.org\/2000\/svg\" class=\"list-377408\" width=\"20px\" height=\"20px\" viewBox=\"0 0 24 24\" fill=\"none\"><path d=\"M6 6H4v2h2V6zm14 0H8v2h12V6zM4 11h2v2H4v-2zm16 0H8v2h12v-2zM4 16h2v2H4v-2zm16 0H8v2h12v-2z\" fill=\"currentColor\"><\/path><\/svg><svg style=\"fill: #0066bf;color:#0066bf\" class=\"arrow-unsorted-368013\" xmlns=\"http:\/\/www.w3.org\/2000\/svg\" width=\"10px\" height=\"10px\" viewBox=\"0 0 24 24\" version=\"1.2\" baseProfile=\"tiny\"><path d=\"M18.2 9.3l-6.2-6.3-6.2 6.3c-.2.2-.3.4-.3.7s.1.5.3.7c.2.2.4.3.7.3h11c.3 0 .5-.1.7-.3.2-.2.3-.5.3-.7s-.1-.5-.3-.7zM5.8 14.7l6.2 6.3 6.2-6.3c.2-.2.3-.5.3-.7s-.1-.5-.3-.7c-.2-.2-.4-.3-.7-.3h-11c-.3 0-.5.1-.7.3-.2.2-.3.5-.3.7s.1.5.3.7z\"\/><\/svg><\/span><\/span><\/span><\/a><\/span><\/div>\n<nav><ul class='ez-toc-list ez-toc-list-level-1 ' ><li class='ez-toc-page-1 ez-toc-heading-level-2'><a class=\"ez-toc-link ez-toc-heading-1\" href=\"https:\/\/www.empresaqui.com.br\/blog\/comunicacao-b2b\/#O_que_e_Comunicacao_B2B\" >O que \u00e9 Comunica\u00e7\u00e3o B2B?<\/a><\/li><li class='ez-toc-page-1 ez-toc-heading-level-2'><a class=\"ez-toc-link ez-toc-heading-2\" href=\"https:\/\/www.empresaqui.com.br\/blog\/comunicacao-b2b\/#Importancia_da_Comunicacao_B2B_em_vendas\" >Import\u00e2ncia da Comunica\u00e7\u00e3o B2B em vendas<\/a><\/li><li class='ez-toc-page-1 ez-toc-heading-level-2'><a class=\"ez-toc-link ez-toc-heading-3\" href=\"https:\/\/www.empresaqui.com.br\/blog\/comunicacao-b2b\/#Principais_estrategias_usadas_na_Comunicacao_B2B\" >Principais estrat\u00e9gias usadas na Comunica\u00e7\u00e3o B2B<\/a><\/li><li class='ez-toc-page-1 ez-toc-heading-level-2'><a class=\"ez-toc-link ez-toc-heading-4\" href=\"https:\/\/www.empresaqui.com.br\/blog\/comunicacao-b2b\/#Desafios_da_Comunicacao_B2B_e_como_superar\" >Desafios da Comunica\u00e7\u00e3o B2B e como superar<\/a><\/li><li class='ez-toc-page-1 ez-toc-heading-level-2'><a class=\"ez-toc-link ez-toc-heading-5\" href=\"https:\/\/www.empresaqui.com.br\/blog\/comunicacao-b2b\/#Gere_listas_de_empresas_personalizadas\" >Gere listas de empresas personalizadas!<\/a><\/li><\/ul><\/nav><\/div>\n<h2 class=\"wp-block-heading\"><span class=\"ez-toc-section\" id=\"O_que_e_Comunicacao_B2B\"><\/span><strong>O que \u00e9 Comunica\u00e7\u00e3o B2B?<\/strong><span class=\"ez-toc-section-end\"><\/span><\/h2>\n\n\n\n<p>A comunica\u00e7\u00e3o B2B (business to business) remete \u00e0s trocas de informa\u00e7\u00f5es entre empresas para formar parcerias, fechar neg\u00f3cios, realizar negocia\u00e7\u00f5es ou, simplesmente, fazer contato.<\/p>\n\n\n\n<p>Ao contr\u00e1rio da comunica\u00e7\u00e3o B2C (business to consumer), que \u00e9 focada no consumidor final, a B2B envolve a <strong>troca de informa\u00e7\u00f5es mais t\u00e9cnicas e estrat\u00e9gicas<\/strong>.<\/p>\n\n\n\n<p>Podemos citar um exemplo, de quando uma empresa de tecnologia negocia com uma ind\u00fastria para fornecer softwares de gest\u00e3o. Aqui, a comunica\u00e7\u00e3o \u00e9 detalhada, abordando quest\u00f5es como desempenho, suporte e integra\u00e7\u00e3o.<\/p>\n\n\n\n<p>A clareza e o profissionalismo tem impacto diretamente na confian\u00e7a e no sucesso da parceria.<\/p>\n\n\n\n<h2 class=\"wp-block-heading\"><span class=\"ez-toc-section\" id=\"Importancia_da_Comunicacao_B2B_em_vendas\"><\/span><strong>Import\u00e2ncia da Comunica\u00e7\u00e3o B2B em vendas<\/strong><span class=\"ez-toc-section-end\"><\/span><\/h2>\n\n\n\n<p>A comunica\u00e7\u00e3o B2B constr\u00f3i e fortalece as rela\u00e7\u00f5es empresariais, e o m\u00ednimo de ru\u00eddo, j\u00e1 pode ocasionar alguns problemas, devido a complexidade do contexto da <a href=\"https:\/\/www.empresaqui.com.br\/blog\/vendas-b2b\/\" target=\"_blank\" rel=\"noreferrer noopener\"><strong>venda B2B<\/strong><\/a>.<\/p>\n\n\n\n<p>Logo, uma boa comunica\u00e7\u00e3o permite identificar as necessidades do cliente e oferecer as solu\u00e7\u00f5es que ele precisa <strong>naquele exato momento<\/strong>.<\/p>\n\n\n\n<p>Al\u00e9m disso, a intera\u00e7\u00e3o B2B envolve:<\/p>\n\n\n\n<ul class=\"wp-block-list\">\n<li>Cria\u00e7\u00e3o de confian\u00e7a e credibilidade entre as empresas;<\/li>\n\n\n\n<li>Agilidade nas negocia\u00e7\u00f5es;<\/li>\n\n\n\n<li>Personaliza\u00e7\u00e3o para atender demandas espec\u00edficas;<\/li>\n\n\n\n<li>Acompanhamento <a href=\"https:\/\/www.empresaqui.com.br\/blog\/pos-venda\/\" target=\"_blank\" rel=\"noreferrer noopener\"><strong>p\u00f3s-venda<\/strong><\/a> para manter a satisfa\u00e7\u00e3o e engajamento;<\/li>\n\n\n\n<li>Melhoria da experi\u00eancia do cliente, gerando fideliza\u00e7\u00e3o.<\/li>\n<\/ul>\n\n\n\n<p>Esses elementos garantem que a comunica\u00e7\u00e3o ser\u00e1 o seu fator de diferencia\u00e7\u00e3o frente ao mercado, algo t\u00e3o valioso em vendas B2B.<\/p>\n\n\n\n<figure class=\"wp-block-image aligncenter size-full\"><img loading=\"lazy\" decoding=\"async\" width=\"400\" height=\"550\" src=\"https:\/\/www.empresaqui.com.br\/blog\/wp-content\/uploads\/2024\/10\/b2b-b2c.png\" alt=\"a imagem mostra uma tabela comparativa das comunica\u00e7\u00f5es B2B e B2C.\" class=\"wp-image-2762\" srcset=\"https:\/\/www.empresaqui.com.br\/blog\/wp-content\/uploads\/2024\/10\/b2b-b2c.png 400w, https:\/\/www.empresaqui.com.br\/blog\/wp-content\/uploads\/2024\/10\/b2b-b2c-218x300.png 218w\" sizes=\"auto, (max-width: 400px) 100vw, 400px\" \/><\/figure>\n\n\n\n<h2 class=\"wp-block-heading\"><span class=\"ez-toc-section\" id=\"Principais_estrategias_usadas_na_Comunicacao_B2B\"><\/span><strong>Principais estrat\u00e9gias usadas na Comunica\u00e7\u00e3o B2B<\/strong><span class=\"ez-toc-section-end\"><\/span><\/h2>\n\n\n\n<p>A comunica\u00e7\u00e3o B2B exige abordagens bem definidas para garantir a efic\u00e1cia e o engajamento entre as empresas. Listamos cinco estrat\u00e9gias fundamentais:<\/p>\n\n\n\n<h3 class=\"wp-block-heading\"><strong>1. Defini\u00e7\u00e3o do mercado alvo, ICP e personas<\/strong><\/h3>\n\n\n\n<p>O <a href=\"https:\/\/www.empresaqui.com.br\/blog\/icp\/\" target=\"_blank\" rel=\"noreferrer noopener\"><strong>ICP<\/strong><\/a><strong> <\/strong>identifica as empresas ideais com base em fatores como porte e segmento, enquanto as personas detalham os tomadores de decis\u00e3o dentro dessas organiza\u00e7\u00f5es.&nbsp;<\/p>\n\n\n\n<p>Juntas, elas garantem uma comunica\u00e7\u00e3o personalizada e <strong>alinhada ao mercado-alvo<\/strong>, maximizando a efici\u00eancia de marketing e vendas.&nbsp;<\/p>\n\n\n\n<p>Com isso, voc\u00ea pode identificar nichos espec\u00edficos, otimizando os esfor\u00e7os para alcan\u00e7ar o p\u00fablico certo e no momento certo..<\/p>\n\n\n\n<h3 class=\"wp-block-heading\"><strong>2. Proposta de valor<\/strong><\/h3>\n\n\n\n<p>Ela deve destacar como seu produto ou servi\u00e7o resolve um problema espec\u00edfico, traz benef\u00edcios mensur\u00e1veis e se diferencia da concorr\u00eancia.&nbsp;<\/p>\n\n\n\n<p>Uma proposta de valor bem elaborada conecta as necessidades do seu <a href=\"https:\/\/www.empresaqui.com.br\/blog\/mercado-alvo\/\" target=\"_blank\" rel=\"noreferrer noopener\"><strong>mercado-alvo<\/strong><\/a> aos resultados que sua empresa tem, garantindo que os potenciais clientes vejam um motivo claro para avan\u00e7ar no processo de compra.<\/p>\n\n\n\n<h3 class=\"wp-block-heading\"><strong>3. Cria\u00e7\u00e3o de conte\u00fado relevante<\/strong><\/h3>\n\n\n\n<p>A <a href=\"https:\/\/www.empresaqui.com.br\/blog\/marketing-de-conteudo\/\" target=\"_blank\" rel=\"noreferrer noopener\"><strong>cria\u00e7\u00e3o de conte\u00fado<\/strong><\/a> atrai e engaja leads no ambiente B2B. Ele precisa ser pensado para <strong>oferecer valor ao p\u00fablico-alvo<\/strong>, respondendo \u00e0s suas d\u00favidas e necessidades espec\u00edficas.&nbsp;<\/p>\n\n\n\n<p>Isso pode incluir blogs, estudos de caso e webinars que eduquem o cliente e demonstrem a expertise da sua empresa.<\/p>\n\n\n\n<p>Al\u00e9m disso, o conte\u00fado deve ser <strong>personalizado para cada etapa da jornada de compra<\/strong>, ajudando a construir confian\u00e7a e preparando o terreno para convers\u00f5es mais assertivas e duradouras.<\/p>\n\n\n\n<h3 class=\"wp-block-heading\"><strong>4. Campanhas de e-mail marketing<\/strong><\/h3>\n\n\n\n<p>O foco est\u00e1 na cria\u00e7\u00e3o de mensagens direcionadas, com conte\u00fados para cada est\u00e1gio da <a href=\"https:\/\/www.empresaqui.com.br\/blog\/jornada-de-compra-b2b\/\" target=\"_blank\" rel=\"noreferrer noopener\"><strong>jornada de compra B2B<\/strong><\/a>.&nbsp;<\/p>\n\n\n\n<p>Por meio da segmenta\u00e7\u00e3o, \u00e9 poss\u00edvel criar e-mails espec\u00edficos para cada p\u00fablico, aumentando o engajamento. Ferramentas de automa\u00e7\u00e3o tornam poss\u00edvel programar o envio no momento certo, garantindo que a comunica\u00e7\u00e3o seja constante.<\/p>\n\n\n\n<h3 class=\"wp-block-heading\"><strong>5. Participa\u00e7\u00e3o em feiras e eventos<\/strong><\/h3>\n\n\n\n<p>Esses eventos permitem que as empresas interajam diretamente com potenciais clientes, apresentem seus servi\u00e7os e criem relacionamentos de confian\u00e7a.<\/p>\n\n\n\n<p>Al\u00e9m do mais, \u00e9 uma excelente oportunidade para acompanhar as <strong>tend\u00eancias de mercado, avaliar a concorr\u00eancia e fortalecer a imagem da sua marca<\/strong>. Ao participar de feiras, as empresas aumentam a visibilidade e ampliam as chances de fechar neg\u00f3cios importantes.<\/p>\n\n\n\n<h2 class=\"wp-block-heading\"><span class=\"ez-toc-section\" id=\"Desafios_da_Comunicacao_B2B_e_como_superar\"><\/span><strong>Desafios da Comunica\u00e7\u00e3o B2B e como superar<\/strong><span class=\"ez-toc-section-end\"><\/span><\/h2>\n\n\n\n<p>Na comunica\u00e7\u00e3o B2B, diversos desafios podem surgir ao tentar estabelecer uma rela\u00e7\u00e3o com o mercado-alvo e parceiros comerciais. Para superar esses obst\u00e1culos, \u00e9 fundamental entender os principais problemas e suas solu\u00e7\u00f5es:<\/p>\n\n\n\n<ul class=\"wp-block-list\">\n<li><strong>Falta de alinhamento interno<\/strong>: assegure que as equipes de vendas, marketing e atendimento estejam sincronizadas;<\/li>\n\n\n\n<li><strong>Barreiras tecnol\u00f3gicas<\/strong>: invista em ferramentas e softwares integrados;<\/li>\n\n\n\n<li><strong>Mensagens gen\u00e9ricas<\/strong>: desenvolva abordagens personalizadas para cada segmento;<\/li>\n\n\n\n<li><strong>Falta de clareza no ICP<\/strong>: defina bem seu p\u00fablico-alvo e suas personas.<\/li>\n\n\n\n<li><strong>Mudan\u00e7as nas necessidades do cliente<\/strong>: atualize suas estrat\u00e9gias constantemente.<\/li>\n<\/ul>\n\n\n\n<p>Enfrentando esses desafios com um planejamento bem desenhado, \u00e9 poss\u00edvel estabelecer uma comunica\u00e7\u00e3o clara, sem ru\u00eddos, que fortale\u00e7a parcerias e acelere resultados.<\/p>\n\n\n\n<p>Aplicar boas pr\u00e1ticas, como a defini\u00e7\u00e3o precisa do ICP e o uso de ferramentas certas, ajudar\u00e1 a <strong>melhorar a intera\u00e7\u00e3o entre empresas e a aumentar a efic\u00e1cia do planejamento de comunica\u00e7\u00e3o<\/strong>.<\/p>\n\n\n\n<div class=\"banner\">\n            <h2><span class=\"ez-toc-section\" id=\"Gere_listas_de_empresas_personalizadas\"><\/span>Gere listas de empresas personalizadas!<span class=\"ez-toc-section-end\"><\/span><\/h2>\n            <p>Cadastre-se gr\u00e1tis agora mesmo<\/p>\n            <div class=\"bottom-banner\">\n                <img decoding=\"async\" src=\"https:\/\/www.empresaqui.com.br\/blog\/wp-content\/uploads\/2021\/11\/AdminLTELogo.png\" alt=\"Seu Logotipo\" class=\"logo\">\n                <a href=\"https:\/\/www.empresaqui.com.br\/plano-gratuito?utm_source=blog&amp;utm_medium=banner&amp;utm_campaign=CTA-GRATUITO-HTML\" class=\"cta-button-banner\">Teste aqui agora<\/a>\n            <\/div>\n        <\/div>\n\n        <style>\n            .bottom-banner{\n                display: flex;\n                justify-content: center;\n                align-items: center;\n            }\n            .bottom-banner img{\n                width: 3rem !important;\n                height: 3rem !important;\n                margin-right: 1rem;\n            }\n            .banner h2{\n                font-family: Arial, sans-serif;\n                color: #fff !important;\n            }\n            .banner p{\n                font-family: Arial, sans-serif;\n            }\n            .banner {\n                background:#001E40;\n                color: #FFFFFF;\n                text-align: center;\n                padding: 20px;\n            }\n            .cta-button-banner {\n                display: inline-block;\n                background-color: #0CFFFB;\n                color: #000;\n                border: none;\n                padding: 1px 15px;\n                font-size: 14px;\n                font-family: sans-serif;\n                font-weight: 700;\n                border-radius: 21px;\n                cursor: pointer;\n                transition: background-color 0.3s ease;\n                text-decoration: none;\n            }\n\n            @media (max-width: 767px) {\n                .banner h2{\n                    font-size:20px;\n                }\n                .cta-button-banner {\n                    padding: 1px 15px;\n                    font-size: 12px;\n                }\n\n            }\n        <\/style>\n    \n\n","protected":false},"excerpt":{"rendered":"<p>A comunica\u00e7\u00e3o B2B \u00e9 o alicerce que sustenta rela\u00e7\u00f5es duradouras e produtivas entre parcerias empresariais. Em um ambiente onde a [&hellip;]<\/p>\n","protected":false},"author":11,"featured_media":0,"comment_status":"closed","ping_status":"closed","sticky":false,"template":"","format":"standard","meta":{"_acf_changed":false,"_uag_custom_page_level_css":"","site-sidebar-layout":"default","site-content-layout":"","ast-site-content-layout":"default","site-content-style":"default","site-sidebar-style":"default","ast-global-header-display":"","ast-banner-title-visibility":"","ast-main-header-display":"","ast-hfb-above-header-display":"","ast-hfb-below-header-display":"","ast-hfb-mobile-header-display":"","site-post-title":"","ast-breadcrumbs-content":"","ast-featured-img":"","footer-sml-layout":"","theme-transparent-header-meta":"","adv-header-id-meta":"","stick-header-meta":"","header-above-stick-meta":"","header-main-stick-meta":"","header-below-stick-meta":"","astra-migrate-meta-layouts":"default","ast-page-background-enabled":"default","ast-page-background-meta":{"desktop":{"background-color":"var(--ast-global-color-4)","background-image":"","background-repeat":"repeat","background-position":"center center","background-size":"auto","background-attachment":"scroll","background-type":"","background-media":"","overlay-type":"","overlay-color":"","overlay-opacity":"","overlay-gradient":""},"tablet":{"background-color":"","background-image":"","background-repeat":"repeat","background-position":"center center","background-size":"auto","background-attachment":"scroll","background-type":"","background-media":"","overlay-type":"","overlay-color":"","overlay-opacity":"","overlay-gradient":""},"mobile":{"background-color":"","background-image":"","background-repeat":"repeat","background-position":"center center","background-size":"auto","background-attachment":"scroll","background-type":"","background-media":"","overlay-type":"","overlay-color":"","overlay-opacity":"","overlay-gradient":""}},"ast-content-background-meta":{"desktop":{"background-color":"var(--ast-global-color-5)","background-image":"","background-repeat":"repeat","background-position":"center center","background-size":"auto","background-attachment":"scroll","background-type":"","background-media":"","overlay-type":"","overlay-color":"","overlay-opacity":"","overlay-gradient":""},"tablet":{"background-color":"var(--ast-global-color-5)","background-image":"","background-repeat":"repeat","background-position":"center center","background-size":"auto","background-attachment":"scroll","background-type":"","background-media":"","overlay-type":"","overlay-color":"","overlay-opacity":"","overlay-gradient":""},"mobile":{"background-color":"var(--ast-global-color-5)","background-image":"","background-repeat":"repeat","background-position":"center center","background-size":"auto","background-attachment":"scroll","background-type":"","background-media":"","overlay-type":"","overlay-color":"","overlay-opacity":"","overlay-gradient":""}},"footnotes":""},"categories":[33],"tags":[],"class_list":["post-2503","post","type-post","status-publish","format-standard","hentry","category-prospeccao-vendas"],"acf":[],"yoast_head":"<!-- This site is optimized with the Yoast SEO plugin v27.4 - https:\/\/yoast.com\/product\/yoast-seo-wordpress\/ -->\n<title>Comunica\u00e7\u00e3o B2B: 7 estrat\u00e9gias para usar nos neg\u00f3cios<\/title>\n<meta name=\"description\" content=\"Ter uma comunica\u00e7\u00e3o B2B bem alinhada \u00e9 indispens\u00e1vel para fortalecer parcerias e melhorar resultados de vendas. Veja estrat\u00e9gias, desafios e como superar.\" \/>\n<meta name=\"robots\" content=\"index, follow, max-snippet:-1, max-image-preview:large, max-video-preview:-1\" \/>\n<link rel=\"canonical\" href=\"https:\/\/www.empresaqui.com.br\/blog\/comunicacao-b2b\/\" \/>\n<meta property=\"og:locale\" content=\"pt_BR\" \/>\n<meta property=\"og:type\" content=\"article\" \/>\n<meta property=\"og:title\" content=\"Comunica\u00e7\u00e3o B2B: 7 estrat\u00e9gias para usar nos neg\u00f3cios\" \/>\n<meta property=\"og:description\" content=\"Ter uma comunica\u00e7\u00e3o B2B bem alinhada \u00e9 indispens\u00e1vel para fortalecer parcerias e melhorar resultados de vendas. Veja estrat\u00e9gias, desafios e como superar.\" \/>\n<meta property=\"og:url\" content=\"https:\/\/www.empresaqui.com.br\/blog\/comunicacao-b2b\/\" \/>\n<meta property=\"og:site_name\" content=\"Blog EmpresAqui\" \/>\n<meta property=\"article:publisher\" content=\"https:\/\/www.facebook.com\/empresaquibr\" \/>\n<meta property=\"article:published_time\" content=\"2024-09-06T18:57:58+00:00\" \/>\n<meta property=\"article:modified_time\" content=\"2024-10-01T17:47:36+00:00\" \/>\n<meta property=\"og:image\" content=\"https:\/\/www.empresaqui.com.br\/blog\/wp-content\/uploads\/2024\/10\/b2b-b2c.png\" \/>\n<meta name=\"author\" content=\"Marcus Silva\" \/>\n<meta name=\"twitter:card\" content=\"summary_large_image\" \/>\n<meta name=\"twitter:label1\" content=\"Escrito por\" \/>\n\t<meta name=\"twitter:data1\" content=\"Marcus Silva\" \/>\n\t<meta name=\"twitter:label2\" content=\"Est. tempo de leitura\" \/>\n\t<meta name=\"twitter:data2\" content=\"5 minutos\" \/>\n<script type=\"application\/ld+json\" class=\"yoast-schema-graph\">{\"@context\":\"https:\\\/\\\/schema.org\",\"@graph\":[{\"@type\":\"Article\",\"@id\":\"https:\\\/\\\/www.empresaqui.com.br\\\/blog\\\/comunicacao-b2b\\\/#article\",\"isPartOf\":{\"@id\":\"https:\\\/\\\/www.empresaqui.com.br\\\/blog\\\/comunicacao-b2b\\\/\"},\"author\":{\"name\":\"Marcus Silva\",\"@id\":\"https:\\\/\\\/www.empresaqui.com.br\\\/blog\\\/#\\\/schema\\\/person\\\/3296db9c65117f9ad26728e6375d178e\"},\"headline\":\"Comunica\u00e7\u00e3o B2B: dicas para fortalecer e engajar parcerias comerciais\",\"datePublished\":\"2024-09-06T18:57:58+00:00\",\"dateModified\":\"2024-10-01T17:47:36+00:00\",\"mainEntityOfPage\":{\"@id\":\"https:\\\/\\\/www.empresaqui.com.br\\\/blog\\\/comunicacao-b2b\\\/\"},\"wordCount\":915,\"publisher\":{\"@id\":\"https:\\\/\\\/www.empresaqui.com.br\\\/blog\\\/#organization\"},\"image\":{\"@id\":\"https:\\\/\\\/www.empresaqui.com.br\\\/blog\\\/comunicacao-b2b\\\/#primaryimage\"},\"thumbnailUrl\":\"https:\\\/\\\/www.empresaqui.com.br\\\/blog\\\/wp-content\\\/uploads\\\/2024\\\/10\\\/b2b-b2c.png\",\"articleSection\":[\"Dicas de Vendas\"],\"inLanguage\":\"pt-BR\"},{\"@type\":\"WebPage\",\"@id\":\"https:\\\/\\\/www.empresaqui.com.br\\\/blog\\\/comunicacao-b2b\\\/\",\"url\":\"https:\\\/\\\/www.empresaqui.com.br\\\/blog\\\/comunicacao-b2b\\\/\",\"name\":\"Comunica\u00e7\u00e3o B2B: 7 estrat\u00e9gias para usar nos neg\u00f3cios\",\"isPartOf\":{\"@id\":\"https:\\\/\\\/www.empresaqui.com.br\\\/blog\\\/#website\"},\"primaryImageOfPage\":{\"@id\":\"https:\\\/\\\/www.empresaqui.com.br\\\/blog\\\/comunicacao-b2b\\\/#primaryimage\"},\"image\":{\"@id\":\"https:\\\/\\\/www.empresaqui.com.br\\\/blog\\\/comunicacao-b2b\\\/#primaryimage\"},\"thumbnailUrl\":\"https:\\\/\\\/www.empresaqui.com.br\\\/blog\\\/wp-content\\\/uploads\\\/2024\\\/10\\\/b2b-b2c.png\",\"datePublished\":\"2024-09-06T18:57:58+00:00\",\"dateModified\":\"2024-10-01T17:47:36+00:00\",\"description\":\"Ter uma comunica\u00e7\u00e3o B2B bem alinhada \u00e9 indispens\u00e1vel para fortalecer parcerias e melhorar resultados de vendas. Veja estrat\u00e9gias, desafios e como superar.\",\"breadcrumb\":{\"@id\":\"https:\\\/\\\/www.empresaqui.com.br\\\/blog\\\/comunicacao-b2b\\\/#breadcrumb\"},\"inLanguage\":\"pt-BR\",\"potentialAction\":[{\"@type\":\"ReadAction\",\"target\":[\"https:\\\/\\\/www.empresaqui.com.br\\\/blog\\\/comunicacao-b2b\\\/\"]}]},{\"@type\":\"ImageObject\",\"inLanguage\":\"pt-BR\",\"@id\":\"https:\\\/\\\/www.empresaqui.com.br\\\/blog\\\/comunicacao-b2b\\\/#primaryimage\",\"url\":\"https:\\\/\\\/www.empresaqui.com.br\\\/blog\\\/wp-content\\\/uploads\\\/2024\\\/10\\\/b2b-b2c.png\",\"contentUrl\":\"https:\\\/\\\/www.empresaqui.com.br\\\/blog\\\/wp-content\\\/uploads\\\/2024\\\/10\\\/b2b-b2c.png\",\"width\":400,\"height\":550,\"caption\":\"a imagem mostra uma tabela comparativa das comunica\u00e7\u00f5es B2B e B2C.\"},{\"@type\":\"BreadcrumbList\",\"@id\":\"https:\\\/\\\/www.empresaqui.com.br\\\/blog\\\/comunicacao-b2b\\\/#breadcrumb\",\"itemListElement\":[{\"@type\":\"ListItem\",\"position\":1,\"name\":\"In\u00edcio\",\"item\":\"https:\\\/\\\/www.empresaqui.com.br\\\/blog\\\/\"},{\"@type\":\"ListItem\",\"position\":2,\"name\":\"Dicas de Vendas\",\"item\":\"https:\\\/\\\/www.empresaqui.com.br\\\/blog\\\/category\\\/prospeccao-vendas\\\/\"},{\"@type\":\"ListItem\",\"position\":3,\"name\":\"Comunica\u00e7\u00e3o B2B: dicas para fortalecer e engajar parcerias comerciais\"}]},{\"@type\":\"WebSite\",\"@id\":\"https:\\\/\\\/www.empresaqui.com.br\\\/blog\\\/#website\",\"url\":\"https:\\\/\\\/www.empresaqui.com.br\\\/blog\\\/\",\"name\":\"Blog EmpresAqui\",\"description\":\"\",\"publisher\":{\"@id\":\"https:\\\/\\\/www.empresaqui.com.br\\\/blog\\\/#organization\"},\"potentialAction\":[{\"@type\":\"SearchAction\",\"target\":{\"@type\":\"EntryPoint\",\"urlTemplate\":\"https:\\\/\\\/www.empresaqui.com.br\\\/blog\\\/?s={search_term_string}\"},\"query-input\":{\"@type\":\"PropertyValueSpecification\",\"valueRequired\":true,\"valueName\":\"search_term_string\"}}],\"inLanguage\":\"pt-BR\"},{\"@type\":\"Organization\",\"@id\":\"https:\\\/\\\/www.empresaqui.com.br\\\/blog\\\/#organization\",\"name\":\"EmpresAqui\",\"url\":\"https:\\\/\\\/www.empresaqui.com.br\\\/blog\\\/\",\"logo\":{\"@type\":\"ImageObject\",\"inLanguage\":\"pt-BR\",\"@id\":\"https:\\\/\\\/www.empresaqui.com.br\\\/blog\\\/#\\\/schema\\\/logo\\\/image\\\/\",\"url\":\"https:\\\/\\\/www.empresaqui.com.br\\\/blog\\\/wp-content\\\/uploads\\\/2023\\\/02\\\/cropped-cropped-AdminLTELogo-2-1-1.png\",\"contentUrl\":\"https:\\\/\\\/www.empresaqui.com.br\\\/blog\\\/wp-content\\\/uploads\\\/2023\\\/02\\\/cropped-cropped-AdminLTELogo-2-1-1.png\",\"width\":100,\"height\":100,\"caption\":\"EmpresAqui\"},\"image\":{\"@id\":\"https:\\\/\\\/www.empresaqui.com.br\\\/blog\\\/#\\\/schema\\\/logo\\\/image\\\/\"},\"sameAs\":[\"https:\\\/\\\/www.facebook.com\\\/empresaquibr\",\"https:\\\/\\\/www.instagram.com\\\/empresaqui\"]},{\"@type\":\"Person\",\"@id\":\"https:\\\/\\\/www.empresaqui.com.br\\\/blog\\\/#\\\/schema\\\/person\\\/3296db9c65117f9ad26728e6375d178e\",\"name\":\"Marcus Silva\",\"image\":{\"@type\":\"ImageObject\",\"inLanguage\":\"pt-BR\",\"@id\":\"https:\\\/\\\/secure.gravatar.com\\\/avatar\\\/b982c7038fd4d2e1be949b1b1ab8d3f28484d80a87b2494898019b551cbad37c?s=96&d=mm&r=g\",\"url\":\"https:\\\/\\\/secure.gravatar.com\\\/avatar\\\/b982c7038fd4d2e1be949b1b1ab8d3f28484d80a87b2494898019b551cbad37c?s=96&d=mm&r=g\",\"contentUrl\":\"https:\\\/\\\/secure.gravatar.com\\\/avatar\\\/b982c7038fd4d2e1be949b1b1ab8d3f28484d80a87b2494898019b551cbad37c?s=96&d=mm&r=g\",\"caption\":\"Marcus Silva\"},\"url\":\"https:\\\/\\\/www.empresaqui.com.br\\\/blog\\\/author\\\/marcus-silvaa\\\/\"}]}<\/script>\n<!-- \/ Yoast SEO plugin. -->","yoast_head_json":{"title":"Comunica\u00e7\u00e3o B2B: 7 estrat\u00e9gias para usar nos neg\u00f3cios","description":"Ter uma comunica\u00e7\u00e3o B2B bem alinhada \u00e9 indispens\u00e1vel para fortalecer parcerias e melhorar resultados de vendas. Veja estrat\u00e9gias, desafios e como superar.","robots":{"index":"index","follow":"follow","max-snippet":"max-snippet:-1","max-image-preview":"max-image-preview:large","max-video-preview":"max-video-preview:-1"},"canonical":"https:\/\/www.empresaqui.com.br\/blog\/comunicacao-b2b\/","og_locale":"pt_BR","og_type":"article","og_title":"Comunica\u00e7\u00e3o B2B: 7 estrat\u00e9gias para usar nos neg\u00f3cios","og_description":"Ter uma comunica\u00e7\u00e3o B2B bem alinhada \u00e9 indispens\u00e1vel para fortalecer parcerias e melhorar resultados de vendas. Veja estrat\u00e9gias, desafios e como superar.","og_url":"https:\/\/www.empresaqui.com.br\/blog\/comunicacao-b2b\/","og_site_name":"Blog EmpresAqui","article_publisher":"https:\/\/www.facebook.com\/empresaquibr","article_published_time":"2024-09-06T18:57:58+00:00","article_modified_time":"2024-10-01T17:47:36+00:00","og_image":[{"url":"https:\/\/www.empresaqui.com.br\/blog\/wp-content\/uploads\/2024\/10\/b2b-b2c.png","type":"","width":"","height":""}],"author":"Marcus Silva","twitter_card":"summary_large_image","twitter_misc":{"Escrito por":"Marcus Silva","Est. tempo de leitura":"5 minutos"},"schema":{"@context":"https:\/\/schema.org","@graph":[{"@type":"Article","@id":"https:\/\/www.empresaqui.com.br\/blog\/comunicacao-b2b\/#article","isPartOf":{"@id":"https:\/\/www.empresaqui.com.br\/blog\/comunicacao-b2b\/"},"author":{"name":"Marcus Silva","@id":"https:\/\/www.empresaqui.com.br\/blog\/#\/schema\/person\/3296db9c65117f9ad26728e6375d178e"},"headline":"Comunica\u00e7\u00e3o B2B: dicas para fortalecer e engajar parcerias comerciais","datePublished":"2024-09-06T18:57:58+00:00","dateModified":"2024-10-01T17:47:36+00:00","mainEntityOfPage":{"@id":"https:\/\/www.empresaqui.com.br\/blog\/comunicacao-b2b\/"},"wordCount":915,"publisher":{"@id":"https:\/\/www.empresaqui.com.br\/blog\/#organization"},"image":{"@id":"https:\/\/www.empresaqui.com.br\/blog\/comunicacao-b2b\/#primaryimage"},"thumbnailUrl":"https:\/\/www.empresaqui.com.br\/blog\/wp-content\/uploads\/2024\/10\/b2b-b2c.png","articleSection":["Dicas de Vendas"],"inLanguage":"pt-BR"},{"@type":"WebPage","@id":"https:\/\/www.empresaqui.com.br\/blog\/comunicacao-b2b\/","url":"https:\/\/www.empresaqui.com.br\/blog\/comunicacao-b2b\/","name":"Comunica\u00e7\u00e3o B2B: 7 estrat\u00e9gias para usar nos neg\u00f3cios","isPartOf":{"@id":"https:\/\/www.empresaqui.com.br\/blog\/#website"},"primaryImageOfPage":{"@id":"https:\/\/www.empresaqui.com.br\/blog\/comunicacao-b2b\/#primaryimage"},"image":{"@id":"https:\/\/www.empresaqui.com.br\/blog\/comunicacao-b2b\/#primaryimage"},"thumbnailUrl":"https:\/\/www.empresaqui.com.br\/blog\/wp-content\/uploads\/2024\/10\/b2b-b2c.png","datePublished":"2024-09-06T18:57:58+00:00","dateModified":"2024-10-01T17:47:36+00:00","description":"Ter uma comunica\u00e7\u00e3o B2B bem alinhada \u00e9 indispens\u00e1vel para fortalecer parcerias e melhorar resultados de vendas. Veja estrat\u00e9gias, desafios e como superar.","breadcrumb":{"@id":"https:\/\/www.empresaqui.com.br\/blog\/comunicacao-b2b\/#breadcrumb"},"inLanguage":"pt-BR","potentialAction":[{"@type":"ReadAction","target":["https:\/\/www.empresaqui.com.br\/blog\/comunicacao-b2b\/"]}]},{"@type":"ImageObject","inLanguage":"pt-BR","@id":"https:\/\/www.empresaqui.com.br\/blog\/comunicacao-b2b\/#primaryimage","url":"https:\/\/www.empresaqui.com.br\/blog\/wp-content\/uploads\/2024\/10\/b2b-b2c.png","contentUrl":"https:\/\/www.empresaqui.com.br\/blog\/wp-content\/uploads\/2024\/10\/b2b-b2c.png","width":400,"height":550,"caption":"a imagem mostra uma tabela comparativa das comunica\u00e7\u00f5es B2B e B2C."},{"@type":"BreadcrumbList","@id":"https:\/\/www.empresaqui.com.br\/blog\/comunicacao-b2b\/#breadcrumb","itemListElement":[{"@type":"ListItem","position":1,"name":"In\u00edcio","item":"https:\/\/www.empresaqui.com.br\/blog\/"},{"@type":"ListItem","position":2,"name":"Dicas de Vendas","item":"https:\/\/www.empresaqui.com.br\/blog\/category\/prospeccao-vendas\/"},{"@type":"ListItem","position":3,"name":"Comunica\u00e7\u00e3o B2B: dicas para fortalecer e engajar parcerias comerciais"}]},{"@type":"WebSite","@id":"https:\/\/www.empresaqui.com.br\/blog\/#website","url":"https:\/\/www.empresaqui.com.br\/blog\/","name":"Blog EmpresAqui","description":"","publisher":{"@id":"https:\/\/www.empresaqui.com.br\/blog\/#organization"},"potentialAction":[{"@type":"SearchAction","target":{"@type":"EntryPoint","urlTemplate":"https:\/\/www.empresaqui.com.br\/blog\/?s={search_term_string}"},"query-input":{"@type":"PropertyValueSpecification","valueRequired":true,"valueName":"search_term_string"}}],"inLanguage":"pt-BR"},{"@type":"Organization","@id":"https:\/\/www.empresaqui.com.br\/blog\/#organization","name":"EmpresAqui","url":"https:\/\/www.empresaqui.com.br\/blog\/","logo":{"@type":"ImageObject","inLanguage":"pt-BR","@id":"https:\/\/www.empresaqui.com.br\/blog\/#\/schema\/logo\/image\/","url":"https:\/\/www.empresaqui.com.br\/blog\/wp-content\/uploads\/2023\/02\/cropped-cropped-AdminLTELogo-2-1-1.png","contentUrl":"https:\/\/www.empresaqui.com.br\/blog\/wp-content\/uploads\/2023\/02\/cropped-cropped-AdminLTELogo-2-1-1.png","width":100,"height":100,"caption":"EmpresAqui"},"image":{"@id":"https:\/\/www.empresaqui.com.br\/blog\/#\/schema\/logo\/image\/"},"sameAs":["https:\/\/www.facebook.com\/empresaquibr","https:\/\/www.instagram.com\/empresaqui"]},{"@type":"Person","@id":"https:\/\/www.empresaqui.com.br\/blog\/#\/schema\/person\/3296db9c65117f9ad26728e6375d178e","name":"Marcus Silva","image":{"@type":"ImageObject","inLanguage":"pt-BR","@id":"https:\/\/secure.gravatar.com\/avatar\/b982c7038fd4d2e1be949b1b1ab8d3f28484d80a87b2494898019b551cbad37c?s=96&d=mm&r=g","url":"https:\/\/secure.gravatar.com\/avatar\/b982c7038fd4d2e1be949b1b1ab8d3f28484d80a87b2494898019b551cbad37c?s=96&d=mm&r=g","contentUrl":"https:\/\/secure.gravatar.com\/avatar\/b982c7038fd4d2e1be949b1b1ab8d3f28484d80a87b2494898019b551cbad37c?s=96&d=mm&r=g","caption":"Marcus Silva"},"url":"https:\/\/www.empresaqui.com.br\/blog\/author\/marcus-silvaa\/"}]}},"uagb_featured_image_src":{"full":false,"thumbnail":false,"medium":false,"medium_large":false,"large":false,"1536x1536":false,"2048x2048":false},"uagb_author_info":{"display_name":"Marcus Silva","author_link":"https:\/\/www.empresaqui.com.br\/blog\/author\/marcus-silvaa\/"},"uagb_comment_info":0,"uagb_excerpt":"A comunica\u00e7\u00e3o B2B \u00e9 o alicerce que sustenta rela\u00e7\u00f5es duradouras e produtivas entre parcerias empresariais. Em um ambiente onde a [&hellip;]","_links":{"self":[{"href":"https:\/\/www.empresaqui.com.br\/blog\/wp-json\/wp\/v2\/posts\/2503","targetHints":{"allow":["GET"]}}],"collection":[{"href":"https:\/\/www.empresaqui.com.br\/blog\/wp-json\/wp\/v2\/posts"}],"about":[{"href":"https:\/\/www.empresaqui.com.br\/blog\/wp-json\/wp\/v2\/types\/post"}],"author":[{"embeddable":true,"href":"https:\/\/www.empresaqui.com.br\/blog\/wp-json\/wp\/v2\/users\/11"}],"replies":[{"embeddable":true,"href":"https:\/\/www.empresaqui.com.br\/blog\/wp-json\/wp\/v2\/comments?post=2503"}],"version-history":[{"count":4,"href":"https:\/\/www.empresaqui.com.br\/blog\/wp-json\/wp\/v2\/posts\/2503\/revisions"}],"predecessor-version":[{"id":2769,"href":"https:\/\/www.empresaqui.com.br\/blog\/wp-json\/wp\/v2\/posts\/2503\/revisions\/2769"}],"wp:attachment":[{"href":"https:\/\/www.empresaqui.com.br\/blog\/wp-json\/wp\/v2\/media?parent=2503"}],"wp:term":[{"taxonomy":"category","embeddable":true,"href":"https:\/\/www.empresaqui.com.br\/blog\/wp-json\/wp\/v2\/categories?post=2503"},{"taxonomy":"post_tag","embeddable":true,"href":"https:\/\/www.empresaqui.com.br\/blog\/wp-json\/wp\/v2\/tags?post=2503"}],"curies":[{"name":"wp","href":"https:\/\/api.w.org\/{rel}","templated":true}]}}