{"id":2302,"date":"2024-08-22T17:09:03","date_gmt":"2024-08-22T20:09:03","guid":{"rendered":"https:\/\/www.empresaqui.com.br\/blog\/?p=2302"},"modified":"2024-08-22T17:09:04","modified_gmt":"2024-08-22T20:09:04","slug":"publicidade-na-advocacia","status":"publish","type":"post","link":"https:\/\/www.empresaqui.com.br\/blog\/publicidade-na-advocacia\/","title":{"rendered":"Compreenda as normas e os limites \u00e9ticos da Publicidade na Advocacia!"},"content":{"rendered":"\n<p>A publicidade na advocacia \u00e9 um tema crucial que abrange as pr\u00e1ticas e diretrizes estabelecidas para a divulga\u00e7\u00e3o dos servi\u00e7os jur\u00eddicos dos advogados.&nbsp;<\/p>\n\n\n\n<p>Nesse vi\u00e9s, considerando o car\u00e1ter especializado e \u00e9tico da profiss\u00e3o, a publicidade na advocacia deve ser conduzida com responsabilidade, <strong>respeitando normas que garantam a integridade da pr\u00e1tica jur\u00eddica<\/strong>.&nbsp;<\/p>\n\n\n\n<p>Dessa forma, nos pr\u00f3ximos t\u00f3picos, exploraremos como a publicidade na advocacia deve ser conduzida, a fim de garantir o cumprimento das diretrizes impostas pela OAB.&nbsp;<\/p>\n\n\n\n<div id=\"ez-toc-container\" class=\"ez-toc-v2_0_81 ez-toc-wrap-left counter-hierarchy ez-toc-counter ez-toc-custom ez-toc-container-direction\">\n<div class=\"ez-toc-title-container\">\n<p class=\"ez-toc-title\" style=\"cursor:inherit\">Neste artigo voc\u00ea vai ver:<\/p>\n<span class=\"ez-toc-title-toggle\"><a href=\"#\" class=\"ez-toc-pull-right ez-toc-btn ez-toc-btn-xs ez-toc-btn-default ez-toc-toggle\" aria-label=\"Alternar tabela de conte\u00fado\"><span class=\"ez-toc-js-icon-con\"><span class=\"\"><span class=\"eztoc-hide\" style=\"display:none;\">Toggle<\/span><span class=\"ez-toc-icon-toggle-span\"><svg style=\"fill: #0066bf;color:#0066bf\" xmlns=\"http:\/\/www.w3.org\/2000\/svg\" class=\"list-377408\" width=\"20px\" height=\"20px\" viewBox=\"0 0 24 24\" fill=\"none\"><path d=\"M6 6H4v2h2V6zm14 0H8v2h12V6zM4 11h2v2H4v-2zm16 0H8v2h12v-2zM4 16h2v2H4v-2zm16 0H8v2h12v-2z\" fill=\"currentColor\"><\/path><\/svg><svg style=\"fill: #0066bf;color:#0066bf\" class=\"arrow-unsorted-368013\" xmlns=\"http:\/\/www.w3.org\/2000\/svg\" width=\"10px\" height=\"10px\" viewBox=\"0 0 24 24\" version=\"1.2\" baseProfile=\"tiny\"><path d=\"M18.2 9.3l-6.2-6.3-6.2 6.3c-.2.2-.3.4-.3.7s.1.5.3.7c.2.2.4.3.7.3h11c.3 0 .5-.1.7-.3.2-.2.3-.5.3-.7s-.1-.5-.3-.7zM5.8 14.7l6.2 6.3 6.2-6.3c.2-.2.3-.5.3-.7s-.1-.5-.3-.7c-.2-.2-.4-.3-.7-.3h-11c-.3 0-.5.1-.7.3-.2.2-.3.5-.3.7s.1.5.3.7z\"\/><\/svg><\/span><\/span><\/span><\/a><\/span><\/div>\n<nav><ul class='ez-toc-list ez-toc-list-level-1 ' ><li class='ez-toc-page-1 ez-toc-heading-level-2'><a class=\"ez-toc-link ez-toc-heading-1\" href=\"https:\/\/www.empresaqui.com.br\/blog\/publicidade-na-advocacia\/#O_que_e_Publicidade_na_Advocacia\" >O que \u00e9 Publicidade na Advocacia?<\/a><\/li><li class='ez-toc-page-1 ez-toc-heading-level-2'><a class=\"ez-toc-link ez-toc-heading-2\" href=\"https:\/\/www.empresaqui.com.br\/blog\/publicidade-na-advocacia\/#Como_a_Publicidade_na_Advocacia_deve_ser_realizada\" >Como a Publicidade na Advocacia deve ser realizada?&nbsp;<\/a><\/li><li class='ez-toc-page-1 ez-toc-heading-level-2'><a class=\"ez-toc-link ez-toc-heading-3\" href=\"https:\/\/www.empresaqui.com.br\/blog\/publicidade-na-advocacia\/#Quais_as_limitacoes_da_Publicidade_na_Advocacia\" >Quais as limita\u00e7\u00f5es da Publicidade na Advocacia?<\/a><\/li><li class='ez-toc-page-1 ez-toc-heading-level-2'><a class=\"ez-toc-link ez-toc-heading-4\" href=\"https:\/\/www.empresaqui.com.br\/blog\/publicidade-na-advocacia\/#Quais_as_principais_atividade_publicitarias_vetadas\" >Quais as principais atividade publicit\u00e1rias vetadas?<\/a><\/li><li class='ez-toc-page-1 ez-toc-heading-level-2'><a class=\"ez-toc-link ez-toc-heading-5\" href=\"https:\/\/www.empresaqui.com.br\/blog\/publicidade-na-advocacia\/#Como_deve_ser_a_Publicidade_do_Advogado\" >Como deve ser a Publicidade do Advogado?<\/a><\/li><li class='ez-toc-page-1 ez-toc-heading-level-2'><a class=\"ez-toc-link ez-toc-heading-6\" href=\"https:\/\/www.empresaqui.com.br\/blog\/publicidade-na-advocacia\/#Gere_listas_de_empresas_personalizadas\" >Gere listas de empresas personalizadas!<\/a><\/li><\/ul><\/nav><\/div>\n<h2 class=\"wp-block-heading\"><span class=\"ez-toc-section\" id=\"O_que_e_Publicidade_na_Advocacia\"><\/span><strong>O que \u00e9 Publicidade na Advocacia?<\/strong><span class=\"ez-toc-section-end\"><\/span><\/h2>\n\n\n\n<p>A publicidade na advocacia refere-se ao processo de <strong>divulga\u00e7\u00e3o dos servi\u00e7os oferecidos por advogados e escrit\u00f3rios de advocacia<\/strong>, com base em normas e princ\u00edpios \u00e9ticos estabelecidos pela Ordem dos Advogados do Brasil (OAB).&nbsp;<\/p>\n\n\n\n<p>Nesse sentido, diferentemente de outras profiss\u00f5es,<strong> o C\u00f3digo de \u00c9tica e Disciplina da OAB impede a promo\u00e7\u00e3o de campanhas mercantilistas e sensacionalistas<\/strong>, haja vista que o prop\u00f3sito da publicidade deve ser informativo.&nbsp;<\/p>\n\n\n\n<p>Dessa forma, ao estruturar uma campanha publicit\u00e1ria, os profissionais da advocacia devem respeitar as regras impostas pela OAB, com o objetivo de zelar pela \u00e9tica, justi\u00e7a e compromisso com os <a href=\"https:\/\/www.empresaqui.com.br\/blog\/lista-de-clientes-para-advogados\/\" target=\"_blank\" rel=\"noreferrer noopener\"><strong>clientes em potencial<\/strong><\/a>.\u00a0<\/p>\n\n\n\n<h2 class=\"wp-block-heading\"><span class=\"ez-toc-section\" id=\"Como_a_Publicidade_na_Advocacia_deve_ser_realizada\"><\/span><strong>Como a Publicidade na Advocacia deve ser realizada?&nbsp;<\/strong><span class=\"ez-toc-section-end\"><\/span><\/h2>\n\n\n\n<p>A publicidade profissional do advogado deve ser realizada com seriedade, descri\u00e7\u00e3o e estrito respeito \u00e0s normas \u00e9ticas estabelecidas pela OAB.&nbsp;<\/p>\n\n\n\n<p>Nesse contexto, tais normas visam assegurar a \u00e9tica, a clareza e a integridade da profiss\u00e3o durante a <a href=\"https:\/\/www.empresaqui.com.br\/blog\/prospeccaoo-de-clientes-na-advocacia\/\" target=\"_blank\" rel=\"noreferrer noopener\"><strong>prospec\u00e7\u00e3o de clientes<\/strong><\/a>. Sendo assim, confira alguns aspectos que devem ser seguidos:\u00a0\u00a0<\/p>\n\n\n\n<ul class=\"wp-block-list\">\n<li><strong>Proibi\u00e7\u00e3o da capta\u00e7\u00e3o inadequada de clientes: <\/strong>a utiliza\u00e7\u00e3o de abordagens persistentes e o fornecimento de recompensas para conseguir indica\u00e7\u00f5es de clientes s\u00e3o proibidas;<\/li>\n\n\n\n<li><strong>Cautela na divulga\u00e7\u00e3o pessoal:<\/strong> a publicidade no setor jur\u00eddico deve prezar pela dignidade profissional. Sendo assim, crucial evitar pr\u00e1ticas mercantilistas e sensacionalistas ou concentrar apenas na autopromo\u00e7\u00e3o;<\/li>\n\n\n\n<li><strong>Informa\u00e7\u00f5es transparentes e ver\u00eddicas: <\/strong>a divulga\u00e7\u00e3o dos servi\u00e7os deve ser objetiva e verdadeira, a fim de evitar promessas exageradas que possam gerar expectativas irreais na clientela;<\/li>\n\n\n\n<li><strong>Confidencialidade: <\/strong>as informa\u00e7\u00f5es pessoais dos clientes devem ser mantidas sob sigilo. Assim, os dados n\u00e3o devem ser divulgados sem a devida autoriza\u00e7\u00e3o dos clientes;<\/li>\n\n\n\n<li><strong>Identifica\u00e7\u00e3o correta: <\/strong>a publicidade deve conter as informa\u00e7\u00f5es profissionais do advogado, como nome, n\u00famero de inscri\u00e7\u00e3o na OAB e localiza\u00e7\u00e3o.&nbsp;<\/li>\n<\/ul>\n\n\n\n<h2 class=\"wp-block-heading\"><span class=\"ez-toc-section\" id=\"Quais_as_limitacoes_da_Publicidade_na_Advocacia\"><\/span><strong>Quais as limita\u00e7\u00f5es da Publicidade na Advocacia?<\/strong><span class=\"ez-toc-section-end\"><\/span><\/h2>\n\n\n\n<p>Como mencionado anteriormente, o C\u00f3digo de \u00c9tica e Disciplina define as diretrizes e comportamentos que os advogados devem adotar em seu of\u00edcio, abrangendo as restri\u00e7\u00f5es relacionadas \u00e0 <a href=\"https:\/\/www.empresaqui.com.br\/blog\/captacao-de-clientes-advocacia\/\" target=\"_blank\" rel=\"noreferrer noopener\"><strong>capta\u00e7\u00e3o de clientes<\/strong><\/a>.\u00a0<\/p>\n\n\n\n<p>Dessa forma, confira, logo abaixo, algumas infra\u00e7\u00f5es que violam o C\u00f3digo de \u00c9tica e Disciplina:&nbsp;<\/p>\n\n\n\n<h3 class=\"wp-block-heading\"><strong>1. Exerc\u00edcio incompat\u00edvel da advocacia<\/strong><\/h3>\n\n\n\n<p>A OAB preconiza que os advogados n\u00e3o podem exercer de maneira simult\u00e2nea cargos ou atividades que comprometam sua independ\u00eancia profissional.&nbsp;<\/p>\n\n\n\n<p>Adicionalmente, tamb\u00e9m \u00e9 vetada a promo\u00e7\u00e3o de atividades que colocam em evid\u00eancia o interesse pessoal do advogado ou escrit\u00f3rio de advocacia, a fim de <strong>evitar conflitos de interesse<\/strong>.&nbsp;<\/p>\n\n\n\n<p>Dessa maneira, um advogado n\u00e3o \u00e9 autorizado a promover um caso de seu interesse, haja vista que essa propaganda pode comprometer sua <strong>imparcialidade e independ\u00eancia<\/strong>.&nbsp;<\/p>\n\n\n\n<h3 class=\"wp-block-heading\"><strong>2. Neglig\u00eancia ou comportamento inadequado na profiss\u00e3o&nbsp;<\/strong><\/h3>\n\n\n\n<p>A neglig\u00eancia e a promo\u00e7\u00e3o de propagandas enganosas e irreais configuram uma conduta incompat\u00edvel com os princ\u00edpios da advocacia, violando com isso as diretrizes impostas no C\u00f3digo de \u00c9tica da OAB.&nbsp;<\/p>\n\n\n\n<p>Sendo assim, <strong>o advogado deve agir com responsabilidade e honestidade<\/strong>, atendendo adequadamente aos interesses de seus clientes e cumprindo as regras estabelecidas para a publicidade jur\u00eddica.&nbsp;<\/p>\n\n\n\n<h3 class=\"wp-block-heading\"><strong>3. Desrespeito ao Poder Judici\u00e1rio e \u00e0s autoridades<\/strong><\/h3>\n\n\n\n<p>Os advogados devem manter um comportamento respeitoso em rela\u00e7\u00e3o ao Poder Judici\u00e1rio, ao Minist\u00e9rio P\u00fablico e demais autoridades com as quais interagem no exerc\u00edcio de sua profiss\u00e3o.&nbsp;<\/p>\n\n\n\n<p>Nesse sentido, um advogado <strong>n\u00e3o deve veicular publicidade desrespeitosa ou ofensiva sobre seus superiores<\/strong>, haja vista que \u00e9 uma postura que, al\u00e9m de comprometer sua reputa\u00e7\u00e3o, fere a integridade da profiss\u00e3o.&nbsp;<\/p>\n\n\n\n<h2 class=\"wp-block-heading\"><span class=\"ez-toc-section\" id=\"Quais_as_principais_atividade_publicitarias_vetadas\"><\/span><strong>Quais as principais atividade publicit\u00e1rias vetadas?<\/strong><span class=\"ez-toc-section-end\"><\/span><\/h2>\n\n\n\n<p>As principais atividades publicit\u00e1rias vetadas para advogados, conforme o <strong>art. 4\u00ba do vigente<\/strong> <strong>Provimento n. 94\/2000<\/strong>, s\u00e3o:&nbsp;<\/p>\n\n\n\n<ul class=\"wp-block-list\">\n<li>Refer\u00eancia a clientes ou quest\u00f5es profissionais e demandas sob representa\u00e7\u00e3o do advogado;<\/li>\n\n\n\n<li>Cita\u00e7\u00e3o de qualquer posi\u00e7\u00e3o, fun\u00e7\u00e3o p\u00fablica ou v\u00ednculo empregat\u00edcio e de patroc\u00ednio previamente ocupado;<\/li>\n\n\n\n<li>Uso de frases ou express\u00f5es persuasivas, comparativas ou de exalta\u00e7\u00e3o pr\u00f3pria;<\/li>\n\n\n\n<li>Divulga\u00e7\u00e3o dos pre\u00e7os dos servi\u00e7os, sua gratuidade ou m\u00e9todos de pagamento;<\/li>\n\n\n\n<li>Proposta de servi\u00e7os vinculados a casos espec\u00edficos e qualquer solicita\u00e7\u00e3o para a reivindica\u00e7\u00e3o de interesses nas esferas jur\u00eddicas ou administrativas;<\/li>\n\n\n\n<li>Comercializa\u00e7\u00e3o da pr\u00e1tica da advocacia junto com outras atividades;<\/li>\n\n\n\n<li>Detalhes sobre a extens\u00e3o, qualidade ou organiza\u00e7\u00e3o do escrit\u00f3rio;<\/li>\n\n\n\n<li>Informa\u00e7\u00f5es falsas ou enganosas, garantia de resultados ou est\u00edmulo de resultados com isen\u00e7\u00e3o de pagamentos de honor\u00e1rios;<\/li>\n\n\n\n<li>Refer\u00eancia a t\u00edtulos acad\u00eamicos n\u00e3o reconhecidos;<\/li>\n\n\n\n<li>Utiliza\u00e7\u00e3o de fotos, ilustra\u00e7\u00f5es, marcas ou s\u00edmbolos que n\u00e3o condizem com a seriedade da profiss\u00e3o;<\/li>\n\n\n\n<li>Uso de recursos promocionais caracter\u00edsticos de atividades comerciais.&nbsp;<\/li>\n<\/ul>\n\n\n\n<h2 class=\"wp-block-heading\"><span class=\"ez-toc-section\" id=\"Como_deve_ser_a_Publicidade_do_Advogado\"><\/span><strong>Como deve ser a Publicidade do Advogado?<\/strong><span class=\"ez-toc-section-end\"><\/span><\/h2>\n\n\n\n<p>A publicidade do advogado deve ser conduzida com seriedade, respeito e conformidade com as normas \u00e9ticas pautadas pela OAB. Nesse sentido, confira, logo em seguida, como as campanhas devem ser estruturadas:&nbsp;<\/p>\n\n\n\n<h3 class=\"wp-block-heading\"><strong>1. Informa\u00e7\u00f5es verdadeiras e objetivas<\/strong><\/h3>\n\n\n\n<p>As plataformas digitais representam um recurso que pode ser empregado pelos advogados para promover <strong>informa\u00e7\u00f5es verdadeiras, relevantes e concisas<\/strong> sobre suas compet\u00eancias e \u00e1rea de atua\u00e7\u00e3o.&nbsp;<\/p>\n\n\n\n<h3 class=\"wp-block-heading\"><strong>2. Conte\u00fados informativos e educativos&nbsp;<\/strong><\/h3>\n\n\n\n<p>Os profissionais do ramo da advocacia podem <strong>utilizar as redes sociais para divulgar conte\u00fados informativos e educativos sobre temas jur\u00eddicos<\/strong>, a fim de ajudar o p\u00fablico a compreender seus direitos e deveres.&nbsp;<\/p>\n\n\n\n<p>Sendo assim, o compartilhamento de informa\u00e7\u00f5es deve seguir os limites \u00e9ticos impostos pelo C\u00f3digo de \u00c9tica e Disciplina da OAB.&nbsp;<\/p>\n\n\n\n<h3 class=\"wp-block-heading\"><strong>3. Instru\u00e7\u00f5es e dicas jur\u00eddicas&nbsp;<\/strong><\/h3>\n\n\n\n<p>As redes sociais representam um \u00f3timo recurso para o compartilhamento de orienta\u00e7\u00f5es pelos advogados.&nbsp;<\/p>\n\n\n\n<p>Essas instru\u00e7\u00f5es auxiliam os usu\u00e1rios na compreens\u00e3o dos seus direitos e medidas legais que podem ser adotadas em determinadas situa\u00e7\u00f5es.&nbsp;<\/p>\n\n\n\n<h3 class=\"wp-block-heading\"><strong>4. Publica\u00e7\u00e3o de artigos jur\u00eddicos&nbsp;<\/strong><\/h3>\n\n\n\n<p>Os advogados podem apresentar informa\u00e7\u00f5es pertinentes sobre t\u00f3picos legais,&nbsp; an\u00e1lises de casos relevantes ou explica\u00e7\u00f5es sobre mudan\u00e7as nas leis e jurisprud\u00eancia.&nbsp;<\/p>\n\n\n\n<h3 class=\"wp-block-heading\"><strong>5. Transmiss\u00e3o de lives e webinars<\/strong><\/h3>\n\n\n\n<p>Por fim, outra possibilidade para os advogados nas redes sociais \u00e9 a <strong>realiza\u00e7\u00e3o de transmiss\u00f5es ao vivo e webinars<\/strong>, a fim de discutir assuntos jur\u00eddicos, responder d\u00favidas do p\u00fablico e promover debates construtivos.<\/p>\n\n\n\n<div class=\"banner\">\n            <h2><span class=\"ez-toc-section\" id=\"Gere_listas_de_empresas_personalizadas\"><\/span>Gere listas de empresas personalizadas!<span class=\"ez-toc-section-end\"><\/span><\/h2>\n            <p>Cadastre-se gr\u00e1tis agora mesmo<\/p>\n            <div class=\"bottom-banner\">\n                <img decoding=\"async\" src=\"https:\/\/www.empresaqui.com.br\/blog\/wp-content\/uploads\/2021\/11\/AdminLTELogo.png\" alt=\"Seu Logotipo\" class=\"logo\">\n                <a href=\"https:\/\/www.empresaqui.com.br\/plano-gratuito?utm_source=blog&amp;utm_medium=banner&amp;utm_campaign=CTA-GRATUITO-HTML\" class=\"cta-button-banner\">Teste aqui agora<\/a>\n            <\/div>\n        <\/div>\n        <style>\n            .bottom-banner{\n                display: flex;\n                justify-content: center;\n                align-items: center;\n            }\n            .bottom-banner img{\n                width: 3rem !important;\n                height: 3rem !important;\n                margin-right: 1rem;\n            }\n            .banner h2{\n                font-family: Arial, sans-serif;\n                color: #fff !important;\n            }\n            .banner p{\n                font-family: Arial, sans-serif;\n            }\n            .banner {\n                background:#001E40;\n                color: #FFFFFF;\n                text-align: center;\n                padding: 20px;\n            }\n            .cta-button-banner {\n                display: inline-block;\n                background-color: #0CFFFB;\n                color: #000;\n                border: none;\n                padding: 1px 15px;\n                font-size: 14px;\n                font-family: sans-serif;\n                font-weight: 700;\n                border-radius: 21px;\n                cursor: pointer;\n                transition: background-color 0.3s ease;\n                text-decoration: none;\n            }\n            @media (max-width: 767px) {\n                .banner h2{\n                    font-size:20px;\n                }\n                .cta-button-banner {\n                    padding: 1px 15px;\n                    font-size: 12px;\n                }\n            }\n        <\/style>\n","protected":false},"excerpt":{"rendered":"<p>A publicidade na advocacia \u00e9 um tema crucial que abrange as pr\u00e1ticas e diretrizes estabelecidas para a divulga\u00e7\u00e3o dos servi\u00e7os [&hellip;]<\/p>\n","protected":false},"author":8,"featured_media":0,"comment_status":"closed","ping_status":"closed","sticky":false,"template":"","format":"standard","meta":{"_acf_changed":false,"_uag_custom_page_level_css":"","site-sidebar-layout":"default","site-content-layout":"","ast-site-content-layout":"default","site-content-style":"default","site-sidebar-style":"default","ast-global-header-display":"","ast-banner-title-visibility":"","ast-main-header-display":"","ast-hfb-above-header-display":"","ast-hfb-below-header-display":"","ast-hfb-mobile-header-display":"","site-post-title":"","ast-breadcrumbs-content":"","ast-featured-img":"","footer-sml-layout":"","theme-transparent-header-meta":"","adv-header-id-meta":"","stick-header-meta":"","header-above-stick-meta":"","header-main-stick-meta":"","header-below-stick-meta":"","astra-migrate-meta-layouts":"default","ast-page-background-enabled":"default","ast-page-background-meta":{"desktop":{"background-color":"var(--ast-global-color-4)","background-image":"","background-repeat":"repeat","background-position":"center center","background-size":"auto","background-attachment":"scroll","background-type":"","background-media":"","overlay-type":"","overlay-color":"","overlay-opacity":"","overlay-gradient":""},"tablet":{"background-color":"","background-image":"","background-repeat":"repeat","background-position":"center center","background-size":"auto","background-attachment":"scroll","background-type":"","background-media":"","overlay-type":"","overlay-color":"","overlay-opacity":"","overlay-gradient":""},"mobile":{"background-color":"","background-image":"","background-repeat":"repeat","background-position":"center center","background-size":"auto","background-attachment":"scroll","background-type":"","background-media":"","overlay-type":"","overlay-color":"","overlay-opacity":"","overlay-gradient":""}},"ast-content-background-meta":{"desktop":{"background-color":"var(--ast-global-color-5)","background-image":"","background-repeat":"repeat","background-position":"center center","background-size":"auto","background-attachment":"scroll","background-type":"","background-media":"","overlay-type":"","overlay-color":"","overlay-opacity":"","overlay-gradient":""},"tablet":{"background-color":"var(--ast-global-color-5)","background-image":"","background-repeat":"repeat","background-position":"center center","background-size":"auto","background-attachment":"scroll","background-type":"","background-media":"","overlay-type":"","overlay-color":"","overlay-opacity":"","overlay-gradient":""},"mobile":{"background-color":"var(--ast-global-color-5)","background-image":"","background-repeat":"repeat","background-position":"center center","background-size":"auto","background-attachment":"scroll","background-type":"","background-media":"","overlay-type":"","overlay-color":"","overlay-opacity":"","overlay-gradient":""}},"footnotes":""},"categories":[33],"tags":[],"class_list":["post-2302","post","type-post","status-publish","format-standard","hentry","category-prospeccao-vendas"],"acf":[],"yoast_head":"<!-- This site is optimized with the Yoast SEO plugin v27.4 - https:\/\/yoast.com\/product\/yoast-seo-wordpress\/ -->\n<title>Publicidade na Advocacia: entenda suas normas e limita\u00e7\u00f5es<\/title>\n<meta name=\"description\" content=\"Descubra como conduzir a Publicidade na Advocacia de maneira \u00e9tica e respons\u00e1vel, garantindo a promo\u00e7\u00e3o de servi\u00e7os que respeite as normas da profiss\u00e3o.\" \/>\n<meta name=\"robots\" content=\"index, follow, max-snippet:-1, max-image-preview:large, max-video-preview:-1\" \/>\n<link rel=\"canonical\" href=\"https:\/\/www.empresaqui.com.br\/blog\/publicidade-na-advocacia\/\" \/>\n<meta property=\"og:locale\" content=\"pt_BR\" \/>\n<meta property=\"og:type\" content=\"article\" \/>\n<meta property=\"og:title\" content=\"Publicidade na Advocacia: entenda suas normas e limita\u00e7\u00f5es\" \/>\n<meta property=\"og:description\" content=\"Descubra como conduzir a Publicidade na Advocacia de maneira \u00e9tica e respons\u00e1vel, garantindo a promo\u00e7\u00e3o de servi\u00e7os que respeite as normas da profiss\u00e3o.\" \/>\n<meta property=\"og:url\" content=\"https:\/\/www.empresaqui.com.br\/blog\/publicidade-na-advocacia\/\" \/>\n<meta property=\"og:site_name\" content=\"Blog EmpresAqui\" \/>\n<meta property=\"article:publisher\" content=\"https:\/\/www.facebook.com\/empresaquibr\" \/>\n<meta property=\"article:published_time\" content=\"2024-08-22T20:09:03+00:00\" \/>\n<meta property=\"article:modified_time\" content=\"2024-08-22T20:09:04+00:00\" \/>\n<meta property=\"og:image\" content=\"https:\/\/www.empresaqui.com.br\/blog\/wp-content\/uploads\/2021\/11\/AdminLTELogo.png\" \/>\n<meta name=\"author\" content=\"Danillo Rocha\" \/>\n<meta name=\"twitter:card\" content=\"summary_large_image\" \/>\n<meta name=\"twitter:label1\" content=\"Escrito por\" \/>\n\t<meta name=\"twitter:data1\" content=\"Danillo Rocha\" \/>\n\t<meta name=\"twitter:label2\" content=\"Est. tempo de leitura\" \/>\n\t<meta name=\"twitter:data2\" content=\"7 minutos\" \/>\n<script type=\"application\/ld+json\" class=\"yoast-schema-graph\">{\"@context\":\"https:\\\/\\\/schema.org\",\"@graph\":[{\"@type\":\"Article\",\"@id\":\"https:\\\/\\\/www.empresaqui.com.br\\\/blog\\\/publicidade-na-advocacia\\\/#article\",\"isPartOf\":{\"@id\":\"https:\\\/\\\/www.empresaqui.com.br\\\/blog\\\/publicidade-na-advocacia\\\/\"},\"author\":{\"name\":\"Danillo Rocha\",\"@id\":\"https:\\\/\\\/www.empresaqui.com.br\\\/blog\\\/#\\\/schema\\\/person\\\/be165d2b8065bfa20b88787a07cf9e96\"},\"headline\":\"Compreenda as normas e os limites \u00e9ticos da Publicidade na Advocacia!\",\"datePublished\":\"2024-08-22T20:09:03+00:00\",\"dateModified\":\"2024-08-22T20:09:04+00:00\",\"mainEntityOfPage\":{\"@id\":\"https:\\\/\\\/www.empresaqui.com.br\\\/blog\\\/publicidade-na-advocacia\\\/\"},\"wordCount\":1196,\"publisher\":{\"@id\":\"https:\\\/\\\/www.empresaqui.com.br\\\/blog\\\/#organization\"},\"image\":{\"@id\":\"https:\\\/\\\/www.empresaqui.com.br\\\/blog\\\/publicidade-na-advocacia\\\/#primaryimage\"},\"thumbnailUrl\":\"https:\\\/\\\/www.empresaqui.com.br\\\/blog\\\/wp-content\\\/uploads\\\/2021\\\/11\\\/AdminLTELogo.png\",\"articleSection\":[\"Dicas de Vendas\"],\"inLanguage\":\"pt-BR\"},{\"@type\":\"WebPage\",\"@id\":\"https:\\\/\\\/www.empresaqui.com.br\\\/blog\\\/publicidade-na-advocacia\\\/\",\"url\":\"https:\\\/\\\/www.empresaqui.com.br\\\/blog\\\/publicidade-na-advocacia\\\/\",\"name\":\"Publicidade na Advocacia: entenda suas normas e limita\u00e7\u00f5es\",\"isPartOf\":{\"@id\":\"https:\\\/\\\/www.empresaqui.com.br\\\/blog\\\/#website\"},\"primaryImageOfPage\":{\"@id\":\"https:\\\/\\\/www.empresaqui.com.br\\\/blog\\\/publicidade-na-advocacia\\\/#primaryimage\"},\"image\":{\"@id\":\"https:\\\/\\\/www.empresaqui.com.br\\\/blog\\\/publicidade-na-advocacia\\\/#primaryimage\"},\"thumbnailUrl\":\"https:\\\/\\\/www.empresaqui.com.br\\\/blog\\\/wp-content\\\/uploads\\\/2021\\\/11\\\/AdminLTELogo.png\",\"datePublished\":\"2024-08-22T20:09:03+00:00\",\"dateModified\":\"2024-08-22T20:09:04+00:00\",\"description\":\"Descubra como conduzir a Publicidade na Advocacia de maneira \u00e9tica e respons\u00e1vel, garantindo a promo\u00e7\u00e3o de servi\u00e7os que respeite as normas da profiss\u00e3o.\",\"breadcrumb\":{\"@id\":\"https:\\\/\\\/www.empresaqui.com.br\\\/blog\\\/publicidade-na-advocacia\\\/#breadcrumb\"},\"inLanguage\":\"pt-BR\",\"potentialAction\":[{\"@type\":\"ReadAction\",\"target\":[\"https:\\\/\\\/www.empresaqui.com.br\\\/blog\\\/publicidade-na-advocacia\\\/\"]}]},{\"@type\":\"ImageObject\",\"inLanguage\":\"pt-BR\",\"@id\":\"https:\\\/\\\/www.empresaqui.com.br\\\/blog\\\/publicidade-na-advocacia\\\/#primaryimage\",\"url\":\"https:\\\/\\\/www.empresaqui.com.br\\\/blog\\\/wp-content\\\/uploads\\\/2021\\\/11\\\/AdminLTELogo.png\",\"contentUrl\":\"https:\\\/\\\/www.empresaqui.com.br\\\/blog\\\/wp-content\\\/uploads\\\/2021\\\/11\\\/AdminLTELogo.png\",\"width\":100,\"height\":100,\"caption\":\"logo\"},{\"@type\":\"BreadcrumbList\",\"@id\":\"https:\\\/\\\/www.empresaqui.com.br\\\/blog\\\/publicidade-na-advocacia\\\/#breadcrumb\",\"itemListElement\":[{\"@type\":\"ListItem\",\"position\":1,\"name\":\"In\u00edcio\",\"item\":\"https:\\\/\\\/www.empresaqui.com.br\\\/blog\\\/\"},{\"@type\":\"ListItem\",\"position\":2,\"name\":\"Dicas de Vendas\",\"item\":\"https:\\\/\\\/www.empresaqui.com.br\\\/blog\\\/category\\\/prospeccao-vendas\\\/\"},{\"@type\":\"ListItem\",\"position\":3,\"name\":\"Compreenda as normas e os limites \u00e9ticos da Publicidade na Advocacia!\"}]},{\"@type\":\"WebSite\",\"@id\":\"https:\\\/\\\/www.empresaqui.com.br\\\/blog\\\/#website\",\"url\":\"https:\\\/\\\/www.empresaqui.com.br\\\/blog\\\/\",\"name\":\"Blog EmpresAqui\",\"description\":\"\",\"publisher\":{\"@id\":\"https:\\\/\\\/www.empresaqui.com.br\\\/blog\\\/#organization\"},\"potentialAction\":[{\"@type\":\"SearchAction\",\"target\":{\"@type\":\"EntryPoint\",\"urlTemplate\":\"https:\\\/\\\/www.empresaqui.com.br\\\/blog\\\/?s={search_term_string}\"},\"query-input\":{\"@type\":\"PropertyValueSpecification\",\"valueRequired\":true,\"valueName\":\"search_term_string\"}}],\"inLanguage\":\"pt-BR\"},{\"@type\":\"Organization\",\"@id\":\"https:\\\/\\\/www.empresaqui.com.br\\\/blog\\\/#organization\",\"name\":\"EmpresAqui\",\"url\":\"https:\\\/\\\/www.empresaqui.com.br\\\/blog\\\/\",\"logo\":{\"@type\":\"ImageObject\",\"inLanguage\":\"pt-BR\",\"@id\":\"https:\\\/\\\/www.empresaqui.com.br\\\/blog\\\/#\\\/schema\\\/logo\\\/image\\\/\",\"url\":\"https:\\\/\\\/www.empresaqui.com.br\\\/blog\\\/wp-content\\\/uploads\\\/2023\\\/02\\\/cropped-cropped-AdminLTELogo-2-1-1.png\",\"contentUrl\":\"https:\\\/\\\/www.empresaqui.com.br\\\/blog\\\/wp-content\\\/uploads\\\/2023\\\/02\\\/cropped-cropped-AdminLTELogo-2-1-1.png\",\"width\":100,\"height\":100,\"caption\":\"EmpresAqui\"},\"image\":{\"@id\":\"https:\\\/\\\/www.empresaqui.com.br\\\/blog\\\/#\\\/schema\\\/logo\\\/image\\\/\"},\"sameAs\":[\"https:\\\/\\\/www.facebook.com\\\/empresaquibr\",\"https:\\\/\\\/www.instagram.com\\\/empresaqui\"]},{\"@type\":\"Person\",\"@id\":\"https:\\\/\\\/www.empresaqui.com.br\\\/blog\\\/#\\\/schema\\\/person\\\/be165d2b8065bfa20b88787a07cf9e96\",\"name\":\"Danillo Rocha\",\"image\":{\"@type\":\"ImageObject\",\"inLanguage\":\"pt-BR\",\"@id\":\"https:\\\/\\\/secure.gravatar.com\\\/avatar\\\/a440539fd479fe3447e5aeaa627ba644f1a101516334fa5a2b263c192ba710bc?s=96&d=mm&r=g\",\"url\":\"https:\\\/\\\/secure.gravatar.com\\\/avatar\\\/a440539fd479fe3447e5aeaa627ba644f1a101516334fa5a2b263c192ba710bc?s=96&d=mm&r=g\",\"contentUrl\":\"https:\\\/\\\/secure.gravatar.com\\\/avatar\\\/a440539fd479fe3447e5aeaa627ba644f1a101516334fa5a2b263c192ba710bc?s=96&d=mm&r=g\",\"caption\":\"Danillo Rocha\"},\"description\":\"Danillo Rocha \u00e9 CEO e fundador do EmpresAqui, plataforma de intelig\u00eancia de mercado e gera\u00e7\u00e3o de leads B2B com mais de 300 mil usu\u00e1rios. Formado em Ci\u00eancia da Computa\u00e7\u00e3o, com especializa\u00e7\u00e3o em Softwares e Dados e Per\u00edcia Financeira, \u00e9 empreendedor em tecnologia e neg\u00f3cios B2B.\",\"sameAs\":[\"https:\\\/\\\/www.empresaqui.com.br\\\/\",\"https:\\\/\\\/www.instagram.com\\\/danillorocha10\",\"https:\\\/\\\/www.instagram.com\\\/danillorocha\"],\"url\":\"https:\\\/\\\/www.empresaqui.com.br\\\/blog\\\/author\\\/danillo-rocha\\\/\"}]}<\/script>\n<!-- \/ Yoast SEO plugin. -->","yoast_head_json":{"title":"Publicidade na Advocacia: entenda suas normas e limita\u00e7\u00f5es","description":"Descubra como conduzir a Publicidade na Advocacia de maneira \u00e9tica e respons\u00e1vel, garantindo a promo\u00e7\u00e3o de servi\u00e7os que respeite as normas da profiss\u00e3o.","robots":{"index":"index","follow":"follow","max-snippet":"max-snippet:-1","max-image-preview":"max-image-preview:large","max-video-preview":"max-video-preview:-1"},"canonical":"https:\/\/www.empresaqui.com.br\/blog\/publicidade-na-advocacia\/","og_locale":"pt_BR","og_type":"article","og_title":"Publicidade na Advocacia: entenda suas normas e limita\u00e7\u00f5es","og_description":"Descubra como conduzir a Publicidade na Advocacia de maneira \u00e9tica e respons\u00e1vel, garantindo a promo\u00e7\u00e3o de servi\u00e7os que respeite as normas da profiss\u00e3o.","og_url":"https:\/\/www.empresaqui.com.br\/blog\/publicidade-na-advocacia\/","og_site_name":"Blog EmpresAqui","article_publisher":"https:\/\/www.facebook.com\/empresaquibr","article_published_time":"2024-08-22T20:09:03+00:00","article_modified_time":"2024-08-22T20:09:04+00:00","og_image":[{"url":"https:\/\/www.empresaqui.com.br\/blog\/wp-content\/uploads\/2021\/11\/AdminLTELogo.png","type":"","width":"","height":""}],"author":"Danillo Rocha","twitter_card":"summary_large_image","twitter_misc":{"Escrito por":"Danillo Rocha","Est. tempo de leitura":"7 minutos"},"schema":{"@context":"https:\/\/schema.org","@graph":[{"@type":"Article","@id":"https:\/\/www.empresaqui.com.br\/blog\/publicidade-na-advocacia\/#article","isPartOf":{"@id":"https:\/\/www.empresaqui.com.br\/blog\/publicidade-na-advocacia\/"},"author":{"name":"Danillo Rocha","@id":"https:\/\/www.empresaqui.com.br\/blog\/#\/schema\/person\/be165d2b8065bfa20b88787a07cf9e96"},"headline":"Compreenda as normas e os limites \u00e9ticos da Publicidade na Advocacia!","datePublished":"2024-08-22T20:09:03+00:00","dateModified":"2024-08-22T20:09:04+00:00","mainEntityOfPage":{"@id":"https:\/\/www.empresaqui.com.br\/blog\/publicidade-na-advocacia\/"},"wordCount":1196,"publisher":{"@id":"https:\/\/www.empresaqui.com.br\/blog\/#organization"},"image":{"@id":"https:\/\/www.empresaqui.com.br\/blog\/publicidade-na-advocacia\/#primaryimage"},"thumbnailUrl":"https:\/\/www.empresaqui.com.br\/blog\/wp-content\/uploads\/2021\/11\/AdminLTELogo.png","articleSection":["Dicas de Vendas"],"inLanguage":"pt-BR"},{"@type":"WebPage","@id":"https:\/\/www.empresaqui.com.br\/blog\/publicidade-na-advocacia\/","url":"https:\/\/www.empresaqui.com.br\/blog\/publicidade-na-advocacia\/","name":"Publicidade na Advocacia: entenda suas normas e limita\u00e7\u00f5es","isPartOf":{"@id":"https:\/\/www.empresaqui.com.br\/blog\/#website"},"primaryImageOfPage":{"@id":"https:\/\/www.empresaqui.com.br\/blog\/publicidade-na-advocacia\/#primaryimage"},"image":{"@id":"https:\/\/www.empresaqui.com.br\/blog\/publicidade-na-advocacia\/#primaryimage"},"thumbnailUrl":"https:\/\/www.empresaqui.com.br\/blog\/wp-content\/uploads\/2021\/11\/AdminLTELogo.png","datePublished":"2024-08-22T20:09:03+00:00","dateModified":"2024-08-22T20:09:04+00:00","description":"Descubra como conduzir a Publicidade na Advocacia de maneira \u00e9tica e respons\u00e1vel, garantindo a promo\u00e7\u00e3o de servi\u00e7os que respeite as normas da profiss\u00e3o.","breadcrumb":{"@id":"https:\/\/www.empresaqui.com.br\/blog\/publicidade-na-advocacia\/#breadcrumb"},"inLanguage":"pt-BR","potentialAction":[{"@type":"ReadAction","target":["https:\/\/www.empresaqui.com.br\/blog\/publicidade-na-advocacia\/"]}]},{"@type":"ImageObject","inLanguage":"pt-BR","@id":"https:\/\/www.empresaqui.com.br\/blog\/publicidade-na-advocacia\/#primaryimage","url":"https:\/\/www.empresaqui.com.br\/blog\/wp-content\/uploads\/2021\/11\/AdminLTELogo.png","contentUrl":"https:\/\/www.empresaqui.com.br\/blog\/wp-content\/uploads\/2021\/11\/AdminLTELogo.png","width":100,"height":100,"caption":"logo"},{"@type":"BreadcrumbList","@id":"https:\/\/www.empresaqui.com.br\/blog\/publicidade-na-advocacia\/#breadcrumb","itemListElement":[{"@type":"ListItem","position":1,"name":"In\u00edcio","item":"https:\/\/www.empresaqui.com.br\/blog\/"},{"@type":"ListItem","position":2,"name":"Dicas de Vendas","item":"https:\/\/www.empresaqui.com.br\/blog\/category\/prospeccao-vendas\/"},{"@type":"ListItem","position":3,"name":"Compreenda as normas e os limites \u00e9ticos da Publicidade na Advocacia!"}]},{"@type":"WebSite","@id":"https:\/\/www.empresaqui.com.br\/blog\/#website","url":"https:\/\/www.empresaqui.com.br\/blog\/","name":"Blog EmpresAqui","description":"","publisher":{"@id":"https:\/\/www.empresaqui.com.br\/blog\/#organization"},"potentialAction":[{"@type":"SearchAction","target":{"@type":"EntryPoint","urlTemplate":"https:\/\/www.empresaqui.com.br\/blog\/?s={search_term_string}"},"query-input":{"@type":"PropertyValueSpecification","valueRequired":true,"valueName":"search_term_string"}}],"inLanguage":"pt-BR"},{"@type":"Organization","@id":"https:\/\/www.empresaqui.com.br\/blog\/#organization","name":"EmpresAqui","url":"https:\/\/www.empresaqui.com.br\/blog\/","logo":{"@type":"ImageObject","inLanguage":"pt-BR","@id":"https:\/\/www.empresaqui.com.br\/blog\/#\/schema\/logo\/image\/","url":"https:\/\/www.empresaqui.com.br\/blog\/wp-content\/uploads\/2023\/02\/cropped-cropped-AdminLTELogo-2-1-1.png","contentUrl":"https:\/\/www.empresaqui.com.br\/blog\/wp-content\/uploads\/2023\/02\/cropped-cropped-AdminLTELogo-2-1-1.png","width":100,"height":100,"caption":"EmpresAqui"},"image":{"@id":"https:\/\/www.empresaqui.com.br\/blog\/#\/schema\/logo\/image\/"},"sameAs":["https:\/\/www.facebook.com\/empresaquibr","https:\/\/www.instagram.com\/empresaqui"]},{"@type":"Person","@id":"https:\/\/www.empresaqui.com.br\/blog\/#\/schema\/person\/be165d2b8065bfa20b88787a07cf9e96","name":"Danillo Rocha","image":{"@type":"ImageObject","inLanguage":"pt-BR","@id":"https:\/\/secure.gravatar.com\/avatar\/a440539fd479fe3447e5aeaa627ba644f1a101516334fa5a2b263c192ba710bc?s=96&d=mm&r=g","url":"https:\/\/secure.gravatar.com\/avatar\/a440539fd479fe3447e5aeaa627ba644f1a101516334fa5a2b263c192ba710bc?s=96&d=mm&r=g","contentUrl":"https:\/\/secure.gravatar.com\/avatar\/a440539fd479fe3447e5aeaa627ba644f1a101516334fa5a2b263c192ba710bc?s=96&d=mm&r=g","caption":"Danillo Rocha"},"description":"Danillo Rocha \u00e9 CEO e fundador do EmpresAqui, plataforma de intelig\u00eancia de mercado e gera\u00e7\u00e3o de leads B2B com mais de 300 mil usu\u00e1rios. Formado em Ci\u00eancia da Computa\u00e7\u00e3o, com especializa\u00e7\u00e3o em Softwares e Dados e Per\u00edcia Financeira, \u00e9 empreendedor em tecnologia e neg\u00f3cios B2B.","sameAs":["https:\/\/www.empresaqui.com.br\/","https:\/\/www.instagram.com\/danillorocha10","https:\/\/www.instagram.com\/danillorocha"],"url":"https:\/\/www.empresaqui.com.br\/blog\/author\/danillo-rocha\/"}]}},"uagb_featured_image_src":{"full":false,"thumbnail":false,"medium":false,"medium_large":false,"large":false,"1536x1536":false,"2048x2048":false},"uagb_author_info":{"display_name":"Danillo Rocha","author_link":"https:\/\/www.empresaqui.com.br\/blog\/author\/danillo-rocha\/"},"uagb_comment_info":0,"uagb_excerpt":"A publicidade na advocacia \u00e9 um tema crucial que abrange as pr\u00e1ticas e diretrizes estabelecidas para a divulga\u00e7\u00e3o dos servi\u00e7os [&hellip;]","_links":{"self":[{"href":"https:\/\/www.empresaqui.com.br\/blog\/wp-json\/wp\/v2\/posts\/2302","targetHints":{"allow":["GET"]}}],"collection":[{"href":"https:\/\/www.empresaqui.com.br\/blog\/wp-json\/wp\/v2\/posts"}],"about":[{"href":"https:\/\/www.empresaqui.com.br\/blog\/wp-json\/wp\/v2\/types\/post"}],"author":[{"embeddable":true,"href":"https:\/\/www.empresaqui.com.br\/blog\/wp-json\/wp\/v2\/users\/8"}],"replies":[{"embeddable":true,"href":"https:\/\/www.empresaqui.com.br\/blog\/wp-json\/wp\/v2\/comments?post=2302"}],"version-history":[{"count":1,"href":"https:\/\/www.empresaqui.com.br\/blog\/wp-json\/wp\/v2\/posts\/2302\/revisions"}],"predecessor-version":[{"id":2303,"href":"https:\/\/www.empresaqui.com.br\/blog\/wp-json\/wp\/v2\/posts\/2302\/revisions\/2303"}],"wp:attachment":[{"href":"https:\/\/www.empresaqui.com.br\/blog\/wp-json\/wp\/v2\/media?parent=2302"}],"wp:term":[{"taxonomy":"category","embeddable":true,"href":"https:\/\/www.empresaqui.com.br\/blog\/wp-json\/wp\/v2\/categories?post=2302"},{"taxonomy":"post_tag","embeddable":true,"href":"https:\/\/www.empresaqui.com.br\/blog\/wp-json\/wp\/v2\/tags?post=2302"}],"curies":[{"name":"wp","href":"https:\/\/api.w.org\/{rel}","templated":true}]}}