{"id":2197,"date":"2024-08-12T16:13:59","date_gmt":"2024-08-12T19:13:59","guid":{"rendered":"https:\/\/www.empresaqui.com.br\/blog\/?p=2197"},"modified":"2024-08-12T16:17:21","modified_gmt":"2024-08-12T19:17:21","slug":"coordenador-de-vendas","status":"publish","type":"post","link":"https:\/\/www.empresaqui.com.br\/blog\/coordenador-de-vendas\/","title":{"rendered":"Qual a import\u00e2ncia\u00a0do Coordenador de Vendas para o sucesso comercial da empresa?"},"content":{"rendered":"\n<p>O papel do Coordenador de Vendas \u00e9 essencial para o sucesso de qualquer equipe comercial.&nbsp;<\/p>\n\n\n\n<p>Este profissional \u00e9 respons\u00e1vel por gerenciar e motivar a equipe de vendas, garantir que as metas sejam alcan\u00e7adas e desenvolver estrat\u00e9gias eficazes para aumentar as vendas.&nbsp;<\/p>\n\n\n\n<p>Vamos explorar mais a fundo as responsabilidades e desafios que envolvem essa fun\u00e7\u00e3o.<\/p>\n\n\n\n<div id=\"ez-toc-container\" class=\"ez-toc-v2_0_81 ez-toc-wrap-left counter-hierarchy ez-toc-counter ez-toc-custom ez-toc-container-direction\">\n<div class=\"ez-toc-title-container\">\n<p class=\"ez-toc-title\" style=\"cursor:inherit\">Neste artigo voc\u00ea vai ver:<\/p>\n<span class=\"ez-toc-title-toggle\"><a href=\"#\" class=\"ez-toc-pull-right ez-toc-btn ez-toc-btn-xs ez-toc-btn-default ez-toc-toggle\" aria-label=\"Alternar tabela de conte\u00fado\"><span class=\"ez-toc-js-icon-con\"><span class=\"\"><span class=\"eztoc-hide\" style=\"display:none;\">Toggle<\/span><span class=\"ez-toc-icon-toggle-span\"><svg style=\"fill: #0066bf;color:#0066bf\" xmlns=\"http:\/\/www.w3.org\/2000\/svg\" class=\"list-377408\" width=\"20px\" height=\"20px\" viewBox=\"0 0 24 24\" fill=\"none\"><path d=\"M6 6H4v2h2V6zm14 0H8v2h12V6zM4 11h2v2H4v-2zm16 0H8v2h12v-2zM4 16h2v2H4v-2zm16 0H8v2h12v-2z\" fill=\"currentColor\"><\/path><\/svg><svg style=\"fill: #0066bf;color:#0066bf\" class=\"arrow-unsorted-368013\" xmlns=\"http:\/\/www.w3.org\/2000\/svg\" width=\"10px\" height=\"10px\" viewBox=\"0 0 24 24\" version=\"1.2\" baseProfile=\"tiny\"><path d=\"M18.2 9.3l-6.2-6.3-6.2 6.3c-.2.2-.3.4-.3.7s.1.5.3.7c.2.2.4.3.7.3h11c.3 0 .5-.1.7-.3.2-.2.3-.5.3-.7s-.1-.5-.3-.7zM5.8 14.7l6.2 6.3 6.2-6.3c.2-.2.3-.5.3-.7s-.1-.5-.3-.7c-.2-.2-.4-.3-.7-.3h-11c-.3 0-.5.1-.7.3-.2.2-.3.5-.3.7s.1.5.3.7z\"\/><\/svg><\/span><\/span><\/span><\/a><\/span><\/div>\n<nav><ul class='ez-toc-list ez-toc-list-level-1 ' ><li class='ez-toc-page-1 ez-toc-heading-level-2'><a class=\"ez-toc-link ez-toc-heading-1\" href=\"https:\/\/www.empresaqui.com.br\/blog\/coordenador-de-vendas\/#O_que_faz_um_Coordenador_de_Vendas\" >O que faz um Coordenador de Vendas?<\/a><\/li><li class='ez-toc-page-1 ez-toc-heading-level-2'><a class=\"ez-toc-link ez-toc-heading-2\" href=\"https:\/\/www.empresaqui.com.br\/blog\/coordenador-de-vendas\/#Responsabilidades_do_Coordenador_de_Vendas\" >Responsabilidades do Coordenador de Vendas<\/a><\/li><li class='ez-toc-page-1 ez-toc-heading-level-2'><a class=\"ez-toc-link ez-toc-heading-3\" href=\"https:\/\/www.empresaqui.com.br\/blog\/coordenador-de-vendas\/#Quanto_ganha_um_Coordenador_de_Vendas\" >Quanto ganha um Coordenador de Vendas?<\/a><\/li><li class='ez-toc-page-1 ez-toc-heading-level-2'><a class=\"ez-toc-link ez-toc-heading-4\" href=\"https:\/\/www.empresaqui.com.br\/blog\/coordenador-de-vendas\/#Caracteristicas_de_um_bom_Coordenador_de_Vendas\" >Caracter\u00edsticas de um bom Coordenador de Vendas<\/a><\/li><li class='ez-toc-page-1 ez-toc-heading-level-2'><a class=\"ez-toc-link ez-toc-heading-5\" href=\"https:\/\/www.empresaqui.com.br\/blog\/coordenador-de-vendas\/#Como_se_tornar_um_Coordenador_de_Vendas\" >Como se tornar um Coordenador de Vendas?<\/a><\/li><li class='ez-toc-page-1 ez-toc-heading-level-2'><a class=\"ez-toc-link ez-toc-heading-6\" href=\"https:\/\/www.empresaqui.com.br\/blog\/coordenador-de-vendas\/#Gere_listas_de_empresas_personalizadas\" >Gere listas de empresas personalizadas!<\/a><\/li><\/ul><\/nav><\/div>\n<h2 class=\"wp-block-heading\"><span class=\"ez-toc-section\" id=\"O_que_faz_um_Coordenador_de_Vendas\"><\/span><strong>O que faz um Coordenador de Vendas?<\/strong><span class=\"ez-toc-section-end\"><\/span><\/h2>\n\n\n\n<p>O Coordenador de Vendas \u00e9 respons\u00e1vel por liderar e coordenar a equipe de vendas. Este profissional deve possuir habilidades de lideran\u00e7a, comunica\u00e7\u00e3o e uma boa compreens\u00e3o das t\u00e9cnicas de vendas.<\/p>\n\n\n\n<ul class=\"wp-block-list\">\n<li><strong>Lideran\u00e7a da equipe<\/strong>: O Coordenador de Vendas \u00e9 respons\u00e1vel por gerenciar e motivar a <a href=\"https:\/\/www.empresaqui.com.br\/blog\/equipe-de-vendas\/\"><strong>equipe de vendas<\/strong><\/a>, garantindo que todos os membros estejam alinhados com os objetivos da empresa e trabalhem de maneira coesa.<\/li>\n\n\n\n<li><strong>Desenvolvimento de estrat\u00e9gias<\/strong>: \u00c9 necess\u00e1rio criar e implementar estrat\u00e9gias eficazes para alcan\u00e7ar as metas de vendas estabelecidas. Isso inclui planejar abordagens de mercado, definir t\u00e1ticas de vendas e adaptar-se \u00e0s mudan\u00e7as do mercado.<\/li>\n\n\n\n<li><strong>Monitoramento de desempenho<\/strong>: Acompanhar o desempenho da equipe de vendas \u00e9 essencial.&nbsp;<\/li>\n<\/ul>\n\n\n\n<p>O Coordenador de Vendas deve monitorar os resultados, fornecer feedback cont\u00ednuo e ajustar as estrat\u00e9gias conforme necess\u00e1rio para melhorar o desempenho da equipe.<\/p>\n\n\n\n<h2 class=\"wp-block-heading\"><span class=\"ez-toc-section\" id=\"Responsabilidades_do_Coordenador_de_Vendas\"><\/span><strong>Responsabilidades do Coordenador de Vendas<\/strong><span class=\"ez-toc-section-end\"><\/span><\/h2>\n\n\n\n<p>O Coordenador de Vendas possui diversas responsabilidades fundamentais para o sucesso da equipe comercial.&nbsp;<\/p>\n\n\n\n<p>Entre as principais, est\u00e1 o <strong>recrutamento e treinamento da equipe<\/strong>, onde ele deve selecionar os melhores candidatos, realizar entrevistas e oferecer programas de treinamento cont\u00ednuos para melhorar as habilidades dos vendedores.&nbsp;<\/p>\n\n\n\n<p>Al\u00e9m disso, \u00e9 respons\u00e1vel pelo desenvolvimento da equipe, promovendo o crescimento profissional dos colaboradores.<\/p>\n\n\n\n<p>Outra responsabilidade \u00e9 a <strong>defini\u00e7\u00e3o de metas e objetivos<\/strong>. O Coordenador de Vendas deve estabelecer metas claras, desafiadoras, mas alcan\u00e7\u00e1veis, para manter a equipe motivada e focada.&nbsp;<\/p>\n\n\n\n<p>Ele tamb\u00e9m precisa monitorar o progresso das metas e fazer ajustes quando necess\u00e1rio para garantir que os objetivos sejam alcan\u00e7ados.<\/p>\n\n\n\n<p>A motiva\u00e7\u00e3o da equipe de vendas \u00e9 um desafio constante. O Coordenador de Vendas deve criar um ambiente de trabalho positivo, oferecer incentivos e reconhecer o bom desempenho dos membros da equipe.&nbsp;<\/p>\n\n\n\n<p>Al\u00e9m disso, ele deve ser capaz de <strong>gerenciar conflitos internos<\/strong>, identificando e resolvendo-os de maneira eficaz para garantir que a equipe permane\u00e7a coesa e focada.<\/p>\n\n\n\n<p>O Coordenador de Vendas tamb\u00e9m \u00e9 respons\u00e1vel por <strong>garantir que a equipe mantenha relat\u00f3rios de vendas atualizados<\/strong>.<\/p>\n\n\n\n<p>Esses relat\u00f3rios s\u00e3o essenciais para monitorar o desempenho, identificar tend\u00eancias e tomar decis\u00f5es informadas.&nbsp;<\/p>\n\n\n\n<p>Ademais, ele desempenha um papel muito importante no gerenciamento do <a href=\"https:\/\/www.empresaqui.com.br\/blog\/pipeline-de-vendas\/\"><strong>pipeline de vendas<\/strong><\/a>, acompanhando todas as oportunidades e garantindo que o processo de vendas seja eficiente e eficaz.<\/p>\n\n\n\n<h2 class=\"wp-block-heading\"><span class=\"ez-toc-section\" id=\"Quanto_ganha_um_Coordenador_de_Vendas\"><\/span><strong>Quanto ganha um Coordenador de Vendas?<\/strong><span class=\"ez-toc-section-end\"><\/span><\/h2>\n\n\n\n<p>O sal\u00e1rio de um Coordenador de Vendas pode variar bastante dependendo da regi\u00e3o, do porte da empresa e do n\u00edvel de experi\u00eancia do profissional. No Brasil, a m\u00e9dia salarial para essa posi\u00e7\u00e3o \u00e9 <strong>geralmente entre R$ 4.000,00 e R$ 8.000,00 por m\u00eas<\/strong>.&nbsp;<\/p>\n\n\n\n<p>Em empresas maiores ou em regi\u00f5es mais desenvolvidas, como S\u00e3o Paulo e Rio de Janeiro, os sal\u00e1rios podem ser mais altos.<\/p>\n\n\n\n<p>Chegando a valores entre R$ 10.000,00 e R$ 15.000,00 mensais ou mais, especialmente para profissionais com vasta experi\u00eancia e habilidades especializadas.&nbsp;<\/p>\n\n\n\n<p>Al\u00e9m do sal\u00e1rio base, muitos <a href=\"https:\/\/www.empresaqui.com.br\/blog\/supervisor-de-vendas\/\"><strong>Supervisores de Vendas<\/strong><\/a> tamb\u00e9m recebem b\u00f4nus e comiss\u00f5es baseados no desempenho da equipe e no atingimento de metas.<\/p>\n\n\n\n<h2 class=\"wp-block-heading\"><span class=\"ez-toc-section\" id=\"Caracteristicas_de_um_bom_Coordenador_de_Vendas\"><\/span><strong>Caracter\u00edsticas de um bom Coordenador de Vendas<\/strong><span class=\"ez-toc-section-end\"><\/span><\/h2>\n\n\n\n<p>O Coordenador de Vendas \u00e9 um pilar fundamental no sucesso de qualquer equipe de vendas. Suas responsabilidades v\u00e3o desde o recrutamento e treinamento at\u00e9 a defini\u00e7\u00e3o de metas e resolu\u00e7\u00e3o de conflitos.&nbsp;<\/p>\n\n\n\n<p>Ao enfrentar desafios e promover um ambiente de trabalho positivo, este profissional garante que a equipe de vendas esteja sempre motivada e alinhada com os objetivos da empresa.&nbsp;<\/p>\n\n\n\n<ol class=\"wp-block-list\">\n<li>Manter sempre atualizados todos os dados e n\u00fameros relacionados \u00e0s vendas e ao desempenho dos vendedores.&nbsp;<\/li>\n<\/ol>\n\n\n\n<p>Se utilizar um sistema automatizado, como um CRM, deve estar plenamente familiarizado com todas as suas funcionalidades e saber oper\u00e1-lo corretamente.<\/p>\n\n\n\n<ol class=\"wp-block-list\" start=\"2\">\n<li>Apresentar <a href=\"https:\/\/www.empresaqui.com.br\/blog\/relatorio-de-vendas\/\"><strong>relat\u00f3rios aos gerentes de vendas<\/strong><\/a>, incluindo suas an\u00e1lises, conclus\u00f5es e sugest\u00f5es.<\/li>\n\n\n\n<li>Orientar os vendedores, definindo suas tarefas, aconselhando sobre as melhores abordagens a serem utilizadas e ajudando a organizar suas agendas.<\/li>\n\n\n\n<li>Acompanhar o trabalho dos vendedores, garantindo que realizem adequadamente visitas, telefonemas, envio de e-mails e outras atividades de follow-up.<\/li>\n\n\n\n<li>Estar ciente da assiduidade e pontualidade da equipe.<\/li>\n\n\n\n<li>Monitorar o desempenho da equipe em rela\u00e7\u00e3o ao cumprimento das metas estabelecidas, sejam elas de vendas, visitas, envio de propostas ou outras determinadas pelo gerente de vendas.<\/li>\n\n\n\n<li>Tirar d\u00favidas dos vendedores e ajud\u00e1-los a resolver problemas sempre que solicitarem orienta\u00e7\u00e3o.<\/li>\n\n\n\n<li>Estar atento ao p\u00f3s-venda e garantir um bom atendimento aos clientes.<\/li>\n\n\n\n<li>Verificar se as entregas aos clientes est\u00e3o sendo realizadas conforme o combinado.<\/li>\n\n\n\n<li>Estar ciente da inadimpl\u00eancia dos clientes e, juntamente com o gerente de vendas, definir os procedimentos que os vendedores devem adotar em rela\u00e7\u00e3o a novos pedidos desses clientes.<\/li>\n<\/ol>\n\n\n\n<h2 class=\"wp-block-heading\"><span class=\"ez-toc-section\" id=\"Como_se_tornar_um_Coordenador_de_Vendas\"><\/span><strong>Como se tornar um Coordenador de Vendas?<\/strong><span class=\"ez-toc-section-end\"><\/span><\/h2>\n\n\n\n<p>Tornar-se um Coordenador de Vendas exige uma combina\u00e7\u00e3o de educa\u00e7\u00e3o, experi\u00eancia pr\u00e1tica e habilidades espec\u00edficas. Separamos algumas dicas&nbsp;<\/p>\n\n\n\n<h3 class=\"wp-block-heading\"><strong>1. Obtenha uma Forma\u00e7\u00e3o Acad\u00eamica<\/strong><\/h3>\n\n\n\n<p>A maioria dos Coordenadores de Vendas possui um diploma de ensino superior. N\u00e3o \u00e9 obrigat\u00f3rio mas te dar\u00e1 base para os desafios do futuro. As \u00e1reas mais comuns s\u00e3o:<\/p>\n\n\n\n<ul class=\"wp-block-list\">\n<li>Administra\u00e7\u00e3o de Empresas<\/li>\n\n\n\n<li>Marketing<\/li>\n\n\n\n<li>Gest\u00e3o Comercial<\/li>\n\n\n\n<li>Economia<\/li>\n<\/ul>\n\n\n\n<p>Um MBA ou outras p\u00f3s-gradua\u00e7\u00f5es na \u00e1rea podem ser um diferencial importante.<\/p>\n\n\n\n<h3 class=\"wp-block-heading\"><strong>2. Adquira Experi\u00eancia em Vendas<\/strong><\/h3>\n\n\n\n<p>\u00c9 fundamental ter experi\u00eancia pr\u00e1tica na \u00e1rea de vendas. Come\u00e7ar como vendedor, <a href=\"https:\/\/www.empresaqui.com.br\/blog\/representante-de-vendas\/\"><strong>representante de vendas<\/strong><\/a> ou assistente de vendas ajuda a entender o funcionamento da \u00e1rea e a desenvolver habilidades essenciais.<\/p>\n\n\n\n<h3 class=\"wp-block-heading\"><strong>3. Desenvolva Habilidades de Lideran\u00e7a<\/strong><\/h3>\n\n\n\n<p>Um bom Coordenador de Vendas deve ter fortes habilidades de lideran\u00e7a. Participar de treinamentos e cursos voltados para a lideran\u00e7a e a gest\u00e3o de equipes pode ser muito \u00fatil.<\/p>\n\n\n\n<h3 class=\"wp-block-heading\"><strong>4. Conhe\u00e7a Ferramentas e Tecnologias<\/strong><\/h3>\n\n\n\n<p>Familiarize-se com ferramentas de gest\u00e3o de <a href=\"https:\/\/www.empresaqui.com.br\/blog\/crm-de-vendas\/\"><strong>vendas e<\/strong> <strong>CRM<\/strong><\/a><strong> <\/strong>(Customer Relationship Management).&nbsp;<\/p>\n\n\n\n<p>Entender como operar e tirar o m\u00e1ximo proveito dessas ferramentas \u00e9 crucial para o gerenciamento eficaz da equipe e dos processos de vendas.<\/p>\n\n\n\n<h3 class=\"wp-block-heading\"><strong>5. Demonstre Resultados<\/strong><\/h3>\n\n\n\n<p>Ao longo de sua carreira em vendas, \u00e9 importante demonstrar um hist\u00f3rico consistente de atingimento e supera\u00e7\u00e3o de metas. Esse desempenho ser\u00e1 um dos principais fatores considerados para promo\u00e7\u00f5es.<\/p>\n\n\n\n<h3 class=\"wp-block-heading\"><strong>6. Busque Oportunidades Internas<\/strong><\/h3>\n\n\n\n<p>Muitas empresas preferem promover internamente. Demonstrar iniciativa, proatividade e capacidade de resolver problemas pode ajudar a ser considerado para uma posi\u00e7\u00e3o de Coordenador de Vendas dentro da pr\u00f3pria empresa.<\/p>\n\n\n\n<div class=\"banner\">\n            <h2><span class=\"ez-toc-section\" id=\"Gere_listas_de_empresas_personalizadas\"><\/span>Gere listas de empresas personalizadas!<span class=\"ez-toc-section-end\"><\/span><\/h2>\n            <p>Cadastre-se gr\u00e1tis agora mesmo<\/p>\n            <div class=\"bottom-banner\">\n                <img decoding=\"async\" src=\"https:\/\/www.empresaqui.com.br\/blog\/wp-content\/uploads\/2021\/11\/AdminLTELogo.png\" alt=\"Seu Logotipo\" class=\"logo\">\n                <a href=\"https:\/\/www.empresaqui.com.br\/plano-gratuito?utm_source=blog&amp;utm_medium=banner&amp;utm_campaign=CTA-GRATUITO-HTML\" class=\"cta-button-banner\">Teste aqui agora<\/a>\n            <\/div>\n        <\/div>\n        <style>\n            .bottom-banner{\n                display: flex;\n                justify-content: center;\n                align-items: center;\n            }\n            .bottom-banner img{\n                width: 3rem !important;\n                height: 3rem !important;\n                margin-right: 1rem;\n            }\n            .banner h2{\n                font-family: Arial, sans-serif;\n                color: #fff !important;\n            }\n            .banner p{\n                font-family: Arial, sans-serif;\n            }\n            .banner {\n                background:#001E40;\n                color: #FFFFFF;\n                text-align: center;\n                padding: 20px;\n            }\n            .cta-button-banner {\n                display: inline-block;\n                background-color: #0CFFFB;\n                color: #000;\n                border: none;\n                padding: 1px 15px;\n                font-size: 14px;\n                font-family: sans-serif;\n                font-weight: 700;\n                border-radius: 21px;\n                cursor: pointer;\n                transition: background-color 0.3s ease;\n                text-decoration: none;\n            }\n            @media (max-width: 767px) {\n                .banner h2{\n                    font-size:20px;\n                }\n                .cta-button-banner {\n                    padding: 1px 15px;\n                    font-size: 12px;\n                }\n            }\n        <\/style>\n","protected":false},"excerpt":{"rendered":"<p>O papel do Coordenador de Vendas \u00e9 essencial para o sucesso de qualquer equipe comercial.&nbsp; Este profissional \u00e9 respons\u00e1vel por [&hellip;]<\/p>\n","protected":false},"author":4,"featured_media":0,"comment_status":"closed","ping_status":"closed","sticky":false,"template":"","format":"standard","meta":{"_acf_changed":false,"_uag_custom_page_level_css":"","site-sidebar-layout":"default","site-content-layout":"","ast-site-content-layout":"default","site-content-style":"default","site-sidebar-style":"default","ast-global-header-display":"","ast-banner-title-visibility":"","ast-main-header-display":"","ast-hfb-above-header-display":"","ast-hfb-below-header-display":"","ast-hfb-mobile-header-display":"","site-post-title":"","ast-breadcrumbs-content":"","ast-featured-img":"","footer-sml-layout":"","theme-transparent-header-meta":"","adv-header-id-meta":"","stick-header-meta":"","header-above-stick-meta":"","header-main-stick-meta":"","header-below-stick-meta":"","astra-migrate-meta-layouts":"default","ast-page-background-enabled":"default","ast-page-background-meta":{"desktop":{"background-color":"var(--ast-global-color-4)","background-image":"","background-repeat":"repeat","background-position":"center center","background-size":"auto","background-attachment":"scroll","background-type":"","background-media":"","overlay-type":"","overlay-color":"","overlay-opacity":"","overlay-gradient":""},"tablet":{"background-color":"","background-image":"","background-repeat":"repeat","background-position":"center center","background-size":"auto","background-attachment":"scroll","background-type":"","background-media":"","overlay-type":"","overlay-color":"","overlay-opacity":"","overlay-gradient":""},"mobile":{"background-color":"","background-image":"","background-repeat":"repeat","background-position":"center center","background-size":"auto","background-attachment":"scroll","background-type":"","background-media":"","overlay-type":"","overlay-color":"","overlay-opacity":"","overlay-gradient":""}},"ast-content-background-meta":{"desktop":{"background-color":"var(--ast-global-color-5)","background-image":"","background-repeat":"repeat","background-position":"center center","background-size":"auto","background-attachment":"scroll","background-type":"","background-media":"","overlay-type":"","overlay-color":"","overlay-opacity":"","overlay-gradient":""},"tablet":{"background-color":"var(--ast-global-color-5)","background-image":"","background-repeat":"repeat","background-position":"center center","background-size":"auto","background-attachment":"scroll","background-type":"","background-media":"","overlay-type":"","overlay-color":"","overlay-opacity":"","overlay-gradient":""},"mobile":{"background-color":"var(--ast-global-color-5)","background-image":"","background-repeat":"repeat","background-position":"center center","background-size":"auto","background-attachment":"scroll","background-type":"","background-media":"","overlay-type":"","overlay-color":"","overlay-opacity":"","overlay-gradient":""}},"footnotes":""},"categories":[33],"tags":[],"class_list":["post-2197","post","type-post","status-publish","format-standard","hentry","category-prospeccao-vendas"],"acf":[],"yoast_head":"<!-- This site is optimized with the Yoast SEO plugin v27.4 - https:\/\/yoast.com\/product\/yoast-seo-wordpress\/ -->\n<title>Coordenador de Vendas: o que faz e suas responsabilidades<\/title>\n<meta name=\"description\" content=\"Conhe\u00e7a os desafios e responsabilidades do Coordenador de Vendas e como se preparar para essa fun\u00e7\u00e3o que \u00e9 importante para o sucesso da equipe comercial.\" \/>\n<meta name=\"robots\" content=\"index, follow, max-snippet:-1, max-image-preview:large, max-video-preview:-1\" \/>\n<link rel=\"canonical\" href=\"https:\/\/www.empresaqui.com.br\/blog\/coordenador-de-vendas\/\" \/>\n<meta property=\"og:locale\" content=\"pt_BR\" \/>\n<meta property=\"og:type\" content=\"article\" \/>\n<meta property=\"og:title\" content=\"Coordenador de Vendas: o que faz e suas responsabilidades\" \/>\n<meta property=\"og:description\" content=\"Conhe\u00e7a os desafios e responsabilidades do Coordenador de Vendas e como se preparar para essa fun\u00e7\u00e3o que \u00e9 importante para o sucesso da equipe comercial.\" \/>\n<meta property=\"og:url\" content=\"https:\/\/www.empresaqui.com.br\/blog\/coordenador-de-vendas\/\" \/>\n<meta property=\"og:site_name\" content=\"Blog EmpresAqui\" \/>\n<meta property=\"article:publisher\" content=\"https:\/\/www.facebook.com\/empresaquibr\" \/>\n<meta property=\"article:published_time\" content=\"2024-08-12T19:13:59+00:00\" \/>\n<meta property=\"article:modified_time\" content=\"2024-08-12T19:17:21+00:00\" \/>\n<meta property=\"og:image\" content=\"https:\/\/www.empresaqui.com.br\/blog\/wp-content\/uploads\/2021\/11\/AdminLTELogo.png\" \/>\n<meta name=\"author\" content=\"Jamille Rocha\" \/>\n<meta name=\"twitter:card\" content=\"summary_large_image\" \/>\n<meta name=\"twitter:label1\" content=\"Escrito por\" \/>\n\t<meta name=\"twitter:data1\" content=\"Jamille Rocha\" \/>\n\t<meta name=\"twitter:label2\" content=\"Est. tempo de leitura\" \/>\n\t<meta name=\"twitter:data2\" content=\"7 minutos\" \/>\n<script type=\"application\/ld+json\" class=\"yoast-schema-graph\">{\"@context\":\"https:\\\/\\\/schema.org\",\"@graph\":[{\"@type\":\"Article\",\"@id\":\"https:\\\/\\\/www.empresaqui.com.br\\\/blog\\\/coordenador-de-vendas\\\/#article\",\"isPartOf\":{\"@id\":\"https:\\\/\\\/www.empresaqui.com.br\\\/blog\\\/coordenador-de-vendas\\\/\"},\"author\":{\"name\":\"Jamille Rocha\",\"@id\":\"https:\\\/\\\/www.empresaqui.com.br\\\/blog\\\/#\\\/schema\\\/person\\\/143604485ecb43926554432880c87570\"},\"headline\":\"Qual a import\u00e2ncia\u00a0do Coordenador de Vendas para o sucesso comercial da empresa?\",\"datePublished\":\"2024-08-12T19:13:59+00:00\",\"dateModified\":\"2024-08-12T19:17:21+00:00\",\"mainEntityOfPage\":{\"@id\":\"https:\\\/\\\/www.empresaqui.com.br\\\/blog\\\/coordenador-de-vendas\\\/\"},\"wordCount\":1158,\"publisher\":{\"@id\":\"https:\\\/\\\/www.empresaqui.com.br\\\/blog\\\/#organization\"},\"image\":{\"@id\":\"https:\\\/\\\/www.empresaqui.com.br\\\/blog\\\/coordenador-de-vendas\\\/#primaryimage\"},\"thumbnailUrl\":\"https:\\\/\\\/www.empresaqui.com.br\\\/blog\\\/wp-content\\\/uploads\\\/2021\\\/11\\\/AdminLTELogo.png\",\"articleSection\":[\"Dicas de Vendas\"],\"inLanguage\":\"pt-BR\"},{\"@type\":\"WebPage\",\"@id\":\"https:\\\/\\\/www.empresaqui.com.br\\\/blog\\\/coordenador-de-vendas\\\/\",\"url\":\"https:\\\/\\\/www.empresaqui.com.br\\\/blog\\\/coordenador-de-vendas\\\/\",\"name\":\"Coordenador de Vendas: o que faz e suas responsabilidades\",\"isPartOf\":{\"@id\":\"https:\\\/\\\/www.empresaqui.com.br\\\/blog\\\/#website\"},\"primaryImageOfPage\":{\"@id\":\"https:\\\/\\\/www.empresaqui.com.br\\\/blog\\\/coordenador-de-vendas\\\/#primaryimage\"},\"image\":{\"@id\":\"https:\\\/\\\/www.empresaqui.com.br\\\/blog\\\/coordenador-de-vendas\\\/#primaryimage\"},\"thumbnailUrl\":\"https:\\\/\\\/www.empresaqui.com.br\\\/blog\\\/wp-content\\\/uploads\\\/2021\\\/11\\\/AdminLTELogo.png\",\"datePublished\":\"2024-08-12T19:13:59+00:00\",\"dateModified\":\"2024-08-12T19:17:21+00:00\",\"description\":\"Conhe\u00e7a os desafios e responsabilidades do Coordenador de Vendas e como se preparar para essa fun\u00e7\u00e3o que \u00e9 importante para o sucesso da equipe comercial.\",\"breadcrumb\":{\"@id\":\"https:\\\/\\\/www.empresaqui.com.br\\\/blog\\\/coordenador-de-vendas\\\/#breadcrumb\"},\"inLanguage\":\"pt-BR\",\"potentialAction\":[{\"@type\":\"ReadAction\",\"target\":[\"https:\\\/\\\/www.empresaqui.com.br\\\/blog\\\/coordenador-de-vendas\\\/\"]}]},{\"@type\":\"ImageObject\",\"inLanguage\":\"pt-BR\",\"@id\":\"https:\\\/\\\/www.empresaqui.com.br\\\/blog\\\/coordenador-de-vendas\\\/#primaryimage\",\"url\":\"https:\\\/\\\/www.empresaqui.com.br\\\/blog\\\/wp-content\\\/uploads\\\/2021\\\/11\\\/AdminLTELogo.png\",\"contentUrl\":\"https:\\\/\\\/www.empresaqui.com.br\\\/blog\\\/wp-content\\\/uploads\\\/2021\\\/11\\\/AdminLTELogo.png\",\"width\":100,\"height\":100,\"caption\":\"logo\"},{\"@type\":\"BreadcrumbList\",\"@id\":\"https:\\\/\\\/www.empresaqui.com.br\\\/blog\\\/coordenador-de-vendas\\\/#breadcrumb\",\"itemListElement\":[{\"@type\":\"ListItem\",\"position\":1,\"name\":\"In\u00edcio\",\"item\":\"https:\\\/\\\/www.empresaqui.com.br\\\/blog\\\/\"},{\"@type\":\"ListItem\",\"position\":2,\"name\":\"Dicas de Vendas\",\"item\":\"https:\\\/\\\/www.empresaqui.com.br\\\/blog\\\/category\\\/prospeccao-vendas\\\/\"},{\"@type\":\"ListItem\",\"position\":3,\"name\":\"Qual a import\u00e2ncia\u00a0do Coordenador de Vendas para o sucesso comercial da empresa?\"}]},{\"@type\":\"WebSite\",\"@id\":\"https:\\\/\\\/www.empresaqui.com.br\\\/blog\\\/#website\",\"url\":\"https:\\\/\\\/www.empresaqui.com.br\\\/blog\\\/\",\"name\":\"Blog EmpresAqui\",\"description\":\"\",\"publisher\":{\"@id\":\"https:\\\/\\\/www.empresaqui.com.br\\\/blog\\\/#organization\"},\"potentialAction\":[{\"@type\":\"SearchAction\",\"target\":{\"@type\":\"EntryPoint\",\"urlTemplate\":\"https:\\\/\\\/www.empresaqui.com.br\\\/blog\\\/?s={search_term_string}\"},\"query-input\":{\"@type\":\"PropertyValueSpecification\",\"valueRequired\":true,\"valueName\":\"search_term_string\"}}],\"inLanguage\":\"pt-BR\"},{\"@type\":\"Organization\",\"@id\":\"https:\\\/\\\/www.empresaqui.com.br\\\/blog\\\/#organization\",\"name\":\"EmpresAqui\",\"url\":\"https:\\\/\\\/www.empresaqui.com.br\\\/blog\\\/\",\"logo\":{\"@type\":\"ImageObject\",\"inLanguage\":\"pt-BR\",\"@id\":\"https:\\\/\\\/www.empresaqui.com.br\\\/blog\\\/#\\\/schema\\\/logo\\\/image\\\/\",\"url\":\"https:\\\/\\\/www.empresaqui.com.br\\\/blog\\\/wp-content\\\/uploads\\\/2023\\\/02\\\/cropped-cropped-AdminLTELogo-2-1-1.png\",\"contentUrl\":\"https:\\\/\\\/www.empresaqui.com.br\\\/blog\\\/wp-content\\\/uploads\\\/2023\\\/02\\\/cropped-cropped-AdminLTELogo-2-1-1.png\",\"width\":100,\"height\":100,\"caption\":\"EmpresAqui\"},\"image\":{\"@id\":\"https:\\\/\\\/www.empresaqui.com.br\\\/blog\\\/#\\\/schema\\\/logo\\\/image\\\/\"},\"sameAs\":[\"https:\\\/\\\/www.facebook.com\\\/empresaquibr\",\"https:\\\/\\\/www.instagram.com\\\/empresaqui\"]},{\"@type\":\"Person\",\"@id\":\"https:\\\/\\\/www.empresaqui.com.br\\\/blog\\\/#\\\/schema\\\/person\\\/143604485ecb43926554432880c87570\",\"name\":\"Jamille Rocha\",\"image\":{\"@type\":\"ImageObject\",\"inLanguage\":\"pt-BR\",\"@id\":\"https:\\\/\\\/secure.gravatar.com\\\/avatar\\\/2f6b45baa44f90046c948f8af1f72e56c12a99f8d98da72b2bba204290c00022?s=96&d=mm&r=g\",\"url\":\"https:\\\/\\\/secure.gravatar.com\\\/avatar\\\/2f6b45baa44f90046c948f8af1f72e56c12a99f8d98da72b2bba204290c00022?s=96&d=mm&r=g\",\"contentUrl\":\"https:\\\/\\\/secure.gravatar.com\\\/avatar\\\/2f6b45baa44f90046c948f8af1f72e56c12a99f8d98da72b2bba204290c00022?s=96&d=mm&r=g\",\"caption\":\"Jamille Rocha\"},\"description\":\"Jamille Rocha \u00e9 diretora de Marketing &amp; Growth e s\u00f3cia do EmpresAqui, plataforma de dados e intelig\u00eancia de mercado para prospec\u00e7\u00e3o B2B. Atua, com mais de 7 anos de experi\u00eancia, na interse\u00e7\u00e3o entre estrat\u00e9gia, dados e crescimento, liderando iniciativas de aquisi\u00e7\u00e3o e convers\u00e3o para empresas orientadas por dados.\",\"url\":\"https:\\\/\\\/www.empresaqui.com.br\\\/blog\\\/author\\\/jamille-rocha-2\\\/\"}]}<\/script>\n<!-- \/ Yoast SEO plugin. -->","yoast_head_json":{"title":"Coordenador de Vendas: o que faz e suas responsabilidades","description":"Conhe\u00e7a os desafios e responsabilidades do Coordenador de Vendas e como se preparar para essa fun\u00e7\u00e3o que \u00e9 importante para o sucesso da equipe comercial.","robots":{"index":"index","follow":"follow","max-snippet":"max-snippet:-1","max-image-preview":"max-image-preview:large","max-video-preview":"max-video-preview:-1"},"canonical":"https:\/\/www.empresaqui.com.br\/blog\/coordenador-de-vendas\/","og_locale":"pt_BR","og_type":"article","og_title":"Coordenador de Vendas: o que faz e suas responsabilidades","og_description":"Conhe\u00e7a os desafios e responsabilidades do Coordenador de Vendas e como se preparar para essa fun\u00e7\u00e3o que \u00e9 importante para o sucesso da equipe comercial.","og_url":"https:\/\/www.empresaqui.com.br\/blog\/coordenador-de-vendas\/","og_site_name":"Blog EmpresAqui","article_publisher":"https:\/\/www.facebook.com\/empresaquibr","article_published_time":"2024-08-12T19:13:59+00:00","article_modified_time":"2024-08-12T19:17:21+00:00","og_image":[{"url":"https:\/\/www.empresaqui.com.br\/blog\/wp-content\/uploads\/2021\/11\/AdminLTELogo.png","type":"","width":"","height":""}],"author":"Jamille Rocha","twitter_card":"summary_large_image","twitter_misc":{"Escrito por":"Jamille Rocha","Est. tempo de leitura":"7 minutos"},"schema":{"@context":"https:\/\/schema.org","@graph":[{"@type":"Article","@id":"https:\/\/www.empresaqui.com.br\/blog\/coordenador-de-vendas\/#article","isPartOf":{"@id":"https:\/\/www.empresaqui.com.br\/blog\/coordenador-de-vendas\/"},"author":{"name":"Jamille Rocha","@id":"https:\/\/www.empresaqui.com.br\/blog\/#\/schema\/person\/143604485ecb43926554432880c87570"},"headline":"Qual a import\u00e2ncia\u00a0do Coordenador de Vendas para o sucesso comercial da empresa?","datePublished":"2024-08-12T19:13:59+00:00","dateModified":"2024-08-12T19:17:21+00:00","mainEntityOfPage":{"@id":"https:\/\/www.empresaqui.com.br\/blog\/coordenador-de-vendas\/"},"wordCount":1158,"publisher":{"@id":"https:\/\/www.empresaqui.com.br\/blog\/#organization"},"image":{"@id":"https:\/\/www.empresaqui.com.br\/blog\/coordenador-de-vendas\/#primaryimage"},"thumbnailUrl":"https:\/\/www.empresaqui.com.br\/blog\/wp-content\/uploads\/2021\/11\/AdminLTELogo.png","articleSection":["Dicas de Vendas"],"inLanguage":"pt-BR"},{"@type":"WebPage","@id":"https:\/\/www.empresaqui.com.br\/blog\/coordenador-de-vendas\/","url":"https:\/\/www.empresaqui.com.br\/blog\/coordenador-de-vendas\/","name":"Coordenador de Vendas: o que faz e suas responsabilidades","isPartOf":{"@id":"https:\/\/www.empresaqui.com.br\/blog\/#website"},"primaryImageOfPage":{"@id":"https:\/\/www.empresaqui.com.br\/blog\/coordenador-de-vendas\/#primaryimage"},"image":{"@id":"https:\/\/www.empresaqui.com.br\/blog\/coordenador-de-vendas\/#primaryimage"},"thumbnailUrl":"https:\/\/www.empresaqui.com.br\/blog\/wp-content\/uploads\/2021\/11\/AdminLTELogo.png","datePublished":"2024-08-12T19:13:59+00:00","dateModified":"2024-08-12T19:17:21+00:00","description":"Conhe\u00e7a os desafios e responsabilidades do Coordenador de Vendas e como se preparar para essa fun\u00e7\u00e3o que \u00e9 importante para o sucesso da equipe comercial.","breadcrumb":{"@id":"https:\/\/www.empresaqui.com.br\/blog\/coordenador-de-vendas\/#breadcrumb"},"inLanguage":"pt-BR","potentialAction":[{"@type":"ReadAction","target":["https:\/\/www.empresaqui.com.br\/blog\/coordenador-de-vendas\/"]}]},{"@type":"ImageObject","inLanguage":"pt-BR","@id":"https:\/\/www.empresaqui.com.br\/blog\/coordenador-de-vendas\/#primaryimage","url":"https:\/\/www.empresaqui.com.br\/blog\/wp-content\/uploads\/2021\/11\/AdminLTELogo.png","contentUrl":"https:\/\/www.empresaqui.com.br\/blog\/wp-content\/uploads\/2021\/11\/AdminLTELogo.png","width":100,"height":100,"caption":"logo"},{"@type":"BreadcrumbList","@id":"https:\/\/www.empresaqui.com.br\/blog\/coordenador-de-vendas\/#breadcrumb","itemListElement":[{"@type":"ListItem","position":1,"name":"In\u00edcio","item":"https:\/\/www.empresaqui.com.br\/blog\/"},{"@type":"ListItem","position":2,"name":"Dicas de Vendas","item":"https:\/\/www.empresaqui.com.br\/blog\/category\/prospeccao-vendas\/"},{"@type":"ListItem","position":3,"name":"Qual a import\u00e2ncia\u00a0do Coordenador de Vendas para o sucesso comercial da empresa?"}]},{"@type":"WebSite","@id":"https:\/\/www.empresaqui.com.br\/blog\/#website","url":"https:\/\/www.empresaqui.com.br\/blog\/","name":"Blog EmpresAqui","description":"","publisher":{"@id":"https:\/\/www.empresaqui.com.br\/blog\/#organization"},"potentialAction":[{"@type":"SearchAction","target":{"@type":"EntryPoint","urlTemplate":"https:\/\/www.empresaqui.com.br\/blog\/?s={search_term_string}"},"query-input":{"@type":"PropertyValueSpecification","valueRequired":true,"valueName":"search_term_string"}}],"inLanguage":"pt-BR"},{"@type":"Organization","@id":"https:\/\/www.empresaqui.com.br\/blog\/#organization","name":"EmpresAqui","url":"https:\/\/www.empresaqui.com.br\/blog\/","logo":{"@type":"ImageObject","inLanguage":"pt-BR","@id":"https:\/\/www.empresaqui.com.br\/blog\/#\/schema\/logo\/image\/","url":"https:\/\/www.empresaqui.com.br\/blog\/wp-content\/uploads\/2023\/02\/cropped-cropped-AdminLTELogo-2-1-1.png","contentUrl":"https:\/\/www.empresaqui.com.br\/blog\/wp-content\/uploads\/2023\/02\/cropped-cropped-AdminLTELogo-2-1-1.png","width":100,"height":100,"caption":"EmpresAqui"},"image":{"@id":"https:\/\/www.empresaqui.com.br\/blog\/#\/schema\/logo\/image\/"},"sameAs":["https:\/\/www.facebook.com\/empresaquibr","https:\/\/www.instagram.com\/empresaqui"]},{"@type":"Person","@id":"https:\/\/www.empresaqui.com.br\/blog\/#\/schema\/person\/143604485ecb43926554432880c87570","name":"Jamille Rocha","image":{"@type":"ImageObject","inLanguage":"pt-BR","@id":"https:\/\/secure.gravatar.com\/avatar\/2f6b45baa44f90046c948f8af1f72e56c12a99f8d98da72b2bba204290c00022?s=96&d=mm&r=g","url":"https:\/\/secure.gravatar.com\/avatar\/2f6b45baa44f90046c948f8af1f72e56c12a99f8d98da72b2bba204290c00022?s=96&d=mm&r=g","contentUrl":"https:\/\/secure.gravatar.com\/avatar\/2f6b45baa44f90046c948f8af1f72e56c12a99f8d98da72b2bba204290c00022?s=96&d=mm&r=g","caption":"Jamille Rocha"},"description":"Jamille Rocha \u00e9 diretora de Marketing &amp; Growth e s\u00f3cia do EmpresAqui, plataforma de dados e intelig\u00eancia de mercado para prospec\u00e7\u00e3o B2B. Atua, com mais de 7 anos de experi\u00eancia, na interse\u00e7\u00e3o entre estrat\u00e9gia, dados e crescimento, liderando iniciativas de aquisi\u00e7\u00e3o e convers\u00e3o para empresas orientadas por dados.","url":"https:\/\/www.empresaqui.com.br\/blog\/author\/jamille-rocha-2\/"}]}},"uagb_featured_image_src":{"full":false,"thumbnail":false,"medium":false,"medium_large":false,"large":false,"1536x1536":false,"2048x2048":false},"uagb_author_info":{"display_name":"Jamille Rocha","author_link":"https:\/\/www.empresaqui.com.br\/blog\/author\/jamille-rocha-2\/"},"uagb_comment_info":0,"uagb_excerpt":"O papel do Coordenador de Vendas \u00e9 essencial para o sucesso de qualquer equipe comercial.&nbsp; Este profissional \u00e9 respons\u00e1vel por [&hellip;]","_links":{"self":[{"href":"https:\/\/www.empresaqui.com.br\/blog\/wp-json\/wp\/v2\/posts\/2197","targetHints":{"allow":["GET"]}}],"collection":[{"href":"https:\/\/www.empresaqui.com.br\/blog\/wp-json\/wp\/v2\/posts"}],"about":[{"href":"https:\/\/www.empresaqui.com.br\/blog\/wp-json\/wp\/v2\/types\/post"}],"author":[{"embeddable":true,"href":"https:\/\/www.empresaqui.com.br\/blog\/wp-json\/wp\/v2\/users\/4"}],"replies":[{"embeddable":true,"href":"https:\/\/www.empresaqui.com.br\/blog\/wp-json\/wp\/v2\/comments?post=2197"}],"version-history":[{"count":2,"href":"https:\/\/www.empresaqui.com.br\/blog\/wp-json\/wp\/v2\/posts\/2197\/revisions"}],"predecessor-version":[{"id":2199,"href":"https:\/\/www.empresaqui.com.br\/blog\/wp-json\/wp\/v2\/posts\/2197\/revisions\/2199"}],"wp:attachment":[{"href":"https:\/\/www.empresaqui.com.br\/blog\/wp-json\/wp\/v2\/media?parent=2197"}],"wp:term":[{"taxonomy":"category","embeddable":true,"href":"https:\/\/www.empresaqui.com.br\/blog\/wp-json\/wp\/v2\/categories?post=2197"},{"taxonomy":"post_tag","embeddable":true,"href":"https:\/\/www.empresaqui.com.br\/blog\/wp-json\/wp\/v2\/tags?post=2197"}],"curies":[{"name":"wp","href":"https:\/\/api.w.org\/{rel}","templated":true}]}}