{"id":2156,"date":"2024-08-06T16:23:30","date_gmt":"2024-08-06T19:23:30","guid":{"rendered":"https:\/\/www.empresaqui.com.br\/blog\/?p=2156"},"modified":"2024-08-06T16:23:33","modified_gmt":"2024-08-06T19:23:33","slug":"organizacoes-internacionais","status":"publish","type":"post","link":"https:\/\/www.empresaqui.com.br\/blog\/organizacoes-internacionais\/","title":{"rendered":"Organiza\u00e7\u00f5es Internacionais: o pilar da coopera\u00e7\u00e3o entre os pa\u00edses"},"content":{"rendered":"\n<p>As organiza\u00e7\u00f5es internacionais exercem um papel essencial no sistema global contempor\u00e2neo, funcionando como <strong>institui\u00e7\u00f5es essenciais para a colabora\u00e7\u00e3o entre diversos pa\u00edses ao redor do mundo.&nbsp;<\/strong><\/p>\n\n\n\n<p>Nesse vi\u00e9s, essas organiza\u00e7\u00f5es surgem para enfrentar desafios, os quais podem pertencer a variados setores da sociedade, como seguran\u00e7a, economia, sa\u00fade e meio ambiente.&nbsp;<\/p>\n\n\n\n<p>Dessa maneira, nos pr\u00f3ximos t\u00f3picos, exploraremos a import\u00e2ncia das organiza\u00e7\u00f5es internacionais para a constru\u00e7\u00e3o de um sistema internacional mais est\u00e1vel e coeso.&nbsp;<\/p>\n\n\n\n<div id=\"ez-toc-container\" class=\"ez-toc-v2_0_81 ez-toc-wrap-left counter-hierarchy ez-toc-counter ez-toc-custom ez-toc-container-direction\">\n<div class=\"ez-toc-title-container\">\n<p class=\"ez-toc-title\" style=\"cursor:inherit\">Neste artigo voc\u00ea vai ver:<\/p>\n<span class=\"ez-toc-title-toggle\"><a href=\"#\" class=\"ez-toc-pull-right ez-toc-btn ez-toc-btn-xs ez-toc-btn-default ez-toc-toggle\" aria-label=\"Alternar tabela de conte\u00fado\"><span class=\"ez-toc-js-icon-con\"><span class=\"\"><span class=\"eztoc-hide\" style=\"display:none;\">Toggle<\/span><span class=\"ez-toc-icon-toggle-span\"><svg style=\"fill: #0066bf;color:#0066bf\" xmlns=\"http:\/\/www.w3.org\/2000\/svg\" class=\"list-377408\" width=\"20px\" height=\"20px\" viewBox=\"0 0 24 24\" fill=\"none\"><path d=\"M6 6H4v2h2V6zm14 0H8v2h12V6zM4 11h2v2H4v-2zm16 0H8v2h12v-2zM4 16h2v2H4v-2zm16 0H8v2h12v-2z\" fill=\"currentColor\"><\/path><\/svg><svg style=\"fill: #0066bf;color:#0066bf\" class=\"arrow-unsorted-368013\" xmlns=\"http:\/\/www.w3.org\/2000\/svg\" width=\"10px\" height=\"10px\" viewBox=\"0 0 24 24\" version=\"1.2\" baseProfile=\"tiny\"><path d=\"M18.2 9.3l-6.2-6.3-6.2 6.3c-.2.2-.3.4-.3.7s.1.5.3.7c.2.2.4.3.7.3h11c.3 0 .5-.1.7-.3.2-.2.3-.5.3-.7s-.1-.5-.3-.7zM5.8 14.7l6.2 6.3 6.2-6.3c.2-.2.3-.5.3-.7s-.1-.5-.3-.7c-.2-.2-.4-.3-.7-.3h-11c-.3 0-.5.1-.7.3-.2.2-.3.5-.3.7s.1.5.3.7z\"\/><\/svg><\/span><\/span><\/span><\/a><\/span><\/div>\n<nav><ul class='ez-toc-list ez-toc-list-level-1 ' ><li class='ez-toc-page-1 ez-toc-heading-level-2'><a class=\"ez-toc-link ez-toc-heading-1\" href=\"https:\/\/www.empresaqui.com.br\/blog\/organizacoes-internacionais\/#O_que_sao_Organizacoes_Internacionais\" >O que s\u00e3o Organiza\u00e7\u00f5es Internacionais?<\/a><\/li><li class='ez-toc-page-1 ez-toc-heading-level-2'><a class=\"ez-toc-link ez-toc-heading-2\" href=\"https:\/\/www.empresaqui.com.br\/blog\/organizacoes-internacionais\/#Origem_das_Organizacoes_Internacionais\" >Origem das Organiza\u00e7\u00f5es Internacionais?&nbsp;<\/a><\/li><li class='ez-toc-page-1 ez-toc-heading-level-2'><a class=\"ez-toc-link ez-toc-heading-3\" href=\"https:\/\/www.empresaqui.com.br\/blog\/organizacoes-internacionais\/#Qual_a_importancia_das_Organizacoes_Internacionais\" >Qual a import\u00e2ncia das Organiza\u00e7\u00f5es Internacionais?&nbsp;<\/a><\/li><li class='ez-toc-page-1 ez-toc-heading-level-2'><a class=\"ez-toc-link ez-toc-heading-4\" href=\"https:\/\/www.empresaqui.com.br\/blog\/organizacoes-internacionais\/#Quais_sao_as_principais_Organizacoes_Internacionais\" >Quais s\u00e3o as principais Organiza\u00e7\u00f5es Internacionais?<\/a><\/li><li class='ez-toc-page-1 ez-toc-heading-level-2'><a class=\"ez-toc-link ez-toc-heading-5\" href=\"https:\/\/www.empresaqui.com.br\/blog\/organizacoes-internacionais\/#O_Brasil_no_panorama_das_Organizacoes_Internacionais\" >O Brasil no panorama das Organiza\u00e7\u00f5es Internacionais&nbsp;<\/a><\/li><li class='ez-toc-page-1 ez-toc-heading-level-2'><a class=\"ez-toc-link ez-toc-heading-6\" href=\"https:\/\/www.empresaqui.com.br\/blog\/organizacoes-internacionais\/#Como_mapear_Organizacoes_Internacionais\" >Como mapear Organiza\u00e7\u00f5es Internacionais?<\/a><\/li><li class='ez-toc-page-1 ez-toc-heading-level-2'><a class=\"ez-toc-link ez-toc-heading-7\" href=\"https:\/\/www.empresaqui.com.br\/blog\/organizacoes-internacionais\/#Gere_listas_de_empresas_personalizadas\" >Gere listas de empresas personalizadas!<\/a><\/li><\/ul><\/nav><\/div>\n<h2 class=\"wp-block-heading\"><span class=\"ez-toc-section\" id=\"O_que_sao_Organizacoes_Internacionais\"><\/span><strong>O que s\u00e3o Organiza\u00e7\u00f5es Internacionais?<\/strong><span class=\"ez-toc-section-end\"><\/span><\/h2>\n\n\n\n<p>As organiza\u00e7\u00f5es internacionais referem-se \u00e0 uni\u00e3o de blocos de pa\u00edses em prol de prop\u00f3sitos semelhantes. A constitui\u00e7\u00e3o dessas entidades est\u00e1 associada ao s\u00e9culo XX, o qual foi marcado por conflitos hist\u00f3ricos e econ\u00f4micos.&nbsp;&nbsp;<\/p>\n\n\n\n<p>Nesse sentido, a notoriedade das organiza\u00e7\u00f5es internacionais consiste na<strong> cria\u00e7\u00e3o de f\u00f3runs de di\u00e1logos sobre diversos aspectos de grande relev\u00e2ncia para a sociedade.&nbsp;<\/strong><\/p>\n\n\n\n<p>Esses blocos s\u00e3o frequentemente categorizados com base nos territ\u00f3rios de maior influ\u00eancia, sendo classificados como globais ou regionais.&nbsp;<\/p>\n\n\n\n<p>Dessa forma, existem variadas organiza\u00e7\u00f5es internacionais atuando em diversos setores, como cultura, pol\u00edtica e economia. O Brasil, por sua vez, \u00e9 membro de v\u00e1rias organiza\u00e7\u00f5es, com \u00eanfase nas organiza\u00e7\u00f5es regionais.&nbsp;<\/p>\n\n\n\n<h2 class=\"wp-block-heading\"><span class=\"ez-toc-section\" id=\"Origem_das_Organizacoes_Internacionais\"><\/span><strong>Origem das Organiza\u00e7\u00f5es Internacionais?&nbsp;<\/strong><span class=\"ez-toc-section-end\"><\/span><\/h2>\n\n\n\n<p>As organiza\u00e7\u00f5es internacionais s\u00e3o alian\u00e7as entre na\u00e7\u00f5es que se unem com objetivos&nbsp; comuns.&nbsp;<\/p>\n\n\n\n<p>Esse processo teve in\u00edcio no contexto hist\u00f3rico e econ\u00f4mico do s\u00e9culo XX, caracterizado por grandes conflitos, como a Segunda Guerra Mundial e a Guerra Fria.&nbsp;<\/p>\n\n\n\n<p>Nesse contexto de tens\u00e3o global, o desenvolvimento das organiza\u00e7\u00f5es internacionais surgiu como uma <strong>estrat\u00e9gia para promover novos par\u00e2metros de coopera\u00e7\u00e3o global e implementar a\u00e7\u00f5es em diversas \u00e1reas da sociedade.&nbsp;<\/strong><\/p>\n\n\n\n<p>No momento atual, as organiza\u00e7\u00f5es internacionais exercem uma miss\u00e3o crucial nas intera\u00e7\u00f5es entre os continentes, atuando nos ramos da diplomacia, economia e militar.&nbsp;<\/p>\n\n\n\n<h2 class=\"wp-block-heading\"><span class=\"ez-toc-section\" id=\"Qual_a_importancia_das_Organizacoes_Internacionais\"><\/span><strong>Qual a import\u00e2ncia das Organiza\u00e7\u00f5es Internacionais?&nbsp;<\/strong><span class=\"ez-toc-section-end\"><\/span><\/h2>\n\n\n\n<p>A relev\u00e2ncia das organiza\u00e7\u00f5es institucionais reside justamente, no papel que desempenham em diversas \u00e1reas da sociedade, cooperando&nbsp; para:&nbsp;<\/p>\n\n\n\n<ul class=\"wp-block-list\">\n<li>desenvolvimento econ\u00f4mico;<\/li>\n\n\n\n<li>investimento em infraestrutura;<\/li>\n\n\n\n<li>promo\u00e7\u00e3o cultural;<\/li>\n\n\n\n<li>a\u00e7\u00f5es ambientais;<\/li>\n\n\n\n<li>competi\u00e7\u00f5es esportivas.<\/li>\n<\/ul>\n\n\n\n<p>Essas organiza\u00e7\u00f5es consistem em um importante meio de di\u00e1logo no espa\u00e7o mundial, ajudando a<strong> resolver conflitos e mediar quest\u00f5es geopol\u00edticas.&nbsp;<\/strong><\/p>\n\n\n\n<p>Al\u00e9m disso, recentemente, elas t\u00eam assumido uma importante posi\u00e7\u00e3o nas discuss\u00f5es sobre mudan\u00e7as clim\u00e1ticas e na conserva\u00e7\u00e3o do patrim\u00f4nio cultural.&nbsp;<\/p>\n\n\n\n<p>Dessa forma, as entidades internacionais geram um impacto significativo, influenciando diretamente a vida das pessoas atrav\u00e9s de decis\u00f5es coletivas.<\/p>\n\n\n\n<h2 class=\"wp-block-heading\"><span class=\"ez-toc-section\" id=\"Quais_sao_as_principais_Organizacoes_Internacionais\"><\/span><strong>Quais s\u00e3o as principais Organiza\u00e7\u00f5es Internacionais?<\/strong><span class=\"ez-toc-section-end\"><\/span><\/h2>\n\n\n\n<p>Entre as organiza\u00e7\u00f5es internacionais, as entidades mais influentes apresentam uma quantidade elevada de membros ou possuem um significativo poder econ\u00f4mico ou militar.&nbsp;<\/p>\n\n\n\n<p>Sendo assim, confira algumas organiza\u00e7\u00f5es internacionais atuantes no mundo:&nbsp;<\/p>\n\n\n\n<h3 class=\"wp-block-heading\"><strong>Organiza\u00e7\u00e3o das Na\u00e7\u00f5es Unidas (ONU)<\/strong><\/h3>\n\n\n\n<p>Fundada ao final da Segunda Guerra Mundial, a ONU apresenta 193 integrantes permanentes e 2 integrantes afiliados. Essa organiza\u00e7\u00e3o \u00e9 encarregada de <strong>elaborar acordos internacionais e de promover a paz global.<\/strong>&nbsp;<\/p>\n\n\n\n<p>Nesse sentido, a ONU conta com seis \u00f3rg\u00e3os principais, como:&nbsp;<\/p>\n\n\n\n<ul class=\"wp-block-list\">\n<li>Assembleia Geral;<\/li>\n\n\n\n<li>Conselho de Seguran\u00e7a;<\/li>\n\n\n\n<li>Conselho Econ\u00f4mico e Social;<\/li>\n\n\n\n<li>Conselho de Tutela;<\/li>\n\n\n\n<li>Corte Internacional de Justi\u00e7a;<\/li>\n\n\n\n<li>Secretariado.&nbsp;<\/li>\n<\/ul>\n\n\n\n<h3 class=\"wp-block-heading\"><strong>Organiza\u00e7\u00e3o para a Coopera\u00e7\u00e3o e o Desenvolvimento Econ\u00f4mico (OCDE)<\/strong><\/h3>\n\n\n\n<p>A OCDE, tamb\u00e9m chamada de Clube dos Ricos, abrange pa\u00edses com alto n\u00edvel de desenvolvimento econ\u00f4mico.&nbsp;<\/p>\n\n\n\n<p>Nesse vi\u00e9s, essa organiza\u00e7\u00e3o foi criada na d\u00e9cada de 1960 e sua origem \u00e9 vista como uma extens\u00e3o do Plano Marshall, o qual foi implementado pelo governo dos EUA para auxiliar os pa\u00edses europeus durante a Guerra Fria.&nbsp;<\/p>\n\n\n\n<p>Dessa forma, a OCDE, al\u00e9m de apresentar um enfoque econ\u00f4mico, atua em outras \u00e1reas da sociais, como sa\u00fade e educa\u00e7\u00e3o, a fim de <strong>promover o desenvolvimento socioecon\u00f4mico de seus membros.&nbsp;<\/strong><\/p>\n\n\n\n<h3 class=\"wp-block-heading\"><strong>Organiza\u00e7\u00e3o Mundial do Com\u00e9rcio (OMC)<\/strong><\/h3>\n\n\n\n<p>A OMC \u00e9 dedicada \u00e0 normatiza\u00e7\u00e3o do com\u00e9rcio internacional. Essa organiza\u00e7\u00e3o foi fundada em 1995 e, atualmente, conta com 164 pa\u00edses-membros e 25 na\u00e7\u00f5es observadoras.&nbsp;<\/p>\n\n\n\n<p>Dessa forma, a fun\u00e7\u00e3o da OMC \u00e9, justamente, <strong>a promo\u00e7\u00e3o do livre-com\u00e9rcio e da livre concorr\u00eancia<\/strong>, al\u00e9m de atuar na diminui\u00e7\u00e3o dos obst\u00e1culos comerciais existentes entre os territ\u00f3rios.&nbsp;<\/p>\n\n\n\n<h3 class=\"wp-block-heading\"><strong>Fundo Monet\u00e1rio Internacional (FMI)<\/strong><\/h3>\n\n\n\n<p>O FMI dedica-se principalmente ao fornecimento de empr\u00e9stimos financeiros a diversos pa\u00edses espalhados pelo mundo.&nbsp;<\/p>\n\n\n\n<p>Nesse sentido, o objetivo \u00e9 corrigir intercorr\u00eancias no panorama econ\u00f4mico mundial,<strong> oferecendo suporte financeiro a na\u00e7\u00f5es que enfrentam desequil\u00edbrios econ\u00f4micos.<\/strong><\/p>\n\n\n\n<p>Essa organiza\u00e7\u00e3o foi estruturada no contexto p\u00f3s Segunda Guerra Mundial, quando diversos pa\u00edses, especialmente da Europa, necessitavam de suporte para restaurar suas economias. Atualmente, o FMI conta com 188 pa\u00edses-membros.&nbsp;<\/p>\n\n\n\n<h3 class=\"wp-block-heading\"><strong>Banco Mundial&nbsp;<\/strong><\/h3>\n\n\n\n<p>Semelhante ao FMI, o Banco Mundial concentra-se no oferecimento de empr\u00e9stimos a pa\u00edses. No entanto, os financiamentos realizados s\u00e3o direcionados a \u00e1reas estruturais, como transporte, comunica\u00e7\u00e3o, energia, sa\u00fade e educa\u00e7\u00e3o.&nbsp;<\/p>\n\n\n\n<p>Nesse sentido, o Banco Mundial \u00e9 um significativo<strong> apoiador financeiro de projetos de infraestrutura, principalmente em pa\u00edses subdesenvolvidos.&nbsp;<\/strong><\/p>\n\n\n\n<p>Al\u00e9m disso, essa organiza\u00e7\u00e3o tamb\u00e9m foi desenvolvida no contexto hist\u00f3rico e econ\u00f4mico ap\u00f3s a Segunda Guerra Mundial.&nbsp;<\/p>\n\n\n\n<h3 class=\"wp-block-heading\"><strong>Organiza\u00e7\u00e3o do Tratado do Atl\u00e2ntico Norte (Otan)<\/strong><\/h3>\n\n\n\n<p>A Otan \u00e9 a principal organiza\u00e7\u00e3o internacional no campo militar global, sendo composta por 31 membros, incluindo pa\u00edses europeus e norte-americanos, como Reino Unido, Fran\u00e7a e Estados Unidos.&nbsp;<\/p>\n\n\n\n<p>Nesse sentido, a Otan foi desenvolvida durante a Guerra Fria e, atualmente, possui um consider\u00e1vel poder militar, destacando-se na disponibilidade de armamentos nucleares e tropas aeron\u00e1uticas.&nbsp;<\/p>\n\n\n\n<h2 class=\"wp-block-heading\"><span class=\"ez-toc-section\" id=\"O_Brasil_no_panorama_das_Organizacoes_Internacionais\"><\/span><strong>O Brasil no panorama das Organiza\u00e7\u00f5es Internacionais&nbsp;<\/strong><span class=\"ez-toc-section-end\"><\/span><\/h2>\n\n\n\n<p>A presen\u00e7a do Brasil no cen\u00e1rio diplom\u00e1tico global apresenta grande relev\u00e2ncia, haja vista que atua tanto em escala internacional quanto regional.<\/p>\n\n\n\n<p>Nesse sentido, o Brasil integra diferentes entidades internacionais:&nbsp; Organiza\u00e7\u00e3o das Na\u00e7\u00f5es Unidas (ONU) e&nbsp; Organiza\u00e7\u00e3o Mundial da Sa\u00fade (OMS).&nbsp;<\/p>\n\n\n\n<p>Durante per\u00edodos de crises financeiras, o FMI e o Banco Mundial prestaram apoio ao governo brasileiro.&nbsp;<\/p>\n\n\n\n<p>Na escala regional, destaca-se a atua\u00e7\u00e3o do Brasil em diversas&nbsp; associa\u00e7\u00f5es, como&nbsp; a Organiza\u00e7\u00e3o dos Estados Americanos (OEA) e a Uni\u00e3o de Na\u00e7\u00f5es Sul-Americanas.<\/p>\n\n\n\n<p>Al\u00e9m disso, a rep\u00fablica apresenta uma participa\u00e7\u00e3o significativa no Mercosul, sendo\u00a0 um dos principais membros do bloco econ\u00f4mico.<\/p>\n\n\n\n<h2 class=\"wp-block-heading\"><span class=\"ez-toc-section\" id=\"Como_mapear_Organizacoes_Internacionais\"><\/span><strong>Como mapear Organiza\u00e7\u00f5es Internacionais?<\/strong><span class=\"ez-toc-section-end\"><\/span><\/h2>\n\n\n\n<p>O <a href=\"https:\/\/www.empresaqui.com.br\/\"><strong>Empresaqui<\/strong><\/a> \u00e9 uma ferramenta poderosa para profissionais que desejam filtrar e mapear organiza\u00e7\u00f5es internacionais de forma eficiente.&nbsp;<\/p>\n\n\n\n<p>Utilizando o filtro de porte empresarial da plataforma, os usu\u00e1rios podem segmentar empresas com base em seu tamanho, permitindo uma an\u00e1lise mais precisa e direcionada.&nbsp;<\/p>\n\n\n\n<p>Isso \u00e9 particularmente \u00fatil para <strong>identificar potenciais parceiros de neg\u00f3cios, concorrentes ou clientes<\/strong>.&nbsp;<\/p>\n\n\n\n<p>Al\u00e9m disso, o EmpresAqui oferece dados detalhados e atualizados que ajudam os usu\u00e1rios a compreender melhor o mercado como um todo, facilitando decis\u00f5es estrat\u00e9gicas e o desenvolvimento de oportunidades de neg\u00f3cios em diferentes regi\u00f5es.<\/p>\n\n\n\n<figure class=\"wp-block-image size-large\"><img loading=\"lazy\" decoding=\"async\" width=\"1024\" height=\"350\" src=\"https:\/\/www.empresaqui.com.br\/blog\/wp-content\/uploads\/2024\/08\/Organizacoes-internacionais-1024x350.png\" alt=\"Filtro Organiza\u00e7\u00f5es Internacionais no EmpresAqui\" class=\"wp-image-2157\" srcset=\"https:\/\/www.empresaqui.com.br\/blog\/wp-content\/uploads\/2024\/08\/Organizacoes-internacionais-1024x350.png 1024w, https:\/\/www.empresaqui.com.br\/blog\/wp-content\/uploads\/2024\/08\/Organizacoes-internacionais-300x103.png 300w, https:\/\/www.empresaqui.com.br\/blog\/wp-content\/uploads\/2024\/08\/Organizacoes-internacionais-768x262.png 768w, https:\/\/www.empresaqui.com.br\/blog\/wp-content\/uploads\/2024\/08\/Organizacoes-internacionais.png 1229w\" sizes=\"auto, (max-width: 1024px) 100vw, 1024px\" \/><figcaption class=\"wp-element-caption\">Filtro <strong>Organiza\u00e7\u00f5es Internacionais<\/strong> no EmpresAqui<\/figcaption><\/figure>\n\n\n\n<div class=\"banner\">\n            <h2><span class=\"ez-toc-section\" id=\"Gere_listas_de_empresas_personalizadas\"><\/span>Gere listas de empresas personalizadas!<span class=\"ez-toc-section-end\"><\/span><\/h2>\n            <p>Cadastre-se gr\u00e1tis agora mesmo<\/p>\n            <div class=\"bottom-banner\">\n                <img decoding=\"async\" src=\"https:\/\/www.empresaqui.com.br\/blog\/wp-content\/uploads\/2021\/11\/AdminLTELogo.png\" alt=\"Seu Logotipo\" class=\"logo\">\n                <a href=\"https:\/\/www.empresaqui.com.br\/plano-gratuito?utm_source=blog&amp;utm_medium=banner&amp;utm_campaign=CTA-GRATUITO-HTML\" class=\"cta-button-banner\">Teste aqui agora<\/a>\n            <\/div>\n        <\/div>\n        <style>\n            .bottom-banner{\n                display: flex;\n                justify-content: center;\n                align-items: center;\n            }\n            .bottom-banner img{\n                width: 3rem !important;\n                height: 3rem !important;\n                margin-right: 1rem;\n            }\n            .banner h2{\n                font-family: Arial, sans-serif;\n                color: #fff !important;\n            }\n            .banner p{\n                font-family: Arial, sans-serif;\n            }\n            .banner {\n                background:#001E40;\n                color: #FFFFFF;\n                text-align: center;\n                padding: 20px;\n            }\n            .cta-button-banner {\n                display: inline-block;\n                background-color: #0CFFFB;\n                color: #000;\n                border: none;\n                padding: 1px 15px;\n                font-size: 14px;\n                font-family: sans-serif;\n                font-weight: 700;\n                border-radius: 21px;\n                cursor: pointer;\n                transition: background-color 0.3s ease;\n                text-decoration: none;\n            }\n            @media (max-width: 767px) {\n                .banner h2{\n                    font-size:20px;\n                }\n                .cta-button-banner {\n                    padding: 1px 15px;\n                    font-size: 12px;\n                }\n            }\n        <\/style>\n","protected":false},"excerpt":{"rendered":"<p>As organiza\u00e7\u00f5es internacionais exercem um papel essencial no sistema global contempor\u00e2neo, funcionando como institui\u00e7\u00f5es essenciais para a colabora\u00e7\u00e3o entre diversos [&hellip;]<\/p>\n","protected":false},"author":8,"featured_media":0,"comment_status":"closed","ping_status":"closed","sticky":false,"template":"","format":"standard","meta":{"_acf_changed":false,"_uag_custom_page_level_css":"","site-sidebar-layout":"default","site-content-layout":"","ast-site-content-layout":"default","site-content-style":"default","site-sidebar-style":"default","ast-global-header-display":"","ast-banner-title-visibility":"","ast-main-header-display":"","ast-hfb-above-header-display":"","ast-hfb-below-header-display":"","ast-hfb-mobile-header-display":"","site-post-title":"","ast-breadcrumbs-content":"","ast-featured-img":"","footer-sml-layout":"","theme-transparent-header-meta":"","adv-header-id-meta":"","stick-header-meta":"","header-above-stick-meta":"","header-main-stick-meta":"","header-below-stick-meta":"","astra-migrate-meta-layouts":"default","ast-page-background-enabled":"default","ast-page-background-meta":{"desktop":{"background-color":"var(--ast-global-color-4)","background-image":"","background-repeat":"repeat","background-position":"center center","background-size":"auto","background-attachment":"scroll","background-type":"","background-media":"","overlay-type":"","overlay-color":"","overlay-opacity":"","overlay-gradient":""},"tablet":{"background-color":"","background-image":"","background-repeat":"repeat","background-position":"center center","background-size":"auto","background-attachment":"scroll","background-type":"","background-media":"","overlay-type":"","overlay-color":"","overlay-opacity":"","overlay-gradient":""},"mobile":{"background-color":"","background-image":"","background-repeat":"repeat","background-position":"center center","background-size":"auto","background-attachment":"scroll","background-type":"","background-media":"","overlay-type":"","overlay-color":"","overlay-opacity":"","overlay-gradient":""}},"ast-content-background-meta":{"desktop":{"background-color":"var(--ast-global-color-5)","background-image":"","background-repeat":"repeat","background-position":"center center","background-size":"auto","background-attachment":"scroll","background-type":"","background-media":"","overlay-type":"","overlay-color":"","overlay-opacity":"","overlay-gradient":""},"tablet":{"background-color":"var(--ast-global-color-5)","background-image":"","background-repeat":"repeat","background-position":"center center","background-size":"auto","background-attachment":"scroll","background-type":"","background-media":"","overlay-type":"","overlay-color":"","overlay-opacity":"","overlay-gradient":""},"mobile":{"background-color":"var(--ast-global-color-5)","background-image":"","background-repeat":"repeat","background-position":"center center","background-size":"auto","background-attachment":"scroll","background-type":"","background-media":"","overlay-type":"","overlay-color":"","overlay-opacity":"","overlay-gradient":""}},"footnotes":""},"categories":[4],"tags":[],"class_list":["post-2156","post","type-post","status-publish","format-standard","hentry","category-dicas-de-uso"],"acf":[],"yoast_head":"<!-- This site is optimized with the Yoast SEO plugin v27.4 - https:\/\/yoast.com\/product\/yoast-seo-wordpress\/ -->\n<title>Organiza\u00e7\u00f5es Internacionais: o que s\u00e3o e qual a import\u00e2ncia?<\/title>\n<meta name=\"description\" content=\"Descubra a import\u00e2ncia das Organiza\u00e7\u00f5es Internacionais na garantia de um cen\u00e1rio mundial mais equilibrado, marcado pela coopera\u00e7\u00e3o entre as na\u00e7\u00f5es.\" \/>\n<meta name=\"robots\" content=\"index, follow, max-snippet:-1, max-image-preview:large, max-video-preview:-1\" \/>\n<link rel=\"canonical\" href=\"https:\/\/www.empresaqui.com.br\/blog\/organizacoes-internacionais\/\" \/>\n<meta property=\"og:locale\" content=\"pt_BR\" \/>\n<meta property=\"og:type\" content=\"article\" \/>\n<meta property=\"og:title\" content=\"Organiza\u00e7\u00f5es Internacionais: o que s\u00e3o e qual a import\u00e2ncia?\" \/>\n<meta property=\"og:description\" content=\"Descubra a import\u00e2ncia das Organiza\u00e7\u00f5es Internacionais na garantia de um cen\u00e1rio mundial mais equilibrado, marcado pela coopera\u00e7\u00e3o entre as na\u00e7\u00f5es.\" \/>\n<meta property=\"og:url\" content=\"https:\/\/www.empresaqui.com.br\/blog\/organizacoes-internacionais\/\" \/>\n<meta property=\"og:site_name\" content=\"Blog EmpresAqui\" \/>\n<meta property=\"article:publisher\" content=\"https:\/\/www.facebook.com\/empresaquibr\" \/>\n<meta property=\"article:published_time\" content=\"2024-08-06T19:23:30+00:00\" \/>\n<meta property=\"article:modified_time\" content=\"2024-08-06T19:23:33+00:00\" \/>\n<meta property=\"og:image\" content=\"https:\/\/www.empresaqui.com.br\/blog\/wp-content\/uploads\/2024\/08\/Organizacoes-internacionais-1024x350.png\" \/>\n<meta name=\"author\" content=\"Danillo Rocha\" \/>\n<meta name=\"twitter:card\" content=\"summary_large_image\" \/>\n<meta name=\"twitter:label1\" content=\"Escrito por\" \/>\n\t<meta name=\"twitter:data1\" content=\"Danillo Rocha\" \/>\n\t<meta name=\"twitter:label2\" content=\"Est. tempo de leitura\" \/>\n\t<meta name=\"twitter:data2\" content=\"7 minutos\" \/>\n<script type=\"application\/ld+json\" class=\"yoast-schema-graph\">{\"@context\":\"https:\\\/\\\/schema.org\",\"@graph\":[{\"@type\":\"Article\",\"@id\":\"https:\\\/\\\/www.empresaqui.com.br\\\/blog\\\/organizacoes-internacionais\\\/#article\",\"isPartOf\":{\"@id\":\"https:\\\/\\\/www.empresaqui.com.br\\\/blog\\\/organizacoes-internacionais\\\/\"},\"author\":{\"name\":\"Danillo Rocha\",\"@id\":\"https:\\\/\\\/www.empresaqui.com.br\\\/blog\\\/#\\\/schema\\\/person\\\/be165d2b8065bfa20b88787a07cf9e96\"},\"headline\":\"Organiza\u00e7\u00f5es Internacionais: o pilar da coopera\u00e7\u00e3o entre os pa\u00edses\",\"datePublished\":\"2024-08-06T19:23:30+00:00\",\"dateModified\":\"2024-08-06T19:23:33+00:00\",\"mainEntityOfPage\":{\"@id\":\"https:\\\/\\\/www.empresaqui.com.br\\\/blog\\\/organizacoes-internacionais\\\/\"},\"wordCount\":1258,\"publisher\":{\"@id\":\"https:\\\/\\\/www.empresaqui.com.br\\\/blog\\\/#organization\"},\"image\":{\"@id\":\"https:\\\/\\\/www.empresaqui.com.br\\\/blog\\\/organizacoes-internacionais\\\/#primaryimage\"},\"thumbnailUrl\":\"https:\\\/\\\/www.empresaqui.com.br\\\/blog\\\/wp-content\\\/uploads\\\/2024\\\/08\\\/Organizacoes-internacionais-1024x350.png\",\"articleSection\":[\"Dicas de Uso\"],\"inLanguage\":\"pt-BR\"},{\"@type\":\"WebPage\",\"@id\":\"https:\\\/\\\/www.empresaqui.com.br\\\/blog\\\/organizacoes-internacionais\\\/\",\"url\":\"https:\\\/\\\/www.empresaqui.com.br\\\/blog\\\/organizacoes-internacionais\\\/\",\"name\":\"Organiza\u00e7\u00f5es Internacionais: o que s\u00e3o e qual a import\u00e2ncia?\",\"isPartOf\":{\"@id\":\"https:\\\/\\\/www.empresaqui.com.br\\\/blog\\\/#website\"},\"primaryImageOfPage\":{\"@id\":\"https:\\\/\\\/www.empresaqui.com.br\\\/blog\\\/organizacoes-internacionais\\\/#primaryimage\"},\"image\":{\"@id\":\"https:\\\/\\\/www.empresaqui.com.br\\\/blog\\\/organizacoes-internacionais\\\/#primaryimage\"},\"thumbnailUrl\":\"https:\\\/\\\/www.empresaqui.com.br\\\/blog\\\/wp-content\\\/uploads\\\/2024\\\/08\\\/Organizacoes-internacionais-1024x350.png\",\"datePublished\":\"2024-08-06T19:23:30+00:00\",\"dateModified\":\"2024-08-06T19:23:33+00:00\",\"description\":\"Descubra a import\u00e2ncia das Organiza\u00e7\u00f5es Internacionais na garantia de um cen\u00e1rio mundial mais equilibrado, marcado pela coopera\u00e7\u00e3o entre as na\u00e7\u00f5es.\",\"breadcrumb\":{\"@id\":\"https:\\\/\\\/www.empresaqui.com.br\\\/blog\\\/organizacoes-internacionais\\\/#breadcrumb\"},\"inLanguage\":\"pt-BR\",\"potentialAction\":[{\"@type\":\"ReadAction\",\"target\":[\"https:\\\/\\\/www.empresaqui.com.br\\\/blog\\\/organizacoes-internacionais\\\/\"]}]},{\"@type\":\"ImageObject\",\"inLanguage\":\"pt-BR\",\"@id\":\"https:\\\/\\\/www.empresaqui.com.br\\\/blog\\\/organizacoes-internacionais\\\/#primaryimage\",\"url\":\"https:\\\/\\\/www.empresaqui.com.br\\\/blog\\\/wp-content\\\/uploads\\\/2024\\\/08\\\/Organizacoes-internacionais.png\",\"contentUrl\":\"https:\\\/\\\/www.empresaqui.com.br\\\/blog\\\/wp-content\\\/uploads\\\/2024\\\/08\\\/Organizacoes-internacionais.png\",\"width\":1229,\"height\":420},{\"@type\":\"BreadcrumbList\",\"@id\":\"https:\\\/\\\/www.empresaqui.com.br\\\/blog\\\/organizacoes-internacionais\\\/#breadcrumb\",\"itemListElement\":[{\"@type\":\"ListItem\",\"position\":1,\"name\":\"In\u00edcio\",\"item\":\"https:\\\/\\\/www.empresaqui.com.br\\\/blog\\\/\"},{\"@type\":\"ListItem\",\"position\":2,\"name\":\"Dicas de Uso\",\"item\":\"https:\\\/\\\/www.empresaqui.com.br\\\/blog\\\/category\\\/dicas-de-uso\\\/\"},{\"@type\":\"ListItem\",\"position\":3,\"name\":\"Organiza\u00e7\u00f5es Internacionais: o pilar da coopera\u00e7\u00e3o entre os pa\u00edses\"}]},{\"@type\":\"WebSite\",\"@id\":\"https:\\\/\\\/www.empresaqui.com.br\\\/blog\\\/#website\",\"url\":\"https:\\\/\\\/www.empresaqui.com.br\\\/blog\\\/\",\"name\":\"Blog EmpresAqui\",\"description\":\"\",\"publisher\":{\"@id\":\"https:\\\/\\\/www.empresaqui.com.br\\\/blog\\\/#organization\"},\"potentialAction\":[{\"@type\":\"SearchAction\",\"target\":{\"@type\":\"EntryPoint\",\"urlTemplate\":\"https:\\\/\\\/www.empresaqui.com.br\\\/blog\\\/?s={search_term_string}\"},\"query-input\":{\"@type\":\"PropertyValueSpecification\",\"valueRequired\":true,\"valueName\":\"search_term_string\"}}],\"inLanguage\":\"pt-BR\"},{\"@type\":\"Organization\",\"@id\":\"https:\\\/\\\/www.empresaqui.com.br\\\/blog\\\/#organization\",\"name\":\"EmpresAqui\",\"url\":\"https:\\\/\\\/www.empresaqui.com.br\\\/blog\\\/\",\"logo\":{\"@type\":\"ImageObject\",\"inLanguage\":\"pt-BR\",\"@id\":\"https:\\\/\\\/www.empresaqui.com.br\\\/blog\\\/#\\\/schema\\\/logo\\\/image\\\/\",\"url\":\"https:\\\/\\\/www.empresaqui.com.br\\\/blog\\\/wp-content\\\/uploads\\\/2023\\\/02\\\/cropped-cropped-AdminLTELogo-2-1-1.png\",\"contentUrl\":\"https:\\\/\\\/www.empresaqui.com.br\\\/blog\\\/wp-content\\\/uploads\\\/2023\\\/02\\\/cropped-cropped-AdminLTELogo-2-1-1.png\",\"width\":100,\"height\":100,\"caption\":\"EmpresAqui\"},\"image\":{\"@id\":\"https:\\\/\\\/www.empresaqui.com.br\\\/blog\\\/#\\\/schema\\\/logo\\\/image\\\/\"},\"sameAs\":[\"https:\\\/\\\/www.facebook.com\\\/empresaquibr\",\"https:\\\/\\\/www.instagram.com\\\/empresaqui\"]},{\"@type\":\"Person\",\"@id\":\"https:\\\/\\\/www.empresaqui.com.br\\\/blog\\\/#\\\/schema\\\/person\\\/be165d2b8065bfa20b88787a07cf9e96\",\"name\":\"Danillo Rocha\",\"image\":{\"@type\":\"ImageObject\",\"inLanguage\":\"pt-BR\",\"@id\":\"https:\\\/\\\/secure.gravatar.com\\\/avatar\\\/a440539fd479fe3447e5aeaa627ba644f1a101516334fa5a2b263c192ba710bc?s=96&d=mm&r=g\",\"url\":\"https:\\\/\\\/secure.gravatar.com\\\/avatar\\\/a440539fd479fe3447e5aeaa627ba644f1a101516334fa5a2b263c192ba710bc?s=96&d=mm&r=g\",\"contentUrl\":\"https:\\\/\\\/secure.gravatar.com\\\/avatar\\\/a440539fd479fe3447e5aeaa627ba644f1a101516334fa5a2b263c192ba710bc?s=96&d=mm&r=g\",\"caption\":\"Danillo Rocha\"},\"description\":\"Danillo Rocha \u00e9 CEO e fundador do EmpresAqui, plataforma de intelig\u00eancia de mercado e gera\u00e7\u00e3o de leads B2B com mais de 300 mil usu\u00e1rios. Formado em Ci\u00eancia da Computa\u00e7\u00e3o, com especializa\u00e7\u00e3o em Softwares e Dados e Per\u00edcia Financeira, \u00e9 empreendedor em tecnologia e neg\u00f3cios B2B.\",\"sameAs\":[\"https:\\\/\\\/www.empresaqui.com.br\\\/\",\"https:\\\/\\\/www.instagram.com\\\/danillorocha10\",\"https:\\\/\\\/www.instagram.com\\\/danillorocha\"],\"url\":\"https:\\\/\\\/www.empresaqui.com.br\\\/blog\\\/author\\\/danillo-rocha\\\/\"}]}<\/script>\n<!-- \/ Yoast SEO plugin. -->","yoast_head_json":{"title":"Organiza\u00e7\u00f5es Internacionais: o que s\u00e3o e qual a import\u00e2ncia?","description":"Descubra a import\u00e2ncia das Organiza\u00e7\u00f5es Internacionais na garantia de um cen\u00e1rio mundial mais equilibrado, marcado pela coopera\u00e7\u00e3o entre as na\u00e7\u00f5es.","robots":{"index":"index","follow":"follow","max-snippet":"max-snippet:-1","max-image-preview":"max-image-preview:large","max-video-preview":"max-video-preview:-1"},"canonical":"https:\/\/www.empresaqui.com.br\/blog\/organizacoes-internacionais\/","og_locale":"pt_BR","og_type":"article","og_title":"Organiza\u00e7\u00f5es Internacionais: o que s\u00e3o e qual a import\u00e2ncia?","og_description":"Descubra a import\u00e2ncia das Organiza\u00e7\u00f5es Internacionais na garantia de um cen\u00e1rio mundial mais equilibrado, marcado pela coopera\u00e7\u00e3o entre as na\u00e7\u00f5es.","og_url":"https:\/\/www.empresaqui.com.br\/blog\/organizacoes-internacionais\/","og_site_name":"Blog EmpresAqui","article_publisher":"https:\/\/www.facebook.com\/empresaquibr","article_published_time":"2024-08-06T19:23:30+00:00","article_modified_time":"2024-08-06T19:23:33+00:00","og_image":[{"url":"https:\/\/www.empresaqui.com.br\/blog\/wp-content\/uploads\/2024\/08\/Organizacoes-internacionais-1024x350.png","type":"","width":"","height":""}],"author":"Danillo Rocha","twitter_card":"summary_large_image","twitter_misc":{"Escrito por":"Danillo Rocha","Est. tempo de leitura":"7 minutos"},"schema":{"@context":"https:\/\/schema.org","@graph":[{"@type":"Article","@id":"https:\/\/www.empresaqui.com.br\/blog\/organizacoes-internacionais\/#article","isPartOf":{"@id":"https:\/\/www.empresaqui.com.br\/blog\/organizacoes-internacionais\/"},"author":{"name":"Danillo Rocha","@id":"https:\/\/www.empresaqui.com.br\/blog\/#\/schema\/person\/be165d2b8065bfa20b88787a07cf9e96"},"headline":"Organiza\u00e7\u00f5es Internacionais: o pilar da coopera\u00e7\u00e3o entre os pa\u00edses","datePublished":"2024-08-06T19:23:30+00:00","dateModified":"2024-08-06T19:23:33+00:00","mainEntityOfPage":{"@id":"https:\/\/www.empresaqui.com.br\/blog\/organizacoes-internacionais\/"},"wordCount":1258,"publisher":{"@id":"https:\/\/www.empresaqui.com.br\/blog\/#organization"},"image":{"@id":"https:\/\/www.empresaqui.com.br\/blog\/organizacoes-internacionais\/#primaryimage"},"thumbnailUrl":"https:\/\/www.empresaqui.com.br\/blog\/wp-content\/uploads\/2024\/08\/Organizacoes-internacionais-1024x350.png","articleSection":["Dicas de Uso"],"inLanguage":"pt-BR"},{"@type":"WebPage","@id":"https:\/\/www.empresaqui.com.br\/blog\/organizacoes-internacionais\/","url":"https:\/\/www.empresaqui.com.br\/blog\/organizacoes-internacionais\/","name":"Organiza\u00e7\u00f5es Internacionais: o que s\u00e3o e qual a import\u00e2ncia?","isPartOf":{"@id":"https:\/\/www.empresaqui.com.br\/blog\/#website"},"primaryImageOfPage":{"@id":"https:\/\/www.empresaqui.com.br\/blog\/organizacoes-internacionais\/#primaryimage"},"image":{"@id":"https:\/\/www.empresaqui.com.br\/blog\/organizacoes-internacionais\/#primaryimage"},"thumbnailUrl":"https:\/\/www.empresaqui.com.br\/blog\/wp-content\/uploads\/2024\/08\/Organizacoes-internacionais-1024x350.png","datePublished":"2024-08-06T19:23:30+00:00","dateModified":"2024-08-06T19:23:33+00:00","description":"Descubra a import\u00e2ncia das Organiza\u00e7\u00f5es Internacionais na garantia de um cen\u00e1rio mundial mais equilibrado, marcado pela coopera\u00e7\u00e3o entre as na\u00e7\u00f5es.","breadcrumb":{"@id":"https:\/\/www.empresaqui.com.br\/blog\/organizacoes-internacionais\/#breadcrumb"},"inLanguage":"pt-BR","potentialAction":[{"@type":"ReadAction","target":["https:\/\/www.empresaqui.com.br\/blog\/organizacoes-internacionais\/"]}]},{"@type":"ImageObject","inLanguage":"pt-BR","@id":"https:\/\/www.empresaqui.com.br\/blog\/organizacoes-internacionais\/#primaryimage","url":"https:\/\/www.empresaqui.com.br\/blog\/wp-content\/uploads\/2024\/08\/Organizacoes-internacionais.png","contentUrl":"https:\/\/www.empresaqui.com.br\/blog\/wp-content\/uploads\/2024\/08\/Organizacoes-internacionais.png","width":1229,"height":420},{"@type":"BreadcrumbList","@id":"https:\/\/www.empresaqui.com.br\/blog\/organizacoes-internacionais\/#breadcrumb","itemListElement":[{"@type":"ListItem","position":1,"name":"In\u00edcio","item":"https:\/\/www.empresaqui.com.br\/blog\/"},{"@type":"ListItem","position":2,"name":"Dicas de Uso","item":"https:\/\/www.empresaqui.com.br\/blog\/category\/dicas-de-uso\/"},{"@type":"ListItem","position":3,"name":"Organiza\u00e7\u00f5es Internacionais: o pilar da coopera\u00e7\u00e3o entre os pa\u00edses"}]},{"@type":"WebSite","@id":"https:\/\/www.empresaqui.com.br\/blog\/#website","url":"https:\/\/www.empresaqui.com.br\/blog\/","name":"Blog EmpresAqui","description":"","publisher":{"@id":"https:\/\/www.empresaqui.com.br\/blog\/#organization"},"potentialAction":[{"@type":"SearchAction","target":{"@type":"EntryPoint","urlTemplate":"https:\/\/www.empresaqui.com.br\/blog\/?s={search_term_string}"},"query-input":{"@type":"PropertyValueSpecification","valueRequired":true,"valueName":"search_term_string"}}],"inLanguage":"pt-BR"},{"@type":"Organization","@id":"https:\/\/www.empresaqui.com.br\/blog\/#organization","name":"EmpresAqui","url":"https:\/\/www.empresaqui.com.br\/blog\/","logo":{"@type":"ImageObject","inLanguage":"pt-BR","@id":"https:\/\/www.empresaqui.com.br\/blog\/#\/schema\/logo\/image\/","url":"https:\/\/www.empresaqui.com.br\/blog\/wp-content\/uploads\/2023\/02\/cropped-cropped-AdminLTELogo-2-1-1.png","contentUrl":"https:\/\/www.empresaqui.com.br\/blog\/wp-content\/uploads\/2023\/02\/cropped-cropped-AdminLTELogo-2-1-1.png","width":100,"height":100,"caption":"EmpresAqui"},"image":{"@id":"https:\/\/www.empresaqui.com.br\/blog\/#\/schema\/logo\/image\/"},"sameAs":["https:\/\/www.facebook.com\/empresaquibr","https:\/\/www.instagram.com\/empresaqui"]},{"@type":"Person","@id":"https:\/\/www.empresaqui.com.br\/blog\/#\/schema\/person\/be165d2b8065bfa20b88787a07cf9e96","name":"Danillo Rocha","image":{"@type":"ImageObject","inLanguage":"pt-BR","@id":"https:\/\/secure.gravatar.com\/avatar\/a440539fd479fe3447e5aeaa627ba644f1a101516334fa5a2b263c192ba710bc?s=96&d=mm&r=g","url":"https:\/\/secure.gravatar.com\/avatar\/a440539fd479fe3447e5aeaa627ba644f1a101516334fa5a2b263c192ba710bc?s=96&d=mm&r=g","contentUrl":"https:\/\/secure.gravatar.com\/avatar\/a440539fd479fe3447e5aeaa627ba644f1a101516334fa5a2b263c192ba710bc?s=96&d=mm&r=g","caption":"Danillo Rocha"},"description":"Danillo Rocha \u00e9 CEO e fundador do EmpresAqui, plataforma de intelig\u00eancia de mercado e gera\u00e7\u00e3o de leads B2B com mais de 300 mil usu\u00e1rios. Formado em Ci\u00eancia da Computa\u00e7\u00e3o, com especializa\u00e7\u00e3o em Softwares e Dados e Per\u00edcia Financeira, \u00e9 empreendedor em tecnologia e neg\u00f3cios B2B.","sameAs":["https:\/\/www.empresaqui.com.br\/","https:\/\/www.instagram.com\/danillorocha10","https:\/\/www.instagram.com\/danillorocha"],"url":"https:\/\/www.empresaqui.com.br\/blog\/author\/danillo-rocha\/"}]}},"uagb_featured_image_src":{"full":false,"thumbnail":false,"medium":false,"medium_large":false,"large":false,"1536x1536":false,"2048x2048":false},"uagb_author_info":{"display_name":"Danillo Rocha","author_link":"https:\/\/www.empresaqui.com.br\/blog\/author\/danillo-rocha\/"},"uagb_comment_info":0,"uagb_excerpt":"As organiza\u00e7\u00f5es internacionais exercem um papel essencial no sistema global contempor\u00e2neo, funcionando como institui\u00e7\u00f5es essenciais para a colabora\u00e7\u00e3o entre diversos [&hellip;]","_links":{"self":[{"href":"https:\/\/www.empresaqui.com.br\/blog\/wp-json\/wp\/v2\/posts\/2156","targetHints":{"allow":["GET"]}}],"collection":[{"href":"https:\/\/www.empresaqui.com.br\/blog\/wp-json\/wp\/v2\/posts"}],"about":[{"href":"https:\/\/www.empresaqui.com.br\/blog\/wp-json\/wp\/v2\/types\/post"}],"author":[{"embeddable":true,"href":"https:\/\/www.empresaqui.com.br\/blog\/wp-json\/wp\/v2\/users\/8"}],"replies":[{"embeddable":true,"href":"https:\/\/www.empresaqui.com.br\/blog\/wp-json\/wp\/v2\/comments?post=2156"}],"version-history":[{"count":1,"href":"https:\/\/www.empresaqui.com.br\/blog\/wp-json\/wp\/v2\/posts\/2156\/revisions"}],"predecessor-version":[{"id":2158,"href":"https:\/\/www.empresaqui.com.br\/blog\/wp-json\/wp\/v2\/posts\/2156\/revisions\/2158"}],"wp:attachment":[{"href":"https:\/\/www.empresaqui.com.br\/blog\/wp-json\/wp\/v2\/media?parent=2156"}],"wp:term":[{"taxonomy":"category","embeddable":true,"href":"https:\/\/www.empresaqui.com.br\/blog\/wp-json\/wp\/v2\/categories?post=2156"},{"taxonomy":"post_tag","embeddable":true,"href":"https:\/\/www.empresaqui.com.br\/blog\/wp-json\/wp\/v2\/tags?post=2156"}],"curies":[{"name":"wp","href":"https:\/\/api.w.org\/{rel}","templated":true}]}}