{"id":1904,"date":"2024-07-16T09:26:42","date_gmt":"2024-07-16T12:26:42","guid":{"rendered":"https:\/\/www.empresaqui.com.br\/blog\/?p=1904"},"modified":"2024-11-01T14:33:22","modified_gmt":"2024-11-01T17:33:22","slug":"representante-de-vendas","status":"publish","type":"post","link":"https:\/\/www.empresaqui.com.br\/blog\/representante-de-vendas\/","title":{"rendered":"Representante de Vendas: forma\u00e7\u00e3o, sal\u00e1rio e dia a dia na fun\u00e7\u00e3o"},"content":{"rendered":"\n<p>Um representante de vendas \u00e9 o respons\u00e1vel por divulgar produtos, servi\u00e7os e fechar neg\u00f3cios para a empresa, atuando nessa linha de frente. Este profissional identifica oportunidades de vendas e constr\u00f3i relacionamentos para atingir metas comerciais.&nbsp;<\/p>\n\n\n\n<p>Mas como \u00e9 o dia a dia do representante de vendas e qual a sua m\u00e9dia salarial?<\/p>\n\n\n\n<p>Neste artigo, vamos abordar a rotina de um representante, detalhando suas principais tarefas, responsabilidades e expectativas salariais, fornecendo uma vis\u00e3o completa sobre essa carreira din\u00e2mica.<\/p>\n\n\n\n<div id=\"ez-toc-container\" class=\"ez-toc-v2_0_81 ez-toc-wrap-left counter-hierarchy ez-toc-counter ez-toc-custom ez-toc-container-direction\">\n<div class=\"ez-toc-title-container\">\n<p class=\"ez-toc-title\" style=\"cursor:inherit\">Neste artigo voc\u00ea vai ver:<\/p>\n<span class=\"ez-toc-title-toggle\"><a href=\"#\" class=\"ez-toc-pull-right ez-toc-btn ez-toc-btn-xs ez-toc-btn-default ez-toc-toggle\" aria-label=\"Alternar tabela de conte\u00fado\"><span class=\"ez-toc-js-icon-con\"><span class=\"\"><span class=\"eztoc-hide\" style=\"display:none;\">Toggle<\/span><span class=\"ez-toc-icon-toggle-span\"><svg style=\"fill: #0066bf;color:#0066bf\" xmlns=\"http:\/\/www.w3.org\/2000\/svg\" class=\"list-377408\" width=\"20px\" height=\"20px\" viewBox=\"0 0 24 24\" fill=\"none\"><path d=\"M6 6H4v2h2V6zm14 0H8v2h12V6zM4 11h2v2H4v-2zm16 0H8v2h12v-2zM4 16h2v2H4v-2zm16 0H8v2h12v-2z\" fill=\"currentColor\"><\/path><\/svg><svg style=\"fill: #0066bf;color:#0066bf\" class=\"arrow-unsorted-368013\" xmlns=\"http:\/\/www.w3.org\/2000\/svg\" width=\"10px\" height=\"10px\" viewBox=\"0 0 24 24\" version=\"1.2\" baseProfile=\"tiny\"><path d=\"M18.2 9.3l-6.2-6.3-6.2 6.3c-.2.2-.3.4-.3.7s.1.5.3.7c.2.2.4.3.7.3h11c.3 0 .5-.1.7-.3.2-.2.3-.5.3-.7s-.1-.5-.3-.7zM5.8 14.7l6.2 6.3 6.2-6.3c.2-.2.3-.5.3-.7s-.1-.5-.3-.7c-.2-.2-.4-.3-.7-.3h-11c-.3 0-.5.1-.7.3-.2.2-.3.5-.3.7s.1.5.3.7z\"\/><\/svg><\/span><\/span><\/span><\/a><\/span><\/div>\n<nav><ul class='ez-toc-list ez-toc-list-level-1 ' ><li class='ez-toc-page-1 ez-toc-heading-level-2'><a class=\"ez-toc-link ez-toc-heading-1\" href=\"https:\/\/www.empresaqui.com.br\/blog\/representante-de-vendas\/#O_que_e_um_Representante_de_Vendas\" >O que \u00e9 um Representante de Vendas?<\/a><\/li><li class='ez-toc-page-1 ez-toc-heading-level-2'><a class=\"ez-toc-link ez-toc-heading-2\" href=\"https:\/\/www.empresaqui.com.br\/blog\/representante-de-vendas\/#Ebook_A_Arte_das_Vendas_B2B\" >Ebook A Arte das Vendas B2B<\/a><\/li><li class='ez-toc-page-1 ez-toc-heading-level-2'><a class=\"ez-toc-link ez-toc-heading-3\" href=\"https:\/\/www.empresaqui.com.br\/blog\/representante-de-vendas\/#Responsabilidades_do_Representante_de_Vendas\" >Responsabilidades do Representante de Vendas<\/a><\/li><li class='ez-toc-page-1 ez-toc-heading-level-2'><a class=\"ez-toc-link ez-toc-heading-4\" href=\"https:\/\/www.empresaqui.com.br\/blog\/representante-de-vendas\/#Qual_a_diferenca_entre_um_Representante_de_Vendas_e_o_Vendedor\" >Qual a diferen\u00e7a entre um Representante de Vendas e o Vendedor?<\/a><\/li><li class='ez-toc-page-1 ez-toc-heading-level-2'><a class=\"ez-toc-link ez-toc-heading-5\" href=\"https:\/\/www.empresaqui.com.br\/blog\/representante-de-vendas\/#O_que_e_preciso_para_ser_um_Representante_de_Vendas\" >O que \u00e9 preciso para ser um Representante de Vendas?<\/a><\/li><li class='ez-toc-page-1 ez-toc-heading-level-2'><a class=\"ez-toc-link ez-toc-heading-6\" href=\"https:\/\/www.empresaqui.com.br\/blog\/representante-de-vendas\/#Valor_salarial_de_um_Representante_de_Vendas\" >Valor salarial de um Representante de Vendas<\/a><\/li><li class='ez-toc-page-1 ez-toc-heading-level-2'><a class=\"ez-toc-link ez-toc-heading-7\" href=\"https:\/\/www.empresaqui.com.br\/blog\/representante-de-vendas\/#Gere_listas_de_empresas_personalizadas\" >Gere listas de empresas personalizadas!<\/a><\/li><\/ul><\/nav><\/div>\n<h2 class=\"wp-block-heading\"><span class=\"ez-toc-section\" id=\"O_que_e_um_Representante_de_Vendas\"><\/span><strong>O que \u00e9 um Representante de Vendas?<\/strong><span class=\"ez-toc-section-end\"><\/span><\/h2>\n\n\n\n<p>Um Representante de Vendas, tamb\u00e9m conhecido como vendedor externo, \u00e9 o <strong>profissional encarregado de vender produtos ou servi\u00e7os de uma empresa<\/strong>.&nbsp;<\/p>\n\n\n\n<p>Este papel \u00e9 indispens\u00e1vel para o crescimento e sustentabilidade dos neg\u00f3cios, pois envolve n\u00e3o apenas a comercializa\u00e7\u00e3o dos produtos, mas tamb\u00e9m a <strong>constru\u00e7\u00e3o e manuten\u00e7\u00e3o de relacionamentos com clientes<\/strong>.&nbsp;<\/p>\n\n\n\n<p>Vamos detalhar mais sobre as atribui\u00e7\u00f5es e a import\u00e2ncia deste profissional.<\/p>\n\n\n\n<style>\n    body {\n        font-family: 'Montserrat', sans-serif;\n        margin: 0;\n        padding: 0;\n        background-color: #F4F4F4;\n    }\n    .cta-container {\n        display: flex;\n        flex-direction: column;\n        align-items: center;\n        justify-content: center;\n        background-color: #131763;\n        padding: 20px 5px;\n        color: white;\n        max-width: 1000px;\n        margin: 20px auto;\n    }\n    .linha-um {\n        display: flex;\n        flex-direction: row;\n        width: 100%;\n    }\n    .cta-image {\n        width: 60%;\n        display: flex;\n        justify-content: center;\n    }\n    .cta-image img {\n        height: auto;\n        width: 100%;\n    }\n    .cta-content {\n        width: 70%;\n        padding: 0px;\n        text-align: center;\n        margin-left: 10px;\n        margin-right: 10px;\n        display: flex;\n        justify-content: center;\n        flex-direction: column;\n    }\n    .cta-content h2 {\n        text-shadow:\n            0 0 5px rgba(0, 0, 0, 1);\n        font-size: 24px !important;\n        margin: 0 0 10px;\n        line-height: 1.2;\n        text-align: center;\n        color: white;\n    }\n    .cta-content p {\n        font-size: 15px;\n        text-align: center;\n    }\n    .animated-button {\n        color: #031844;\n        font-weight: bold;\n        font-size: 15px;\n        font-family: 'Montserrat', sans-serif;\n        padding: 2px 20px;\n        background-color: #0CFFFB;\n        border: 1px solid #000;\n        border-radius: 45px;\n        cursor: pointer;\n        transition: all 0.3s ease;\n        transform: scale(0.9);\n        opacity: 0;\n        animation: fadeInScale 0.5s ease forwards;\n        text-shadow:\n            0 0 5px rgba(0, 0, 0, 0.4);\n        text-decoration: none;\n        display: block;\n        margin: 0px auto;\n        width: fit-content;\n    }\n    .animated-button:hover {\n        background-color: #00E1FF;\n        transform: scale(1.05);\n    }\n    .animated-button:active {\n        background-color: #00B8D4;\n        transform: scale(0.95);\n    }\n    @keyframes fadeInScale {\n        0% {\n            transform: scale(0.9);\n            opacity: 0;\n        }\n        100% {\n            transform: scale(1);\n            opacity: 1;\n        }\n    }\n    @media (max-width: 768px) {\n        .cta-container {\n            flex-direction: column;\n            text-align: center;\n        }\n        .linha-um {\n            flex-direction: column;\n            align-items: center;\n        }\n        .cta-image {\n            width: 100%;\n            margin-bottom: 20px;\n        }\n        .cta-content {\n            width: 100%;\n            margin-left: 0;\n            margin-right: 0;\n        }\n        .animated-button {\n            margin-top: 5px;\n            padding: 12px 30px;\n        }\n    }\n<\/style>\n<div class=\"cta-container\">\n    <div class=\"linha-um\">\n        <div class=\"cta-image\">\n            <img decoding=\"async\" class=\"item\" loading=\"lazy\" src=\"https:\/\/empresaqui.com.br\/img\/Landing_Page_EBOOK.png\" alt=\"ebook\" id=\"ebook\">\n        <\/div>\n        <div class=\"cta-content\">\n            <h2><span class=\"ez-toc-section\" id=\"Ebook_A_Arte_das_Vendas_B2B\"><\/span>Ebook A Arte das Vendas B2B<span class=\"ez-toc-section-end\"><\/span><\/h2>\n            <p>Aprenda as estrat\u00e9gias mais eficazes para prospectar clientes, negociar contratos e construir relacionamentos s\u00f3lidos que geram resultados duradouros.<\/p>\n        <\/div>\n    <\/div>\n    <a href=\"https:\/\/empresaqui.com.br\/ebook-a-arte-das-vendas-b2b\" data-toggle=\"modal\" data-target=\"#ModalCarregando\" class=\"animated-button item\">BAIXE GRATUITAMENTE<\/a>\n<\/div> \n\n\n\n<h2 class=\"wp-block-heading\"><span class=\"ez-toc-section\" id=\"Responsabilidades_do_Representante_de_Vendas\"><\/span><strong>Responsabilidades do Representante de Vendas<\/strong><span class=\"ez-toc-section-end\"><\/span><\/h2>\n\n\n\n<p>No entanto, o papel do representante resumido a vendas e relacionamento com clientes, se desdobra em v\u00e1rias frentes de atua\u00e7\u00e3o.<\/p>\n\n\n\n<h3 class=\"wp-block-heading\"><strong>Prospec\u00e7\u00e3o de clientes<\/strong><\/h3>\n\n\n\n<p>O representante de vendas deve identificar e entrar em contato com potenciais clientes. Isso pode envolver pesquisas de mercado, visitas a clientes em potencial e participa\u00e7\u00e3o em eventos de <a href=\"https:\/\/www.empresaqui.com.br\/blog\/networking\/\" target=\"_blank\" rel=\"noreferrer noopener\"><strong>networking<\/strong><\/a>.<\/p>\n\n\n\n<h3 class=\"wp-block-heading\"><strong>Demonstra\u00e7\u00e3o de produtos<\/strong><\/h3>\n\n\n\n<p>\u00c9 comum que o representante <a href=\"https:\/\/www.empresaqui.com.br\/blog\/apresentacao-de-vendas\/\" target=\"_blank\" rel=\"noreferrer noopener\"><strong>apresente e demonstre os produtos ou servi\u00e7os<\/strong><\/a> da empresa aos clientes, explicando suas caracter\u00edsticas e benef\u00edcios.<\/p>\n\n\n\n<h3 class=\"wp-block-heading\"><strong>Negocia\u00e7\u00e3o e fechamento de vendas<\/strong><\/h3>\n\n\n\n<p>Uma habilidade essencial para um representante de vendas \u00e9 a capacidade de negociar termos e fechar neg\u00f3cios. Isso envolve persuadir o cliente, e tamb\u00e9m garantir que ambas as partes saiam satisfeitas com o acordo.<\/p>\n\n\n\n<h3 class=\"wp-block-heading\"><strong>Acompanhamento p\u00f3s-venda<\/strong><\/h3>\n\n\n\n<p>Ap\u00f3s a venda, \u00e9 crucial manter contato com o cliente para garantir sua satisfa\u00e7\u00e3o, resolver poss\u00edveis problemas e explorar oportunidades de vendas adicionais.<\/p>\n\n\n\n<h3 class=\"wp-block-heading\"><strong>Gest\u00e3o de relacionamentos<\/strong><\/h3>\n\n\n\n<p>Construir e manter relacionamentos s\u00f3lidos com clientes \u00e9 uma parte importante da rotina do trabalho. Isso inclui visitas regulares, reuni\u00f5es e a manuten\u00e7\u00e3o de uma comunica\u00e7\u00e3o regular e presente.<\/p>\n\n\n\n<p>Os representantes de vendas s\u00e3o frequentemente vistos como a \u201ccara da empresa\u201d para os clientes.&nbsp;<\/p>\n\n\n\n<p>Eles contribuem para a<strong> percep\u00e7\u00e3o e reputa\u00e7\u00e3o da marca no mercado<\/strong>. Sua capacidade de construir rela\u00e7\u00f5es duradouras pode resultar em clientes leais, recomenda\u00e7\u00e3o boca a boca e, eventualmente, crescimento para a empresa.<\/p>\n\n\n\n<h2 class=\"wp-block-heading\"><span class=\"ez-toc-section\" id=\"Qual_a_diferenca_entre_um_Representante_de_Vendas_e_o_Vendedor\"><\/span><strong>Qual a diferen\u00e7a entre um Representante de Vendas e o Vendedor?<\/strong><span class=\"ez-toc-section-end\"><\/span><\/h2>\n\n\n\n<p>Embora os termos \u201cRepresentante de Vendas&#8221; e \u201cVendedor&#8221; sejam usados de forma parecidas, eles t\u00eam diferen\u00e7as em pr\u00e1ticas de fun\u00e7\u00f5es, responsabilidades e abordagem de trabalho.<\/p>\n\n\n\n<h3 class=\"wp-block-heading\"><strong>Escopo de atua\u00e7\u00e3o<\/strong><\/h3>\n\n\n\n<ul class=\"wp-block-list\">\n<li><strong>Representante de vendas<\/strong>: t\u00eam uma \u00e1rea geogr\u00e1fica espec\u00edfica sob sua responsabilidade. Trabalham principalmente fora do escrit\u00f3rio, visitando clientes e prospects, participando de eventos e feiras.<\/li>\n\n\n\n<li><strong>Vendedor<\/strong>: trabalha tanto internamente quanto externamente. A atua\u00e7\u00e3o \u00e9 em lojas de varejo ou call centers, atendem diretamente aos clientes que v\u00eam at\u00e9 eles ou entram em contato por telefone.&nbsp;<\/li>\n<\/ul>\n\n\n\n<h3 class=\"wp-block-heading\"><strong>Tipo de vendas<\/strong><\/h3>\n\n\n\n<ul class=\"wp-block-list\">\n<li><strong>Representante de vendas<\/strong>: lida com vendas mais complexas e de ciclo longo, que podem envolver m\u00faltiplas reuni\u00f5es, demonstra\u00e7\u00f5es de produto e negocia\u00e7\u00f5es detalhadas.<\/li>\n\n\n\n<li><strong>Vendedor<\/strong>: lidar com vendas de ciclo curto, especialmente em ambientes de varejo ou de <a href=\"https:\/\/www.empresaqui.com.br\/blog\/atendimento-ao-cliente\/\" target=\"_blank\" rel=\"noreferrer noopener\"><strong>atendimento ao cliente<\/strong><\/a>. As vendas s\u00e3o mais diretas e imediatas, focadas em volume e rapidez.&nbsp;<\/li>\n<\/ul>\n\n\n\n<h3 class=\"wp-block-heading\"><strong>Relacionamento com o cliente<\/strong><\/h3>\n\n\n\n<ul class=\"wp-block-list\">\n<li><strong>Representante de vendas<\/strong>: foca na constru\u00e7\u00e3o e manuten\u00e7\u00e3o de relacionamentos duradouros. Fazem <a href=\"https:\/\/www.empresaqui.com.br\/blog\/modelo-de-follow-up\/\" target=\"_blank\" rel=\"noreferrer noopener\"><strong>follow-ups<\/strong><\/a> regulares, oferecem suporte p\u00f3s-venda e atendem \u00e0s necessidades de longo prazo dos clientes.&nbsp;<\/li>\n\n\n\n<li><strong>Vendedor<\/strong>: intera\u00e7\u00e3o mais transacional, especialmente em ambientes de varejo. O foco \u00e9 fechar a venda no momento, com menos \u00eanfase no relacionamento a longo prazo.<\/li>\n<\/ul>\n\n\n\n<h3 class=\"wp-block-heading\"><strong>Estrat\u00e9gia e abordagem<\/strong><\/h3>\n\n\n\n<ul class=\"wp-block-list\">\n<li><strong>Representante de vendas<\/strong>: adota uma abordagem estrat\u00e9gica, muitas vezes envolvendo a an\u00e1lise de mercado, segmenta\u00e7\u00e3o de clientes e desenvolvimento de planos de vendas personalizados.&nbsp;<\/li>\n\n\n\n<li><strong>Vendedor<\/strong>: A abordagem pode ser mais t\u00e1tica e imediata, com foco em t\u00e9cnicas de vendas diretas, habilidades de comunica\u00e7\u00e3o e persuas\u00e3o.&nbsp;<\/li>\n<\/ul>\n\n\n\n<p>A principal diferen\u00e7a entre um representante de vendas e um vendedor est\u00e1 no <strong>escopo de suas fun\u00e7\u00f5es, complexidade das vendas e profundidade do relacionamento<\/strong> que mant\u00eam com os clientes.&nbsp;<\/p>\n\n\n\n<p>Entender essas diferen\u00e7as ajuda a aproveitar ao m\u00e1ximo as habilidades e capacidades de cada profissional, alinhando suas atividades com os objetivos da empresa.<\/p>\n\n\n\n<h2 class=\"wp-block-heading\"><span class=\"ez-toc-section\" id=\"O_que_e_preciso_para_ser_um_Representante_de_Vendas\"><\/span><strong>O que \u00e9 preciso para ser um Representante de Vendas?<\/strong><span class=\"ez-toc-section-end\"><\/span><\/h2>\n\n\n\n<p>Tornar-se um representante de vendas bem-sucedido exige um conjunto de habilidades, qualidades e experi\u00eancias.&nbsp;<\/p>\n\n\n\n<p>Esse profissional deve estar preparado para enfrentar desafios e <strong>saber aproveitar oportunidades<\/strong>, adaptando-se \u00e0s necessidades dos clientes e \u00e0s demandas do mercado.&nbsp;<\/p>\n\n\n\n<p>Entre as compet\u00eancias mais valorizadas, est\u00e3o:<\/p>\n\n\n\n<ul class=\"wp-block-list\">\n<li>Comunica\u00e7\u00e3o;<\/li>\n\n\n\n<li>Negocia\u00e7\u00e3o;<\/li>\n\n\n\n<li>Gest\u00e3o de tempo e relacionamento;<\/li>\n\n\n\n<li>Persist\u00eancia;<\/li>\n\n\n\n<li>Conhecimento do produto.<\/li>\n<\/ul>\n\n\n\n<p>Embora n\u00e3o haja um requisito educacional espec\u00edfico, cursos de administra\u00e7\u00e3o, marketing ou \u00e1reas relacionadas podem ser ben\u00e9ficos. Certificados de vendas e sistemas espec\u00edficos tamb\u00e9m s\u00e3o valorizados.<\/p>\n\n\n\n<p>Aqueles que conseguem integrar esses elementos podem construir uma carreira de sucesso e longo prazo.&nbsp;<\/p>\n\n\n\n<h2 class=\"wp-block-heading\"><span class=\"ez-toc-section\" id=\"Valor_salarial_de_um_Representante_de_Vendas\"><\/span><strong>Valor salarial de um Representante de Vendas<\/strong><span class=\"ez-toc-section-end\"><\/span><\/h2>\n\n\n\n<p>O sal\u00e1rio de um representante de vendas pode variar devido a fatores como a <strong>ind\u00fastria, localiza\u00e7\u00e3o geogr\u00e1fica, experi\u00eancia, qualifica\u00e7\u00f5es e porte da empresa<\/strong>.&nbsp;<\/p>\n\n\n\n<p>Setores como tecnologia, farmac\u00eautica e financeiros tendem a ganhar mais, devido \u00e0 complexidade e valor dos produtos vendidos.&nbsp;<\/p>\n\n\n\n<p>Em grandes centros urbanos, onde o custo de vida \u00e9 mais alto, os sal\u00e1rios s\u00e3o geralmente maiores. Aqueles que possuem <strong>certifica\u00e7\u00f5es espec\u00edficas ou experi\u00eancia em vendas complexas<\/strong> podem alcan\u00e7ar sal\u00e1rios mais elevados.&nbsp;<\/p>\n\n\n\n<p>Em geral, representantes iniciantes podem esperar um sal\u00e1rio base inicial entre R$ 2.000 e R$ 4.000 por m\u00eas.&nbsp;<\/p>\n\n\n\n<p>Profissionais com alguns anos de experi\u00eancia podem ganhar entre R$ 4.000 e R$ 8.000 mensais, enquanto representantes em setores de alto valor podem ultrapassar R$ 10.000 por m\u00eas, combinando sal\u00e1rio base, comiss\u00f5es e incentivos.<\/p>\n\n\n\n<div class=\"banner\">\n            <h2><span class=\"ez-toc-section\" id=\"Gere_listas_de_empresas_personalizadas\"><\/span>Gere listas de empresas personalizadas!<span class=\"ez-toc-section-end\"><\/span><\/h2>\n            <p>Cadastre-se gr\u00e1tis agora mesmo<\/p>\n            <div class=\"bottom-banner\">\n                <img decoding=\"async\" src=\"https:\/\/www.empresaqui.com.br\/blog\/wp-content\/uploads\/2021\/11\/AdminLTELogo.png\" alt=\"Seu Logotipo\" class=\"logo\">\n                <a href=\"https:\/\/www.empresaqui.com.br\/plano-gratuito?utm_source=blog&amp;utm_medium=banner&amp;utm_campaign=CTA-GRATUITO-HTML\" class=\"cta-button-banner\">Teste aqui agora<\/a>\n            <\/div>\n        <\/div>\n\n        <style>\n            .bottom-banner{\n                display: flex;\n                justify-content: center;\n                align-items: center;\n            }\n            .bottom-banner img{\n                width: 3rem !important;\n                height: 3rem !important;\n                margin-right: 1rem;\n            }\n            .banner h2{\n                font-family: Arial, sans-serif;\n                color: #fff !important;\n            }\n            .banner p{\n                font-family: Arial, sans-serif;\n            }\n            .banner {\n                background:#001E40;\n                color: #FFFFFF;\n                text-align: center;\n                padding: 20px;\n            }\n            .cta-button-banner {\n                display: inline-block;\n                background-color: #0CFFFB;\n                color: #000;\n                border: none;\n                padding: 1px 15px;\n                font-size: 14px;\n                font-family: sans-serif;\n                font-weight: 700;\n                border-radius: 21px;\n                cursor: pointer;\n                transition: background-color 0.3s ease;\n                text-decoration: none;\n            }\n\n            @media (max-width: 767px) {\n                .banner h2{\n                    font-size:20px;\n                }\n                .cta-button-banner {\n                    padding: 1px 15px;\n                    font-size: 12px;\n                }\n\n            }\n        <\/style>\n    \n\n","protected":false},"excerpt":{"rendered":"<p>Um representante de vendas \u00e9 o respons\u00e1vel por divulgar produtos, servi\u00e7os e fechar neg\u00f3cios para a empresa, atuando nessa linha [&hellip;]<\/p>\n","protected":false},"author":11,"featured_media":0,"comment_status":"closed","ping_status":"closed","sticky":false,"template":"","format":"standard","meta":{"_acf_changed":false,"_uag_custom_page_level_css":"","site-sidebar-layout":"default","site-content-layout":"","ast-site-content-layout":"default","site-content-style":"default","site-sidebar-style":"default","ast-global-header-display":"","ast-banner-title-visibility":"","ast-main-header-display":"","ast-hfb-above-header-display":"","ast-hfb-below-header-display":"","ast-hfb-mobile-header-display":"","site-post-title":"","ast-breadcrumbs-content":"","ast-featured-img":"","footer-sml-layout":"","theme-transparent-header-meta":"","adv-header-id-meta":"","stick-header-meta":"","header-above-stick-meta":"","header-main-stick-meta":"","header-below-stick-meta":"","astra-migrate-meta-layouts":"default","ast-page-background-enabled":"default","ast-page-background-meta":{"desktop":{"background-color":"var(--ast-global-color-4)","background-image":"","background-repeat":"repeat","background-position":"center center","background-size":"auto","background-attachment":"scroll","background-type":"","background-media":"","overlay-type":"","overlay-color":"","overlay-opacity":"","overlay-gradient":""},"tablet":{"background-color":"","background-image":"","background-repeat":"repeat","background-position":"center center","background-size":"auto","background-attachment":"scroll","background-type":"","background-media":"","overlay-type":"","overlay-color":"","overlay-opacity":"","overlay-gradient":""},"mobile":{"background-color":"","background-image":"","background-repeat":"repeat","background-position":"center center","background-size":"auto","background-attachment":"scroll","background-type":"","background-media":"","overlay-type":"","overlay-color":"","overlay-opacity":"","overlay-gradient":""}},"ast-content-background-meta":{"desktop":{"background-color":"var(--ast-global-color-5)","background-image":"","background-repeat":"repeat","background-position":"center center","background-size":"auto","background-attachment":"scroll","background-type":"","background-media":"","overlay-type":"","overlay-color":"","overlay-opacity":"","overlay-gradient":""},"tablet":{"background-color":"var(--ast-global-color-5)","background-image":"","background-repeat":"repeat","background-position":"center center","background-size":"auto","background-attachment":"scroll","background-type":"","background-media":"","overlay-type":"","overlay-color":"","overlay-opacity":"","overlay-gradient":""},"mobile":{"background-color":"var(--ast-global-color-5)","background-image":"","background-repeat":"repeat","background-position":"center center","background-size":"auto","background-attachment":"scroll","background-type":"","background-media":"","overlay-type":"","overlay-color":"","overlay-opacity":"","overlay-gradient":""}},"footnotes":""},"categories":[33],"tags":[],"class_list":["post-1904","post","type-post","status-publish","format-standard","hentry","category-prospeccao-vendas"],"acf":[],"yoast_head":"<!-- This site is optimized with the Yoast SEO plugin v27.4 - https:\/\/yoast.com\/product\/yoast-seo-wordpress\/ -->\n<title>O que faz um Representante de Vendas? Rotina e sal\u00e1rio<\/title>\n<meta name=\"description\" content=\"Voc\u00ea sabe qual a principal diferen\u00e7a entre o Representante de Vendas e um vendedor? Explicamos neste artigo completo sobre o assunto. Veja!\" \/>\n<meta name=\"robots\" content=\"index, follow, max-snippet:-1, max-image-preview:large, max-video-preview:-1\" \/>\n<link rel=\"canonical\" href=\"https:\/\/www.empresaqui.com.br\/blog\/representante-de-vendas\/\" \/>\n<meta property=\"og:locale\" content=\"pt_BR\" \/>\n<meta property=\"og:type\" content=\"article\" \/>\n<meta property=\"og:title\" content=\"O que faz um Representante de Vendas? Rotina e sal\u00e1rio\" \/>\n<meta property=\"og:description\" content=\"Voc\u00ea sabe qual a principal diferen\u00e7a entre o Representante de Vendas e um vendedor? Explicamos neste artigo completo sobre o assunto. Veja!\" \/>\n<meta property=\"og:url\" content=\"https:\/\/www.empresaqui.com.br\/blog\/representante-de-vendas\/\" \/>\n<meta property=\"og:site_name\" content=\"Blog EmpresAqui\" \/>\n<meta property=\"article:publisher\" content=\"https:\/\/www.facebook.com\/empresaquibr\" \/>\n<meta property=\"article:published_time\" content=\"2024-07-16T12:26:42+00:00\" \/>\n<meta property=\"article:modified_time\" content=\"2024-11-01T17:33:22+00:00\" \/>\n<meta name=\"author\" content=\"Marcus Silva\" \/>\n<meta name=\"twitter:card\" content=\"summary_large_image\" \/>\n<meta name=\"twitter:label1\" content=\"Escrito por\" \/>\n\t<meta name=\"twitter:data1\" content=\"Marcus Silva\" \/>\n\t<meta name=\"twitter:label2\" content=\"Est. tempo de leitura\" \/>\n\t<meta name=\"twitter:data2\" content=\"6 minutos\" \/>\n<script type=\"application\/ld+json\" class=\"yoast-schema-graph\">{\"@context\":\"https:\\\/\\\/schema.org\",\"@graph\":[{\"@type\":\"Article\",\"@id\":\"https:\\\/\\\/www.empresaqui.com.br\\\/blog\\\/representante-de-vendas\\\/#article\",\"isPartOf\":{\"@id\":\"https:\\\/\\\/www.empresaqui.com.br\\\/blog\\\/representante-de-vendas\\\/\"},\"author\":{\"name\":\"Marcus Silva\",\"@id\":\"https:\\\/\\\/www.empresaqui.com.br\\\/blog\\\/#\\\/schema\\\/person\\\/3296db9c65117f9ad26728e6375d178e\"},\"headline\":\"Representante de Vendas: forma\u00e7\u00e3o, sal\u00e1rio e dia a dia na fun\u00e7\u00e3o\",\"datePublished\":\"2024-07-16T12:26:42+00:00\",\"dateModified\":\"2024-11-01T17:33:22+00:00\",\"mainEntityOfPage\":{\"@id\":\"https:\\\/\\\/www.empresaqui.com.br\\\/blog\\\/representante-de-vendas\\\/\"},\"wordCount\":1033,\"publisher\":{\"@id\":\"https:\\\/\\\/www.empresaqui.com.br\\\/blog\\\/#organization\"},\"articleSection\":[\"Dicas de Vendas\"],\"inLanguage\":\"pt-BR\"},{\"@type\":\"WebPage\",\"@id\":\"https:\\\/\\\/www.empresaqui.com.br\\\/blog\\\/representante-de-vendas\\\/\",\"url\":\"https:\\\/\\\/www.empresaqui.com.br\\\/blog\\\/representante-de-vendas\\\/\",\"name\":\"O que faz um Representante de Vendas? Rotina e sal\u00e1rio\",\"isPartOf\":{\"@id\":\"https:\\\/\\\/www.empresaqui.com.br\\\/blog\\\/#website\"},\"datePublished\":\"2024-07-16T12:26:42+00:00\",\"dateModified\":\"2024-11-01T17:33:22+00:00\",\"description\":\"Voc\u00ea sabe qual a principal diferen\u00e7a entre o Representante de Vendas e um vendedor? Explicamos neste artigo completo sobre o assunto. Veja!\",\"breadcrumb\":{\"@id\":\"https:\\\/\\\/www.empresaqui.com.br\\\/blog\\\/representante-de-vendas\\\/#breadcrumb\"},\"inLanguage\":\"pt-BR\",\"potentialAction\":[{\"@type\":\"ReadAction\",\"target\":[\"https:\\\/\\\/www.empresaqui.com.br\\\/blog\\\/representante-de-vendas\\\/\"]}]},{\"@type\":\"BreadcrumbList\",\"@id\":\"https:\\\/\\\/www.empresaqui.com.br\\\/blog\\\/representante-de-vendas\\\/#breadcrumb\",\"itemListElement\":[{\"@type\":\"ListItem\",\"position\":1,\"name\":\"In\u00edcio\",\"item\":\"https:\\\/\\\/www.empresaqui.com.br\\\/blog\\\/\"},{\"@type\":\"ListItem\",\"position\":2,\"name\":\"Dicas de Vendas\",\"item\":\"https:\\\/\\\/www.empresaqui.com.br\\\/blog\\\/category\\\/prospeccao-vendas\\\/\"},{\"@type\":\"ListItem\",\"position\":3,\"name\":\"Representante de Vendas: forma\u00e7\u00e3o, sal\u00e1rio e dia a dia na fun\u00e7\u00e3o\"}]},{\"@type\":\"WebSite\",\"@id\":\"https:\\\/\\\/www.empresaqui.com.br\\\/blog\\\/#website\",\"url\":\"https:\\\/\\\/www.empresaqui.com.br\\\/blog\\\/\",\"name\":\"Blog EmpresAqui\",\"description\":\"\",\"publisher\":{\"@id\":\"https:\\\/\\\/www.empresaqui.com.br\\\/blog\\\/#organization\"},\"potentialAction\":[{\"@type\":\"SearchAction\",\"target\":{\"@type\":\"EntryPoint\",\"urlTemplate\":\"https:\\\/\\\/www.empresaqui.com.br\\\/blog\\\/?s={search_term_string}\"},\"query-input\":{\"@type\":\"PropertyValueSpecification\",\"valueRequired\":true,\"valueName\":\"search_term_string\"}}],\"inLanguage\":\"pt-BR\"},{\"@type\":\"Organization\",\"@id\":\"https:\\\/\\\/www.empresaqui.com.br\\\/blog\\\/#organization\",\"name\":\"EmpresAqui\",\"url\":\"https:\\\/\\\/www.empresaqui.com.br\\\/blog\\\/\",\"logo\":{\"@type\":\"ImageObject\",\"inLanguage\":\"pt-BR\",\"@id\":\"https:\\\/\\\/www.empresaqui.com.br\\\/blog\\\/#\\\/schema\\\/logo\\\/image\\\/\",\"url\":\"https:\\\/\\\/www.empresaqui.com.br\\\/blog\\\/wp-content\\\/uploads\\\/2023\\\/02\\\/cropped-cropped-AdminLTELogo-2-1-1.png\",\"contentUrl\":\"https:\\\/\\\/www.empresaqui.com.br\\\/blog\\\/wp-content\\\/uploads\\\/2023\\\/02\\\/cropped-cropped-AdminLTELogo-2-1-1.png\",\"width\":100,\"height\":100,\"caption\":\"EmpresAqui\"},\"image\":{\"@id\":\"https:\\\/\\\/www.empresaqui.com.br\\\/blog\\\/#\\\/schema\\\/logo\\\/image\\\/\"},\"sameAs\":[\"https:\\\/\\\/www.facebook.com\\\/empresaquibr\",\"https:\\\/\\\/www.instagram.com\\\/empresaqui\"]},{\"@type\":\"Person\",\"@id\":\"https:\\\/\\\/www.empresaqui.com.br\\\/blog\\\/#\\\/schema\\\/person\\\/3296db9c65117f9ad26728e6375d178e\",\"name\":\"Marcus Silva\",\"image\":{\"@type\":\"ImageObject\",\"inLanguage\":\"pt-BR\",\"@id\":\"https:\\\/\\\/secure.gravatar.com\\\/avatar\\\/b982c7038fd4d2e1be949b1b1ab8d3f28484d80a87b2494898019b551cbad37c?s=96&d=mm&r=g\",\"url\":\"https:\\\/\\\/secure.gravatar.com\\\/avatar\\\/b982c7038fd4d2e1be949b1b1ab8d3f28484d80a87b2494898019b551cbad37c?s=96&d=mm&r=g\",\"contentUrl\":\"https:\\\/\\\/secure.gravatar.com\\\/avatar\\\/b982c7038fd4d2e1be949b1b1ab8d3f28484d80a87b2494898019b551cbad37c?s=96&d=mm&r=g\",\"caption\":\"Marcus Silva\"},\"url\":\"https:\\\/\\\/www.empresaqui.com.br\\\/blog\\\/author\\\/marcus-silvaa\\\/\"}]}<\/script>\n<!-- \/ Yoast SEO plugin. -->","yoast_head_json":{"title":"O que faz um Representante de Vendas? Rotina e sal\u00e1rio","description":"Voc\u00ea sabe qual a principal diferen\u00e7a entre o Representante de Vendas e um vendedor? Explicamos neste artigo completo sobre o assunto. Veja!","robots":{"index":"index","follow":"follow","max-snippet":"max-snippet:-1","max-image-preview":"max-image-preview:large","max-video-preview":"max-video-preview:-1"},"canonical":"https:\/\/www.empresaqui.com.br\/blog\/representante-de-vendas\/","og_locale":"pt_BR","og_type":"article","og_title":"O que faz um Representante de Vendas? Rotina e sal\u00e1rio","og_description":"Voc\u00ea sabe qual a principal diferen\u00e7a entre o Representante de Vendas e um vendedor? Explicamos neste artigo completo sobre o assunto. Veja!","og_url":"https:\/\/www.empresaqui.com.br\/blog\/representante-de-vendas\/","og_site_name":"Blog EmpresAqui","article_publisher":"https:\/\/www.facebook.com\/empresaquibr","article_published_time":"2024-07-16T12:26:42+00:00","article_modified_time":"2024-11-01T17:33:22+00:00","author":"Marcus Silva","twitter_card":"summary_large_image","twitter_misc":{"Escrito por":"Marcus Silva","Est. tempo de leitura":"6 minutos"},"schema":{"@context":"https:\/\/schema.org","@graph":[{"@type":"Article","@id":"https:\/\/www.empresaqui.com.br\/blog\/representante-de-vendas\/#article","isPartOf":{"@id":"https:\/\/www.empresaqui.com.br\/blog\/representante-de-vendas\/"},"author":{"name":"Marcus Silva","@id":"https:\/\/www.empresaqui.com.br\/blog\/#\/schema\/person\/3296db9c65117f9ad26728e6375d178e"},"headline":"Representante de Vendas: forma\u00e7\u00e3o, sal\u00e1rio e dia a dia na fun\u00e7\u00e3o","datePublished":"2024-07-16T12:26:42+00:00","dateModified":"2024-11-01T17:33:22+00:00","mainEntityOfPage":{"@id":"https:\/\/www.empresaqui.com.br\/blog\/representante-de-vendas\/"},"wordCount":1033,"publisher":{"@id":"https:\/\/www.empresaqui.com.br\/blog\/#organization"},"articleSection":["Dicas de Vendas"],"inLanguage":"pt-BR"},{"@type":"WebPage","@id":"https:\/\/www.empresaqui.com.br\/blog\/representante-de-vendas\/","url":"https:\/\/www.empresaqui.com.br\/blog\/representante-de-vendas\/","name":"O que faz um Representante de Vendas? Rotina e sal\u00e1rio","isPartOf":{"@id":"https:\/\/www.empresaqui.com.br\/blog\/#website"},"datePublished":"2024-07-16T12:26:42+00:00","dateModified":"2024-11-01T17:33:22+00:00","description":"Voc\u00ea sabe qual a principal diferen\u00e7a entre o Representante de Vendas e um vendedor? Explicamos neste artigo completo sobre o assunto. Veja!","breadcrumb":{"@id":"https:\/\/www.empresaqui.com.br\/blog\/representante-de-vendas\/#breadcrumb"},"inLanguage":"pt-BR","potentialAction":[{"@type":"ReadAction","target":["https:\/\/www.empresaqui.com.br\/blog\/representante-de-vendas\/"]}]},{"@type":"BreadcrumbList","@id":"https:\/\/www.empresaqui.com.br\/blog\/representante-de-vendas\/#breadcrumb","itemListElement":[{"@type":"ListItem","position":1,"name":"In\u00edcio","item":"https:\/\/www.empresaqui.com.br\/blog\/"},{"@type":"ListItem","position":2,"name":"Dicas de Vendas","item":"https:\/\/www.empresaqui.com.br\/blog\/category\/prospeccao-vendas\/"},{"@type":"ListItem","position":3,"name":"Representante de Vendas: forma\u00e7\u00e3o, sal\u00e1rio e dia a dia na fun\u00e7\u00e3o"}]},{"@type":"WebSite","@id":"https:\/\/www.empresaqui.com.br\/blog\/#website","url":"https:\/\/www.empresaqui.com.br\/blog\/","name":"Blog EmpresAqui","description":"","publisher":{"@id":"https:\/\/www.empresaqui.com.br\/blog\/#organization"},"potentialAction":[{"@type":"SearchAction","target":{"@type":"EntryPoint","urlTemplate":"https:\/\/www.empresaqui.com.br\/blog\/?s={search_term_string}"},"query-input":{"@type":"PropertyValueSpecification","valueRequired":true,"valueName":"search_term_string"}}],"inLanguage":"pt-BR"},{"@type":"Organization","@id":"https:\/\/www.empresaqui.com.br\/blog\/#organization","name":"EmpresAqui","url":"https:\/\/www.empresaqui.com.br\/blog\/","logo":{"@type":"ImageObject","inLanguage":"pt-BR","@id":"https:\/\/www.empresaqui.com.br\/blog\/#\/schema\/logo\/image\/","url":"https:\/\/www.empresaqui.com.br\/blog\/wp-content\/uploads\/2023\/02\/cropped-cropped-AdminLTELogo-2-1-1.png","contentUrl":"https:\/\/www.empresaqui.com.br\/blog\/wp-content\/uploads\/2023\/02\/cropped-cropped-AdminLTELogo-2-1-1.png","width":100,"height":100,"caption":"EmpresAqui"},"image":{"@id":"https:\/\/www.empresaqui.com.br\/blog\/#\/schema\/logo\/image\/"},"sameAs":["https:\/\/www.facebook.com\/empresaquibr","https:\/\/www.instagram.com\/empresaqui"]},{"@type":"Person","@id":"https:\/\/www.empresaqui.com.br\/blog\/#\/schema\/person\/3296db9c65117f9ad26728e6375d178e","name":"Marcus Silva","image":{"@type":"ImageObject","inLanguage":"pt-BR","@id":"https:\/\/secure.gravatar.com\/avatar\/b982c7038fd4d2e1be949b1b1ab8d3f28484d80a87b2494898019b551cbad37c?s=96&d=mm&r=g","url":"https:\/\/secure.gravatar.com\/avatar\/b982c7038fd4d2e1be949b1b1ab8d3f28484d80a87b2494898019b551cbad37c?s=96&d=mm&r=g","contentUrl":"https:\/\/secure.gravatar.com\/avatar\/b982c7038fd4d2e1be949b1b1ab8d3f28484d80a87b2494898019b551cbad37c?s=96&d=mm&r=g","caption":"Marcus Silva"},"url":"https:\/\/www.empresaqui.com.br\/blog\/author\/marcus-silvaa\/"}]}},"uagb_featured_image_src":{"full":false,"thumbnail":false,"medium":false,"medium_large":false,"large":false,"1536x1536":false,"2048x2048":false},"uagb_author_info":{"display_name":"Marcus Silva","author_link":"https:\/\/www.empresaqui.com.br\/blog\/author\/marcus-silvaa\/"},"uagb_comment_info":0,"uagb_excerpt":"Um representante de vendas \u00e9 o respons\u00e1vel por divulgar produtos, servi\u00e7os e fechar neg\u00f3cios para a empresa, atuando nessa linha [&hellip;]","_links":{"self":[{"href":"https:\/\/www.empresaqui.com.br\/blog\/wp-json\/wp\/v2\/posts\/1904","targetHints":{"allow":["GET"]}}],"collection":[{"href":"https:\/\/www.empresaqui.com.br\/blog\/wp-json\/wp\/v2\/posts"}],"about":[{"href":"https:\/\/www.empresaqui.com.br\/blog\/wp-json\/wp\/v2\/types\/post"}],"author":[{"embeddable":true,"href":"https:\/\/www.empresaqui.com.br\/blog\/wp-json\/wp\/v2\/users\/11"}],"replies":[{"embeddable":true,"href":"https:\/\/www.empresaqui.com.br\/blog\/wp-json\/wp\/v2\/comments?post=1904"}],"version-history":[{"count":2,"href":"https:\/\/www.empresaqui.com.br\/blog\/wp-json\/wp\/v2\/posts\/1904\/revisions"}],"predecessor-version":[{"id":3460,"href":"https:\/\/www.empresaqui.com.br\/blog\/wp-json\/wp\/v2\/posts\/1904\/revisions\/3460"}],"wp:attachment":[{"href":"https:\/\/www.empresaqui.com.br\/blog\/wp-json\/wp\/v2\/media?parent=1904"}],"wp:term":[{"taxonomy":"category","embeddable":true,"href":"https:\/\/www.empresaqui.com.br\/blog\/wp-json\/wp\/v2\/categories?post=1904"},{"taxonomy":"post_tag","embeddable":true,"href":"https:\/\/www.empresaqui.com.br\/blog\/wp-json\/wp\/v2\/tags?post=1904"}],"curies":[{"name":"wp","href":"https:\/\/api.w.org\/{rel}","templated":true}]}}