{"id":1695,"date":"2024-06-26T09:42:41","date_gmt":"2024-06-26T12:42:41","guid":{"rendered":"https:\/\/www.empresaqui.com.br\/blog\/?p=1695"},"modified":"2024-11-01T13:41:09","modified_gmt":"2024-11-01T16:41:09","slug":"promotor-de-vendas","status":"publish","type":"post","link":"https:\/\/www.empresaqui.com.br\/blog\/promotor-de-vendas\/","title":{"rendered":"Promotor de Vendas: o que faz, como \u00e9 a carreira, forma\u00e7\u00e3o e sal\u00e1rio?"},"content":{"rendered":"\n<p>O promotor de vendas \u00e9 o profissional respons\u00e1vel pelo processo de comercializa\u00e7\u00e3o de produtos e servi\u00e7os. Sua principal fun\u00e7\u00e3o \u00e9 divulgar a marca, aumentar a visibilidade dos produtos e efetivar as vendas.&nbsp;<\/p>\n\n\n\n<p>Esses profissionais tamb\u00e9m trabalham diretamente nos pontos de venda, organizando produtos, criando displays atrativos e interagindo com os clientes para destacar as vantagens e caracter\u00edsticas dos produtos.&nbsp;<\/p>\n\n\n\n<p>Ademais, eles coletam feedbacks, monitoram a concorr\u00eancia e colaboram com a equipe de marketing para desenvolver estrat\u00e9gias para campanhas promocionais.<\/p>\n\n\n\n<div id=\"ez-toc-container\" class=\"ez-toc-v2_0_81 ez-toc-wrap-left counter-hierarchy ez-toc-counter ez-toc-custom ez-toc-container-direction\">\n<div class=\"ez-toc-title-container\">\n<p class=\"ez-toc-title\" style=\"cursor:inherit\">Neste artigo voc\u00ea vai ver:<\/p>\n<span class=\"ez-toc-title-toggle\"><a href=\"#\" class=\"ez-toc-pull-right ez-toc-btn ez-toc-btn-xs ez-toc-btn-default ez-toc-toggle\" aria-label=\"Alternar tabela de conte\u00fado\"><span class=\"ez-toc-js-icon-con\"><span class=\"\"><span class=\"eztoc-hide\" style=\"display:none;\">Toggle<\/span><span class=\"ez-toc-icon-toggle-span\"><svg style=\"fill: #0066bf;color:#0066bf\" xmlns=\"http:\/\/www.w3.org\/2000\/svg\" class=\"list-377408\" width=\"20px\" height=\"20px\" viewBox=\"0 0 24 24\" fill=\"none\"><path d=\"M6 6H4v2h2V6zm14 0H8v2h12V6zM4 11h2v2H4v-2zm16 0H8v2h12v-2zM4 16h2v2H4v-2zm16 0H8v2h12v-2z\" fill=\"currentColor\"><\/path><\/svg><svg style=\"fill: #0066bf;color:#0066bf\" class=\"arrow-unsorted-368013\" xmlns=\"http:\/\/www.w3.org\/2000\/svg\" width=\"10px\" height=\"10px\" viewBox=\"0 0 24 24\" version=\"1.2\" baseProfile=\"tiny\"><path d=\"M18.2 9.3l-6.2-6.3-6.2 6.3c-.2.2-.3.4-.3.7s.1.5.3.7c.2.2.4.3.7.3h11c.3 0 .5-.1.7-.3.2-.2.3-.5.3-.7s-.1-.5-.3-.7zM5.8 14.7l6.2 6.3 6.2-6.3c.2-.2.3-.5.3-.7s-.1-.5-.3-.7c-.2-.2-.4-.3-.7-.3h-11c-.3 0-.5.1-.7.3-.2.2-.3.5-.3.7s.1.5.3.7z\"\/><\/svg><\/span><\/span><\/span><\/a><\/span><\/div>\n<nav><ul class='ez-toc-list ez-toc-list-level-1 ' ><li class='ez-toc-page-1 ez-toc-heading-level-2'><a class=\"ez-toc-link ez-toc-heading-1\" href=\"https:\/\/www.empresaqui.com.br\/blog\/promotor-de-vendas\/#O_que_e_um_Promotor_de_Vendas\" >O que \u00e9 um Promotor de Vendas?<\/a><\/li><li class='ez-toc-page-1 ez-toc-heading-level-2'><a class=\"ez-toc-link ez-toc-heading-2\" href=\"https:\/\/www.empresaqui.com.br\/blog\/promotor-de-vendas\/#Ebook_A_Arte_das_Vendas_B2B\" >Ebook A Arte das Vendas B2B<\/a><\/li><li class='ez-toc-page-1 ez-toc-heading-level-2'><a class=\"ez-toc-link ez-toc-heading-3\" href=\"https:\/\/www.empresaqui.com.br\/blog\/promotor-de-vendas\/#Qual_a_diferenca_entre_Promotor_de_Vendas_representante_comercial_e_vendedor\" >Qual a diferen\u00e7a entre Promotor de Vendas, representante comercial e vendedor?<\/a><\/li><li class='ez-toc-page-1 ez-toc-heading-level-2'><a class=\"ez-toc-link ez-toc-heading-4\" href=\"https:\/\/www.empresaqui.com.br\/blog\/promotor-de-vendas\/#O_que_e_preciso_para_ser_um_Promotor_de_Vendas\" >O que \u00e9 preciso para ser um Promotor de Vendas?<\/a><\/li><li class='ez-toc-page-1 ez-toc-heading-level-2'><a class=\"ez-toc-link ez-toc-heading-5\" href=\"https:\/\/www.empresaqui.com.br\/blog\/promotor-de-vendas\/#Areas_de_atuacao_de_um_Promotor_de_Vendas\" >\u00c1reas de atua\u00e7\u00e3o de um Promotor de Vendas<\/a><\/li><li class='ez-toc-page-1 ez-toc-heading-level-2'><a class=\"ez-toc-link ez-toc-heading-6\" href=\"https:\/\/www.empresaqui.com.br\/blog\/promotor-de-vendas\/#Qual_o_salario_de_um_Promotor_de_Vendas\" >Qual o sal\u00e1rio de um Promotor de Vendas?<\/a><\/li><li class='ez-toc-page-1 ez-toc-heading-level-2'><a class=\"ez-toc-link ez-toc-heading-7\" href=\"https:\/\/www.empresaqui.com.br\/blog\/promotor-de-vendas\/#Gere_listas_de_empresas_personalizadas\" >Gere listas de empresas personalizadas!<\/a><\/li><\/ul><\/nav><\/div>\n<h2 class=\"wp-block-heading\"><span class=\"ez-toc-section\" id=\"O_que_e_um_Promotor_de_Vendas\"><\/span><strong>O que \u00e9 um Promotor de Vendas?<\/strong><span class=\"ez-toc-section-end\"><\/span><\/h2>\n\n\n\n<p>O promotor de vendas \u00e9 um profissional que desempenha um <strong>papel t\u00e1tico no com\u00e9rcio<\/strong>, sendo respons\u00e1vel por trazer novas oportunidades de neg\u00f3cio e <a href=\"https:\/\/www.empresaqui.com.br\/blog\/como-vender-mais\/\" target=\"_blank\" rel=\"noreferrer noopener\"><strong>aumentar suas vendas<\/strong><\/a>.&nbsp;<\/p>\n\n\n\n<p>De acordo com a ABRAS (Associa\u00e7\u00e3o Brasileira de Supermercados), promotores de vendas <strong>podem aumentar as vendas em at\u00e9 30%<\/strong> atrav\u00e9s de suas atividades.&nbsp;<\/p>\n\n\n\n<p>Eles organizam mercadorias, <strong>montam stands atraentes e influenciam os clientes sobre os benef\u00edcios dos produtos<\/strong>. A carreira de promotor de vendas oferece oportunidades de crescimento que v\u00e3o desde posi\u00e7\u00f5es em campo at\u00e9 cargos de supervis\u00e3o e gest\u00e3o.<\/p>\n\n\n\n<style>\n    body {\n        font-family: 'Montserrat', sans-serif;\n        margin: 0;\n        padding: 0;\n        background-color: #F4F4F4;\n    }\n    .cta-container {\n        display: flex;\n        flex-direction: column;\n        align-items: center;\n        justify-content: center;\n        background-color: #131763;\n        padding: 20px 5px;\n        color: white;\n        max-width: 1000px;\n        margin: 20px auto;\n    }\n    .linha-um {\n        display: flex;\n        flex-direction: row;\n        width: 100%;\n    }\n    .cta-image {\n        width: 60%;\n        display: flex;\n        justify-content: center;\n    }\n    .cta-image img {\n        height: auto;\n        width: 100%;\n    }\n    .cta-content {\n        width: 70%;\n        padding: 0px;\n        text-align: center;\n        margin-left: 10px;\n        margin-right: 10px;\n        display: flex;\n        justify-content: center;\n        flex-direction: column;\n    }\n    .cta-content h2 {\n        text-shadow:\n            0 0 5px rgba(0, 0, 0, 1);\n        font-size: 24px !important;\n        margin: 0 0 10px;\n        line-height: 1.2;\n        text-align: center;\n        color: white;\n    }\n    .cta-content p {\n        font-size: 15px;\n        text-align: center;\n    }\n    .animated-button {\n        color: #031844;\n        font-weight: bold;\n        font-size: 15px;\n        font-family: 'Montserrat', sans-serif;\n        padding: 2px 20px;\n        background-color: #0CFFFB;\n        border: 1px solid #000;\n        border-radius: 45px;\n        cursor: pointer;\n        transition: all 0.3s ease;\n        transform: scale(0.9);\n        opacity: 0;\n        animation: fadeInScale 0.5s ease forwards;\n        text-shadow:\n            0 0 5px rgba(0, 0, 0, 0.4);\n        text-decoration: none;\n        display: block;\n        margin: 0px auto;\n        width: fit-content;\n    }\n    .animated-button:hover {\n        background-color: #00E1FF;\n        transform: scale(1.05);\n    }\n    .animated-button:active {\n        background-color: #00B8D4;\n        transform: scale(0.95);\n    }\n    @keyframes fadeInScale {\n        0% {\n            transform: scale(0.9);\n            opacity: 0;\n        }\n        100% {\n            transform: scale(1);\n            opacity: 1;\n        }\n    }\n    @media (max-width: 768px) {\n        .cta-container {\n            flex-direction: column;\n            text-align: center;\n        }\n        .linha-um {\n            flex-direction: column;\n            align-items: center;\n        }\n        .cta-image {\n            width: 100%;\n            margin-bottom: 20px;\n        }\n        .cta-content {\n            width: 100%;\n            margin-left: 0;\n            margin-right: 0;\n        }\n        .animated-button {\n            margin-top: 5px;\n            padding: 12px 30px;\n        }\n    }\n<\/style>\n<div class=\"cta-container\">\n    <div class=\"linha-um\">\n        <div class=\"cta-image\">\n            <img decoding=\"async\" class=\"item\" loading=\"lazy\" src=\"https:\/\/empresaqui.com.br\/img\/Landing_Page_EBOOK.png\" alt=\"ebook\" id=\"ebook\">\n        <\/div>\n        <div class=\"cta-content\">\n            <h2><span class=\"ez-toc-section\" id=\"Ebook_A_Arte_das_Vendas_B2B\"><\/span>Ebook A Arte das Vendas B2B<span class=\"ez-toc-section-end\"><\/span><\/h2>\n            <p>Aprenda as estrat\u00e9gias mais eficazes para prospectar clientes, negociar contratos e construir relacionamentos s\u00f3lidos que geram resultados duradouros.<\/p>\n        <\/div>\n    <\/div>\n    <a href=\"https:\/\/empresaqui.com.br\/ebook-a-arte-das-vendas-b2b\" data-toggle=\"modal\" data-target=\"#ModalCarregando\" class=\"animated-button item\">BAIXE GRATUITAMENTE<\/a>\n<\/div> \n\n\n\n<h2 class=\"wp-block-heading\"><span class=\"ez-toc-section\" id=\"Qual_a_diferenca_entre_Promotor_de_Vendas_representante_comercial_e_vendedor\"><\/span><strong>Qual a diferen\u00e7a entre Promotor de Vendas, representante comercial e vendedor?<\/strong><span class=\"ez-toc-section-end\"><\/span><\/h2>\n\n\n\n<p>No mundo das vendas, \u00e9 comum encontrar diferentes pap\u00e9is que, embora semelhantes, possuem atividades distintas.&nbsp;<\/p>\n\n\n\n<p>Entender a diferen\u00e7a entre promotor de vendas, representante comercial e vendedor \u00e9 importante para quem deseja seguir carreira nessa \u00e1rea.&nbsp;<\/p>\n\n\n\n<p>Cada fun\u00e7\u00e3o tem um <strong>papel espec\u00edfico no processo de comercializa\u00e7\u00e3o de produtos<\/strong>, desde a promo\u00e7\u00e3o at\u00e9 a finaliza\u00e7\u00e3o e p\u00f3s venda. Veja as caracter\u00edsticas e responsabilidades de cada uma dessas posi\u00e7\u00f5es!<\/p>\n\n\n\n<h3 class=\"wp-block-heading\"><strong>Promotor de Vendas<\/strong><\/h3>\n\n\n\n<p>O promotor de vendas \u00e9 respons\u00e1vel por <strong>aumentar a visibilidade e a demanda dos produtos<\/strong> no ponto de venda.&nbsp;<\/p>\n\n\n\n<p>Suas atividades incluem organizar prateleiras, organizar stands, repor mercadorias e interagir com os clientes para <strong>promover os produtos<\/strong>.&nbsp;<\/p>\n\n\n\n<p>Por exemplo, em um supermercado, um promotor pode montar uma degusta\u00e7\u00e3o de um novo produto alimentar para incentivar as vendas.<\/p>\n\n\n\n<h3 class=\"wp-block-heading\"><strong>Representante Comercial<\/strong><\/h3>\n\n\n\n<p>J\u00e1 o <a href=\"https:\/\/www.empresaqui.com.br\/blog\/representante-comercial\/\" target=\"_blank\" rel=\"noreferrer noopener\"><strong>representante comercial<\/strong><\/a> atua como intermedi\u00e1rio entre a empresa e os clientes, focando em vender produtos para varejistas, distribuidores ou outras empresas.&nbsp;<\/p>\n\n\n\n<p>Ele trabalha geralmente com uma carteira de clientes e visita regularmente os pontos de venda para <strong>apresentar produtos, negociar contratos e fechar pedidos<\/strong>.&nbsp;<\/p>\n\n\n\n<p>Outro exemplo, seria um representante comercial de uma empresa de bebidas que pode visitar bares e restaurantes para apresentar novas linhas de produtos e fechar encomendas.<\/p>\n\n\n\n<h3 class=\"wp-block-heading\"><strong>Vendedor<\/strong><\/h3>\n\n\n\n<p>O vendedor \u00e9 o respons\u00e1vel por lidar diretamente com o cliente final, seja em lojas f\u00edsicas ou online. Sua principal fun\u00e7\u00e3o \u00e9 realizar vendas, atender, aconselhar, processar pagamentos e garantir a <a href=\"https:\/\/www.empresaqui.com.br\/blog\/customer-health-score\/\" target=\"_blank\" rel=\"noreferrer noopener\"><strong>satisfa\u00e7\u00e3o do cliente<\/strong><\/a>.&nbsp;<\/p>\n\n\n\n<p>Em uma loja de eletr\u00f4nicos, por exemplo, um vendedor pode ajudar um cliente a escolher um novo celular, explicando as caracter\u00edsticas e vantagens de cada modelo dispon\u00edvel.<\/p>\n\n\n\n<p>Cada uma dessas fun\u00e7\u00f5es tem o seu devido espa\u00e7o no processo de vendas, mas cada uma possui <strong>responsabilidades e focos diferentes<\/strong>.&nbsp;<\/p>\n\n\n\n<h2 class=\"wp-block-heading\"><span class=\"ez-toc-section\" id=\"O_que_e_preciso_para_ser_um_Promotor_de_Vendas\"><\/span><strong>O que \u00e9 preciso para ser um Promotor de Vendas?<\/strong><span class=\"ez-toc-section-end\"><\/span><\/h2>\n\n\n\n<p>Para se tornar um promotor de vendas \u00e9 necess\u00e1rio reunir um conjunto de habilidades e qualifica\u00e7\u00f5es espec\u00edficas que ajudam a ser um profissional de destaque. Veja alguns requisitos:<\/p>\n\n\n\n<ul class=\"wp-block-list\">\n<li><strong>Comunica\u00e7\u00e3o:<\/strong> Ser capaz de se comunicar claramente e de maneira persuasiva para interagir com clientes e colegas de trabalho;<\/li>\n\n\n\n<li><strong>Conhecimento do produto:<\/strong> Ter um entendimento profundo dos produtos\/servi\u00e7os&nbsp; que divulga, como caracter\u00edsticas e benef\u00edcios;<\/li>\n\n\n\n<li><strong>Carisma:<\/strong> Ser amig\u00e1vel, acess\u00edvel e capaz de construir relacionamentos com clientes e equipes;<\/li>\n\n\n\n<li><strong>Organiza\u00e7\u00e3o e proatividade:<\/strong> Manter prateleiras organizadas, repor produtos e tomar a iniciativa para solucionar problemas no ponto de venda;<\/li>\n\n\n\n<li><strong>Flexibilidade e adapta\u00e7\u00e3o:<\/strong> Estar disposto a trabalhar em diferentes locais e hor\u00e1rios, dependendo das necessidades da empresa e do ponto de venda;<\/li>\n\n\n\n<li><strong>Experi\u00eancia:<\/strong> Embora nem sempre seja obrigat\u00f3rio, experi\u00eancia pr\u00e9via em vendas ou promo\u00e7\u00e3o de produtos \u00e9 um diferencial.<\/li>\n<\/ul>\n\n\n\n<p>Al\u00e9m dessas habilidades e qualifica\u00e7\u00f5es, muitos empregadores oferecem treinamentos espec\u00edficos para preparar promotores de vendas, garantindo que eles estejam bem treinados para representar a marca de maneira profissional.<\/p>\n\n\n\n<p>N\u00e3o \u00e9 necess\u00e1rio uma forma\u00e7\u00e3o espec\u00edfica ou curso superior, no entanto, muito estudo sobre <a href=\"https:\/\/www.empresaqui.com.br\/blog\/comportamento-do-consumidor\/\" target=\"_blank\" rel=\"noreferrer noopener\"><strong>comportamento do consumidor<\/strong><\/a>, pode ser um caminho de in\u00edcio.<\/p>\n\n\n\n<h2 class=\"wp-block-heading\"><span class=\"ez-toc-section\" id=\"Areas_de_atuacao_de_um_Promotor_de_Vendas\"><\/span><strong>\u00c1reas de atua\u00e7\u00e3o de um Promotor de Vendas<\/strong><span class=\"ez-toc-section-end\"><\/span><\/h2>\n\n\n\n<p>Promotores de vendas podem atuar em diversos setores, cada um com suas particularidades e demandas espec\u00edficas. Confira algumas das principais \u00e1reas de atua\u00e7\u00e3o:<\/p>\n\n\n\n<h3 class=\"wp-block-heading\"><strong>Varejo<\/strong><\/h3>\n\n\n\n<p>Trabalham em supermercados, lojas de departamento, farm\u00e1cias e outros estabelecimentos, organizando produtos e realizando a\u00e7\u00f5es promocionais.<\/p>\n\n\n\n<h3 class=\"wp-block-heading\"><strong>Eventos e feiras<\/strong><\/h3>\n\n\n\n<p>Participam de feiras comerciais, exposi\u00e7\u00f5es e eventos promocionais, apresentando produtos e interagindo com o p\u00fablico.<\/p>\n\n\n\n<h3 class=\"wp-block-heading\"><strong>Ind\u00fastria aliment\u00edcia<\/strong><\/h3>\n\n\n\n<p>Destacam alimentos e bebidas em pontos de venda, oferecendo degusta\u00e7\u00f5es e explicando os benef\u00edcios dos produtos.<\/p>\n\n\n\n<h3 class=\"wp-block-heading\"><strong>Tecnologia e eletr\u00f4nicos<\/strong><\/h3>\n\n\n\n<p>Demonstram produtos tecnol\u00f3gicos e eletr\u00f4nicos, auxiliando os clientes na escolha e destacando funcionalidades.<\/p>\n\n\n\n<h3 class=\"wp-block-heading\"><strong>Cosm\u00e9ticos e Beleza<\/strong><\/h3>\n\n\n\n<p>Atuam em lojas de cosm\u00e9ticos, oferecendo amostras, explicando produtos e ajudando clientes a encontrar itens adequados \u00e0s suas necessidades.<\/p>\n\n\n\n<p>Cada setor oferece desafios e oportunidades \u00fanicas, exigindo do promotor de vendas adapta\u00e7\u00e3o e conhecimento espec\u00edfico para vender os produtos da melhor maneira poss\u00edvel.<\/p>\n\n\n\n<h2 class=\"wp-block-heading\"><span class=\"ez-toc-section\" id=\"Qual_o_salario_de_um_Promotor_de_Vendas\"><\/span><strong>Qual o sal\u00e1rio de um Promotor de Vendas?<\/strong><span class=\"ez-toc-section-end\"><\/span><\/h2>\n\n\n\n<p>O sal\u00e1rio de um promotor de vendas pode variar dependendo de fatores como localiza\u00e7\u00e3o geogr\u00e1fica, setor de atua\u00e7\u00e3o e experi\u00eancia do profissional.&nbsp;<\/p>\n\n\n\n<p>Em m\u00e9dia, no Brasil, um promotor de vendas pode ganhar entre R$ 1.200 e R$ 2.000 por m\u00eas. Al\u00e9m do sal\u00e1rio base, muitos promotores tamb\u00e9m recebem comiss\u00f5es e bonifica\u00e7\u00f5es por metas alcan\u00e7adas.<\/p>\n\n\n\n<div class=\"banner\">\n            <h2><span class=\"ez-toc-section\" id=\"Gere_listas_de_empresas_personalizadas\"><\/span>Gere listas de empresas personalizadas!<span class=\"ez-toc-section-end\"><\/span><\/h2>\n            <p>Cadastre-se gr\u00e1tis agora mesmo<\/p>\n            <div class=\"bottom-banner\">\n                <img decoding=\"async\" src=\"https:\/\/www.empresaqui.com.br\/blog\/wp-content\/uploads\/2021\/11\/AdminLTELogo.png\" alt=\"Seu Logotipo\" class=\"logo\">\n                <a href=\"https:\/\/www.empresaqui.com.br\/plano-gratuito?utm_source=blog&amp;utm_medium=banner&amp;utm_campaign=CTA-GRATUITO-HTML\" class=\"cta-button-banner\">Teste aqui agora<\/a>\n            <\/div>\n        <\/div>\n\n        <style>\n            .bottom-banner{\n                display: flex;\n                justify-content: center;\n                align-items: center;\n            }\n            .bottom-banner img{\n                width: 3rem !important;\n                height: 3rem !important;\n                margin-right: 1rem;\n            }\n            .banner h2{\n                font-family: Arial, sans-serif;\n                color: #fff !important;\n            }\n            .banner p{\n                font-family: Arial, sans-serif;\n            }\n            .banner {\n                background:#001E40;\n                color: #FFFFFF;\n                text-align: center;\n                padding: 20px;\n            }\n            .cta-button-banner {\n                display: inline-block;\n                background-color: #0CFFFB;\n                color: #000;\n                border: none;\n                padding: 1px 15px;\n                font-size: 14px;\n                font-family: sans-serif;\n                font-weight: 700;\n                border-radius: 21px;\n                cursor: pointer;\n                transition: background-color 0.3s ease;\n                text-decoration: none;\n            }\n\n            @media (max-width: 767px) {\n                .banner h2{\n                    font-size:20px;\n                }\n                .cta-button-banner {\n                    padding: 1px 15px;\n                    font-size: 12px;\n                }\n\n            }\n        <\/style>\n    \n\n","protected":false},"excerpt":{"rendered":"<p>O promotor de vendas \u00e9 o profissional respons\u00e1vel pelo processo de comercializa\u00e7\u00e3o de produtos e servi\u00e7os. Sua principal fun\u00e7\u00e3o \u00e9 [&hellip;]<\/p>\n","protected":false},"author":11,"featured_media":0,"comment_status":"closed","ping_status":"closed","sticky":false,"template":"","format":"standard","meta":{"_acf_changed":false,"_uag_custom_page_level_css":"","site-sidebar-layout":"default","site-content-layout":"","ast-site-content-layout":"default","site-content-style":"default","site-sidebar-style":"default","ast-global-header-display":"","ast-banner-title-visibility":"","ast-main-header-display":"","ast-hfb-above-header-display":"","ast-hfb-below-header-display":"","ast-hfb-mobile-header-display":"","site-post-title":"","ast-breadcrumbs-content":"","ast-featured-img":"","footer-sml-layout":"","theme-transparent-header-meta":"","adv-header-id-meta":"","stick-header-meta":"","header-above-stick-meta":"","header-main-stick-meta":"","header-below-stick-meta":"","astra-migrate-meta-layouts":"default","ast-page-background-enabled":"default","ast-page-background-meta":{"desktop":{"background-color":"var(--ast-global-color-4)","background-image":"","background-repeat":"repeat","background-position":"center center","background-size":"auto","background-attachment":"scroll","background-type":"","background-media":"","overlay-type":"","overlay-color":"","overlay-opacity":"","overlay-gradient":""},"tablet":{"background-color":"","background-image":"","background-repeat":"repeat","background-position":"center center","background-size":"auto","background-attachment":"scroll","background-type":"","background-media":"","overlay-type":"","overlay-color":"","overlay-opacity":"","overlay-gradient":""},"mobile":{"background-color":"","background-image":"","background-repeat":"repeat","background-position":"center center","background-size":"auto","background-attachment":"scroll","background-type":"","background-media":"","overlay-type":"","overlay-color":"","overlay-opacity":"","overlay-gradient":""}},"ast-content-background-meta":{"desktop":{"background-color":"var(--ast-global-color-5)","background-image":"","background-repeat":"repeat","background-position":"center center","background-size":"auto","background-attachment":"scroll","background-type":"","background-media":"","overlay-type":"","overlay-color":"","overlay-opacity":"","overlay-gradient":""},"tablet":{"background-color":"var(--ast-global-color-5)","background-image":"","background-repeat":"repeat","background-position":"center center","background-size":"auto","background-attachment":"scroll","background-type":"","background-media":"","overlay-type":"","overlay-color":"","overlay-opacity":"","overlay-gradient":""},"mobile":{"background-color":"var(--ast-global-color-5)","background-image":"","background-repeat":"repeat","background-position":"center center","background-size":"auto","background-attachment":"scroll","background-type":"","background-media":"","overlay-type":"","overlay-color":"","overlay-opacity":"","overlay-gradient":""}},"footnotes":""},"categories":[33],"tags":[],"class_list":["post-1695","post","type-post","status-publish","format-standard","hentry","category-prospeccao-vendas"],"acf":[],"yoast_head":"<!-- This site is optimized with the Yoast SEO plugin v27.4 - https:\/\/yoast.com\/product\/yoast-seo-wordpress\/ -->\n<title>O que faz um Promotor de Vendas? Sal\u00e1rio, carreira e rotina<\/title>\n<meta name=\"description\" content=\"Veja como \u00e9 a carreira de um Promotor de Vendas, o que \u00e9 necess\u00e1rio para se tornar um, a diferen\u00e7a para vendedores e como ter sucesso!\" \/>\n<meta name=\"robots\" content=\"index, follow, max-snippet:-1, max-image-preview:large, max-video-preview:-1\" \/>\n<link rel=\"canonical\" href=\"https:\/\/www.empresaqui.com.br\/blog\/promotor-de-vendas\/\" \/>\n<meta property=\"og:locale\" content=\"pt_BR\" \/>\n<meta property=\"og:type\" content=\"article\" \/>\n<meta property=\"og:title\" content=\"O que faz um Promotor de Vendas? Sal\u00e1rio, carreira e rotina\" \/>\n<meta property=\"og:description\" content=\"Veja como \u00e9 a carreira de um Promotor de Vendas, o que \u00e9 necess\u00e1rio para se tornar um, a diferen\u00e7a para vendedores e como ter sucesso!\" \/>\n<meta property=\"og:url\" content=\"https:\/\/www.empresaqui.com.br\/blog\/promotor-de-vendas\/\" \/>\n<meta property=\"og:site_name\" content=\"Blog EmpresAqui\" \/>\n<meta property=\"article:publisher\" content=\"https:\/\/www.facebook.com\/empresaquibr\" \/>\n<meta property=\"article:published_time\" content=\"2024-06-26T12:42:41+00:00\" \/>\n<meta property=\"article:modified_time\" content=\"2024-11-01T16:41:09+00:00\" \/>\n<meta name=\"author\" content=\"Marcus Silva\" \/>\n<meta name=\"twitter:card\" content=\"summary_large_image\" \/>\n<meta name=\"twitter:label1\" content=\"Escrito por\" \/>\n\t<meta name=\"twitter:data1\" content=\"Marcus Silva\" \/>\n\t<meta name=\"twitter:label2\" content=\"Est. tempo de leitura\" \/>\n\t<meta name=\"twitter:data2\" content=\"5 minutos\" \/>\n<script type=\"application\/ld+json\" class=\"yoast-schema-graph\">{\"@context\":\"https:\\\/\\\/schema.org\",\"@graph\":[{\"@type\":\"Article\",\"@id\":\"https:\\\/\\\/www.empresaqui.com.br\\\/blog\\\/promotor-de-vendas\\\/#article\",\"isPartOf\":{\"@id\":\"https:\\\/\\\/www.empresaqui.com.br\\\/blog\\\/promotor-de-vendas\\\/\"},\"author\":{\"name\":\"Marcus Silva\",\"@id\":\"https:\\\/\\\/www.empresaqui.com.br\\\/blog\\\/#\\\/schema\\\/person\\\/3296db9c65117f9ad26728e6375d178e\"},\"headline\":\"Promotor de Vendas: o que faz, como \u00e9 a carreira, forma\u00e7\u00e3o e sal\u00e1rio?\",\"datePublished\":\"2024-06-26T12:42:41+00:00\",\"dateModified\":\"2024-11-01T16:41:09+00:00\",\"mainEntityOfPage\":{\"@id\":\"https:\\\/\\\/www.empresaqui.com.br\\\/blog\\\/promotor-de-vendas\\\/\"},\"wordCount\":981,\"publisher\":{\"@id\":\"https:\\\/\\\/www.empresaqui.com.br\\\/blog\\\/#organization\"},\"articleSection\":[\"Dicas de Vendas\"],\"inLanguage\":\"pt-BR\"},{\"@type\":\"WebPage\",\"@id\":\"https:\\\/\\\/www.empresaqui.com.br\\\/blog\\\/promotor-de-vendas\\\/\",\"url\":\"https:\\\/\\\/www.empresaqui.com.br\\\/blog\\\/promotor-de-vendas\\\/\",\"name\":\"O que faz um Promotor de Vendas? Sal\u00e1rio, carreira e rotina\",\"isPartOf\":{\"@id\":\"https:\\\/\\\/www.empresaqui.com.br\\\/blog\\\/#website\"},\"datePublished\":\"2024-06-26T12:42:41+00:00\",\"dateModified\":\"2024-11-01T16:41:09+00:00\",\"description\":\"Veja como \u00e9 a carreira de um Promotor de Vendas, o que \u00e9 necess\u00e1rio para se tornar um, a diferen\u00e7a para vendedores e como ter sucesso!\",\"breadcrumb\":{\"@id\":\"https:\\\/\\\/www.empresaqui.com.br\\\/blog\\\/promotor-de-vendas\\\/#breadcrumb\"},\"inLanguage\":\"pt-BR\",\"potentialAction\":[{\"@type\":\"ReadAction\",\"target\":[\"https:\\\/\\\/www.empresaqui.com.br\\\/blog\\\/promotor-de-vendas\\\/\"]}]},{\"@type\":\"BreadcrumbList\",\"@id\":\"https:\\\/\\\/www.empresaqui.com.br\\\/blog\\\/promotor-de-vendas\\\/#breadcrumb\",\"itemListElement\":[{\"@type\":\"ListItem\",\"position\":1,\"name\":\"In\u00edcio\",\"item\":\"https:\\\/\\\/www.empresaqui.com.br\\\/blog\\\/\"},{\"@type\":\"ListItem\",\"position\":2,\"name\":\"Dicas de Vendas\",\"item\":\"https:\\\/\\\/www.empresaqui.com.br\\\/blog\\\/category\\\/prospeccao-vendas\\\/\"},{\"@type\":\"ListItem\",\"position\":3,\"name\":\"Promotor de Vendas: o que faz, como \u00e9 a carreira, forma\u00e7\u00e3o e sal\u00e1rio?\"}]},{\"@type\":\"WebSite\",\"@id\":\"https:\\\/\\\/www.empresaqui.com.br\\\/blog\\\/#website\",\"url\":\"https:\\\/\\\/www.empresaqui.com.br\\\/blog\\\/\",\"name\":\"Blog EmpresAqui\",\"description\":\"\",\"publisher\":{\"@id\":\"https:\\\/\\\/www.empresaqui.com.br\\\/blog\\\/#organization\"},\"potentialAction\":[{\"@type\":\"SearchAction\",\"target\":{\"@type\":\"EntryPoint\",\"urlTemplate\":\"https:\\\/\\\/www.empresaqui.com.br\\\/blog\\\/?s={search_term_string}\"},\"query-input\":{\"@type\":\"PropertyValueSpecification\",\"valueRequired\":true,\"valueName\":\"search_term_string\"}}],\"inLanguage\":\"pt-BR\"},{\"@type\":\"Organization\",\"@id\":\"https:\\\/\\\/www.empresaqui.com.br\\\/blog\\\/#organization\",\"name\":\"EmpresAqui\",\"url\":\"https:\\\/\\\/www.empresaqui.com.br\\\/blog\\\/\",\"logo\":{\"@type\":\"ImageObject\",\"inLanguage\":\"pt-BR\",\"@id\":\"https:\\\/\\\/www.empresaqui.com.br\\\/blog\\\/#\\\/schema\\\/logo\\\/image\\\/\",\"url\":\"https:\\\/\\\/www.empresaqui.com.br\\\/blog\\\/wp-content\\\/uploads\\\/2023\\\/02\\\/cropped-cropped-AdminLTELogo-2-1-1.png\",\"contentUrl\":\"https:\\\/\\\/www.empresaqui.com.br\\\/blog\\\/wp-content\\\/uploads\\\/2023\\\/02\\\/cropped-cropped-AdminLTELogo-2-1-1.png\",\"width\":100,\"height\":100,\"caption\":\"EmpresAqui\"},\"image\":{\"@id\":\"https:\\\/\\\/www.empresaqui.com.br\\\/blog\\\/#\\\/schema\\\/logo\\\/image\\\/\"},\"sameAs\":[\"https:\\\/\\\/www.facebook.com\\\/empresaquibr\",\"https:\\\/\\\/www.instagram.com\\\/empresaqui\"]},{\"@type\":\"Person\",\"@id\":\"https:\\\/\\\/www.empresaqui.com.br\\\/blog\\\/#\\\/schema\\\/person\\\/3296db9c65117f9ad26728e6375d178e\",\"name\":\"Marcus Silva\",\"image\":{\"@type\":\"ImageObject\",\"inLanguage\":\"pt-BR\",\"@id\":\"https:\\\/\\\/secure.gravatar.com\\\/avatar\\\/b982c7038fd4d2e1be949b1b1ab8d3f28484d80a87b2494898019b551cbad37c?s=96&d=mm&r=g\",\"url\":\"https:\\\/\\\/secure.gravatar.com\\\/avatar\\\/b982c7038fd4d2e1be949b1b1ab8d3f28484d80a87b2494898019b551cbad37c?s=96&d=mm&r=g\",\"contentUrl\":\"https:\\\/\\\/secure.gravatar.com\\\/avatar\\\/b982c7038fd4d2e1be949b1b1ab8d3f28484d80a87b2494898019b551cbad37c?s=96&d=mm&r=g\",\"caption\":\"Marcus Silva\"},\"url\":\"https:\\\/\\\/www.empresaqui.com.br\\\/blog\\\/author\\\/marcus-silvaa\\\/\"}]}<\/script>\n<!-- \/ Yoast SEO plugin. -->","yoast_head_json":{"title":"O que faz um Promotor de Vendas? Sal\u00e1rio, carreira e rotina","description":"Veja como \u00e9 a carreira de um Promotor de Vendas, o que \u00e9 necess\u00e1rio para se tornar um, a diferen\u00e7a para vendedores e como ter sucesso!","robots":{"index":"index","follow":"follow","max-snippet":"max-snippet:-1","max-image-preview":"max-image-preview:large","max-video-preview":"max-video-preview:-1"},"canonical":"https:\/\/www.empresaqui.com.br\/blog\/promotor-de-vendas\/","og_locale":"pt_BR","og_type":"article","og_title":"O que faz um Promotor de Vendas? Sal\u00e1rio, carreira e rotina","og_description":"Veja como \u00e9 a carreira de um Promotor de Vendas, o que \u00e9 necess\u00e1rio para se tornar um, a diferen\u00e7a para vendedores e como ter sucesso!","og_url":"https:\/\/www.empresaqui.com.br\/blog\/promotor-de-vendas\/","og_site_name":"Blog EmpresAqui","article_publisher":"https:\/\/www.facebook.com\/empresaquibr","article_published_time":"2024-06-26T12:42:41+00:00","article_modified_time":"2024-11-01T16:41:09+00:00","author":"Marcus Silva","twitter_card":"summary_large_image","twitter_misc":{"Escrito por":"Marcus Silva","Est. tempo de leitura":"5 minutos"},"schema":{"@context":"https:\/\/schema.org","@graph":[{"@type":"Article","@id":"https:\/\/www.empresaqui.com.br\/blog\/promotor-de-vendas\/#article","isPartOf":{"@id":"https:\/\/www.empresaqui.com.br\/blog\/promotor-de-vendas\/"},"author":{"name":"Marcus Silva","@id":"https:\/\/www.empresaqui.com.br\/blog\/#\/schema\/person\/3296db9c65117f9ad26728e6375d178e"},"headline":"Promotor de Vendas: o que faz, como \u00e9 a carreira, forma\u00e7\u00e3o e sal\u00e1rio?","datePublished":"2024-06-26T12:42:41+00:00","dateModified":"2024-11-01T16:41:09+00:00","mainEntityOfPage":{"@id":"https:\/\/www.empresaqui.com.br\/blog\/promotor-de-vendas\/"},"wordCount":981,"publisher":{"@id":"https:\/\/www.empresaqui.com.br\/blog\/#organization"},"articleSection":["Dicas de Vendas"],"inLanguage":"pt-BR"},{"@type":"WebPage","@id":"https:\/\/www.empresaqui.com.br\/blog\/promotor-de-vendas\/","url":"https:\/\/www.empresaqui.com.br\/blog\/promotor-de-vendas\/","name":"O que faz um Promotor de Vendas? Sal\u00e1rio, carreira e rotina","isPartOf":{"@id":"https:\/\/www.empresaqui.com.br\/blog\/#website"},"datePublished":"2024-06-26T12:42:41+00:00","dateModified":"2024-11-01T16:41:09+00:00","description":"Veja como \u00e9 a carreira de um Promotor de Vendas, o que \u00e9 necess\u00e1rio para se tornar um, a diferen\u00e7a para vendedores e como ter sucesso!","breadcrumb":{"@id":"https:\/\/www.empresaqui.com.br\/blog\/promotor-de-vendas\/#breadcrumb"},"inLanguage":"pt-BR","potentialAction":[{"@type":"ReadAction","target":["https:\/\/www.empresaqui.com.br\/blog\/promotor-de-vendas\/"]}]},{"@type":"BreadcrumbList","@id":"https:\/\/www.empresaqui.com.br\/blog\/promotor-de-vendas\/#breadcrumb","itemListElement":[{"@type":"ListItem","position":1,"name":"In\u00edcio","item":"https:\/\/www.empresaqui.com.br\/blog\/"},{"@type":"ListItem","position":2,"name":"Dicas de Vendas","item":"https:\/\/www.empresaqui.com.br\/blog\/category\/prospeccao-vendas\/"},{"@type":"ListItem","position":3,"name":"Promotor de Vendas: o que faz, como \u00e9 a carreira, forma\u00e7\u00e3o e sal\u00e1rio?"}]},{"@type":"WebSite","@id":"https:\/\/www.empresaqui.com.br\/blog\/#website","url":"https:\/\/www.empresaqui.com.br\/blog\/","name":"Blog EmpresAqui","description":"","publisher":{"@id":"https:\/\/www.empresaqui.com.br\/blog\/#organization"},"potentialAction":[{"@type":"SearchAction","target":{"@type":"EntryPoint","urlTemplate":"https:\/\/www.empresaqui.com.br\/blog\/?s={search_term_string}"},"query-input":{"@type":"PropertyValueSpecification","valueRequired":true,"valueName":"search_term_string"}}],"inLanguage":"pt-BR"},{"@type":"Organization","@id":"https:\/\/www.empresaqui.com.br\/blog\/#organization","name":"EmpresAqui","url":"https:\/\/www.empresaqui.com.br\/blog\/","logo":{"@type":"ImageObject","inLanguage":"pt-BR","@id":"https:\/\/www.empresaqui.com.br\/blog\/#\/schema\/logo\/image\/","url":"https:\/\/www.empresaqui.com.br\/blog\/wp-content\/uploads\/2023\/02\/cropped-cropped-AdminLTELogo-2-1-1.png","contentUrl":"https:\/\/www.empresaqui.com.br\/blog\/wp-content\/uploads\/2023\/02\/cropped-cropped-AdminLTELogo-2-1-1.png","width":100,"height":100,"caption":"EmpresAqui"},"image":{"@id":"https:\/\/www.empresaqui.com.br\/blog\/#\/schema\/logo\/image\/"},"sameAs":["https:\/\/www.facebook.com\/empresaquibr","https:\/\/www.instagram.com\/empresaqui"]},{"@type":"Person","@id":"https:\/\/www.empresaqui.com.br\/blog\/#\/schema\/person\/3296db9c65117f9ad26728e6375d178e","name":"Marcus Silva","image":{"@type":"ImageObject","inLanguage":"pt-BR","@id":"https:\/\/secure.gravatar.com\/avatar\/b982c7038fd4d2e1be949b1b1ab8d3f28484d80a87b2494898019b551cbad37c?s=96&d=mm&r=g","url":"https:\/\/secure.gravatar.com\/avatar\/b982c7038fd4d2e1be949b1b1ab8d3f28484d80a87b2494898019b551cbad37c?s=96&d=mm&r=g","contentUrl":"https:\/\/secure.gravatar.com\/avatar\/b982c7038fd4d2e1be949b1b1ab8d3f28484d80a87b2494898019b551cbad37c?s=96&d=mm&r=g","caption":"Marcus Silva"},"url":"https:\/\/www.empresaqui.com.br\/blog\/author\/marcus-silvaa\/"}]}},"uagb_featured_image_src":{"full":false,"thumbnail":false,"medium":false,"medium_large":false,"large":false,"1536x1536":false,"2048x2048":false},"uagb_author_info":{"display_name":"Marcus Silva","author_link":"https:\/\/www.empresaqui.com.br\/blog\/author\/marcus-silvaa\/"},"uagb_comment_info":0,"uagb_excerpt":"O promotor de vendas \u00e9 o profissional respons\u00e1vel pelo processo de comercializa\u00e7\u00e3o de produtos e servi\u00e7os. Sua principal fun\u00e7\u00e3o \u00e9 [&hellip;]","_links":{"self":[{"href":"https:\/\/www.empresaqui.com.br\/blog\/wp-json\/wp\/v2\/posts\/1695","targetHints":{"allow":["GET"]}}],"collection":[{"href":"https:\/\/www.empresaqui.com.br\/blog\/wp-json\/wp\/v2\/posts"}],"about":[{"href":"https:\/\/www.empresaqui.com.br\/blog\/wp-json\/wp\/v2\/types\/post"}],"author":[{"embeddable":true,"href":"https:\/\/www.empresaqui.com.br\/blog\/wp-json\/wp\/v2\/users\/11"}],"replies":[{"embeddable":true,"href":"https:\/\/www.empresaqui.com.br\/blog\/wp-json\/wp\/v2\/comments?post=1695"}],"version-history":[{"count":3,"href":"https:\/\/www.empresaqui.com.br\/blog\/wp-json\/wp\/v2\/posts\/1695\/revisions"}],"predecessor-version":[{"id":3410,"href":"https:\/\/www.empresaqui.com.br\/blog\/wp-json\/wp\/v2\/posts\/1695\/revisions\/3410"}],"wp:attachment":[{"href":"https:\/\/www.empresaqui.com.br\/blog\/wp-json\/wp\/v2\/media?parent=1695"}],"wp:term":[{"taxonomy":"category","embeddable":true,"href":"https:\/\/www.empresaqui.com.br\/blog\/wp-json\/wp\/v2\/categories?post=1695"},{"taxonomy":"post_tag","embeddable":true,"href":"https:\/\/www.empresaqui.com.br\/blog\/wp-json\/wp\/v2\/tags?post=1695"}],"curies":[{"name":"wp","href":"https:\/\/api.w.org\/{rel}","templated":true}]}}