{"id":1588,"date":"2024-06-12T14:57:20","date_gmt":"2024-06-12T17:57:20","guid":{"rendered":"https:\/\/www.empresaqui.com.br\/blog\/?p=1588"},"modified":"2024-06-12T14:57:23","modified_gmt":"2024-06-12T17:57:23","slug":"jornada-de-compra","status":"publish","type":"post","link":"https:\/\/www.empresaqui.com.br\/blog\/jornada-de-compra\/","title":{"rendered":"Veja como mapear e otimizar a Jornada de Compra para aumentar suas vendas"},"content":{"rendered":"\n<p>A jornada de compra \u00e9 o caminho percorrido pelo cliente desde o primeiro contato com uma necessidade at\u00e9 a concretiza\u00e7\u00e3o da compra.&nbsp;<\/p>\n\n\n\n<p>Compreender essa jornada \u00e9 essencial para desenvolver estrat\u00e9gias eficazes de marketing e vendas, pois permite a <strong>identifica\u00e7\u00e3o das necessidades e comportamentos dos clientes<\/strong> em cada etapa do processo.&nbsp;<\/p>\n\n\n\n<p>Isso n\u00e3o s\u00f3 otimiza a experi\u00eancia do cliente, mas tamb\u00e9m <strong>aumenta a probabilidade de convers\u00e3o e fideliza\u00e7\u00e3o<\/strong>.<\/p>\n\n\n\n<p>Neste artigo, vamos explorar o conceito de jornada de compra, suas etapas e a import\u00e2ncia de conhec\u00ea-la para maximizar suas vendas.&nbsp;<\/p>\n\n\n\n<div id=\"ez-toc-container\" class=\"ez-toc-v2_0_81 ez-toc-wrap-left counter-hierarchy ez-toc-counter ez-toc-custom ez-toc-container-direction\">\n<div class=\"ez-toc-title-container\">\n<p class=\"ez-toc-title\" style=\"cursor:inherit\">Neste artigo voc\u00ea vai ver:<\/p>\n<span class=\"ez-toc-title-toggle\"><a href=\"#\" class=\"ez-toc-pull-right ez-toc-btn ez-toc-btn-xs ez-toc-btn-default ez-toc-toggle\" aria-label=\"Alternar tabela de conte\u00fado\"><span class=\"ez-toc-js-icon-con\"><span class=\"\"><span class=\"eztoc-hide\" style=\"display:none;\">Toggle<\/span><span class=\"ez-toc-icon-toggle-span\"><svg style=\"fill: #0066bf;color:#0066bf\" xmlns=\"http:\/\/www.w3.org\/2000\/svg\" class=\"list-377408\" width=\"20px\" height=\"20px\" viewBox=\"0 0 24 24\" fill=\"none\"><path d=\"M6 6H4v2h2V6zm14 0H8v2h12V6zM4 11h2v2H4v-2zm16 0H8v2h12v-2zM4 16h2v2H4v-2zm16 0H8v2h12v-2z\" fill=\"currentColor\"><\/path><\/svg><svg style=\"fill: #0066bf;color:#0066bf\" class=\"arrow-unsorted-368013\" xmlns=\"http:\/\/www.w3.org\/2000\/svg\" width=\"10px\" height=\"10px\" viewBox=\"0 0 24 24\" version=\"1.2\" baseProfile=\"tiny\"><path d=\"M18.2 9.3l-6.2-6.3-6.2 6.3c-.2.2-.3.4-.3.7s.1.5.3.7c.2.2.4.3.7.3h11c.3 0 .5-.1.7-.3.2-.2.3-.5.3-.7s-.1-.5-.3-.7zM5.8 14.7l6.2 6.3 6.2-6.3c.2-.2.3-.5.3-.7s-.1-.5-.3-.7c-.2-.2-.4-.3-.7-.3h-11c-.3 0-.5.1-.7.3-.2.2-.3.5-.3.7s.1.5.3.7z\"\/><\/svg><\/span><\/span><\/span><\/a><\/span><\/div>\n<nav><ul class='ez-toc-list ez-toc-list-level-1 ' ><li class='ez-toc-page-1 ez-toc-heading-level-2'><a class=\"ez-toc-link ez-toc-heading-1\" href=\"https:\/\/www.empresaqui.com.br\/blog\/jornada-de-compra\/#O_que_e_Jornada_de_Compra\" >O que \u00e9 Jornada de Compra?<\/a><\/li><li class='ez-toc-page-1 ez-toc-heading-level-2'><a class=\"ez-toc-link ez-toc-heading-2\" href=\"https:\/\/www.empresaqui.com.br\/blog\/jornada-de-compra\/#Etapas_da_Jornada_de_Compra\" >Etapas da Jornada de Compra<\/a><\/li><li class='ez-toc-page-1 ez-toc-heading-level-2'><a class=\"ez-toc-link ez-toc-heading-3\" href=\"https:\/\/www.empresaqui.com.br\/blog\/jornada-de-compra\/#Importancia_de_conhecer_a_Jornada_de_Compra\" >Import\u00e2ncia de conhecer a Jornada de Compra<\/a><\/li><li class='ez-toc-page-1 ez-toc-heading-level-2'><a class=\"ez-toc-link ez-toc-heading-4\" href=\"https:\/\/www.empresaqui.com.br\/blog\/jornada-de-compra\/#Qual_o_impacto_da_jornada_do_cliente_nas_vendas\" >Qual o impacto da jornada do cliente nas vendas?<\/a><\/li><li class='ez-toc-page-1 ez-toc-heading-level-2'><a class=\"ez-toc-link ez-toc-heading-5\" href=\"https:\/\/www.empresaqui.com.br\/blog\/jornada-de-compra\/#Exemplos_de_Jornada_de_Compra\" >Exemplos de Jornada de Compra<\/a><\/li><li class='ez-toc-page-1 ez-toc-heading-level-2'><a class=\"ez-toc-link ez-toc-heading-6\" href=\"https:\/\/www.empresaqui.com.br\/blog\/jornada-de-compra\/#Gere_listas_de_empresas_personalizadas\" >Gere listas de empresas personalizadas!<\/a><\/li><\/ul><\/nav><\/div>\n<h2 class=\"wp-block-heading\"><span class=\"ez-toc-section\" id=\"O_que_e_Jornada_de_Compra\"><\/span><strong>O que \u00e9 Jornada de Compra?<\/strong><span class=\"ez-toc-section-end\"><\/span><\/h2>\n\n\n\n<p>A jornada de compra \u00e9 o <strong>processo pelo qual um cliente potencial passa desde a identifica\u00e7\u00e3o de uma necessidade at\u00e9 a decis\u00e3o de compra<\/strong>.&nbsp;<\/p>\n\n\n\n<p>Esse conceito \u00e9 fundamental para entender como o consumidor interage com sua marca e quais s\u00e3o os momentos decisivos que levam \u00e0 compra.&nbsp;<\/p>\n\n\n\n<p>A <a href=\"https:\/\/www.empresaqui.com.br\/blog\/jornada-do-cliente-b2b\/\"><strong>jornada do cliente<\/strong><\/a> \u00e9 dividida em v\u00e1rias etapas, cada uma com suas caracter\u00edsticas e necessidades espec\u00edficas.<\/p>\n\n\n\n<p>No in\u00edcio, o consumidor pode n\u00e3o estar ciente de sua necessidade ou problema.&nbsp;<\/p>\n\n\n\n<p>\u00c0 medida que ele avan\u00e7a na jornada, come\u00e7a a buscar informa\u00e7\u00f5es e considerar diferentes solu\u00e7\u00f5es, at\u00e9 finalmente decidir qual produto ou servi\u00e7o atender\u00e1 melhor suas expectativas.<\/p>\n\n\n\n<p>Compreender esse processo ajuda as empresas a desenvolverem estrat\u00e9gias mais eficazes para <a href=\"https:\/\/www.empresaqui.com.br\/blog\/como-atrair-clientes\/\"><strong>atrair e converter clientes<\/strong><\/a>.<\/p>\n\n\n\n<h2 class=\"wp-block-heading\"><span class=\"ez-toc-section\" id=\"Etapas_da_Jornada_de_Compra\"><\/span><strong>Etapas da Jornada de Compra<\/strong><span class=\"ez-toc-section-end\"><\/span><\/h2>\n\n\n\n<p>Para as empresas, entender a jornada de compra \u00e9 muito importante. Ela oferece insights valiosos sobre o comportamento do consumidor e orienta a cria\u00e7\u00e3o de conte\u00fados e abordagens personalizadas.&nbsp;<\/p>\n\n\n\n<p>Vamos explorar quais s\u00e3o esses passos:<\/p>\n\n\n\n<h3 class=\"wp-block-heading\"><strong>1. Aprendizado e descoberta<\/strong><\/h3>\n\n\n\n<p>Nesta primeira etapa, o consumidor ainda <strong>n\u00e3o sabe que tem um problema ou necessidade espec\u00edfica<\/strong>.&nbsp;<\/p>\n\n\n\n<p>Ele est\u00e1 em busca de informa\u00e7\u00f5es gerais e come\u00e7a a se conscientizar sobre determinados assuntos. Aqui, o papel da empresa \u00e9 fornecer conte\u00fados educativos e relevantes para capturar a aten\u00e7\u00e3o do potencial cliente.<\/p>\n\n\n\n<p><strong>Exemplo<\/strong>: Um blog post sobre &#8220;Dicas para melhorar a gest\u00e3o do tempo no trabalho&#8221; pode atrair profissionais que ainda n\u00e3o perceberam a necessidade de um software de gest\u00e3o.<\/p>\n\n\n\n<h3 class=\"wp-block-heading\"><strong>2. Reconhecimento do problema<\/strong><\/h3>\n\n\n\n<p>Agora, o consumidor j\u00e1 identificou que tem um problema ou necessidade e <strong>come\u00e7a a buscar solu\u00e7\u00f5es espec\u00edficas<\/strong>.&nbsp;<\/p>\n\n\n\n<p>Ele est\u00e1 mais consciente e procura entender melhor como resolver a quest\u00e3o que identificou. Neste est\u00e1gio, \u00e9 importante fornecer conte\u00fados que ajudem a esclarecer o problema e a mostrar as poss\u00edveis solu\u00e7\u00f5es.<\/p>\n\n\n\n<p><strong>Exemplo<\/strong>: Um e-book sobre &#8220;Como a falta de organiza\u00e7\u00e3o afeta a produtividade&#8221; pode ajudar o consumidor a reconhecer a necessidade de um software de gest\u00e3o.<\/p>\n\n\n\n<h3 class=\"wp-block-heading\"><strong>3. Considera\u00e7\u00e3o da solu\u00e7\u00e3o<\/strong><\/h3>\n\n\n\n<p>Nesta fase, o consumidor est\u00e1 <strong>avaliando diferentes op\u00e7\u00f5es para resolver seu problema<\/strong>.&nbsp;<\/p>\n\n\n\n<p>Ele compara produtos e servi\u00e7os dispon\u00edveis no mercado, analisando quais se encaixam melhor em suas necessidades.&nbsp;<\/p>\n\n\n\n<p>A empresa deve fornecer informa\u00e7\u00f5es detalhadas sobre seus produtos e servi\u00e7os, destacando os benef\u00edcios e diferenciais.<\/p>\n\n\n\n<p><strong>Exemplo<\/strong>: Estudos de caso e compara\u00e7\u00f5es de produtos que mostram como o software de gest\u00e3o ajudou outras empresas a melhorar sua produtividade.<\/p>\n\n\n\n<h3 class=\"wp-block-heading\"><strong>4. Decis\u00e3o de compra<\/strong><\/h3>\n\n\n\n<p>Finalmente, o consumidor <strong>escolhe a solu\u00e7\u00e3o que acredita ser a melhor para resolver seu problema<\/strong>.&nbsp;<\/p>\n\n\n\n<p>Ele est\u00e1 pronto para fazer a compra e agora precisa de uma \u00faltima confirma\u00e7\u00e3o de que est\u00e1 tomando a decis\u00e3o certa. Ofertas especiais, demonstra\u00e7\u00f5es gratuitas e garantias podem ser determinantes nesta fase.<\/p>\n\n\n\n<p><strong>Exemplo<\/strong>: Um teste gratuito de 30 dias do software de gest\u00e3o pode ser o incentivo final para a decis\u00e3o de compra.<\/p>\n\n\n\n<h2 class=\"wp-block-heading\"><span class=\"ez-toc-section\" id=\"Importancia_de_conhecer_a_Jornada_de_Compra\"><\/span><strong>Import\u00e2ncia de conhecer a Jornada de Compra<\/strong><span class=\"ez-toc-section-end\"><\/span><\/h2>\n\n\n\n<p>Conhecer a jornada de compra \u00e9 muito importante para criar estrat\u00e9gias de marketing e avan\u00e7ar os clientes pelo <a href=\"https:\/\/www.empresaqui.com.br\/blog\/funil-de-vendas\/\"><strong>funil de vendas<\/strong><\/a> de forma eficaz. Com essa compreens\u00e3o, as empresas podem:<\/p>\n\n\n\n<ul class=\"wp-block-list\">\n<li><strong>Personalizar a comunica\u00e7\u00e3o<\/strong>: Enviar mensagens relevantes e adequadas a cada etapa da jornada, aumentando a efic\u00e1cia das campanhas de marketing.<\/li>\n\n\n\n<li><strong>Otimizar recursos:<\/strong> Focar esfor\u00e7os e investimentos em momentos decisivos da jornada do cliente, melhorando a efici\u00eancia do or\u00e7amento de marketing.<\/li>\n\n\n\n<li><strong>Aumentar a convers\u00e3o:<\/strong> Entender as necessidades e comportamentos do consumidor permite oferecer solu\u00e7\u00f5es no momento certo, aumentando as chances de convers\u00e3o.<\/li>\n<\/ul>\n\n\n\n<p>Al\u00e9m disso, a jornada de compra fornece <em>insights<\/em> valiosos para o desenvolvimento de novos produtos e servi\u00e7os. Ao conhecer as dificuldades e desejos dos clientes, a empresa pode inovar e se adaptar mais rapidamente \u00e0s mudan\u00e7as do mercado.<\/p>\n\n\n\n<h2 class=\"wp-block-heading\"><span class=\"ez-toc-section\" id=\"Qual_o_impacto_da_jornada_do_cliente_nas_vendas\"><\/span><strong>Qual o impacto da jornada do cliente nas vendas?<\/strong><span class=\"ez-toc-section-end\"><\/span><\/h2>\n\n\n\n<p>A jornada do cliente tem um impacto direto nas vendas, pois cada etapa do processo de compra influencia a decis\u00e3o final.&nbsp;<\/p>\n\n\n\n<p>Ao mapear essa jornada, as empresas podem identificar pontos de fric\u00e7\u00e3o e oportunidades de melhoria, o que pode resultar em:<\/p>\n\n\n\n<ul class=\"wp-block-list\">\n<li><strong>Redu\u00e7\u00e3o do ciclo de vendas<\/strong>: Compreender o processo de decis\u00e3o do cliente ajuda a acelerar a jornada, reduzindo o tempo entre o primeiro contato e a compra.<\/li>\n\n\n\n<li><strong>Melhora na experi\u00eancia do cliente<\/strong>: Fornecer informa\u00e7\u00f5es e suporte adequados em cada etapa aumenta a satisfa\u00e7\u00e3o do cliente e a probabilidade de recomenda\u00e7\u00f5es ao <a href=\"https:\/\/www.empresaqui.com.br\/blog\/publico-alvo\/\"><strong>p\u00fablico-alvo<\/strong><\/a>.<\/li>\n\n\n\n<li><strong>Fideliza\u00e7\u00e3o<\/strong>: Clientes que t\u00eam uma experi\u00eancia positiva durante toda a jornada s\u00e3o mais propensos a se tornarem fi\u00e9is \u00e0 marca e a realizar compras recorrentes.<\/li>\n<\/ul>\n\n\n\n<p>Empresas que investem em entender e otimizar a jornada de compra conseguem criar uma conex\u00e3o mais forte com seus clientes, resultando em maior lealdade e receitas.<\/p>\n\n\n\n<h2 class=\"wp-block-heading\"><span class=\"ez-toc-section\" id=\"Exemplos_de_Jornada_de_Compra\"><\/span><strong>Exemplos de Jornada de Compra<\/strong><span class=\"ez-toc-section-end\"><\/span><\/h2>\n\n\n\n<p>Vamos explorar alguns exemplos pr\u00e1ticos de jornadas de compra para diferentes setores:<\/p>\n\n\n\n<h3 class=\"wp-block-heading\"><strong>E-commerce de moda&nbsp;<\/strong><\/h3>\n\n\n\n<p>Um cliente pode come\u00e7ar sua jornada vendo um an\u00fancio de uma nova cole\u00e7\u00e3o no Instagram (aprendizado e descoberta).&nbsp;<\/p>\n\n\n\n<p>Ele visita o site para explorar os produtos (reconhecimento do problema) e compara diferentes pe\u00e7as e pre\u00e7os (considera\u00e7\u00e3o da solu\u00e7\u00e3o).&nbsp;<\/p>\n\n\n\n<p>Finalmente, decide comprar um item durante uma promo\u00e7\u00e3o (decis\u00e3o de compra).<\/p>\n\n\n\n<h3 class=\"wp-block-heading\"><strong>Servi\u00e7o de assinatura de streaming&nbsp;<\/strong><\/h3>\n\n\n\n<p>Um potencial cliente v\u00ea uma propaganda de um novo servi\u00e7o de streaming (aprendizado e descoberta).&nbsp;<\/p>\n\n\n\n<p>Ele pesquisa sobre os filmes e s\u00e9ries dispon\u00edveis (reconhecimento do problema) e compara com outros servi\u00e7os de streaming (considera\u00e7\u00e3o da solu\u00e7\u00e3o).&nbsp;<\/p>\n\n\n\n<p>Ap\u00f3s ver uma oferta de teste gratuito, ele se inscreve (decis\u00e3o de compra).<\/p>\n\n\n\n<h3 class=\"wp-block-heading\"><strong>Consultoria empresarial&nbsp;<\/strong><\/h3>\n\n\n\n<p>Um gestor percebe que sua empresa est\u00e1 com problemas de produtividade (aprendizado e descoberta).&nbsp;<\/p>\n\n\n\n<p>Ele l\u00ea artigos e participa de webinars sobre gest\u00e3o eficiente (reconhecimento do problema).&nbsp;<\/p>\n\n\n\n<p>Em seguida, avalia diferentes consultorias que oferecem servi\u00e7os de melhoria de processos (considera\u00e7\u00e3o da solu\u00e7\u00e3o) e escolhe uma ap\u00f3s uma reuni\u00e3o inicial gratuita (decis\u00e3o de compra).<\/p>\n\n\n\n<div class=\"banner\">\n            <h2><span class=\"ez-toc-section\" id=\"Gere_listas_de_empresas_personalizadas\"><\/span>Gere listas de empresas personalizadas!<span class=\"ez-toc-section-end\"><\/span><\/h2>\n            <p>Cadastre-se gr\u00e1tis agora mesmo<\/p>\n            <div class=\"bottom-banner\">\n                <img decoding=\"async\" src=\"https:\/\/www.empresaqui.com.br\/blog\/wp-content\/uploads\/2021\/11\/AdminLTELogo.png\" alt=\"Seu Logotipo\" class=\"logo\">\n                <a href=\"https:\/\/www.empresaqui.com.br\/plano-gratuito?utm_source=blog&amp;utm_medium=banner&amp;utm_campaign=CTA-GRATUITO-HTML\" class=\"cta-button-banner\">Teste aqui agora<\/a>\n            <\/div>\n        <\/div>\n        <style>\n            .bottom-banner{\n                display: flex;\n                justify-content: center;\n                align-items: center;\n            }\n            .bottom-banner img{\n                width: 3rem !important;\n                height: 3rem !important;\n                margin-right: 1rem;\n            }\n            .banner h2{\n                font-family: Arial, sans-serif;\n                color: #fff !important;\n            }\n            .banner p{\n                font-family: Arial, sans-serif;\n            }\n            .banner {\n                background:#001E40;\n                color: #FFFFFF;\n                text-align: center;\n                padding: 20px;\n            }\n            .cta-button-banner {\n                display: inline-block;\n                background-color: #0CFFFB;\n                color: #000;\n                border: none;\n                padding: 1px 15px;\n                font-size: 14px;\n                font-family: sans-serif;\n                font-weight: 700;\n                border-radius: 21px;\n                cursor: pointer;\n                transition: background-color 0.3s ease;\n                text-decoration: none;\n            }\n            @media (max-width: 767px) {\n                .banner h2{\n                    font-size:20px;\n                }\n                .cta-button-banner {\n                    padding: 1px 15px;\n                    font-size: 12px;\n                }\n            }\n        <\/style>\n","protected":false},"excerpt":{"rendered":"<p>A jornada de compra \u00e9 o caminho percorrido pelo cliente desde o primeiro contato com uma necessidade at\u00e9 a concretiza\u00e7\u00e3o [&hellip;]<\/p>\n","protected":false},"author":8,"featured_media":0,"comment_status":"closed","ping_status":"closed","sticky":false,"template":"","format":"standard","meta":{"_acf_changed":false,"_uag_custom_page_level_css":"","site-sidebar-layout":"default","site-content-layout":"","ast-site-content-layout":"default","site-content-style":"default","site-sidebar-style":"default","ast-global-header-display":"","ast-banner-title-visibility":"","ast-main-header-display":"","ast-hfb-above-header-display":"","ast-hfb-below-header-display":"","ast-hfb-mobile-header-display":"","site-post-title":"","ast-breadcrumbs-content":"","ast-featured-img":"","footer-sml-layout":"","theme-transparent-header-meta":"","adv-header-id-meta":"","stick-header-meta":"","header-above-stick-meta":"","header-main-stick-meta":"","header-below-stick-meta":"","astra-migrate-meta-layouts":"default","ast-page-background-enabled":"default","ast-page-background-meta":{"desktop":{"background-color":"var(--ast-global-color-4)","background-image":"","background-repeat":"repeat","background-position":"center center","background-size":"auto","background-attachment":"scroll","background-type":"","background-media":"","overlay-type":"","overlay-color":"","overlay-opacity":"","overlay-gradient":""},"tablet":{"background-color":"","background-image":"","background-repeat":"repeat","background-position":"center center","background-size":"auto","background-attachment":"scroll","background-type":"","background-media":"","overlay-type":"","overlay-color":"","overlay-opacity":"","overlay-gradient":""},"mobile":{"background-color":"","background-image":"","background-repeat":"repeat","background-position":"center center","background-size":"auto","background-attachment":"scroll","background-type":"","background-media":"","overlay-type":"","overlay-color":"","overlay-opacity":"","overlay-gradient":""}},"ast-content-background-meta":{"desktop":{"background-color":"var(--ast-global-color-5)","background-image":"","background-repeat":"repeat","background-position":"center center","background-size":"auto","background-attachment":"scroll","background-type":"","background-media":"","overlay-type":"","overlay-color":"","overlay-opacity":"","overlay-gradient":""},"tablet":{"background-color":"var(--ast-global-color-5)","background-image":"","background-repeat":"repeat","background-position":"center center","background-size":"auto","background-attachment":"scroll","background-type":"","background-media":"","overlay-type":"","overlay-color":"","overlay-opacity":"","overlay-gradient":""},"mobile":{"background-color":"var(--ast-global-color-5)","background-image":"","background-repeat":"repeat","background-position":"center center","background-size":"auto","background-attachment":"scroll","background-type":"","background-media":"","overlay-type":"","overlay-color":"","overlay-opacity":"","overlay-gradient":""}},"footnotes":""},"categories":[33],"tags":[],"class_list":["post-1588","post","type-post","status-publish","format-standard","hentry","category-prospeccao-vendas"],"acf":[],"yoast_head":"<!-- This site is optimized with the Yoast SEO plugin v27.4 - https:\/\/yoast.com\/product\/yoast-seo-wordpress\/ -->\n<title>Jornada de Compra: conhe\u00e7a a import\u00e2ncia, etapas e exemplos!<\/title>\n<meta name=\"description\" content=\"Compreenda a import\u00e2ncia da Jornada de Compra, suas etapas e exemplos pr\u00e1ticos. Descubra como isso pode impactar suas vendas e atrair clientes.\" \/>\n<meta name=\"robots\" content=\"index, follow, max-snippet:-1, max-image-preview:large, max-video-preview:-1\" \/>\n<link rel=\"canonical\" href=\"https:\/\/www.empresaqui.com.br\/blog\/jornada-de-compra\/\" \/>\n<meta property=\"og:locale\" content=\"pt_BR\" \/>\n<meta property=\"og:type\" content=\"article\" \/>\n<meta property=\"og:title\" content=\"Jornada de Compra: conhe\u00e7a a import\u00e2ncia, etapas e exemplos!\" \/>\n<meta property=\"og:description\" content=\"Compreenda a import\u00e2ncia da Jornada de Compra, suas etapas e exemplos pr\u00e1ticos. Descubra como isso pode impactar suas vendas e atrair clientes.\" \/>\n<meta property=\"og:url\" content=\"https:\/\/www.empresaqui.com.br\/blog\/jornada-de-compra\/\" \/>\n<meta property=\"og:site_name\" content=\"Blog EmpresAqui\" \/>\n<meta property=\"article:publisher\" content=\"https:\/\/www.facebook.com\/empresaquibr\" \/>\n<meta property=\"article:published_time\" content=\"2024-06-12T17:57:20+00:00\" \/>\n<meta property=\"article:modified_time\" content=\"2024-06-12T17:57:23+00:00\" \/>\n<meta property=\"og:image\" content=\"https:\/\/www.empresaqui.com.br\/blog\/wp-content\/uploads\/2021\/11\/AdminLTELogo.png\" \/>\n<meta name=\"author\" content=\"Danillo Rocha\" \/>\n<meta name=\"twitter:card\" content=\"summary_large_image\" \/>\n<meta name=\"twitter:label1\" content=\"Escrito por\" \/>\n\t<meta name=\"twitter:data1\" content=\"Danillo Rocha\" \/>\n\t<meta name=\"twitter:label2\" content=\"Est. tempo de leitura\" \/>\n\t<meta name=\"twitter:data2\" content=\"7 minutos\" \/>\n<script type=\"application\/ld+json\" class=\"yoast-schema-graph\">{\"@context\":\"https:\\\/\\\/schema.org\",\"@graph\":[{\"@type\":\"Article\",\"@id\":\"https:\\\/\\\/www.empresaqui.com.br\\\/blog\\\/jornada-de-compra\\\/#article\",\"isPartOf\":{\"@id\":\"https:\\\/\\\/www.empresaqui.com.br\\\/blog\\\/jornada-de-compra\\\/\"},\"author\":{\"name\":\"Danillo Rocha\",\"@id\":\"https:\\\/\\\/www.empresaqui.com.br\\\/blog\\\/#\\\/schema\\\/person\\\/be165d2b8065bfa20b88787a07cf9e96\"},\"headline\":\"Veja como mapear e otimizar a Jornada de Compra para aumentar suas vendas\",\"datePublished\":\"2024-06-12T17:57:20+00:00\",\"dateModified\":\"2024-06-12T17:57:23+00:00\",\"mainEntityOfPage\":{\"@id\":\"https:\\\/\\\/www.empresaqui.com.br\\\/blog\\\/jornada-de-compra\\\/\"},\"wordCount\":1169,\"publisher\":{\"@id\":\"https:\\\/\\\/www.empresaqui.com.br\\\/blog\\\/#organization\"},\"image\":{\"@id\":\"https:\\\/\\\/www.empresaqui.com.br\\\/blog\\\/jornada-de-compra\\\/#primaryimage\"},\"thumbnailUrl\":\"https:\\\/\\\/www.empresaqui.com.br\\\/blog\\\/wp-content\\\/uploads\\\/2021\\\/11\\\/AdminLTELogo.png\",\"articleSection\":[\"Dicas de Vendas\"],\"inLanguage\":\"pt-BR\"},{\"@type\":\"WebPage\",\"@id\":\"https:\\\/\\\/www.empresaqui.com.br\\\/blog\\\/jornada-de-compra\\\/\",\"url\":\"https:\\\/\\\/www.empresaqui.com.br\\\/blog\\\/jornada-de-compra\\\/\",\"name\":\"Jornada de Compra: conhe\u00e7a a import\u00e2ncia, etapas e exemplos!\",\"isPartOf\":{\"@id\":\"https:\\\/\\\/www.empresaqui.com.br\\\/blog\\\/#website\"},\"primaryImageOfPage\":{\"@id\":\"https:\\\/\\\/www.empresaqui.com.br\\\/blog\\\/jornada-de-compra\\\/#primaryimage\"},\"image\":{\"@id\":\"https:\\\/\\\/www.empresaqui.com.br\\\/blog\\\/jornada-de-compra\\\/#primaryimage\"},\"thumbnailUrl\":\"https:\\\/\\\/www.empresaqui.com.br\\\/blog\\\/wp-content\\\/uploads\\\/2021\\\/11\\\/AdminLTELogo.png\",\"datePublished\":\"2024-06-12T17:57:20+00:00\",\"dateModified\":\"2024-06-12T17:57:23+00:00\",\"description\":\"Compreenda a import\u00e2ncia da Jornada de Compra, suas etapas e exemplos pr\u00e1ticos. Descubra como isso pode impactar suas vendas e atrair clientes.\",\"breadcrumb\":{\"@id\":\"https:\\\/\\\/www.empresaqui.com.br\\\/blog\\\/jornada-de-compra\\\/#breadcrumb\"},\"inLanguage\":\"pt-BR\",\"potentialAction\":[{\"@type\":\"ReadAction\",\"target\":[\"https:\\\/\\\/www.empresaqui.com.br\\\/blog\\\/jornada-de-compra\\\/\"]}]},{\"@type\":\"ImageObject\",\"inLanguage\":\"pt-BR\",\"@id\":\"https:\\\/\\\/www.empresaqui.com.br\\\/blog\\\/jornada-de-compra\\\/#primaryimage\",\"url\":\"https:\\\/\\\/www.empresaqui.com.br\\\/blog\\\/wp-content\\\/uploads\\\/2021\\\/11\\\/AdminLTELogo.png\",\"contentUrl\":\"https:\\\/\\\/www.empresaqui.com.br\\\/blog\\\/wp-content\\\/uploads\\\/2021\\\/11\\\/AdminLTELogo.png\",\"width\":100,\"height\":100,\"caption\":\"logo\"},{\"@type\":\"BreadcrumbList\",\"@id\":\"https:\\\/\\\/www.empresaqui.com.br\\\/blog\\\/jornada-de-compra\\\/#breadcrumb\",\"itemListElement\":[{\"@type\":\"ListItem\",\"position\":1,\"name\":\"In\u00edcio\",\"item\":\"https:\\\/\\\/www.empresaqui.com.br\\\/blog\\\/\"},{\"@type\":\"ListItem\",\"position\":2,\"name\":\"Dicas de Vendas\",\"item\":\"https:\\\/\\\/www.empresaqui.com.br\\\/blog\\\/category\\\/prospeccao-vendas\\\/\"},{\"@type\":\"ListItem\",\"position\":3,\"name\":\"Veja como mapear e otimizar a Jornada de Compra para aumentar suas vendas\"}]},{\"@type\":\"WebSite\",\"@id\":\"https:\\\/\\\/www.empresaqui.com.br\\\/blog\\\/#website\",\"url\":\"https:\\\/\\\/www.empresaqui.com.br\\\/blog\\\/\",\"name\":\"Blog EmpresAqui\",\"description\":\"\",\"publisher\":{\"@id\":\"https:\\\/\\\/www.empresaqui.com.br\\\/blog\\\/#organization\"},\"potentialAction\":[{\"@type\":\"SearchAction\",\"target\":{\"@type\":\"EntryPoint\",\"urlTemplate\":\"https:\\\/\\\/www.empresaqui.com.br\\\/blog\\\/?s={search_term_string}\"},\"query-input\":{\"@type\":\"PropertyValueSpecification\",\"valueRequired\":true,\"valueName\":\"search_term_string\"}}],\"inLanguage\":\"pt-BR\"},{\"@type\":\"Organization\",\"@id\":\"https:\\\/\\\/www.empresaqui.com.br\\\/blog\\\/#organization\",\"name\":\"EmpresAqui\",\"url\":\"https:\\\/\\\/www.empresaqui.com.br\\\/blog\\\/\",\"logo\":{\"@type\":\"ImageObject\",\"inLanguage\":\"pt-BR\",\"@id\":\"https:\\\/\\\/www.empresaqui.com.br\\\/blog\\\/#\\\/schema\\\/logo\\\/image\\\/\",\"url\":\"https:\\\/\\\/www.empresaqui.com.br\\\/blog\\\/wp-content\\\/uploads\\\/2023\\\/02\\\/cropped-cropped-AdminLTELogo-2-1-1.png\",\"contentUrl\":\"https:\\\/\\\/www.empresaqui.com.br\\\/blog\\\/wp-content\\\/uploads\\\/2023\\\/02\\\/cropped-cropped-AdminLTELogo-2-1-1.png\",\"width\":100,\"height\":100,\"caption\":\"EmpresAqui\"},\"image\":{\"@id\":\"https:\\\/\\\/www.empresaqui.com.br\\\/blog\\\/#\\\/schema\\\/logo\\\/image\\\/\"},\"sameAs\":[\"https:\\\/\\\/www.facebook.com\\\/empresaquibr\",\"https:\\\/\\\/www.instagram.com\\\/empresaqui\"]},{\"@type\":\"Person\",\"@id\":\"https:\\\/\\\/www.empresaqui.com.br\\\/blog\\\/#\\\/schema\\\/person\\\/be165d2b8065bfa20b88787a07cf9e96\",\"name\":\"Danillo Rocha\",\"image\":{\"@type\":\"ImageObject\",\"inLanguage\":\"pt-BR\",\"@id\":\"https:\\\/\\\/secure.gravatar.com\\\/avatar\\\/a440539fd479fe3447e5aeaa627ba644f1a101516334fa5a2b263c192ba710bc?s=96&d=mm&r=g\",\"url\":\"https:\\\/\\\/secure.gravatar.com\\\/avatar\\\/a440539fd479fe3447e5aeaa627ba644f1a101516334fa5a2b263c192ba710bc?s=96&d=mm&r=g\",\"contentUrl\":\"https:\\\/\\\/secure.gravatar.com\\\/avatar\\\/a440539fd479fe3447e5aeaa627ba644f1a101516334fa5a2b263c192ba710bc?s=96&d=mm&r=g\",\"caption\":\"Danillo Rocha\"},\"description\":\"Danillo Rocha \u00e9 CEO e fundador do EmpresAqui, plataforma de intelig\u00eancia de mercado e gera\u00e7\u00e3o de leads B2B com mais de 300 mil usu\u00e1rios. Formado em Ci\u00eancia da Computa\u00e7\u00e3o, com especializa\u00e7\u00e3o em Softwares e Dados e Per\u00edcia Financeira, \u00e9 empreendedor em tecnologia e neg\u00f3cios B2B.\",\"sameAs\":[\"https:\\\/\\\/www.empresaqui.com.br\\\/\",\"https:\\\/\\\/www.instagram.com\\\/danillorocha10\",\"https:\\\/\\\/www.instagram.com\\\/danillorocha\"],\"url\":\"https:\\\/\\\/www.empresaqui.com.br\\\/blog\\\/author\\\/danillo-rocha\\\/\"}]}<\/script>\n<!-- \/ Yoast SEO plugin. -->","yoast_head_json":{"title":"Jornada de Compra: conhe\u00e7a a import\u00e2ncia, etapas e exemplos!","description":"Compreenda a import\u00e2ncia da Jornada de Compra, suas etapas e exemplos pr\u00e1ticos. Descubra como isso pode impactar suas vendas e atrair clientes.","robots":{"index":"index","follow":"follow","max-snippet":"max-snippet:-1","max-image-preview":"max-image-preview:large","max-video-preview":"max-video-preview:-1"},"canonical":"https:\/\/www.empresaqui.com.br\/blog\/jornada-de-compra\/","og_locale":"pt_BR","og_type":"article","og_title":"Jornada de Compra: conhe\u00e7a a import\u00e2ncia, etapas e exemplos!","og_description":"Compreenda a import\u00e2ncia da Jornada de Compra, suas etapas e exemplos pr\u00e1ticos. Descubra como isso pode impactar suas vendas e atrair clientes.","og_url":"https:\/\/www.empresaqui.com.br\/blog\/jornada-de-compra\/","og_site_name":"Blog EmpresAqui","article_publisher":"https:\/\/www.facebook.com\/empresaquibr","article_published_time":"2024-06-12T17:57:20+00:00","article_modified_time":"2024-06-12T17:57:23+00:00","og_image":[{"url":"https:\/\/www.empresaqui.com.br\/blog\/wp-content\/uploads\/2021\/11\/AdminLTELogo.png","type":"","width":"","height":""}],"author":"Danillo Rocha","twitter_card":"summary_large_image","twitter_misc":{"Escrito por":"Danillo Rocha","Est. tempo de leitura":"7 minutos"},"schema":{"@context":"https:\/\/schema.org","@graph":[{"@type":"Article","@id":"https:\/\/www.empresaqui.com.br\/blog\/jornada-de-compra\/#article","isPartOf":{"@id":"https:\/\/www.empresaqui.com.br\/blog\/jornada-de-compra\/"},"author":{"name":"Danillo Rocha","@id":"https:\/\/www.empresaqui.com.br\/blog\/#\/schema\/person\/be165d2b8065bfa20b88787a07cf9e96"},"headline":"Veja como mapear e otimizar a Jornada de Compra para aumentar suas vendas","datePublished":"2024-06-12T17:57:20+00:00","dateModified":"2024-06-12T17:57:23+00:00","mainEntityOfPage":{"@id":"https:\/\/www.empresaqui.com.br\/blog\/jornada-de-compra\/"},"wordCount":1169,"publisher":{"@id":"https:\/\/www.empresaqui.com.br\/blog\/#organization"},"image":{"@id":"https:\/\/www.empresaqui.com.br\/blog\/jornada-de-compra\/#primaryimage"},"thumbnailUrl":"https:\/\/www.empresaqui.com.br\/blog\/wp-content\/uploads\/2021\/11\/AdminLTELogo.png","articleSection":["Dicas de Vendas"],"inLanguage":"pt-BR"},{"@type":"WebPage","@id":"https:\/\/www.empresaqui.com.br\/blog\/jornada-de-compra\/","url":"https:\/\/www.empresaqui.com.br\/blog\/jornada-de-compra\/","name":"Jornada de Compra: conhe\u00e7a a import\u00e2ncia, etapas e exemplos!","isPartOf":{"@id":"https:\/\/www.empresaqui.com.br\/blog\/#website"},"primaryImageOfPage":{"@id":"https:\/\/www.empresaqui.com.br\/blog\/jornada-de-compra\/#primaryimage"},"image":{"@id":"https:\/\/www.empresaqui.com.br\/blog\/jornada-de-compra\/#primaryimage"},"thumbnailUrl":"https:\/\/www.empresaqui.com.br\/blog\/wp-content\/uploads\/2021\/11\/AdminLTELogo.png","datePublished":"2024-06-12T17:57:20+00:00","dateModified":"2024-06-12T17:57:23+00:00","description":"Compreenda a import\u00e2ncia da Jornada de Compra, suas etapas e exemplos pr\u00e1ticos. Descubra como isso pode impactar suas vendas e atrair clientes.","breadcrumb":{"@id":"https:\/\/www.empresaqui.com.br\/blog\/jornada-de-compra\/#breadcrumb"},"inLanguage":"pt-BR","potentialAction":[{"@type":"ReadAction","target":["https:\/\/www.empresaqui.com.br\/blog\/jornada-de-compra\/"]}]},{"@type":"ImageObject","inLanguage":"pt-BR","@id":"https:\/\/www.empresaqui.com.br\/blog\/jornada-de-compra\/#primaryimage","url":"https:\/\/www.empresaqui.com.br\/blog\/wp-content\/uploads\/2021\/11\/AdminLTELogo.png","contentUrl":"https:\/\/www.empresaqui.com.br\/blog\/wp-content\/uploads\/2021\/11\/AdminLTELogo.png","width":100,"height":100,"caption":"logo"},{"@type":"BreadcrumbList","@id":"https:\/\/www.empresaqui.com.br\/blog\/jornada-de-compra\/#breadcrumb","itemListElement":[{"@type":"ListItem","position":1,"name":"In\u00edcio","item":"https:\/\/www.empresaqui.com.br\/blog\/"},{"@type":"ListItem","position":2,"name":"Dicas de Vendas","item":"https:\/\/www.empresaqui.com.br\/blog\/category\/prospeccao-vendas\/"},{"@type":"ListItem","position":3,"name":"Veja como mapear e otimizar a Jornada de Compra para aumentar suas vendas"}]},{"@type":"WebSite","@id":"https:\/\/www.empresaqui.com.br\/blog\/#website","url":"https:\/\/www.empresaqui.com.br\/blog\/","name":"Blog EmpresAqui","description":"","publisher":{"@id":"https:\/\/www.empresaqui.com.br\/blog\/#organization"},"potentialAction":[{"@type":"SearchAction","target":{"@type":"EntryPoint","urlTemplate":"https:\/\/www.empresaqui.com.br\/blog\/?s={search_term_string}"},"query-input":{"@type":"PropertyValueSpecification","valueRequired":true,"valueName":"search_term_string"}}],"inLanguage":"pt-BR"},{"@type":"Organization","@id":"https:\/\/www.empresaqui.com.br\/blog\/#organization","name":"EmpresAqui","url":"https:\/\/www.empresaqui.com.br\/blog\/","logo":{"@type":"ImageObject","inLanguage":"pt-BR","@id":"https:\/\/www.empresaqui.com.br\/blog\/#\/schema\/logo\/image\/","url":"https:\/\/www.empresaqui.com.br\/blog\/wp-content\/uploads\/2023\/02\/cropped-cropped-AdminLTELogo-2-1-1.png","contentUrl":"https:\/\/www.empresaqui.com.br\/blog\/wp-content\/uploads\/2023\/02\/cropped-cropped-AdminLTELogo-2-1-1.png","width":100,"height":100,"caption":"EmpresAqui"},"image":{"@id":"https:\/\/www.empresaqui.com.br\/blog\/#\/schema\/logo\/image\/"},"sameAs":["https:\/\/www.facebook.com\/empresaquibr","https:\/\/www.instagram.com\/empresaqui"]},{"@type":"Person","@id":"https:\/\/www.empresaqui.com.br\/blog\/#\/schema\/person\/be165d2b8065bfa20b88787a07cf9e96","name":"Danillo Rocha","image":{"@type":"ImageObject","inLanguage":"pt-BR","@id":"https:\/\/secure.gravatar.com\/avatar\/a440539fd479fe3447e5aeaa627ba644f1a101516334fa5a2b263c192ba710bc?s=96&d=mm&r=g","url":"https:\/\/secure.gravatar.com\/avatar\/a440539fd479fe3447e5aeaa627ba644f1a101516334fa5a2b263c192ba710bc?s=96&d=mm&r=g","contentUrl":"https:\/\/secure.gravatar.com\/avatar\/a440539fd479fe3447e5aeaa627ba644f1a101516334fa5a2b263c192ba710bc?s=96&d=mm&r=g","caption":"Danillo Rocha"},"description":"Danillo Rocha \u00e9 CEO e fundador do EmpresAqui, plataforma de intelig\u00eancia de mercado e gera\u00e7\u00e3o de leads B2B com mais de 300 mil usu\u00e1rios. Formado em Ci\u00eancia da Computa\u00e7\u00e3o, com especializa\u00e7\u00e3o em Softwares e Dados e Per\u00edcia Financeira, \u00e9 empreendedor em tecnologia e neg\u00f3cios B2B.","sameAs":["https:\/\/www.empresaqui.com.br\/","https:\/\/www.instagram.com\/danillorocha10","https:\/\/www.instagram.com\/danillorocha"],"url":"https:\/\/www.empresaqui.com.br\/blog\/author\/danillo-rocha\/"}]}},"uagb_featured_image_src":{"full":false,"thumbnail":false,"medium":false,"medium_large":false,"large":false,"1536x1536":false,"2048x2048":false},"uagb_author_info":{"display_name":"Danillo Rocha","author_link":"https:\/\/www.empresaqui.com.br\/blog\/author\/danillo-rocha\/"},"uagb_comment_info":0,"uagb_excerpt":"A jornada de compra \u00e9 o caminho percorrido pelo cliente desde o primeiro contato com uma necessidade at\u00e9 a concretiza\u00e7\u00e3o [&hellip;]","_links":{"self":[{"href":"https:\/\/www.empresaqui.com.br\/blog\/wp-json\/wp\/v2\/posts\/1588","targetHints":{"allow":["GET"]}}],"collection":[{"href":"https:\/\/www.empresaqui.com.br\/blog\/wp-json\/wp\/v2\/posts"}],"about":[{"href":"https:\/\/www.empresaqui.com.br\/blog\/wp-json\/wp\/v2\/types\/post"}],"author":[{"embeddable":true,"href":"https:\/\/www.empresaqui.com.br\/blog\/wp-json\/wp\/v2\/users\/8"}],"replies":[{"embeddable":true,"href":"https:\/\/www.empresaqui.com.br\/blog\/wp-json\/wp\/v2\/comments?post=1588"}],"version-history":[{"count":1,"href":"https:\/\/www.empresaqui.com.br\/blog\/wp-json\/wp\/v2\/posts\/1588\/revisions"}],"predecessor-version":[{"id":1589,"href":"https:\/\/www.empresaqui.com.br\/blog\/wp-json\/wp\/v2\/posts\/1588\/revisions\/1589"}],"wp:attachment":[{"href":"https:\/\/www.empresaqui.com.br\/blog\/wp-json\/wp\/v2\/media?parent=1588"}],"wp:term":[{"taxonomy":"category","embeddable":true,"href":"https:\/\/www.empresaqui.com.br\/blog\/wp-json\/wp\/v2\/categories?post=1588"},{"taxonomy":"post_tag","embeddable":true,"href":"https:\/\/www.empresaqui.com.br\/blog\/wp-json\/wp\/v2\/tags?post=1588"}],"curies":[{"name":"wp","href":"https:\/\/api.w.org\/{rel}","templated":true}]}}