{"id":1460,"date":"2024-05-03T10:19:32","date_gmt":"2024-05-03T13:19:32","guid":{"rendered":"https:\/\/www.empresaqui.com.br\/blog\/?p=1460"},"modified":"2024-08-01T18:01:18","modified_gmt":"2024-08-01T21:01:18","slug":"contrato-social","status":"publish","type":"post","link":"https:\/\/www.empresaqui.com.br\/blog\/contrato-social\/","title":{"rendered":"Entenda a import\u00e2ncia do Contrato Social no processo de abertura da sua empresa!"},"content":{"rendered":"\n<p>O Contrato Social \u00e9 um documento essencial para a formaliza\u00e7\u00e3o e organiza\u00e7\u00e3o de uma empresa. Ele estabelece as bases da sociedade, definindo os direitos e deveres dos s\u00f3cios, al\u00e9m das regras de funcionamento do neg\u00f3cio.<\/p>\n\n\n\n<p>Sem ele, a empresa n\u00e3o existe legalmente perante o Estado. Vamos explorar o que \u00e9, sua import\u00e2ncia, tipos e como emitir esse documento importante para qualquer empreendimento.<\/p>\n\n\n\n<div id=\"ez-toc-container\" class=\"ez-toc-v2_0_81 ez-toc-wrap-left counter-hierarchy ez-toc-counter ez-toc-custom ez-toc-container-direction\">\n<div class=\"ez-toc-title-container\">\n<p class=\"ez-toc-title\" style=\"cursor:inherit\">Neste artigo voc\u00ea vai ver:<\/p>\n<span class=\"ez-toc-title-toggle\"><a href=\"#\" class=\"ez-toc-pull-right ez-toc-btn ez-toc-btn-xs ez-toc-btn-default ez-toc-toggle\" aria-label=\"Alternar tabela de conte\u00fado\"><span class=\"ez-toc-js-icon-con\"><span class=\"\"><span class=\"eztoc-hide\" style=\"display:none;\">Toggle<\/span><span class=\"ez-toc-icon-toggle-span\"><svg style=\"fill: #0066bf;color:#0066bf\" xmlns=\"http:\/\/www.w3.org\/2000\/svg\" class=\"list-377408\" width=\"20px\" height=\"20px\" viewBox=\"0 0 24 24\" fill=\"none\"><path d=\"M6 6H4v2h2V6zm14 0H8v2h12V6zM4 11h2v2H4v-2zm16 0H8v2h12v-2zM4 16h2v2H4v-2zm16 0H8v2h12v-2z\" fill=\"currentColor\"><\/path><\/svg><svg style=\"fill: #0066bf;color:#0066bf\" class=\"arrow-unsorted-368013\" xmlns=\"http:\/\/www.w3.org\/2000\/svg\" width=\"10px\" height=\"10px\" viewBox=\"0 0 24 24\" version=\"1.2\" baseProfile=\"tiny\"><path d=\"M18.2 9.3l-6.2-6.3-6.2 6.3c-.2.2-.3.4-.3.7s.1.5.3.7c.2.2.4.3.7.3h11c.3 0 .5-.1.7-.3.2-.2.3-.5.3-.7s-.1-.5-.3-.7zM5.8 14.7l6.2 6.3 6.2-6.3c.2-.2.3-.5.3-.7s-.1-.5-.3-.7c-.2-.2-.4-.3-.7-.3h-11c-.3 0-.5.1-.7.3-.2.2-.3.5-.3.7s.1.5.3.7z\"\/><\/svg><\/span><\/span><\/span><\/a><\/span><\/div>\n<nav><ul class='ez-toc-list ez-toc-list-level-1 ' ><li class='ez-toc-page-1 ez-toc-heading-level-2'><a class=\"ez-toc-link ez-toc-heading-1\" href=\"https:\/\/www.empresaqui.com.br\/blog\/contrato-social\/#O_que_e_Contrato_Social\" >O que \u00e9 Contrato Social?<\/a><\/li><li class='ez-toc-page-1 ez-toc-heading-level-2'><a class=\"ez-toc-link ez-toc-heading-2\" href=\"https:\/\/www.empresaqui.com.br\/blog\/contrato-social\/#Qual_a_importancia_de_um_Contrato_Social\" >Qual a import\u00e2ncia de um Contrato Social?<\/a><\/li><li class='ez-toc-page-1 ez-toc-heading-level-2'><a class=\"ez-toc-link ez-toc-heading-3\" href=\"https:\/\/www.empresaqui.com.br\/blog\/contrato-social\/#Tipos_de_Contrato_Social\" >Tipos de Contrato Social<\/a><\/li><li class='ez-toc-page-1 ez-toc-heading-level-2'><a class=\"ez-toc-link ez-toc-heading-4\" href=\"https:\/\/www.empresaqui.com.br\/blog\/contrato-social\/#Como_fazer_um_Contrato_Social\" >Como fazer um Contrato Social?<\/a><\/li><li class='ez-toc-page-1 ez-toc-heading-level-2'><a class=\"ez-toc-link ez-toc-heading-5\" href=\"https:\/\/www.empresaqui.com.br\/blog\/contrato-social\/#Como_registrar_o_Contrato_Social\" >Como registrar o Contrato Social?<\/a><\/li><li class='ez-toc-page-1 ez-toc-heading-level-2'><a class=\"ez-toc-link ez-toc-heading-6\" href=\"https:\/\/www.empresaqui.com.br\/blog\/contrato-social\/#Gere_listas_de_empresas_personalizadas\" >Gere listas de empresas personalizadas!<\/a><\/li><\/ul><\/nav><\/div>\n<h2 class=\"wp-block-heading\"><span class=\"ez-toc-section\" id=\"O_que_e_Contrato_Social\"><\/span><strong>O que \u00e9 Contrato Social?<\/strong><span class=\"ez-toc-section-end\"><\/span><\/h2>\n\n\n\n<p>O Contrato Social \u00e9 um documento fundamental para a formaliza\u00e7\u00e3o e estrutura\u00e7\u00e3o de uma sociedade empresarial.&nbsp;<\/p>\n\n\n\n<p><strong>Ele estabelece as bases legais e organizacionais do neg\u00f3cio, definindo os direitos, deveres e responsabilidades dos s\u00f3cios, assim como as regras para o funcionamento da empresa<\/strong>.<\/p>\n\n\n\n<p>Este contrato \u00e9 elaborado no momento da constitui\u00e7\u00e3o da empresa e pode ser considerado o &#8220;estatuto&#8221; da sociedade, delineando aspectos como a raz\u00e3o social, o objeto social (as atividades que a empresa realizar\u00e1), a forma de administra\u00e7\u00e3o, a participa\u00e7\u00e3o de cada s\u00f3cio no <a href=\"https:\/\/www.empresaqui.com.br\/blog\/capital-social\/\"><strong>capital social<\/strong><\/a>, a divis\u00e3o de lucros e preju\u00edzos, entre outros aspectos relevantes.<\/p>\n\n\n\n<p>Al\u00e9m de ser um requisito legal para a cria\u00e7\u00e3o da empresa, o Contrato Social \u00e9 <strong>essencial para evitar conflitos entre os s\u00f3cios e garantir a seguran\u00e7a jur\u00eddica do empreendimento<\/strong>.<\/p>\n\n\n\n<p>Ele tamb\u00e9m serve como refer\u00eancia para a tomada de decis\u00f5es importantes e pode ser modificado ao longo do tempo mediante acordo entre os s\u00f3cios e registro na Junta Comercial.&nbsp;<\/p>\n\n\n\n<h2 class=\"wp-block-heading\"><span class=\"ez-toc-section\" id=\"Qual_a_importancia_de_um_Contrato_Social\"><\/span><strong>Qual a import\u00e2ncia de um Contrato Social?<\/strong><span class=\"ez-toc-section-end\"><\/span><\/h2>\n\n\n\n<p>A import\u00e2ncia do Contrato Social reside na sua capacidade de estabelecer as bases legais e organizacionais do neg\u00f3cio. Ele <strong>define os direitos e deveres dos s\u00f3cios, evitando conflitos e garantindo uma gest\u00e3o transparente e eficiente<\/strong>.<\/p>\n\n\n\n<p>Al\u00e9m disso, o Contrato Social <strong>\u00e9<\/strong> <strong>exigido por \u00f3rg\u00e3os governamentais e institui\u00e7\u00f5es financeiras<\/strong> para a abertura de contas banc\u00e1rias, obten\u00e7\u00e3o de cr\u00e9dito e participa\u00e7\u00e3o em licita\u00e7\u00f5es, entre outras atividades empresariais.<\/p>\n\n\n\n<h2 class=\"wp-block-heading\"><span class=\"ez-toc-section\" id=\"Tipos_de_Contrato_Social\"><\/span><strong>Tipos de Contrato Social<\/strong><span class=\"ez-toc-section-end\"><\/span><\/h2>\n\n\n\n<p>Cada tipo de Contrato Social possui caracter\u00edsticas espec\u00edficas que atendem \u00e0s necessidades e estrutura\u00e7\u00e3o jur\u00eddica do neg\u00f3cio.&nbsp;<\/p>\n\n\n\n<p>\u00c9 fundamental escolher o tipo adequado de acordo com o porte da empresa, o n\u00famero de s\u00f3cios, <a href=\"https:\/\/www.empresaqui.com.br\/blog\/faturamento\/\"><strong>faturamento<\/strong><\/a>, ramo de atividade e os objetivos empresariais.<\/p>\n\n\n\n<p>Al\u00e9m disso, contar com o aux\u00edlio de um profissional especializado em direito empresarial \u00e9 essencial para garantir que o contrato esteja em conformidade com a legisla\u00e7\u00e3o vigente e as necessidades do empreendimento.<\/p>\n\n\n\n<h3 class=\"wp-block-heading\"><strong>Contrato Social Simples<\/strong><\/h3>\n\n\n\n<p>Este tipo de contrato \u00e9 comumente utilizado para <strong>empresas de pequeno e m\u00e9dio porte<\/strong>, como as Sociedades Limitadas (LTDA) e as Empresas Individuais de Responsabilidade Limitada (EIRELI).<\/p>\n\n\n\n<p>Na Sociedade Limitada, os s\u00f3cios t\u00eam responsabilidade limitada ao valor das suas cotas, enquanto na EIRELI, o empres\u00e1rio individual tem sua responsabilidade limitada ao capital social.<\/p>\n\n\n\n<h3 class=\"wp-block-heading\"><strong>Contrato Social de Empres\u00e1rio Individual<\/strong><\/h3>\n\n\n\n<p>\u00c9 o contrato utilizado por aqueles que optam por ser empres\u00e1rios individuais. Nesse caso, <strong>n\u00e3o h\u00e1 divis\u00e3o de responsabilidades<\/strong> entre s\u00f3cios, pois o empres\u00e1rio responde com seu patrim\u00f4nio pessoal por d\u00edvidas e obriga\u00e7\u00f5es da empresa.<\/p>\n\n\n\n<h3 class=\"wp-block-heading\"><strong>Contrato Social de Sociedade An\u00f4nima (S\/A)<\/strong><\/h3>\n\n\n\n<p>Este tipo de contrato \u00e9 destinado a <strong>empresas de grande porte<\/strong> <strong>que desejam ter seu capital aberto ao mercado<\/strong>, ou seja, negociar a\u00e7\u00f5es na bolsa de valores.<\/p>\n\n\n\n<p>Na Sociedade An\u00f4nima, o capital social \u00e9 dividido em a\u00e7\u00f5es e os s\u00f3cios s\u00e3o acionistas, n\u00e3o tendo responsabilidade pessoal pelas d\u00edvidas da empresa.<\/p>\n\n\n\n<h2 class=\"wp-block-heading\"><span class=\"ez-toc-section\" id=\"Como_fazer_um_Contrato_Social\"><\/span><strong>Como fazer um Contrato Social?<\/strong><span class=\"ez-toc-section-end\"><\/span><\/h2>\n\n\n\n<p>Ap\u00f3s a elabora\u00e7\u00e3o do Contrato Social, \u00e9 recomend\u00e1vel contar com a <strong>orienta\u00e7\u00e3o de um advogado especializado em direito empresarial<\/strong> para revis\u00e3o e valida\u00e7\u00e3o da <a href=\"https:\/\/www.empresaqui.com.br\/blog\/natureza-juridica\/\"><strong>natureza jur\u00eddica<\/strong><\/a> do documento antes de se registrar na Junta Comercial.<\/p>\n\n\n\n<p>Este profissional poder\u00e1 garantir que o contrato esteja em conformidade com a legisla\u00e7\u00e3o vigente e atenda \u00e0s necessidades espec\u00edficas da empresa.&nbsp;<\/p>\n\n\n\n<p>Veja os principais passos para a elabora\u00e7\u00e3o:<\/p>\n\n\n\n<h3 class=\"wp-block-heading\"><strong>1. Defini\u00e7\u00e3o dos S\u00f3cios e Participa\u00e7\u00e3o no Capital Social<\/strong><\/h3>\n\n\n\n<p>Primeiro, \u00e9 necess\u00e1rio definir quem ser\u00e3o os s\u00f3cios da empresa e qual ser\u00e1 a participa\u00e7\u00e3o de cada um no capital social.&nbsp;<\/p>\n\n\n\n<p>Isso inclui <strong>decidir a porcentagem de cotas de cada s\u00f3cio<\/strong> e como ser\u00e1 feita a divis\u00e3o dos lucros e preju\u00edzos.<\/p>\n\n\n\n<h3 class=\"wp-block-heading\"><strong>2. Objeto Social e Atividades da Empresa<\/strong><\/h3>\n\n\n\n<p>O pr\u00f3ximo passo \u00e9 determinar qual ser\u00e1 o objeto social da empresa, ou seja, <strong>as atividades que ela ir\u00e1 realizar<\/strong>.&nbsp;<\/p>\n\n\n\n<p>\u00c9 importante ser <strong>espec\u00edfico e detalhado<\/strong> neste aspecto para evitar problemas futuros com a interpreta\u00e7\u00e3o das atividades permitidas pela empresa.<\/p>\n\n\n\n<h3 class=\"wp-block-heading\"><strong>3. Raz\u00e3o Social e Nome Empresarial<\/strong><\/h3>\n\n\n\n<p>Defina a <a href=\"https:\/\/www.empresaqui.com.br\/blog\/razao-social-e-nome-fantasia\/\"><strong>raz\u00e3o social<\/strong><\/a> da empresa, que \u00e9 o nome oficial da sociedade, e o nome empresarial, que \u00e9 como ela ser\u00e1 conhecida pelo p\u00fablico.\u00a0<\/p>\n\n\n\n<p>Certifique-se de verificar a disponibilidade do nome escolhido junto aos \u00f3rg\u00e3os competentes.<\/p>\n\n\n\n<h3 class=\"wp-block-heading\"><strong>4. Capital Social e Integraliza\u00e7\u00e3o<\/strong><\/h3>\n\n\n\n<p>Determine o valor do <a href=\"https:\/\/www.empresaqui.com.br\/blog\/capital-social\/\"><strong>capital social<\/strong><\/a> da empresa e como ele ser\u00e1 integralizado pelos s\u00f3cios.&nbsp;<\/p>\n\n\n\n<p>Isso pode ser feito atrav\u00e9s da contribui\u00e7\u00e3o de dinheiro, bens ou servi\u00e7os para a empresa.<\/p>\n\n\n\n<h3 class=\"wp-block-heading\"><strong>5. Administra\u00e7\u00e3o da Empresa<\/strong><\/h3>\n\n\n\n<p>Especifique como ser\u00e1 feita a administra\u00e7\u00e3o da empresa, quem ser\u00e3o os administradores e quais ser\u00e3o seus poderes e responsabilidades.&nbsp;<\/p>\n\n\n\n<p>Isso inclui a defini\u00e7\u00e3o de quem ser\u00e1 o representante legal da empresa perante terceiros.<\/p>\n\n\n\n<h3 class=\"wp-block-heading\"><strong>6. Cl\u00e1usulas Espec\u00edficas<\/strong><\/h3>\n\n\n\n<p>Inclua cl\u00e1usulas espec\u00edficas que sejam relevantes para o funcionamento da empresa, como regras para a entrada e sa\u00edda de s\u00f3cios, resolu\u00e7\u00e3o de conflitos, distribui\u00e7\u00e3o de lucros, entre outras.<\/p>\n\n\n\n<h3 class=\"wp-block-heading\"><strong>7. Assinatura e Reconhecimento de Firma<\/strong><\/h3>\n\n\n\n<p>Por fim, o contrato deve ser assinado por todos os s\u00f3cios e suas assinaturas devem ser reconhecidas em cart\u00f3rio. Isso garante a validade jur\u00eddica do contrato.<\/p>\n\n\n\n<h2 class=\"wp-block-heading\"><span class=\"ez-toc-section\" id=\"Como_registrar_o_Contrato_Social\"><\/span><strong>Como registrar o Contrato Social?<\/strong><span class=\"ez-toc-section-end\"><\/span><\/h2>\n\n\n\n<p>Antes de registrar o contrato, \u00e9 necess\u00e1rio elabor\u00e1-lo conforme as diretrizes legais e estruturais da empresa.&nbsp;<\/p>\n\n\n\n<p>Isso inclui definir os s\u00f3cios, objeto social, capital social, administra\u00e7\u00e3o da empresa e outras cl\u00e1usulas pertinentes.<\/p>\n\n\n\n<h3 class=\"wp-block-heading\"><strong>Revis\u00e3o do Contrato<\/strong><\/h3>\n\n\n\n<p>Ap\u00f3s a elabora\u00e7\u00e3o do Contrato Social, \u00e9 recomend\u00e1vel revis\u00e1-lo com aten\u00e7\u00e3o, preferencialmente com o aux\u00edlio de um advogado especializado em direito empresarial.<\/p>\n\n\n\n<h3 class=\"wp-block-heading\"><strong>Reuni\u00e3o dos S\u00f3cios e Assinaturas<\/strong><\/h3>\n\n\n\n<p>Todos os s\u00f3cios devem se reunir para assinar o Contrato Social.&nbsp;<\/p>\n\n\n\n<p>\u00c9 importante que todas as assinaturas sejam reconhecidas em cart\u00f3rio para conferir validade jur\u00eddica ao documento.<\/p>\n\n\n\n<h3 class=\"wp-block-heading\"><strong>Pagamento das Taxas<\/strong><\/h3>\n\n\n\n<p>Geralmente, \u00e9 necess\u00e1rio pagar uma taxa para registrar o Contrato Social na Junta Comercial. O valor da taxa pode variar de acordo com o estado e o tipo de empresa.<\/p>\n\n\n\n<h3 class=\"wp-block-heading\"><strong>Envio \u00e0 Junta Comercial<\/strong><\/h3>\n\n\n\n<p>Ap\u00f3s reunir toda a documenta\u00e7\u00e3o necess\u00e1ria e pagar as taxas, o Contrato Social deve ser enviado \u00e0 Junta Comercial do estado onde a empresa ser\u00e1 estabelecida.&nbsp;<\/p>\n\n\n\n<p>O registro pode ser feito presencialmente ou atrav\u00e9s do sistema online, dependendo da disponibilidade do \u00f3rg\u00e3o.<\/p>\n\n\n\n<h3 class=\"wp-block-heading\"><strong>Obten\u00e7\u00e3o do N\u00famero de CNPJ<\/strong><\/h3>\n\n\n\n<p>Ap\u00f3s o registro na Junta Comercial, a empresa receber\u00e1 o n\u00famero de CNPJ (Cadastro Nacional da Pessoa Jur\u00eddica), que \u00e9 o registro oficial da empresa perante a Receita Federal.&nbsp;<\/p>\n\n\n\n<p>Com o CNPJ em m\u00e3os, a empresa estar\u00e1 legalmente constitu\u00edda e poder\u00e1 iniciar suas atividades comerciais.<\/p>\n\n\n\n<div class=\"banner\">\n            <h2><span class=\"ez-toc-section\" id=\"Gere_listas_de_empresas_personalizadas\"><\/span>Gere listas de empresas personalizadas!<span class=\"ez-toc-section-end\"><\/span><\/h2>\n            <p>Cadastre-se gr\u00e1tis agora mesmo<\/p>\n            <div class=\"bottom-banner\">\n                <img decoding=\"async\" src=\"https:\/\/www.empresaqui.com.br\/blog\/wp-content\/uploads\/2021\/11\/AdminLTELogo.png\" alt=\"Seu Logotipo\" class=\"logo\">\n                <a href=\"https:\/\/www.empresaqui.com.br\/plano-gratuito?utm_source=blog&amp;utm_medium=banner&amp;utm_campaign=CTA-GRATUITO-HTML\" class=\"cta-button-banner\">Teste aqui agora<\/a>\n            <\/div>\n        <\/div>\n        <style>\n            .bottom-banner{\n                display: flex;\n                justify-content: center;\n                align-items: center;\n            }\n            .bottom-banner img{\n                width: 3rem !important;\n                height: 3rem !important;\n                margin-right: 1rem;\n            }\n            .banner h2{\n                font-family: Arial, sans-serif;\n                color: #fff !important;\n            }\n            .banner p{\n                font-family: Arial, sans-serif;\n            }\n            .banner {\n                background:#001E40;\n                color: #FFFFFF;\n                text-align: center;\n                padding: 20px;\n            }\n            .cta-button-banner {\n                display: inline-block;\n                background-color: #0CFFFB;\n                color: #000;\n                border: none;\n                padding: 1px 15px;\n                font-size: 14px;\n                font-family: sans-serif;\n                font-weight: 700;\n                border-radius: 21px;\n                cursor: pointer;\n                transition: background-color 0.3s ease;\n                text-decoration: none;\n            }\n            @media (max-width: 767px) {\n                .banner h2{\n                    font-size:20px;\n                }\n                .cta-button-banner {\n                    padding: 1px 15px;\n                    font-size: 12px;\n                }\n            }\n        <\/style>\n","protected":false},"excerpt":{"rendered":"<p>O Contrato Social \u00e9 um documento essencial para a formaliza\u00e7\u00e3o e organiza\u00e7\u00e3o de uma empresa. Ele estabelece as bases da [&hellip;]<\/p>\n","protected":false},"author":8,"featured_media":0,"comment_status":"closed","ping_status":"closed","sticky":false,"template":"","format":"standard","meta":{"_acf_changed":false,"_uag_custom_page_level_css":"","site-sidebar-layout":"default","site-content-layout":"","ast-site-content-layout":"default","site-content-style":"default","site-sidebar-style":"default","ast-global-header-display":"","ast-banner-title-visibility":"","ast-main-header-display":"","ast-hfb-above-header-display":"","ast-hfb-below-header-display":"","ast-hfb-mobile-header-display":"","site-post-title":"","ast-breadcrumbs-content":"","ast-featured-img":"","footer-sml-layout":"","theme-transparent-header-meta":"","adv-header-id-meta":"","stick-header-meta":"","header-above-stick-meta":"","header-main-stick-meta":"","header-below-stick-meta":"","astra-migrate-meta-layouts":"default","ast-page-background-enabled":"default","ast-page-background-meta":{"desktop":{"background-color":"var(--ast-global-color-4)","background-image":"","background-repeat":"repeat","background-position":"center center","background-size":"auto","background-attachment":"scroll","background-type":"","background-media":"","overlay-type":"","overlay-color":"","overlay-opacity":"","overlay-gradient":""},"tablet":{"background-color":"","background-image":"","background-repeat":"repeat","background-position":"center center","background-size":"auto","background-attachment":"scroll","background-type":"","background-media":"","overlay-type":"","overlay-color":"","overlay-opacity":"","overlay-gradient":""},"mobile":{"background-color":"","background-image":"","background-repeat":"repeat","background-position":"center center","background-size":"auto","background-attachment":"scroll","background-type":"","background-media":"","overlay-type":"","overlay-color":"","overlay-opacity":"","overlay-gradient":""}},"ast-content-background-meta":{"desktop":{"background-color":"var(--ast-global-color-5)","background-image":"","background-repeat":"repeat","background-position":"center center","background-size":"auto","background-attachment":"scroll","background-type":"","background-media":"","overlay-type":"","overlay-color":"","overlay-opacity":"","overlay-gradient":""},"tablet":{"background-color":"var(--ast-global-color-5)","background-image":"","background-repeat":"repeat","background-position":"center center","background-size":"auto","background-attachment":"scroll","background-type":"","background-media":"","overlay-type":"","overlay-color":"","overlay-opacity":"","overlay-gradient":""},"mobile":{"background-color":"var(--ast-global-color-5)","background-image":"","background-repeat":"repeat","background-position":"center center","background-size":"auto","background-attachment":"scroll","background-type":"","background-media":"","overlay-type":"","overlay-color":"","overlay-opacity":"","overlay-gradient":""}},"footnotes":""},"categories":[33],"tags":[],"class_list":["post-1460","post","type-post","status-publish","format-standard","hentry","category-prospeccao-vendas"],"acf":[],"yoast_head":"<!-- This site is optimized with the Yoast SEO plugin v27.4 - https:\/\/yoast.com\/product\/yoast-seo-wordpress\/ -->\n<title>Contrato Social: o que \u00e9, import\u00e2ncia, tipos e como emitir?<\/title>\n<meta name=\"description\" content=\"Entenda de uma vez o que \u00e9 um Contrato Social, sua import\u00e2ncia, seus tipos e como emitir para formalizar a constitui\u00e7\u00e3o da sua empresa.\" \/>\n<meta name=\"robots\" content=\"index, follow, max-snippet:-1, max-image-preview:large, max-video-preview:-1\" \/>\n<link rel=\"canonical\" href=\"https:\/\/www.empresaqui.com.br\/blog\/contrato-social\/\" \/>\n<meta property=\"og:locale\" content=\"pt_BR\" \/>\n<meta property=\"og:type\" content=\"article\" \/>\n<meta property=\"og:title\" content=\"Contrato Social: o que \u00e9, import\u00e2ncia, tipos e como emitir?\" \/>\n<meta property=\"og:description\" content=\"Entenda de uma vez o que \u00e9 um Contrato Social, sua import\u00e2ncia, seus tipos e como emitir para formalizar a constitui\u00e7\u00e3o da sua empresa.\" \/>\n<meta property=\"og:url\" content=\"https:\/\/www.empresaqui.com.br\/blog\/contrato-social\/\" \/>\n<meta property=\"og:site_name\" content=\"Blog EmpresAqui\" \/>\n<meta property=\"article:publisher\" content=\"https:\/\/www.facebook.com\/empresaquibr\" \/>\n<meta property=\"article:published_time\" content=\"2024-05-03T13:19:32+00:00\" \/>\n<meta property=\"article:modified_time\" content=\"2024-08-01T21:01:18+00:00\" \/>\n<meta property=\"og:image\" content=\"https:\/\/www.empresaqui.com.br\/blog\/wp-content\/uploads\/2021\/11\/AdminLTELogo.png\" \/>\n<meta name=\"author\" content=\"Danillo Rocha\" \/>\n<meta name=\"twitter:card\" content=\"summary_large_image\" \/>\n<meta name=\"twitter:label1\" content=\"Escrito por\" \/>\n\t<meta name=\"twitter:data1\" content=\"Danillo Rocha\" \/>\n\t<meta name=\"twitter:label2\" content=\"Est. tempo de leitura\" \/>\n\t<meta name=\"twitter:data2\" content=\"7 minutos\" \/>\n<script type=\"application\/ld+json\" class=\"yoast-schema-graph\">{\"@context\":\"https:\\\/\\\/schema.org\",\"@graph\":[{\"@type\":\"Article\",\"@id\":\"https:\\\/\\\/www.empresaqui.com.br\\\/blog\\\/contrato-social\\\/#article\",\"isPartOf\":{\"@id\":\"https:\\\/\\\/www.empresaqui.com.br\\\/blog\\\/contrato-social\\\/\"},\"author\":{\"name\":\"Danillo Rocha\",\"@id\":\"https:\\\/\\\/www.empresaqui.com.br\\\/blog\\\/#\\\/schema\\\/person\\\/be165d2b8065bfa20b88787a07cf9e96\"},\"headline\":\"Entenda a import\u00e2ncia do Contrato Social no processo de abertura da sua empresa!\",\"datePublished\":\"2024-05-03T13:19:32+00:00\",\"dateModified\":\"2024-08-01T21:01:18+00:00\",\"mainEntityOfPage\":{\"@id\":\"https:\\\/\\\/www.empresaqui.com.br\\\/blog\\\/contrato-social\\\/\"},\"wordCount\":1246,\"publisher\":{\"@id\":\"https:\\\/\\\/www.empresaqui.com.br\\\/blog\\\/#organization\"},\"image\":{\"@id\":\"https:\\\/\\\/www.empresaqui.com.br\\\/blog\\\/contrato-social\\\/#primaryimage\"},\"thumbnailUrl\":\"https:\\\/\\\/www.empresaqui.com.br\\\/blog\\\/wp-content\\\/uploads\\\/2021\\\/11\\\/AdminLTELogo.png\",\"articleSection\":[\"Dicas de Vendas\"],\"inLanguage\":\"pt-BR\"},{\"@type\":\"WebPage\",\"@id\":\"https:\\\/\\\/www.empresaqui.com.br\\\/blog\\\/contrato-social\\\/\",\"url\":\"https:\\\/\\\/www.empresaqui.com.br\\\/blog\\\/contrato-social\\\/\",\"name\":\"Contrato Social: o que \u00e9, import\u00e2ncia, tipos e como emitir?\",\"isPartOf\":{\"@id\":\"https:\\\/\\\/www.empresaqui.com.br\\\/blog\\\/#website\"},\"primaryImageOfPage\":{\"@id\":\"https:\\\/\\\/www.empresaqui.com.br\\\/blog\\\/contrato-social\\\/#primaryimage\"},\"image\":{\"@id\":\"https:\\\/\\\/www.empresaqui.com.br\\\/blog\\\/contrato-social\\\/#primaryimage\"},\"thumbnailUrl\":\"https:\\\/\\\/www.empresaqui.com.br\\\/blog\\\/wp-content\\\/uploads\\\/2021\\\/11\\\/AdminLTELogo.png\",\"datePublished\":\"2024-05-03T13:19:32+00:00\",\"dateModified\":\"2024-08-01T21:01:18+00:00\",\"description\":\"Entenda de uma vez o que \u00e9 um Contrato Social, sua import\u00e2ncia, seus tipos e como emitir para formalizar a constitui\u00e7\u00e3o da sua empresa.\",\"breadcrumb\":{\"@id\":\"https:\\\/\\\/www.empresaqui.com.br\\\/blog\\\/contrato-social\\\/#breadcrumb\"},\"inLanguage\":\"pt-BR\",\"potentialAction\":[{\"@type\":\"ReadAction\",\"target\":[\"https:\\\/\\\/www.empresaqui.com.br\\\/blog\\\/contrato-social\\\/\"]}]},{\"@type\":\"ImageObject\",\"inLanguage\":\"pt-BR\",\"@id\":\"https:\\\/\\\/www.empresaqui.com.br\\\/blog\\\/contrato-social\\\/#primaryimage\",\"url\":\"https:\\\/\\\/www.empresaqui.com.br\\\/blog\\\/wp-content\\\/uploads\\\/2021\\\/11\\\/AdminLTELogo.png\",\"contentUrl\":\"https:\\\/\\\/www.empresaqui.com.br\\\/blog\\\/wp-content\\\/uploads\\\/2021\\\/11\\\/AdminLTELogo.png\",\"width\":100,\"height\":100,\"caption\":\"logo\"},{\"@type\":\"BreadcrumbList\",\"@id\":\"https:\\\/\\\/www.empresaqui.com.br\\\/blog\\\/contrato-social\\\/#breadcrumb\",\"itemListElement\":[{\"@type\":\"ListItem\",\"position\":1,\"name\":\"In\u00edcio\",\"item\":\"https:\\\/\\\/www.empresaqui.com.br\\\/blog\\\/\"},{\"@type\":\"ListItem\",\"position\":2,\"name\":\"Dicas de Vendas\",\"item\":\"https:\\\/\\\/www.empresaqui.com.br\\\/blog\\\/category\\\/prospeccao-vendas\\\/\"},{\"@type\":\"ListItem\",\"position\":3,\"name\":\"Entenda a import\u00e2ncia do Contrato Social no processo de abertura da sua empresa!\"}]},{\"@type\":\"WebSite\",\"@id\":\"https:\\\/\\\/www.empresaqui.com.br\\\/blog\\\/#website\",\"url\":\"https:\\\/\\\/www.empresaqui.com.br\\\/blog\\\/\",\"name\":\"Blog EmpresAqui\",\"description\":\"\",\"publisher\":{\"@id\":\"https:\\\/\\\/www.empresaqui.com.br\\\/blog\\\/#organization\"},\"potentialAction\":[{\"@type\":\"SearchAction\",\"target\":{\"@type\":\"EntryPoint\",\"urlTemplate\":\"https:\\\/\\\/www.empresaqui.com.br\\\/blog\\\/?s={search_term_string}\"},\"query-input\":{\"@type\":\"PropertyValueSpecification\",\"valueRequired\":true,\"valueName\":\"search_term_string\"}}],\"inLanguage\":\"pt-BR\"},{\"@type\":\"Organization\",\"@id\":\"https:\\\/\\\/www.empresaqui.com.br\\\/blog\\\/#organization\",\"name\":\"EmpresAqui\",\"url\":\"https:\\\/\\\/www.empresaqui.com.br\\\/blog\\\/\",\"logo\":{\"@type\":\"ImageObject\",\"inLanguage\":\"pt-BR\",\"@id\":\"https:\\\/\\\/www.empresaqui.com.br\\\/blog\\\/#\\\/schema\\\/logo\\\/image\\\/\",\"url\":\"https:\\\/\\\/www.empresaqui.com.br\\\/blog\\\/wp-content\\\/uploads\\\/2023\\\/02\\\/cropped-cropped-AdminLTELogo-2-1-1.png\",\"contentUrl\":\"https:\\\/\\\/www.empresaqui.com.br\\\/blog\\\/wp-content\\\/uploads\\\/2023\\\/02\\\/cropped-cropped-AdminLTELogo-2-1-1.png\",\"width\":100,\"height\":100,\"caption\":\"EmpresAqui\"},\"image\":{\"@id\":\"https:\\\/\\\/www.empresaqui.com.br\\\/blog\\\/#\\\/schema\\\/logo\\\/image\\\/\"},\"sameAs\":[\"https:\\\/\\\/www.facebook.com\\\/empresaquibr\",\"https:\\\/\\\/www.instagram.com\\\/empresaqui\"]},{\"@type\":\"Person\",\"@id\":\"https:\\\/\\\/www.empresaqui.com.br\\\/blog\\\/#\\\/schema\\\/person\\\/be165d2b8065bfa20b88787a07cf9e96\",\"name\":\"Danillo Rocha\",\"image\":{\"@type\":\"ImageObject\",\"inLanguage\":\"pt-BR\",\"@id\":\"https:\\\/\\\/secure.gravatar.com\\\/avatar\\\/a440539fd479fe3447e5aeaa627ba644f1a101516334fa5a2b263c192ba710bc?s=96&d=mm&r=g\",\"url\":\"https:\\\/\\\/secure.gravatar.com\\\/avatar\\\/a440539fd479fe3447e5aeaa627ba644f1a101516334fa5a2b263c192ba710bc?s=96&d=mm&r=g\",\"contentUrl\":\"https:\\\/\\\/secure.gravatar.com\\\/avatar\\\/a440539fd479fe3447e5aeaa627ba644f1a101516334fa5a2b263c192ba710bc?s=96&d=mm&r=g\",\"caption\":\"Danillo Rocha\"},\"description\":\"Danillo Rocha \u00e9 CEO e fundador do EmpresAqui, plataforma de intelig\u00eancia de mercado e gera\u00e7\u00e3o de leads B2B com mais de 300 mil usu\u00e1rios. Formado em Ci\u00eancia da Computa\u00e7\u00e3o, com especializa\u00e7\u00e3o em Softwares e Dados e Per\u00edcia Financeira, \u00e9 empreendedor em tecnologia e neg\u00f3cios B2B.\",\"sameAs\":[\"https:\\\/\\\/www.empresaqui.com.br\\\/\",\"https:\\\/\\\/www.instagram.com\\\/danillorocha10\",\"https:\\\/\\\/www.instagram.com\\\/danillorocha\"],\"url\":\"https:\\\/\\\/www.empresaqui.com.br\\\/blog\\\/author\\\/danillo-rocha\\\/\"}]}<\/script>\n<!-- \/ Yoast SEO plugin. -->","yoast_head_json":{"title":"Contrato Social: o que \u00e9, import\u00e2ncia, tipos e como emitir?","description":"Entenda de uma vez o que \u00e9 um Contrato Social, sua import\u00e2ncia, seus tipos e como emitir para formalizar a constitui\u00e7\u00e3o da sua empresa.","robots":{"index":"index","follow":"follow","max-snippet":"max-snippet:-1","max-image-preview":"max-image-preview:large","max-video-preview":"max-video-preview:-1"},"canonical":"https:\/\/www.empresaqui.com.br\/blog\/contrato-social\/","og_locale":"pt_BR","og_type":"article","og_title":"Contrato Social: o que \u00e9, import\u00e2ncia, tipos e como emitir?","og_description":"Entenda de uma vez o que \u00e9 um Contrato Social, sua import\u00e2ncia, seus tipos e como emitir para formalizar a constitui\u00e7\u00e3o da sua empresa.","og_url":"https:\/\/www.empresaqui.com.br\/blog\/contrato-social\/","og_site_name":"Blog EmpresAqui","article_publisher":"https:\/\/www.facebook.com\/empresaquibr","article_published_time":"2024-05-03T13:19:32+00:00","article_modified_time":"2024-08-01T21:01:18+00:00","og_image":[{"url":"https:\/\/www.empresaqui.com.br\/blog\/wp-content\/uploads\/2021\/11\/AdminLTELogo.png","type":"","width":"","height":""}],"author":"Danillo Rocha","twitter_card":"summary_large_image","twitter_misc":{"Escrito por":"Danillo Rocha","Est. tempo de leitura":"7 minutos"},"schema":{"@context":"https:\/\/schema.org","@graph":[{"@type":"Article","@id":"https:\/\/www.empresaqui.com.br\/blog\/contrato-social\/#article","isPartOf":{"@id":"https:\/\/www.empresaqui.com.br\/blog\/contrato-social\/"},"author":{"name":"Danillo Rocha","@id":"https:\/\/www.empresaqui.com.br\/blog\/#\/schema\/person\/be165d2b8065bfa20b88787a07cf9e96"},"headline":"Entenda a import\u00e2ncia do Contrato Social no processo de abertura da sua empresa!","datePublished":"2024-05-03T13:19:32+00:00","dateModified":"2024-08-01T21:01:18+00:00","mainEntityOfPage":{"@id":"https:\/\/www.empresaqui.com.br\/blog\/contrato-social\/"},"wordCount":1246,"publisher":{"@id":"https:\/\/www.empresaqui.com.br\/blog\/#organization"},"image":{"@id":"https:\/\/www.empresaqui.com.br\/blog\/contrato-social\/#primaryimage"},"thumbnailUrl":"https:\/\/www.empresaqui.com.br\/blog\/wp-content\/uploads\/2021\/11\/AdminLTELogo.png","articleSection":["Dicas de Vendas"],"inLanguage":"pt-BR"},{"@type":"WebPage","@id":"https:\/\/www.empresaqui.com.br\/blog\/contrato-social\/","url":"https:\/\/www.empresaqui.com.br\/blog\/contrato-social\/","name":"Contrato Social: o que \u00e9, import\u00e2ncia, tipos e como emitir?","isPartOf":{"@id":"https:\/\/www.empresaqui.com.br\/blog\/#website"},"primaryImageOfPage":{"@id":"https:\/\/www.empresaqui.com.br\/blog\/contrato-social\/#primaryimage"},"image":{"@id":"https:\/\/www.empresaqui.com.br\/blog\/contrato-social\/#primaryimage"},"thumbnailUrl":"https:\/\/www.empresaqui.com.br\/blog\/wp-content\/uploads\/2021\/11\/AdminLTELogo.png","datePublished":"2024-05-03T13:19:32+00:00","dateModified":"2024-08-01T21:01:18+00:00","description":"Entenda de uma vez o que \u00e9 um Contrato Social, sua import\u00e2ncia, seus tipos e como emitir para formalizar a constitui\u00e7\u00e3o da sua empresa.","breadcrumb":{"@id":"https:\/\/www.empresaqui.com.br\/blog\/contrato-social\/#breadcrumb"},"inLanguage":"pt-BR","potentialAction":[{"@type":"ReadAction","target":["https:\/\/www.empresaqui.com.br\/blog\/contrato-social\/"]}]},{"@type":"ImageObject","inLanguage":"pt-BR","@id":"https:\/\/www.empresaqui.com.br\/blog\/contrato-social\/#primaryimage","url":"https:\/\/www.empresaqui.com.br\/blog\/wp-content\/uploads\/2021\/11\/AdminLTELogo.png","contentUrl":"https:\/\/www.empresaqui.com.br\/blog\/wp-content\/uploads\/2021\/11\/AdminLTELogo.png","width":100,"height":100,"caption":"logo"},{"@type":"BreadcrumbList","@id":"https:\/\/www.empresaqui.com.br\/blog\/contrato-social\/#breadcrumb","itemListElement":[{"@type":"ListItem","position":1,"name":"In\u00edcio","item":"https:\/\/www.empresaqui.com.br\/blog\/"},{"@type":"ListItem","position":2,"name":"Dicas de Vendas","item":"https:\/\/www.empresaqui.com.br\/blog\/category\/prospeccao-vendas\/"},{"@type":"ListItem","position":3,"name":"Entenda a import\u00e2ncia do Contrato Social no processo de abertura da sua empresa!"}]},{"@type":"WebSite","@id":"https:\/\/www.empresaqui.com.br\/blog\/#website","url":"https:\/\/www.empresaqui.com.br\/blog\/","name":"Blog EmpresAqui","description":"","publisher":{"@id":"https:\/\/www.empresaqui.com.br\/blog\/#organization"},"potentialAction":[{"@type":"SearchAction","target":{"@type":"EntryPoint","urlTemplate":"https:\/\/www.empresaqui.com.br\/blog\/?s={search_term_string}"},"query-input":{"@type":"PropertyValueSpecification","valueRequired":true,"valueName":"search_term_string"}}],"inLanguage":"pt-BR"},{"@type":"Organization","@id":"https:\/\/www.empresaqui.com.br\/blog\/#organization","name":"EmpresAqui","url":"https:\/\/www.empresaqui.com.br\/blog\/","logo":{"@type":"ImageObject","inLanguage":"pt-BR","@id":"https:\/\/www.empresaqui.com.br\/blog\/#\/schema\/logo\/image\/","url":"https:\/\/www.empresaqui.com.br\/blog\/wp-content\/uploads\/2023\/02\/cropped-cropped-AdminLTELogo-2-1-1.png","contentUrl":"https:\/\/www.empresaqui.com.br\/blog\/wp-content\/uploads\/2023\/02\/cropped-cropped-AdminLTELogo-2-1-1.png","width":100,"height":100,"caption":"EmpresAqui"},"image":{"@id":"https:\/\/www.empresaqui.com.br\/blog\/#\/schema\/logo\/image\/"},"sameAs":["https:\/\/www.facebook.com\/empresaquibr","https:\/\/www.instagram.com\/empresaqui"]},{"@type":"Person","@id":"https:\/\/www.empresaqui.com.br\/blog\/#\/schema\/person\/be165d2b8065bfa20b88787a07cf9e96","name":"Danillo Rocha","image":{"@type":"ImageObject","inLanguage":"pt-BR","@id":"https:\/\/secure.gravatar.com\/avatar\/a440539fd479fe3447e5aeaa627ba644f1a101516334fa5a2b263c192ba710bc?s=96&d=mm&r=g","url":"https:\/\/secure.gravatar.com\/avatar\/a440539fd479fe3447e5aeaa627ba644f1a101516334fa5a2b263c192ba710bc?s=96&d=mm&r=g","contentUrl":"https:\/\/secure.gravatar.com\/avatar\/a440539fd479fe3447e5aeaa627ba644f1a101516334fa5a2b263c192ba710bc?s=96&d=mm&r=g","caption":"Danillo Rocha"},"description":"Danillo Rocha \u00e9 CEO e fundador do EmpresAqui, plataforma de intelig\u00eancia de mercado e gera\u00e7\u00e3o de leads B2B com mais de 300 mil usu\u00e1rios. Formado em Ci\u00eancia da Computa\u00e7\u00e3o, com especializa\u00e7\u00e3o em Softwares e Dados e Per\u00edcia Financeira, \u00e9 empreendedor em tecnologia e neg\u00f3cios B2B.","sameAs":["https:\/\/www.empresaqui.com.br\/","https:\/\/www.instagram.com\/danillorocha10","https:\/\/www.instagram.com\/danillorocha"],"url":"https:\/\/www.empresaqui.com.br\/blog\/author\/danillo-rocha\/"}]}},"uagb_featured_image_src":{"full":false,"thumbnail":false,"medium":false,"medium_large":false,"large":false,"1536x1536":false,"2048x2048":false},"uagb_author_info":{"display_name":"Danillo Rocha","author_link":"https:\/\/www.empresaqui.com.br\/blog\/author\/danillo-rocha\/"},"uagb_comment_info":0,"uagb_excerpt":"O Contrato Social \u00e9 um documento essencial para a formaliza\u00e7\u00e3o e organiza\u00e7\u00e3o de uma empresa. Ele estabelece as bases da [&hellip;]","_links":{"self":[{"href":"https:\/\/www.empresaqui.com.br\/blog\/wp-json\/wp\/v2\/posts\/1460","targetHints":{"allow":["GET"]}}],"collection":[{"href":"https:\/\/www.empresaqui.com.br\/blog\/wp-json\/wp\/v2\/posts"}],"about":[{"href":"https:\/\/www.empresaqui.com.br\/blog\/wp-json\/wp\/v2\/types\/post"}],"author":[{"embeddable":true,"href":"https:\/\/www.empresaqui.com.br\/blog\/wp-json\/wp\/v2\/users\/8"}],"replies":[{"embeddable":true,"href":"https:\/\/www.empresaqui.com.br\/blog\/wp-json\/wp\/v2\/comments?post=1460"}],"version-history":[{"count":3,"href":"https:\/\/www.empresaqui.com.br\/blog\/wp-json\/wp\/v2\/posts\/1460\/revisions"}],"predecessor-version":[{"id":2068,"href":"https:\/\/www.empresaqui.com.br\/blog\/wp-json\/wp\/v2\/posts\/1460\/revisions\/2068"}],"wp:attachment":[{"href":"https:\/\/www.empresaqui.com.br\/blog\/wp-json\/wp\/v2\/media?parent=1460"}],"wp:term":[{"taxonomy":"category","embeddable":true,"href":"https:\/\/www.empresaqui.com.br\/blog\/wp-json\/wp\/v2\/categories?post=1460"},{"taxonomy":"post_tag","embeddable":true,"href":"https:\/\/www.empresaqui.com.br\/blog\/wp-json\/wp\/v2\/tags?post=1460"}],"curies":[{"name":"wp","href":"https:\/\/api.w.org\/{rel}","templated":true}]}}