{"id":1323,"date":"2024-03-19T17:13:03","date_gmt":"2024-03-19T20:13:03","guid":{"rendered":"https:\/\/www.empresaqui.com.br\/blog\/?p=1323"},"modified":"2025-03-17T13:13:51","modified_gmt":"2025-03-17T16:13:51","slug":"mercado-alvo","status":"publish","type":"post","link":"https:\/\/www.empresaqui.com.br\/blog\/mercado-alvo\/","title":{"rendered":"Entenda o Mercado-alvo e veja como encontrar oportunidades para o seu neg\u00f3cio"},"content":{"rendered":"\n<p>Se uma empresa identifica um grupo espec\u00edfico de consumidores que pretende alcan\u00e7ar com seus produtos ou servi\u00e7os, ela est\u00e1 \u00e0 procura de um mercado-alvo.&nbsp;<\/p>\n\n\n\n<p>Este conceito \u00e9 fundamental para direcionar estrat\u00e9gias de marketing e vendas da melhor forma, maximizando os recursos e otimizando os resultados.&nbsp;<\/p>\n\n\n\n<p>Vamos explorar o que significa mercado-alvo e por que \u00e9 t\u00e3o relevante para os neg\u00f3cios?<\/p>\n\n\n\n<div id=\"ez-toc-container\" class=\"ez-toc-v2_0_81 ez-toc-wrap-left counter-hierarchy ez-toc-counter ez-toc-custom ez-toc-container-direction\">\n<div class=\"ez-toc-title-container\">\n<p class=\"ez-toc-title\" style=\"cursor:inherit\">Neste artigo voc\u00ea vai ver:<\/p>\n<span class=\"ez-toc-title-toggle\"><a href=\"#\" class=\"ez-toc-pull-right ez-toc-btn ez-toc-btn-xs ez-toc-btn-default ez-toc-toggle\" aria-label=\"Alternar tabela de conte\u00fado\"><span class=\"ez-toc-js-icon-con\"><span class=\"\"><span class=\"eztoc-hide\" style=\"display:none;\">Toggle<\/span><span class=\"ez-toc-icon-toggle-span\"><svg style=\"fill: #0066bf;color:#0066bf\" xmlns=\"http:\/\/www.w3.org\/2000\/svg\" class=\"list-377408\" width=\"20px\" height=\"20px\" viewBox=\"0 0 24 24\" fill=\"none\"><path d=\"M6 6H4v2h2V6zm14 0H8v2h12V6zM4 11h2v2H4v-2zm16 0H8v2h12v-2zM4 16h2v2H4v-2zm16 0H8v2h12v-2z\" fill=\"currentColor\"><\/path><\/svg><svg style=\"fill: #0066bf;color:#0066bf\" class=\"arrow-unsorted-368013\" xmlns=\"http:\/\/www.w3.org\/2000\/svg\" width=\"10px\" height=\"10px\" viewBox=\"0 0 24 24\" version=\"1.2\" baseProfile=\"tiny\"><path d=\"M18.2 9.3l-6.2-6.3-6.2 6.3c-.2.2-.3.4-.3.7s.1.5.3.7c.2.2.4.3.7.3h11c.3 0 .5-.1.7-.3.2-.2.3-.5.3-.7s-.1-.5-.3-.7zM5.8 14.7l6.2 6.3 6.2-6.3c.2-.2.3-.5.3-.7s-.1-.5-.3-.7c-.2-.2-.4-.3-.7-.3h-11c-.3 0-.5.1-.7.3-.2.2-.3.5-.3.7s.1.5.3.7z\"\/><\/svg><\/span><\/span><\/span><\/a><\/span><\/div>\n<nav><ul class='ez-toc-list ez-toc-list-level-1 ' ><li class='ez-toc-page-1 ez-toc-heading-level-2'><a class=\"ez-toc-link ez-toc-heading-1\" href=\"https:\/\/www.empresaqui.com.br\/blog\/mercado-alvo\/#O_que_e_Mercado-alvo\" >O que \u00e9 Mercado-alvo?<\/a><\/li><li class='ez-toc-page-1 ez-toc-heading-level-2'><a class=\"ez-toc-link ez-toc-heading-2\" href=\"https:\/\/www.empresaqui.com.br\/blog\/mercado-alvo\/#Ebook_A_Arte_das_Vendas_B2B\" >Ebook A Arte das Vendas B2B<\/a><\/li><li class='ez-toc-page-1 ez-toc-heading-level-2'><a class=\"ez-toc-link ez-toc-heading-3\" href=\"https:\/\/www.empresaqui.com.br\/blog\/mercado-alvo\/#Como_definir_o_Mercado-alvo\" >Como definir o Mercado-alvo?<\/a><\/li><li class='ez-toc-page-1 ez-toc-heading-level-2'><a class=\"ez-toc-link ez-toc-heading-4\" href=\"https:\/\/www.empresaqui.com.br\/blog\/mercado-alvo\/#Importancia_de_definir_o_Mercado-alvo\" >Import\u00e2ncia de definir o Mercado-alvo<\/a><\/li><li class='ez-toc-page-1 ez-toc-heading-level-2'><a class=\"ez-toc-link ez-toc-heading-5\" href=\"https:\/\/www.empresaqui.com.br\/blog\/mercado-alvo\/#Exemplos_de_Mercado-alvo\" >Exemplos de Mercado-alvo<\/a><\/li><li class='ez-toc-page-1 ez-toc-heading-level-2'><a class=\"ez-toc-link ez-toc-heading-6\" href=\"https:\/\/www.empresaqui.com.br\/blog\/mercado-alvo\/#Gere_listas_de_empresas_personalizadas\" >Gere listas de empresas personalizadas!<\/a><\/li><\/ul><\/nav><\/div>\n<h2 class=\"wp-block-heading\"><span class=\"ez-toc-section\" id=\"O_que_e_Mercado-alvo\"><\/span><strong>O que \u00e9 Mercado-alvo?<\/strong><span class=\"ez-toc-section-end\"><\/span><\/h2>\n\n\n\n<p>O mercado-alvo refere-se ao <strong>grupo espec\u00edfico de consumidores ou clientes potenciais que uma empresa identifica como o principal foco de suas estrat\u00e9gias de marketing e vendas<\/strong>.&nbsp;<\/p>\n\n\n\n<p>Em outras palavras, \u00e9 o segmento da popula\u00e7\u00e3o que possui caracter\u00edsticas demogr\u00e1ficas, comportamentais, geogr\u00e1ficas e psicogr\u00e1ficas que tornam mais prov\u00e1vel que eles comprem os produtos ou servi\u00e7os oferecidos pela empresa.<\/p>\n\n\n\n<p>Ao definir o mercado-alvo, uma empresa busca concentrar seus recursos e esfor\u00e7os em <strong>atender \u00e0s necessidades e prefer\u00eancias desse grupo espec\u00edfico<\/strong> de consumidores de forma mais eficaz e eficiente.&nbsp;<\/p>\n\n\n\n<p>Isso pode envolver a personaliza\u00e7\u00e3o de produtos, ajustes de pre\u00e7o, escolha de canais de distribui\u00e7\u00e3o adequados e cria\u00e7\u00e3o de mensagens de marketing direcionadas.<\/p>\n\n\n\n<style>\n    body {\n        font-family: 'Montserrat', sans-serif;\n        margin: 0;\n        padding: 0;\n        background-color: #f4f4f4;\n    }\n    .cta-container {\n        display: flex;\n        flex-direction: column;\n        align-items: center;\n        justify-content: center;\n        background-color: #131763;\n        padding: 20px 5px;\n        color: white;\n        max-width: 1000px;\n        margin: 20px auto;\n    }\n\n    .linha-um {\n        display: flex;\n        flex-direction: row;\n        width: 100%; \n    }\n    .cta-image {\n        width: 100%; \n        display: flex;\n        justify-content: center;\n    }\n    .cta-image img {\n        height: auto;\n        width: 100%;\n    }\n    .cta-content {\n        width: 70%; \n        padding: 0px;\n        text-align: center;\n        margin-left: 10px;\n        margin-right: 10px;\n        display: flex;\n        justify-content: center;\n        flex-direction: column;\n    }\n    .cta-content h2 {\n        text-shadow: \n            0 0 5px rgba(0, 0, 0, 1);\n        font-size: 24px !important;\n        margin: 0 0 10px;\n        line-height: 1.2;\n        text-align: center;\n        color: white;\n    }\n    .cta-content p {\n        font-size: 15px;\n        text-align: center;\n    }\n    .animated-button {  \n        color: #031844;\n        font-weight: bold;\n        font-size: 15px;\n        font-family: 'Montserrat', sans-serif;\n        padding: 2px 20px;\n        background-color: #0cfffb;\n        border: 1px solid #000;\n        border-radius: 45px;\n        cursor: pointer;\n        transition: all 0.3s ease;\n        transform: scale(0.9);\n        opacity: 0;\n        animation: fadeInScale 0.5s ease forwards;\n        text-shadow: \n            0 0 5px rgba(0, 0, 0, 0.4);\n        text-decoration: none;\n        display: block; \n        margin: 0px auto;\n        width: fit-content;\n\n    }\n\n    .animated-button:hover {\n        background-color: #00e1ff;\n        transform: scale(1.05);\n    }\n\n    .animated-button:active {\n        background-color: #00b8d4;\n        transform: scale(0.95);\n    }\n\n    @keyframes fadeInScale {\n        0% {\n            transform: scale(0.9);\n            opacity: 0;\n        }\n        100% {\n            transform: scale(1);\n            opacity: 1;\n        }\n    }\n\n    @media (max-width: 768px) {\n        .cta-container {\n            flex-direction: column;\n            text-align: center;\n        }\n        .linha-um {\n            flex-direction: column; \n            align-items: center; \n        }\n        .cta-image {\n            width: 100%; \n            margin-bottom: 20px;\n        }\n        .cta-content {\n            width: 100%; \n            margin-left: 0; \n            margin-right: 0;\n        }\n        .animated-button {\n            margin-top: 5px;\n            padding: 12px 30px;\n        }\n    }\n<\/style>\n<div class=\"cta-container\">\n    <div class=\"linha-um\">\n        <div class=\"cta-image\">\n            \n            <img decoding=\"async\" class=\"item\" loading=\"lazy\" src=\"https:\/\/empresaqui.com.br\/img\/Landing_Page_EBOOK.png\" alt=\"ebook\" id=\"ebook\">\n        <\/div>\n        <div class=\"cta-content\">\n            <h2><span class=\"ez-toc-section\" id=\"Ebook_A_Arte_das_Vendas_B2B\"><\/span>Ebook A Arte das Vendas B2B<span class=\"ez-toc-section-end\"><\/span><\/h2>\n            <p>Aprenda as estrat\u00e9gias mais eficazes para prospectar clientes, negociar contratos e construir relacionamentos s\u00f3lidos que geram resultados duradouros.<\/p>\n        <\/div>\n    <\/div>\n    <a href=\"https:\/\/empresaqui.com.br\/ebook-a-arte-das-vendas-b2b\" data-toggle=\"modal\" data-target=\"#ModalCarregando\" class=\"animated-button item\">BAIXE GRATUITAMENTE<\/a>\n<\/div>\n\n\n\n<h2 class=\"wp-block-heading\"><span class=\"ez-toc-section\" id=\"Como_definir_o_Mercado-alvo\"><\/span><strong>Como definir o Mercado-alvo?<\/strong><span class=\"ez-toc-section-end\"><\/span><\/h2>\n\n\n\n<p>Definir o mercado-alvo envolve um processo de an\u00e1lise e segmenta\u00e7\u00e3o do p\u00fablico consumidor para identificar o grupo espec\u00edfico de pessoas que s\u00e3o mais propensas a comprar os produtos ou servi\u00e7os oferecidos pela empresa.&nbsp;<\/p>\n\n\n\n<p>Veja algumas etapas para ajudar a definir o mercado-alvo:<\/p>\n\n\n\n<h3 class=\"wp-block-heading\"><strong>1. Pesquisa de Mercado<\/strong><\/h3>\n\n\n\n<p>Realize pesquisas de mercado para entender as caracter\u00edsticas demogr\u00e1ficas, comportamentais, geogr\u00e1ficas e psicogr\u00e1ficas dos consumidores em potencial.&nbsp;<\/p>\n\n\n\n<p>Isso pode incluir dados como idade, g\u00eanero, renda, localiza\u00e7\u00e3o geogr\u00e1fica, prefer\u00eancias de compra, estilos de vida, valores e interesses.<\/p>\n\n\n\n<h3 class=\"wp-block-heading\"><strong>2. An\u00e1lise da Concorr\u00eancia<\/strong><\/h3>\n\n\n\n<p>Analise o mercado em que a empresa est\u00e1 inserida e identifique como os concorrentes est\u00e3o segmentando o <a href=\"https:\/\/www.empresaqui.com.br\/blog\/publico-alvo\/\"><strong>p\u00fablico-alvo<\/strong><\/a> deles. Isso pode fornecer <em>insights<\/em> valiosos sobre lacunas no mercado ou oportunidades n\u00e3o exploradas.<\/p>\n\n\n\n<h3 class=\"wp-block-heading\"><strong>3. Identifica\u00e7\u00e3o de Segmentos<\/strong><\/h3>\n\n\n\n<p>Com base na pesquisa de mercado, identifique segmentos de consumidores que compartilham caracter\u00edsticas semelhantes e que podem se beneficiar dos produtos ou servi\u00e7os da empresa de maneira semelhante.<\/p>\n\n\n\n<h3 class=\"wp-block-heading\"><strong>4. Avalia\u00e7\u00e3o do Potencial de Mercado<\/strong><\/h3>\n\n\n\n<p>Avalie o potencial de cada segmento de mercado em termos de tamanho, crescimento, acessibilidade, rentabilidade e adequa\u00e7\u00e3o aos objetivos e recursos da empresa.<\/p>\n\n\n\n<h3 class=\"wp-block-heading\"><strong>5. Sele\u00e7\u00e3o do Mercado-Alvo<\/strong><\/h3>\n\n\n\n<p>Com base na an\u00e1lise dos segmentos de mercado, selecione o(s) segmento(s) que oferecem as melhores oportunidades de crescimento e alinhamento com a proposta de valor da empresa.<\/p>\n\n\n\n<h3 class=\"wp-block-heading\"><strong>6. Desenvolvimento da Persona<\/strong><\/h3>\n\n\n\n<p>Crie <a href=\"https:\/\/www.empresaqui.com.br\/blog\/persona\/\"><strong>personas<\/strong><\/a> detalhadas que representem os diferentes segmentos de mercado escolhidos. Uma persona \u00e9 uma representa\u00e7\u00e3o fict\u00edcia do cliente ideal, com base em dados reais e comportamentais, que ajuda a empresa a entender melhor as necessidades, desejos e motiva\u00e7\u00f5es do p\u00fablico-alvo.<\/p>\n\n\n\n<p>Ao seguir essas etapas, uma empresa pode definir seu mercado-alvo de forma mais precisa e <strong>direcionar suas estrat\u00e9gias de marketing e vendas<\/strong> para atender \u00e0s necessidades e expectativas do p\u00fablico consumidor.<\/p>\n\n\n\n<h2 class=\"wp-block-heading\"><span class=\"ez-toc-section\" id=\"Importancia_de_definir_o_Mercado-alvo\"><\/span><strong>Import\u00e2ncia de definir o Mercado-alvo<\/strong><span class=\"ez-toc-section-end\"><\/span><\/h2>\n\n\n\n<p>A import\u00e2ncia de definir o mercado-alvo reside no fato de que isso permite que uma empresa concentre seus recursos, esfor\u00e7os e estrat\u00e9gias de forma mais eficaz e direcionada.&nbsp;<\/p>\n\n\n\n<ul class=\"wp-block-list\">\n<li><strong>Foco Estrat\u00e9gico:<\/strong> Ao identificar um mercado-alvo espec\u00edfico, uma empresa pode concentrar seus recursos e esfor\u00e7os em atender \u00e0s necessidades e prefer\u00eancias desse grupo espec\u00edfico de consumidores.&nbsp;Isso ajuda a empresa a direcionar sua estrat\u00e9gia de marketing, desenvolvimento de produtos e vendas de maneira mais eficaz.<\/li>\n<\/ul>\n\n\n\n<ul class=\"wp-block-list\">\n<li><strong>Personaliza\u00e7\u00e3o:<\/strong> Compreender o mercado-alvo permite que uma empresa personalize suas mensagens de marketing, produtos e servi\u00e7os para atender \u00e0s necessidades e interesses espec\u00edficos desse grupo de consumidores.&nbsp;<\/li>\n\n\n\n<li><strong>Efici\u00eancia de Recursos:<\/strong> Ao direcionar seus esfor\u00e7os para um mercado-alvo espec\u00edfico, uma empresa pode evitar o desperd\u00edcio de recursos em iniciativas de marketing e vendas que n\u00e3o alcan\u00e7am o p\u00fablico certo.&nbsp;<\/li>\n\n\n\n<li><strong>Competitividade:<\/strong> Uma compreens\u00e3o clara do mercado-alvo permite que uma empresa se diferencie da concorr\u00eancia, desenvolvendo produtos e servi\u00e7os que atendam \u00e0s necessidades exclusivas desse grupo de consumidores.&nbsp;<\/li>\n\n\n\n<li><strong>Identifica\u00e7\u00e3o de Oportunidades:<\/strong> Ao analisar o mercado-alvo, uma empresa pode identificar oportunidades de nicho e segmentos de mercado n\u00e3o atendidos ou sub-atendidos.<\/li>\n\n\n\n<li><strong>Fideliza\u00e7\u00e3o de Clientes:<\/strong> Ao oferecer produtos e servi\u00e7os que atendem \u00e0s necessidades espec\u00edficas do mercado-alvo, uma empresa pode aumentar a satisfa\u00e7\u00e3o com base no <a href=\"https:\/\/www.empresaqui.com.br\/blog\/perfil-do-cliente\/\"><strong>perfil do cliente<\/strong><\/a> e promover a fidelidade \u00e0 marca. Clientes satisfeitos s\u00e3o mais propensos a retornar e recomendar a empresa a outros.<\/li>\n<\/ul>\n\n\n\n<h2 class=\"wp-block-heading\"><span class=\"ez-toc-section\" id=\"Exemplos_de_Mercado-alvo\"><\/span><strong>Exemplos de Mercado-alvo<\/strong><span class=\"ez-toc-section-end\"><\/span><\/h2>\n\n\n\n<p>A defini\u00e7\u00e3o do mercado-alvo pode variar significativamente de acordo com o tipo de neg\u00f3cio e os produtos ou servi\u00e7os oferecidos. Abaixo est\u00e3o alguns exemplos de diferentes tipos de mercado-alvo:<\/p>\n\n\n\n<h3 class=\"wp-block-heading\"><strong>Mercado-alvo demogr\u00e1fico<\/strong><\/h3>\n\n\n\n<p>Uma empresa de fraldas pode direcionar seu mercado-alvo para m\u00e3es e pais de crian\u00e7as pequenas, especialmente mulheres entre 25 e 35 anos de idade, que residem em \u00e1reas urbanas.<\/p>\n\n\n\n<h3 class=\"wp-block-heading\"><strong>Mercado-alvo comportamental<\/strong><\/h3>\n\n\n\n<p>Uma companhia a\u00e9rea pode segmentar seu mercado-alvo com base no comportamento de compra, direcionando suas promo\u00e7\u00f5es e ofertas para viajantes frequentes ou para aqueles que reservam voos com anteced\u00eancia.<\/p>\n\n\n\n<h3 class=\"wp-block-heading\"><strong>Mercado-alvo geogr\u00e1fico<\/strong><\/h3>\n\n\n\n<p>Uma cadeia de restaurantes de comida r\u00e1pida pode focar seu mercado-alvo em \u00e1reas urbanas densamente povoadas, onde h\u00e1 maior tr\u00e1fego de pedestres e potencial para vendas mais altas.<\/p>\n\n\n\n<h3 class=\"wp-block-heading\"><strong>Mercado-alvo psicogr\u00e1fico<\/strong><\/h3>\n\n\n\n<p>Uma marca de roupas pode segmentar seu mercado-alvo com base no estilo de vida e nos valores dos consumidores, direcionando suas campanhas de marketing para pessoas que valorizam a moda sustent\u00e1vel e o estilo de vida ao ar livre.<\/p>\n\n\n\n<h3 class=\"wp-block-heading\"><strong>Mercado-alvo de nicho<\/strong><\/h3>\n\n\n\n<p>Uma empresa de tecnologia pode direcionar seu mercado-alvo para um <a href=\"https:\/\/www.empresaqui.com.br\/blog\/nicho-de-mercado\/\"><strong>nicho espec\u00edfico<\/strong><\/a>, como desenvolvedores de software de c\u00f3digo aberto que buscam solu\u00e7\u00f5es de hospedagem na nuvem altamente personaliz\u00e1veis.<\/p>\n\n\n\n<h3 class=\"wp-block-heading\"><strong>Mercado-alvo internacional<\/strong><\/h3>\n\n\n\n<p>Uma empresa de produtos de luxo pode direcionar seu mercado-alvo para consumidores de alta renda em mercados emergentes, como China e \u00cdndia, onde h\u00e1 uma crescente demanda por produtos de luxo ocidentais.<\/p>\n\n\n\n<p>Esses s\u00e3o apenas alguns exemplos de como as empresas podem definir seu mercado-alvo com base em diferentes crit\u00e9rios.&nbsp;<\/p>\n\n\n\n<p>\u00c9 importante lembrar que a defini\u00e7\u00e3o do mercado-alvo deve ser espec\u00edfica o suficiente para direcionar as estrat\u00e9gias de marketing e vendas, mas tamb\u00e9m flex\u00edvel o bastante para se adaptar \u00e0s mudan\u00e7as nas prefer\u00eancias e comportamentos dos consumidores.<\/p>\n\n\n\n<div class=\"banner\">\n            <h2><span class=\"ez-toc-section\" id=\"Gere_listas_de_empresas_personalizadas\"><\/span>Gere listas de empresas personalizadas!<span class=\"ez-toc-section-end\"><\/span><\/h2>\n            <p>Cadastre-se gr\u00e1tis agora mesmo<\/p>\n            <div class=\"bottom-banner\">\n                <img decoding=\"async\" src=\"https:\/\/www.empresaqui.com.br\/blog\/wp-content\/uploads\/2021\/11\/AdminLTELogo.png\" alt=\"Seu Logotipo\" class=\"logo\">\n                <a href=\"https:\/\/www.empresaqui.com.br\/plano-gratuito?utm_source=blog&amp;utm_medium=banner&amp;utm_campaign=CTA-GRATUITO-HTML\" class=\"cta-button-banner\">Teste aqui agora<\/a>\n            <\/div>\n        <\/div>\n        <style>\n            .bottom-banner{\n                display: flex;\n                justify-content: center;\n                align-items: center;\n            }\n            .bottom-banner img{\n                width: 3rem !important;\n                height: 3rem !important;\n                margin-right: 1rem;\n            }\n            .banner h2{\n                font-family: Arial, sans-serif;\n                color: #fff !important;\n            }\n            .banner p{\n                font-family: Arial, sans-serif;\n            }\n            .banner {\n                background:#001E40;\n                color: #FFFFFF;\n                text-align: center;\n                padding: 20px;\n            }\n            .cta-button-banner {\n                display: inline-block;\n                background-color: #0CFFFB;\n                color: #000;\n                border: none;\n                padding: 1px 15px;\n                font-size: 14px;\n                font-family: sans-serif;\n                font-weight: 700;\n                border-radius: 21px;\n                cursor: pointer;\n                transition: background-color 0.3s ease;\n                text-decoration: none;\n            }\n            @media (max-width: 767px) {\n                .banner h2{\n                    font-size:20px;\n                }\n                .cta-button-banner {\n                    padding: 1px 15px;\n                    font-size: 12px;\n                }\n            }\n        <\/style>\n","protected":false},"excerpt":{"rendered":"<p>Se uma empresa identifica um grupo espec\u00edfico de consumidores que pretende alcan\u00e7ar com seus produtos ou servi\u00e7os, ela est\u00e1 \u00e0 [&hellip;]<\/p>\n","protected":false},"author":4,"featured_media":0,"comment_status":"closed","ping_status":"closed","sticky":false,"template":"","format":"standard","meta":{"_acf_changed":false,"_uag_custom_page_level_css":"","site-sidebar-layout":"default","site-content-layout":"","ast-site-content-layout":"default","site-content-style":"default","site-sidebar-style":"default","ast-global-header-display":"","ast-banner-title-visibility":"","ast-main-header-display":"","ast-hfb-above-header-display":"","ast-hfb-below-header-display":"","ast-hfb-mobile-header-display":"","site-post-title":"","ast-breadcrumbs-content":"","ast-featured-img":"","footer-sml-layout":"","theme-transparent-header-meta":"","adv-header-id-meta":"","stick-header-meta":"","header-above-stick-meta":"","header-main-stick-meta":"","header-below-stick-meta":"","astra-migrate-meta-layouts":"default","ast-page-background-enabled":"default","ast-page-background-meta":{"desktop":{"background-color":"var(--ast-global-color-4)","background-image":"","background-repeat":"repeat","background-position":"center center","background-size":"auto","background-attachment":"scroll","background-type":"","background-media":"","overlay-type":"","overlay-color":"","overlay-opacity":"","overlay-gradient":""},"tablet":{"background-color":"","background-image":"","background-repeat":"repeat","background-position":"center center","background-size":"auto","background-attachment":"scroll","background-type":"","background-media":"","overlay-type":"","overlay-color":"","overlay-opacity":"","overlay-gradient":""},"mobile":{"background-color":"","background-image":"","background-repeat":"repeat","background-position":"center center","background-size":"auto","background-attachment":"scroll","background-type":"","background-media":"","overlay-type":"","overlay-color":"","overlay-opacity":"","overlay-gradient":""}},"ast-content-background-meta":{"desktop":{"background-color":"var(--ast-global-color-5)","background-image":"","background-repeat":"repeat","background-position":"center center","background-size":"auto","background-attachment":"scroll","background-type":"","background-media":"","overlay-type":"","overlay-color":"","overlay-opacity":"","overlay-gradient":""},"tablet":{"background-color":"var(--ast-global-color-5)","background-image":"","background-repeat":"repeat","background-position":"center center","background-size":"auto","background-attachment":"scroll","background-type":"","background-media":"","overlay-type":"","overlay-color":"","overlay-opacity":"","overlay-gradient":""},"mobile":{"background-color":"var(--ast-global-color-5)","background-image":"","background-repeat":"repeat","background-position":"center center","background-size":"auto","background-attachment":"scroll","background-type":"","background-media":"","overlay-type":"","overlay-color":"","overlay-opacity":"","overlay-gradient":""}},"footnotes":""},"categories":[33],"tags":[],"class_list":["post-1323","post","type-post","status-publish","format-standard","hentry","category-prospeccao-vendas"],"acf":[],"yoast_head":"<!-- This site is optimized with the Yoast SEO plugin v27.4 - https:\/\/yoast.com\/product\/yoast-seo-wordpress\/ -->\n<title>Mercado-alvo: o que \u00e9, como definir e qual sua import\u00e2ncia?<\/title>\n<meta name=\"description\" content=\"Descubra o que \u00e9 Mercado-alvo, como definir e sua import\u00e2ncia para o sucesso empresarial. Veja exemplos e o passo a passo para aplicar no seu neg\u00f3cio!\" \/>\n<meta name=\"robots\" content=\"index, follow, max-snippet:-1, max-image-preview:large, max-video-preview:-1\" \/>\n<link rel=\"canonical\" href=\"https:\/\/www.empresaqui.com.br\/blog\/mercado-alvo\/\" \/>\n<meta property=\"og:locale\" content=\"pt_BR\" \/>\n<meta property=\"og:type\" content=\"article\" \/>\n<meta property=\"og:title\" content=\"Mercado-alvo: o que \u00e9, como definir e qual sua import\u00e2ncia?\" \/>\n<meta property=\"og:description\" content=\"Descubra o que \u00e9 Mercado-alvo, como definir e sua import\u00e2ncia para o sucesso empresarial. Veja exemplos e o passo a passo para aplicar no seu neg\u00f3cio!\" \/>\n<meta property=\"og:url\" content=\"https:\/\/www.empresaqui.com.br\/blog\/mercado-alvo\/\" \/>\n<meta property=\"og:site_name\" content=\"Blog EmpresAqui\" \/>\n<meta property=\"article:publisher\" content=\"https:\/\/www.facebook.com\/empresaquibr\" \/>\n<meta property=\"article:published_time\" content=\"2024-03-19T20:13:03+00:00\" \/>\n<meta property=\"article:modified_time\" content=\"2025-03-17T16:13:51+00:00\" \/>\n<meta property=\"og:image\" content=\"https:\/\/empresaqui.com.br\/img\/Landing_Page_EBOOK.png\" \/>\n<meta name=\"author\" content=\"Jamille Rocha\" \/>\n<meta name=\"twitter:card\" content=\"summary_large_image\" \/>\n<meta name=\"twitter:label1\" content=\"Escrito por\" \/>\n\t<meta name=\"twitter:data1\" content=\"Jamille Rocha\" \/>\n\t<meta name=\"twitter:label2\" content=\"Est. tempo de leitura\" \/>\n\t<meta name=\"twitter:data2\" content=\"8 minutos\" \/>\n<script type=\"application\/ld+json\" class=\"yoast-schema-graph\">{\"@context\":\"https:\\\/\\\/schema.org\",\"@graph\":[{\"@type\":\"Article\",\"@id\":\"https:\\\/\\\/www.empresaqui.com.br\\\/blog\\\/mercado-alvo\\\/#article\",\"isPartOf\":{\"@id\":\"https:\\\/\\\/www.empresaqui.com.br\\\/blog\\\/mercado-alvo\\\/\"},\"author\":{\"name\":\"Jamille Rocha\",\"@id\":\"https:\\\/\\\/www.empresaqui.com.br\\\/blog\\\/#\\\/schema\\\/person\\\/143604485ecb43926554432880c87570\"},\"headline\":\"Entenda o Mercado-alvo e veja como encontrar oportunidades para o seu neg\u00f3cio\",\"datePublished\":\"2024-03-19T20:13:03+00:00\",\"dateModified\":\"2025-03-17T16:13:51+00:00\",\"mainEntityOfPage\":{\"@id\":\"https:\\\/\\\/www.empresaqui.com.br\\\/blog\\\/mercado-alvo\\\/\"},\"wordCount\":1143,\"publisher\":{\"@id\":\"https:\\\/\\\/www.empresaqui.com.br\\\/blog\\\/#organization\"},\"image\":{\"@id\":\"https:\\\/\\\/www.empresaqui.com.br\\\/blog\\\/mercado-alvo\\\/#primaryimage\"},\"thumbnailUrl\":\"https:\\\/\\\/empresaqui.com.br\\\/img\\\/Landing_Page_EBOOK.png\",\"articleSection\":[\"Dicas de Vendas\"],\"inLanguage\":\"pt-BR\"},{\"@type\":\"WebPage\",\"@id\":\"https:\\\/\\\/www.empresaqui.com.br\\\/blog\\\/mercado-alvo\\\/\",\"url\":\"https:\\\/\\\/www.empresaqui.com.br\\\/blog\\\/mercado-alvo\\\/\",\"name\":\"Mercado-alvo: o que \u00e9, como definir e qual sua import\u00e2ncia?\",\"isPartOf\":{\"@id\":\"https:\\\/\\\/www.empresaqui.com.br\\\/blog\\\/#website\"},\"primaryImageOfPage\":{\"@id\":\"https:\\\/\\\/www.empresaqui.com.br\\\/blog\\\/mercado-alvo\\\/#primaryimage\"},\"image\":{\"@id\":\"https:\\\/\\\/www.empresaqui.com.br\\\/blog\\\/mercado-alvo\\\/#primaryimage\"},\"thumbnailUrl\":\"https:\\\/\\\/empresaqui.com.br\\\/img\\\/Landing_Page_EBOOK.png\",\"datePublished\":\"2024-03-19T20:13:03+00:00\",\"dateModified\":\"2025-03-17T16:13:51+00:00\",\"description\":\"Descubra o que \u00e9 Mercado-alvo, como definir e sua import\u00e2ncia para o sucesso empresarial. Veja exemplos e o passo a passo para aplicar no seu neg\u00f3cio!\",\"breadcrumb\":{\"@id\":\"https:\\\/\\\/www.empresaqui.com.br\\\/blog\\\/mercado-alvo\\\/#breadcrumb\"},\"inLanguage\":\"pt-BR\",\"potentialAction\":[{\"@type\":\"ReadAction\",\"target\":[\"https:\\\/\\\/www.empresaqui.com.br\\\/blog\\\/mercado-alvo\\\/\"]}]},{\"@type\":\"ImageObject\",\"inLanguage\":\"pt-BR\",\"@id\":\"https:\\\/\\\/www.empresaqui.com.br\\\/blog\\\/mercado-alvo\\\/#primaryimage\",\"url\":\"https:\\\/\\\/empresaqui.com.br\\\/img\\\/Landing_Page_EBOOK.png\",\"contentUrl\":\"https:\\\/\\\/empresaqui.com.br\\\/img\\\/Landing_Page_EBOOK.png\"},{\"@type\":\"BreadcrumbList\",\"@id\":\"https:\\\/\\\/www.empresaqui.com.br\\\/blog\\\/mercado-alvo\\\/#breadcrumb\",\"itemListElement\":[{\"@type\":\"ListItem\",\"position\":1,\"name\":\"In\u00edcio\",\"item\":\"https:\\\/\\\/www.empresaqui.com.br\\\/blog\\\/\"},{\"@type\":\"ListItem\",\"position\":2,\"name\":\"Dicas de Vendas\",\"item\":\"https:\\\/\\\/www.empresaqui.com.br\\\/blog\\\/category\\\/prospeccao-vendas\\\/\"},{\"@type\":\"ListItem\",\"position\":3,\"name\":\"Entenda o Mercado-alvo e veja como encontrar oportunidades para o seu neg\u00f3cio\"}]},{\"@type\":\"WebSite\",\"@id\":\"https:\\\/\\\/www.empresaqui.com.br\\\/blog\\\/#website\",\"url\":\"https:\\\/\\\/www.empresaqui.com.br\\\/blog\\\/\",\"name\":\"Blog EmpresAqui\",\"description\":\"\",\"publisher\":{\"@id\":\"https:\\\/\\\/www.empresaqui.com.br\\\/blog\\\/#organization\"},\"potentialAction\":[{\"@type\":\"SearchAction\",\"target\":{\"@type\":\"EntryPoint\",\"urlTemplate\":\"https:\\\/\\\/www.empresaqui.com.br\\\/blog\\\/?s={search_term_string}\"},\"query-input\":{\"@type\":\"PropertyValueSpecification\",\"valueRequired\":true,\"valueName\":\"search_term_string\"}}],\"inLanguage\":\"pt-BR\"},{\"@type\":\"Organization\",\"@id\":\"https:\\\/\\\/www.empresaqui.com.br\\\/blog\\\/#organization\",\"name\":\"EmpresAqui\",\"url\":\"https:\\\/\\\/www.empresaqui.com.br\\\/blog\\\/\",\"logo\":{\"@type\":\"ImageObject\",\"inLanguage\":\"pt-BR\",\"@id\":\"https:\\\/\\\/www.empresaqui.com.br\\\/blog\\\/#\\\/schema\\\/logo\\\/image\\\/\",\"url\":\"https:\\\/\\\/www.empresaqui.com.br\\\/blog\\\/wp-content\\\/uploads\\\/2023\\\/02\\\/cropped-cropped-AdminLTELogo-2-1-1.png\",\"contentUrl\":\"https:\\\/\\\/www.empresaqui.com.br\\\/blog\\\/wp-content\\\/uploads\\\/2023\\\/02\\\/cropped-cropped-AdminLTELogo-2-1-1.png\",\"width\":100,\"height\":100,\"caption\":\"EmpresAqui\"},\"image\":{\"@id\":\"https:\\\/\\\/www.empresaqui.com.br\\\/blog\\\/#\\\/schema\\\/logo\\\/image\\\/\"},\"sameAs\":[\"https:\\\/\\\/www.facebook.com\\\/empresaquibr\",\"https:\\\/\\\/www.instagram.com\\\/empresaqui\"]},{\"@type\":\"Person\",\"@id\":\"https:\\\/\\\/www.empresaqui.com.br\\\/blog\\\/#\\\/schema\\\/person\\\/143604485ecb43926554432880c87570\",\"name\":\"Jamille Rocha\",\"image\":{\"@type\":\"ImageObject\",\"inLanguage\":\"pt-BR\",\"@id\":\"https:\\\/\\\/secure.gravatar.com\\\/avatar\\\/2f6b45baa44f90046c948f8af1f72e56c12a99f8d98da72b2bba204290c00022?s=96&d=mm&r=g\",\"url\":\"https:\\\/\\\/secure.gravatar.com\\\/avatar\\\/2f6b45baa44f90046c948f8af1f72e56c12a99f8d98da72b2bba204290c00022?s=96&d=mm&r=g\",\"contentUrl\":\"https:\\\/\\\/secure.gravatar.com\\\/avatar\\\/2f6b45baa44f90046c948f8af1f72e56c12a99f8d98da72b2bba204290c00022?s=96&d=mm&r=g\",\"caption\":\"Jamille Rocha\"},\"description\":\"Jamille Rocha \u00e9 diretora de Marketing &amp; Growth e s\u00f3cia do EmpresAqui, plataforma de dados e intelig\u00eancia de mercado para prospec\u00e7\u00e3o B2B. Atua, com mais de 7 anos de experi\u00eancia, na interse\u00e7\u00e3o entre estrat\u00e9gia, dados e crescimento, liderando iniciativas de aquisi\u00e7\u00e3o e convers\u00e3o para empresas orientadas por dados.\",\"url\":\"https:\\\/\\\/www.empresaqui.com.br\\\/blog\\\/author\\\/jamille-rocha-2\\\/\"}]}<\/script>\n<!-- \/ Yoast SEO plugin. -->","yoast_head_json":{"title":"Mercado-alvo: o que \u00e9, como definir e qual sua import\u00e2ncia?","description":"Descubra o que \u00e9 Mercado-alvo, como definir e sua import\u00e2ncia para o sucesso empresarial. Veja exemplos e o passo a passo para aplicar no seu neg\u00f3cio!","robots":{"index":"index","follow":"follow","max-snippet":"max-snippet:-1","max-image-preview":"max-image-preview:large","max-video-preview":"max-video-preview:-1"},"canonical":"https:\/\/www.empresaqui.com.br\/blog\/mercado-alvo\/","og_locale":"pt_BR","og_type":"article","og_title":"Mercado-alvo: o que \u00e9, como definir e qual sua import\u00e2ncia?","og_description":"Descubra o que \u00e9 Mercado-alvo, como definir e sua import\u00e2ncia para o sucesso empresarial. Veja exemplos e o passo a passo para aplicar no seu neg\u00f3cio!","og_url":"https:\/\/www.empresaqui.com.br\/blog\/mercado-alvo\/","og_site_name":"Blog EmpresAqui","article_publisher":"https:\/\/www.facebook.com\/empresaquibr","article_published_time":"2024-03-19T20:13:03+00:00","article_modified_time":"2025-03-17T16:13:51+00:00","og_image":[{"url":"https:\/\/empresaqui.com.br\/img\/Landing_Page_EBOOK.png","type":"","width":"","height":""}],"author":"Jamille Rocha","twitter_card":"summary_large_image","twitter_misc":{"Escrito por":"Jamille Rocha","Est. tempo de leitura":"8 minutos"},"schema":{"@context":"https:\/\/schema.org","@graph":[{"@type":"Article","@id":"https:\/\/www.empresaqui.com.br\/blog\/mercado-alvo\/#article","isPartOf":{"@id":"https:\/\/www.empresaqui.com.br\/blog\/mercado-alvo\/"},"author":{"name":"Jamille Rocha","@id":"https:\/\/www.empresaqui.com.br\/blog\/#\/schema\/person\/143604485ecb43926554432880c87570"},"headline":"Entenda o Mercado-alvo e veja como encontrar oportunidades para o seu neg\u00f3cio","datePublished":"2024-03-19T20:13:03+00:00","dateModified":"2025-03-17T16:13:51+00:00","mainEntityOfPage":{"@id":"https:\/\/www.empresaqui.com.br\/blog\/mercado-alvo\/"},"wordCount":1143,"publisher":{"@id":"https:\/\/www.empresaqui.com.br\/blog\/#organization"},"image":{"@id":"https:\/\/www.empresaqui.com.br\/blog\/mercado-alvo\/#primaryimage"},"thumbnailUrl":"https:\/\/empresaqui.com.br\/img\/Landing_Page_EBOOK.png","articleSection":["Dicas de Vendas"],"inLanguage":"pt-BR"},{"@type":"WebPage","@id":"https:\/\/www.empresaqui.com.br\/blog\/mercado-alvo\/","url":"https:\/\/www.empresaqui.com.br\/blog\/mercado-alvo\/","name":"Mercado-alvo: o que \u00e9, como definir e qual sua import\u00e2ncia?","isPartOf":{"@id":"https:\/\/www.empresaqui.com.br\/blog\/#website"},"primaryImageOfPage":{"@id":"https:\/\/www.empresaqui.com.br\/blog\/mercado-alvo\/#primaryimage"},"image":{"@id":"https:\/\/www.empresaqui.com.br\/blog\/mercado-alvo\/#primaryimage"},"thumbnailUrl":"https:\/\/empresaqui.com.br\/img\/Landing_Page_EBOOK.png","datePublished":"2024-03-19T20:13:03+00:00","dateModified":"2025-03-17T16:13:51+00:00","description":"Descubra o que \u00e9 Mercado-alvo, como definir e sua import\u00e2ncia para o sucesso empresarial. Veja exemplos e o passo a passo para aplicar no seu neg\u00f3cio!","breadcrumb":{"@id":"https:\/\/www.empresaqui.com.br\/blog\/mercado-alvo\/#breadcrumb"},"inLanguage":"pt-BR","potentialAction":[{"@type":"ReadAction","target":["https:\/\/www.empresaqui.com.br\/blog\/mercado-alvo\/"]}]},{"@type":"ImageObject","inLanguage":"pt-BR","@id":"https:\/\/www.empresaqui.com.br\/blog\/mercado-alvo\/#primaryimage","url":"https:\/\/empresaqui.com.br\/img\/Landing_Page_EBOOK.png","contentUrl":"https:\/\/empresaqui.com.br\/img\/Landing_Page_EBOOK.png"},{"@type":"BreadcrumbList","@id":"https:\/\/www.empresaqui.com.br\/blog\/mercado-alvo\/#breadcrumb","itemListElement":[{"@type":"ListItem","position":1,"name":"In\u00edcio","item":"https:\/\/www.empresaqui.com.br\/blog\/"},{"@type":"ListItem","position":2,"name":"Dicas de Vendas","item":"https:\/\/www.empresaqui.com.br\/blog\/category\/prospeccao-vendas\/"},{"@type":"ListItem","position":3,"name":"Entenda o Mercado-alvo e veja como encontrar oportunidades para o seu neg\u00f3cio"}]},{"@type":"WebSite","@id":"https:\/\/www.empresaqui.com.br\/blog\/#website","url":"https:\/\/www.empresaqui.com.br\/blog\/","name":"Blog EmpresAqui","description":"","publisher":{"@id":"https:\/\/www.empresaqui.com.br\/blog\/#organization"},"potentialAction":[{"@type":"SearchAction","target":{"@type":"EntryPoint","urlTemplate":"https:\/\/www.empresaqui.com.br\/blog\/?s={search_term_string}"},"query-input":{"@type":"PropertyValueSpecification","valueRequired":true,"valueName":"search_term_string"}}],"inLanguage":"pt-BR"},{"@type":"Organization","@id":"https:\/\/www.empresaqui.com.br\/blog\/#organization","name":"EmpresAqui","url":"https:\/\/www.empresaqui.com.br\/blog\/","logo":{"@type":"ImageObject","inLanguage":"pt-BR","@id":"https:\/\/www.empresaqui.com.br\/blog\/#\/schema\/logo\/image\/","url":"https:\/\/www.empresaqui.com.br\/blog\/wp-content\/uploads\/2023\/02\/cropped-cropped-AdminLTELogo-2-1-1.png","contentUrl":"https:\/\/www.empresaqui.com.br\/blog\/wp-content\/uploads\/2023\/02\/cropped-cropped-AdminLTELogo-2-1-1.png","width":100,"height":100,"caption":"EmpresAqui"},"image":{"@id":"https:\/\/www.empresaqui.com.br\/blog\/#\/schema\/logo\/image\/"},"sameAs":["https:\/\/www.facebook.com\/empresaquibr","https:\/\/www.instagram.com\/empresaqui"]},{"@type":"Person","@id":"https:\/\/www.empresaqui.com.br\/blog\/#\/schema\/person\/143604485ecb43926554432880c87570","name":"Jamille Rocha","image":{"@type":"ImageObject","inLanguage":"pt-BR","@id":"https:\/\/secure.gravatar.com\/avatar\/2f6b45baa44f90046c948f8af1f72e56c12a99f8d98da72b2bba204290c00022?s=96&d=mm&r=g","url":"https:\/\/secure.gravatar.com\/avatar\/2f6b45baa44f90046c948f8af1f72e56c12a99f8d98da72b2bba204290c00022?s=96&d=mm&r=g","contentUrl":"https:\/\/secure.gravatar.com\/avatar\/2f6b45baa44f90046c948f8af1f72e56c12a99f8d98da72b2bba204290c00022?s=96&d=mm&r=g","caption":"Jamille Rocha"},"description":"Jamille Rocha \u00e9 diretora de Marketing &amp; Growth e s\u00f3cia do EmpresAqui, plataforma de dados e intelig\u00eancia de mercado para prospec\u00e7\u00e3o B2B. Atua, com mais de 7 anos de experi\u00eancia, na interse\u00e7\u00e3o entre estrat\u00e9gia, dados e crescimento, liderando iniciativas de aquisi\u00e7\u00e3o e convers\u00e3o para empresas orientadas por dados.","url":"https:\/\/www.empresaqui.com.br\/blog\/author\/jamille-rocha-2\/"}]}},"uagb_featured_image_src":{"full":false,"thumbnail":false,"medium":false,"medium_large":false,"large":false,"1536x1536":false,"2048x2048":false},"uagb_author_info":{"display_name":"Jamille Rocha","author_link":"https:\/\/www.empresaqui.com.br\/blog\/author\/jamille-rocha-2\/"},"uagb_comment_info":0,"uagb_excerpt":"Se uma empresa identifica um grupo espec\u00edfico de consumidores que pretende alcan\u00e7ar com seus produtos ou servi\u00e7os, ela est\u00e1 \u00e0 [&hellip;]","_links":{"self":[{"href":"https:\/\/www.empresaqui.com.br\/blog\/wp-json\/wp\/v2\/posts\/1323","targetHints":{"allow":["GET"]}}],"collection":[{"href":"https:\/\/www.empresaqui.com.br\/blog\/wp-json\/wp\/v2\/posts"}],"about":[{"href":"https:\/\/www.empresaqui.com.br\/blog\/wp-json\/wp\/v2\/types\/post"}],"author":[{"embeddable":true,"href":"https:\/\/www.empresaqui.com.br\/blog\/wp-json\/wp\/v2\/users\/4"}],"replies":[{"embeddable":true,"href":"https:\/\/www.empresaqui.com.br\/blog\/wp-json\/wp\/v2\/comments?post=1323"}],"version-history":[{"count":5,"href":"https:\/\/www.empresaqui.com.br\/blog\/wp-json\/wp\/v2\/posts\/1323\/revisions"}],"predecessor-version":[{"id":4185,"href":"https:\/\/www.empresaqui.com.br\/blog\/wp-json\/wp\/v2\/posts\/1323\/revisions\/4185"}],"wp:attachment":[{"href":"https:\/\/www.empresaqui.com.br\/blog\/wp-json\/wp\/v2\/media?parent=1323"}],"wp:term":[{"taxonomy":"category","embeddable":true,"href":"https:\/\/www.empresaqui.com.br\/blog\/wp-json\/wp\/v2\/categories?post=1323"},{"taxonomy":"post_tag","embeddable":true,"href":"https:\/\/www.empresaqui.com.br\/blog\/wp-json\/wp\/v2\/tags?post=1323"}],"curies":[{"name":"wp","href":"https:\/\/api.w.org\/{rel}","templated":true}]}}