{"id":1283,"date":"2025-02-13T15:18:55","date_gmt":"2025-02-13T18:18:55","guid":{"rendered":"https:\/\/www.empresaqui.com.br\/blog\/?p=1283"},"modified":"2025-02-21T16:02:18","modified_gmt":"2025-02-21T19:02:18","slug":"capital-social","status":"publish","type":"post","link":"https:\/\/www.empresaqui.com.br\/blog\/capital-social\/","title":{"rendered":"Entenda o que \u00e9 Capital Social e como definir o da sua empresa!"},"content":{"rendered":"\n<p>O Capital Social \u00e9 um conceito fundamental no mundo empresarial, se refere ao montante de recursos financeiros e bens que os s\u00f3cios ou acionistas investem em uma empresa para viabilizar suas opera\u00e7\u00f5es.<\/p>\n\n\n\n<p>Essa contribui\u00e7\u00e3o financeira inicial \u00e9 essencial para a constitui\u00e7\u00e3o e funcionamento do neg\u00f3cio, sendo um elemento-chave para determinar sua estrutura e capacidade operacional.<\/p>\n\n\n\n<div id=\"ez-toc-container\" class=\"ez-toc-v2_0_81 ez-toc-wrap-left counter-hierarchy ez-toc-counter ez-toc-custom ez-toc-container-direction\">\n<div class=\"ez-toc-title-container\">\n<p class=\"ez-toc-title\" style=\"cursor:inherit\">Neste artigo voc\u00ea vai ver:<\/p>\n<span class=\"ez-toc-title-toggle\"><a href=\"#\" class=\"ez-toc-pull-right ez-toc-btn ez-toc-btn-xs ez-toc-btn-default ez-toc-toggle\" aria-label=\"Alternar tabela de conte\u00fado\"><span class=\"ez-toc-js-icon-con\"><span class=\"\"><span class=\"eztoc-hide\" style=\"display:none;\">Toggle<\/span><span class=\"ez-toc-icon-toggle-span\"><svg style=\"fill: #0066bf;color:#0066bf\" xmlns=\"http:\/\/www.w3.org\/2000\/svg\" class=\"list-377408\" width=\"20px\" height=\"20px\" viewBox=\"0 0 24 24\" fill=\"none\"><path d=\"M6 6H4v2h2V6zm14 0H8v2h12V6zM4 11h2v2H4v-2zm16 0H8v2h12v-2zM4 16h2v2H4v-2zm16 0H8v2h12v-2z\" fill=\"currentColor\"><\/path><\/svg><svg style=\"fill: #0066bf;color:#0066bf\" class=\"arrow-unsorted-368013\" xmlns=\"http:\/\/www.w3.org\/2000\/svg\" width=\"10px\" height=\"10px\" viewBox=\"0 0 24 24\" version=\"1.2\" baseProfile=\"tiny\"><path d=\"M18.2 9.3l-6.2-6.3-6.2 6.3c-.2.2-.3.4-.3.7s.1.5.3.7c.2.2.4.3.7.3h11c.3 0 .5-.1.7-.3.2-.2.3-.5.3-.7s-.1-.5-.3-.7zM5.8 14.7l6.2 6.3 6.2-6.3c.2-.2.3-.5.3-.7s-.1-.5-.3-.7c-.2-.2-.4-.3-.7-.3h-11c-.3 0-.5.1-.7.3-.2.2-.3.5-.3.7s.1.5.3.7z\"\/><\/svg><\/span><\/span><\/span><\/a><\/span><\/div>\n<nav><ul class='ez-toc-list ez-toc-list-level-1 ' ><li class='ez-toc-page-1 ez-toc-heading-level-2'><a class=\"ez-toc-link ez-toc-heading-1\" href=\"https:\/\/www.empresaqui.com.br\/blog\/capital-social\/#O_que_e_Capital_Social\" >O que \u00e9 Capital Social?<\/a><\/li><li class='ez-toc-page-1 ez-toc-heading-level-2'><a class=\"ez-toc-link ez-toc-heading-2\" href=\"https:\/\/www.empresaqui.com.br\/blog\/capital-social\/#Para_que_serve_o_Capital_Social\" >Para que serve o Capital Social?<\/a><\/li><li class='ez-toc-page-1 ez-toc-heading-level-2'><a class=\"ez-toc-link ez-toc-heading-3\" href=\"https:\/\/www.empresaqui.com.br\/blog\/capital-social\/#Importancia_do_Capital_Social\" >Import\u00e2ncia do Capital Social<\/a><\/li><li class='ez-toc-page-1 ez-toc-heading-level-2'><a class=\"ez-toc-link ez-toc-heading-4\" href=\"https:\/\/www.empresaqui.com.br\/blog\/capital-social\/#Como_definir_o_Capital_Social_de_uma_empresa\" >Como definir o Capital Social de uma empresa?<\/a><\/li><li class='ez-toc-page-1 ez-toc-heading-level-2'><a class=\"ez-toc-link ez-toc-heading-5\" href=\"https:\/\/www.empresaqui.com.br\/blog\/capital-social\/#Tipos_de_Capital_Social\" >Tipos de Capital Social<\/a><\/li><li class='ez-toc-page-1 ez-toc-heading-level-2'><a class=\"ez-toc-link ez-toc-heading-6\" href=\"https:\/\/www.empresaqui.com.br\/blog\/capital-social\/#Qual_o_Capital_Social_para_MEI\" >Qual o Capital Social para MEI?<\/a><\/li><li class='ez-toc-page-1 ez-toc-heading-level-2'><a class=\"ez-toc-link ez-toc-heading-7\" href=\"https:\/\/www.empresaqui.com.br\/blog\/capital-social\/#Gere_listas_de_empresas_personalizadas\" >Gere listas de empresas personalizadas!<\/a><\/li><\/ul><\/nav><\/div>\n<h2 class=\"wp-block-heading\"><span class=\"ez-toc-section\" id=\"O_que_e_Capital_Social\"><\/span><strong>O que \u00e9 Capital Social?<\/strong><span class=\"ez-toc-section-end\"><\/span><\/h2>\n\n\n\n<p>O Capital Social representa a <strong>base financeira da empresa<\/strong>, constitu\u00edda pelos recursos investidos pelos s\u00f3cios ou acionistas no momento de sua funda\u00e7\u00e3o ou durante seu desenvolvimento.<\/p>\n\n\n\n<p>\u00c9 uma esp\u00e9cie de reserva financeira que respalda as opera\u00e7\u00f5es e investimentos da empresa ao longo do tempo. Esse capital pode ser composto por dinheiro, bens m\u00f3veis e im\u00f3veis, equipamentos, entre outros ativos.<\/p>\n\n\n\n<h2 class=\"wp-block-heading\"><span class=\"ez-toc-section\" id=\"Para_que_serve_o_Capital_Social\"><\/span><strong>Para que serve o Capital Social?<\/strong><span class=\"ez-toc-section-end\"><\/span><\/h2>\n\n\n\n<p>O Capital Social tem v\u00e1rias fun\u00e7\u00f5es dentro de uma empresa, entre elas:<\/p>\n\n\n\n<ul class=\"wp-block-list\">\n<li>Garantia para credores e investidores \u2013 Demonstra o compromisso dos s\u00f3cios com o neg\u00f3cio.<\/li>\n\n\n\n<li>Seguran\u00e7a jur\u00eddica e financeira \u2013 Fundamental em casos de fal\u00eancia ou processos judiciais.<\/li>\n\n\n\n<li>Credibilidade \u2013 Facilita parcerias, financiamentos e contratos com fornecedores.<\/li>\n\n\n\n<li>Expans\u00e3o do neg\u00f3cio \u2013 Ajuda na sustentabilidade da empresa e no crescimento estrat\u00e9gico.<\/li>\n<\/ul>\n\n\n\n<figure class=\"wp-block-image aligncenter size-full\"><img loading=\"lazy\" decoding=\"async\" width=\"700\" height=\"200\" src=\"https:\/\/www.empresaqui.com.br\/blog\/wp-content\/uploads\/2025\/02\/CAPITAL-SOCIAL.png\" alt=\"\" class=\"wp-image-4033\" srcset=\"https:\/\/www.empresaqui.com.br\/blog\/wp-content\/uploads\/2025\/02\/CAPITAL-SOCIAL.png 700w, https:\/\/www.empresaqui.com.br\/blog\/wp-content\/uploads\/2025\/02\/CAPITAL-SOCIAL-300x86.png 300w\" sizes=\"auto, (max-width: 700px) 100vw, 700px\" \/><figcaption class=\"wp-element-caption\">Capital social<\/figcaption><\/figure>\n\n\n\n<h2 class=\"wp-block-heading\"><span class=\"ez-toc-section\" id=\"Importancia_do_Capital_Social\"><\/span><strong>Import\u00e2ncia do Capital Social<\/strong><span class=\"ez-toc-section-end\"><\/span><\/h2>\n\n\n\n<p>O Capital Social \u00e9 importante para a sa\u00fade financeira e o desenvolvimento sustent\u00e1vel da empresa. <strong>Ele proporciona uma base s\u00f3lida para investimentos, expans\u00e3o e enfrentamento de per\u00edodos de instabilidade econ\u00f4mica<\/strong>.<\/p>\n\n\n\n<p>Al\u00e9m disso, o capital social influencia diretamente na valoriza\u00e7\u00e3o da empresa e na distribui\u00e7\u00e3o de lucros entre os s\u00f3cios ou acionistas.<\/p>\n\n\n\n<p>Um capital social bem estruturado tamb\u00e9m contribui para a perenidade do neg\u00f3cio, permitindo o <strong>reinvestimento de lucros, a reestrutura\u00e7\u00e3o financeira e a adapta\u00e7\u00e3o \u00e0s mudan\u00e7as do mercado<\/strong>.<\/p>\n\n\n\n<h2 class=\"wp-block-heading\"><span class=\"ez-toc-section\" id=\"Como_definir_o_Capital_Social_de_uma_empresa\"><\/span><strong>Como definir o Capital Social de uma empresa?<\/strong><span class=\"ez-toc-section-end\"><\/span><\/h2>\n\n\n\n<p>A defini\u00e7\u00e3o do capital social de uma empresa pode variar de acordo com diversos fatores, incluindo o tipo de neg\u00f3cio, o porte da empresa, sua estrutura jur\u00eddica e as proje\u00e7\u00f5es financeiras.<\/p>\n\n\n\n<p>Geralmente, a defini\u00e7\u00e3o do capital social \u00e9 estabelecida no contrato social ou estatuto da empresa, durante o processo de sua constitui\u00e7\u00e3o. Veja alguns pontos a se considerar:<\/p>\n\n\n\n<h3 class=\"wp-block-heading\">1. <strong>Avalia\u00e7\u00e3o das necessidades financeiras<\/strong><\/h3>\n\n\n\n<p>Antes de estabelecer o Capital Social, \u00e9 essencial avaliar as necessidades financeiras iniciais do neg\u00f3cio.&nbsp;<\/p>\n\n\n\n<p>Isso inclui <strong>calcular os custos de inicializa\u00e7\u00e3o<\/strong>:<\/p>\n\n\n\n<ul class=\"wp-block-list\">\n<li>Aluguel<\/li>\n\n\n\n<li>Equipamentos<\/li>\n\n\n\n<li>Despesas operacionais e jur\u00eddicas<\/li>\n\n\n\n<li>Marketing e divulga\u00e7\u00e3o<\/li>\n<\/ul>\n\n\n\n<p>Essa avalia\u00e7\u00e3o proporciona uma base para determinar a quantidade de capital necess\u00e1rio para iniciar as opera\u00e7\u00f5es.<\/p>\n\n\n\n<h3 class=\"wp-block-heading\">2. <strong>An\u00e1lise do plano de neg\u00f3cios<\/strong><\/h3>\n\n\n\n<p>O plano de neg\u00f3cios da empresa fornece uma vis\u00e3o detalhada das proje\u00e7\u00f5es financeiras, metas de crescimento e estrat\u00e9gias de mercado.&nbsp;<\/p>\n\n\n\n<p>Ao analisar o plano de neg\u00f3cios, os fundadores podem ter uma ideia clara do <a href=\"https:\/\/www.empresaqui.com.br\/blog\/ticket-medio\/\" target=\"_blank\" rel=\"noreferrer noopener\"><strong>ticket m\u00e9dio<\/strong><\/a> e das metas financeiras de curto e longo prazo, o que ajuda na defini\u00e7\u00e3o do Capital Social adequado.<\/p>\n\n\n\n<h3 class=\"wp-block-heading\">3. <strong>Considera\u00e7\u00e3o da estrutura jur\u00eddica<\/strong><\/h3>\n\n\n\n<p>A estrutura jur\u00eddica da empresa, como sociedade limitada, sociedade an\u00f4nima ou empresa individual, influencia a maneira como o Capital Social \u00e9 definido e administrado.&nbsp;<\/p>\n\n\n\n<ul class=\"wp-block-list\">\n<li><strong>Sociedade Limitada (LTDA)<\/strong> \u2013 Responsabilidade limitada ao capital investido.<\/li>\n\n\n\n<li><strong>Sociedade An\u00f4nima (S.A.)<\/strong> \u2013 Necess\u00e1rio um capital m\u00ednimo para abertura.<\/li>\n\n\n\n<li><strong>Empresa Individual<\/strong> \u2013 O empreendedor assume todos os riscos financeiros.<\/li>\n<\/ul>\n\n\n\n<h3 class=\"wp-block-heading\">4. <strong>Avalia\u00e7\u00e3o dos ativos e passivos&nbsp;<\/strong><\/h3>\n\n\n\n<p>Os fundadores devem considerar o <a href=\"https:\/\/www.empresaqui.com.br\/blog\/faturamento\/\" target=\"_blank\" rel=\"noreferrer noopener\"><strong>faturamento<\/strong><\/a>, os ativos e passivos iniciais da empresa ao determinar o Capital Social.&nbsp;<\/p>\n\n\n\n<p>Isso inclui todos os recursos financeiros, propriedades, equipamentos e d\u00edvidas que a empresa possui no momento de sua funda\u00e7\u00e3o.<\/p>\n\n\n\n<h3 class=\"wp-block-heading\"><strong>Consulta a profissionais de contabilidade e jur\u00eddicos&nbsp;<\/strong><\/h3>\n\n\n\n<p>\u00c9 recomend\u00e1vel buscar orienta\u00e7\u00e3o de profissionais de contabilidade e jur\u00eddicos ao definir o Capital Social.&nbsp;<\/p>\n\n\n\n<p>Esses profissionais podem oferecer <em>insights<\/em> sobre os requisitos legais e fiscais, bem como ajudar na <strong>elabora\u00e7\u00e3o do contrato social ou estatuto da empresa<\/strong>.<\/p>\n\n\n\n<h3 class=\"wp-block-heading\"><strong>Flexibilidade para futuros investimentos&nbsp;<\/strong><\/h3>\n\n\n\n<p>\u00c9 importante considerar a possibilidade de futuros investimentos e expans\u00f5es ao definir o Capital Social.<\/p>\n\n\n\n<p>Uma reserva financeira adequada permite que a empresa <strong>esteja preparada para enfrentar desafios e aproveitar oportunidades de crescimento no futuro<\/strong>.<\/p>\n\n\n\n<h2 class=\"wp-block-heading\"><span class=\"ez-toc-section\" id=\"Tipos_de_Capital_Social\"><\/span><strong>Tipos de Capital Social<\/strong><span class=\"ez-toc-section-end\"><\/span><\/h2>\n\n\n\n<p>Existem diferentes tipos de Capital Social, cada um com caracter\u00edsticas espec\u00edficas que podem influenciar a estrutura e o funcionamento da empresa.&nbsp;<\/p>\n\n\n\n<h3 class=\"wp-block-heading\"><strong>1. Financeiro<\/strong><\/h3>\n\n\n\n<p>O Capital Social financeiro refere-se aos recursos em dinheiro ou equivalentes que os s\u00f3cios ou acionistas investem na empresa.<\/p>\n\n\n\n<p>Esses recursos s\u00e3o essenciais para: <\/p>\n\n\n\n<ul class=\"wp-block-list\">\n<li><strong>Financiar as opera\u00e7\u00f5es iniciais&nbsp;<\/strong><\/li>\n\n\n\n<li><strong>Adquirir ativos&nbsp;<\/strong><\/li>\n\n\n\n<li><strong>Pagar despesas&nbsp;<\/strong><\/li>\n\n\n\n<li><strong>Garantir a liquidez do neg\u00f3cio<\/strong><\/li>\n<\/ul>\n\n\n\n<p>O Capital Social financeiro pode ser proveniente das contribui\u00e7\u00f5es dos s\u00f3cios, empr\u00e9stimos banc\u00e1rios ou investimentos de terceiros.<\/p>\n\n\n\n<h3 class=\"wp-block-heading\"><strong>2. Social<\/strong><\/h3>\n\n\n\n<p>O Capital Social social inclui os ativos n\u00e3o monet\u00e1rios que os s\u00f3cios ou acionistas contribuem para a empresa. Isso pode incluir <strong>bens m\u00f3veis e im\u00f3veis, equipamentos, ve\u00edculos, propriedade intelectual, entre outros<\/strong>.<\/p>\n\n\n\n<p>Embora n\u00e3o sejam em forma de dinheiro, esses ativos t\u00eam valor e contribuem para o patrim\u00f4nio da empresa. O Capital Social \u00e9 importante para estabelecer <strong>uma base de recursos tang\u00edveis que podem ser utilizados nas opera\u00e7\u00f5es e no crescimento do neg\u00f3cio<\/strong>.<\/p>\n\n\n\n<h3 class=\"wp-block-heading\"><strong>3. Limita\u00e7\u00e3o de Responsabilidade<\/strong><\/h3>\n\n\n\n<p>A Limita\u00e7\u00e3o de Responsabilidade est\u00e1 relacionada \u00e0 prote\u00e7\u00e3o dos s\u00f3cios ou acionistas em caso de d\u00edvidas ou processos judiciais da empresa.&nbsp;<\/p>\n\n\n\n<p>Em estruturas como sociedades limitadas e sociedades por a\u00e7\u00f5es, os s\u00f3cios t\u00eam sua responsabilidade limitada ao valor de sua participa\u00e7\u00e3o no Capital Social.&nbsp;<\/p>\n\n\n\n<p>Isso significa que, em caso de fal\u00eancia ou processos legais, os credores <strong>s\u00f3 podem recorrer aos ativos da empresa e n\u00e3o aos bens pessoais dos s\u00f3cios<\/strong>.&nbsp;<\/p>\n\n\n\n<p>Essa limita\u00e7\u00e3o de responsabilidade \u00e9 um aspecto <strong>importante na gest\u00e3o de riscos e na prote\u00e7\u00e3o do patrim\u00f4nio pessoal dos s\u00f3cios<\/strong>.<\/p>\n\n\n\n<h2 class=\"wp-block-heading\"><span class=\"ez-toc-section\" id=\"Qual_o_Capital_Social_para_MEI\"><\/span><strong>Qual o Capital Social para MEI?<\/strong><span class=\"ez-toc-section-end\"><\/span><\/h2>\n\n\n\n<p>Para o <a href=\"https:\/\/www.empresaqui.com.br\/blog\/mei-microempreendedor-individual\/\" target=\"_blank\" rel=\"noreferrer noopener\"><strong>Microempreendedor Individual (MEI)<\/strong><\/a>, o conceito de Capital Social \u00e9 um pouco diferente em compara\u00e7\u00e3o com outras formas de empresas.&nbsp;<\/p>\n\n\n\n<p>No caso do MEI, o Capital Social <strong>n\u00e3o \u00e9 determinado por um montante espec\u00edfico de investimento inicial<\/strong>. Em vez disso, o MEI opera com uma estrutura simplificada em rela\u00e7\u00e3o ao Capital Social.<\/p>\n\n\n\n<p>No momento do registro como MEI, o empreendedor precisa <strong>apenas informar sua atividade principal e, posteriormente, est\u00e1 sujeito ao pagamento de um valor fixo mensal de tributos<\/strong>, que varia de acordo com a atividade exercida. Esse valor \u00e9 destinado \u00e0 Previd\u00eancia Social e ao ICMS ou ISS, dependendo da atividade desenvolvida.<\/p>\n\n\n\n<p>Dessa forma, o MEI n\u00e3o precisa preocupar-se com a defini\u00e7\u00e3o de um capital social espec\u00edfico. Em vez disso, a \u00eanfase est\u00e1 na regulariza\u00e7\u00e3o das atividades e no cumprimento das obriga\u00e7\u00f5es fiscais e legais estabelecidas para essa categoria de empreendedores.<\/p>\n\n\n\n<div class=\"banner\">\n            <h2><span class=\"ez-toc-section\" id=\"Gere_listas_de_empresas_personalizadas\"><\/span>Gere listas de empresas personalizadas!<span class=\"ez-toc-section-end\"><\/span><\/h2>\n            <p>Cadastre-se gr\u00e1tis agora mesmo<\/p>\n            <div class=\"bottom-banner\">\n                <img decoding=\"async\" src=\"https:\/\/www.empresaqui.com.br\/blog\/wp-content\/uploads\/2021\/11\/AdminLTELogo.png\" alt=\"Seu Logotipo\" class=\"logo\">\n                <a href=\"https:\/\/www.empresaqui.com.br\/plano-gratuito?utm_source=blog&amp;utm_medium=banner&amp;utm_campaign=CTA-GRATUITO-HTML\" class=\"cta-button-banner\">Teste aqui agora<\/a>\n            <\/div>\n        <\/div>\n        <style>\n            .bottom-banner{\n                display: flex;\n                justify-content: center;\n                align-items: center;\n            }\n            .bottom-banner img{\n                width: 3rem !important;\n                height: 3rem !important;\n                margin-right: 1rem;\n            }\n            .banner h2{\n                font-family: Arial, sans-serif;\n                color: #fff !important;\n            }\n            .banner p{\n                font-family: Arial, sans-serif;\n            }\n            .banner {\n                background:#001E40;\n                color: #FFFFFF;\n                text-align: center;\n                padding: 20px;\n            }\n            .cta-button-banner {\n                display: inline-block;\n                background-color: #0CFFFB;\n                color: #000;\n                border: none;\n                padding: 1px 15px;\n                font-size: 14px;\n                font-family: sans-serif;\n                font-weight: 700;\n                border-radius: 21px;\n                cursor: pointer;\n                transition: background-color 0.3s ease;\n                text-decoration: none;\n            }\n            @media (max-width: 767px) {\n                .banner h2{\n                    font-size:20px;\n                }\n                .cta-button-banner {\n                    padding: 1px 15px;\n                    font-size: 12px;\n                }\n            }\n        <\/style>\n","protected":false},"excerpt":{"rendered":"<p>O Capital Social \u00e9 um conceito fundamental no mundo empresarial, se refere ao montante de recursos financeiros e bens que [&hellip;]<\/p>\n","protected":false},"author":8,"featured_media":0,"comment_status":"closed","ping_status":"closed","sticky":false,"template":"","format":"standard","meta":{"_acf_changed":false,"_uag_custom_page_level_css":"","site-sidebar-layout":"default","site-content-layout":"","ast-site-content-layout":"default","site-content-style":"default","site-sidebar-style":"default","ast-global-header-display":"","ast-banner-title-visibility":"","ast-main-header-display":"","ast-hfb-above-header-display":"","ast-hfb-below-header-display":"","ast-hfb-mobile-header-display":"","site-post-title":"","ast-breadcrumbs-content":"","ast-featured-img":"","footer-sml-layout":"","theme-transparent-header-meta":"","adv-header-id-meta":"","stick-header-meta":"","header-above-stick-meta":"","header-main-stick-meta":"","header-below-stick-meta":"","astra-migrate-meta-layouts":"default","ast-page-background-enabled":"default","ast-page-background-meta":{"desktop":{"background-color":"var(--ast-global-color-4)","background-image":"","background-repeat":"repeat","background-position":"center center","background-size":"auto","background-attachment":"scroll","background-type":"","background-media":"","overlay-type":"","overlay-color":"","overlay-opacity":"","overlay-gradient":""},"tablet":{"background-color":"","background-image":"","background-repeat":"repeat","background-position":"center center","background-size":"auto","background-attachment":"scroll","background-type":"","background-media":"","overlay-type":"","overlay-color":"","overlay-opacity":"","overlay-gradient":""},"mobile":{"background-color":"","background-image":"","background-repeat":"repeat","background-position":"center center","background-size":"auto","background-attachment":"scroll","background-type":"","background-media":"","overlay-type":"","overlay-color":"","overlay-opacity":"","overlay-gradient":""}},"ast-content-background-meta":{"desktop":{"background-color":"var(--ast-global-color-5)","background-image":"","background-repeat":"repeat","background-position":"center center","background-size":"auto","background-attachment":"scroll","background-type":"","background-media":"","overlay-type":"","overlay-color":"","overlay-opacity":"","overlay-gradient":""},"tablet":{"background-color":"var(--ast-global-color-5)","background-image":"","background-repeat":"repeat","background-position":"center center","background-size":"auto","background-attachment":"scroll","background-type":"","background-media":"","overlay-type":"","overlay-color":"","overlay-opacity":"","overlay-gradient":""},"mobile":{"background-color":"var(--ast-global-color-5)","background-image":"","background-repeat":"repeat","background-position":"center center","background-size":"auto","background-attachment":"scroll","background-type":"","background-media":"","overlay-type":"","overlay-color":"","overlay-opacity":"","overlay-gradient":""}},"footnotes":""},"categories":[33],"tags":[],"class_list":["post-1283","post","type-post","status-publish","format-standard","hentry","category-prospeccao-vendas"],"acf":[],"yoast_head":"<!-- This site is optimized with the Yoast SEO plugin v27.4 - https:\/\/yoast.com\/product\/yoast-seo-wordpress\/ -->\n<title>Capital Social: o que \u00e9, para que serve e como defini-lo?<\/title>\n<meta name=\"description\" content=\"Descubra o que \u00e9 Capital Social, sua import\u00e2ncia e como definir esse elemento para sua empresa. Saiba mais sobre os tipos e valores para criar um MEI.\" \/>\n<meta name=\"robots\" content=\"index, follow, max-snippet:-1, max-image-preview:large, max-video-preview:-1\" \/>\n<link rel=\"canonical\" href=\"https:\/\/www.empresaqui.com.br\/blog\/capital-social\/\" \/>\n<meta property=\"og:locale\" content=\"pt_BR\" \/>\n<meta property=\"og:type\" content=\"article\" \/>\n<meta property=\"og:title\" content=\"Capital Social: o que \u00e9, para que serve e como defini-lo?\" \/>\n<meta property=\"og:description\" content=\"Descubra o que \u00e9 Capital Social, sua import\u00e2ncia e como definir esse elemento para sua empresa. Saiba mais sobre os tipos e valores para criar um MEI.\" \/>\n<meta property=\"og:url\" content=\"https:\/\/www.empresaqui.com.br\/blog\/capital-social\/\" \/>\n<meta property=\"og:site_name\" content=\"Blog EmpresAqui\" \/>\n<meta property=\"article:publisher\" content=\"https:\/\/www.facebook.com\/empresaquibr\" \/>\n<meta property=\"article:published_time\" content=\"2025-02-13T18:18:55+00:00\" \/>\n<meta property=\"article:modified_time\" content=\"2025-02-21T19:02:18+00:00\" \/>\n<meta property=\"og:image\" content=\"https:\/\/www.empresaqui.com.br\/blog\/wp-content\/uploads\/2025\/02\/CAPITAL-SOCIAL.png\" \/>\n<meta name=\"author\" content=\"Danillo Rocha\" \/>\n<meta name=\"twitter:card\" content=\"summary_large_image\" \/>\n<meta name=\"twitter:label1\" content=\"Escrito por\" \/>\n\t<meta name=\"twitter:data1\" content=\"Danillo Rocha\" \/>\n\t<meta name=\"twitter:label2\" content=\"Est. tempo de leitura\" \/>\n\t<meta name=\"twitter:data2\" content=\"7 minutos\" \/>\n<script type=\"application\/ld+json\" class=\"yoast-schema-graph\">{\"@context\":\"https:\\\/\\\/schema.org\",\"@graph\":[{\"@type\":\"Article\",\"@id\":\"https:\\\/\\\/www.empresaqui.com.br\\\/blog\\\/capital-social\\\/#article\",\"isPartOf\":{\"@id\":\"https:\\\/\\\/www.empresaqui.com.br\\\/blog\\\/capital-social\\\/\"},\"author\":{\"name\":\"Danillo Rocha\",\"@id\":\"https:\\\/\\\/www.empresaqui.com.br\\\/blog\\\/#\\\/schema\\\/person\\\/be165d2b8065bfa20b88787a07cf9e96\"},\"headline\":\"Entenda o que \u00e9 Capital Social e como definir o da sua empresa!\",\"datePublished\":\"2025-02-13T18:18:55+00:00\",\"dateModified\":\"2025-02-21T19:02:18+00:00\",\"mainEntityOfPage\":{\"@id\":\"https:\\\/\\\/www.empresaqui.com.br\\\/blog\\\/capital-social\\\/\"},\"wordCount\":1168,\"publisher\":{\"@id\":\"https:\\\/\\\/www.empresaqui.com.br\\\/blog\\\/#organization\"},\"image\":{\"@id\":\"https:\\\/\\\/www.empresaqui.com.br\\\/blog\\\/capital-social\\\/#primaryimage\"},\"thumbnailUrl\":\"https:\\\/\\\/www.empresaqui.com.br\\\/blog\\\/wp-content\\\/uploads\\\/2025\\\/02\\\/CAPITAL-SOCIAL.png\",\"articleSection\":[\"Dicas de Vendas\"],\"inLanguage\":\"pt-BR\"},{\"@type\":\"WebPage\",\"@id\":\"https:\\\/\\\/www.empresaqui.com.br\\\/blog\\\/capital-social\\\/\",\"url\":\"https:\\\/\\\/www.empresaqui.com.br\\\/blog\\\/capital-social\\\/\",\"name\":\"Capital Social: o que \u00e9, para que serve e como defini-lo?\",\"isPartOf\":{\"@id\":\"https:\\\/\\\/www.empresaqui.com.br\\\/blog\\\/#website\"},\"primaryImageOfPage\":{\"@id\":\"https:\\\/\\\/www.empresaqui.com.br\\\/blog\\\/capital-social\\\/#primaryimage\"},\"image\":{\"@id\":\"https:\\\/\\\/www.empresaqui.com.br\\\/blog\\\/capital-social\\\/#primaryimage\"},\"thumbnailUrl\":\"https:\\\/\\\/www.empresaqui.com.br\\\/blog\\\/wp-content\\\/uploads\\\/2025\\\/02\\\/CAPITAL-SOCIAL.png\",\"datePublished\":\"2025-02-13T18:18:55+00:00\",\"dateModified\":\"2025-02-21T19:02:18+00:00\",\"description\":\"Descubra o que \u00e9 Capital Social, sua import\u00e2ncia e como definir esse elemento para sua empresa. Saiba mais sobre os tipos e valores para criar um MEI.\",\"breadcrumb\":{\"@id\":\"https:\\\/\\\/www.empresaqui.com.br\\\/blog\\\/capital-social\\\/#breadcrumb\"},\"inLanguage\":\"pt-BR\",\"potentialAction\":[{\"@type\":\"ReadAction\",\"target\":[\"https:\\\/\\\/www.empresaqui.com.br\\\/blog\\\/capital-social\\\/\"]}]},{\"@type\":\"ImageObject\",\"inLanguage\":\"pt-BR\",\"@id\":\"https:\\\/\\\/www.empresaqui.com.br\\\/blog\\\/capital-social\\\/#primaryimage\",\"url\":\"https:\\\/\\\/www.empresaqui.com.br\\\/blog\\\/wp-content\\\/uploads\\\/2025\\\/02\\\/CAPITAL-SOCIAL.png\",\"contentUrl\":\"https:\\\/\\\/www.empresaqui.com.br\\\/blog\\\/wp-content\\\/uploads\\\/2025\\\/02\\\/CAPITAL-SOCIAL.png\",\"width\":700,\"height\":200,\"caption\":\"Capital social\"},{\"@type\":\"BreadcrumbList\",\"@id\":\"https:\\\/\\\/www.empresaqui.com.br\\\/blog\\\/capital-social\\\/#breadcrumb\",\"itemListElement\":[{\"@type\":\"ListItem\",\"position\":1,\"name\":\"In\u00edcio\",\"item\":\"https:\\\/\\\/www.empresaqui.com.br\\\/blog\\\/\"},{\"@type\":\"ListItem\",\"position\":2,\"name\":\"Dicas de Vendas\",\"item\":\"https:\\\/\\\/www.empresaqui.com.br\\\/blog\\\/category\\\/prospeccao-vendas\\\/\"},{\"@type\":\"ListItem\",\"position\":3,\"name\":\"Entenda o que \u00e9 Capital Social e como definir o da sua empresa!\"}]},{\"@type\":\"WebSite\",\"@id\":\"https:\\\/\\\/www.empresaqui.com.br\\\/blog\\\/#website\",\"url\":\"https:\\\/\\\/www.empresaqui.com.br\\\/blog\\\/\",\"name\":\"Blog EmpresAqui\",\"description\":\"\",\"publisher\":{\"@id\":\"https:\\\/\\\/www.empresaqui.com.br\\\/blog\\\/#organization\"},\"potentialAction\":[{\"@type\":\"SearchAction\",\"target\":{\"@type\":\"EntryPoint\",\"urlTemplate\":\"https:\\\/\\\/www.empresaqui.com.br\\\/blog\\\/?s={search_term_string}\"},\"query-input\":{\"@type\":\"PropertyValueSpecification\",\"valueRequired\":true,\"valueName\":\"search_term_string\"}}],\"inLanguage\":\"pt-BR\"},{\"@type\":\"Organization\",\"@id\":\"https:\\\/\\\/www.empresaqui.com.br\\\/blog\\\/#organization\",\"name\":\"EmpresAqui\",\"url\":\"https:\\\/\\\/www.empresaqui.com.br\\\/blog\\\/\",\"logo\":{\"@type\":\"ImageObject\",\"inLanguage\":\"pt-BR\",\"@id\":\"https:\\\/\\\/www.empresaqui.com.br\\\/blog\\\/#\\\/schema\\\/logo\\\/image\\\/\",\"url\":\"https:\\\/\\\/www.empresaqui.com.br\\\/blog\\\/wp-content\\\/uploads\\\/2023\\\/02\\\/cropped-cropped-AdminLTELogo-2-1-1.png\",\"contentUrl\":\"https:\\\/\\\/www.empresaqui.com.br\\\/blog\\\/wp-content\\\/uploads\\\/2023\\\/02\\\/cropped-cropped-AdminLTELogo-2-1-1.png\",\"width\":100,\"height\":100,\"caption\":\"EmpresAqui\"},\"image\":{\"@id\":\"https:\\\/\\\/www.empresaqui.com.br\\\/blog\\\/#\\\/schema\\\/logo\\\/image\\\/\"},\"sameAs\":[\"https:\\\/\\\/www.facebook.com\\\/empresaquibr\",\"https:\\\/\\\/www.instagram.com\\\/empresaqui\"]},{\"@type\":\"Person\",\"@id\":\"https:\\\/\\\/www.empresaqui.com.br\\\/blog\\\/#\\\/schema\\\/person\\\/be165d2b8065bfa20b88787a07cf9e96\",\"name\":\"Danillo Rocha\",\"image\":{\"@type\":\"ImageObject\",\"inLanguage\":\"pt-BR\",\"@id\":\"https:\\\/\\\/secure.gravatar.com\\\/avatar\\\/a440539fd479fe3447e5aeaa627ba644f1a101516334fa5a2b263c192ba710bc?s=96&d=mm&r=g\",\"url\":\"https:\\\/\\\/secure.gravatar.com\\\/avatar\\\/a440539fd479fe3447e5aeaa627ba644f1a101516334fa5a2b263c192ba710bc?s=96&d=mm&r=g\",\"contentUrl\":\"https:\\\/\\\/secure.gravatar.com\\\/avatar\\\/a440539fd479fe3447e5aeaa627ba644f1a101516334fa5a2b263c192ba710bc?s=96&d=mm&r=g\",\"caption\":\"Danillo Rocha\"},\"description\":\"Danillo Rocha \u00e9 CEO e fundador do EmpresAqui, plataforma de intelig\u00eancia de mercado e gera\u00e7\u00e3o de leads B2B com mais de 300 mil usu\u00e1rios. Formado em Ci\u00eancia da Computa\u00e7\u00e3o, com especializa\u00e7\u00e3o em Softwares e Dados e Per\u00edcia Financeira, \u00e9 empreendedor em tecnologia e neg\u00f3cios B2B.\",\"sameAs\":[\"https:\\\/\\\/www.empresaqui.com.br\\\/\",\"https:\\\/\\\/www.instagram.com\\\/danillorocha10\",\"https:\\\/\\\/www.instagram.com\\\/danillorocha\"],\"url\":\"https:\\\/\\\/www.empresaqui.com.br\\\/blog\\\/author\\\/danillo-rocha\\\/\"}]}<\/script>\n<!-- \/ Yoast SEO plugin. -->","yoast_head_json":{"title":"Capital Social: o que \u00e9, para que serve e como defini-lo?","description":"Descubra o que \u00e9 Capital Social, sua import\u00e2ncia e como definir esse elemento para sua empresa. Saiba mais sobre os tipos e valores para criar um MEI.","robots":{"index":"index","follow":"follow","max-snippet":"max-snippet:-1","max-image-preview":"max-image-preview:large","max-video-preview":"max-video-preview:-1"},"canonical":"https:\/\/www.empresaqui.com.br\/blog\/capital-social\/","og_locale":"pt_BR","og_type":"article","og_title":"Capital Social: o que \u00e9, para que serve e como defini-lo?","og_description":"Descubra o que \u00e9 Capital Social, sua import\u00e2ncia e como definir esse elemento para sua empresa. Saiba mais sobre os tipos e valores para criar um MEI.","og_url":"https:\/\/www.empresaqui.com.br\/blog\/capital-social\/","og_site_name":"Blog EmpresAqui","article_publisher":"https:\/\/www.facebook.com\/empresaquibr","article_published_time":"2025-02-13T18:18:55+00:00","article_modified_time":"2025-02-21T19:02:18+00:00","og_image":[{"url":"https:\/\/www.empresaqui.com.br\/blog\/wp-content\/uploads\/2025\/02\/CAPITAL-SOCIAL.png","type":"","width":"","height":""}],"author":"Danillo Rocha","twitter_card":"summary_large_image","twitter_misc":{"Escrito por":"Danillo Rocha","Est. tempo de leitura":"7 minutos"},"schema":{"@context":"https:\/\/schema.org","@graph":[{"@type":"Article","@id":"https:\/\/www.empresaqui.com.br\/blog\/capital-social\/#article","isPartOf":{"@id":"https:\/\/www.empresaqui.com.br\/blog\/capital-social\/"},"author":{"name":"Danillo Rocha","@id":"https:\/\/www.empresaqui.com.br\/blog\/#\/schema\/person\/be165d2b8065bfa20b88787a07cf9e96"},"headline":"Entenda o que \u00e9 Capital Social e como definir o da sua empresa!","datePublished":"2025-02-13T18:18:55+00:00","dateModified":"2025-02-21T19:02:18+00:00","mainEntityOfPage":{"@id":"https:\/\/www.empresaqui.com.br\/blog\/capital-social\/"},"wordCount":1168,"publisher":{"@id":"https:\/\/www.empresaqui.com.br\/blog\/#organization"},"image":{"@id":"https:\/\/www.empresaqui.com.br\/blog\/capital-social\/#primaryimage"},"thumbnailUrl":"https:\/\/www.empresaqui.com.br\/blog\/wp-content\/uploads\/2025\/02\/CAPITAL-SOCIAL.png","articleSection":["Dicas de Vendas"],"inLanguage":"pt-BR"},{"@type":"WebPage","@id":"https:\/\/www.empresaqui.com.br\/blog\/capital-social\/","url":"https:\/\/www.empresaqui.com.br\/blog\/capital-social\/","name":"Capital Social: o que \u00e9, para que serve e como defini-lo?","isPartOf":{"@id":"https:\/\/www.empresaqui.com.br\/blog\/#website"},"primaryImageOfPage":{"@id":"https:\/\/www.empresaqui.com.br\/blog\/capital-social\/#primaryimage"},"image":{"@id":"https:\/\/www.empresaqui.com.br\/blog\/capital-social\/#primaryimage"},"thumbnailUrl":"https:\/\/www.empresaqui.com.br\/blog\/wp-content\/uploads\/2025\/02\/CAPITAL-SOCIAL.png","datePublished":"2025-02-13T18:18:55+00:00","dateModified":"2025-02-21T19:02:18+00:00","description":"Descubra o que \u00e9 Capital Social, sua import\u00e2ncia e como definir esse elemento para sua empresa. Saiba mais sobre os tipos e valores para criar um MEI.","breadcrumb":{"@id":"https:\/\/www.empresaqui.com.br\/blog\/capital-social\/#breadcrumb"},"inLanguage":"pt-BR","potentialAction":[{"@type":"ReadAction","target":["https:\/\/www.empresaqui.com.br\/blog\/capital-social\/"]}]},{"@type":"ImageObject","inLanguage":"pt-BR","@id":"https:\/\/www.empresaqui.com.br\/blog\/capital-social\/#primaryimage","url":"https:\/\/www.empresaqui.com.br\/blog\/wp-content\/uploads\/2025\/02\/CAPITAL-SOCIAL.png","contentUrl":"https:\/\/www.empresaqui.com.br\/blog\/wp-content\/uploads\/2025\/02\/CAPITAL-SOCIAL.png","width":700,"height":200,"caption":"Capital social"},{"@type":"BreadcrumbList","@id":"https:\/\/www.empresaqui.com.br\/blog\/capital-social\/#breadcrumb","itemListElement":[{"@type":"ListItem","position":1,"name":"In\u00edcio","item":"https:\/\/www.empresaqui.com.br\/blog\/"},{"@type":"ListItem","position":2,"name":"Dicas de Vendas","item":"https:\/\/www.empresaqui.com.br\/blog\/category\/prospeccao-vendas\/"},{"@type":"ListItem","position":3,"name":"Entenda o que \u00e9 Capital Social e como definir o da sua empresa!"}]},{"@type":"WebSite","@id":"https:\/\/www.empresaqui.com.br\/blog\/#website","url":"https:\/\/www.empresaqui.com.br\/blog\/","name":"Blog EmpresAqui","description":"","publisher":{"@id":"https:\/\/www.empresaqui.com.br\/blog\/#organization"},"potentialAction":[{"@type":"SearchAction","target":{"@type":"EntryPoint","urlTemplate":"https:\/\/www.empresaqui.com.br\/blog\/?s={search_term_string}"},"query-input":{"@type":"PropertyValueSpecification","valueRequired":true,"valueName":"search_term_string"}}],"inLanguage":"pt-BR"},{"@type":"Organization","@id":"https:\/\/www.empresaqui.com.br\/blog\/#organization","name":"EmpresAqui","url":"https:\/\/www.empresaqui.com.br\/blog\/","logo":{"@type":"ImageObject","inLanguage":"pt-BR","@id":"https:\/\/www.empresaqui.com.br\/blog\/#\/schema\/logo\/image\/","url":"https:\/\/www.empresaqui.com.br\/blog\/wp-content\/uploads\/2023\/02\/cropped-cropped-AdminLTELogo-2-1-1.png","contentUrl":"https:\/\/www.empresaqui.com.br\/blog\/wp-content\/uploads\/2023\/02\/cropped-cropped-AdminLTELogo-2-1-1.png","width":100,"height":100,"caption":"EmpresAqui"},"image":{"@id":"https:\/\/www.empresaqui.com.br\/blog\/#\/schema\/logo\/image\/"},"sameAs":["https:\/\/www.facebook.com\/empresaquibr","https:\/\/www.instagram.com\/empresaqui"]},{"@type":"Person","@id":"https:\/\/www.empresaqui.com.br\/blog\/#\/schema\/person\/be165d2b8065bfa20b88787a07cf9e96","name":"Danillo Rocha","image":{"@type":"ImageObject","inLanguage":"pt-BR","@id":"https:\/\/secure.gravatar.com\/avatar\/a440539fd479fe3447e5aeaa627ba644f1a101516334fa5a2b263c192ba710bc?s=96&d=mm&r=g","url":"https:\/\/secure.gravatar.com\/avatar\/a440539fd479fe3447e5aeaa627ba644f1a101516334fa5a2b263c192ba710bc?s=96&d=mm&r=g","contentUrl":"https:\/\/secure.gravatar.com\/avatar\/a440539fd479fe3447e5aeaa627ba644f1a101516334fa5a2b263c192ba710bc?s=96&d=mm&r=g","caption":"Danillo Rocha"},"description":"Danillo Rocha \u00e9 CEO e fundador do EmpresAqui, plataforma de intelig\u00eancia de mercado e gera\u00e7\u00e3o de leads B2B com mais de 300 mil usu\u00e1rios. Formado em Ci\u00eancia da Computa\u00e7\u00e3o, com especializa\u00e7\u00e3o em Softwares e Dados e Per\u00edcia Financeira, \u00e9 empreendedor em tecnologia e neg\u00f3cios B2B.","sameAs":["https:\/\/www.empresaqui.com.br\/","https:\/\/www.instagram.com\/danillorocha10","https:\/\/www.instagram.com\/danillorocha"],"url":"https:\/\/www.empresaqui.com.br\/blog\/author\/danillo-rocha\/"}]}},"uagb_featured_image_src":{"full":false,"thumbnail":false,"medium":false,"medium_large":false,"large":false,"1536x1536":false,"2048x2048":false},"uagb_author_info":{"display_name":"Danillo Rocha","author_link":"https:\/\/www.empresaqui.com.br\/blog\/author\/danillo-rocha\/"},"uagb_comment_info":0,"uagb_excerpt":"O Capital Social \u00e9 um conceito fundamental no mundo empresarial, se refere ao montante de recursos financeiros e bens que [&hellip;]","_links":{"self":[{"href":"https:\/\/www.empresaqui.com.br\/blog\/wp-json\/wp\/v2\/posts\/1283","targetHints":{"allow":["GET"]}}],"collection":[{"href":"https:\/\/www.empresaqui.com.br\/blog\/wp-json\/wp\/v2\/posts"}],"about":[{"href":"https:\/\/www.empresaqui.com.br\/blog\/wp-json\/wp\/v2\/types\/post"}],"author":[{"embeddable":true,"href":"https:\/\/www.empresaqui.com.br\/blog\/wp-json\/wp\/v2\/users\/8"}],"replies":[{"embeddable":true,"href":"https:\/\/www.empresaqui.com.br\/blog\/wp-json\/wp\/v2\/comments?post=1283"}],"version-history":[{"count":5,"href":"https:\/\/www.empresaqui.com.br\/blog\/wp-json\/wp\/v2\/posts\/1283\/revisions"}],"predecessor-version":[{"id":4036,"href":"https:\/\/www.empresaqui.com.br\/blog\/wp-json\/wp\/v2\/posts\/1283\/revisions\/4036"}],"wp:attachment":[{"href":"https:\/\/www.empresaqui.com.br\/blog\/wp-json\/wp\/v2\/media?parent=1283"}],"wp:term":[{"taxonomy":"category","embeddable":true,"href":"https:\/\/www.empresaqui.com.br\/blog\/wp-json\/wp\/v2\/categories?post=1283"},{"taxonomy":"post_tag","embeddable":true,"href":"https:\/\/www.empresaqui.com.br\/blog\/wp-json\/wp\/v2\/tags?post=1283"}],"curies":[{"name":"wp","href":"https:\/\/api.w.org\/{rel}","templated":true}]}}