{"id":1264,"date":"2024-02-01T15:41:18","date_gmt":"2024-02-01T18:41:18","guid":{"rendered":"https:\/\/www.empresaqui.com.br\/blog\/?p=1264"},"modified":"2025-05-09T15:06:55","modified_gmt":"2025-05-09T18:06:55","slug":"porte-de-empresas","status":"publish","type":"post","link":"https:\/\/www.empresaqui.com.br\/blog\/porte-de-empresas\/","title":{"rendered":"Porte de Empresas: entenda o conceito, crit\u00e9rios de defini\u00e7\u00e3o e suas classifica\u00e7\u00f5es."},"content":{"rendered":"\n<p>Porte empresarial \u00e9 um termo fundamental no mundo dos neg\u00f3cios, referindo-se ao tamanho e escala das empresas. \u00c9 importante compreender suas diferen\u00e7as, pois isso afeta diretamente a tributa\u00e7\u00e3o, obriga\u00e7\u00f5es legais e at\u00e9 mesmo acesso a determinados benef\u00edcios.&nbsp;<\/p>\n\n\n\n<p>Entender o porte empresarial \u00e9 importante para gestores e empreendedores, pois orienta suas estrat\u00e9gias de crescimento e opera\u00e7\u00e3o.&nbsp;<\/p>\n\n\n\n<div id=\"ez-toc-container\" class=\"ez-toc-v2_0_81 ez-toc-wrap-left counter-hierarchy ez-toc-counter ez-toc-custom ez-toc-container-direction\">\n<div class=\"ez-toc-title-container\">\n<p class=\"ez-toc-title\" style=\"cursor:inherit\">Neste artigo voc\u00ea vai ver:<\/p>\n<span class=\"ez-toc-title-toggle\"><a href=\"#\" class=\"ez-toc-pull-right ez-toc-btn ez-toc-btn-xs ez-toc-btn-default ez-toc-toggle\" aria-label=\"Alternar tabela de conte\u00fado\"><span class=\"ez-toc-js-icon-con\"><span class=\"\"><span class=\"eztoc-hide\" style=\"display:none;\">Toggle<\/span><span class=\"ez-toc-icon-toggle-span\"><svg style=\"fill: #0066bf;color:#0066bf\" xmlns=\"http:\/\/www.w3.org\/2000\/svg\" class=\"list-377408\" width=\"20px\" height=\"20px\" viewBox=\"0 0 24 24\" fill=\"none\"><path d=\"M6 6H4v2h2V6zm14 0H8v2h12V6zM4 11h2v2H4v-2zm16 0H8v2h12v-2zM4 16h2v2H4v-2zm16 0H8v2h12v-2z\" fill=\"currentColor\"><\/path><\/svg><svg style=\"fill: #0066bf;color:#0066bf\" class=\"arrow-unsorted-368013\" xmlns=\"http:\/\/www.w3.org\/2000\/svg\" width=\"10px\" height=\"10px\" viewBox=\"0 0 24 24\" version=\"1.2\" baseProfile=\"tiny\"><path d=\"M18.2 9.3l-6.2-6.3-6.2 6.3c-.2.2-.3.4-.3.7s.1.5.3.7c.2.2.4.3.7.3h11c.3 0 .5-.1.7-.3.2-.2.3-.5.3-.7s-.1-.5-.3-.7zM5.8 14.7l6.2 6.3 6.2-6.3c.2-.2.3-.5.3-.7s-.1-.5-.3-.7c-.2-.2-.4-.3-.7-.3h-11c-.3 0-.5.1-.7.3-.2.2-.3.5-.3.7s.1.5.3.7z\"\/><\/svg><\/span><\/span><\/span><\/a><\/span><\/div>\n<nav><ul class='ez-toc-list ez-toc-list-level-1 ' ><li class='ez-toc-page-1 ez-toc-heading-level-2'><a class=\"ez-toc-link ez-toc-heading-1\" href=\"https:\/\/www.empresaqui.com.br\/blog\/porte-de-empresas\/#O_que_e_Porte_Empresarial\" >O que \u00e9 Porte Empresarial?<\/a><\/li><li class='ez-toc-page-1 ez-toc-heading-level-2'><a class=\"ez-toc-link ez-toc-heading-2\" href=\"https:\/\/www.empresaqui.com.br\/blog\/porte-de-empresas\/#Como_definir_o_Porte_Empresarial\" >Como definir o Porte Empresarial?<\/a><\/li><li class='ez-toc-page-1 ez-toc-heading-level-2'><a class=\"ez-toc-link ez-toc-heading-3\" href=\"https:\/\/www.empresaqui.com.br\/blog\/porte-de-empresas\/#Como_consultar_o_porte_de_uma_empresa_pelo_EmpresAqui\" >Como consultar o porte de uma empresa pelo EmpresAqui?<\/a><\/li><li class='ez-toc-page-1 ez-toc-heading-level-2'><a class=\"ez-toc-link ez-toc-heading-4\" href=\"https:\/\/www.empresaqui.com.br\/blog\/porte-de-empresas\/#Como_mudar_o_Porte_da_Empresa\" >Como mudar o Porte da Empresa?&nbsp;<\/a><\/li><li class='ez-toc-page-1 ez-toc-heading-level-2'><a class=\"ez-toc-link ez-toc-heading-5\" href=\"https:\/\/www.empresaqui.com.br\/blog\/porte-de-empresas\/#Classificacoes_de_Porte_Empresarial\" >Classifica\u00e7\u00f5es de Porte Empresarial<\/a><\/li><li class='ez-toc-page-1 ez-toc-heading-level-2'><a class=\"ez-toc-link ez-toc-heading-6\" href=\"https:\/\/www.empresaqui.com.br\/blog\/porte-de-empresas\/#Gere_listas_de_empresas_personalizadas\" >Gere listas de empresas personalizadas!<\/a><\/li><\/ul><\/nav><\/div>\n<h2 class=\"wp-block-heading\"><span class=\"ez-toc-section\" id=\"O_que_e_Porte_Empresarial\"><\/span><strong>O que \u00e9 Porte Empresarial?<\/strong><span class=\"ez-toc-section-end\"><\/span><\/h2>\n\n\n\n<p>O <strong>porte empresarial \u00e9 uma classifica\u00e7\u00e3o com base no tamanho e escala das opera\u00e7\u00f5es de uma organiza\u00e7\u00e3o<\/strong>, geralmente determinado baseado em crit\u00e9rios como faturamento anual bruto, n\u00famero total de funcion\u00e1rios e outros indicadores.&nbsp;<\/p>\n\n\n\n<p>Essa classifica\u00e7\u00e3o \u00e9 importante para diversos fins, incluindo obriga\u00e7\u00f5es legais, <a href=\"https:\/\/www.empresaqui.com.br\/blog\/regime-tributario\/\"><strong>regime tribut\u00e1rio<\/strong><\/a>, acesso a linhas de cr\u00e9dito e pol\u00edticas governamentais de apoio ao empreendedorismo.<\/p>\n\n\n\n<p>As empresas s\u00e3o categorizadas em diferentes portes, com base em crit\u00e9rios estabelecidos pela Lei Geral das Microempresas e Empresas de Pequeno Porte. As principais categorias de porte empresarial no pa\u00eds s\u00e3o:<\/p>\n\n\n\n<p><strong>Microempresa (<a href=\"https:\/\/www.empresaqui.com.br\/blog\/microempresa\/\">ME<\/a>)<\/strong>: Caracterizada por um faturamento anual bruto reduzido, as microempresas geralmente possuem um n\u00famero limitado de funcion\u00e1rios e gozam de benef\u00edcios fiscais e simplifica\u00e7\u00f5es administrativas.<\/p>\n\n\n\n<p><strong>Empresa de Pequeno Porte (<a href=\"https:\/\/www.empresaqui.com.br\/blog\/epp-empresa-de-pequeno-porte\/\">EPP<\/a>)<\/strong>: S\u00e3o empresas de pequeno porte aquelas que&nbsp; t\u00eam uma <a href=\"https:\/\/www.empresaqui.com.br\/blog\/previsao-de-faturamento\/\"><strong>previs\u00e3o de faturamento<\/strong><\/a> anual superior ao das microempresas, mas ainda s\u00e3o consideradas pequenas em compara\u00e7\u00e3o com outras empresas do mercado. Tamb\u00e9m podem ter acesso a benef\u00edcios tribut\u00e1rios e facilidades administrativas.<\/p>\n\n\n\n<p><strong>Empresas de M\u00e9dio e Grande Porte<\/strong>: S\u00e3o empresas com estruturas e faturamentos maiores, que geralmente possuem uma quantidade significativa de funcion\u00e1rios e operam em uma escala mais ampla. Est\u00e3o sujeitas a obriga\u00e7\u00f5es tribut\u00e1rias mais complexas e regulamenta\u00e7\u00f5es espec\u00edficas.<\/p>\n\n\n\n<figure class=\"wp-block-image size-large\"><img loading=\"lazy\" decoding=\"async\" width=\"1024\" height=\"768\" src=\"https:\/\/www.empresaqui.com.br\/blog\/wp-content\/uploads\/2025\/05\/portes-empresariais-1024x768.jpg\" alt=\"Infogr\u00e1fico comparativo entre os portes empresariais no Brasil: MEI, ME, EPP e Empresas de M\u00e9dio e Grande Porte.\" class=\"wp-image-4347\" srcset=\"https:\/\/www.empresaqui.com.br\/blog\/wp-content\/uploads\/2025\/05\/portes-empresariais-1024x768.jpg 1024w, https:\/\/www.empresaqui.com.br\/blog\/wp-content\/uploads\/2025\/05\/portes-empresariais-300x225.jpg 300w, https:\/\/www.empresaqui.com.br\/blog\/wp-content\/uploads\/2025\/05\/portes-empresariais-768x576.jpg 768w, https:\/\/www.empresaqui.com.br\/blog\/wp-content\/uploads\/2025\/05\/portes-empresariais.jpg 1200w\" sizes=\"auto, (max-width: 1024px) 100vw, 1024px\" \/><figcaption class=\"wp-element-caption\">Compara\u00e7\u00e3o entre os portes empresariais no Brasil: MEI, ME, EPP e Empresas de M\u00e9dio e Grande Porte<\/figcaption><\/figure>\n\n\n\n<h2 class=\"wp-block-heading\"><span class=\"ez-toc-section\" id=\"Como_definir_o_Porte_Empresarial\"><\/span><strong>Como definir o Porte Empresarial?<\/strong><span class=\"ez-toc-section-end\"><\/span><\/h2>\n\n\n\n<p><strong>Definir o porte de uma empresa envolve avaliar diversos aspectos relacionados \u00e0 empresa<\/strong>, como <a href=\"https:\/\/www.empresaqui.com.br\/blog\/faturamento-quadro-de-funcionarios-estimados\/\"><strong>faturamento anual<\/strong><\/a>, n\u00famero de funcion\u00e1rios, valor dos ativos, entre outros crit\u00e9rios. Veja alguns crit\u00e9rios:<\/p>\n\n\n\n<h3 class=\"wp-block-heading\"><strong>1. Faturamento Anual<\/strong><\/h3>\n\n\n\n<p>O faturamento anual bruto \u00e9 um dos principais fatores para definir o porte de uma empresa. Geralmente, as empresas s\u00e3o classificadas em pequenas, m\u00e9dias e grandes com base no seu faturamento bruto anual.<\/p>\n\n\n\n<p>Os limites de faturamento para cada faixa de porte podem mudar de acordo com o pa\u00eds e com os \u00f3rg\u00e3os reguladores.<\/p>\n\n\n\n<h3 class=\"wp-block-heading\"><strong>2. N\u00famero de Funcion\u00e1rios<\/strong><\/h3>\n\n\n\n<p>O corpo de funcion\u00e1rios \u00e9 outro fator importante na defini\u00e7\u00e3o do porte de uma empresa. Empresas com um n\u00famero reduzido de empregados podem ser classificadas como pequenas ou microempresas, enquanto empresas com um grande contingente de funcion\u00e1rios s\u00e3o consideradas grandes empresas.<\/p>\n\n\n\n<p>\u00c9 importante considerar n\u00e3o apenas o n\u00famero total de funcion\u00e1rios, mas tamb\u00e9m o tipo de contrato de trabalho (tempor\u00e1rio, integral, parcial, entre outros).<\/p>\n\n\n\n<h3 class=\"wp-block-heading\"><strong>3. Valor dos Ativos<\/strong><\/h3>\n\n\n\n<p>O valor dos ativos de uma empresa tamb\u00e9m pode ser um crit\u00e9rio para definir seu porte. Empresas com ativos de alto valor tendem a ser classificadas como grandes empresas, enquanto aquelas com ativos mais modestos podem ser consideradas de porte menor.<\/p>\n\n\n\n<h3 class=\"wp-block-heading\"><strong>4. Setor de Atua\u00e7\u00e3o<\/strong><\/h3>\n\n\n\n<p>O setor de atua\u00e7\u00e3o tamb\u00e9m pode influenciar sua classifica\u00e7\u00e3o de porte. Alguns setores podem ter <strong>crit\u00e9rios espec\u00edficos<\/strong> para definir o porte da empresa, dependendo das caracter\u00edsticas e das demandas do mercado.<\/p>\n\n\n\n<h3 class=\"wp-block-heading\"><strong>5. Regulamenta\u00e7\u00f5es Governamentais<\/strong><\/h3>\n\n\n\n<p>Em muitos pa\u00edses, existem regulamenta\u00e7\u00f5es governamentais que definem os crit\u00e9rios para cada faixa de porte empresarial. \u00c9 importante estar ciente dessas regulamenta\u00e7\u00f5es e garantir que a empresa esteja em conformidade com elas.<\/p>\n\n\n\n<h3 class=\"wp-block-heading\"><strong>6. Consulta a \u00d3rg\u00e3os Reguladores e Institui\u00e7\u00f5es Financeiras<\/strong><\/h3>\n\n\n\n<p>Em alguns casos, \u00e9 necess\u00e1rio consultar \u00f3rg\u00e3os reguladores ou institui\u00e7\u00f5es financeiras para obter orienta\u00e7\u00f5es sobre como definir o porte empresarial. Esses \u00f3rg\u00e3os podem fornecer diretrizes claras e crit\u00e9rios espec\u00edficos para a classifica\u00e7\u00e3o de empresas.<\/p>\n\n\n\n<h3 class=\"wp-block-heading\"><strong>7. Revis\u00e3o Peri\u00f3dica<\/strong><\/h3>\n\n\n\n<p>O porte empresarial de uma empresa pode mudar ao longo do tempo, \u00e0 medida que ela cresce, expande suas opera\u00e7\u00f5es ou passa por reestrutura\u00e7\u00f5es. Portanto, \u00e9 importante revisar regularmente a classifica\u00e7\u00e3o de porte da empresa e ajust\u00e1-la conforme necess\u00e1rio.<\/p>\n\n\n\n<h2 class=\"wp-block-heading\"><span class=\"ez-toc-section\" id=\"Como_consultar_o_porte_de_uma_empresa_pelo_EmpresAqui\"><\/span><strong>Como consultar o porte de uma empresa pelo EmpresAqui?<\/strong><span class=\"ez-toc-section-end\"><\/span><\/h2>\n\n\n\n<p>Para consultar o porte de uma empresa usando o <strong><a href=\"https:\/\/www.empresaqui.com.br\/\">EmpresAqui<\/a><\/strong>, o usu\u00e1rio deve selecionar na aba lateral esquerda, a op\u00e7\u00e3o Pesquisa de Empresas, e em seguida o filtro \u201c<strong>Porte Empresarial<\/strong>\u201d. Assim os usu\u00e1rios podem facilmente identificar empresas de pequeno, m\u00e9dio\/grande porte ou at\u00e9 mesmo microempresas.<\/p>\n\n\n\n<figure class=\"wp-block-image aligncenter size-full\"><img loading=\"lazy\" decoding=\"async\" width=\"305\" height=\"170\" src=\"https:\/\/www.empresaqui.com.br\/blog\/wp-content\/uploads\/2024\/10\/filtro-porte-empresarial.png\" alt=\"Campo de sele\u00e7\u00e3o de porte empresarial exibindo as op\u00e7\u00f5es &quot;Microempresa&quot;, &quot;Pequeno Porte&quot; e &quot;M\u00e9dio\/Grande&quot; com a op\u00e7\u00e3o &quot;Microempresa&quot; destacada em azul.\" class=\"wp-image-3074\" srcset=\"https:\/\/www.empresaqui.com.br\/blog\/wp-content\/uploads\/2024\/10\/filtro-porte-empresarial.png 305w, https:\/\/www.empresaqui.com.br\/blog\/wp-content\/uploads\/2024\/10\/filtro-porte-empresarial-300x167.png 300w\" sizes=\"auto, (max-width: 305px) 100vw, 305px\" \/><figcaption class=\"wp-element-caption\">Sele\u00e7\u00e3o do porte empresarial na plataforma EmpresAqui.<\/figcaption><\/figure>\n\n\n\n<p>Al\u00e9m disso, o EmpresAqui permite a gera\u00e7\u00e3o de listas personalizadas de empresas com base em crit\u00e9rios espec\u00edficos, o que pode ser \u00fatil para an\u00e1lises de mercado, pesquisa competitiva e outras finalidades comerciais. Quer saber mais? Assista:<\/p>\n\n\n\n<script type=\"application\/ld+json\">\n{\n  \"@context\": \"https:\/\/schema.org\",\n  \"@type\": \"VideoObject\",\n  \"name\": \"O EmpresAqui em 3 minutos!\",\n  \"description\": \"Conhe\u00e7a os principais recursos e fun\u00e7\u00f5es exclusivas da plataforma EmpresAqui para gera\u00e7\u00e3o de listas de empresas otimizadas e estrat\u00e9gicas, em sua busca por novos neg\u00f3cios B2B!\",\n  \"thumbnailUrl\": \"https:\/\/youtu.be\/LbFfT-Dj52U?feature=shared\",\n  \"uploadDate\": \"2022-10-05\",\n  \"contentUrl\": \"https:\/\/www.youtube.com\/watch?v=IOlI9ZzL3C0\",\n  \"embedUrl\": \"https:\/\/www.youtube.com\/embed\/LbFfT-Dj52U\"\n}\n<\/script>\n\n\n<figure class=\"wp-block-embed-youtube wp-block-embed is-type-video is-provider-youtube wp-embed-aspect-16-9 wp-has-aspect-ratio\"><div class=\"lyte-wrapper fourthree\" style=\"width:420px;max-width:100%;margin:5px;\"><div class=\"lyMe\" id=\"WYL_IOlI9ZzL3C0\"><div id=\"lyte_IOlI9ZzL3C0\" data-src=\"\/\/i.ytimg.com\/vi\/IOlI9ZzL3C0\/hqdefault.jpg\" class=\"pL\"><div class=\"tC\"><div class=\"tT\"><\/div><\/div><div class=\"play\"><\/div><div class=\"ctrl\"><div class=\"Lctrl\"><\/div><div class=\"Rctrl\"><\/div><\/div><\/div><noscript><a href=\"https:\/\/youtu.be\/IOlI9ZzL3C0\" rel=\"nofollow\"><img loading=\"lazy\" decoding=\"async\" src=\"https:\/\/i.ytimg.com\/vi\/IOlI9ZzL3C0\/0.jpg\" alt=\"\" width=\"420\" height=\"295\" \/><br \/>Assista a este v\u00eddeo no YouTube<\/a><\/noscript><\/div><\/div><div class=\"lL\" style=\"max-width:100%;width:420px;margin:5px;\"><\/div><figcaption><\/figcaption><\/figure>\n\n\n<h2 class=\"wp-block-heading\"><span class=\"ez-toc-section\" id=\"Como_mudar_o_Porte_da_Empresa\"><\/span><strong>Como mudar o Porte da Empresa?<\/strong>&nbsp;<span class=\"ez-toc-section-end\"><\/span><\/h2>\n\n\n\n<p>Primeiro, <strong>a empresa precisa avaliar se atende aos crit\u00e9rios para uma categoria diferente de porte<\/strong>. Isso pode exigir ajustes em sua estrutura, opera\u00e7\u00f5es ou estrat\u00e9gia de neg\u00f3cios.&nbsp;<\/p>\n\n\n\n<p>Por exemplo, uma empresa que cresce al\u00e9m dos limites estabelecidos para seu porte atual pode considerar expandir suas opera\u00e7\u00f5es, aumentar sua receita ou contratar mais funcion\u00e1rios para se qualificar como uma empresa de porte maior.<\/p>\n\n\n\n<p>Uma vez que a empresa atenda aos crit\u00e9rios para um porte diferente, \u00e9 necess\u00e1rio <strong>atualizar sua documenta\u00e7\u00e3o legal e registrar as mudan\u00e7as nos \u00f3rg\u00e3os competentes<\/strong>, como a Receita Federal, na Anvisa ou \u00f3rg\u00e3os reguladores locais.<\/p>\n\n\n\n<h2 class=\"wp-block-heading\"><span class=\"ez-toc-section\" id=\"Classificacoes_de_Porte_Empresarial\"><\/span><strong>Classifica\u00e7\u00f5es de Porte Empresarial<\/strong><span class=\"ez-toc-section-end\"><\/span><\/h2>\n\n\n\n<p>As classifica\u00e7\u00f5es de porte empresarial fornecidas por \u00f3rg\u00e3os como ANVISA, IBGE e BNDES desempenham pap\u00e9is distintos, mas igualmente importantes, na avalia\u00e7\u00e3o e no suporte \u00e0s empresas em diferentes setores da economia.<\/p>\n\n\n\n<p>Cada uma dessas institui\u00e7\u00f5es tem crit\u00e9rios espec\u00edficos para classificar empresas, aqui vai uma vis\u00e3o geral de como esses \u00f3rg\u00e3os classificam o porte empresarial:<\/p>\n\n\n\n<h3 class=\"wp-block-heading\"><strong>1. ANVISA (Ag\u00eancia Nacional de Vigil\u00e2ncia Sanit\u00e1ria)<\/strong><\/h3>\n\n\n\n<p>A <strong><a href=\"https:\/\/www.gov.br\/anvisa\/pt-br\">ANVISA<\/a><\/strong> desempenha um papel importante na<strong> regula\u00e7\u00e3o e supervis\u00e3o de produtos e servi\u00e7os relacionados \u00e0 sa\u00fade e \u00e0 seguran\u00e7a alimentar no Brasil<\/strong>.<\/p>\n\n\n\n<p>Em sua classifica\u00e7\u00e3o de porte empresarial, a ANVISA pode considerar o tamanho da empresa em rela\u00e7\u00e3o \u00e0 produ\u00e7\u00e3o, distribui\u00e7\u00e3o e comercializa\u00e7\u00e3o de produtos sujeitos \u00e0 sua regulamenta\u00e7\u00e3o.<\/p>\n\n\n\n<p>Empresas que lidam com produtos farmac\u00eauticos, cosm\u00e9ticos, alimentos, produtos qu\u00edmicos e outros itens regulados pela ANVISA podem precisar passar por processos espec\u00edficos de registro e licenciamento, que podem variar de acordo com o porte da empresa e a natureza dos produtos.<\/p>\n\n\n\n<h3 class=\"wp-block-heading\"><strong>2. IBGE (Instituto Brasileiro de Geografia e Estat\u00edstica)<\/strong><\/h3>\n\n\n\n<p>O <strong><a href=\"https:\/\/www.ibge.gov.br\/\">IBGE<\/a><\/strong> \u00e9 <strong>respons\u00e1vel por fornecer dados estat\u00edsticos e informa\u00e7\u00f5es sobre a economia, a sociedade e o territ\u00f3rio brasileiros<\/strong>. Em rela\u00e7\u00e3o ao porte empresarial, o IBGE coleta e analisa informa\u00e7\u00f5es sobre empresas de diferentes tamanhos e setores, ajudando a compreender a estrutura e a din\u00e2mica do mercado.<\/p>\n\n\n\n<p>O IBGE classifica as empresas com base em fatores como faturamento anual total, n\u00famero de funcion\u00e1rios, <a href=\"https:\/\/www.empresaqui.com.br\/blog\/importancia-cnae-empresas\/\"><strong>CNAE<\/strong><\/a> e setor de atividade econ\u00f4mica. Essas informa\u00e7\u00f5es s\u00e3o muito importantes para an\u00e1lises econ\u00f4micas, estudos de mercado e formula\u00e7\u00e3o de pol\u00edticas p\u00fablicas.<\/p>\n\n\n\n<h3 class=\"wp-block-heading\"><strong>3. BNDES (Banco Nacional de Desenvolvimento Econ\u00f4mico e Social)<\/strong><\/h3>\n\n\n\n<p>O <strong><a href=\"https:\/\/www.bndes.gov.br\/wps\/portal\/site\/home\">BNDES<\/a><\/strong> desempenha um papel fundamental no <strong>apoio ao desenvolvimento econ\u00f4mico e social do Brasil<\/strong>, fornecendo financiamento e suporte financeiro a empresas de todos os portes e setores.&nbsp;<\/p>\n\n\n\n<p>Em sua classifica\u00e7\u00e3o de porte empresarial, o BNDES considera uma variedade de fatores, incluindo faturamento, capacidade de pagamento, ativos e projetos em andamento.<\/p>\n\n\n\n<p>O BNDES oferece diferentes linhas de cr\u00e9dito e programas de financiamento adaptados \u00e0s necessidades espec\u00edficas de empresas de pequeno, m\u00e9dio e grande porte. Esses recursos s\u00e3o destinados a promover investimentos, inova\u00e7\u00e3o e expans\u00e3o de neg\u00f3cios em diversos setores da economia.<\/p>\n\n\n\n<div class=\"banner\">\n            <h2><span class=\"ez-toc-section\" id=\"Gere_listas_de_empresas_personalizadas\"><\/span>Gere listas de empresas personalizadas!<span class=\"ez-toc-section-end\"><\/span><\/h2>\n            <p>Cadastre-se gr\u00e1tis agora mesmo<\/p>\n            <div class=\"bottom-banner\">\n                <img decoding=\"async\" src=\"https:\/\/www.empresaqui.com.br\/blog\/wp-content\/uploads\/2021\/11\/AdminLTELogo.png\" alt=\"Seu Logotipo\" class=\"logo\">\n                <a href=\"https:\/\/www.empresaqui.com.br\/plano-gratuito?utm_source=blog&amp;utm_medium=banner&amp;utm_campaign=CTA-GRATUITO-HTML\" class=\"cta-button-banner\">Teste aqui agora<\/a>\n            <\/div>\n        <\/div>\n        <style>\n            .bottom-banner{\n                display: flex;\n                justify-content: center;\n                align-items: center;\n            }\n            .bottom-banner img{\n                width: 3rem !important;\n                height: 3rem !important;\n                margin-right: 1rem;\n            }\n            .banner h2{\n                font-family: Arial, sans-serif;\n                color: #fff !important;\n            }\n            .banner p{\n                font-family: Arial, sans-serif;\n            }\n            .banner {\n                background:#001E40;\n                color: #FFFFFF;\n                text-align: center;\n                padding: 20px;\n            }\n            .cta-button-banner {\n                display: inline-block;\n                background-color: #0CFFFB;\n                color: #000;\n                border: none;\n                padding: 1px 15px;\n                font-size: 14px;\n                font-family: sans-serif;\n                font-weight: 700;\n                border-radius: 21px;\n                cursor: pointer;\n                transition: background-color 0.3s ease;\n                text-decoration: none;\n            }\n            @media (max-width: 767px) {\n                .banner h2{\n                    font-size:20px;\n                }\n                .cta-button-banner {\n                    padding: 1px 15px;\n                    font-size: 12px;\n                }\n            }\n        <\/style>\n\n\n\n<p><\/p>\n","protected":false},"excerpt":{"rendered":"<p>Porte empresarial \u00e9 um termo fundamental no mundo dos neg\u00f3cios, referindo-se ao tamanho e escala das empresas. \u00c9 importante compreender [&hellip;]<\/p>\n","protected":false},"author":8,"featured_media":0,"comment_status":"closed","ping_status":"closed","sticky":false,"template":"","format":"standard","meta":{"_acf_changed":false,"_uag_custom_page_level_css":"","site-sidebar-layout":"default","site-content-layout":"","ast-site-content-layout":"default","site-content-style":"default","site-sidebar-style":"default","ast-global-header-display":"","ast-banner-title-visibility":"","ast-main-header-display":"","ast-hfb-above-header-display":"","ast-hfb-below-header-display":"","ast-hfb-mobile-header-display":"","site-post-title":"","ast-breadcrumbs-content":"","ast-featured-img":"","footer-sml-layout":"","theme-transparent-header-meta":"","adv-header-id-meta":"","stick-header-meta":"","header-above-stick-meta":"","header-main-stick-meta":"","header-below-stick-meta":"","astra-migrate-meta-layouts":"default","ast-page-background-enabled":"default","ast-page-background-meta":{"desktop":{"background-color":"var(--ast-global-color-4)","background-image":"","background-repeat":"repeat","background-position":"center center","background-size":"auto","background-attachment":"scroll","background-type":"","background-media":"","overlay-type":"","overlay-color":"","overlay-opacity":"","overlay-gradient":""},"tablet":{"background-color":"","background-image":"","background-repeat":"repeat","background-position":"center center","background-size":"auto","background-attachment":"scroll","background-type":"","background-media":"","overlay-type":"","overlay-color":"","overlay-opacity":"","overlay-gradient":""},"mobile":{"background-color":"","background-image":"","background-repeat":"repeat","background-position":"center center","background-size":"auto","background-attachment":"scroll","background-type":"","background-media":"","overlay-type":"","overlay-color":"","overlay-opacity":"","overlay-gradient":""}},"ast-content-background-meta":{"desktop":{"background-color":"var(--ast-global-color-5)","background-image":"","background-repeat":"repeat","background-position":"center center","background-size":"auto","background-attachment":"scroll","background-type":"","background-media":"","overlay-type":"","overlay-color":"","overlay-opacity":"","overlay-gradient":""},"tablet":{"background-color":"var(--ast-global-color-5)","background-image":"","background-repeat":"repeat","background-position":"center center","background-size":"auto","background-attachment":"scroll","background-type":"","background-media":"","overlay-type":"","overlay-color":"","overlay-opacity":"","overlay-gradient":""},"mobile":{"background-color":"var(--ast-global-color-5)","background-image":"","background-repeat":"repeat","background-position":"center center","background-size":"auto","background-attachment":"scroll","background-type":"","background-media":"","overlay-type":"","overlay-color":"","overlay-opacity":"","overlay-gradient":""}},"footnotes":""},"categories":[4,34],"tags":[],"class_list":["post-1264","post","type-post","status-publish","format-standard","hentry","category-dicas-de-uso","category-contabilidade-legislacao"],"acf":[],"yoast_head":"<!-- This site is optimized with the Yoast SEO plugin v27.4 - https:\/\/yoast.com\/product\/yoast-seo-wordpress\/ -->\n<title>Porte de Empresas: o que \u00e9, como definir e classifica\u00e7\u00f5es?<\/title>\n<meta name=\"description\" content=\"Descubra o que \u00e9 Porte de Empresas, como \u00e9 definido e conhe\u00e7a suas diferentes classifica\u00e7\u00f5es de acordo com crit\u00e9rios de cada \u00f3rg\u00e3o regulador.\" \/>\n<meta name=\"robots\" content=\"index, follow, max-snippet:-1, max-image-preview:large, max-video-preview:-1\" \/>\n<link rel=\"canonical\" href=\"https:\/\/www.empresaqui.com.br\/blog\/porte-de-empresas\/\" \/>\n<meta property=\"og:locale\" content=\"pt_BR\" \/>\n<meta property=\"og:type\" content=\"article\" \/>\n<meta property=\"og:title\" content=\"Porte de Empresas: o que \u00e9, como definir e classifica\u00e7\u00f5es?\" \/>\n<meta property=\"og:description\" content=\"Descubra o que \u00e9 Porte de Empresas, como \u00e9 definido e conhe\u00e7a suas diferentes classifica\u00e7\u00f5es de acordo com crit\u00e9rios de cada \u00f3rg\u00e3o regulador.\" \/>\n<meta property=\"og:url\" content=\"https:\/\/www.empresaqui.com.br\/blog\/porte-de-empresas\/\" \/>\n<meta property=\"og:site_name\" content=\"Blog EmpresAqui\" \/>\n<meta property=\"article:publisher\" content=\"https:\/\/www.facebook.com\/empresaquibr\" \/>\n<meta property=\"article:published_time\" content=\"2024-02-01T18:41:18+00:00\" \/>\n<meta property=\"article:modified_time\" content=\"2025-05-09T18:06:55+00:00\" \/>\n<meta property=\"og:image\" content=\"https:\/\/www.empresaqui.com.br\/blog\/wp-content\/uploads\/2025\/05\/portes-empresariais.jpg\" \/>\n\t<meta property=\"og:image:width\" content=\"1200\" \/>\n\t<meta property=\"og:image:height\" content=\"900\" \/>\n\t<meta property=\"og:image:type\" content=\"image\/jpeg\" \/>\n<meta name=\"author\" content=\"Danillo Rocha\" \/>\n<meta name=\"twitter:card\" content=\"summary_large_image\" \/>\n<meta name=\"twitter:label1\" content=\"Escrito por\" \/>\n\t<meta name=\"twitter:data1\" content=\"Danillo Rocha\" \/>\n\t<meta name=\"twitter:label2\" content=\"Est. tempo de leitura\" \/>\n\t<meta name=\"twitter:data2\" content=\"8 minutos\" \/>\n<script type=\"application\/ld+json\" class=\"yoast-schema-graph\">{\"@context\":\"https:\\\/\\\/schema.org\",\"@graph\":[{\"@type\":\"Article\",\"@id\":\"https:\\\/\\\/www.empresaqui.com.br\\\/blog\\\/porte-de-empresas\\\/#article\",\"isPartOf\":{\"@id\":\"https:\\\/\\\/www.empresaqui.com.br\\\/blog\\\/porte-de-empresas\\\/\"},\"author\":{\"name\":\"Danillo Rocha\",\"@id\":\"https:\\\/\\\/www.empresaqui.com.br\\\/blog\\\/#\\\/schema\\\/person\\\/be165d2b8065bfa20b88787a07cf9e96\"},\"headline\":\"Porte de Empresas: entenda o conceito, crit\u00e9rios de defini\u00e7\u00e3o e suas classifica\u00e7\u00f5es.\",\"datePublished\":\"2024-02-01T18:41:18+00:00\",\"dateModified\":\"2025-05-09T18:06:55+00:00\",\"mainEntityOfPage\":{\"@id\":\"https:\\\/\\\/www.empresaqui.com.br\\\/blog\\\/porte-de-empresas\\\/\"},\"wordCount\":1368,\"publisher\":{\"@id\":\"https:\\\/\\\/www.empresaqui.com.br\\\/blog\\\/#organization\"},\"image\":{\"@id\":\"https:\\\/\\\/www.empresaqui.com.br\\\/blog\\\/porte-de-empresas\\\/#primaryimage\"},\"thumbnailUrl\":\"https:\\\/\\\/www.empresaqui.com.br\\\/blog\\\/wp-content\\\/uploads\\\/2025\\\/05\\\/portes-empresariais-1024x768.jpg\",\"articleSection\":[\"Dicas de Uso\",\"Legisla\u00e7\u00e3o\"],\"inLanguage\":\"pt-BR\"},{\"@type\":\"WebPage\",\"@id\":\"https:\\\/\\\/www.empresaqui.com.br\\\/blog\\\/porte-de-empresas\\\/\",\"url\":\"https:\\\/\\\/www.empresaqui.com.br\\\/blog\\\/porte-de-empresas\\\/\",\"name\":\"Porte de Empresas: o que \u00e9, como definir e classifica\u00e7\u00f5es?\",\"isPartOf\":{\"@id\":\"https:\\\/\\\/www.empresaqui.com.br\\\/blog\\\/#website\"},\"primaryImageOfPage\":{\"@id\":\"https:\\\/\\\/www.empresaqui.com.br\\\/blog\\\/porte-de-empresas\\\/#primaryimage\"},\"image\":{\"@id\":\"https:\\\/\\\/www.empresaqui.com.br\\\/blog\\\/porte-de-empresas\\\/#primaryimage\"},\"thumbnailUrl\":\"https:\\\/\\\/www.empresaqui.com.br\\\/blog\\\/wp-content\\\/uploads\\\/2025\\\/05\\\/portes-empresariais-1024x768.jpg\",\"datePublished\":\"2024-02-01T18:41:18+00:00\",\"dateModified\":\"2025-05-09T18:06:55+00:00\",\"description\":\"Descubra o que \u00e9 Porte de Empresas, como \u00e9 definido e conhe\u00e7a suas diferentes classifica\u00e7\u00f5es de acordo com crit\u00e9rios de cada \u00f3rg\u00e3o regulador.\",\"breadcrumb\":{\"@id\":\"https:\\\/\\\/www.empresaqui.com.br\\\/blog\\\/porte-de-empresas\\\/#breadcrumb\"},\"inLanguage\":\"pt-BR\",\"potentialAction\":[{\"@type\":\"ReadAction\",\"target\":[\"https:\\\/\\\/www.empresaqui.com.br\\\/blog\\\/porte-de-empresas\\\/\"]}]},{\"@type\":\"ImageObject\",\"inLanguage\":\"pt-BR\",\"@id\":\"https:\\\/\\\/www.empresaqui.com.br\\\/blog\\\/porte-de-empresas\\\/#primaryimage\",\"url\":\"https:\\\/\\\/www.empresaqui.com.br\\\/blog\\\/wp-content\\\/uploads\\\/2025\\\/05\\\/portes-empresariais.jpg\",\"contentUrl\":\"https:\\\/\\\/www.empresaqui.com.br\\\/blog\\\/wp-content\\\/uploads\\\/2025\\\/05\\\/portes-empresariais.jpg\",\"width\":1200,\"height\":900,\"caption\":\"Compara\u00e7\u00e3o entre os portes empresariais no Brasil: MEI, ME, EPP e Empresas de M\u00e9dio e Grande Porte\"},{\"@type\":\"BreadcrumbList\",\"@id\":\"https:\\\/\\\/www.empresaqui.com.br\\\/blog\\\/porte-de-empresas\\\/#breadcrumb\",\"itemListElement\":[{\"@type\":\"ListItem\",\"position\":1,\"name\":\"In\u00edcio\",\"item\":\"https:\\\/\\\/www.empresaqui.com.br\\\/blog\\\/\"},{\"@type\":\"ListItem\",\"position\":2,\"name\":\"Dicas de Uso\",\"item\":\"https:\\\/\\\/www.empresaqui.com.br\\\/blog\\\/category\\\/dicas-de-uso\\\/\"},{\"@type\":\"ListItem\",\"position\":3,\"name\":\"Porte de Empresas: entenda o conceito, crit\u00e9rios de defini\u00e7\u00e3o e suas classifica\u00e7\u00f5es.\"}]},{\"@type\":\"WebSite\",\"@id\":\"https:\\\/\\\/www.empresaqui.com.br\\\/blog\\\/#website\",\"url\":\"https:\\\/\\\/www.empresaqui.com.br\\\/blog\\\/\",\"name\":\"Blog EmpresAqui\",\"description\":\"\",\"publisher\":{\"@id\":\"https:\\\/\\\/www.empresaqui.com.br\\\/blog\\\/#organization\"},\"potentialAction\":[{\"@type\":\"SearchAction\",\"target\":{\"@type\":\"EntryPoint\",\"urlTemplate\":\"https:\\\/\\\/www.empresaqui.com.br\\\/blog\\\/?s={search_term_string}\"},\"query-input\":{\"@type\":\"PropertyValueSpecification\",\"valueRequired\":true,\"valueName\":\"search_term_string\"}}],\"inLanguage\":\"pt-BR\"},{\"@type\":\"Organization\",\"@id\":\"https:\\\/\\\/www.empresaqui.com.br\\\/blog\\\/#organization\",\"name\":\"EmpresAqui\",\"url\":\"https:\\\/\\\/www.empresaqui.com.br\\\/blog\\\/\",\"logo\":{\"@type\":\"ImageObject\",\"inLanguage\":\"pt-BR\",\"@id\":\"https:\\\/\\\/www.empresaqui.com.br\\\/blog\\\/#\\\/schema\\\/logo\\\/image\\\/\",\"url\":\"https:\\\/\\\/www.empresaqui.com.br\\\/blog\\\/wp-content\\\/uploads\\\/2023\\\/02\\\/cropped-cropped-AdminLTELogo-2-1-1.png\",\"contentUrl\":\"https:\\\/\\\/www.empresaqui.com.br\\\/blog\\\/wp-content\\\/uploads\\\/2023\\\/02\\\/cropped-cropped-AdminLTELogo-2-1-1.png\",\"width\":100,\"height\":100,\"caption\":\"EmpresAqui\"},\"image\":{\"@id\":\"https:\\\/\\\/www.empresaqui.com.br\\\/blog\\\/#\\\/schema\\\/logo\\\/image\\\/\"},\"sameAs\":[\"https:\\\/\\\/www.facebook.com\\\/empresaquibr\",\"https:\\\/\\\/www.instagram.com\\\/empresaqui\"]},{\"@type\":\"Person\",\"@id\":\"https:\\\/\\\/www.empresaqui.com.br\\\/blog\\\/#\\\/schema\\\/person\\\/be165d2b8065bfa20b88787a07cf9e96\",\"name\":\"Danillo Rocha\",\"image\":{\"@type\":\"ImageObject\",\"inLanguage\":\"pt-BR\",\"@id\":\"https:\\\/\\\/secure.gravatar.com\\\/avatar\\\/a440539fd479fe3447e5aeaa627ba644f1a101516334fa5a2b263c192ba710bc?s=96&d=mm&r=g\",\"url\":\"https:\\\/\\\/secure.gravatar.com\\\/avatar\\\/a440539fd479fe3447e5aeaa627ba644f1a101516334fa5a2b263c192ba710bc?s=96&d=mm&r=g\",\"contentUrl\":\"https:\\\/\\\/secure.gravatar.com\\\/avatar\\\/a440539fd479fe3447e5aeaa627ba644f1a101516334fa5a2b263c192ba710bc?s=96&d=mm&r=g\",\"caption\":\"Danillo Rocha\"},\"description\":\"Danillo Rocha \u00e9 CEO e fundador do EmpresAqui, plataforma de intelig\u00eancia de mercado e gera\u00e7\u00e3o de leads B2B com mais de 300 mil usu\u00e1rios. Formado em Ci\u00eancia da Computa\u00e7\u00e3o, com especializa\u00e7\u00e3o em Softwares e Dados e Per\u00edcia Financeira, \u00e9 empreendedor em tecnologia e neg\u00f3cios B2B.\",\"sameAs\":[\"https:\\\/\\\/www.empresaqui.com.br\\\/\",\"https:\\\/\\\/www.instagram.com\\\/danillorocha10\",\"https:\\\/\\\/www.instagram.com\\\/danillorocha\"],\"url\":\"https:\\\/\\\/www.empresaqui.com.br\\\/blog\\\/author\\\/danillo-rocha\\\/\"}]}<\/script>\n<!-- \/ Yoast SEO plugin. -->","yoast_head_json":{"title":"Porte de Empresas: o que \u00e9, como definir e classifica\u00e7\u00f5es?","description":"Descubra o que \u00e9 Porte de Empresas, como \u00e9 definido e conhe\u00e7a suas diferentes classifica\u00e7\u00f5es de acordo com crit\u00e9rios de cada \u00f3rg\u00e3o regulador.","robots":{"index":"index","follow":"follow","max-snippet":"max-snippet:-1","max-image-preview":"max-image-preview:large","max-video-preview":"max-video-preview:-1"},"canonical":"https:\/\/www.empresaqui.com.br\/blog\/porte-de-empresas\/","og_locale":"pt_BR","og_type":"article","og_title":"Porte de Empresas: o que \u00e9, como definir e classifica\u00e7\u00f5es?","og_description":"Descubra o que \u00e9 Porte de Empresas, como \u00e9 definido e conhe\u00e7a suas diferentes classifica\u00e7\u00f5es de acordo com crit\u00e9rios de cada \u00f3rg\u00e3o regulador.","og_url":"https:\/\/www.empresaqui.com.br\/blog\/porte-de-empresas\/","og_site_name":"Blog EmpresAqui","article_publisher":"https:\/\/www.facebook.com\/empresaquibr","article_published_time":"2024-02-01T18:41:18+00:00","article_modified_time":"2025-05-09T18:06:55+00:00","og_image":[{"width":1200,"height":900,"url":"https:\/\/www.empresaqui.com.br\/blog\/wp-content\/uploads\/2025\/05\/portes-empresariais.jpg","type":"image\/jpeg"}],"author":"Danillo Rocha","twitter_card":"summary_large_image","twitter_misc":{"Escrito por":"Danillo Rocha","Est. tempo de leitura":"8 minutos"},"schema":{"@context":"https:\/\/schema.org","@graph":[{"@type":"Article","@id":"https:\/\/www.empresaqui.com.br\/blog\/porte-de-empresas\/#article","isPartOf":{"@id":"https:\/\/www.empresaqui.com.br\/blog\/porte-de-empresas\/"},"author":{"name":"Danillo Rocha","@id":"https:\/\/www.empresaqui.com.br\/blog\/#\/schema\/person\/be165d2b8065bfa20b88787a07cf9e96"},"headline":"Porte de Empresas: entenda o conceito, crit\u00e9rios de defini\u00e7\u00e3o e suas classifica\u00e7\u00f5es.","datePublished":"2024-02-01T18:41:18+00:00","dateModified":"2025-05-09T18:06:55+00:00","mainEntityOfPage":{"@id":"https:\/\/www.empresaqui.com.br\/blog\/porte-de-empresas\/"},"wordCount":1368,"publisher":{"@id":"https:\/\/www.empresaqui.com.br\/blog\/#organization"},"image":{"@id":"https:\/\/www.empresaqui.com.br\/blog\/porte-de-empresas\/#primaryimage"},"thumbnailUrl":"https:\/\/www.empresaqui.com.br\/blog\/wp-content\/uploads\/2025\/05\/portes-empresariais-1024x768.jpg","articleSection":["Dicas de Uso","Legisla\u00e7\u00e3o"],"inLanguage":"pt-BR"},{"@type":"WebPage","@id":"https:\/\/www.empresaqui.com.br\/blog\/porte-de-empresas\/","url":"https:\/\/www.empresaqui.com.br\/blog\/porte-de-empresas\/","name":"Porte de Empresas: o que \u00e9, como definir e classifica\u00e7\u00f5es?","isPartOf":{"@id":"https:\/\/www.empresaqui.com.br\/blog\/#website"},"primaryImageOfPage":{"@id":"https:\/\/www.empresaqui.com.br\/blog\/porte-de-empresas\/#primaryimage"},"image":{"@id":"https:\/\/www.empresaqui.com.br\/blog\/porte-de-empresas\/#primaryimage"},"thumbnailUrl":"https:\/\/www.empresaqui.com.br\/blog\/wp-content\/uploads\/2025\/05\/portes-empresariais-1024x768.jpg","datePublished":"2024-02-01T18:41:18+00:00","dateModified":"2025-05-09T18:06:55+00:00","description":"Descubra o que \u00e9 Porte de Empresas, como \u00e9 definido e conhe\u00e7a suas diferentes classifica\u00e7\u00f5es de acordo com crit\u00e9rios de cada \u00f3rg\u00e3o regulador.","breadcrumb":{"@id":"https:\/\/www.empresaqui.com.br\/blog\/porte-de-empresas\/#breadcrumb"},"inLanguage":"pt-BR","potentialAction":[{"@type":"ReadAction","target":["https:\/\/www.empresaqui.com.br\/blog\/porte-de-empresas\/"]}]},{"@type":"ImageObject","inLanguage":"pt-BR","@id":"https:\/\/www.empresaqui.com.br\/blog\/porte-de-empresas\/#primaryimage","url":"https:\/\/www.empresaqui.com.br\/blog\/wp-content\/uploads\/2025\/05\/portes-empresariais.jpg","contentUrl":"https:\/\/www.empresaqui.com.br\/blog\/wp-content\/uploads\/2025\/05\/portes-empresariais.jpg","width":1200,"height":900,"caption":"Compara\u00e7\u00e3o entre os portes empresariais no Brasil: MEI, ME, EPP e Empresas de M\u00e9dio e Grande Porte"},{"@type":"BreadcrumbList","@id":"https:\/\/www.empresaqui.com.br\/blog\/porte-de-empresas\/#breadcrumb","itemListElement":[{"@type":"ListItem","position":1,"name":"In\u00edcio","item":"https:\/\/www.empresaqui.com.br\/blog\/"},{"@type":"ListItem","position":2,"name":"Dicas de Uso","item":"https:\/\/www.empresaqui.com.br\/blog\/category\/dicas-de-uso\/"},{"@type":"ListItem","position":3,"name":"Porte de Empresas: entenda o conceito, crit\u00e9rios de defini\u00e7\u00e3o e suas classifica\u00e7\u00f5es."}]},{"@type":"WebSite","@id":"https:\/\/www.empresaqui.com.br\/blog\/#website","url":"https:\/\/www.empresaqui.com.br\/blog\/","name":"Blog EmpresAqui","description":"","publisher":{"@id":"https:\/\/www.empresaqui.com.br\/blog\/#organization"},"potentialAction":[{"@type":"SearchAction","target":{"@type":"EntryPoint","urlTemplate":"https:\/\/www.empresaqui.com.br\/blog\/?s={search_term_string}"},"query-input":{"@type":"PropertyValueSpecification","valueRequired":true,"valueName":"search_term_string"}}],"inLanguage":"pt-BR"},{"@type":"Organization","@id":"https:\/\/www.empresaqui.com.br\/blog\/#organization","name":"EmpresAqui","url":"https:\/\/www.empresaqui.com.br\/blog\/","logo":{"@type":"ImageObject","inLanguage":"pt-BR","@id":"https:\/\/www.empresaqui.com.br\/blog\/#\/schema\/logo\/image\/","url":"https:\/\/www.empresaqui.com.br\/blog\/wp-content\/uploads\/2023\/02\/cropped-cropped-AdminLTELogo-2-1-1.png","contentUrl":"https:\/\/www.empresaqui.com.br\/blog\/wp-content\/uploads\/2023\/02\/cropped-cropped-AdminLTELogo-2-1-1.png","width":100,"height":100,"caption":"EmpresAqui"},"image":{"@id":"https:\/\/www.empresaqui.com.br\/blog\/#\/schema\/logo\/image\/"},"sameAs":["https:\/\/www.facebook.com\/empresaquibr","https:\/\/www.instagram.com\/empresaqui"]},{"@type":"Person","@id":"https:\/\/www.empresaqui.com.br\/blog\/#\/schema\/person\/be165d2b8065bfa20b88787a07cf9e96","name":"Danillo Rocha","image":{"@type":"ImageObject","inLanguage":"pt-BR","@id":"https:\/\/secure.gravatar.com\/avatar\/a440539fd479fe3447e5aeaa627ba644f1a101516334fa5a2b263c192ba710bc?s=96&d=mm&r=g","url":"https:\/\/secure.gravatar.com\/avatar\/a440539fd479fe3447e5aeaa627ba644f1a101516334fa5a2b263c192ba710bc?s=96&d=mm&r=g","contentUrl":"https:\/\/secure.gravatar.com\/avatar\/a440539fd479fe3447e5aeaa627ba644f1a101516334fa5a2b263c192ba710bc?s=96&d=mm&r=g","caption":"Danillo Rocha"},"description":"Danillo Rocha \u00e9 CEO e fundador do EmpresAqui, plataforma de intelig\u00eancia de mercado e gera\u00e7\u00e3o de leads B2B com mais de 300 mil usu\u00e1rios. Formado em Ci\u00eancia da Computa\u00e7\u00e3o, com especializa\u00e7\u00e3o em Softwares e Dados e Per\u00edcia Financeira, \u00e9 empreendedor em tecnologia e neg\u00f3cios B2B.","sameAs":["https:\/\/www.empresaqui.com.br\/","https:\/\/www.instagram.com\/danillorocha10","https:\/\/www.instagram.com\/danillorocha"],"url":"https:\/\/www.empresaqui.com.br\/blog\/author\/danillo-rocha\/"}]}},"uagb_featured_image_src":{"full":false,"thumbnail":false,"medium":false,"medium_large":false,"large":false,"1536x1536":false,"2048x2048":false},"uagb_author_info":{"display_name":"Danillo Rocha","author_link":"https:\/\/www.empresaqui.com.br\/blog\/author\/danillo-rocha\/"},"uagb_comment_info":0,"uagb_excerpt":"Porte empresarial \u00e9 um termo fundamental no mundo dos neg\u00f3cios, referindo-se ao tamanho e escala das empresas. \u00c9 importante compreender [&hellip;]","_links":{"self":[{"href":"https:\/\/www.empresaqui.com.br\/blog\/wp-json\/wp\/v2\/posts\/1264","targetHints":{"allow":["GET"]}}],"collection":[{"href":"https:\/\/www.empresaqui.com.br\/blog\/wp-json\/wp\/v2\/posts"}],"about":[{"href":"https:\/\/www.empresaqui.com.br\/blog\/wp-json\/wp\/v2\/types\/post"}],"author":[{"embeddable":true,"href":"https:\/\/www.empresaqui.com.br\/blog\/wp-json\/wp\/v2\/users\/8"}],"replies":[{"embeddable":true,"href":"https:\/\/www.empresaqui.com.br\/blog\/wp-json\/wp\/v2\/comments?post=1264"}],"version-history":[{"count":6,"href":"https:\/\/www.empresaqui.com.br\/blog\/wp-json\/wp\/v2\/posts\/1264\/revisions"}],"predecessor-version":[{"id":4350,"href":"https:\/\/www.empresaqui.com.br\/blog\/wp-json\/wp\/v2\/posts\/1264\/revisions\/4350"}],"wp:attachment":[{"href":"https:\/\/www.empresaqui.com.br\/blog\/wp-json\/wp\/v2\/media?parent=1264"}],"wp:term":[{"taxonomy":"category","embeddable":true,"href":"https:\/\/www.empresaqui.com.br\/blog\/wp-json\/wp\/v2\/categories?post=1264"},{"taxonomy":"post_tag","embeddable":true,"href":"https:\/\/www.empresaqui.com.br\/blog\/wp-json\/wp\/v2\/tags?post=1264"}],"curies":[{"name":"wp","href":"https:\/\/api.w.org\/{rel}","templated":true}]}}