{"id":1229,"date":"2024-01-18T14:38:03","date_gmt":"2024-01-18T17:38:03","guid":{"rendered":"https:\/\/www.empresaqui.com.br\/blog\/?p=1229"},"modified":"2024-11-01T11:35:03","modified_gmt":"2024-11-01T14:35:03","slug":"ipc-indice-de-precos-ao-consumidor","status":"publish","type":"post","link":"https:\/\/www.empresaqui.com.br\/blog\/ipc-indice-de-precos-ao-consumidor\/","title":{"rendered":"Entenda o \u00cdndice de Pre\u00e7os ao Consumidor (IPC) e como ele afeta seu CAC."},"content":{"rendered":"\n<p>O \u00cdndice de Pre\u00e7os ao Consumidor (IPC) \u00e9 uma m\u00e9trica importante para empresas, influenciando estrat\u00e9gias financeiras e decis\u00f5es operacionais.&nbsp;<\/p>\n\n\n\n<p>Este \u00edndice <strong>reflete as varia\u00e7\u00f5es nos pre\u00e7os de bens e servi\u00e7os<\/strong> consumidos pelas fam\u00edlias, sendo essencial para avaliar a infla\u00e7\u00e3o e adaptar-se \u00e0s mudan\u00e7as econ\u00f4micas.<\/p>\n\n\n\n<div id=\"ez-toc-container\" class=\"ez-toc-v2_0_81 ez-toc-wrap-left counter-hierarchy ez-toc-counter ez-toc-custom ez-toc-container-direction\">\n<div class=\"ez-toc-title-container\">\n<p class=\"ez-toc-title\" style=\"cursor:inherit\">Neste artigo voc\u00ea vai ver:<\/p>\n<span class=\"ez-toc-title-toggle\"><a href=\"#\" class=\"ez-toc-pull-right ez-toc-btn ez-toc-btn-xs ez-toc-btn-default ez-toc-toggle\" aria-label=\"Alternar tabela de conte\u00fado\"><span class=\"ez-toc-js-icon-con\"><span class=\"\"><span class=\"eztoc-hide\" style=\"display:none;\">Toggle<\/span><span class=\"ez-toc-icon-toggle-span\"><svg style=\"fill: #0066bf;color:#0066bf\" xmlns=\"http:\/\/www.w3.org\/2000\/svg\" class=\"list-377408\" width=\"20px\" height=\"20px\" viewBox=\"0 0 24 24\" fill=\"none\"><path d=\"M6 6H4v2h2V6zm14 0H8v2h12V6zM4 11h2v2H4v-2zm16 0H8v2h12v-2zM4 16h2v2H4v-2zm16 0H8v2h12v-2z\" fill=\"currentColor\"><\/path><\/svg><svg style=\"fill: #0066bf;color:#0066bf\" class=\"arrow-unsorted-368013\" xmlns=\"http:\/\/www.w3.org\/2000\/svg\" width=\"10px\" height=\"10px\" viewBox=\"0 0 24 24\" version=\"1.2\" baseProfile=\"tiny\"><path d=\"M18.2 9.3l-6.2-6.3-6.2 6.3c-.2.2-.3.4-.3.7s.1.5.3.7c.2.2.4.3.7.3h11c.3 0 .5-.1.7-.3.2-.2.3-.5.3-.7s-.1-.5-.3-.7zM5.8 14.7l6.2 6.3 6.2-6.3c.2-.2.3-.5.3-.7s-.1-.5-.3-.7c-.2-.2-.4-.3-.7-.3h-11c-.3 0-.5.1-.7.3-.2.2-.3.5-.3.7s.1.5.3.7z\"\/><\/svg><\/span><\/span><\/span><\/a><\/span><\/div>\n<nav><ul class='ez-toc-list ez-toc-list-level-1 ' ><li class='ez-toc-page-1 ez-toc-heading-level-2'><a class=\"ez-toc-link ez-toc-heading-1\" href=\"https:\/\/www.empresaqui.com.br\/blog\/ipc-indice-de-precos-ao-consumidor\/#O_que_e_IPC\" >O que \u00e9 IPC?<\/a><\/li><li class='ez-toc-page-1 ez-toc-heading-level-2'><a class=\"ez-toc-link ez-toc-heading-2\" href=\"https:\/\/www.empresaqui.com.br\/blog\/ipc-indice-de-precos-ao-consumidor\/#Ebook_A_Arte_das_Vendas_B2B\" >Ebook A Arte das Vendas B2B<\/a><\/li><li class='ez-toc-page-1 ez-toc-heading-level-2'><a class=\"ez-toc-link ez-toc-heading-3\" href=\"https:\/\/www.empresaqui.com.br\/blog\/ipc-indice-de-precos-ao-consumidor\/#Como_o_IPC_funciona\" >Como o IPC funciona?<\/a><\/li><li class='ez-toc-page-1 ez-toc-heading-level-2'><a class=\"ez-toc-link ez-toc-heading-4\" href=\"https:\/\/www.empresaqui.com.br\/blog\/ipc-indice-de-precos-ao-consumidor\/#Como_e_calculado_o_IPC\" >Como \u00e9 calculado o IPC?<\/a><\/li><li class='ez-toc-page-1 ez-toc-heading-level-2'><a class=\"ez-toc-link ez-toc-heading-5\" href=\"https:\/\/www.empresaqui.com.br\/blog\/ipc-indice-de-precos-ao-consumidor\/#Diferenca_entre_IPC_e_IPCA\" >Diferen\u00e7a entre IPC e IPCA<\/a><\/li><li class='ez-toc-page-1 ez-toc-heading-level-2'><a class=\"ez-toc-link ez-toc-heading-6\" href=\"https:\/\/www.empresaqui.com.br\/blog\/ipc-indice-de-precos-ao-consumidor\/#Gere_listas_de_empresas_personalizadas\" >Gere listas de empresas personalizadas!<\/a><\/li><\/ul><\/nav><\/div>\n<h2 class=\"wp-block-heading\"><span class=\"ez-toc-section\" id=\"O_que_e_IPC\"><\/span><strong>O que \u00e9 IPC?<\/strong><span class=\"ez-toc-section-end\"><\/span><\/h2>\n\n\n\n<p>O \u00cdndice de Pre\u00e7os ao Consumidor (IPC) <strong>\u00e9 uma m\u00e9trica econ\u00f4mica essencial que avalia a varia\u00e7\u00e3o nos pre\u00e7os de uma cesta de bens e servi\u00e7os consumidos<\/strong> pelas fam\u00edlias ao longo do tempo.&nbsp;<\/p>\n\n\n\n<p>Ele \u00e9 projetado para refletir as mudan\u00e7as nos custos de vida percebidos pelos consumidores, sendo um <strong>indicador-chave da infla\u00e7\u00e3o<\/strong>.&nbsp;<\/p>\n\n\n\n<p>O IPC desempenha um papel importante na an\u00e1lise econ\u00f4mica, fornecendo insights sobre o poder de compra da popula\u00e7\u00e3o e orientando decis\u00f5es estrat\u00e9gicas para empresas com seu <a href=\"https:\/\/www.empresaqui.com.br\/blog\/publico-alvo\/\"><strong>p\u00fablico-alvo<\/strong><\/a>, investidores e formuladores de pol\u00edticas.<\/p>\n\n\n\n<p>Empresas usam o IPC para compreender como a infla\u00e7\u00e3o impacta o poder de compra dos clientes, ajustar estrat\u00e9gias conforme necess\u00e1rio e controlar o <a href=\"https:\/\/www.empresaqui.com.br\/blog\/cac\/\"><strong>CAC (Custo de aquisi\u00e7\u00e3o de clientes)<\/strong><\/a> com base na sazonalidade.<\/p>\n\n\n\n<style>\n    body {\n        font-family: 'Montserrat', sans-serif;\n        margin: 0;\n        padding: 0;\n        background-color: #F4F4F4;\n    }\n    .cta-container {\n        display: flex;\n        flex-direction: column;\n        align-items: center;\n        justify-content: center;\n        background-color: #131763;\n        padding: 20px 5px;\n        color: white;\n        max-width: 1000px;\n        margin: 20px auto;\n    }\n    .linha-um {\n        display: flex;\n        flex-direction: row;\n        width: 100%;\n    }\n    .cta-image {\n        width: 60%;\n        display: flex;\n        justify-content: center;\n    }\n    .cta-image img {\n        height: auto;\n        width: 100%;\n    }\n    .cta-content {\n        width: 70%;\n        padding: 0px;\n        text-align: center;\n        margin-left: 10px;\n        margin-right: 10px;\n        display: flex;\n        justify-content: center;\n        flex-direction: column;\n    }\n    .cta-content h2 {\n        text-shadow:\n            0 0 5px rgba(0, 0, 0, 1);\n        font-size: 24px !important;\n        margin: 0 0 10px;\n        line-height: 1.2;\n        text-align: center;\n        color: white;\n    }\n    .cta-content p {\n        font-size: 15px;\n        text-align: center;\n    }\n    .animated-button {\n        color: #031844;\n        font-weight: bold;\n        font-size: 15px;\n        font-family: 'Montserrat', sans-serif;\n        padding: 2px 20px;\n        background-color: #0CFFFB;\n        border: 1px solid #000;\n        border-radius: 45px;\n        cursor: pointer;\n        transition: all 0.3s ease;\n        transform: scale(0.9);\n        opacity: 0;\n        animation: fadeInScale 0.5s ease forwards;\n        text-shadow:\n            0 0 5px rgba(0, 0, 0, 0.4);\n        text-decoration: none;\n        display: block;\n        margin: 0px auto;\n        width: fit-content;\n    }\n    .animated-button:hover {\n        background-color: #00E1FF;\n        transform: scale(1.05);\n    }\n    .animated-button:active {\n        background-color: #00B8D4;\n        transform: scale(0.95);\n    }\n    @keyframes fadeInScale {\n        0% {\n            transform: scale(0.9);\n            opacity: 0;\n        }\n        100% {\n            transform: scale(1);\n            opacity: 1;\n        }\n    }\n    @media (max-width: 768px) {\n        .cta-container {\n            flex-direction: column;\n            text-align: center;\n        }\n        .linha-um {\n            flex-direction: column;\n            align-items: center;\n        }\n        .cta-image {\n            width: 100%;\n            margin-bottom: 20px;\n        }\n        .cta-content {\n            width: 100%;\n            margin-left: 0;\n            margin-right: 0;\n        }\n        .animated-button {\n            margin-top: 5px;\n            padding: 12px 30px;\n        }\n    }\n<\/style>\n<div class=\"cta-container\">\n    <div class=\"linha-um\">\n        <div class=\"cta-image\">\n            <img decoding=\"async\" class=\"item\" loading=\"lazy\" src=\"https:\/\/empresaqui.com.br\/img\/Landing_Page_EBOOK.png\" alt=\"ebook\" id=\"ebook\">\n        <\/div>\n        <div class=\"cta-content\">\n            <h2><span class=\"ez-toc-section\" id=\"Ebook_A_Arte_das_Vendas_B2B\"><\/span>Ebook A Arte das Vendas B2B<span class=\"ez-toc-section-end\"><\/span><\/h2>\n            <p>Aprenda as estrat\u00e9gias mais eficazes para prospectar clientes, negociar contratos e construir relacionamentos s\u00f3lidos que geram resultados duradouros.<\/p>\n        <\/div>\n    <\/div>\n    <a href=\"https:\/\/empresaqui.com.br\/ebook-a-arte-das-vendas-b2b\" data-toggle=\"modal\" data-target=\"#ModalCarregando\" class=\"animated-button item\">BAIXE GRATUITAMENTE<\/a>\n<\/div> \n\n\n\n<h2 class=\"wp-block-heading\"><span class=\"ez-toc-section\" id=\"Como_o_IPC_funciona\"><\/span><strong>Como o IPC funciona?<\/strong><span class=\"ez-toc-section-end\"><\/span><\/h2>\n\n\n\n<p>O \u00cdndice de Pre\u00e7os ao Consumidor (IPC) desempenha um papel central na an\u00e1lise econ\u00f4mica, oferecendo uma compreens\u00e3o valiosa sobre as varia\u00e7\u00f5es nos custos de vida percebidos pelos consumidores.<\/p>\n\n\n\n<p>Sua metodologia, embora complexa, segue uma l\u00f3gica que <strong>come\u00e7a com a escolha de uma cesta representativa de bens e servi\u00e7os<\/strong>. Essa sele\u00e7\u00e3o cuidadosa abrange itens essenciais, como alimentos, habita\u00e7\u00e3o, transporte, sa\u00fade e educa\u00e7\u00e3o, buscando refletir os padr\u00f5es de consumo t\u00edpicos das fam\u00edlias.<\/p>\n\n\n\n<p>Uma vez definida a cesta, <strong>atribuem-se pesos aos itens<\/strong> <strong>com base em sua import\u00e2ncia no or\u00e7amento m\u00e9dio das fam\u00edlias<\/strong>. Itens fundamentais, como moradia e alimenta\u00e7\u00e3o, recebem pesos mais significativos, uma vez que seu impacto no or\u00e7amento \u00e9 mais pronunciado.&nbsp;<\/p>\n\n\n\n<p>A coleta regular de pre\u00e7os desses itens \u00e9 fundamental, ocorrendo em diversos locais e estabelecimentos comerciais para garantir uma representa\u00e7\u00e3o precisa do mercado.<\/p>\n\n\n\n<p>Esse \u00edndice n\u00e3o apenas reflete a infla\u00e7\u00e3o percebida pelos consumidores, mas tamb\u00e9m <strong>serve como um indicador essencial para empresas e formuladores de pol\u00edticas entenderem as din\u00e2micas econ\u00f4micas<\/strong>.<\/p>\n\n\n\n<p>Ao compreender o IPC e sua influ\u00eancia, as empresas podem ajustar estrat\u00e9gias financeiras, <a href=\"https:\/\/www.empresaqui.com.br\/blog\/fluxo-de-caixa\/\"><strong>melhorar o fluxo de caixa<\/strong><\/a> e se adaptar efetivamente \u00e0s din\u00e2micas do mercado.<\/p>\n\n\n\n<h2 class=\"wp-block-heading\"><span class=\"ez-toc-section\" id=\"Como_e_calculado_o_IPC\"><\/span><strong>Como \u00e9 calculado o IPC?<\/strong><span class=\"ez-toc-section-end\"><\/span><\/h2>\n\n\n\n<p>O c\u00e1lculo do \u00cdndice de Pre\u00e7os ao Consumidor (IPC) \u00e9 um processo meticuloso que envolve uma s\u00e9rie de etapas para proporcionar uma representa\u00e7\u00e3o precisa das varia\u00e7\u00f5es nos pre\u00e7os dos bens e servi\u00e7os.&nbsp;<\/p>\n\n\n\n<h3 class=\"wp-block-heading\"><strong>Sele\u00e7\u00e3o da Cesta de Itens<\/strong><\/h3>\n\n\n\n<p>Inicia-se com a escolha de uma cesta representativa de produtos e servi\u00e7os consumidos pelas fam\u00edlias. Essa cesta \u00e9 composta por itens essenciais, como <strong>alimentos, habita\u00e7\u00e3o, transporte, sa\u00fade e educa\u00e7\u00e3o<\/strong>, refletindo os padr\u00f5es de consumo t\u00edpicos.<\/p>\n\n\n\n<h3 class=\"wp-block-heading\"><strong>Pesagem dos Itens<\/strong><\/h3>\n\n\n\n<p>Cada item da cesta recebe um peso proporcional \u00e0 sua import\u00e2ncia no or\u00e7amento m\u00e9dio das fam\u00edlias. Itens mais fundamentais, como moradia e alimenta\u00e7\u00e3o, recebem pesos mais elevados, influenciando mais significativamente o c\u00e1lculo final do IPC.<\/p>\n\n\n\n<h3 class=\"wp-block-heading\"><strong>Coleta de Pre\u00e7os<\/strong><\/h3>\n\n\n\n<p>Os pre\u00e7os dos itens da cesta s\u00e3o coletados em intervalos regulares, geralmente mensais. Isso ocorre em diversas localidades e estabelecimentos comerciais para assegurar uma <strong>amostra representativa<\/strong> dos pre\u00e7os praticados no mercado.<\/p>\n\n\n\n<h3 class=\"wp-block-heading\"><strong>C\u00e1lculo do Custo da Cesta<\/strong><\/h3>\n\n\n\n<p>Multiplicando os pre\u00e7os coletados pelos pesos atribu\u00eddos a cada item, obt\u00e9m-se o custo total da cesta. Esse custo representa o gasto m\u00e9dio das fam\u00edlias na aquisi\u00e7\u00e3o dos bens e servi\u00e7os selecionados.<\/p>\n\n\n\n<h3 class=\"wp-block-heading\"><strong>C\u00e1lculo do IPC<\/strong><\/h3>\n\n\n\n<p>Utilizando a f\u00f3rmula: <strong>IPC = [(Custo da cesta atual) \/ (Custo da cesta base)] * 100<\/strong>, calcula-se o \u00edndice que reflete a varia\u00e7\u00e3o percentual dos pre\u00e7os em rela\u00e7\u00e3o a um per\u00edodo-base escolhido.&nbsp;<\/p>\n\n\n\n<p>A escolha da cesta base e o ajuste sazonal s\u00e3o considera\u00e7\u00f5es importantes nesse processo. Por exemplo, se o IPC aumenta 5%, isso indica que a cesta de bens e servi\u00e7os agora custa 5% mais caro do que em um per\u00edodo anterior.<\/p>\n\n\n\n<h3 class=\"wp-block-heading\"><strong>Interpreta\u00e7\u00e3o dos Resultados<\/strong><\/h3>\n\n\n\n<p>O resultado final do c\u00e1lculo \u00e9 um \u00edndice num\u00e9rico que indica a varia\u00e7\u00e3o percentual nos pre\u00e7os dos bens e servi\u00e7os. Esse \u00edndice \u00e9 fundamental para <strong>analisar a infla\u00e7\u00e3o, orientar pol\u00edticas econ\u00f4micas e oferecer maior compreens\u00e3o sobre o poder de compra<\/strong> dos consumidores.<\/p>\n\n\n\n<p>Empresas, economistas e formuladores de pol\u00edticas utilizam esse \u00edndice como uma b\u00fassola para navegar nas complexidades do ambiente econ\u00f4mico, adaptando estrat\u00e9gias e pol\u00edticas conforme necess\u00e1rio.<\/p>\n\n\n\n<h2 class=\"wp-block-heading\"><span class=\"ez-toc-section\" id=\"Diferenca_entre_IPC_e_IPCA\"><\/span><strong>Diferen\u00e7a entre IPC e IPCA<\/strong><span class=\"ez-toc-section-end\"><\/span><\/h2>\n\n\n\n<p>O \u00cdndice de Pre\u00e7os ao Consumidor (IPC) e o <strong>\u00cdndice Nacional de Pre\u00e7os ao Consumidor Amplo (IPCA)<\/strong> s\u00e3o dois indicadores econ\u00f4micos distintos, cada um desempenhando um papel espec\u00edfico na avalia\u00e7\u00e3o das condi\u00e7\u00f5es econ\u00f4micas do Brasil.<\/p>\n\n\n\n<p>O IPC \u00e9 uma medida mais abrangente, calculando a varia\u00e7\u00e3o nos pre\u00e7os de uma cesta de bens e servi\u00e7os consumidos por todas as faixas de renda.&nbsp;<\/p>\n\n\n\n<p>Essa cesta \u00e9 composta por itens como alimentos, habita\u00e7\u00e3o, transporte e sa\u00fade, refletindo os padr\u00f5es de consumo em geral. No entanto, embora seja valioso para an\u00e1lise econ\u00f4mica, <strong>o IPC n\u00e3o \u00e9 o indicador oficial de infla\u00e7\u00e3o no Brasil<\/strong>.<\/p>\n\n\n\n<p>Por outro lado, o IPCA tem uma abordagem mais espec\u00edfica, sendo considerado o indicador oficial de infla\u00e7\u00e3o no pa\u00eds. Ele se concentra nas despesas de fam\u00edlias com renda mensal entre 1 e 40 sal\u00e1rios m\u00ednimos.&nbsp;<\/p>\n\n\n\n<p>A composi\u00e7\u00e3o da cesta do IPCA \u00e9 mais restrita, <strong>incluindo itens essenciais como alimenta\u00e7\u00e3o, habita\u00e7\u00e3o, transporte, educa\u00e7\u00e3o e sa\u00fade<\/strong>.&nbsp;<\/p>\n\n\n\n<p>Os pesos atribu\u00eddos a esses itens s\u00e3o determinados pela participa\u00e7\u00e3o deles nos gastos das fam\u00edlias dentro da faixa de renda espec\u00edfica considerada.&nbsp;<\/p>\n\n\n\n<p>Assim, o IPCA oferece uma vis\u00e3o mais precisa das mudan\u00e7as nos custos de vida das fam\u00edlias brasileiras, sendo amplamente utilizado em contratos, pol\u00edticas monet\u00e1rias e indexa\u00e7\u00e3o de pre\u00e7os.<\/p>\n\n\n\n<div class=\"banner\">\n            <h2><span class=\"ez-toc-section\" id=\"Gere_listas_de_empresas_personalizadas\"><\/span>Gere listas de empresas personalizadas!<span class=\"ez-toc-section-end\"><\/span><\/h2>\n            <p>Cadastre-se gr\u00e1tis agora mesmo<\/p>\n            <div class=\"bottom-banner\">\n                <img decoding=\"async\" src=\"https:\/\/www.empresaqui.com.br\/blog\/wp-content\/uploads\/2021\/11\/AdminLTELogo.png\" alt=\"Seu Logotipo\" class=\"logo\">\n                <a href=\"https:\/\/www.empresaqui.com.br\/plano-gratuito?utm_source=blog&amp;utm_medium=banner&amp;utm_campaign=CTA-GRATUITO-HTML\" class=\"cta-button-banner\">Teste aqui agora<\/a>\n            <\/div>\n        <\/div>\n        <style>\n            .bottom-banner{\n                display: flex;\n                justify-content: center;\n                align-items: center;\n            }\n            .bottom-banner img{\n                width: 3rem !important;\n                height: 3rem !important;\n                margin-right: 1rem;\n            }\n            .banner h2{\n                font-family: Arial, sans-serif;\n                color: #fff !important;\n            }\n            .banner p{\n                font-family: Arial, sans-serif;\n            }\n            .banner {\n                background:#001E40;\n                color: #FFFFFF;\n                text-align: center;\n                padding: 20px;\n            }\n            .cta-button-banner {\n                display: inline-block;\n                background-color: #0CFFFB;\n                color: #000;\n                border: none;\n                padding: 1px 15px;\n                font-size: 14px;\n                font-family: sans-serif;\n                font-weight: 700;\n                border-radius: 21px;\n                cursor: pointer;\n                transition: background-color 0.3s ease;\n                text-decoration: none;\n            }\n            @media (max-width: 767px) {\n                .banner h2{\n                    font-size:20px;\n                }\n                .cta-button-banner {\n                    padding: 1px 15px;\n                    font-size: 12px;\n                }\n            }\n        <\/style>\n","protected":false},"excerpt":{"rendered":"<p>O \u00cdndice de Pre\u00e7os ao Consumidor (IPC) \u00e9 uma m\u00e9trica importante para empresas, influenciando estrat\u00e9gias financeiras e decis\u00f5es operacionais.&nbsp; Este [&hellip;]<\/p>\n","protected":false},"author":8,"featured_media":0,"comment_status":"closed","ping_status":"closed","sticky":false,"template":"","format":"standard","meta":{"_acf_changed":false,"_uag_custom_page_level_css":"","site-sidebar-layout":"default","site-content-layout":"","ast-site-content-layout":"default","site-content-style":"default","site-sidebar-style":"default","ast-global-header-display":"","ast-banner-title-visibility":"","ast-main-header-display":"","ast-hfb-above-header-display":"","ast-hfb-below-header-display":"","ast-hfb-mobile-header-display":"","site-post-title":"","ast-breadcrumbs-content":"","ast-featured-img":"","footer-sml-layout":"","theme-transparent-header-meta":"","adv-header-id-meta":"","stick-header-meta":"","header-above-stick-meta":"","header-main-stick-meta":"","header-below-stick-meta":"","astra-migrate-meta-layouts":"default","ast-page-background-enabled":"default","ast-page-background-meta":{"desktop":{"background-color":"var(--ast-global-color-4)","background-image":"","background-repeat":"repeat","background-position":"center center","background-size":"auto","background-attachment":"scroll","background-type":"","background-media":"","overlay-type":"","overlay-color":"","overlay-opacity":"","overlay-gradient":""},"tablet":{"background-color":"","background-image":"","background-repeat":"repeat","background-position":"center center","background-size":"auto","background-attachment":"scroll","background-type":"","background-media":"","overlay-type":"","overlay-color":"","overlay-opacity":"","overlay-gradient":""},"mobile":{"background-color":"","background-image":"","background-repeat":"repeat","background-position":"center center","background-size":"auto","background-attachment":"scroll","background-type":"","background-media":"","overlay-type":"","overlay-color":"","overlay-opacity":"","overlay-gradient":""}},"ast-content-background-meta":{"desktop":{"background-color":"var(--ast-global-color-5)","background-image":"","background-repeat":"repeat","background-position":"center center","background-size":"auto","background-attachment":"scroll","background-type":"","background-media":"","overlay-type":"","overlay-color":"","overlay-opacity":"","overlay-gradient":""},"tablet":{"background-color":"var(--ast-global-color-5)","background-image":"","background-repeat":"repeat","background-position":"center center","background-size":"auto","background-attachment":"scroll","background-type":"","background-media":"","overlay-type":"","overlay-color":"","overlay-opacity":"","overlay-gradient":""},"mobile":{"background-color":"var(--ast-global-color-5)","background-image":"","background-repeat":"repeat","background-position":"center center","background-size":"auto","background-attachment":"scroll","background-type":"","background-media":"","overlay-type":"","overlay-color":"","overlay-opacity":"","overlay-gradient":""}},"footnotes":""},"categories":[33],"tags":[],"class_list":["post-1229","post","type-post","status-publish","format-standard","hentry","category-prospeccao-vendas"],"acf":[],"yoast_head":"<!-- This site is optimized with the Yoast SEO plugin v27.4 - https:\/\/yoast.com\/product\/yoast-seo-wordpress\/ -->\n<title>IPC: o que \u00e9, como funciona e como \u00e9 calculado?<\/title>\n<meta name=\"description\" content=\"Descubra como o IPC afeta as estrat\u00e9gias financeiras das empresas. Entenda tamb\u00e9m o c\u00e1lculo, diferen\u00e7as com o IPCA e como monitorar a infla\u00e7\u00e3o.\" \/>\n<meta name=\"robots\" content=\"index, follow, max-snippet:-1, max-image-preview:large, max-video-preview:-1\" \/>\n<link rel=\"canonical\" href=\"https:\/\/www.empresaqui.com.br\/blog\/ipc-indice-de-precos-ao-consumidor\/\" \/>\n<meta property=\"og:locale\" content=\"pt_BR\" \/>\n<meta property=\"og:type\" content=\"article\" \/>\n<meta property=\"og:title\" content=\"IPC: o que \u00e9, como funciona e como \u00e9 calculado?\" \/>\n<meta property=\"og:description\" content=\"Descubra como o IPC afeta as estrat\u00e9gias financeiras das empresas. Entenda tamb\u00e9m o c\u00e1lculo, diferen\u00e7as com o IPCA e como monitorar a infla\u00e7\u00e3o.\" \/>\n<meta property=\"og:url\" content=\"https:\/\/www.empresaqui.com.br\/blog\/ipc-indice-de-precos-ao-consumidor\/\" \/>\n<meta property=\"og:site_name\" content=\"Blog EmpresAqui\" \/>\n<meta property=\"article:publisher\" content=\"https:\/\/www.facebook.com\/empresaquibr\" \/>\n<meta property=\"article:published_time\" content=\"2024-01-18T17:38:03+00:00\" \/>\n<meta property=\"article:modified_time\" content=\"2024-11-01T14:35:03+00:00\" \/>\n<meta property=\"og:image\" content=\"https:\/\/www.empresaqui.com.br\/blog\/wp-content\/uploads\/2021\/11\/AdminLTELogo.png\" \/>\n<meta name=\"author\" content=\"Danillo Rocha\" \/>\n<meta name=\"twitter:card\" content=\"summary_large_image\" \/>\n<meta name=\"twitter:label1\" content=\"Escrito por\" \/>\n\t<meta name=\"twitter:data1\" content=\"Danillo Rocha\" \/>\n\t<meta name=\"twitter:label2\" content=\"Est. tempo de leitura\" \/>\n\t<meta name=\"twitter:data2\" content=\"6 minutos\" \/>\n<script type=\"application\/ld+json\" class=\"yoast-schema-graph\">{\"@context\":\"https:\\\/\\\/schema.org\",\"@graph\":[{\"@type\":\"Article\",\"@id\":\"https:\\\/\\\/www.empresaqui.com.br\\\/blog\\\/ipc-indice-de-precos-ao-consumidor\\\/#article\",\"isPartOf\":{\"@id\":\"https:\\\/\\\/www.empresaqui.com.br\\\/blog\\\/ipc-indice-de-precos-ao-consumidor\\\/\"},\"author\":{\"name\":\"Danillo Rocha\",\"@id\":\"https:\\\/\\\/www.empresaqui.com.br\\\/blog\\\/#\\\/schema\\\/person\\\/be165d2b8065bfa20b88787a07cf9e96\"},\"headline\":\"Entenda o \u00cdndice de Pre\u00e7os ao Consumidor (IPC) e como ele afeta seu CAC.\",\"datePublished\":\"2024-01-18T17:38:03+00:00\",\"dateModified\":\"2024-11-01T14:35:03+00:00\",\"mainEntityOfPage\":{\"@id\":\"https:\\\/\\\/www.empresaqui.com.br\\\/blog\\\/ipc-indice-de-precos-ao-consumidor\\\/\"},\"wordCount\":1070,\"publisher\":{\"@id\":\"https:\\\/\\\/www.empresaqui.com.br\\\/blog\\\/#organization\"},\"image\":{\"@id\":\"https:\\\/\\\/www.empresaqui.com.br\\\/blog\\\/ipc-indice-de-precos-ao-consumidor\\\/#primaryimage\"},\"thumbnailUrl\":\"https:\\\/\\\/www.empresaqui.com.br\\\/blog\\\/wp-content\\\/uploads\\\/2021\\\/11\\\/AdminLTELogo.png\",\"articleSection\":[\"Dicas de Vendas\"],\"inLanguage\":\"pt-BR\"},{\"@type\":\"WebPage\",\"@id\":\"https:\\\/\\\/www.empresaqui.com.br\\\/blog\\\/ipc-indice-de-precos-ao-consumidor\\\/\",\"url\":\"https:\\\/\\\/www.empresaqui.com.br\\\/blog\\\/ipc-indice-de-precos-ao-consumidor\\\/\",\"name\":\"IPC: o que \u00e9, como funciona e como \u00e9 calculado?\",\"isPartOf\":{\"@id\":\"https:\\\/\\\/www.empresaqui.com.br\\\/blog\\\/#website\"},\"primaryImageOfPage\":{\"@id\":\"https:\\\/\\\/www.empresaqui.com.br\\\/blog\\\/ipc-indice-de-precos-ao-consumidor\\\/#primaryimage\"},\"image\":{\"@id\":\"https:\\\/\\\/www.empresaqui.com.br\\\/blog\\\/ipc-indice-de-precos-ao-consumidor\\\/#primaryimage\"},\"thumbnailUrl\":\"https:\\\/\\\/www.empresaqui.com.br\\\/blog\\\/wp-content\\\/uploads\\\/2021\\\/11\\\/AdminLTELogo.png\",\"datePublished\":\"2024-01-18T17:38:03+00:00\",\"dateModified\":\"2024-11-01T14:35:03+00:00\",\"description\":\"Descubra como o IPC afeta as estrat\u00e9gias financeiras das empresas. Entenda tamb\u00e9m o c\u00e1lculo, diferen\u00e7as com o IPCA e como monitorar a infla\u00e7\u00e3o.\",\"breadcrumb\":{\"@id\":\"https:\\\/\\\/www.empresaqui.com.br\\\/blog\\\/ipc-indice-de-precos-ao-consumidor\\\/#breadcrumb\"},\"inLanguage\":\"pt-BR\",\"potentialAction\":[{\"@type\":\"ReadAction\",\"target\":[\"https:\\\/\\\/www.empresaqui.com.br\\\/blog\\\/ipc-indice-de-precos-ao-consumidor\\\/\"]}]},{\"@type\":\"ImageObject\",\"inLanguage\":\"pt-BR\",\"@id\":\"https:\\\/\\\/www.empresaqui.com.br\\\/blog\\\/ipc-indice-de-precos-ao-consumidor\\\/#primaryimage\",\"url\":\"https:\\\/\\\/www.empresaqui.com.br\\\/blog\\\/wp-content\\\/uploads\\\/2021\\\/11\\\/AdminLTELogo.png\",\"contentUrl\":\"https:\\\/\\\/www.empresaqui.com.br\\\/blog\\\/wp-content\\\/uploads\\\/2021\\\/11\\\/AdminLTELogo.png\",\"width\":100,\"height\":100,\"caption\":\"logo\"},{\"@type\":\"BreadcrumbList\",\"@id\":\"https:\\\/\\\/www.empresaqui.com.br\\\/blog\\\/ipc-indice-de-precos-ao-consumidor\\\/#breadcrumb\",\"itemListElement\":[{\"@type\":\"ListItem\",\"position\":1,\"name\":\"In\u00edcio\",\"item\":\"https:\\\/\\\/www.empresaqui.com.br\\\/blog\\\/\"},{\"@type\":\"ListItem\",\"position\":2,\"name\":\"Dicas de Vendas\",\"item\":\"https:\\\/\\\/www.empresaqui.com.br\\\/blog\\\/category\\\/prospeccao-vendas\\\/\"},{\"@type\":\"ListItem\",\"position\":3,\"name\":\"Entenda o \u00cdndice de Pre\u00e7os ao Consumidor (IPC) e como ele afeta seu CAC.\"}]},{\"@type\":\"WebSite\",\"@id\":\"https:\\\/\\\/www.empresaqui.com.br\\\/blog\\\/#website\",\"url\":\"https:\\\/\\\/www.empresaqui.com.br\\\/blog\\\/\",\"name\":\"Blog EmpresAqui\",\"description\":\"\",\"publisher\":{\"@id\":\"https:\\\/\\\/www.empresaqui.com.br\\\/blog\\\/#organization\"},\"potentialAction\":[{\"@type\":\"SearchAction\",\"target\":{\"@type\":\"EntryPoint\",\"urlTemplate\":\"https:\\\/\\\/www.empresaqui.com.br\\\/blog\\\/?s={search_term_string}\"},\"query-input\":{\"@type\":\"PropertyValueSpecification\",\"valueRequired\":true,\"valueName\":\"search_term_string\"}}],\"inLanguage\":\"pt-BR\"},{\"@type\":\"Organization\",\"@id\":\"https:\\\/\\\/www.empresaqui.com.br\\\/blog\\\/#organization\",\"name\":\"EmpresAqui\",\"url\":\"https:\\\/\\\/www.empresaqui.com.br\\\/blog\\\/\",\"logo\":{\"@type\":\"ImageObject\",\"inLanguage\":\"pt-BR\",\"@id\":\"https:\\\/\\\/www.empresaqui.com.br\\\/blog\\\/#\\\/schema\\\/logo\\\/image\\\/\",\"url\":\"https:\\\/\\\/www.empresaqui.com.br\\\/blog\\\/wp-content\\\/uploads\\\/2023\\\/02\\\/cropped-cropped-AdminLTELogo-2-1-1.png\",\"contentUrl\":\"https:\\\/\\\/www.empresaqui.com.br\\\/blog\\\/wp-content\\\/uploads\\\/2023\\\/02\\\/cropped-cropped-AdminLTELogo-2-1-1.png\",\"width\":100,\"height\":100,\"caption\":\"EmpresAqui\"},\"image\":{\"@id\":\"https:\\\/\\\/www.empresaqui.com.br\\\/blog\\\/#\\\/schema\\\/logo\\\/image\\\/\"},\"sameAs\":[\"https:\\\/\\\/www.facebook.com\\\/empresaquibr\",\"https:\\\/\\\/www.instagram.com\\\/empresaqui\"]},{\"@type\":\"Person\",\"@id\":\"https:\\\/\\\/www.empresaqui.com.br\\\/blog\\\/#\\\/schema\\\/person\\\/be165d2b8065bfa20b88787a07cf9e96\",\"name\":\"Danillo Rocha\",\"image\":{\"@type\":\"ImageObject\",\"inLanguage\":\"pt-BR\",\"@id\":\"https:\\\/\\\/secure.gravatar.com\\\/avatar\\\/a440539fd479fe3447e5aeaa627ba644f1a101516334fa5a2b263c192ba710bc?s=96&d=mm&r=g\",\"url\":\"https:\\\/\\\/secure.gravatar.com\\\/avatar\\\/a440539fd479fe3447e5aeaa627ba644f1a101516334fa5a2b263c192ba710bc?s=96&d=mm&r=g\",\"contentUrl\":\"https:\\\/\\\/secure.gravatar.com\\\/avatar\\\/a440539fd479fe3447e5aeaa627ba644f1a101516334fa5a2b263c192ba710bc?s=96&d=mm&r=g\",\"caption\":\"Danillo Rocha\"},\"description\":\"Danillo Rocha \u00e9 CEO e fundador do EmpresAqui, plataforma de intelig\u00eancia de mercado e gera\u00e7\u00e3o de leads B2B com mais de 300 mil usu\u00e1rios. Formado em Ci\u00eancia da Computa\u00e7\u00e3o, com especializa\u00e7\u00e3o em Softwares e Dados e Per\u00edcia Financeira, \u00e9 empreendedor em tecnologia e neg\u00f3cios B2B.\",\"sameAs\":[\"https:\\\/\\\/www.empresaqui.com.br\\\/\",\"https:\\\/\\\/www.instagram.com\\\/danillorocha10\",\"https:\\\/\\\/www.instagram.com\\\/danillorocha\"],\"url\":\"https:\\\/\\\/www.empresaqui.com.br\\\/blog\\\/author\\\/danillo-rocha\\\/\"}]}<\/script>\n<!-- \/ Yoast SEO plugin. -->","yoast_head_json":{"title":"IPC: o que \u00e9, como funciona e como \u00e9 calculado?","description":"Descubra como o IPC afeta as estrat\u00e9gias financeiras das empresas. Entenda tamb\u00e9m o c\u00e1lculo, diferen\u00e7as com o IPCA e como monitorar a infla\u00e7\u00e3o.","robots":{"index":"index","follow":"follow","max-snippet":"max-snippet:-1","max-image-preview":"max-image-preview:large","max-video-preview":"max-video-preview:-1"},"canonical":"https:\/\/www.empresaqui.com.br\/blog\/ipc-indice-de-precos-ao-consumidor\/","og_locale":"pt_BR","og_type":"article","og_title":"IPC: o que \u00e9, como funciona e como \u00e9 calculado?","og_description":"Descubra como o IPC afeta as estrat\u00e9gias financeiras das empresas. Entenda tamb\u00e9m o c\u00e1lculo, diferen\u00e7as com o IPCA e como monitorar a infla\u00e7\u00e3o.","og_url":"https:\/\/www.empresaqui.com.br\/blog\/ipc-indice-de-precos-ao-consumidor\/","og_site_name":"Blog EmpresAqui","article_publisher":"https:\/\/www.facebook.com\/empresaquibr","article_published_time":"2024-01-18T17:38:03+00:00","article_modified_time":"2024-11-01T14:35:03+00:00","og_image":[{"url":"https:\/\/www.empresaqui.com.br\/blog\/wp-content\/uploads\/2021\/11\/AdminLTELogo.png","type":"","width":"","height":""}],"author":"Danillo Rocha","twitter_card":"summary_large_image","twitter_misc":{"Escrito por":"Danillo Rocha","Est. tempo de leitura":"6 minutos"},"schema":{"@context":"https:\/\/schema.org","@graph":[{"@type":"Article","@id":"https:\/\/www.empresaqui.com.br\/blog\/ipc-indice-de-precos-ao-consumidor\/#article","isPartOf":{"@id":"https:\/\/www.empresaqui.com.br\/blog\/ipc-indice-de-precos-ao-consumidor\/"},"author":{"name":"Danillo Rocha","@id":"https:\/\/www.empresaqui.com.br\/blog\/#\/schema\/person\/be165d2b8065bfa20b88787a07cf9e96"},"headline":"Entenda o \u00cdndice de Pre\u00e7os ao Consumidor (IPC) e como ele afeta seu CAC.","datePublished":"2024-01-18T17:38:03+00:00","dateModified":"2024-11-01T14:35:03+00:00","mainEntityOfPage":{"@id":"https:\/\/www.empresaqui.com.br\/blog\/ipc-indice-de-precos-ao-consumidor\/"},"wordCount":1070,"publisher":{"@id":"https:\/\/www.empresaqui.com.br\/blog\/#organization"},"image":{"@id":"https:\/\/www.empresaqui.com.br\/blog\/ipc-indice-de-precos-ao-consumidor\/#primaryimage"},"thumbnailUrl":"https:\/\/www.empresaqui.com.br\/blog\/wp-content\/uploads\/2021\/11\/AdminLTELogo.png","articleSection":["Dicas de Vendas"],"inLanguage":"pt-BR"},{"@type":"WebPage","@id":"https:\/\/www.empresaqui.com.br\/blog\/ipc-indice-de-precos-ao-consumidor\/","url":"https:\/\/www.empresaqui.com.br\/blog\/ipc-indice-de-precos-ao-consumidor\/","name":"IPC: o que \u00e9, como funciona e como \u00e9 calculado?","isPartOf":{"@id":"https:\/\/www.empresaqui.com.br\/blog\/#website"},"primaryImageOfPage":{"@id":"https:\/\/www.empresaqui.com.br\/blog\/ipc-indice-de-precos-ao-consumidor\/#primaryimage"},"image":{"@id":"https:\/\/www.empresaqui.com.br\/blog\/ipc-indice-de-precos-ao-consumidor\/#primaryimage"},"thumbnailUrl":"https:\/\/www.empresaqui.com.br\/blog\/wp-content\/uploads\/2021\/11\/AdminLTELogo.png","datePublished":"2024-01-18T17:38:03+00:00","dateModified":"2024-11-01T14:35:03+00:00","description":"Descubra como o IPC afeta as estrat\u00e9gias financeiras das empresas. Entenda tamb\u00e9m o c\u00e1lculo, diferen\u00e7as com o IPCA e como monitorar a infla\u00e7\u00e3o.","breadcrumb":{"@id":"https:\/\/www.empresaqui.com.br\/blog\/ipc-indice-de-precos-ao-consumidor\/#breadcrumb"},"inLanguage":"pt-BR","potentialAction":[{"@type":"ReadAction","target":["https:\/\/www.empresaqui.com.br\/blog\/ipc-indice-de-precos-ao-consumidor\/"]}]},{"@type":"ImageObject","inLanguage":"pt-BR","@id":"https:\/\/www.empresaqui.com.br\/blog\/ipc-indice-de-precos-ao-consumidor\/#primaryimage","url":"https:\/\/www.empresaqui.com.br\/blog\/wp-content\/uploads\/2021\/11\/AdminLTELogo.png","contentUrl":"https:\/\/www.empresaqui.com.br\/blog\/wp-content\/uploads\/2021\/11\/AdminLTELogo.png","width":100,"height":100,"caption":"logo"},{"@type":"BreadcrumbList","@id":"https:\/\/www.empresaqui.com.br\/blog\/ipc-indice-de-precos-ao-consumidor\/#breadcrumb","itemListElement":[{"@type":"ListItem","position":1,"name":"In\u00edcio","item":"https:\/\/www.empresaqui.com.br\/blog\/"},{"@type":"ListItem","position":2,"name":"Dicas de Vendas","item":"https:\/\/www.empresaqui.com.br\/blog\/category\/prospeccao-vendas\/"},{"@type":"ListItem","position":3,"name":"Entenda o \u00cdndice de Pre\u00e7os ao Consumidor (IPC) e como ele afeta seu CAC."}]},{"@type":"WebSite","@id":"https:\/\/www.empresaqui.com.br\/blog\/#website","url":"https:\/\/www.empresaqui.com.br\/blog\/","name":"Blog EmpresAqui","description":"","publisher":{"@id":"https:\/\/www.empresaqui.com.br\/blog\/#organization"},"potentialAction":[{"@type":"SearchAction","target":{"@type":"EntryPoint","urlTemplate":"https:\/\/www.empresaqui.com.br\/blog\/?s={search_term_string}"},"query-input":{"@type":"PropertyValueSpecification","valueRequired":true,"valueName":"search_term_string"}}],"inLanguage":"pt-BR"},{"@type":"Organization","@id":"https:\/\/www.empresaqui.com.br\/blog\/#organization","name":"EmpresAqui","url":"https:\/\/www.empresaqui.com.br\/blog\/","logo":{"@type":"ImageObject","inLanguage":"pt-BR","@id":"https:\/\/www.empresaqui.com.br\/blog\/#\/schema\/logo\/image\/","url":"https:\/\/www.empresaqui.com.br\/blog\/wp-content\/uploads\/2023\/02\/cropped-cropped-AdminLTELogo-2-1-1.png","contentUrl":"https:\/\/www.empresaqui.com.br\/blog\/wp-content\/uploads\/2023\/02\/cropped-cropped-AdminLTELogo-2-1-1.png","width":100,"height":100,"caption":"EmpresAqui"},"image":{"@id":"https:\/\/www.empresaqui.com.br\/blog\/#\/schema\/logo\/image\/"},"sameAs":["https:\/\/www.facebook.com\/empresaquibr","https:\/\/www.instagram.com\/empresaqui"]},{"@type":"Person","@id":"https:\/\/www.empresaqui.com.br\/blog\/#\/schema\/person\/be165d2b8065bfa20b88787a07cf9e96","name":"Danillo Rocha","image":{"@type":"ImageObject","inLanguage":"pt-BR","@id":"https:\/\/secure.gravatar.com\/avatar\/a440539fd479fe3447e5aeaa627ba644f1a101516334fa5a2b263c192ba710bc?s=96&d=mm&r=g","url":"https:\/\/secure.gravatar.com\/avatar\/a440539fd479fe3447e5aeaa627ba644f1a101516334fa5a2b263c192ba710bc?s=96&d=mm&r=g","contentUrl":"https:\/\/secure.gravatar.com\/avatar\/a440539fd479fe3447e5aeaa627ba644f1a101516334fa5a2b263c192ba710bc?s=96&d=mm&r=g","caption":"Danillo Rocha"},"description":"Danillo Rocha \u00e9 CEO e fundador do EmpresAqui, plataforma de intelig\u00eancia de mercado e gera\u00e7\u00e3o de leads B2B com mais de 300 mil usu\u00e1rios. Formado em Ci\u00eancia da Computa\u00e7\u00e3o, com especializa\u00e7\u00e3o em Softwares e Dados e Per\u00edcia Financeira, \u00e9 empreendedor em tecnologia e neg\u00f3cios B2B.","sameAs":["https:\/\/www.empresaqui.com.br\/","https:\/\/www.instagram.com\/danillorocha10","https:\/\/www.instagram.com\/danillorocha"],"url":"https:\/\/www.empresaqui.com.br\/blog\/author\/danillo-rocha\/"}]}},"uagb_featured_image_src":{"full":false,"thumbnail":false,"medium":false,"medium_large":false,"large":false,"1536x1536":false,"2048x2048":false},"uagb_author_info":{"display_name":"Danillo Rocha","author_link":"https:\/\/www.empresaqui.com.br\/blog\/author\/danillo-rocha\/"},"uagb_comment_info":0,"uagb_excerpt":"O \u00cdndice de Pre\u00e7os ao Consumidor (IPC) \u00e9 uma m\u00e9trica importante para empresas, influenciando estrat\u00e9gias financeiras e decis\u00f5es operacionais.&nbsp; Este [&hellip;]","_links":{"self":[{"href":"https:\/\/www.empresaqui.com.br\/blog\/wp-json\/wp\/v2\/posts\/1229","targetHints":{"allow":["GET"]}}],"collection":[{"href":"https:\/\/www.empresaqui.com.br\/blog\/wp-json\/wp\/v2\/posts"}],"about":[{"href":"https:\/\/www.empresaqui.com.br\/blog\/wp-json\/wp\/v2\/types\/post"}],"author":[{"embeddable":true,"href":"https:\/\/www.empresaqui.com.br\/blog\/wp-json\/wp\/v2\/users\/8"}],"replies":[{"embeddable":true,"href":"https:\/\/www.empresaqui.com.br\/blog\/wp-json\/wp\/v2\/comments?post=1229"}],"version-history":[{"count":2,"href":"https:\/\/www.empresaqui.com.br\/blog\/wp-json\/wp\/v2\/posts\/1229\/revisions"}],"predecessor-version":[{"id":3246,"href":"https:\/\/www.empresaqui.com.br\/blog\/wp-json\/wp\/v2\/posts\/1229\/revisions\/3246"}],"wp:attachment":[{"href":"https:\/\/www.empresaqui.com.br\/blog\/wp-json\/wp\/v2\/media?parent=1229"}],"wp:term":[{"taxonomy":"category","embeddable":true,"href":"https:\/\/www.empresaqui.com.br\/blog\/wp-json\/wp\/v2\/categories?post=1229"},{"taxonomy":"post_tag","embeddable":true,"href":"https:\/\/www.empresaqui.com.br\/blog\/wp-json\/wp\/v2\/tags?post=1229"}],"curies":[{"name":"wp","href":"https:\/\/api.w.org\/{rel}","templated":true}]}}