{"id":1015,"date":"2023-11-23T10:02:08","date_gmt":"2023-11-23T13:02:08","guid":{"rendered":"https:\/\/www.empresaqui.com.br\/blog\/?p=1015"},"modified":"2025-11-28T09:34:51","modified_gmt":"2025-11-28T12:34:51","slug":"funil-de-vendas","status":"publish","type":"post","link":"https:\/\/www.empresaqui.com.br\/blog\/funil-de-vendas\/","title":{"rendered":"Funil de Vendas: veja como promover efic\u00e1cia e gest\u00e3o de oportunidades"},"content":{"rendered":"\n<p>O funil de vendas \u00e9 uma ferramenta essencial para <strong>aprimorar a efici\u00eancia e a administra\u00e7\u00e3o de oportunidades.<\/strong> Nesse vi\u00e9s, \u00e9 preciso conhecer profundamente todas as etapas e entender como construir um funil de vendas eficiente.&nbsp;<\/p>\n\n\n\n<p>O processo de vendas n\u00e3o \u00e9 simples. De forma distinta do que as pessoas idealizam, uma venda n\u00e3o se resume \u00e0 entrega do produto ao cliente ap\u00f3s a realiza\u00e7\u00e3o do pagamento.&nbsp;<\/p>\n\n\n\n<p>Na verdade, a venda abrange uma sequ\u00eancia de etapas at\u00e9 que seja efetivamente conclu\u00edda. E voc\u00ea? J\u00e1 conhecia a import\u00e2ncia do funil de vendas para uma empresa? Continue com a gente para entender um pouco mais sobre esse processo!<\/p>\n\n\n\n<div id=\"ez-toc-container\" class=\"ez-toc-v2_0_81 ez-toc-wrap-left counter-hierarchy ez-toc-counter ez-toc-custom ez-toc-container-direction\">\n<div class=\"ez-toc-title-container\">\n<p class=\"ez-toc-title\" style=\"cursor:inherit\">Neste artigo voc\u00ea vai ver:<\/p>\n<span class=\"ez-toc-title-toggle\"><a href=\"#\" class=\"ez-toc-pull-right ez-toc-btn ez-toc-btn-xs ez-toc-btn-default ez-toc-toggle\" aria-label=\"Alternar tabela de conte\u00fado\"><span class=\"ez-toc-js-icon-con\"><span class=\"\"><span class=\"eztoc-hide\" style=\"display:none;\">Toggle<\/span><span class=\"ez-toc-icon-toggle-span\"><svg style=\"fill: #0066bf;color:#0066bf\" xmlns=\"http:\/\/www.w3.org\/2000\/svg\" class=\"list-377408\" width=\"20px\" height=\"20px\" viewBox=\"0 0 24 24\" fill=\"none\"><path d=\"M6 6H4v2h2V6zm14 0H8v2h12V6zM4 11h2v2H4v-2zm16 0H8v2h12v-2zM4 16h2v2H4v-2zm16 0H8v2h12v-2z\" fill=\"currentColor\"><\/path><\/svg><svg style=\"fill: #0066bf;color:#0066bf\" class=\"arrow-unsorted-368013\" xmlns=\"http:\/\/www.w3.org\/2000\/svg\" width=\"10px\" height=\"10px\" viewBox=\"0 0 24 24\" version=\"1.2\" baseProfile=\"tiny\"><path d=\"M18.2 9.3l-6.2-6.3-6.2 6.3c-.2.2-.3.4-.3.7s.1.5.3.7c.2.2.4.3.7.3h11c.3 0 .5-.1.7-.3.2-.2.3-.5.3-.7s-.1-.5-.3-.7zM5.8 14.7l6.2 6.3 6.2-6.3c.2-.2.3-.5.3-.7s-.1-.5-.3-.7c-.2-.2-.4-.3-.7-.3h-11c-.3 0-.5.1-.7.3-.2.2-.3.5-.3.7s.1.5.3.7z\"\/><\/svg><\/span><\/span><\/span><\/a><\/span><\/div>\n<nav><ul class='ez-toc-list ez-toc-list-level-1 ' ><li class='ez-toc-page-1 ez-toc-heading-level-2'><a class=\"ez-toc-link ez-toc-heading-1\" href=\"https:\/\/www.empresaqui.com.br\/blog\/funil-de-vendas\/#O_que_e_Funil_de_Vendas\" >O que \u00e9 Funil de Vendas?<\/a><\/li><li class='ez-toc-page-1 ez-toc-heading-level-2'><a class=\"ez-toc-link ez-toc-heading-2\" href=\"https:\/\/www.empresaqui.com.br\/blog\/funil-de-vendas\/#Como_funciona_o_Funil_de_Vendas\" >Como funciona o Funil de Vendas?<\/a><\/li><li class='ez-toc-page-1 ez-toc-heading-level-2'><a class=\"ez-toc-link ez-toc-heading-3\" href=\"https:\/\/www.empresaqui.com.br\/blog\/funil-de-vendas\/#Por_que_e_importante_definir_o_seu_Funil_de_Vendas\" >Por que \u00e9 importante definir o seu Funil de Vendas?<\/a><\/li><li class='ez-toc-page-1 ez-toc-heading-level-2'><a class=\"ez-toc-link ez-toc-heading-4\" href=\"https:\/\/www.empresaqui.com.br\/blog\/funil-de-vendas\/#Como_montar_um_Funil_de_Vendas\" >Como montar um Funil de Vendas?<\/a><\/li><li class='ez-toc-page-1 ez-toc-heading-level-2'><a class=\"ez-toc-link ez-toc-heading-5\" href=\"https:\/\/www.empresaqui.com.br\/blog\/funil-de-vendas\/#Gere_listas_de_empresas_personalizadas\" >Gere listas de empresas personalizadas!<\/a><\/li><\/ul><\/nav><\/div>\n<h2 class=\"wp-block-heading\"><span class=\"ez-toc-section\" id=\"O_que_e_Funil_de_Vendas\"><\/span><strong>O que \u00e9 Funil de Vendas?<\/strong><span class=\"ez-toc-section-end\"><\/span><\/h2>\n\n\n\n<p>O funil de vendas, tamb\u00e9m conhecido como pipeline, \u00e9 um modelo estrat\u00e9gico que representa a<strong> <\/strong><a href=\"https:\/\/www.empresaqui.com.br\/blog\/jornada-do-cliente-b2b\/\"><strong>trajet\u00f3ria do cliente<\/strong><\/a> desde o primeiro contato com a empresa at\u00e9 a conclus\u00e3o do neg\u00f3cio.&nbsp;<\/p>\n\n\n\n<p>Esse modelo consiste em uma s\u00e9rie de fases e gatilhos, os quais foram projetados para auxiliar na jornada de aquisi\u00e7\u00e3o de <a href=\"https:\/\/www.empresaqui.com.br\/blog\/persona\/\"><strong>persona<\/strong><\/a> de uma organiza\u00e7\u00e3o espec\u00edfica.&nbsp;<\/p>\n\n\n\n<p>Nesse contexto, uma das principais condi\u00e7\u00f5es para iniciar um funil de vendas \u00e9 integrar as \u00e1reas de marketing e de vendas, estabelecendo uma estrutura pr\u00e1tica para a trajet\u00f3ria de Leads e a transi\u00e7\u00e3o de oportunidades no instante mais adequado para o processo de vendas.<\/p>\n\n\n\n<h2 class=\"wp-block-heading\"><span class=\"ez-toc-section\" id=\"Como_funciona_o_Funil_de_Vendas\"><\/span><strong>Como funciona o Funil de Vendas?<\/strong><span class=\"ez-toc-section-end\"><\/span><\/h2>\n\n\n\n<p>O processo de compra n\u00e3o \u00e9 homog\u00eaneo, uma vez que sua realiza\u00e7\u00e3o ocorre em etapas. Sendo assim, durante a trajet\u00f3ria, o <strong>cliente percorre diversos momentos que definem se ele est\u00e1 pr\u00f3ximo de concretizar a compra.&nbsp;<\/strong><\/p>\n\n\n\n<p>Nesse contexto, existem diferentes fases na experi\u00eancia do cliente, desde o instante em que ele toma conhecimento da solu\u00e7\u00e3o pela primeira vez, passando pela pesquisa sobre o item em quest\u00e3o, at\u00e9 a efetiva\u00e7\u00e3o da compra e a poss\u00edvel recomenda\u00e7\u00e3o que realiza ap\u00f3s utilizar o produto.&nbsp;<\/p>\n\n\n\n<p>A t\u00edtulo de exemplo, um cliente que conheceu recentemente um produto est\u00e1 menos inclinado a efetuar uma compra em compara\u00e7\u00e3o a uma pessoa que j\u00e1 conferiu, at\u00e9 mesmo, as avalia\u00e7\u00f5es dispon\u00edveis no site da empresa.&nbsp;<\/p>\n\n\n\n<p>Dessa forma, para avaliar o <strong>grau de prepara\u00e7\u00e3o do cliente referente \u00e0 decis\u00e3o de compra<\/strong>, segmentamos esses momentos em diversas partes, definindo as etapas do funil de vendas, as quais voc\u00ea encontra, logo abaixo:&nbsp;<\/p>\n\n\n\n<h3 class=\"wp-block-heading\"><strong>Etapas do Funil de Vendas<\/strong><\/h3>\n\n\n\n<p>As etapas do funil de vendas s\u00e3o compostas por:<\/p>\n\n\n\n<h4 class=\"wp-block-heading\">1. <strong>Prospec\u00e7\u00e3o e qualifica\u00e7\u00e3o<\/strong><\/h4>\n\n\n\n<p>A primeira etapa do processo de funil de vendas \u00e9 a <a href=\"https:\/\/www.empresaqui.com.br\/blog\/prospeccao-de-clientes\/\"><strong>prospec\u00e7\u00e3o<\/strong><\/a>. Nessa fase, \u00e9 preciso fazer uma pesquisa profunda no mercado, a fim de encontrar <a href=\"https:\/\/www.empresaqui.com.br\/blog\/leads-b2b\/\"><strong>clientes em potencial.&nbsp;<\/strong><\/a><\/p>\n\n\n\n<p>Esse processo consiste em identificar quais clientes s\u00e3o capazes de adquirir os produtos ou os servi\u00e7os oferecidos pela empresa.&nbsp;<\/p>\n\n\n\n<p>A qualifica\u00e7\u00e3o, por sua vez, objetiva fomentar a import\u00e2ncia e o valor notado pelos consumidores e mudar os leads em oportunidades de venda.&nbsp;<\/p>\n\n\n\n<p>Assim, na qualifica\u00e7\u00e3o \u00e9 preciso verificar as <strong>reais necessidades dos clientes<\/strong>, ou seja, entender quais pessoas podem efetuar compras&nbsp; e o tempo necess\u00e1rio para adquirir algum produto ou servi\u00e7o.&nbsp;<\/p>\n\n\n\n<p>Al\u00e9m disso, tamb\u00e9m \u00e9 importante considerar a quantia de dinheiro dispon\u00edvel pelo cliente para a finaliza\u00e7\u00e3o da compra.&nbsp;<\/p>\n\n\n\n<h4 class=\"wp-block-heading\">2. <strong>Prepara\u00e7\u00e3o<\/strong><\/h4>\n\n\n\n<p>A segunda etapa do funil de vendas consiste no <strong>preparo para o primeiro contato<\/strong> com um poss\u00edvel cliente. Durante esse per\u00edodo, \u00e9 necess\u00e1rio explorar o mercado e reunir todas as informa\u00e7\u00f5es pertinentes acerca do seu produto ou servi\u00e7o.&nbsp;<\/p>\n\n\n\n<p>Ap\u00f3s isso, \u00e9 preciso elaborar uma exposi\u00e7\u00e3o de vendas, a qual deve estar de acordo com as necessidades particulares do cliente em potencial.&nbsp;<\/p>\n\n\n\n<h4 class=\"wp-block-heading\">3. <strong>Abordagem<\/strong><\/h4>\n\n\n\n<p>A abordagem, por sua vez, refere-se \u00e0 <strong>primeira comunica\u00e7\u00e3o com o cliente.<\/strong> Esse contato pode ocorrer, por meio de uma reuni\u00e3o presencial ou por chamada de telefone.&nbsp;<\/p>\n\n\n\n<p>Existem tr\u00eas abordagens que podem ser utilizadas, as quais s\u00e3o:&nbsp;<\/p>\n\n\n\n<ul class=\"wp-block-list\">\n<li><strong>Abordagem premium: <\/strong>inicia a intera\u00e7\u00e3o dando um presente ao cliente;<\/li>\n\n\n\n<li><strong>Abordagem da pergunta: <\/strong>come\u00e7a o processo fazendo uma pergunta que desperte o interesse do cliente;<\/li>\n\n\n\n<li><strong>Abordagem do produto:<\/strong> apresenta ao cliente uma amostra do produto ou uma avalia\u00e7\u00e3o do servi\u00e7o para que ele possa fazer uma an\u00e1lise.&nbsp;<\/li>\n<\/ul>\n\n\n\n<h4 class=\"wp-block-heading\">4. <strong>Apresenta\u00e7\u00e3o<\/strong><\/h4>\n\n\n\n<p>Na etapa da apresenta\u00e7\u00e3o, \u00e9 preciso evidenciar de forma ativa como o produto ou servi\u00e7o considera as <strong>exig\u00eancias do cliente em potencial.<\/strong>&nbsp;<\/p>\n\n\n\n<p>Durante a apresenta\u00e7\u00e3o, \u00e9 recomend\u00e1vel elaborar um discurso de vendas e exibir toda a estrutura do projeto no PowerPoint. Isso facilita a comunica\u00e7\u00e3o e o entendimento entre as partes envolvidas.<\/p>\n\n\n\n<h4 class=\"wp-block-heading\">5. <strong>Lidando com obje\u00e7\u00f5es<\/strong><\/h4>\n\n\n\n<p>Lidar com <a href=\"https:\/\/www.agendor.com.br\/blog\/objecoes-em-vendas\/?utm_source=empresaqui&amp;utm_medium=referral&amp;utm_campaign=crm-noutros-sites-2025&amp;utm_content=funil-de-vendas\" target=\"_blank\" rel=\"noreferrer noopener\"><strong>obje\u00e7\u00f5es<\/strong><\/a> possivelmente \u00e9 uma das etapas menos valorizadas no processo de vendas. Essa fase \u00e9 o momento de <strong>discutir as preocupa\u00e7\u00f5es dos clientes.<\/strong> Al\u00e9m disso, \u00e9 muito comum que vendedores desistam do processo.\u00a0<\/p>\n\n\n\n<p>Dessa forma, lidar com as obje\u00e7\u00f5es e trazer tranquilidade para os clientes representam a separa\u00e7\u00e3o entre um vendedor bom de um vendedor ruim.&nbsp;<\/p>\n\n\n\n<h4 class=\"wp-block-heading\">6. <strong>Fechamento<\/strong><\/h4>\n\n\n\n<p>O fechamento representa a etapa em que o cliente indica se ir\u00e1 prosseguir com a negocia\u00e7\u00e3o. Essa fase pode apresentar diferentes t\u00e9cnicas de conclus\u00e3o, as quais dependem da \u00e1rea de atua\u00e7\u00e3o da empresa. Confira quais s\u00e3o elas:<\/p>\n\n\n\n<ul class=\"wp-block-list\">\n<li><strong>Alternativa: <\/strong>&nbsp;comporte-se como se a venda j\u00e1 estivesse conclu\u00edda e apresente alternativas ao cliente;<\/li>\n\n\n\n<li><strong>Incentivo adicional: <\/strong>proporcione algo extra para motivar o cliente a concluir a venda.&nbsp;<\/li>\n\n\n\n<li><strong>Alta demanda:<\/strong> enfatize a disponibilidade por um per\u00edodo limitado, criando um ideal de urg\u00eancia.&nbsp;<\/li>\n<\/ul>\n\n\n\n<h4 class=\"wp-block-heading\">7. <strong>Acompanhamento e fideliza\u00e7\u00e3o&nbsp;<\/strong><\/h4>\n\n\n\n<p>O trabalho n\u00e3o finaliza ap\u00f3s a conclus\u00e3o da venda. Na fase p\u00f3s-venda \u00e9 essencial <strong>manter contato com os clientes<\/strong> n\u00e3o apenas para realizar novas vendas, mas tamb\u00e9m para obter recomenda\u00e7\u00f5es.&nbsp;<\/p>\n\n\n\n<p>Nesse sentido, considerando que reter um cliente \u00e9 mais econ\u00f4mico que conquistar um novo, a manuten\u00e7\u00e3o do relacionamento desempenha um papel fundamental.&nbsp;<\/p>\n\n\n\n<h2 class=\"wp-block-heading\"><span class=\"ez-toc-section\" id=\"Por_que_e_importante_definir_o_seu_Funil_de_Vendas\"><\/span><strong>Por que \u00e9 importante definir o seu Funil de Vendas?<\/strong><span class=\"ez-toc-section-end\"><\/span><\/h2>\n\n\n\n<p>A defini\u00e7\u00e3o do funil de vendas \u00e9 fundamental para compreender a efic\u00e1cia da ferramenta de aquisi\u00e7\u00e3o de novos clientes, o que permite <strong>construir estrat\u00e9gias para atingir as metas estabelecidas.&nbsp;<\/strong><\/p>\n\n\n\n<p>O processo de desenvolvimento do funil de vendas \u00e9 respons\u00e1vel por aperfei\u00e7oar a compreens\u00e3o sobre a trajet\u00f3ria de compras dos clientes e por evidenciar as atividades que as empresas precisam executar para otimizar as vendas.<\/p>\n\n\n\n<p>Al\u00e9m disso, o funil de vendas confere outras vantagens aos neg\u00f3cios, como:&nbsp;<\/p>\n\n\n\n<ul class=\"wp-block-list\">\n<li>Previsibilidade dos resultados;<\/li>\n\n\n\n<li>Aumento da produtividade;&nbsp;<\/li>\n\n\n\n<li>Otimiza\u00e7\u00e3o do processo de gerenciamento;&nbsp;<\/li>\n\n\n\n<li>Maior acompanhamento das oportunidades;<\/li>\n\n\n\n<li>Informa\u00e7\u00f5es para a constru\u00e7\u00e3o de produtos.&nbsp;<\/li>\n<\/ul>\n\n\n\n<h2 class=\"wp-block-heading\"><span class=\"ez-toc-section\" id=\"Como_montar_um_Funil_de_Vendas\"><\/span><strong>Como montar um Funil de Vendas?<\/strong><span class=\"ez-toc-section-end\"><\/span><\/h2>\n\n\n\n<p>Ap\u00f3s entender de forma completa o funil de vendas, \u00e9 importante compreender como desenvolver esse modelo estrat\u00e9gico na sua empresa. Confira, logo abaixo, o passo a passo para criar um funil de vendas eficiente:&nbsp;<\/p>\n\n\n\n<h3 class=\"wp-block-heading\"><strong>Mapeie a jornada de compras<\/strong><\/h3>\n\n\n\n<p>Para supervisionar a trajet\u00f3ria de compra do seu cliente, \u00e9 essencial ter um entendimento profundo sobre ela.&nbsp;<\/p>\n\n\n\n<p>Nesse sentido, caso a empresa apresente uma quantidade relevante de clientes, \u00e9 preciso realizar um mapeamento da jornada, por meio de uma <strong>pesquisa de persona.&nbsp;<\/strong><\/p>\n\n\n\n<p>Essa pesquisa consiste em uma sequ\u00eancia de perguntas direcionadas aos clientes mais destacados da organiza\u00e7\u00e3o, com a finalidade de estabelecer o <a href=\"https:\/\/www.empresaqui.com.br\/blog\/perfil-do-cliente\/\"><strong>perfil do cliente ideal<\/strong><\/a>, compreender suas d\u00favidas, aspira\u00e7\u00f5es e os motivos que os impulsionam a efetuar uma compra.&nbsp;<\/p>\n\n\n\n<p>Dessa forma, pensando nas pessoas que est\u00e3o iniciando, a abordagem mais eficaz consiste em dialogar com o maior n\u00famero poss\u00edvel de clientes para compreender como eles descobriram a empresa, os motivos que os levaram a concretizar um neg\u00f3cios e entre outros fatores.&nbsp;<\/p>\n\n\n\n<h3 class=\"wp-block-heading\"><strong>Defina os marcos do processo de vendas<\/strong><\/h3>\n\n\n\n<p>Ao compreender a trajet\u00f3ria de compras dos clientes, \u00e9 necess\u00e1rio ultrapassar as fases de consci\u00eancia, considera\u00e7\u00e3o e decis\u00e3o.&nbsp;<\/p>\n\n\n\n<p>Dessa forma, \u00e9 fundamental aplicar alguns milestones, ou seja, <strong>marcos que indicam o amadurecimento dos consumidores<\/strong>, o que permite adquirir um conhecimento mais aprofundado sobre o produto ou solu\u00e7\u00e3o.&nbsp;<\/p>\n\n\n\n<p>Os marcos s\u00e3o, portanto, importantes indicadores para entender o instante em que o cliente alcan\u00e7ou um nova fase no funil, o que auxilia na aplica\u00e7\u00e3o de ferramentas para <strong>convencer tais clientes a passar para as fases seguintes.<\/strong>&nbsp;<\/p>\n\n\n\n<h3 class=\"wp-block-heading\"><strong>Defina as etapas do Funil de Vendas<\/strong><\/h3>\n\n\n\n<p>A defini\u00e7\u00e3o das etapas do funil de vendas deve ser cuidadosamente planejada com a finalidade de oferecer todo o suporte necess\u00e1rio \u00e0<strong> <\/strong><a href=\"https:\/\/www.empresaqui.com.br\/blog\/funil-de-vendas-b2b\/\"><strong>jornada de compras<\/strong><\/a>, o que entrega o valor essencial para impulsionar o avan\u00e7o do cliente.&nbsp;<\/p>\n\n\n\n<p>Durante a execu\u00e7\u00e3o dos processos de venda, \u00e9 preciso verificar poss\u00edveis <strong>gatilhos <\/strong>que marcam a transi\u00e7\u00e3o entre as etapas. Isso garante que essas etapas apresentem o mesmo significado para diferentes participantes e que alcancem o objetivo de proporcionar maior previsibilidade ao funil.&nbsp;<\/p>\n\n\n\n<figure class=\"wp-block-image size-full\"><img loading=\"lazy\" decoding=\"async\" width=\"900\" height=\"500\" src=\"https:\/\/www.empresaqui.com.br\/blog\/wp-content\/uploads\/2024\/10\/funil-de-vendas.jpg\" alt=\"Imagem de um funil de vendas dividido em tr\u00eas partes: topo de funil (em azul claro), meio de funil (em tom mais claro de azul) e fundo de funil (em azul escuro), representando as etapas de qualifica\u00e7\u00e3o de leads. \u00c0 esquerda, h\u00e1 um texto escrito &quot;Funil de Vendas&quot; em destaque.\" class=\"wp-image-2892\" srcset=\"https:\/\/www.empresaqui.com.br\/blog\/wp-content\/uploads\/2024\/10\/funil-de-vendas.jpg 900w, https:\/\/www.empresaqui.com.br\/blog\/wp-content\/uploads\/2024\/10\/funil-de-vendas-300x167.jpg 300w, https:\/\/www.empresaqui.com.br\/blog\/wp-content\/uploads\/2024\/10\/funil-de-vendas-768x427.jpg 768w\" sizes=\"auto, (max-width: 900px) 100vw, 900px\" \/><figcaption class=\"wp-element-caption\">Imagem ilustrativa do Funil de Vendas<\/figcaption><\/figure>\n\n\n\n<h3 class=\"wp-block-heading\"><strong>Otimize e escale o Funil de Vendas<\/strong><\/h3>\n\n\n\n<p>A otimiza\u00e7\u00e3o do funil de vendas come\u00e7a com a defini\u00e7\u00e3o dos <strong>indicadores de atividade<\/strong>, como a produtividade, e com a avalia\u00e7\u00e3o das taxas de convers\u00e3o entre as etapas, ou seja, a efici\u00eancia.&nbsp;<\/p>\n\n\n\n<p>Nesse sentido, ao gerenciar a produtividade do funil, \u00e9 poss\u00edvel estabelecer a fase solicitada de tarefas para alcan\u00e7ar os objetivos estabelecidos e, com isso, garantir que o processo seja escal\u00e1vel.&nbsp;<\/p>\n\n\n\n<p>Dessa maneira, o acompanhamento das taxas de convers\u00e3o permite <strong>otimizar a efici\u00eancia dos processos<\/strong>, bem como a necessidade de realizar revis\u00f5es nos processos ou nos novos treinamentos da equipe.&nbsp;<\/p>\n\n\n\n<p>A escala de funil de vendas apresenta como base a necessidade de capacitar as pessoas a executarem as atividades inerentes ao processo estabelecido, por interm\u00e9dio do desenvolvimento de playbooks, instrumentos de aprendizagem, treinamentos e certifica\u00e7\u00f5es.<\/p>\n\n\n\n<div class=\"banner\">\n            <h2><span class=\"ez-toc-section\" id=\"Gere_listas_de_empresas_personalizadas\"><\/span>Gere listas de empresas personalizadas!<span class=\"ez-toc-section-end\"><\/span><\/h2>\n            <p>Cadastre-se gr\u00e1tis agora mesmo<\/p>\n            <div class=\"bottom-banner\">\n                <img decoding=\"async\" src=\"https:\/\/www.empresaqui.com.br\/blog\/wp-content\/uploads\/2021\/11\/AdminLTELogo.png\" alt=\"Seu Logotipo\" class=\"logo\">\n                <a href=\"https:\/\/www.empresaqui.com.br\/plano-gratuito?utm_source=blog&amp;utm_medium=banner&amp;utm_campaign=CTA-GRATUITO-HTML\" class=\"cta-button-banner\">Teste aqui agora<\/a>\n            <\/div>\n        <\/div>\n        <style>\n            .bottom-banner{\n                display: flex;\n                justify-content: center;\n                align-items: center;\n            }\n            .bottom-banner img{\n                width: 3rem !important;\n                height: 3rem !important;\n                margin-right: 1rem;\n            }\n            .banner h2{\n                font-family: Arial, sans-serif;\n                color: #fff !important;\n            }\n            .banner p{\n                font-family: Arial, sans-serif;\n            }\n            .banner {\n                background:#001E40;\n                color: #FFFFFF;\n                text-align: center;\n                padding: 20px;\n            }\n            .cta-button-banner {\n                display: inline-block;\n                background-color: #0CFFFB;\n                color: #000;\n                border: none;\n                padding: 1px 15px;\n                font-size: 14px;\n                font-family: sans-serif;\n                font-weight: 700;\n                border-radius: 21px;\n                cursor: pointer;\n                transition: background-color 0.3s ease;\n                text-decoration: none;\n            }\n            @media (max-width: 767px) {\n                .banner h2{\n                    font-size:20px;\n                }\n                .cta-button-banner {\n                    padding: 1px 15px;\n                    font-size: 12px;\n                }\n            }\n        <\/style>\n","protected":false},"excerpt":{"rendered":"<p>O funil de vendas \u00e9 uma ferramenta essencial para aprimorar a efici\u00eancia e a administra\u00e7\u00e3o de oportunidades. Nesse vi\u00e9s, \u00e9 [&hellip;]<\/p>\n","protected":false},"author":4,"featured_media":0,"comment_status":"closed","ping_status":"closed","sticky":false,"template":"","format":"standard","meta":{"_acf_changed":false,"_uag_custom_page_level_css":"","site-sidebar-layout":"default","site-content-layout":"","ast-site-content-layout":"default","site-content-style":"default","site-sidebar-style":"default","ast-global-header-display":"","ast-banner-title-visibility":"","ast-main-header-display":"","ast-hfb-above-header-display":"","ast-hfb-below-header-display":"","ast-hfb-mobile-header-display":"","site-post-title":"","ast-breadcrumbs-content":"","ast-featured-img":"","footer-sml-layout":"","theme-transparent-header-meta":"","adv-header-id-meta":"","stick-header-meta":"","header-above-stick-meta":"","header-main-stick-meta":"","header-below-stick-meta":"","astra-migrate-meta-layouts":"default","ast-page-background-enabled":"default","ast-page-background-meta":{"desktop":{"background-color":"var(--ast-global-color-4)","background-image":"","background-repeat":"repeat","background-position":"center center","background-size":"auto","background-attachment":"scroll","background-type":"","background-media":"","overlay-type":"","overlay-color":"","overlay-opacity":"","overlay-gradient":""},"tablet":{"background-color":"","background-image":"","background-repeat":"repeat","background-position":"center center","background-size":"auto","background-attachment":"scroll","background-type":"","background-media":"","overlay-type":"","overlay-color":"","overlay-opacity":"","overlay-gradient":""},"mobile":{"background-color":"","background-image":"","background-repeat":"repeat","background-position":"center center","background-size":"auto","background-attachment":"scroll","background-type":"","background-media":"","overlay-type":"","overlay-color":"","overlay-opacity":"","overlay-gradient":""}},"ast-content-background-meta":{"desktop":{"background-color":"var(--ast-global-color-5)","background-image":"","background-repeat":"repeat","background-position":"center center","background-size":"auto","background-attachment":"scroll","background-type":"","background-media":"","overlay-type":"","overlay-color":"","overlay-opacity":"","overlay-gradient":""},"tablet":{"background-color":"var(--ast-global-color-5)","background-image":"","background-repeat":"repeat","background-position":"center center","background-size":"auto","background-attachment":"scroll","background-type":"","background-media":"","overlay-type":"","overlay-color":"","overlay-opacity":"","overlay-gradient":""},"mobile":{"background-color":"var(--ast-global-color-5)","background-image":"","background-repeat":"repeat","background-position":"center center","background-size":"auto","background-attachment":"scroll","background-type":"","background-media":"","overlay-type":"","overlay-color":"","overlay-opacity":"","overlay-gradient":""}},"footnotes":""},"categories":[1],"tags":[],"class_list":["post-1015","post","type-post","status-publish","format-standard","hentry","category-noticias"],"acf":[],"yoast_head":"<!-- This site is optimized with the Yoast SEO plugin v27.4 - https:\/\/yoast.com\/product\/yoast-seo-wordpress\/ -->\n<title>Funil de Vendas: o que \u00e9, suas etapas e como definir o seu!<\/title>\n<meta name=\"description\" content=\"Entender a jornada do cliente \u00e9 fundamental para o processo de venda. Descubra como aplicar o Funil de Vendas para garantir o sucesso no fechamento do neg\u00f3cio!\" \/>\n<meta name=\"robots\" content=\"index, follow, max-snippet:-1, max-image-preview:large, max-video-preview:-1\" \/>\n<link rel=\"canonical\" href=\"https:\/\/www.empresaqui.com.br\/blog\/funil-de-vendas\/\" \/>\n<meta property=\"og:locale\" content=\"pt_BR\" \/>\n<meta property=\"og:type\" content=\"article\" \/>\n<meta property=\"og:title\" content=\"Funil de Vendas: o que \u00e9, suas etapas e como definir o seu!\" \/>\n<meta property=\"og:description\" content=\"Entender a jornada do cliente \u00e9 fundamental para o processo de venda. Descubra como aplicar o Funil de Vendas para garantir o sucesso no fechamento do neg\u00f3cio!\" \/>\n<meta property=\"og:url\" content=\"https:\/\/www.empresaqui.com.br\/blog\/funil-de-vendas\/\" \/>\n<meta property=\"og:site_name\" content=\"Blog EmpresAqui\" \/>\n<meta property=\"article:publisher\" content=\"https:\/\/www.facebook.com\/empresaquibr\" \/>\n<meta property=\"article:published_time\" content=\"2023-11-23T13:02:08+00:00\" \/>\n<meta property=\"article:modified_time\" content=\"2025-11-28T12:34:51+00:00\" \/>\n<meta property=\"og:image\" content=\"https:\/\/www.empresaqui.com.br\/blog\/wp-content\/uploads\/2024\/10\/funil-de-vendas.jpg\" \/>\n\t<meta property=\"og:image:width\" content=\"900\" \/>\n\t<meta property=\"og:image:height\" content=\"500\" \/>\n\t<meta property=\"og:image:type\" content=\"image\/jpeg\" \/>\n<meta name=\"author\" content=\"Jamille Rocha\" \/>\n<meta name=\"twitter:card\" content=\"summary_large_image\" \/>\n<meta name=\"twitter:label1\" content=\"Escrito por\" \/>\n\t<meta name=\"twitter:data1\" content=\"Jamille Rocha\" \/>\n\t<meta name=\"twitter:label2\" content=\"Est. tempo de leitura\" \/>\n\t<meta name=\"twitter:data2\" content=\"9 minutos\" \/>\n<script type=\"application\/ld+json\" class=\"yoast-schema-graph\">{\"@context\":\"https:\\\/\\\/schema.org\",\"@graph\":[{\"@type\":\"Article\",\"@id\":\"https:\\\/\\\/www.empresaqui.com.br\\\/blog\\\/funil-de-vendas\\\/#article\",\"isPartOf\":{\"@id\":\"https:\\\/\\\/www.empresaqui.com.br\\\/blog\\\/funil-de-vendas\\\/\"},\"author\":{\"name\":\"Jamille Rocha\",\"@id\":\"https:\\\/\\\/www.empresaqui.com.br\\\/blog\\\/#\\\/schema\\\/person\\\/143604485ecb43926554432880c87570\"},\"headline\":\"Funil de Vendas: veja como promover efic\u00e1cia e gest\u00e3o de oportunidades\",\"datePublished\":\"2023-11-23T13:02:08+00:00\",\"dateModified\":\"2025-11-28T12:34:51+00:00\",\"mainEntityOfPage\":{\"@id\":\"https:\\\/\\\/www.empresaqui.com.br\\\/blog\\\/funil-de-vendas\\\/\"},\"wordCount\":1681,\"publisher\":{\"@id\":\"https:\\\/\\\/www.empresaqui.com.br\\\/blog\\\/#organization\"},\"image\":{\"@id\":\"https:\\\/\\\/www.empresaqui.com.br\\\/blog\\\/funil-de-vendas\\\/#primaryimage\"},\"thumbnailUrl\":\"https:\\\/\\\/www.empresaqui.com.br\\\/blog\\\/wp-content\\\/uploads\\\/2024\\\/10\\\/funil-de-vendas.jpg\",\"articleSection\":[\"Not\u00edcias\"],\"inLanguage\":\"pt-BR\"},{\"@type\":\"WebPage\",\"@id\":\"https:\\\/\\\/www.empresaqui.com.br\\\/blog\\\/funil-de-vendas\\\/\",\"url\":\"https:\\\/\\\/www.empresaqui.com.br\\\/blog\\\/funil-de-vendas\\\/\",\"name\":\"Funil de Vendas: o que \u00e9, suas etapas e como definir o seu!\",\"isPartOf\":{\"@id\":\"https:\\\/\\\/www.empresaqui.com.br\\\/blog\\\/#website\"},\"primaryImageOfPage\":{\"@id\":\"https:\\\/\\\/www.empresaqui.com.br\\\/blog\\\/funil-de-vendas\\\/#primaryimage\"},\"image\":{\"@id\":\"https:\\\/\\\/www.empresaqui.com.br\\\/blog\\\/funil-de-vendas\\\/#primaryimage\"},\"thumbnailUrl\":\"https:\\\/\\\/www.empresaqui.com.br\\\/blog\\\/wp-content\\\/uploads\\\/2024\\\/10\\\/funil-de-vendas.jpg\",\"datePublished\":\"2023-11-23T13:02:08+00:00\",\"dateModified\":\"2025-11-28T12:34:51+00:00\",\"description\":\"Entender a jornada do cliente \u00e9 fundamental para o processo de venda. Descubra como aplicar o Funil de Vendas para garantir o sucesso no fechamento do neg\u00f3cio!\",\"breadcrumb\":{\"@id\":\"https:\\\/\\\/www.empresaqui.com.br\\\/blog\\\/funil-de-vendas\\\/#breadcrumb\"},\"inLanguage\":\"pt-BR\",\"potentialAction\":[{\"@type\":\"ReadAction\",\"target\":[\"https:\\\/\\\/www.empresaqui.com.br\\\/blog\\\/funil-de-vendas\\\/\"]}]},{\"@type\":\"ImageObject\",\"inLanguage\":\"pt-BR\",\"@id\":\"https:\\\/\\\/www.empresaqui.com.br\\\/blog\\\/funil-de-vendas\\\/#primaryimage\",\"url\":\"https:\\\/\\\/www.empresaqui.com.br\\\/blog\\\/wp-content\\\/uploads\\\/2024\\\/10\\\/funil-de-vendas.jpg\",\"contentUrl\":\"https:\\\/\\\/www.empresaqui.com.br\\\/blog\\\/wp-content\\\/uploads\\\/2024\\\/10\\\/funil-de-vendas.jpg\",\"width\":900,\"height\":500,\"caption\":\"Imagem ilustrativa do Funil de Vendas\"},{\"@type\":\"BreadcrumbList\",\"@id\":\"https:\\\/\\\/www.empresaqui.com.br\\\/blog\\\/funil-de-vendas\\\/#breadcrumb\",\"itemListElement\":[{\"@type\":\"ListItem\",\"position\":1,\"name\":\"In\u00edcio\",\"item\":\"https:\\\/\\\/www.empresaqui.com.br\\\/blog\\\/\"},{\"@type\":\"ListItem\",\"position\":2,\"name\":\"Not\u00edcias\",\"item\":\"https:\\\/\\\/www.empresaqui.com.br\\\/blog\\\/category\\\/noticias\\\/\"},{\"@type\":\"ListItem\",\"position\":3,\"name\":\"Funil de Vendas: veja como promover efic\u00e1cia e gest\u00e3o de oportunidades\"}]},{\"@type\":\"WebSite\",\"@id\":\"https:\\\/\\\/www.empresaqui.com.br\\\/blog\\\/#website\",\"url\":\"https:\\\/\\\/www.empresaqui.com.br\\\/blog\\\/\",\"name\":\"Blog EmpresAqui\",\"description\":\"\",\"publisher\":{\"@id\":\"https:\\\/\\\/www.empresaqui.com.br\\\/blog\\\/#organization\"},\"potentialAction\":[{\"@type\":\"SearchAction\",\"target\":{\"@type\":\"EntryPoint\",\"urlTemplate\":\"https:\\\/\\\/www.empresaqui.com.br\\\/blog\\\/?s={search_term_string}\"},\"query-input\":{\"@type\":\"PropertyValueSpecification\",\"valueRequired\":true,\"valueName\":\"search_term_string\"}}],\"inLanguage\":\"pt-BR\"},{\"@type\":\"Organization\",\"@id\":\"https:\\\/\\\/www.empresaqui.com.br\\\/blog\\\/#organization\",\"name\":\"EmpresAqui\",\"url\":\"https:\\\/\\\/www.empresaqui.com.br\\\/blog\\\/\",\"logo\":{\"@type\":\"ImageObject\",\"inLanguage\":\"pt-BR\",\"@id\":\"https:\\\/\\\/www.empresaqui.com.br\\\/blog\\\/#\\\/schema\\\/logo\\\/image\\\/\",\"url\":\"https:\\\/\\\/www.empresaqui.com.br\\\/blog\\\/wp-content\\\/uploads\\\/2023\\\/02\\\/cropped-cropped-AdminLTELogo-2-1-1.png\",\"contentUrl\":\"https:\\\/\\\/www.empresaqui.com.br\\\/blog\\\/wp-content\\\/uploads\\\/2023\\\/02\\\/cropped-cropped-AdminLTELogo-2-1-1.png\",\"width\":100,\"height\":100,\"caption\":\"EmpresAqui\"},\"image\":{\"@id\":\"https:\\\/\\\/www.empresaqui.com.br\\\/blog\\\/#\\\/schema\\\/logo\\\/image\\\/\"},\"sameAs\":[\"https:\\\/\\\/www.facebook.com\\\/empresaquibr\",\"https:\\\/\\\/www.instagram.com\\\/empresaqui\"]},{\"@type\":\"Person\",\"@id\":\"https:\\\/\\\/www.empresaqui.com.br\\\/blog\\\/#\\\/schema\\\/person\\\/143604485ecb43926554432880c87570\",\"name\":\"Jamille Rocha\",\"image\":{\"@type\":\"ImageObject\",\"inLanguage\":\"pt-BR\",\"@id\":\"https:\\\/\\\/secure.gravatar.com\\\/avatar\\\/2f6b45baa44f90046c948f8af1f72e56c12a99f8d98da72b2bba204290c00022?s=96&d=mm&r=g\",\"url\":\"https:\\\/\\\/secure.gravatar.com\\\/avatar\\\/2f6b45baa44f90046c948f8af1f72e56c12a99f8d98da72b2bba204290c00022?s=96&d=mm&r=g\",\"contentUrl\":\"https:\\\/\\\/secure.gravatar.com\\\/avatar\\\/2f6b45baa44f90046c948f8af1f72e56c12a99f8d98da72b2bba204290c00022?s=96&d=mm&r=g\",\"caption\":\"Jamille Rocha\"},\"description\":\"Jamille Rocha \u00e9 diretora de Marketing &amp; Growth e s\u00f3cia do EmpresAqui, plataforma de dados e intelig\u00eancia de mercado para prospec\u00e7\u00e3o B2B. Atua, com mais de 7 anos de experi\u00eancia, na interse\u00e7\u00e3o entre estrat\u00e9gia, dados e crescimento, liderando iniciativas de aquisi\u00e7\u00e3o e convers\u00e3o para empresas orientadas por dados.\",\"url\":\"https:\\\/\\\/www.empresaqui.com.br\\\/blog\\\/author\\\/jamille-rocha-2\\\/\"}]}<\/script>\n<!-- \/ Yoast SEO plugin. -->","yoast_head_json":{"title":"Funil de Vendas: o que \u00e9, suas etapas e como definir o seu!","description":"Entender a jornada do cliente \u00e9 fundamental para o processo de venda. Descubra como aplicar o Funil de Vendas para garantir o sucesso no fechamento do neg\u00f3cio!","robots":{"index":"index","follow":"follow","max-snippet":"max-snippet:-1","max-image-preview":"max-image-preview:large","max-video-preview":"max-video-preview:-1"},"canonical":"https:\/\/www.empresaqui.com.br\/blog\/funil-de-vendas\/","og_locale":"pt_BR","og_type":"article","og_title":"Funil de Vendas: o que \u00e9, suas etapas e como definir o seu!","og_description":"Entender a jornada do cliente \u00e9 fundamental para o processo de venda. Descubra como aplicar o Funil de Vendas para garantir o sucesso no fechamento do neg\u00f3cio!","og_url":"https:\/\/www.empresaqui.com.br\/blog\/funil-de-vendas\/","og_site_name":"Blog EmpresAqui","article_publisher":"https:\/\/www.facebook.com\/empresaquibr","article_published_time":"2023-11-23T13:02:08+00:00","article_modified_time":"2025-11-28T12:34:51+00:00","og_image":[{"width":900,"height":500,"url":"https:\/\/www.empresaqui.com.br\/blog\/wp-content\/uploads\/2024\/10\/funil-de-vendas.jpg","type":"image\/jpeg"}],"author":"Jamille Rocha","twitter_card":"summary_large_image","twitter_misc":{"Escrito por":"Jamille Rocha","Est. tempo de leitura":"9 minutos"},"schema":{"@context":"https:\/\/schema.org","@graph":[{"@type":"Article","@id":"https:\/\/www.empresaqui.com.br\/blog\/funil-de-vendas\/#article","isPartOf":{"@id":"https:\/\/www.empresaqui.com.br\/blog\/funil-de-vendas\/"},"author":{"name":"Jamille Rocha","@id":"https:\/\/www.empresaqui.com.br\/blog\/#\/schema\/person\/143604485ecb43926554432880c87570"},"headline":"Funil de Vendas: veja como promover efic\u00e1cia e gest\u00e3o de oportunidades","datePublished":"2023-11-23T13:02:08+00:00","dateModified":"2025-11-28T12:34:51+00:00","mainEntityOfPage":{"@id":"https:\/\/www.empresaqui.com.br\/blog\/funil-de-vendas\/"},"wordCount":1681,"publisher":{"@id":"https:\/\/www.empresaqui.com.br\/blog\/#organization"},"image":{"@id":"https:\/\/www.empresaqui.com.br\/blog\/funil-de-vendas\/#primaryimage"},"thumbnailUrl":"https:\/\/www.empresaqui.com.br\/blog\/wp-content\/uploads\/2024\/10\/funil-de-vendas.jpg","articleSection":["Not\u00edcias"],"inLanguage":"pt-BR"},{"@type":"WebPage","@id":"https:\/\/www.empresaqui.com.br\/blog\/funil-de-vendas\/","url":"https:\/\/www.empresaqui.com.br\/blog\/funil-de-vendas\/","name":"Funil de Vendas: o que \u00e9, suas etapas e como definir o seu!","isPartOf":{"@id":"https:\/\/www.empresaqui.com.br\/blog\/#website"},"primaryImageOfPage":{"@id":"https:\/\/www.empresaqui.com.br\/blog\/funil-de-vendas\/#primaryimage"},"image":{"@id":"https:\/\/www.empresaqui.com.br\/blog\/funil-de-vendas\/#primaryimage"},"thumbnailUrl":"https:\/\/www.empresaqui.com.br\/blog\/wp-content\/uploads\/2024\/10\/funil-de-vendas.jpg","datePublished":"2023-11-23T13:02:08+00:00","dateModified":"2025-11-28T12:34:51+00:00","description":"Entender a jornada do cliente \u00e9 fundamental para o processo de venda. Descubra como aplicar o Funil de Vendas para garantir o sucesso no fechamento do neg\u00f3cio!","breadcrumb":{"@id":"https:\/\/www.empresaqui.com.br\/blog\/funil-de-vendas\/#breadcrumb"},"inLanguage":"pt-BR","potentialAction":[{"@type":"ReadAction","target":["https:\/\/www.empresaqui.com.br\/blog\/funil-de-vendas\/"]}]},{"@type":"ImageObject","inLanguage":"pt-BR","@id":"https:\/\/www.empresaqui.com.br\/blog\/funil-de-vendas\/#primaryimage","url":"https:\/\/www.empresaqui.com.br\/blog\/wp-content\/uploads\/2024\/10\/funil-de-vendas.jpg","contentUrl":"https:\/\/www.empresaqui.com.br\/blog\/wp-content\/uploads\/2024\/10\/funil-de-vendas.jpg","width":900,"height":500,"caption":"Imagem ilustrativa do Funil de Vendas"},{"@type":"BreadcrumbList","@id":"https:\/\/www.empresaqui.com.br\/blog\/funil-de-vendas\/#breadcrumb","itemListElement":[{"@type":"ListItem","position":1,"name":"In\u00edcio","item":"https:\/\/www.empresaqui.com.br\/blog\/"},{"@type":"ListItem","position":2,"name":"Not\u00edcias","item":"https:\/\/www.empresaqui.com.br\/blog\/category\/noticias\/"},{"@type":"ListItem","position":3,"name":"Funil de Vendas: veja como promover efic\u00e1cia e gest\u00e3o de oportunidades"}]},{"@type":"WebSite","@id":"https:\/\/www.empresaqui.com.br\/blog\/#website","url":"https:\/\/www.empresaqui.com.br\/blog\/","name":"Blog EmpresAqui","description":"","publisher":{"@id":"https:\/\/www.empresaqui.com.br\/blog\/#organization"},"potentialAction":[{"@type":"SearchAction","target":{"@type":"EntryPoint","urlTemplate":"https:\/\/www.empresaqui.com.br\/blog\/?s={search_term_string}"},"query-input":{"@type":"PropertyValueSpecification","valueRequired":true,"valueName":"search_term_string"}}],"inLanguage":"pt-BR"},{"@type":"Organization","@id":"https:\/\/www.empresaqui.com.br\/blog\/#organization","name":"EmpresAqui","url":"https:\/\/www.empresaqui.com.br\/blog\/","logo":{"@type":"ImageObject","inLanguage":"pt-BR","@id":"https:\/\/www.empresaqui.com.br\/blog\/#\/schema\/logo\/image\/","url":"https:\/\/www.empresaqui.com.br\/blog\/wp-content\/uploads\/2023\/02\/cropped-cropped-AdminLTELogo-2-1-1.png","contentUrl":"https:\/\/www.empresaqui.com.br\/blog\/wp-content\/uploads\/2023\/02\/cropped-cropped-AdminLTELogo-2-1-1.png","width":100,"height":100,"caption":"EmpresAqui"},"image":{"@id":"https:\/\/www.empresaqui.com.br\/blog\/#\/schema\/logo\/image\/"},"sameAs":["https:\/\/www.facebook.com\/empresaquibr","https:\/\/www.instagram.com\/empresaqui"]},{"@type":"Person","@id":"https:\/\/www.empresaqui.com.br\/blog\/#\/schema\/person\/143604485ecb43926554432880c87570","name":"Jamille Rocha","image":{"@type":"ImageObject","inLanguage":"pt-BR","@id":"https:\/\/secure.gravatar.com\/avatar\/2f6b45baa44f90046c948f8af1f72e56c12a99f8d98da72b2bba204290c00022?s=96&d=mm&r=g","url":"https:\/\/secure.gravatar.com\/avatar\/2f6b45baa44f90046c948f8af1f72e56c12a99f8d98da72b2bba204290c00022?s=96&d=mm&r=g","contentUrl":"https:\/\/secure.gravatar.com\/avatar\/2f6b45baa44f90046c948f8af1f72e56c12a99f8d98da72b2bba204290c00022?s=96&d=mm&r=g","caption":"Jamille Rocha"},"description":"Jamille Rocha \u00e9 diretora de Marketing &amp; Growth e s\u00f3cia do EmpresAqui, plataforma de dados e intelig\u00eancia de mercado para prospec\u00e7\u00e3o B2B. Atua, com mais de 7 anos de experi\u00eancia, na interse\u00e7\u00e3o entre estrat\u00e9gia, dados e crescimento, liderando iniciativas de aquisi\u00e7\u00e3o e convers\u00e3o para empresas orientadas por dados.","url":"https:\/\/www.empresaqui.com.br\/blog\/author\/jamille-rocha-2\/"}]}},"uagb_featured_image_src":{"full":false,"thumbnail":false,"medium":false,"medium_large":false,"large":false,"1536x1536":false,"2048x2048":false},"uagb_author_info":{"display_name":"Jamille Rocha","author_link":"https:\/\/www.empresaqui.com.br\/blog\/author\/jamille-rocha-2\/"},"uagb_comment_info":0,"uagb_excerpt":"O funil de vendas \u00e9 uma ferramenta essencial para aprimorar a efici\u00eancia e a administra\u00e7\u00e3o de oportunidades. Nesse vi\u00e9s, \u00e9 [&hellip;]","_links":{"self":[{"href":"https:\/\/www.empresaqui.com.br\/blog\/wp-json\/wp\/v2\/posts\/1015","targetHints":{"allow":["GET"]}}],"collection":[{"href":"https:\/\/www.empresaqui.com.br\/blog\/wp-json\/wp\/v2\/posts"}],"about":[{"href":"https:\/\/www.empresaqui.com.br\/blog\/wp-json\/wp\/v2\/types\/post"}],"author":[{"embeddable":true,"href":"https:\/\/www.empresaqui.com.br\/blog\/wp-json\/wp\/v2\/users\/4"}],"replies":[{"embeddable":true,"href":"https:\/\/www.empresaqui.com.br\/blog\/wp-json\/wp\/v2\/comments?post=1015"}],"version-history":[{"count":5,"href":"https:\/\/www.empresaqui.com.br\/blog\/wp-json\/wp\/v2\/posts\/1015\/revisions"}],"predecessor-version":[{"id":5014,"href":"https:\/\/www.empresaqui.com.br\/blog\/wp-json\/wp\/v2\/posts\/1015\/revisions\/5014"}],"wp:attachment":[{"href":"https:\/\/www.empresaqui.com.br\/blog\/wp-json\/wp\/v2\/media?parent=1015"}],"wp:term":[{"taxonomy":"category","embeddable":true,"href":"https:\/\/www.empresaqui.com.br\/blog\/wp-json\/wp\/v2\/categories?post=1015"},{"taxonomy":"post_tag","embeddable":true,"href":"https:\/\/www.empresaqui.com.br\/blog\/wp-json\/wp\/v2\/tags?post=1015"}],"curies":[{"name":"wp","href":"https:\/\/api.w.org\/{rel}","templated":true}]}}