{"id":5611,"date":"2026-04-20T14:52:21","date_gmt":"2026-04-20T17:52:21","guid":{"rendered":"https:\/\/www.empresaqui.com.br\/blog\/?post_type=noticias&#038;p=5611"},"modified":"2026-04-20T15:14:07","modified_gmt":"2026-04-20T18:14:07","slug":"empresas-abertas-brasil-1-trimestre-2026","status":"publish","type":"noticias","link":"https:\/\/www.empresaqui.com.br\/blog\/noticias\/empresas-abertas-brasil-1-trimestre-2026\/","title":{"rendered":"Brasil abre mais de 1,6 milh\u00e3o de empresas no 1\u00ba trimestre de 2026"},"content":{"rendered":"\n<p><strong>Relat\u00f3rio T\u00e9cnico | Fonte: Plataforma EmpresAqui<\/strong> <em>Per\u00edodo: 01\/01\/2026 a 31\/03\/2026<\/em><\/p>\n\n\n\n<p>O cen\u00e1rio do empreendedorismo brasileiro no in\u00edcio de 2026 \u00e9 marcado por um volume massivo de novos CNPJs, forte presen\u00e7a do setor log\u00edstico e uma domin\u00e2ncia absoluta de micro-neg\u00f3cios. Ao todo, foram <strong>1.638.996 empresas abertas<\/strong>, com um saldo de sobreviv\u00eancia inicial de <strong>93,93%<\/strong>.<\/p>\n\n\n\n<p><strong>Panorama geral do 1\u00ba trimestre de 2026<\/strong><\/p>\n\n\n\n<p>O 1\u00ba trimestre de 2026 registrou <strong>1.539.538 empresas abertas no Brasil que permaneciam ativas<\/strong> na data-base do relat\u00f3rio.<\/p>\n\n\n\n<p>A distribui\u00e7\u00e3o mensal observada no painel indica forte ritmo de cria\u00e7\u00e3o de CNPJs ao longo de todo o per\u00edodo, com <strong>515.165 aberturas em janeiro<\/strong>, <strong>481.171 em fevereiro<\/strong> e <strong>543.202 em mar\u00e7o<\/strong>, o que mostra retomada do crescimento no encerramento do trimestre.<\/p>\n\n\n\n<figure class=\"wp-block-image aligncenter size-large\"><img loading=\"lazy\" decoding=\"async\" width=\"1024\" height=\"396\" src=\"https:\/\/www.empresaqui.com.br\/blog\/wp-content\/uploads\/2026\/04\/Empresas-abertas-ativas-por-mes-no-primeiro-trimestre-de-2026-1024x396.png\" alt=\"Empresas abertas e ativas por m\u00eas no primeiro trimestre de 2026 no Brasil\" class=\"wp-image-5617\" title=\"Empresas abertas e ativas por m\u00eas no primeiro trimestre de 2026 no Brasil\" srcset=\"https:\/\/www.empresaqui.com.br\/blog\/wp-content\/uploads\/2026\/04\/Empresas-abertas-ativas-por-mes-no-primeiro-trimestre-de-2026-1024x396.png 1024w, https:\/\/www.empresaqui.com.br\/blog\/wp-content\/uploads\/2026\/04\/Empresas-abertas-ativas-por-mes-no-primeiro-trimestre-de-2026-300x116.png 300w, https:\/\/www.empresaqui.com.br\/blog\/wp-content\/uploads\/2026\/04\/Empresas-abertas-ativas-por-mes-no-primeiro-trimestre-de-2026-768x297.png 768w, https:\/\/www.empresaqui.com.br\/blog\/wp-content\/uploads\/2026\/04\/Empresas-abertas-ativas-por-mes-no-primeiro-trimestre-de-2026-1536x594.png 1536w, https:\/\/www.empresaqui.com.br\/blog\/wp-content\/uploads\/2026\/04\/Empresas-abertas-ativas-por-mes-no-primeiro-trimestre-de-2026.png 1757w\" sizes=\"auto, (max-width: 1024px) 100vw, 1024px\" \/><\/figure>\n\n\n\n<p class=\"has-text-align-center\"><em>Empresas ativas abertas por m\u00eas no primeiro trimestre de 2026. Fonte: Plataforma EmpresAqui<\/em><\/p>\n\n\n\n<p>Quando cruzamos esse volume com as empresas baixadas no per\u00edodo, identificamos <strong>99.458 empresas abertas no mesmo per\u00edodo que j\u00e1 haviam sido baixadas<\/strong> at\u00e9 a data de extra\u00e7\u00e3o.<\/p>\n\n\n\n<p>Isso leva a um universo total de <strong>1.638.996 empresas abertas no 1\u00ba trimestre<\/strong>, considerando ativas e baixadas em conjunto.<\/p>\n\n\n\n<p>A partir desse cruzamento, temos dois indicadores principais:<\/p>\n\n\n\n<ul class=\"wp-block-list\">\n<li><strong>Taxa de empresas que permaneciam ativas:<\/strong> 93,93%<\/li>\n\n\n\n<li><strong>Taxa de empresas baixadas:<\/strong> 6,07%<\/li>\n<\/ul>\n\n\n\n<figure class=\"wp-block-table\"><table class=\"has-fixed-layout\"><tbody><tr><td class=\"has-text-align-center\" data-align=\"center\"><strong>Indicador<\/strong><\/td><td class=\"has-text-align-center\" data-align=\"center\"><strong>Quantidade<\/strong><\/td><td class=\"has-text-align-center\" data-align=\"center\"><strong>Percentual<\/strong><\/td><\/tr><tr><td class=\"has-text-align-center\" data-align=\"center\">Empresas ativas<\/td><td class=\"has-text-align-center\" data-align=\"center\">1.539.538<\/td><td class=\"has-text-align-center\" data-align=\"center\">93,93%<\/td><\/tr><tr><td class=\"has-text-align-center\" data-align=\"center\">Empresas baixadas<\/td><td class=\"has-text-align-center\" data-align=\"center\">99.458<\/td><td class=\"has-text-align-center\" data-align=\"center\">6,07%<\/td><\/tr><tr><td class=\"has-text-align-center\" data-align=\"center\">Total de empresas abertas<\/td><td class=\"has-text-align-center\" data-align=\"center\">1.638.996<\/td><td class=\"has-text-align-center\" data-align=\"center\">100%<\/td><\/tr><\/tbody><\/table><\/figure>\n\n\n\n<p class=\"has-text-align-center\"><em>Legenda: Distribui\u00e7\u00e3o geral das empresas abertas no per\u00edodo. Fonte: Plataforma EmpresAqui.<\/em><\/p>\n\n\n\n<p>O dado de <a href=\"https:\/\/www.empresaqui.com.br\/blog\/situacao-cadastral-de-empresa\/\">empresas baixadas <\/a>representa empresas abertas h\u00e1 pouco tempo e observadas ainda dentro de uma janela curta de matura\u00e7\u00e3o.<\/p>\n\n\n\n<p>Portanto, a taxa de encerramento medida agora n\u00e3o representa a mortalidade final dessa coorte, mas sim um retrato inicial do comportamento de sobreviv\u00eancia empresarial.<\/p>\n\n\n\n<!-- CTA Prospec\u00e7\u00e3o B2B - fundo com conex\u00f5es digitais (responsivo) -->\n<style>\n  @import url('https:\/\/fonts.googleapis.com\/css2?family=Montserrat:wght@400;800&display=swap');\n\n  \/* Mant\u00e9m tamanhos do desktop; ajusta s\u00f3 no mobile *\/\n  .prospeccao-cta-container, .prospeccao-cta-container * { box-sizing: border-box; }\n\n  .prospeccao-cta-container {\n    width: 100%;\n    max-width: 700px;\n    min-height: 250px;\n    background-image: linear-gradient(135deg, #4DB5FD, #001E40), url('https:\/\/www.transparenttextures.com\/patterns\/network.png');\n    background-size: cover, auto;\n    background-repeat: no-repeat, repeat;\n    background-position: center, top left;\n\n    border-radius: 15px;\n    box-shadow: 0 4px 20px rgba(0,0,0,0.1);\n    display: flex;\n    align-items: center;\n    justify-content: space-between;\n    gap: 20px;\n    padding: 20px 28px;\n    margin: 0 auto;\n  }\n\n  .prospeccao-cta-text {\n    flex: 1;\n    padding-right: 12px;\n    font-family: 'Montserrat', sans-serif;\n    color: #ffffff;\n  }\n\n  .prospeccao-cta-text h2 {\n    margin: 0;\n    font-size: 1.5em;\n    font-weight: 800;\n    color: #ffffff;\n    line-height: 1.2;\n  }\n\n  .prospeccao-cta-text p {\n    margin: 8px 0 15px 0;\n    font-size: 1em;\n    color: #f5f5f5;\n    line-height: 1.5;\n  }\n\n  .highlight-text {\n    font-weight: bold;\n    color: #0DFFFC;\n  }\n\n  .prospeccao-cta-button {\n    background: linear-gradient(90deg, #ffffff, #e6f0ff);\n    color: #021B65;\n    padding: 14px 30px;\n    font-size: 1.1em;\n    border-radius: 25px;\n    text-decoration: none;\n    font-weight: bold;\n    display: inline-block;\n    transition: transform 0.2s, box-shadow 0.2s;\n    box-shadow: 0 4px 10px rgba(0,0,0,0.15), 0 0 20px #0DFFFC;\n    white-space: nowrap;\n    font-family: 'Montserrat', sans-serif;\n    text-align: center;\n    -webkit-tap-highlight-color: transparent;\n  }\n\n  .prospeccao-cta-button:hover {\n    transform: translateY(-2px);\n    box-shadow: 0 6px 14px rgba(0,0,0,0.2), 0 0 30px #0DFFFC;\n  }\n\n  @media (max-width: 768px) {\n    .prospeccao-cta-container {\n      flex-direction: column;\n      align-items: stretch;\n      text-align: center;\n      padding: 18px;\n      gap: 16px;\n    }\n\n    .prospeccao-cta-text { padding-right: 0; }\n\n    .prospeccao-cta-text h2 { font-size: 1.35em; }\n    .prospeccao-cta-text p  { font-size: 0.95em; }\n\n    .prospeccao-cta-button {\n      font-size: 1em;\n      width: 100%;\n      white-space: normal;\n      padding: 14px 18px;\n    }\n  }\n\n  @media (max-width: 400px) {\n    .prospeccao-cta-container {\n      border-radius: 12px;\n      padding: 16px;\n    }\n\n    .prospeccao-cta-text h2 { font-size: 1.25em; }\n    .prospeccao-cta-text p  { font-size: 0.9em; }\n    .prospeccao-cta-button { font-size: 0.98em; }\n  }\n\n  @media (prefers-reduced-motion: reduce) {\n    .prospeccao-cta-button { transition: none; }\n    .prospeccao-cta-button:hover { transform: none; }\n  }\n<\/style>\n\n<div class=\"prospeccao-cta-container no-toc\" role=\"region\" aria-labelledby=\"cta-title-clientes\">\n  <div class=\"prospeccao-cta-text\">\n    <h2 id=\"cta-title-clientes\">ENCONTRE SEUS CLIENTES IDEAIS EM SEGUNDOS<\/h2>\n    <p>Crie <span class=\"highlight-text\">listas personalizadas<\/span> com a IA B2B R.I.A.N., filtros inteligentes e alta segmenta\u00e7\u00e3o.<\/p>\n  <\/div>\n  <div>\n    <a href=\"https:\/\/www.empresaqui.com.br\/plano-gratuito?utm_source=blog&amp;utm_medium=banner&amp;utm_campaign=CTA-GRATUITO-HTML\" class=\"prospeccao-cta-button\">\n      Gerar listas de clientes B2B\n    <\/a>\n  <\/div>\n<\/div>\n\n\n\n<h2 class=\"wp-block-heading\"><span class=\"ez-toc-section\" id=\"O_trimestre_foi_marcado_por_volume_elevado_e_forte_capilaridade_nacional\"><\/span><strong>O trimestre foi marcado por volume elevado e forte capilaridade nacional<\/strong><span class=\"ez-toc-section-end\"><\/span><\/h2>\n\n\n\n<p>O volume de aberturas foi nacionalmente distribu\u00eddo, mas com forte concentra\u00e7\u00e3o em alguns estados. <strong>S\u00e3o Paulo liderou com 448.372 empresas abertas e ativas<\/strong>, seguido por <strong>Minas Gerais (162.473)<\/strong>, <strong>Rio de Janeiro (121.998)<\/strong>, <strong>Paran\u00e1 (109.929)<\/strong> e <strong>Santa Catarina (92.088)<\/strong>.<\/p>\n\n\n\n<p>Na sequ\u00eancia aparecem <strong>Rio Grande do Sul (88.862)<\/strong>, <strong>Bahia (66.512)<\/strong>, <strong>Goi\u00e1s (65.362)<\/strong>, <strong>Pernambuco (43.883)<\/strong>, <strong>Cear\u00e1 (42.537)<\/strong>, <strong>Mato Grosso (36.353)<\/strong> e <strong>Esp\u00edrito Santo (34.160)<\/strong>.<br><\/p>\n\n\n\n<figure class=\"wp-block-image aligncenter size-large\"><img loading=\"lazy\" decoding=\"async\" width=\"1024\" height=\"397\" src=\"https:\/\/www.empresaqui.com.br\/blog\/wp-content\/uploads\/2026\/04\/Estados-com-mais-empresas-abertas-ativas-no-primeiro-trimestre-de-2026-1024x397.png\" alt=\"Estados com mais empresas abertas e ativas no primeiro trimestre de 2026 no Brasil\" class=\"wp-image-5619\" title=\"Ranking dos estados com mais empresas abertas e ativas no Brasil no 1\u00ba trimestre de 2026\" srcset=\"https:\/\/www.empresaqui.com.br\/blog\/wp-content\/uploads\/2026\/04\/Estados-com-mais-empresas-abertas-ativas-no-primeiro-trimestre-de-2026-1024x397.png 1024w, https:\/\/www.empresaqui.com.br\/blog\/wp-content\/uploads\/2026\/04\/Estados-com-mais-empresas-abertas-ativas-no-primeiro-trimestre-de-2026-300x116.png 300w, https:\/\/www.empresaqui.com.br\/blog\/wp-content\/uploads\/2026\/04\/Estados-com-mais-empresas-abertas-ativas-no-primeiro-trimestre-de-2026-768x298.png 768w, https:\/\/www.empresaqui.com.br\/blog\/wp-content\/uploads\/2026\/04\/Estados-com-mais-empresas-abertas-ativas-no-primeiro-trimestre-de-2026-1536x596.png 1536w, https:\/\/www.empresaqui.com.br\/blog\/wp-content\/uploads\/2026\/04\/Estados-com-mais-empresas-abertas-ativas-no-primeiro-trimestre-de-2026.png 1750w\" sizes=\"auto, (max-width: 1024px) 100vw, 1024px\" \/><\/figure>\n\n\n\n<p class=\"has-text-align-center\"><em>Distribui\u00e7\u00e3o de empresas abertas ativas no primeiro trimestre de 2026 por estado. Fonte: Plataforma EmpresAqui<\/em><\/p>\n\n\n\n<figure class=\"wp-block-table\"><table class=\"has-fixed-layout\"><tbody><tr><td><strong>Estado<\/strong><\/td><td><strong>Empresas abertas e ativas<\/strong><\/td><\/tr><tr><td>S\u00e3o Paulo<\/td><td>448.372<\/td><\/tr><tr><td>Minas Gerais<\/td><td>162.473<\/td><\/tr><tr><td>Rio de Janeiro<\/td><td>121.998<\/td><\/tr><tr><td>Paran\u00e1<\/td><td>109.929<\/td><\/tr><tr><td>Santa Catarina<\/td><td>92.088<\/td><\/tr><tr><td>Rio Grande do Sul<\/td><td>88.862<\/td><\/tr><tr><td>Bahia<\/td><td>66.512<\/td><\/tr><tr><td>Goi\u00e1s<\/td><td>65.362<\/td><\/tr><tr><td>Pernambuco<\/td><td>43.883<\/td><\/tr><tr><td>Cear\u00e1<\/td><td>42.537<\/td><\/tr><\/tbody><\/table><\/figure>\n\n\n\n<p class=\"has-text-align-center\">Legenda: Estados com maior volume de abertura. Fonte: Plataforma EmpresAqui.<\/p>\n\n\n\n<p>Esse desenho mostra dois vetores simult\u00e2neos:<\/p>\n\n\n\n<ul class=\"wp-block-list\">\n<li>concentra\u00e7\u00e3o expressiva no eixo Sudeste-Sul, especialmente em S\u00e3o Paulo;<\/li>\n\n\n\n<li>presen\u00e7a de polos relevantes tamb\u00e9m no Centro-Oeste e Nordeste, indicando crescimento menos concentrado do que em ciclos anteriores.<\/li>\n<\/ul>\n\n\n\n<p>No recorte municipal, o destaque absoluto foi <a href=\"https:\/\/www.empresaqui.com.br\/listas-de-empresas\/SP\/SAO_PAULO\">S\u00e3o Paulo\/SP<\/a>, com 143.822 empresas abertas e ativas, muito acima de <a href=\"https:\/\/www.empresaqui.com.br\/listas-de-empresas\/RJ\/RIO_DE_JANEIRO\">Rio de Janeiro\/RJ<\/a> (52.310), <a href=\"https:\/\/www.empresaqui.com.br\/listas-de-empresas\/DF\">Bras\u00edlia\/DF<\/a> (30.217),<a href=\"https:\/\/www.empresaqui.com.br\/listas-de-empresas\/MG\/BELO_HORIZONTE\"> Belo Horizonte\/MG<\/a> (29.008) e <a href=\"https:\/\/www.empresaqui.com.br\/listas-de-empresas\/PR\/CURITIBA\">Curitiba\/PR<\/a> (26.144).<\/p>\n\n\n\n<p>Isso refor\u00e7a a centralidade dos grandes centros urbanos no volume bruto de novas empresas.<\/p>\n\n\n\n<p>Essa distribui\u00e7\u00e3o n\u00e3o se afasta da estat\u00edstica geral de empresas ativas atualmente.<\/p>\n\n\n\n<p>Nos dados atualizados mensalmente do nosso <a href=\"https:\/\/www.empresaqui.com.br\/infografico\">infogr\u00e1fico de empresas<\/a>, \u00e9 poss\u00edvel observar a predomin\u00e2ncia desses mesmos estados.<\/p>\n\n\n\n<figure class=\"wp-block-image aligncenter size-large\"><img loading=\"lazy\" decoding=\"async\" width=\"1024\" height=\"591\" src=\"https:\/\/www.empresaqui.com.br\/blog\/wp-content\/uploads\/2026\/04\/Estados-com-mais-empresas-ativas-no-Brasil-1024x591.png\" alt=\"Estados com maior n\u00famero de empresas ativas no Brasil\" class=\"wp-image-5620\" title=\"Ranking dos estados com mais empresas ativas no Brasil\" srcset=\"https:\/\/www.empresaqui.com.br\/blog\/wp-content\/uploads\/2026\/04\/Estados-com-mais-empresas-ativas-no-Brasil-1024x591.png 1024w, https:\/\/www.empresaqui.com.br\/blog\/wp-content\/uploads\/2026\/04\/Estados-com-mais-empresas-ativas-no-Brasil-300x173.png 300w, https:\/\/www.empresaqui.com.br\/blog\/wp-content\/uploads\/2026\/04\/Estados-com-mais-empresas-ativas-no-Brasil-768x443.png 768w, https:\/\/www.empresaqui.com.br\/blog\/wp-content\/uploads\/2026\/04\/Estados-com-mais-empresas-ativas-no-Brasil-1536x887.png 1536w, https:\/\/www.empresaqui.com.br\/blog\/wp-content\/uploads\/2026\/04\/Estados-com-mais-empresas-ativas-no-Brasil.png 1730w\" sizes=\"auto, (max-width: 1024px) 100vw, 1024px\" \/><\/figure>\n\n\n\n<p class=\"has-text-align-center\"><em>Ranking de estados com empresas ativas no Brasil. Fonte: Infogr\u00e1fico EmpresAqui<\/em><\/p>\n\n\n\n<p><a href=\"https:\/\/www.empresaqui.com.br\/listas-de-empresas\/SP\">S\u00e3o Paulo com 8,75 Milh\u00f5es<\/a> de empresas ativas, seguidos de <a href=\"https:\/\/www.empresaqui.com.br\/listas-de-empresas\/MG\">MG (2,98 Milh\u00f5es)<\/a> e <a href=\"https:\/\/www.empresaqui.com.br\/listas-de-empresas\/RJ\">RJ (2,39 Milh\u00f5es)<\/a>.&nbsp;<\/p>\n\n\n\n<h2 class=\"wp-block-heading\"><span class=\"ez-toc-section\" id=\"A_densidade_de_abertura_mostra_oportunidades_alem_dos_maiores_mercados\"><\/span><strong>A densidade de abertura mostra oportunidades al\u00e9m dos maiores mercados<\/strong><span class=\"ez-toc-section-end\"><\/span><\/h2>\n\n\n\n<p>Se no volume bruto S\u00e3o Paulo domina, na densidade por 10 mil habitantes o mapa muda. Os munic\u00edpios com maior concentra\u00e7\u00e3o relativa de novas empresas no trimestre foram:<\/p>\n\n\n\n<ul class=\"wp-block-list\">\n<li><a href=\"https:\/\/www.empresaqui.com.br\/listas-de-empresas\/SC\/ITAJAI\">Itaja\u00ed\/SC<\/a>: 217,42 por 10 mil habitantes<\/li>\n\n\n\n<li><a href=\"https:\/\/www.empresaqui.com.br\/listas-de-empresas\/SC\/PALHOCA\">Palho\u00e7a\/SC<\/a>: 196,39 por 10 mil habitantes<\/li>\n\n\n\n<li><a href=\"https:\/\/www.empresaqui.com.br\/listas-de-empresas\/MT\/SINOP\">Sinop\/MT<\/a>: 185,96 por 10 mil habitantes<\/li>\n\n\n\n<li><a href=\"https:\/\/www.empresaqui.com.br\/listas-de-empresas\/SC\/BALNEARIO_CAMBORIU\">Balne\u00e1rio Cambori\u00fa<\/a>\/SC: 184,62 por 10 mil habitantes<\/li>\n\n\n\n<li><a href=\"https:\/\/www.empresaqui.com.br\/listas-de-empresas\/SC\/FLORIANOPOLIS\">Florian\u00f3polis<\/a>\/SC: 177,24 por 10 mil habitantes<\/li>\n\n\n\n<li><a href=\"https:\/\/www.empresaqui.com.br\/listas-de-empresas\/SP\/BARUERI\">Barueri\/SP<\/a>: 172,93 por 10 mil habitantes<\/li>\n\n\n\n<li><a href=\"https:\/\/www.empresaqui.com.br\/listas-de-empresas\/SC\/SAO_JOSE\">S\u00e3o Jos\u00e9\/SC<\/a>: 166,41 por 10 mil habitantes<\/li>\n<\/ul>\n\n\n\n<p>Essa leitura \u00e9 relevante porque o maior volume absoluto nem sempre coincide com a maior intensidade empreendedora.<\/p>\n\n\n\n<p>Para estrat\u00e9gias de expans\u00e3o comercial, esse tipo de indicador ajuda a identificar cidades onde o mercado pode ser menor em tamanho absoluto, mas mais din\u00e2mico em renova\u00e7\u00e3o empresarial e abertura recente.<\/p>\n\n\n\n<h2 class=\"wp-block-heading\"><span class=\"ez-toc-section\" id=\"Segmentos_que_mais_abriram_empresas_no_Brasil\"><\/span><strong>Segmentos que mais abriram empresas no Brasil<\/strong><span class=\"ez-toc-section-end\"><\/span><\/h2>\n\n\n\n<p>Os dados do painel mostram que o trimestre foi puxado por uma combina\u00e7\u00e3o de servi\u00e7os leves, atividades operacionais, com\u00e9rcio e log\u00edstica. Entre os <a href=\"https:\/\/www.empresaqui.com.br\/empresas\">segmentos CNAEs<\/a> com mais empresas abertas e ativas no per\u00edodo, os destaques foram:<\/p>\n\n\n\n<figure class=\"wp-block-table\"><table class=\"has-fixed-layout\"><tbody><tr><td><strong>Segmento (CNAE)<\/strong><\/td><td><strong>Empresas abertas<\/strong><\/td><\/tr><tr><td>Promo\u00e7\u00e3o de vendas<\/td><td>76.722<\/td><\/tr><tr><td>Servi\u00e7os administrativos<\/td><td>67.329<\/td><\/tr><tr><td>Servi\u00e7os de malote<\/td><td>57.671<\/td><\/tr><tr><td>Cabeleireiros, manicure e pedicure<\/td><td>51.883<\/td><\/tr><tr><td>Transporte de carga municipal<\/td><td>50.054<\/td><\/tr><tr><td>Transporte de carga intermunicipal<\/td><td>37.825<\/td><\/tr><tr><td>Obras de alvenaria<\/td><td>36.712<\/td><\/tr><tr><td>Entrega r\u00e1pida<\/td><td>32.114<\/td><\/tr><\/tbody><\/table><\/figure>\n\n\n\n<p class=\"has-text-align-center\"><em>Legenda: Principais CNAEs por volume de abertura. Fonte: Plataforma EmpresAqui.<\/em><\/p>\n\n\n\n<p>Alguns pontos merecem destaque t\u00e9cnico:<\/p>\n\n\n\n<ul class=\"wp-block-list\">\n<li>o peso da <strong>log\u00edstica<\/strong> \u00e9 muito expressivo, com tr\u00eas CNAEs entre os dez maiores do trimestre, dados j\u00e1 observados na nossa <a href=\"https:\/\/www.empresaqui.com.br\/blog\/noticias\/crescimento-setor-logistico-brasil-2026\/\">pesquisa sobre empresas de log\u00edstica no Brasil<\/a>;<\/li>\n\n\n\n<li>os segmentos l\u00edderes t\u00eam, em sua maioria, <strong>barreira de entrada relativamente baixa<\/strong>, forte presen\u00e7a de profissionais aut\u00f4nomos ou microempresas e alta capacidade de formaliza\u00e7\u00e3o r\u00e1pida;<\/li>\n\n\n\n<li>a lista combina tanto atividades voltadas ao consumo final quanto atividades de apoio operacional e servi\u00e7os para empresas.<\/li>\n<\/ul>\n\n\n\n<h3 class=\"wp-block-heading\">Compara\u00e7\u00e3o com segmentos mais utilizados pelo total de empresas ativas do Brasil <\/h3>\n\n\n\n<p>Mesmo com esses setores em forte crescimento, o mapa do Brasil em rela\u00e7\u00e3o ao total de empresas ativas por segmento ainda \u00e9 outro:<\/p>\n\n\n\n<ol class=\"wp-block-list\">\n<li>Com\u00e9rcio varejista de artigos do vestu\u00e1rio e acess\u00f3rios: 1 Milh\u00e3o de empresas<\/li>\n\n\n\n<li>Cabeleireiros, manicures e pedicures: 967,6 Mil empresas<\/li>\n\n\n\n<li>Promo\u00e7\u00e3o de Vendas: 831,4 Mil empresas<\/li>\n\n\n\n<li>Prepara\u00e7\u00e3o de documentos: 653,4 Mil empresas<\/li>\n\n\n\n<li>Obras de alvenaria: 640,9 Mil empresas<\/li>\n\n\n\n<li>Transporte rodovi\u00e1rio de carga exceto produtos perigosos e mudan\u00e7a municipal: 502 Mil empresas<\/li>\n\n\n\n<li>Lanchonetes, casas de ch\u00e1, de sucos e similares: 491,2 Mil empresas<\/li>\n\n\n\n<li>Com\u00e9rcio varejista de mercadorias em geral com predomin\u00e2ncia de produtos aliment\u00edcios: 477,5 Mil empresas<\/li>\n\n\n\n<li>Transporte rodovi\u00e1rio de carga exceto produtos perigosos e mudan\u00e7a intermunicipal, interestadual e internacional: 463,5 Mil empresas<\/li>\n\n\n\n<li>Restaurantes e similares: 428,1 Mil empresas<\/li>\n<\/ol>\n\n\n\n<figure class=\"wp-block-image aligncenter size-large\"><img loading=\"lazy\" decoding=\"async\" width=\"1024\" height=\"382\" src=\"https:\/\/www.empresaqui.com.br\/blog\/wp-content\/uploads\/2026\/04\/Segmentos-mais-utilizados-pelas-empresas-do-Brasil-1024x382.png\" alt=\"Segmentos mais utilizados pelas empresas no Brasil em 2026\" class=\"wp-image-5621\" title=\"Ranking dos principais segmentos de atua\u00e7\u00e3o das empresas no Brasil em 2026\" srcset=\"https:\/\/www.empresaqui.com.br\/blog\/wp-content\/uploads\/2026\/04\/Segmentos-mais-utilizados-pelas-empresas-do-Brasil-1024x382.png 1024w, https:\/\/www.empresaqui.com.br\/blog\/wp-content\/uploads\/2026\/04\/Segmentos-mais-utilizados-pelas-empresas-do-Brasil-300x112.png 300w, https:\/\/www.empresaqui.com.br\/blog\/wp-content\/uploads\/2026\/04\/Segmentos-mais-utilizados-pelas-empresas-do-Brasil-768x286.png 768w, https:\/\/www.empresaqui.com.br\/blog\/wp-content\/uploads\/2026\/04\/Segmentos-mais-utilizados-pelas-empresas-do-Brasil-1536x573.png 1536w, https:\/\/www.empresaqui.com.br\/blog\/wp-content\/uploads\/2026\/04\/Segmentos-mais-utilizados-pelas-empresas-do-Brasil.png 1617w\" sizes=\"auto, (max-width: 1024px) 100vw, 1024px\" \/><\/figure>\n\n\n\n<p class=\"has-text-align-center\"><em>Distribui\u00e7\u00e3o de empresas totais ativas por segmento CNAE. Fonte: Infogr\u00e1fico EmpresAqui<\/em><\/p>\n\n\n\n<h2 class=\"wp-block-heading\"><span class=\"ez-toc-section\" id=\"Segmentos_que_mais_fecharam_dentro_da_mesma_coorte\"><\/span><strong>Segmentos que mais fecharam dentro da mesma coorte<\/strong><span class=\"ez-toc-section-end\"><\/span><\/h2>\n\n\n\n<p>Na planilha de baixadas, os segmentos com maior n\u00famero absoluto de encerramentos entre empresas abertas no 1\u00ba trimestre de 2026 foram:<\/p>\n\n\n\n<ol class=\"wp-block-list\">\n<li><strong>Servi\u00e7os de malote n\u00e3o realizados pelo Correio Nacional:<\/strong> 11.005<\/li>\n\n\n\n<li><strong>Transporte rodovi\u00e1rio de carga, exceto produtos perigosos e mudan\u00e7as, municipal:<\/strong> 6.514<\/li>\n\n\n\n<li><strong>Promo\u00e7\u00e3o de vendas:<\/strong> 5.691<\/li>\n\n\n\n<li><strong>Transporte rodovi\u00e1rio de carga, exceto produtos perigosos e mudan\u00e7as, intermunicipal, interestadual e internacional:<\/strong> 4.266<\/li>\n\n\n\n<li><strong>Servi\u00e7os de entrega r\u00e1pida:<\/strong> 3.796<\/li>\n\n\n\n<li><strong>Servi\u00e7o de transporte de passageiros &#8211; loca\u00e7\u00e3o de autom\u00f3veis com motorista:<\/strong> 3.538<\/li>\n\n\n\n<li><strong>Prepara\u00e7\u00e3o de documentos e servi\u00e7os especializados de apoio administrativo n\u00e3o especificados anteriormente:<\/strong> 3.402<\/li>\n\n\n\n<li><strong>Com\u00e9rcio varejista de artigos do vestu\u00e1rio e acess\u00f3rios:<\/strong> 2.853<\/li>\n\n\n\n<li><strong>Cabeleireiros, manicure e pedicure:<\/strong> 2.818<\/li>\n\n\n\n<li><strong>Outras atividades de ensino n\u00e3o especificadas anteriormente:<\/strong> 2.065<\/li>\n<\/ol>\n\n\n\n<figure class=\"wp-block-table\"><table class=\"has-fixed-layout\"><tbody><tr><td><strong>Segmento<\/strong><\/td><td><strong>Empresas baixadas<\/strong><\/td><\/tr><tr><td>Servi\u00e7os de malote<\/td><td>11.005<\/td><\/tr><tr><td>Transporte de carga municipal<\/td><td>6.514<\/td><\/tr><tr><td>Promo\u00e7\u00e3o de vendas<\/td><td>5.691<\/td><\/tr><tr><td>Transporte de carga intermunicipal<\/td><td>4.266<\/td><\/tr><tr><td>Entrega r\u00e1pida<\/td><td>3.796<\/td><\/tr><\/tbody><\/table><\/figure>\n\n\n\n<p class=\"has-text-align-center\"><em>Legenda: Volume de encerramentos por segmento. Fonte: Plataforma EmpresAqui.<\/em><\/p>\n\n\n\n<p>O dado absoluto de fechamento precisa ser lido ao lado do dado de abertura. Segmentos que mais abrem tendem a produzir tamb\u00e9m mais encerramentos em volume. A an\u00e1lise mais \u00fatil est\u00e1 na taxa relativa dentro de cada segmento.<\/p>\n\n\n\n<h2 class=\"wp-block-heading\"><span class=\"ez-toc-section\" id=\"Quais_segmentos_parecem_mais_estaveis_e_quais_parecem_mais_frageis_proporcao_de_empresas_baixadas\"><\/span><strong>Quais segmentos parecem mais est\u00e1veis e quais parecem mais fr\u00e1geis<\/strong>: propor\u00e7\u00e3o de empresas baixadas<span class=\"ez-toc-section-end\"><\/span><\/h2>\n\n\n\n<p>Cruzando os dados das empresas ativas e baixadas, \u00e9 poss\u00edvel estimar a taxa inicial de encerramento em alguns dos principais segmentos do trimestre:<\/p>\n\n\n\n<ul class=\"wp-block-list\">\n<li><strong>Servi\u00e7os de malote:<\/strong> 16,02%<\/li>\n\n\n\n<li><strong>Transporte rodovi\u00e1rio de carga municipal:<\/strong> 11,52%<\/li>\n\n\n\n<li><strong>Servi\u00e7os de entrega r\u00e1pida:<\/strong> 10,57%<\/li>\n\n\n\n<li><strong>Servi\u00e7o de transporte de passageiros &#8211; loca\u00e7\u00e3o de autom\u00f3veis com motorista:<\/strong> 10,28%<\/li>\n\n\n\n<li><strong>Transporte rodovi\u00e1rio de carga intermunicipal\/interestadual\/internacional:<\/strong> 10,14%<\/li>\n\n\n\n<li><strong>Promo\u00e7\u00e3o de vendas:<\/strong> 6,91%<\/li>\n\n\n\n<li><strong>Outras atividades de ensino:<\/strong> 6,02%<\/li>\n\n\n\n<li><strong>Restaurantes e similares:<\/strong> 5,90%<\/li>\n\n\n\n<li><strong>Com\u00e9rcio varejista de vestu\u00e1rio e acess\u00f3rios:<\/strong> 5,75%<\/li>\n\n\n\n<li><strong>Cabeleireiros, manicure e pedicure:<\/strong> 5,15%<\/li>\n\n\n\n<li><strong>Prepara\u00e7\u00e3o de documentos e apoio administrativo:<\/strong> 4,81%<\/li>\n\n\n\n<li><strong>Obras de alvenaria:<\/strong> 3,55%<\/li>\n<\/ul>\n\n\n\n<p>A principal conclus\u00e3o \u00e9 que <strong>a log\u00edstica n\u00e3o aparece apenas entre os setores que mais abrem, mas tamb\u00e9m entre os que mais fecham e entre os que exibem maior taxa inicial de baixa<\/strong>.<\/p>\n\n\n\n<p>Isso sugere um mercado com forte entrada, mas tamb\u00e9m com elevada rotatividade empresarial.<\/p>\n\n\n\n<p>Dentro desse grupo, o <strong>CNAE de servi\u00e7os de malote<\/strong> chama especialmente aten\u00e7\u00e3o: ele est\u00e1 entre os maiores em abertura e apresenta a maior taxa inicial de encerramento entre os segmentos compar\u00e1veis do top 10.<\/p>\n\n\n\n<p>A leitura mais prov\u00e1vel \u00e9 de um mercado aquecido, com baixa barreira de entrada e alta competi\u00e7\u00e3o, no qual muitas empresas nascem, mas uma parcela relevante n\u00e3o consegue se sustentar rapidamente.<\/p>\n\n\n\n<h2 class=\"wp-block-heading\"><span class=\"ez-toc-section\" id=\"Estados_que_mais_fecharam_empresas_abertas_no_trimestre\"><\/span><strong>Estados que mais fecharam empresas abertas no trimestre<\/strong><span class=\"ez-toc-section-end\"><\/span><\/h2>\n\n\n\n<p>Em volume absoluto de baixadas, os estados com mais encerramentos foram:<\/p>\n\n\n\n<ol class=\"wp-block-list\">\n<li><strong>S\u00e3o Paulo:<\/strong> 27.870<\/li>\n\n\n\n<li><strong>Minas Gerais:<\/strong> 10.058<\/li>\n\n\n\n<li><strong>Rio de Janeiro:<\/strong> 8.065<\/li>\n\n\n\n<li><strong>Paran\u00e1:<\/strong> 6.691<\/li>\n\n\n\n<li><strong>Santa Catarina:<\/strong> 5.523<\/li>\n\n\n\n<li><strong>Rio Grande do Sul:<\/strong> 5.293<\/li>\n\n\n\n<li><strong>Bahia:<\/strong> 4.936<\/li>\n\n\n\n<li><strong>Goi\u00e1s:<\/strong> 4.229<\/li>\n\n\n\n<li><strong>Cear\u00e1:<\/strong> 3.718<\/li>\n\n\n\n<li><strong>Pernambuco:<\/strong> 3.318<\/li>\n<\/ol>\n\n\n\n<p>Esse ranking acompanha, em grande parte, o peso dos estados na abertura de empresas. Novamente, a interpreta\u00e7\u00e3o mais \u00fatil vem do cruzamento com a base de ativas.<\/p>\n\n\n\n<h2 class=\"wp-block-heading\"><span class=\"ez-toc-section\" id=\"Onde_a_taxa_inicial_de_encerramento_parece_mais_alta_entre_os_principais_estados\"><\/span><strong>Onde a taxa inicial de encerramento parece mais alta entre os principais estados<\/strong><span class=\"ez-toc-section-end\"><\/span><\/h2>\n\n\n\n<p>Ao comparar baixadas e ativas dentro dos estados que mais abriram empresas, surgem diferen\u00e7as relevantes. A taxa inicial estimada de encerramento entre as empresas abertas no trimestre ficou aproximadamente em:<\/p>\n\n\n\n<ul class=\"wp-block-list\">\n<li><strong>Cear\u00e1:<\/strong> 8,04%<\/li>\n\n\n\n<li><strong>Pernambuco:<\/strong> 7,03%<\/li>\n\n\n\n<li><strong>Bahia:<\/strong> 6,91%<\/li>\n\n\n\n<li><strong>Rio de Janeiro:<\/strong> 6,20%<\/li>\n\n\n\n<li><strong>Goi\u00e1s:<\/strong> 6,08%<\/li>\n\n\n\n<li><strong>S\u00e3o Paulo:<\/strong> 5,85%<\/li>\n\n\n\n<li><strong>Minas Gerais:<\/strong> 5,83%<\/li>\n\n\n\n<li><strong>Paran\u00e1:<\/strong> 5,74%<\/li>\n\n\n\n<li><strong>Santa Catarina:<\/strong> 5,66%<\/li>\n\n\n\n<li><strong>Rio Grande do Sul:<\/strong> 5,62%<\/li>\n\n\n\n<li><strong>Esp\u00edrito Santo:<\/strong> 4,38%<\/li>\n\n\n\n<li><strong>Mato Grosso:<\/strong> 3,74%<\/li>\n<\/ul>\n\n\n\n<p>Esses resultados sugerem que, entre os grandes mercados, <strong>Cear\u00e1, Pernambuco e Bahia<\/strong> apresentam sinais de rotatividade inicial mais elevada, enquanto <strong>Mato Grosso e Esp\u00edrito Santo<\/strong> aparecem com menor taxa de fechamento nesse recorte inicial.<\/p>\n\n\n\n<p>Como esse dado ainda \u00e9 de curto prazo, o melhor uso anal\u00edtico aqui \u00e9 identificar padr\u00f5es de maior fragilidade operacional no in\u00edcio da vida do CNPJ, e n\u00e3o concluir sobre mortalidade definitiva do mercado em cada estado.<\/p>\n\n\n\n<h2 class=\"wp-block-heading\"><span class=\"ez-toc-section\" id=\"Perfil_geral_das_empresas_abertas_no_Brasil_no_1o_trimestre_de_2026\"><\/span><strong>Perfil geral das empresas abertas no Brasil no 1\u00ba trimestre de 2026<\/strong><span class=\"ez-toc-section-end\"><\/span><\/h2>\n\n\n\n<p>O retrato da base ativa mostra um ecossistema empresarial jovem, leve e extremamente pulverizado.<\/p>\n\n\n\n<h3 class=\"wp-block-heading\"><strong>Porte empresarial<\/strong><\/h3>\n\n\n\n<ul class=\"wp-block-list\">\n<li><strong>Microempresa:<\/strong> 1.423.279<\/li>\n\n\n\n<li><strong>M\u00e9dio\/grande porte:<\/strong> 57.751<\/li>\n\n\n\n<li><strong>Pequeno porte:<\/strong> 57.611<\/li>\n<\/ul>\n\n\n\n<p>A domin\u00e2ncia das microempresas \u00e9 quase absoluta. Isso confirma que o trimestre foi puxado principalmente por neg\u00f3cios de pequena escala, baixa estrutura inicial e opera\u00e7\u00e3o enxuta.<\/p>\n\n\n\n<h3 class=\"wp-block-heading\"><strong>Op\u00e7\u00e3o pelo MEI<\/strong><\/h3>\n\n\n\n<ul class=\"wp-block-list\">\n<li><strong>Microempreendedor individual (MEI):<\/strong> 1.148.834<\/li>\n\n\n\n<li><strong>N\u00e3o optante pelo MEI:<\/strong> 390.704<\/li>\n<\/ul>\n\n\n\n<figure class=\"wp-block-image aligncenter size-full\"><img loading=\"lazy\" decoding=\"async\" width=\"848\" height=\"556\" src=\"https:\/\/www.empresaqui.com.br\/blog\/wp-content\/uploads\/2026\/04\/Opcao-pelo-MEI-empresas-abertas-no-primeiro-trimestre-de-2026.png\" alt=\"Op\u00e7\u00e3o pelo MEI entre empresas abertas no primeiro trimestre de 2026 no Brasil\" class=\"wp-image-5622\" title=\"Percentual de empresas que optaram pelo MEI no Brasil no 1\u00ba trimestre de 2026\" srcset=\"https:\/\/www.empresaqui.com.br\/blog\/wp-content\/uploads\/2026\/04\/Opcao-pelo-MEI-empresas-abertas-no-primeiro-trimestre-de-2026.png 848w, https:\/\/www.empresaqui.com.br\/blog\/wp-content\/uploads\/2026\/04\/Opcao-pelo-MEI-empresas-abertas-no-primeiro-trimestre-de-2026-300x197.png 300w, https:\/\/www.empresaqui.com.br\/blog\/wp-content\/uploads\/2026\/04\/Opcao-pelo-MEI-empresas-abertas-no-primeiro-trimestre-de-2026-768x504.png 768w\" sizes=\"auto, (max-width: 848px) 100vw, 848px\" \/><\/figure>\n\n\n\n<p class=\"has-text-align-center\"><em>Distribui\u00e7\u00e3o de empresas abertas ativas no primeiro trimestre de 2026 com op\u00e7\u00e3o pelo MEI. Fonte: Plataforma EmpresAqui<\/em><\/p>\n\n\n\n<p>Isso significa que <strong>75% das empresas abertas e ativas no trimestre s\u00e3o <\/strong><a href=\"https:\/\/www.empresaqui.com.br\/blog\/mei-microempreendedor-individual\/\"><strong>MEI<\/strong><\/a>.<\/p>\n\n\n\n<p>\u00c9 um dado central para interpretar o comportamento da coorte: o mercado est\u00e1 sendo abastecido majoritariamente por empresas de entrada, com estrutura tribut\u00e1ria simplificada e maior propens\u00e3o a operar com poucos recursos e baixa complexidade administrativa.<\/p>\n\n\n\n<p>Atualmente, em rela\u00e7\u00e3o ao total de empresas ativas no Brasil, a propor\u00e7\u00e3o de MEI est\u00e1 em 46,2% do Total.<br><\/p>\n\n\n\n<figure class=\"wp-block-image aligncenter size-full\"><img loading=\"lazy\" decoding=\"async\" width=\"771\" height=\"533\" src=\"https:\/\/www.empresaqui.com.br\/blog\/wp-content\/uploads\/2026\/04\/Proporcao-de-empresas-MEI-ativas-no-Brasil.png\" alt=\"Propor\u00e7\u00e3o de empresas MEI ativas no Brasil\" class=\"wp-image-5623\" title=\"Distribui\u00e7\u00e3o e propor\u00e7\u00e3o de empresas MEI ativas no Brasil\" srcset=\"https:\/\/www.empresaqui.com.br\/blog\/wp-content\/uploads\/2026\/04\/Proporcao-de-empresas-MEI-ativas-no-Brasil.png 771w, https:\/\/www.empresaqui.com.br\/blog\/wp-content\/uploads\/2026\/04\/Proporcao-de-empresas-MEI-ativas-no-Brasil-300x207.png 300w, https:\/\/www.empresaqui.com.br\/blog\/wp-content\/uploads\/2026\/04\/Proporcao-de-empresas-MEI-ativas-no-Brasil-768x531.png 768w\" sizes=\"auto, (max-width: 771px) 100vw, 771px\" \/><\/figure>\n\n\n\n<p class=\"has-text-align-center\"><em>Distribui\u00e7\u00e3o geral de empresas do tipo MEI entre empresas ativas no Brasil. Fonte: Infogr\u00e1fico EmpresAqui<\/em><\/p>\n\n\n\n<h3 class=\"wp-block-heading\"><strong>Regime tribut\u00e1rio<\/strong><\/h3>\n\n\n\n<p>O painel indica ampla predomin\u00e2ncia do <strong>Simples Nacional<\/strong>, com <strong>1.452.905 empresas<\/strong>, o que refor\u00e7a o perfil de pequenos neg\u00f3cios e baixa complexidade tribut\u00e1ria.<\/p>\n\n\n\n<h3 class=\"wp-block-heading\"><strong>Faturamento estimado<\/strong><\/h3>\n\n\n\n<p>A base \u00e9 fortemente concentrada na faixa de menor faturamento:<\/p>\n\n\n\n<ul class=\"wp-block-list\">\n<li><strong>1 a 81 mil:<\/strong> 1.148.834<\/li>\n\n\n\n<li><strong>81 mil a 3,6 milh\u00f5es:<\/strong> 274.446<\/li>\n\n\n\n<li><strong>3,6 milh\u00f5es a 4,8 milh\u00f5es:<\/strong> 57.610<\/li>\n\n\n\n<li><strong>4,8 milh\u00f5es a 20 milh\u00f5es:<\/strong> 53.422<\/li>\n\n\n\n<li><strong>20 milh\u00f5es a 50 milh\u00f5es:<\/strong> 738<\/li>\n\n\n\n<li><strong>50 milh\u00f5es a 10.000 milh\u00f5es:<\/strong> 3.591<\/li>\n<\/ul>\n\n\n\n<p>O principal sinal aqui \u00e9 claro: o ciclo de abertura do trimestre foi predominantemente formado por empresas de baixo faturamento esperado, coerente com a forte presen\u00e7a de MEIs e microempresas.<\/p>\n\n\n\n<h3 class=\"wp-block-heading\"><strong>Estrutura societ\u00e1ria e cadastro<\/strong><\/h3>\n\n\n\n<ul class=\"wp-block-list\">\n<li><strong>Matriz:<\/strong> 1.509.643<\/li>\n\n\n\n<li><strong>Filial:<\/strong> aproximadamente 2% da base<\/li>\n<\/ul>\n\n\n\n<p>Esses indicadores s\u00e3o especialmente relevantes para prospec\u00e7\u00e3o, pois mostram uma base com n\u00edvel muito alto de contato dispon\u00edvel e predomin\u00e2ncia de matrizes, o que tende a facilitar leitura comercial e abordagem.<\/p>\n\n\n\n<h3 class=\"wp-block-heading\"><strong>Faixa et\u00e1ria dos s\u00f3cios<\/strong><\/h3>\n\n\n\n<p>Os grupos com maior incid\u00eancia na base ativa foram:<\/p>\n\n\n\n<ul class=\"wp-block-list\">\n<li><strong>31 a 40 anos:<\/strong> 139.457<\/li>\n\n\n\n<li><strong>41 a 50 anos:<\/strong> 111.382<\/li>\n\n\n\n<li><strong>21 a 30 anos:<\/strong> 100.474<\/li>\n\n\n\n<li><strong>51 a 60 anos:<\/strong> 54.064<\/li>\n<\/ul>\n\n\n\n<p>Isso mostra que o empreendedor que mais abriu empresa no trimestre est\u00e1 majoritariamente entre <strong>21 e 50 anos<\/strong>, com pico em <strong>31 a 40 anos<\/strong>.<\/p>\n\n\n\n<h2 class=\"wp-block-heading\"><span class=\"ez-toc-section\" id=\"O_que_os_dados_contam_sobre_o_Brasil_empreendedor_no_inicio_de_2026\"><\/span><strong>O que os dados contam sobre o Brasil empreendedor no in\u00edcio de 2026<\/strong><span class=\"ez-toc-section-end\"><\/span><\/h2>\n\n\n\n<p>A leitura combinada das duas bases aponta um Brasil empreendedor com cinco caracter\u00edsticas centrais:<\/p>\n\n\n\n<h3 class=\"wp-block-heading\"><strong>Forte impulso de formaliza\u00e7\u00e3o<\/strong><\/h3>\n\n\n\n<p>O volume de mais de 1,63 milh\u00e3o de empresas abertas no trimestre mostra que a formaliza\u00e7\u00e3o empresarial segue intensa, inclusive em atividades de baixa barreira de entrada.<\/p>\n\n\n\n<h3 class=\"wp-block-heading\"><strong>Perfil majoritariamente pequeno e operacional<\/strong><\/h3>\n\n\n\n<p>A domin\u00e2ncia de microempresas, MEIs, Simples Nacional e baixo faturamento estimado sugere um ciclo de abertura concentrado em neg\u00f3cios enxutos, operacionais e de entrada r\u00e1pida no mercado.<\/p>\n\n\n\n<h3 class=\"wp-block-heading\"><strong>Concentra\u00e7\u00e3o geogr\u00e1fica, mas com polos emergentes<\/strong><\/h3>\n\n\n\n<p>S\u00e3o Paulo concentra o maior volume absoluto, mas munic\u00edpios de Santa Catarina, Mato Grosso e interior paulista ganham destaque na densidade. Isso indica que a din\u00e2mica empreendedora n\u00e3o est\u00e1 restrita \u00e0s capitais tradicionais.<\/p>\n\n\n\n<h3 class=\"wp-block-heading\"><strong>Log\u00edstica e servi\u00e7os entre os principais motores do trimestre<\/strong><\/h3>\n\n\n\n<p>A presen\u00e7a recorrente de malote, transporte de carga e entrega r\u00e1pida entre os maiores CNAEs do per\u00edodo sugere que a log\u00edstica foi um dos grandes vetores de abertura empresarial no trimestre.<\/p>\n\n\n\n<h3 class=\"wp-block-heading\"><strong>Abertura elevada n\u00e3o significa estabilidade elevada<\/strong><\/h3>\n\n\n\n<p>Os mesmos segmentos que puxam abertura aparecem tamb\u00e9m entre os mais sujeitos a encerramento precoce. Isso indica um mercado de grande dinamismo, mas com alta taxa de sele\u00e7\u00e3o natural logo nos primeiros meses.<\/p>\n\n\n\n<h2 class=\"wp-block-heading\"><span class=\"ez-toc-section\" id=\"Oportunidades_B2B_reveladas_por_este_relatorio\"><\/span><strong>Oportunidades B2B reveladas por este relat\u00f3rio<\/strong><span class=\"ez-toc-section-end\"><\/span><\/h2>\n\n\n\n<p>Os dados do trimestre ajudam a revelar janelas concretas de oportunidade comercial.<\/p>\n\n\n\n<h3 class=\"wp-block-heading\"><strong>Prospec\u00e7\u00e3o em empresas rec\u00e9m-abertas continua sendo uma das maiores oportunidades do B2B no Brasil<\/strong><\/h3>\n\n\n\n<p>O universo de mais de 1,5 milh\u00e3o de empresas abertas e ativas em apenas tr\u00eas meses mostra um fluxo massivo de novos CNPJs entrando no mercado.<\/p>\n\n\n\n<p>Esse grupo tende a ter demandas imediatas por:<\/p>\n\n\n\n<ul class=\"wp-block-list\">\n<li>servi\u00e7os financeiros;<\/li>\n\n\n\n<li>tecnologia;<\/li>\n\n\n\n<li>contabilidade;<\/li>\n\n\n\n<li>marketing;<\/li>\n\n\n\n<li>capacita\u00e7\u00e3o;<\/li>\n\n\n\n<li>cr\u00e9dito;<\/li>\n\n\n\n<li>meios de pagamento;<\/li>\n\n\n\n<li>log\u00edstica e seguros.<\/li>\n<\/ul>\n\n\n\n<p>Para <a href=\"https:\/\/www.empresaqui.com.br\/blog\/como-descobrir-empresas-recem-abertas\/\">encontrar essas empresas rec\u00e9m-aberta<\/a>s, basta acessar nossa plataforma e filtrar por data de abertura. Tamb\u00e9m \u00e9 poss\u00edvel combinar filtros para selecionar seu perfil de empresa ideal.<\/p>\n\n\n\n<h3 class=\"wp-block-heading\"><strong>O alto percentual de MEIs cria uma janela de venda orientada a simplifica\u00e7\u00e3o<\/strong><\/h3>\n\n\n\n<p>Se 75% da base \u00e9 MEI, produtos e abordagens comerciais excessivamente complexos tendem a perder ader\u00eancia.<\/p>\n\n\n\n<p>H\u00e1 espa\u00e7o para solu\u00e7\u00f5es de onboarding simples, linguagem direta, ticket acess\u00edvel e r\u00e1pida ativa\u00e7\u00e3o.<\/p>\n\n\n\n<h3 class=\"wp-block-heading\"><strong>A log\u00edstica \u00e9 uma das maiores oportunidade, mas exige precis\u00e3o de timing<\/strong><\/h3>\n\n\n\n<p>Malote, transporte de carga e entrega r\u00e1pida aparecem entre os maiores segmentos do trimestre. Ao mesmo tempo, exibem taxa inicial de encerramento elevada.<\/p>\n\n\n\n<p>Isso significa que existe mercado, mas a janela comercial \u00e9 mais curta. A abordagem B2B precisa ocorrer cedo, antes que parte dessas empresas desapare\u00e7a da base.<\/p>\n\n\n\n<h3 class=\"wp-block-heading\"><strong>Cidades densas em abertura podem gerar melhor efici\u00eancia comercial<\/strong><\/h3>\n\n\n\n<p>Munic\u00edpios como Itaja\u00ed, Palho\u00e7a, Balne\u00e1rio Cambori\u00fa, Florian\u00f3polis, Barueri e Sinop podem oferecer melhor retorno comercial por concentra\u00e7\u00e3o relativa de novos neg\u00f3cios, mesmo quando n\u00e3o lideram em volume bruto nacional.<\/p>\n\n\n\n<h2 class=\"wp-block-heading\"><span class=\"ez-toc-section\" id=\"Conclusao\"><\/span><strong>Conclus\u00e3o<\/strong><span class=\"ez-toc-section-end\"><\/span><\/h2>\n\n\n\n<p>O 1\u00ba trimestre de 2026 mostrou um Brasil com <strong>abertura empresarial em escala muito elevada<\/strong>, forte presen\u00e7a de <strong>microempresas e MEIs<\/strong>, predomin\u00e2ncia de <strong>neg\u00f3cios de baixa estrutura inicial<\/strong> e participa\u00e7\u00e3o relevante de <strong>servi\u00e7os e log\u00edstica<\/strong> entre os setores mais din\u00e2micos.<\/p>\n\n\n\n<p>No total, foram identificadas <strong>1.638.996 empresas abertas no trimestre<\/strong>, das quais <strong>1.539.538 permaneciam ativas<\/strong> e <strong>99.458 j\u00e1 haviam sido baixadas<\/strong> at\u00e9 a data de observa\u00e7\u00e3o. A taxa inicial de encerramento de <strong>6,07%<\/strong> ainda \u00e9 preliminar, mas j\u00e1 mostra que o crescimento vem acompanhado de rotatividade relevante.<\/p>\n\n\n\n<p>A an\u00e1lise por segmentos refor\u00e7a que a log\u00edstica foi um dos grandes motores do per\u00edodo, mas tamb\u00e9m um dos blocos mais vol\u00e1teis da coorte.<\/p>\n\n\n\n<p>A an\u00e1lise territorial mostra um pa\u00eds ainda concentrado em S\u00e3o Paulo no volume absoluto, mas com sinais de dinamismo proporcional em cidades do Sul, Centro-Oeste e interior.<\/p>\n\n\n\n<p>Para pesquisa de mercado e prospec\u00e7\u00e3o B2B, o recado central \u00e9 claro: o Brasil continua abrindo empresas em volume muito alto, mas a velocidade da abordagem importa.<\/p>\n\n\n\n<p>Em um ambiente com grande entrada e sele\u00e7\u00e3o r\u00e1pida, a capacidade de identificar cedo, priorizar bem e abordar no momento certo passa a ser uma vantagem competitiva real.<\/p>\n\n\n\n<!-- CTA Prospec\u00e7\u00e3o B2B - fundo com gradiente azul, bot\u00e3o claro e brilho -->\n<style>\n  .prospeccao-cta-container, .prospeccao-cta-container * { box-sizing: border-box; }\n\n  .prospeccao-cta-container {\n    width: 100%;\n    max-width: 700px;\n    min-height: 250px;\n    background: linear-gradient(135deg, #000428, #004e92);\n    border-radius: 15px;\n    box-shadow: 0 4px 20px rgba(0,0,0,0.1);\n    display: flex;\n    align-items: center;\n    padding: 24px 28px;\n    justify-content: space-between;\n    margin: 0 auto;\n    gap: 20px;\n  }\n\n  .prospeccao-cta-text {\n    flex: 1;\n    padding-right: 10px;\n    font-family: Arial, sans-serif;\n    color: #ffffff;\n  }\n\n  \/* \ud83d\udd25 substitui o h2 *\/\n  .cta-title {\n    margin: 0;\n    font-size: 1.5em;\n    font-weight: bold;\n    color: #ffffff;\n    line-height: 1.2;\n  }\n\n  .prospeccao-cta-text p {\n    margin: 10px 0 16px 0;\n    font-size: 1em;\n    color: #f5f5f5;\n    line-height: 1.5;\n  }\n\n  .prospeccao-badge {\n    display: inline-block;\n    background-color: #007BFF;\n    color: white;\n    padding: 4px 10px;\n    border-radius: 8px;\n    font-size: 0.8em;\n    font-weight: bold;\n    margin-bottom: 8px;\n    white-space: nowrap;\n  }\n\n  .prospeccao-cta-button {\n    background: linear-gradient(90deg, #ffffff, #e6f0ff);\n    color: #002b80;\n    padding: 14px 24px;\n    font-size: 1.1em;\n    border-radius: 25px;\n    text-decoration: none;\n    font-weight: bold;\n    display: inline-block;\n    transition: transform 0.2s, box-shadow 0.2s;\n    box-shadow: 0 4px 10px rgba(0,0,0,0.15), 0 0 20px #0DFFFC;\n    white-space: nowrap;\n    font-family: Arial, sans-serif;\n    text-align: center;\n    -webkit-tap-highlight-color: transparent;\n  }\n\n  .prospeccao-cta-button:hover {\n    transform: translateY(-2px);\n    box-shadow: 0 6px 14px rgba(0,0,0,0.2), 0 0 30px #0DFFFC;\n  }\n\n  .highlight-text {\n    font-weight: bold;\n    color: #007BFF;\n  }\n\n  @media (max-width: 768px) {\n    .prospeccao-cta-container {\n      flex-direction: column;\n      align-items: stretch;\n      text-align: center;\n      padding: 20px;\n      gap: 16px;\n    }\n\n    .prospeccao-cta-text { padding-right: 0; }\n    .prospeccao-badge { margin: 0 auto 8px; white-space: normal; }\n\n    .cta-title { font-size: 1.35em; }\n    .prospeccao-cta-text p  { font-size: 0.95em; }\n    .prospeccao-cta-button  { font-size: 1em; white-space: normal; width: 100%; padding: 14px 18px; }\n  }\n\n  @media (max-width: 400px) {\n    .prospeccao-cta-container { border-radius: 12px; padding: 16px; }\n    .cta-title { font-size: 1.25em; }\n    .prospeccao-cta-text p  { font-size: 0.9em; }\n    .prospeccao-cta-button  { font-size: 0.98em; }\n  }\n\n  @media (prefers-reduced-motion: reduce) {\n    .prospeccao-cta-button { transition: none; }\n    .prospeccao-cta-button:hover { transform: none; }\n  }\n<\/style>\n\n<div class=\"prospeccao-cta-container\">\n  <div class=\"prospeccao-cta-text\">\n    <div class=\"prospeccao-badge\">MELHORE SEUS RESULTADOS<\/div>\n\n    <!-- \ud83d\udd25 agora N\u00c3O entra no TOC -->\n    <div class=\"cta-title\">PROSPEC\u00c7\u00c3O B2B MAIS R\u00c1PIDA E EFICIENTE<\/div>\n\n    <p>\n      Listas de empresas personalizadas com dados completos e base nacional.<br>\n      <span class=\"highlight-text\">Tudo em um s\u00f3 lugar.<\/span>\n    <\/p>\n  <\/div>\n\n  <div>\n    <a href=\"https:\/\/www.empresaqui.com.br\/plano-gratuito?utm_source=blog&amp;utm_medium=banner&amp;utm_campaign=CTA-GRATUITO-HTML\" class=\"prospeccao-cta-button\">\n      Teste Gr\u00e1tis\n    <\/a>\n  <\/div>\n<\/div>\n","protected":false},"excerpt":{"rendered":"<p>Relat\u00f3rio T\u00e9cnico | Fonte: Plataforma EmpresAqui Per\u00edodo: 01\/01\/2026 a 31\/03\/2026 O cen\u00e1rio do empreendedorismo brasileiro no in\u00edcio de 2026 \u00e9 [&hellip;]<\/p>\n","protected":false},"author":4,"featured_media":0,"menu_order":0,"comment_status":"closed","ping_status":"open","template":"","format":"standard","meta":{"_acf_changed":false,"_uag_custom_page_level_css":"","site-sidebar-layout":"default","site-content-layout":"","ast-site-content-layout":"default","site-content-style":"default","site-sidebar-style":"default","ast-global-header-display":"","ast-banner-title-visibility":"","ast-main-header-display":"","ast-hfb-above-header-display":"","ast-hfb-below-header-display":"","ast-hfb-mobile-header-display":"","site-post-title":"","ast-breadcrumbs-content":"","ast-featured-img":"","footer-sml-layout":"","theme-transparent-header-meta":"","adv-header-id-meta":"","stick-header-meta":"","header-above-stick-meta":"","header-main-stick-meta":"","header-below-stick-meta":"","astra-migrate-meta-layouts":"default","ast-page-background-enabled":"default","ast-page-background-meta":{"desktop":{"background-color":"var(--ast-global-color-4)","background-image":"","background-repeat":"repeat","background-position":"center center","background-size":"auto","background-attachment":"scroll","background-type":"","background-media":"","overlay-type":"","overlay-color":"","overlay-opacity":"","overlay-gradient":""},"tablet":{"background-color":"","background-image":"","background-repeat":"repeat","background-position":"center center","background-size":"auto","background-attachment":"scroll","background-type":"","background-media":"","overlay-type":"","overlay-color":"","overlay-opacity":"","overlay-gradient":""},"mobile":{"background-color":"","background-image":"","background-repeat":"repeat","background-position":"center center","background-size":"auto","background-attachment":"scroll","background-type":"","background-media":"","overlay-type":"","overlay-color":"","overlay-opacity":"","overlay-gradient":""}},"ast-content-background-meta":{"desktop":{"background-color":"var(--ast-global-color-5)","background-image":"","background-repeat":"repeat","background-position":"center center","background-size":"auto","background-attachment":"scroll","background-type":"","background-media":"","overlay-type":"","overlay-color":"","overlay-opacity":"","overlay-gradient":""},"tablet":{"background-color":"var(--ast-global-color-5)","background-image":"","background-repeat":"repeat","background-position":"center center","background-size":"auto","background-attachment":"scroll","background-type":"","background-media":"","overlay-type":"","overlay-color":"","overlay-opacity":"","overlay-gradient":""},"mobile":{"background-color":"var(--ast-global-color-5)","background-image":"","background-repeat":"repeat","background-position":"center center","background-size":"auto","background-attachment":"scroll","background-type":"","background-media":"","overlay-type":"","overlay-color":"","overlay-opacity":"","overlay-gradient":""}},"footnotes":""},"class_list":["post-5611","noticias","type-noticias","status-publish","format-standard","hentry"],"acf":[],"yoast_head":"<!-- This site is optimized with the Yoast SEO plugin v27.4 - https:\/\/yoast.com\/product\/yoast-seo-wordpress\/ -->\n<title>1,6 Milh\u00e3o de novas empresas no Brasil no 1\u00ba Trimestre de 2026<\/title>\n<meta name=\"description\" content=\"Confira o relat\u00f3rio de empresas abertas no Brasil no primeiro trimestre de 2026 e as estat\u00edsticas de CNPJs ativos.\" \/>\n<meta name=\"robots\" content=\"index, follow, max-snippet:-1, max-image-preview:large, max-video-preview:-1\" \/>\n<link rel=\"canonical\" href=\"https:\/\/www.empresaqui.com.br\/blog\/noticias\/empresas-abertas-brasil-1-trimestre-2026\/\" \/>\n<meta property=\"og:locale\" content=\"pt_BR\" \/>\n<meta property=\"og:type\" content=\"article\" \/>\n<meta property=\"og:title\" content=\"1,6 Milh\u00e3o de novas empresas no Brasil no 1\u00ba Trimestre de 2026\" \/>\n<meta property=\"og:description\" content=\"Confira o relat\u00f3rio de empresas abertas no Brasil no primeiro trimestre de 2026 e as estat\u00edsticas de CNPJs ativos.\" \/>\n<meta property=\"og:url\" content=\"https:\/\/www.empresaqui.com.br\/blog\/noticias\/empresas-abertas-brasil-1-trimestre-2026\/\" \/>\n<meta property=\"og:site_name\" content=\"Blog EmpresAqui\" \/>\n<meta property=\"article:publisher\" content=\"https:\/\/www.facebook.com\/empresaquibr\" \/>\n<meta property=\"article:modified_time\" content=\"2026-04-20T18:14:07+00:00\" \/>\n<meta property=\"og:image\" content=\"https:\/\/www.empresaqui.com.br\/blog\/wp-content\/uploads\/2026\/04\/Empresas-abertas-ativas-por-mes-no-primeiro-trimestre-de-2026.png\" \/>\n\t<meta property=\"og:image:width\" content=\"1757\" \/>\n\t<meta property=\"og:image:height\" content=\"680\" \/>\n\t<meta property=\"og:image:type\" content=\"image\/png\" \/>\n<meta name=\"twitter:card\" content=\"summary_large_image\" \/>\n<script type=\"application\/ld+json\" class=\"yoast-schema-graph\">{\"@context\":\"https:\\\/\\\/schema.org\",\"@graph\":[{\"@type\":\"NewsArticle\",\"@id\":\"https:\\\/\\\/www.empresaqui.com.br\\\/blog\\\/noticias\\\/empresas-abertas-brasil-1-trimestre-2026\\\/#article\",\"isPartOf\":{\"@id\":\"https:\\\/\\\/www.empresaqui.com.br\\\/blog\\\/noticias\\\/empresas-abertas-brasil-1-trimestre-2026\\\/\"},\"author\":{\"name\":\"Jamille Rocha\",\"@id\":\"https:\\\/\\\/www.empresaqui.com.br\\\/blog\\\/#\\\/schema\\\/person\\\/143604485ecb43926554432880c87570\"},\"headline\":\"Brasil abre mais de 1,6 milh\u00e3o de empresas no 1\u00ba trimestre de 2026\",\"datePublished\":\"2026-04-20T17:52:21+00:00\",\"dateModified\":\"2026-04-20T18:14:07+00:00\",\"mainEntityOfPage\":{\"@id\":\"https:\\\/\\\/www.empresaqui.com.br\\\/blog\\\/noticias\\\/empresas-abertas-brasil-1-trimestre-2026\\\/\"},\"wordCount\":2720,\"publisher\":{\"@id\":\"https:\\\/\\\/www.empresaqui.com.br\\\/blog\\\/#organization\"},\"image\":{\"@id\":\"https:\\\/\\\/www.empresaqui.com.br\\\/blog\\\/noticias\\\/empresas-abertas-brasil-1-trimestre-2026\\\/#primaryimage\"},\"thumbnailUrl\":\"https:\\\/\\\/www.empresaqui.com.br\\\/blog\\\/wp-content\\\/uploads\\\/2026\\\/04\\\/Empresas-abertas-ativas-por-mes-no-primeiro-trimestre-de-2026-1024x396.png\",\"inLanguage\":\"pt-BR\"},{\"@type\":\"WebPage\",\"@id\":\"https:\\\/\\\/www.empresaqui.com.br\\\/blog\\\/noticias\\\/empresas-abertas-brasil-1-trimestre-2026\\\/\",\"url\":\"https:\\\/\\\/www.empresaqui.com.br\\\/blog\\\/noticias\\\/empresas-abertas-brasil-1-trimestre-2026\\\/\",\"name\":\"1,6 Milh\u00e3o de novas empresas no Brasil no 1\u00ba Trimestre de 2026\",\"isPartOf\":{\"@id\":\"https:\\\/\\\/www.empresaqui.com.br\\\/blog\\\/#website\"},\"primaryImageOfPage\":{\"@id\":\"https:\\\/\\\/www.empresaqui.com.br\\\/blog\\\/noticias\\\/empresas-abertas-brasil-1-trimestre-2026\\\/#primaryimage\"},\"image\":{\"@id\":\"https:\\\/\\\/www.empresaqui.com.br\\\/blog\\\/noticias\\\/empresas-abertas-brasil-1-trimestre-2026\\\/#primaryimage\"},\"thumbnailUrl\":\"https:\\\/\\\/www.empresaqui.com.br\\\/blog\\\/wp-content\\\/uploads\\\/2026\\\/04\\\/Empresas-abertas-ativas-por-mes-no-primeiro-trimestre-de-2026-1024x396.png\",\"datePublished\":\"2026-04-20T17:52:21+00:00\",\"dateModified\":\"2026-04-20T18:14:07+00:00\",\"description\":\"Confira o relat\u00f3rio de empresas abertas no Brasil no primeiro trimestre de 2026 e as estat\u00edsticas de CNPJs ativos.\",\"breadcrumb\":{\"@id\":\"https:\\\/\\\/www.empresaqui.com.br\\\/blog\\\/noticias\\\/empresas-abertas-brasil-1-trimestre-2026\\\/#breadcrumb\"},\"inLanguage\":\"pt-BR\",\"potentialAction\":[{\"@type\":\"ReadAction\",\"target\":[\"https:\\\/\\\/www.empresaqui.com.br\\\/blog\\\/noticias\\\/empresas-abertas-brasil-1-trimestre-2026\\\/\"]}]},{\"@type\":\"ImageObject\",\"inLanguage\":\"pt-BR\",\"@id\":\"https:\\\/\\\/www.empresaqui.com.br\\\/blog\\\/noticias\\\/empresas-abertas-brasil-1-trimestre-2026\\\/#primaryimage\",\"url\":\"https:\\\/\\\/www.empresaqui.com.br\\\/blog\\\/wp-content\\\/uploads\\\/2026\\\/04\\\/Empresas-abertas-ativas-por-mes-no-primeiro-trimestre-de-2026.png\",\"contentUrl\":\"https:\\\/\\\/www.empresaqui.com.br\\\/blog\\\/wp-content\\\/uploads\\\/2026\\\/04\\\/Empresas-abertas-ativas-por-mes-no-primeiro-trimestre-de-2026.png\",\"width\":1757,\"height\":680},{\"@type\":\"BreadcrumbList\",\"@id\":\"https:\\\/\\\/www.empresaqui.com.br\\\/blog\\\/noticias\\\/empresas-abertas-brasil-1-trimestre-2026\\\/#breadcrumb\",\"itemListElement\":[{\"@type\":\"ListItem\",\"position\":1,\"name\":\"In\u00edcio\",\"item\":\"https:\\\/\\\/www.empresaqui.com.br\\\/blog\\\/\"},{\"@type\":\"ListItem\",\"position\":2,\"name\":\"noticias\",\"item\":\"https:\\\/\\\/www.empresaqui.com.br\\\/blog\\\/blog\\\/noticias\\\/\"},{\"@type\":\"ListItem\",\"position\":3,\"name\":\"Brasil abre mais de 1,6 milh\u00e3o de empresas no 1\u00ba trimestre de 2026\"}]},{\"@type\":\"WebSite\",\"@id\":\"https:\\\/\\\/www.empresaqui.com.br\\\/blog\\\/#website\",\"url\":\"https:\\\/\\\/www.empresaqui.com.br\\\/blog\\\/\",\"name\":\"Blog EmpresAqui\",\"description\":\"\",\"publisher\":{\"@id\":\"https:\\\/\\\/www.empresaqui.com.br\\\/blog\\\/#organization\"},\"potentialAction\":[{\"@type\":\"SearchAction\",\"target\":{\"@type\":\"EntryPoint\",\"urlTemplate\":\"https:\\\/\\\/www.empresaqui.com.br\\\/blog\\\/?s={search_term_string}\"},\"query-input\":{\"@type\":\"PropertyValueSpecification\",\"valueRequired\":true,\"valueName\":\"search_term_string\"}}],\"inLanguage\":\"pt-BR\"},{\"@type\":\"Organization\",\"@id\":\"https:\\\/\\\/www.empresaqui.com.br\\\/blog\\\/#organization\",\"name\":\"EmpresAqui\",\"url\":\"https:\\\/\\\/www.empresaqui.com.br\\\/blog\\\/\",\"logo\":{\"@type\":\"ImageObject\",\"inLanguage\":\"pt-BR\",\"@id\":\"https:\\\/\\\/www.empresaqui.com.br\\\/blog\\\/#\\\/schema\\\/logo\\\/image\\\/\",\"url\":\"https:\\\/\\\/www.empresaqui.com.br\\\/blog\\\/wp-content\\\/uploads\\\/2023\\\/02\\\/cropped-cropped-AdminLTELogo-2-1-1.png\",\"contentUrl\":\"https:\\\/\\\/www.empresaqui.com.br\\\/blog\\\/wp-content\\\/uploads\\\/2023\\\/02\\\/cropped-cropped-AdminLTELogo-2-1-1.png\",\"width\":100,\"height\":100,\"caption\":\"EmpresAqui\"},\"image\":{\"@id\":\"https:\\\/\\\/www.empresaqui.com.br\\\/blog\\\/#\\\/schema\\\/logo\\\/image\\\/\"},\"sameAs\":[\"https:\\\/\\\/www.facebook.com\\\/empresaquibr\",\"https:\\\/\\\/www.instagram.com\\\/empresaqui\"]},{\"@type\":\"Person\",\"@id\":\"https:\\\/\\\/www.empresaqui.com.br\\\/blog\\\/#\\\/schema\\\/person\\\/143604485ecb43926554432880c87570\",\"name\":\"Jamille Rocha\",\"image\":{\"@type\":\"ImageObject\",\"inLanguage\":\"pt-BR\",\"@id\":\"https:\\\/\\\/secure.gravatar.com\\\/avatar\\\/2f6b45baa44f90046c948f8af1f72e56c12a99f8d98da72b2bba204290c00022?s=96&d=mm&r=g\",\"url\":\"https:\\\/\\\/secure.gravatar.com\\\/avatar\\\/2f6b45baa44f90046c948f8af1f72e56c12a99f8d98da72b2bba204290c00022?s=96&d=mm&r=g\",\"contentUrl\":\"https:\\\/\\\/secure.gravatar.com\\\/avatar\\\/2f6b45baa44f90046c948f8af1f72e56c12a99f8d98da72b2bba204290c00022?s=96&d=mm&r=g\",\"caption\":\"Jamille Rocha\"},\"description\":\"Jamille Rocha \u00e9 diretora de Marketing &amp; Growth e s\u00f3cia do EmpresAqui, plataforma de dados e intelig\u00eancia de mercado para prospec\u00e7\u00e3o B2B. Atua, com mais de 7 anos de experi\u00eancia, na interse\u00e7\u00e3o entre estrat\u00e9gia, dados e crescimento, liderando iniciativas de aquisi\u00e7\u00e3o e convers\u00e3o para empresas orientadas por dados.\",\"url\":\"https:\\\/\\\/www.empresaqui.com.br\\\/blog\\\/author\\\/jamille-rocha-2\\\/\"}]}<\/script>\n<!-- \/ Yoast SEO plugin. -->","yoast_head_json":{"title":"1,6 Milh\u00e3o de novas empresas no Brasil no 1\u00ba Trimestre de 2026","description":"Confira o relat\u00f3rio de empresas abertas no Brasil no primeiro trimestre de 2026 e as estat\u00edsticas de CNPJs ativos.","robots":{"index":"index","follow":"follow","max-snippet":"max-snippet:-1","max-image-preview":"max-image-preview:large","max-video-preview":"max-video-preview:-1"},"canonical":"https:\/\/www.empresaqui.com.br\/blog\/noticias\/empresas-abertas-brasil-1-trimestre-2026\/","og_locale":"pt_BR","og_type":"article","og_title":"1,6 Milh\u00e3o de novas empresas no Brasil no 1\u00ba Trimestre de 2026","og_description":"Confira o relat\u00f3rio de empresas abertas no Brasil no primeiro trimestre de 2026 e as estat\u00edsticas de CNPJs ativos.","og_url":"https:\/\/www.empresaqui.com.br\/blog\/noticias\/empresas-abertas-brasil-1-trimestre-2026\/","og_site_name":"Blog EmpresAqui","article_publisher":"https:\/\/www.facebook.com\/empresaquibr","article_modified_time":"2026-04-20T18:14:07+00:00","og_image":[{"width":1757,"height":680,"url":"https:\/\/www.empresaqui.com.br\/blog\/wp-content\/uploads\/2026\/04\/Empresas-abertas-ativas-por-mes-no-primeiro-trimestre-de-2026.png","type":"image\/png"}],"twitter_card":"summary_large_image","schema":{"@context":"https:\/\/schema.org","@graph":[{"@type":"NewsArticle","@id":"https:\/\/www.empresaqui.com.br\/blog\/noticias\/empresas-abertas-brasil-1-trimestre-2026\/#article","isPartOf":{"@id":"https:\/\/www.empresaqui.com.br\/blog\/noticias\/empresas-abertas-brasil-1-trimestre-2026\/"},"author":{"name":"Jamille Rocha","@id":"https:\/\/www.empresaqui.com.br\/blog\/#\/schema\/person\/143604485ecb43926554432880c87570"},"headline":"Brasil abre mais de 1,6 milh\u00e3o de empresas no 1\u00ba trimestre de 2026","datePublished":"2026-04-20T17:52:21+00:00","dateModified":"2026-04-20T18:14:07+00:00","mainEntityOfPage":{"@id":"https:\/\/www.empresaqui.com.br\/blog\/noticias\/empresas-abertas-brasil-1-trimestre-2026\/"},"wordCount":2720,"publisher":{"@id":"https:\/\/www.empresaqui.com.br\/blog\/#organization"},"image":{"@id":"https:\/\/www.empresaqui.com.br\/blog\/noticias\/empresas-abertas-brasil-1-trimestre-2026\/#primaryimage"},"thumbnailUrl":"https:\/\/www.empresaqui.com.br\/blog\/wp-content\/uploads\/2026\/04\/Empresas-abertas-ativas-por-mes-no-primeiro-trimestre-de-2026-1024x396.png","inLanguage":"pt-BR"},{"@type":"WebPage","@id":"https:\/\/www.empresaqui.com.br\/blog\/noticias\/empresas-abertas-brasil-1-trimestre-2026\/","url":"https:\/\/www.empresaqui.com.br\/blog\/noticias\/empresas-abertas-brasil-1-trimestre-2026\/","name":"1,6 Milh\u00e3o de novas empresas no Brasil no 1\u00ba Trimestre de 2026","isPartOf":{"@id":"https:\/\/www.empresaqui.com.br\/blog\/#website"},"primaryImageOfPage":{"@id":"https:\/\/www.empresaqui.com.br\/blog\/noticias\/empresas-abertas-brasil-1-trimestre-2026\/#primaryimage"},"image":{"@id":"https:\/\/www.empresaqui.com.br\/blog\/noticias\/empresas-abertas-brasil-1-trimestre-2026\/#primaryimage"},"thumbnailUrl":"https:\/\/www.empresaqui.com.br\/blog\/wp-content\/uploads\/2026\/04\/Empresas-abertas-ativas-por-mes-no-primeiro-trimestre-de-2026-1024x396.png","datePublished":"2026-04-20T17:52:21+00:00","dateModified":"2026-04-20T18:14:07+00:00","description":"Confira o relat\u00f3rio de empresas abertas no Brasil no primeiro trimestre de 2026 e as estat\u00edsticas de CNPJs ativos.","breadcrumb":{"@id":"https:\/\/www.empresaqui.com.br\/blog\/noticias\/empresas-abertas-brasil-1-trimestre-2026\/#breadcrumb"},"inLanguage":"pt-BR","potentialAction":[{"@type":"ReadAction","target":["https:\/\/www.empresaqui.com.br\/blog\/noticias\/empresas-abertas-brasil-1-trimestre-2026\/"]}]},{"@type":"ImageObject","inLanguage":"pt-BR","@id":"https:\/\/www.empresaqui.com.br\/blog\/noticias\/empresas-abertas-brasil-1-trimestre-2026\/#primaryimage","url":"https:\/\/www.empresaqui.com.br\/blog\/wp-content\/uploads\/2026\/04\/Empresas-abertas-ativas-por-mes-no-primeiro-trimestre-de-2026.png","contentUrl":"https:\/\/www.empresaqui.com.br\/blog\/wp-content\/uploads\/2026\/04\/Empresas-abertas-ativas-por-mes-no-primeiro-trimestre-de-2026.png","width":1757,"height":680},{"@type":"BreadcrumbList","@id":"https:\/\/www.empresaqui.com.br\/blog\/noticias\/empresas-abertas-brasil-1-trimestre-2026\/#breadcrumb","itemListElement":[{"@type":"ListItem","position":1,"name":"In\u00edcio","item":"https:\/\/www.empresaqui.com.br\/blog\/"},{"@type":"ListItem","position":2,"name":"noticias","item":"https:\/\/www.empresaqui.com.br\/blog\/blog\/noticias\/"},{"@type":"ListItem","position":3,"name":"Brasil abre mais de 1,6 milh\u00e3o de empresas no 1\u00ba trimestre de 2026"}]},{"@type":"WebSite","@id":"https:\/\/www.empresaqui.com.br\/blog\/#website","url":"https:\/\/www.empresaqui.com.br\/blog\/","name":"Blog EmpresAqui","description":"","publisher":{"@id":"https:\/\/www.empresaqui.com.br\/blog\/#organization"},"potentialAction":[{"@type":"SearchAction","target":{"@type":"EntryPoint","urlTemplate":"https:\/\/www.empresaqui.com.br\/blog\/?s={search_term_string}"},"query-input":{"@type":"PropertyValueSpecification","valueRequired":true,"valueName":"search_term_string"}}],"inLanguage":"pt-BR"},{"@type":"Organization","@id":"https:\/\/www.empresaqui.com.br\/blog\/#organization","name":"EmpresAqui","url":"https:\/\/www.empresaqui.com.br\/blog\/","logo":{"@type":"ImageObject","inLanguage":"pt-BR","@id":"https:\/\/www.empresaqui.com.br\/blog\/#\/schema\/logo\/image\/","url":"https:\/\/www.empresaqui.com.br\/blog\/wp-content\/uploads\/2023\/02\/cropped-cropped-AdminLTELogo-2-1-1.png","contentUrl":"https:\/\/www.empresaqui.com.br\/blog\/wp-content\/uploads\/2023\/02\/cropped-cropped-AdminLTELogo-2-1-1.png","width":100,"height":100,"caption":"EmpresAqui"},"image":{"@id":"https:\/\/www.empresaqui.com.br\/blog\/#\/schema\/logo\/image\/"},"sameAs":["https:\/\/www.facebook.com\/empresaquibr","https:\/\/www.instagram.com\/empresaqui"]},{"@type":"Person","@id":"https:\/\/www.empresaqui.com.br\/blog\/#\/schema\/person\/143604485ecb43926554432880c87570","name":"Jamille Rocha","image":{"@type":"ImageObject","inLanguage":"pt-BR","@id":"https:\/\/secure.gravatar.com\/avatar\/2f6b45baa44f90046c948f8af1f72e56c12a99f8d98da72b2bba204290c00022?s=96&d=mm&r=g","url":"https:\/\/secure.gravatar.com\/avatar\/2f6b45baa44f90046c948f8af1f72e56c12a99f8d98da72b2bba204290c00022?s=96&d=mm&r=g","contentUrl":"https:\/\/secure.gravatar.com\/avatar\/2f6b45baa44f90046c948f8af1f72e56c12a99f8d98da72b2bba204290c00022?s=96&d=mm&r=g","caption":"Jamille Rocha"},"description":"Jamille Rocha \u00e9 diretora de Marketing &amp; Growth e s\u00f3cia do EmpresAqui, plataforma de dados e intelig\u00eancia de mercado para prospec\u00e7\u00e3o B2B. Atua, com mais de 7 anos de experi\u00eancia, na interse\u00e7\u00e3o entre estrat\u00e9gia, dados e crescimento, liderando iniciativas de aquisi\u00e7\u00e3o e convers\u00e3o para empresas orientadas por dados.","url":"https:\/\/www.empresaqui.com.br\/blog\/author\/jamille-rocha-2\/"}]}},"uagb_featured_image_src":{"full":false,"thumbnail":false,"medium":false,"medium_large":false,"large":false,"1536x1536":false,"2048x2048":false},"uagb_author_info":{"display_name":"Jamille Rocha","author_link":"https:\/\/www.empresaqui.com.br\/blog\/author\/jamille-rocha-2\/"},"uagb_comment_info":0,"uagb_excerpt":"Relat\u00f3rio T\u00e9cnico | Fonte: Plataforma EmpresAqui Per\u00edodo: 01\/01\/2026 a 31\/03\/2026 O cen\u00e1rio do empreendedorismo brasileiro no in\u00edcio de 2026 \u00e9 [&hellip;]","_links":{"self":[{"href":"https:\/\/www.empresaqui.com.br\/blog\/wp-json\/wp\/v2\/noticias\/5611","targetHints":{"allow":["GET"]}}],"collection":[{"href":"https:\/\/www.empresaqui.com.br\/blog\/wp-json\/wp\/v2\/noticias"}],"about":[{"href":"https:\/\/www.empresaqui.com.br\/blog\/wp-json\/wp\/v2\/types\/noticias"}],"author":[{"embeddable":true,"href":"https:\/\/www.empresaqui.com.br\/blog\/wp-json\/wp\/v2\/users\/4"}],"replies":[{"embeddable":true,"href":"https:\/\/www.empresaqui.com.br\/blog\/wp-json\/wp\/v2\/comments?post=5611"}],"version-history":[{"count":6,"href":"https:\/\/www.empresaqui.com.br\/blog\/wp-json\/wp\/v2\/noticias\/5611\/revisions"}],"predecessor-version":[{"id":5631,"href":"https:\/\/www.empresaqui.com.br\/blog\/wp-json\/wp\/v2\/noticias\/5611\/revisions\/5631"}],"wp:attachment":[{"href":"https:\/\/www.empresaqui.com.br\/blog\/wp-json\/wp\/v2\/media?parent=5611"}],"curies":[{"name":"wp","href":"https:\/\/api.w.org\/{rel}","templated":true}]}}